{"id":843,"date":"2012-07-30T21:14:52","date_gmt":"2012-07-30T19:14:52","guid":{"rendered":"http:\/\/arteeluoghi.it\/index.php\/2012\/07\/30\/un-aperitivo-musicale-sui-binari-della-storia\/"},"modified":"2012-07-30T21:14:52","modified_gmt":"2012-07-30T19:14:52","slug":"un-aperitivo-musicale-sui-binari-della-storia","status":"publish","type":"post","link":"https:\/\/arteeluoghi.it\/index.php\/2012\/07\/30\/un-aperitivo-musicale-sui-binari-della-storia\/","title":{"rendered":"Un aperitivo musicale sui binari della storia"},"content":{"rendered":"<p><img src=\"\/images\/stories\/cesare dellanna_dg.jpg\" border=\"0\" title=\"Cesare Dell'Anna\" width=\"350\" style=\"margin: 21px; float: left;\" \/><\/p>\n<p>\u00a0<\/p>\n<p>La musica al museo: le domeniche d\u2019agosto a Lecce aperitivo e concerto jazz al Museo Ferroviario<\/p>\n<p style=\"text-align: left;\"><span style=\"font-size: small;\"><strong>Sui Binari del Jazz<\/strong><\/span><\/p>\n<p style=\"text-align: left;\">\u00a0<\/p>\n<p>\u00a0<\/p>\n<p>Che metta o che tolga distanza tra le persone e i luoghi, che allontani o che riporti da qualcuno, il treno ha da sempre esercitato un certo fascino e ispirato compositori, registi, cantautori che lo hanno eletto oggetto pregno di simbologia visiva e sonora.<\/p>\n<p>Con la rassegna \u201cSui binari del Jazz\u201d che si svolger\u00e0 per tre domeniche di seguito il 5, il 12 e il 19 agosto alle 21 presso il Museo Ferroviario di Lecce il connubio proposto \u00e8 tra il convoglio del miglior jazz e locomotive a vapore, carri e carrozze. Un aperitivo un po\u2019 \u201cfuori dal comune\u201d e \u201csui binari della storia\u201d.<\/p>\n<p><strong>Start alle ore 21 con un aperitivo<\/strong> durante il quale si potr\u00e0 visitare il Museo Ferroviario &#8211; in via Giuseppe Codacci Pisanelli, alle spalle della stazione, di fronte alle cave di Marco Vito \u2013 con le sue oltre 30 rotabili d&#8217;epoca, esposte all\u2019interno di due capannoni, uno costruito negli anni Venti e l\u2019altro negli anni Settanta, e sui binari esterni. <strong> <\/strong><\/p>\n<p><strong>Dalle 22 avranno luogo i concerti: domenica 5 agosto<\/strong> aprir\u00e0 la rassegna lo <strong>special quartet di Vito Di Modugno<\/strong>,\u00a0 tra i migliori organisti al mondo per lo storico magazine americano Down Beat che ogni anno dal 1934 segnala i migliori musicisti secondo pubblico e\u00a0 critica. Con Vito Di Modugno all\u2019organo Hammond ci saranno Michele Carrabba al sax tenore, Andrea Favatano alla chitarra e Francesco Pennetta alla batteria. Il <strong>12 agosto<\/strong> sar\u00e0 la volta di una coproduzione che vede protagonisti <strong>Cesare Dell&#8217;Anna e i musicisti di J.AS.S assieme ad Alberto Parmegiani nella rivisitazione del progetto di Dell\u2019Anna \u201cMyMiles<\/strong>. Con Cesare Dell&#8217;Anna alla tromba e Alberto Parmegiani alla chitarra saliranno sul palco del museo Roberto Gagliardi al sax soprano e clarinetto basso, Sandro Martella al sax tenore, Mauro Tre alle tastiere, Marco Bardoscia al Basso e Max Ingrosso alla batteria.<\/p>\n<p><strong>Il 19 agosto<\/strong>, in chiusura, la rassegna al Museo Ferroviario ospiter\u00e0 <strong>il trio del cantante e pianista<\/strong> <strong>Mario Rosini <\/strong>che insieme a Luca Alemanno al contrabbasso e Mimmo Campanale alla batteria disegner\u00e0 atmosfere al limite tra il jazz e la canzone. Mario, infatti, gi\u00e0 al Festival di Sanremo del 2004 si fece apprezzare anche dal grande pubblico televisivo, che lo premi\u00f2 con un importante secondo posto , grazie alla sua innegabile unicit\u00e0 vocale e alla sua facilit\u00e0 di passare dal jazz alla canzone. Fu il primo ad aprire una nuova strada ad altri importanti musicisti ed interpreti jazz di fama internazionale che dopo di lui si affacciarono allo stesso Festival per dialogare con il grande pubblico.<\/p>\n<p>  <!--more-->  <\/p>\n<p><img src=\"\/images\/stories\/vito di modugno_dg.jpg\" border=\"0\" title=\"Vito Di Modugno\" width=\"350\" style=\"float: right; margin: 21px;\" \/>La rassegna \u201cSui Binari Del Jazz\u201d \u00e8 a cura dell&#8217;Associazione J.AS.S (Jazzisti Associati Salentini) in coproduzione con l&#8217;etichetta 11-8 Records, con il patrocinio dell&#8217;Amministrazione Comunale di Lecce.<\/p>\n<p>\u00a0<\/p>\n<p><strong>Per info 328.9609886<\/strong><\/p>\n<p><strong>Ingresso \u20ac 7 posto a sedere &#8211; \u20ac 10 posto a sedere al tavolo <\/strong><\/p>\n<hr \/>\n<p><strong>BIO<\/strong><\/p>\n<p><strong>Vito Di Modugno<\/strong><\/p>\n<p>Ha intrapreso giovanissimo gli studi musicali sotto la guida del padre (Pino Di Modugno noto fisarmonicista) studiando pianoforte, organo, basso elettrico e contrabbasso.<br \/> Si \u00e8 diplomato in seguito in pianoforte e in musica jazz.<br \/> Nel 2003 \u00e8 stato eletto tra i migliori nuovi talenti nel referendum \u201cTop Jazz\u201d indetto dalla rivista \u201cMusica Jazz\u201d, ed \u00e8 vincitore del \u201cJazzit Awards 2011\u201d come miglior organista italiano.<br \/> Ha suonato come solista con l\u2019Orchestra Sinfonica \u201cArturo Toscanini\u201d di Parma diretta dal M\u00b0 Beppe D\u2019Onghia, interpretando il concerto per gruppo e orchestra sinfonica dei Deep Purple composto dall\u2019organista Jon Lord.<br \/> Incide per la \u201cRed Records\u201d realizzando produzioni discografiche che vedono la collaborazione di musicisti come Jerry Bergonzi, Fabrizio Bosso, Fabio Morgera, Pietro Condorelli, Sandro Gibellini, Massimo Manzi, Pino Di Modugno, Michele Carrabba, Stefano D\u2019Anna, ecc.<\/p>\n<p align=\"center\">\u00a0<\/p>\n<p><strong>Cesare Dell&#8217;Anna<\/strong> lavorava a un progetto su Miles Davis. Ambizioso forse, ma il funambolico trombettista pugliese non si spaventa davanti ai mostri sacri, si butta sull&#8217;idea, la mastica, la metabolizza, e la realizza splendidamente. &#8220;My Miles&#8221; \u00e8 titolo che descrive esattamente questo bellissimo lavoro. Non si tratta, infatti, di una mera riproposizione di melodie di Davis, ma piuttosto di un tentativo di recuperare gli insegnamenti, lo stile, la fantasia, la sregolatezza del geniale musicista nero, e di farli propri. Il risultato \u00e8 un progetto carico di creativit\u00e0, di improvvisazione, di mancanza di filo logico-melodico. E per\u00f2 anche di armonia, che lascia la sensazione che tutto sia al posto giusto nonostante, in realt\u00e0, ogni cosa sia al posto sbagliato. E allora, strumenti, tecniche e suoni moderni si integrano con sonorit\u00e0 molto ritmate, contaminate dall&#8217;elettronica, con componenti funk, toni jazz, con la dolcezza sognatrice della splendida tromba in sordina di Dell&#8217;Anna, questa volta affiancato dalla chitarra di <strong>Alberto Parmegiani<\/strong> L&#8217;impressione che lascia l&#8217;ascolto di questo album \u00e8 che oggi, forse, Miles Davis avrebbe suonato proprio cos\u00ec&#8230;<\/p>\n<p><strong> <\/strong><\/p>\n<p>\u00a0<\/p>\n<p><strong><img src=\"\/images\/stories\/mario rosini.jpg\" border=\"0\" title=\"Mario Rosini\" width=\"400\" style=\"float: left; margin: 21px;\" \/>Mario Rosini<\/strong><\/p>\n<p>Da sempre appassionato alla musica ed al canto, fin da bambino partecipa a diverse manifestazioni canore pugliesi come membro del Duo Rosini, assieme al fratello Gianni; i due partecipano al &#8220;Cantapuglia&#8221; 1976 (vincendo la manifestazione) ed al\u00a0<a href=\"http:\/\/it.wikipedia.org\/wiki\/Cantagiro\">Cantagiro<\/a> 1980. Fino al 1984 ha frequentato il Conservatorio &#8220;N. Piccinni&#8221; di\u00a0<a href=\"http:\/\/it.wikipedia.org\/wiki\/Bari\">Bari<\/a>, studiandovi per 7 anni, prima di partire per Milano ed intraprendere la carriera da solista.<\/p>\n<p>\u00c8 un musicista molto versatile che si \u00e8 esibito in vari generi:\u00a0<a href=\"http:\/\/it.wikipedia.org\/wiki\/Pop\">Pop<\/a>,\u00a0<a href=\"http:\/\/it.wikipedia.org\/wiki\/Funk\">Funk<\/a>,\u00a0<a href=\"http:\/\/it.wikipedia.org\/wiki\/Hip_Hop\">Hip Hop<\/a>,\u00a0<a href=\"http:\/\/it.wikipedia.org\/wiki\/Jazz\">Jazz<\/a>,\u00a0<a href=\"http:\/\/it.wikipedia.org\/wiki\/New_Age\">New Age<\/a> e\u00a0<a href=\"http:\/\/it.wikipedia.org\/wiki\/Musica_Sacra\">Musica Sacra<\/a>. Ha collaborato con artisti del calibro di\u00a0<a href=\"http:\/\/it.wikipedia.org\/wiki\/Rossana_Casale\">Rossana Casale<\/a> e\u00a0<a href=\"http:\/\/it.wikipedia.org\/w\/index.php?title=Mick_Goodrick&amp;action=edit&amp;redlink=1\">Mick Goodrick<\/a>. Tra gli anni ottanta e novanta ha partecipato ai tour musicali di\u00a0<a href=\"http:\/\/it.wikipedia.org\/wiki\/Anna_Oxa\">Anna Oxa<\/a>,\u00a0<a href=\"http:\/\/it.wikipedia.org\/wiki\/Grazia_Di_Michele\">Grazia Di Michele<\/a>,\u00a0<a href=\"http:\/\/it.wikipedia.org\/wiki\/Mia_Martini\">Mia Martini<\/a>,\u00a0<a href=\"http:\/\/it.wikipedia.org\/wiki\/Rossana_Casale\">Rossana Casale<\/a> e\u00a0<a href=\"http:\/\/it.wikipedia.org\/wiki\/Tosca_%28cantante%29\">Tosca<\/a>,<\/p>\n<p>Dopo aver ottenuto un contratto con la\u00a0<a href=\"http:\/\/it.wikipedia.org\/w\/index.php?title=Caf%8F_Concerto&amp;action=edit&amp;redlink=1\">Caf\u00e8 Concerto<\/a>, casa discografica fondata da\u00a0<a href=\"http:\/\/it.wikipedia.org\/wiki\/Federico_Monti_Arduini\">Federico Monti Arduini<\/a>, nel\u00a0<a href=\"http:\/\/it.wikipedia.org\/wiki\/2004\">2004<\/a> partecipa in gara al\u00a0<a href=\"http:\/\/it.wikipedia.org\/wiki\/Festival_di_Sanremo_2004\">Festival di Sanremo<\/a> con il brano\u00a0<em>Sei la vita mia<\/em> ed arriva al secondo posto, alle spalle del vincitore\u00a0<a href=\"http:\/\/it.wikipedia.org\/wiki\/Marco_Masini\">Marco Masini<\/a>; nella stessa kermesse sanremese arriva terzo nella classifica del Premio della Critica \u201cMia Martini\u201c.<\/p>\n<p>Nella stagione 2007\/\u201d08 \u00e8 a Rai Due Michele Bovi, esperto e conoscitore dell\u2019universo musicale italiano ed internazionale che dopo aver scoperto le capacit\u00e0 di creare in estemporanea, lo ha voluto nella sua rubrica Tg2 Punto.it, esprimendo tutto il suo estro di interprete ed arrangiatore eseguendo improvvisazioni di famosissimi brani che hanno fatto la storia della canzone italiana Attualmente \u00e8 docente presso il Conservatorio Paisiello di\u00a0<a href=\"http:\/\/it.wikipedia.org\/wiki\/Taranto\">Taranto<\/a> dove detiene la cattedra di Canto Jazz.<\/p>\n<p>Dal 2008 ricopre l\u2019incarico di Presidente della Commissione Artistica del &#8220;Premio Mia Martini&#8221;.<\/p>\n<p>\u00a0<\/p>\n<p>(fonte: comunicato stampa)<\/p>\n","protected":false},"excerpt":{"rendered":"<p>\u00a0 La musica al museo: le domeniche d\u2019agosto a Lecce aperitivo e concerto jazz al Museo Ferroviario Sui Binari del<\/p>\n","protected":false},"author":1,"featured_media":0,"comment_status":"open","ping_status":"open","sticky":false,"template":"","format":"standard","meta":[],"categories":[12],"tags":[],"yoast_head":"<!-- This site is optimized with the Yoast SEO plugin v18.0 - https:\/\/yoast.com\/wordpress\/plugins\/seo\/ -->\n<title>Un aperitivo musicale sui binari della storia | Arte e Luoghi<\/title>\n<meta name=\"robots\" content=\"index, follow, max-snippet:-1, max-image-preview:large, max-video-preview:-1\" \/>\n<link rel=\"canonical\" href=\"https:\/\/arteeluoghi.it\/index.php\/2012\/07\/30\/un-aperitivo-musicale-sui-binari-della-storia\/\" \/>\n<meta property=\"og:locale\" content=\"it_IT\" \/>\n<meta property=\"og:type\" content=\"article\" \/>\n<meta property=\"og:title\" content=\"Un aperitivo musicale sui binari della storia | Arte e Luoghi\" \/>\n<meta property=\"og:description\" content=\"\u00a0 La musica al museo: le domeniche d\u2019agosto a Lecce aperitivo e concerto jazz al Museo Ferroviario Sui Binari del\" \/>\n<meta property=\"og:url\" content=\"https:\/\/arteeluoghi.it\/index.php\/2012\/07\/30\/un-aperitivo-musicale-sui-binari-della-storia\/\" \/>\n<meta property=\"og:site_name\" content=\"Arte e Luoghi\" \/>\n<meta property=\"article:publisher\" content=\"https:\/\/www.facebook.com\/ArteELuoghi\/\" \/>\n<meta property=\"article:published_time\" content=\"2012-07-30T19:14:52+00:00\" \/>\n<meta property=\"og:image\" content=\"https:\/\/arteeluoghi.it\/images\/stories\/cesare%20dellanna_dg.jpg\" \/>\n<meta name=\"twitter:card\" content=\"summary\" \/>\n<meta name=\"twitter:creator\" content=\"@arteeluoghi\" \/>\n<meta name=\"twitter:site\" content=\"@arteeluoghi\" \/>\n<meta name=\"twitter:label1\" content=\"Scritto da\" \/>\n\t<meta name=\"twitter:data1\" content=\"Staff\" \/>\n\t<meta name=\"twitter:label2\" content=\"Tempo di lettura stimato\" \/>\n\t<meta name=\"twitter:data2\" content=\"5 minuti\" \/>\n<script type=\"application\/ld+json\" class=\"yoast-schema-graph\">{\"@context\":\"https:\/\/schema.org\",\"@graph\":[{\"@type\":\"Organization\",\"@id\":\"https:\/\/arteeluoghi.it\/#organization\",\"name\":\"Arte e Luoghi\",\"url\":\"https:\/\/arteeluoghi.it\/\",\"sameAs\":[\"https:\/\/www.facebook.com\/ArteELuoghi\/\",\"https:\/\/www.instagram.com\/arteeluoghi\/?hl=it\",\"https:\/\/www.youtube.com\/channel\/UCuRVc4JW4-C5sg9rQB-srkw?view_as=subscriber\",\"https:\/\/twitter.com\/arteeluoghi\"],\"logo\":{\"@type\":\"ImageObject\",\"@id\":\"https:\/\/arteeluoghi.it\/#logo\",\"inLanguage\":\"it-IT\",\"url\":\"https:\/\/arteeluoghi.it\/wp-content\/uploads\/2018\/08\/logoinstagramarte.jpg\",\"contentUrl\":\"https:\/\/arteeluoghi.it\/wp-content\/uploads\/2018\/08\/logoinstagramarte.jpg\",\"width\":150,\"height\":150,\"caption\":\"Arte e Luoghi\"},\"image\":{\"@id\":\"https:\/\/arteeluoghi.it\/#logo\"}},{\"@type\":\"WebSite\",\"@id\":\"https:\/\/arteeluoghi.it\/#website\",\"url\":\"https:\/\/arteeluoghi.it\/\",\"name\":\"Arte e Luoghi\",\"description\":\"Mensile di arte, cultura, turismo e curiosit\u00e0\",\"publisher\":{\"@id\":\"https:\/\/arteeluoghi.it\/#organization\"},\"potentialAction\":[{\"@type\":\"SearchAction\",\"target\":{\"@type\":\"EntryPoint\",\"urlTemplate\":\"https:\/\/arteeluoghi.it\/?s={search_term_string}\"},\"query-input\":\"required name=search_term_string\"}],\"inLanguage\":\"it-IT\"},{\"@type\":\"ImageObject\",\"@id\":\"https:\/\/arteeluoghi.it\/index.php\/2012\/07\/30\/un-aperitivo-musicale-sui-binari-della-storia\/#primaryimage\",\"inLanguage\":\"it-IT\",\"url\":\"\/images\/stories\/cesare dellanna_dg.jpg\",\"contentUrl\":\"\/images\/stories\/cesare dellanna_dg.jpg\"},{\"@type\":\"WebPage\",\"@id\":\"https:\/\/arteeluoghi.it\/index.php\/2012\/07\/30\/un-aperitivo-musicale-sui-binari-della-storia\/#webpage\",\"url\":\"https:\/\/arteeluoghi.it\/index.php\/2012\/07\/30\/un-aperitivo-musicale-sui-binari-della-storia\/\",\"name\":\"Un aperitivo musicale sui binari della storia | Arte e Luoghi\",\"isPartOf\":{\"@id\":\"https:\/\/arteeluoghi.it\/#website\"},\"primaryImageOfPage\":{\"@id\":\"https:\/\/arteeluoghi.it\/index.php\/2012\/07\/30\/un-aperitivo-musicale-sui-binari-della-storia\/#primaryimage\"},\"datePublished\":\"2012-07-30T19:14:52+00:00\",\"dateModified\":\"2012-07-30T19:14:52+00:00\",\"breadcrumb\":{\"@id\":\"https:\/\/arteeluoghi.it\/index.php\/2012\/07\/30\/un-aperitivo-musicale-sui-binari-della-storia\/#breadcrumb\"},\"inLanguage\":\"it-IT\",\"potentialAction\":[{\"@type\":\"ReadAction\",\"target\":[\"https:\/\/arteeluoghi.it\/index.php\/2012\/07\/30\/un-aperitivo-musicale-sui-binari-della-storia\/\"]}]},{\"@type\":\"BreadcrumbList\",\"@id\":\"https:\/\/arteeluoghi.it\/index.php\/2012\/07\/30\/un-aperitivo-musicale-sui-binari-della-storia\/#breadcrumb\",\"itemListElement\":[{\"@type\":\"ListItem\",\"position\":1,\"name\":\"Home\",\"item\":\"https:\/\/arteeluoghi.it\/\"},{\"@type\":\"ListItem\",\"position\":2,\"name\":\"Un aperitivo musicale sui binari della storia\"}]},{\"@type\":\"Article\",\"@id\":\"https:\/\/arteeluoghi.it\/index.php\/2012\/07\/30\/un-aperitivo-musicale-sui-binari-della-storia\/#article\",\"isPartOf\":{\"@id\":\"https:\/\/arteeluoghi.it\/index.php\/2012\/07\/30\/un-aperitivo-musicale-sui-binari-della-storia\/#webpage\"},\"author\":{\"@id\":\"https:\/\/arteeluoghi.it\/#\/schema\/person\/f84e814e36e91e01448ee07eaadd41d4\"},\"headline\":\"Un aperitivo musicale sui binari della storia\",\"datePublished\":\"2012-07-30T19:14:52+00:00\",\"dateModified\":\"2012-07-30T19:14:52+00:00\",\"mainEntityOfPage\":{\"@id\":\"https:\/\/arteeluoghi.it\/index.php\/2012\/07\/30\/un-aperitivo-musicale-sui-binari-della-storia\/#webpage\"},\"wordCount\":1043,\"commentCount\":0,\"publisher\":{\"@id\":\"https:\/\/arteeluoghi.it\/#organization\"},\"image\":{\"@id\":\"https:\/\/arteeluoghi.it\/index.php\/2012\/07\/30\/un-aperitivo-musicale-sui-binari-della-storia\/#primaryimage\"},\"thumbnailUrl\":\"\/images\/stories\/cesare dellanna_dg.jpg\",\"articleSection\":[\"MUSICA\"],\"inLanguage\":\"it-IT\",\"potentialAction\":[{\"@type\":\"CommentAction\",\"name\":\"Comment\",\"target\":[\"https:\/\/arteeluoghi.it\/index.php\/2012\/07\/30\/un-aperitivo-musicale-sui-binari-della-storia\/#respond\"]}]},{\"@type\":\"Person\",\"@id\":\"https:\/\/arteeluoghi.it\/#\/schema\/person\/f84e814e36e91e01448ee07eaadd41d4\",\"name\":\"Staff\",\"image\":{\"@type\":\"ImageObject\",\"@id\":\"https:\/\/arteeluoghi.it\/#personlogo\",\"inLanguage\":\"it-IT\",\"url\":\"https:\/\/secure.gravatar.com\/avatar\/49d2f9e46271bb04e19cebfaf141313a?s=96&d=blank&r=g\",\"contentUrl\":\"https:\/\/secure.gravatar.com\/avatar\/49d2f9e46271bb04e19cebfaf141313a?s=96&d=blank&r=g\",\"caption\":\"Staff\"}}]}<\/script>\n<!-- \/ Yoast SEO plugin. -->","yoast_head_json":{"title":"Un aperitivo musicale sui binari della storia | Arte e Luoghi","robots":{"index":"index","follow":"follow","max-snippet":"max-snippet:-1","max-image-preview":"max-image-preview:large","max-video-preview":"max-video-preview:-1"},"canonical":"https:\/\/arteeluoghi.it\/index.php\/2012\/07\/30\/un-aperitivo-musicale-sui-binari-della-storia\/","og_locale":"it_IT","og_type":"article","og_title":"Un aperitivo musicale sui binari della storia | Arte e Luoghi","og_description":"\u00a0 La musica al museo: le domeniche d\u2019agosto a Lecce aperitivo e concerto jazz al Museo Ferroviario Sui Binari del","og_url":"https:\/\/arteeluoghi.it\/index.php\/2012\/07\/30\/un-aperitivo-musicale-sui-binari-della-storia\/","og_site_name":"Arte e Luoghi","article_publisher":"https:\/\/www.facebook.com\/ArteELuoghi\/","article_published_time":"2012-07-30T19:14:52+00:00","og_image":[{"url":"https:\/\/arteeluoghi.it\/images\/stories\/cesare dellanna_dg.jpg"}],"twitter_card":"summary","twitter_creator":"@arteeluoghi","twitter_site":"@arteeluoghi","twitter_misc":{"Scritto da":"Staff","Tempo di lettura stimato":"5 minuti"},"schema":{"@context":"https:\/\/schema.org","@graph":[{"@type":"Organization","@id":"https:\/\/arteeluoghi.it\/#organization","name":"Arte e Luoghi","url":"https:\/\/arteeluoghi.it\/","sameAs":["https:\/\/www.facebook.com\/ArteELuoghi\/","https:\/\/www.instagram.com\/arteeluoghi\/?hl=it","https:\/\/www.youtube.com\/channel\/UCuRVc4JW4-C5sg9rQB-srkw?view_as=subscriber","https:\/\/twitter.com\/arteeluoghi"],"logo":{"@type":"ImageObject","@id":"https:\/\/arteeluoghi.it\/#logo","inLanguage":"it-IT","url":"https:\/\/arteeluoghi.it\/wp-content\/uploads\/2018\/08\/logoinstagramarte.jpg","contentUrl":"https:\/\/arteeluoghi.it\/wp-content\/uploads\/2018\/08\/logoinstagramarte.jpg","width":150,"height":150,"caption":"Arte e Luoghi"},"image":{"@id":"https:\/\/arteeluoghi.it\/#logo"}},{"@type":"WebSite","@id":"https:\/\/arteeluoghi.it\/#website","url":"https:\/\/arteeluoghi.it\/","name":"Arte e Luoghi","description":"Mensile di arte, cultura, turismo e curiosit\u00e0","publisher":{"@id":"https:\/\/arteeluoghi.it\/#organization"},"potentialAction":[{"@type":"SearchAction","target":{"@type":"EntryPoint","urlTemplate":"https:\/\/arteeluoghi.it\/?s={search_term_string}"},"query-input":"required name=search_term_string"}],"inLanguage":"it-IT"},{"@type":"ImageObject","@id":"https:\/\/arteeluoghi.it\/index.php\/2012\/07\/30\/un-aperitivo-musicale-sui-binari-della-storia\/#primaryimage","inLanguage":"it-IT","url":"\/images\/stories\/cesare dellanna_dg.jpg","contentUrl":"\/images\/stories\/cesare dellanna_dg.jpg"},{"@type":"WebPage","@id":"https:\/\/arteeluoghi.it\/index.php\/2012\/07\/30\/un-aperitivo-musicale-sui-binari-della-storia\/#webpage","url":"https:\/\/arteeluoghi.it\/index.php\/2012\/07\/30\/un-aperitivo-musicale-sui-binari-della-storia\/","name":"Un aperitivo musicale sui binari della storia | Arte e Luoghi","isPartOf":{"@id":"https:\/\/arteeluoghi.it\/#website"},"primaryImageOfPage":{"@id":"https:\/\/arteeluoghi.it\/index.php\/2012\/07\/30\/un-aperitivo-musicale-sui-binari-della-storia\/#primaryimage"},"datePublished":"2012-07-30T19:14:52+00:00","dateModified":"2012-07-30T19:14:52+00:00","breadcrumb":{"@id":"https:\/\/arteeluoghi.it\/index.php\/2012\/07\/30\/un-aperitivo-musicale-sui-binari-della-storia\/#breadcrumb"},"inLanguage":"it-IT","potentialAction":[{"@type":"ReadAction","target":["https:\/\/arteeluoghi.it\/index.php\/2012\/07\/30\/un-aperitivo-musicale-sui-binari-della-storia\/"]}]},{"@type":"BreadcrumbList","@id":"https:\/\/arteeluoghi.it\/index.php\/2012\/07\/30\/un-aperitivo-musicale-sui-binari-della-storia\/#breadcrumb","itemListElement":[{"@type":"ListItem","position":1,"name":"Home","item":"https:\/\/arteeluoghi.it\/"},{"@type":"ListItem","position":2,"name":"Un aperitivo musicale sui binari della storia"}]},{"@type":"Article","@id":"https:\/\/arteeluoghi.it\/index.php\/2012\/07\/30\/un-aperitivo-musicale-sui-binari-della-storia\/#article","isPartOf":{"@id":"https:\/\/arteeluoghi.it\/index.php\/2012\/07\/30\/un-aperitivo-musicale-sui-binari-della-storia\/#webpage"},"author":{"@id":"https:\/\/arteeluoghi.it\/#\/schema\/person\/f84e814e36e91e01448ee07eaadd41d4"},"headline":"Un aperitivo musicale sui binari della storia","datePublished":"2012-07-30T19:14:52+00:00","dateModified":"2012-07-30T19:14:52+00:00","mainEntityOfPage":{"@id":"https:\/\/arteeluoghi.it\/index.php\/2012\/07\/30\/un-aperitivo-musicale-sui-binari-della-storia\/#webpage"},"wordCount":1043,"commentCount":0,"publisher":{"@id":"https:\/\/arteeluoghi.it\/#organization"},"image":{"@id":"https:\/\/arteeluoghi.it\/index.php\/2012\/07\/30\/un-aperitivo-musicale-sui-binari-della-storia\/#primaryimage"},"thumbnailUrl":"\/images\/stories\/cesare dellanna_dg.jpg","articleSection":["MUSICA"],"inLanguage":"it-IT","potentialAction":[{"@type":"CommentAction","name":"Comment","target":["https:\/\/arteeluoghi.it\/index.php\/2012\/07\/30\/un-aperitivo-musicale-sui-binari-della-storia\/#respond"]}]},{"@type":"Person","@id":"https:\/\/arteeluoghi.it\/#\/schema\/person\/f84e814e36e91e01448ee07eaadd41d4","name":"Staff","image":{"@type":"ImageObject","@id":"https:\/\/arteeluoghi.it\/#personlogo","inLanguage":"it-IT","url":"https:\/\/secure.gravatar.com\/avatar\/49d2f9e46271bb04e19cebfaf141313a?s=96&d=blank&r=g","contentUrl":"https:\/\/secure.gravatar.com\/avatar\/49d2f9e46271bb04e19cebfaf141313a?s=96&d=blank&r=g","caption":"Staff"}}]}},"_links":{"self":[{"href":"https:\/\/arteeluoghi.it\/index.php\/wp-json\/wp\/v2\/posts\/843"}],"collection":[{"href":"https:\/\/arteeluoghi.it\/index.php\/wp-json\/wp\/v2\/posts"}],"about":[{"href":"https:\/\/arteeluoghi.it\/index.php\/wp-json\/wp\/v2\/types\/post"}],"author":[{"embeddable":true,"href":"https:\/\/arteeluoghi.it\/index.php\/wp-json\/wp\/v2\/users\/1"}],"replies":[{"embeddable":true,"href":"https:\/\/arteeluoghi.it\/index.php\/wp-json\/wp\/v2\/comments?post=843"}],"version-history":[{"count":0,"href":"https:\/\/arteeluoghi.it\/index.php\/wp-json\/wp\/v2\/posts\/843\/revisions"}],"wp:attachment":[{"href":"https:\/\/arteeluoghi.it\/index.php\/wp-json\/wp\/v2\/media?parent=843"}],"wp:term":[{"taxonomy":"category","embeddable":true,"href":"https:\/\/arteeluoghi.it\/index.php\/wp-json\/wp\/v2\/categories?post=843"},{"taxonomy":"post_tag","embeddable":true,"href":"https:\/\/arteeluoghi.it\/index.php\/wp-json\/wp\/v2\/tags?post=843"}],"curies":[{"name":"wp","href":"https:\/\/api.w.org\/{rel}","templated":true}]}}