{"id":8435,"date":"2020-06-01T22:00:37","date_gmt":"2020-06-01T20:00:37","guid":{"rendered":"https:\/\/arteeluoghi.it\/?p=8435"},"modified":"2020-06-20T22:06:41","modified_gmt":"2020-06-20T20:06:41","slug":"linfiorata-di-noto-ai-tempi-del-covid-19","status":"publish","type":"post","link":"https:\/\/arteeluoghi.it\/index.php\/2020\/06\/01\/linfiorata-di-noto-ai-tempi-del-covid-19\/","title":{"rendered":"L\u2019infiorata di Noto ai tempi del Covid-19"},"content":{"rendered":"\n<blockquote class=\"wp-block-quote\"><p>Quarantuno Primavere per la famosa manifestazione nella capitale del barocco siciliano patrimonio Unesco e perla della Sicilia<\/p><cite>Dario Bottaro<\/cite><\/blockquote>\n\n\n\n<p>Il virus che da mesi ci perseguita e che ci ha costretti a cambiare abitudini e ci ha tenuti distanti per lungo tempo, troppo tempo, non \u00e8 stato capace di fermare la Bellezza. E\u2019 successo a Noto, citt\u00e0 patrimonio Unesco, perla della Sicilia e capitale mondiale del Barocco. Il Covid-19 non ha fermato la Bellezza, non ha impedito che la manifestazione pi\u00f9 importante di Noto e della provincia di Siracusa, venisse bloccata. Non \u00e8 successo. Anche se in forma ridotta e senza nessun pubblico, l\u2019Infiorata \u00e8 stata fatta e Noto ha salutato degnamente la primavera anche nel 2020, nella sua quarantunesima edizione. <\/p>\n\n\n\n<!--more-->\n\n\n\n<ul class=\"wp-block-gallery columns-3 is-cropped\"><li class=\"blocks-gallery-item\"><figure><img loading=\"lazy\" width=\"1024\" height=\"768\" src=\"https:\/\/arteeluoghi.it\/wp-content\/uploads\/2020\/06\/image-18-05-20-02-50-5-1024x768.jpeg\" alt=\"\" data-id=\"8443\" data-link=\"https:\/\/arteeluoghi.it\/?attachment_id=8443\" class=\"wp-image-8443\" srcset=\"https:\/\/arteeluoghi.it\/wp-content\/uploads\/2020\/06\/image-18-05-20-02-50-5-1024x768.jpeg 1024w, https:\/\/arteeluoghi.it\/wp-content\/uploads\/2020\/06\/image-18-05-20-02-50-5-300x225.jpeg 300w, https:\/\/arteeluoghi.it\/wp-content\/uploads\/2020\/06\/image-18-05-20-02-50-5-768x576.jpeg 768w, https:\/\/arteeluoghi.it\/wp-content\/uploads\/2020\/06\/image-18-05-20-02-50-5.jpeg 1920w\" sizes=\"(max-width: 1024px) 100vw, 1024px\" \/><\/figure><\/li><li class=\"blocks-gallery-item\"><figure><img loading=\"lazy\" width=\"768\" height=\"1024\" src=\"https:\/\/arteeluoghi.it\/wp-content\/uploads\/2020\/06\/image-18-05-20-02-48-2-768x1024.jpeg\" alt=\"\" data-id=\"8442\" data-link=\"https:\/\/arteeluoghi.it\/?attachment_id=8442\" class=\"wp-image-8442\" srcset=\"https:\/\/arteeluoghi.it\/wp-content\/uploads\/2020\/06\/image-18-05-20-02-48-2-768x1024.jpeg 768w, https:\/\/arteeluoghi.it\/wp-content\/uploads\/2020\/06\/image-18-05-20-02-48-2-225x300.jpeg 225w, https:\/\/arteeluoghi.it\/wp-content\/uploads\/2020\/06\/image-18-05-20-02-48-2.jpeg 1440w\" sizes=\"(max-width: 768px) 100vw, 768px\" \/><\/figure><\/li><li class=\"blocks-gallery-item\"><figure><img loading=\"lazy\" width=\"1024\" height=\"768\" src=\"https:\/\/arteeluoghi.it\/wp-content\/uploads\/2020\/06\/image-18-05-20-02-48-1-1024x768.jpeg\" alt=\"\" data-id=\"8441\" data-link=\"https:\/\/arteeluoghi.it\/?attachment_id=8441\" class=\"wp-image-8441\" srcset=\"https:\/\/arteeluoghi.it\/wp-content\/uploads\/2020\/06\/image-18-05-20-02-48-1-1024x768.jpeg 1024w, https:\/\/arteeluoghi.it\/wp-content\/uploads\/2020\/06\/image-18-05-20-02-48-1-300x225.jpeg 300w, https:\/\/arteeluoghi.it\/wp-content\/uploads\/2020\/06\/image-18-05-20-02-48-1-768x576.jpeg 768w, https:\/\/arteeluoghi.it\/wp-content\/uploads\/2020\/06\/image-18-05-20-02-48-1.jpeg 1920w\" sizes=\"(max-width: 1024px) 100vw, 1024px\" \/><\/figure><\/li><li class=\"blocks-gallery-item\"><figure><img loading=\"lazy\" width=\"1024\" height=\"768\" src=\"https:\/\/arteeluoghi.it\/wp-content\/uploads\/2020\/06\/image-18-05-20-02-46-2-1024x768.jpeg\" alt=\"\" data-id=\"8440\" data-link=\"https:\/\/arteeluoghi.it\/?attachment_id=8440\" class=\"wp-image-8440\" srcset=\"https:\/\/arteeluoghi.it\/wp-content\/uploads\/2020\/06\/image-18-05-20-02-46-2-1024x768.jpeg 1024w, https:\/\/arteeluoghi.it\/wp-content\/uploads\/2020\/06\/image-18-05-20-02-46-2-300x225.jpeg 300w, https:\/\/arteeluoghi.it\/wp-content\/uploads\/2020\/06\/image-18-05-20-02-46-2-768x576.jpeg 768w, https:\/\/arteeluoghi.it\/wp-content\/uploads\/2020\/06\/image-18-05-20-02-46-2.jpeg 1600w\" sizes=\"(max-width: 1024px) 100vw, 1024px\" \/><\/figure><\/li><li class=\"blocks-gallery-item\"><figure><img loading=\"lazy\" width=\"795\" height=\"1024\" src=\"https:\/\/arteeluoghi.it\/wp-content\/uploads\/2020\/06\/image-18-05-20-02-46-1-795x1024.jpeg\" alt=\"\" data-id=\"8439\" data-link=\"https:\/\/arteeluoghi.it\/?attachment_id=8439\" class=\"wp-image-8439\" srcset=\"https:\/\/arteeluoghi.it\/wp-content\/uploads\/2020\/06\/image-18-05-20-02-46-1-795x1024.jpeg 795w, https:\/\/arteeluoghi.it\/wp-content\/uploads\/2020\/06\/image-18-05-20-02-46-1-233x300.jpeg 233w, https:\/\/arteeluoghi.it\/wp-content\/uploads\/2020\/06\/image-18-05-20-02-46-1-768x990.jpeg 768w, https:\/\/arteeluoghi.it\/wp-content\/uploads\/2020\/06\/image-18-05-20-02-46-1.jpeg 1078w\" sizes=\"(max-width: 795px) 100vw, 795px\" \/><\/figure><\/li><li class=\"blocks-gallery-item\"><figure><img loading=\"lazy\" width=\"1024\" height=\"769\" src=\"https:\/\/arteeluoghi.it\/wp-content\/uploads\/2020\/06\/image-18-05-20-02-44-1024x769.jpeg\" alt=\"\" data-id=\"8438\" data-link=\"https:\/\/arteeluoghi.it\/?attachment_id=8438\" class=\"wp-image-8438\" srcset=\"https:\/\/arteeluoghi.it\/wp-content\/uploads\/2020\/06\/image-18-05-20-02-44-1024x769.jpeg 1024w, https:\/\/arteeluoghi.it\/wp-content\/uploads\/2020\/06\/image-18-05-20-02-44-300x225.jpeg 300w, https:\/\/arteeluoghi.it\/wp-content\/uploads\/2020\/06\/image-18-05-20-02-44-768x577.jpeg 768w\" sizes=\"(max-width: 1024px) 100vw, 1024px\" \/><\/figure><\/li><li class=\"blocks-gallery-item\"><figure><img loading=\"lazy\" width=\"1024\" height=\"769\" src=\"https:\/\/arteeluoghi.it\/wp-content\/uploads\/2020\/06\/image-18-05-20-02-44-2-1024x769.jpeg\" alt=\"\" data-id=\"8437\" data-link=\"https:\/\/arteeluoghi.it\/?attachment_id=8437\" class=\"wp-image-8437\" srcset=\"https:\/\/arteeluoghi.it\/wp-content\/uploads\/2020\/06\/image-18-05-20-02-44-2-1024x769.jpeg 1024w, https:\/\/arteeluoghi.it\/wp-content\/uploads\/2020\/06\/image-18-05-20-02-44-2-300x225.jpeg 300w, https:\/\/arteeluoghi.it\/wp-content\/uploads\/2020\/06\/image-18-05-20-02-44-2-768x577.jpeg 768w\" sizes=\"(max-width: 1024px) 100vw, 1024px\" \/><\/figure><\/li><li class=\"blocks-gallery-item\"><figure><img loading=\"lazy\" width=\"1024\" height=\"768\" src=\"https:\/\/arteeluoghi.it\/wp-content\/uploads\/2020\/06\/image-18-05-20-02-44-1-1024x768.jpeg\" alt=\"\" data-id=\"8436\" data-link=\"https:\/\/arteeluoghi.it\/?attachment_id=8436\" class=\"wp-image-8436\" srcset=\"https:\/\/arteeluoghi.it\/wp-content\/uploads\/2020\/06\/image-18-05-20-02-44-1-1024x768.jpeg 1024w, https:\/\/arteeluoghi.it\/wp-content\/uploads\/2020\/06\/image-18-05-20-02-44-1-300x225.jpeg 300w, https:\/\/arteeluoghi.it\/wp-content\/uploads\/2020\/06\/image-18-05-20-02-44-1-768x576.jpeg 768w, https:\/\/arteeluoghi.it\/wp-content\/uploads\/2020\/06\/image-18-05-20-02-44-1.jpeg 1600w\" sizes=\"(max-width: 1024px) 100vw, 1024px\" \/><\/figure><\/li><\/ul>\n\n\n\n<p>E\u2019 stata certamente un\u2019edizione speciale, quella che ha visto coinvolte alcune delle associazioni di infioratori che a Noto, ogni anno, danno vita all\u2019espressione della bellezza  per eccellenza, ricoprendo con un tappeto di fiori una delle strade pi\u00f9 importanti della citt\u00e0, nel cuore del centro storico, a pochi passi dalla splendida Cattedrale. E\u2019 la Via Nicolaci, la strada sulla quale si affaccia il Palazzo del principe Nicolaci di Villadorata e che dal Corso principale sale verso la chiesa di Montevergine, con i suoi campanili gemelli e che per l\u2019occasione  viene interamente ricoperta di fiori. Migliaia e migliaia di petali danno vita a veri e propri quadri che ogni anno raffigurano immagini ispirate al tema che viene assegnato annualmente dall\u2019amministrazione comunale. Quest\u2019anno le condizioni in cui stiamo vivendo non hanno permesso il tradizionale svolgimento della manifestazione, che a Noto registra migliaia di presenze, ma anche se in forma ridotta, il saluto alla primavera ha avuto il suo aulico momento. Le associazioni si sono organizzate in modo da poter partecipare in gruppi di tre per ogni turno di lavoro, rispettando le distanze e usando i presidi utili alla nostra salute. Cos\u00ec fin dal venerd\u00ec precedente la terza domenica di maggio, sono arrivati i fiori e con paziente meticolosit\u00e0 gli infioratori si sono riuniti per poter spetalare cio\u00e8 per tagliare i petali dalle corolle e riempirne decine di cassette di legno, pronti per essere usati il giorno successivo, per comporre le immagini del bozzetto scelto. Quest\u2019anno la particolarit\u00e0 sta anche nel disegno proposto dalle associazioni che hanno aderito, un unico grande tappeto fiorito che corrisponde alla misura di due bozzetti canonici. Un disegno di circa 15 metri raffigurante l\u2019albero della vita nei cui rami sono stati aperti dei grandi cerchi con all\u2019interno, le figure create dai pi\u00f9 bravi maestri creativi. <\/p>\n\n\n\n<p>Un omaggio \u2013 quello dell\u2019albero della vita \u2013 ad uno dei padri fondatori della manifestazione, Carlo La Licata, che in questo contesto storico trova il suo pieno significato. La vita, l\u2019albero che simboleggia la rinascita, la vita che torna a fiorire dopo la morte. Tante sono le cose che si potrebbero dire o scrivere in merito a questo momento storico che abbiamo vissuto e che ancora, purtroppo, stiamo vivendo, ma non \u00e8 questa la sede. In queste righe voglio invece descrivere la bellezza di un\u2019esperienza che rimarr\u00e0 impressa per sempre nei nostri ricordi, un\u2019esperienza fatta di persone unite con il cuore, rispettose delle misure di sicurezza, ma non per questo meno attente e desiderose di portare a termine questo importante compito di dar vita a qualcosa di straordinario. Abbiamo iniziato a lavorare alla nostra porzione di bozzetto, quello dell\u2019associazione Opificio 4, intorno alle 14. Seguendo le linee del disegno, fatto dai pi\u00f9 esperti la sera precedente, abbiamo iniziato a realizzare i contorni con la caratteristica torba, un miscuglio vegetale e terroso che unito all\u2019acqua pu\u00f2 essere impastato e modellato. Cos\u00ec un pezzo alla volta, abbiamo creato i contorni del disegno, i rami dell\u2019albero, il cerchio, l\u2019immagine della Sicilia con una grande pala di ficodindia che emergeva dalla nostra regione poi le foglie dell\u2019albero, ricche di volute che dal basso salgono morbide come un abbraccio avvolgendo i cerchi con i diversi disegni. Quattro bozzetti riuniti in un unico, grande tappeto. Cos\u00ec, impastando e modellando e poi iniziando a riempire di crusca e carrubella le parti delineate, ha avuto inizio la magia. Il tempo \u00e8 trascorso senza che neanche riuscissimo a percepirlo. Tutti intenti a lavorare alla propria parte, tutti col capo chino, le mani con i guanti sporchi, le mascherine che coprono met\u00e0 delle nostre facce. Ma il sorriso \u00e8 negli occhi. Quando lo sguardo di qualcuno di noi si \u00e8 incrociato per caso con qualcun altro, gli occhi hanno sorriso ed \u00e8 stata festa. Una festa del cuore. Una festa diversa dalle altre, senza il baccano dei visitatori e dei curiosi che di solito gi\u00e0 dalle prime ore della manifestazione, riempiono ai lati la Via Nicolaci per osservare attentamente il lavoro degli infioratori. Nessuna confusione quest\u2019anno, ma un grande senso di appartenenza e di civilt\u00e0. Un sentimento forte che dal nostro cuore, ha preso vita in ogni singolo granello di terra, in ogni petalo di garofano o gerbera che ha preso posto in questo grande bozzetto per comporne l\u2019insieme. Un pomeriggio intenso quello del 16 maggio 2020 e che si \u00e8 concluso con l\u2019emozione ancora pi\u00f9 grande di assistere ad un concerto del nostro musicista siciliano Mario Incudine che per questa occasione ha scritto un Cunto da far commuovere anche le pietre. Noto, il giardino di pietra, \u00e8 stata benedetta dalla bellezza, quella dell\u2019espressione dell\u2019arte che oltre ad essere immagine della storia e del contemporaneo, \u00e8 anche melodia che fa sciogliere il cuore e fa cantare le labbra, in un unico grande inno alla vita. Perch\u00e9 la bellezza \u00e8 pi\u00f9 forte della paura.<\/p>\n","protected":false},"excerpt":{"rendered":"<p>Quarantuno Primavere per la famosa manifestazione nella capitale del barocco siciliano patrimonio Unesco e perla della Sicilia Dario Bottaro Il<\/p>\n","protected":false},"author":1,"featured_media":8443,"comment_status":"open","ping_status":"open","sticky":true,"template":"","format":"standard","meta":[],"categories":[2067,43],"tags":[],"yoast_head":"<!-- This site is optimized with the Yoast SEO plugin v18.0 - https:\/\/yoast.com\/wordpress\/plugins\/seo\/ -->\n<title>L\u2019infiorata di Noto ai tempi del Covid-19 | Arte e Luoghi<\/title>\n<meta name=\"description\" content=\"Quarantuno Primavere per la famosa manifestazione nella capitale del barocco siciliano patrimonio Unesco e perla della Sicilia\" \/>\n<meta name=\"robots\" content=\"index, follow, max-snippet:-1, max-image-preview:large, max-video-preview:-1\" \/>\n<link rel=\"canonical\" href=\"https:\/\/arteeluoghi.it\/index.php\/2020\/06\/01\/linfiorata-di-noto-ai-tempi-del-covid-19\/\" \/>\n<meta property=\"og:locale\" content=\"it_IT\" \/>\n<meta property=\"og:type\" content=\"article\" \/>\n<meta property=\"og:title\" content=\"L\u2019infiorata di Noto ai tempi del Covid-19 | Arte e Luoghi\" \/>\n<meta property=\"og:description\" content=\"Quarantuno Primavere per la famosa manifestazione nella capitale del barocco siciliano patrimonio Unesco e perla della Sicilia\" \/>\n<meta property=\"og:url\" content=\"https:\/\/arteeluoghi.it\/index.php\/2020\/06\/01\/linfiorata-di-noto-ai-tempi-del-covid-19\/\" \/>\n<meta property=\"og:site_name\" content=\"Arte e Luoghi\" \/>\n<meta property=\"article:publisher\" content=\"https:\/\/www.facebook.com\/ArteELuoghi\/\" \/>\n<meta property=\"article:published_time\" content=\"2020-06-01T20:00:37+00:00\" \/>\n<meta property=\"article:modified_time\" content=\"2020-06-20T20:06:41+00:00\" \/>\n<meta property=\"og:image\" content=\"https:\/\/arteeluoghi.it\/wp-content\/uploads\/2020\/06\/image-18-05-20-02-50-5.jpeg\" \/>\n\t<meta property=\"og:image:width\" content=\"1920\" \/>\n\t<meta property=\"og:image:height\" content=\"1440\" \/>\n\t<meta property=\"og:image:type\" content=\"image\/jpeg\" \/>\n<meta name=\"twitter:card\" content=\"summary\" \/>\n<meta name=\"twitter:creator\" content=\"@arteeluoghi\" \/>\n<meta name=\"twitter:site\" content=\"@arteeluoghi\" \/>\n<meta name=\"twitter:label1\" content=\"Scritto da\" \/>\n\t<meta name=\"twitter:data1\" content=\"Staff\" \/>\n\t<meta name=\"twitter:label2\" content=\"Tempo di lettura stimato\" \/>\n\t<meta name=\"twitter:data2\" content=\"5 minuti\" \/>\n<script type=\"application\/ld+json\" class=\"yoast-schema-graph\">{\"@context\":\"https:\/\/schema.org\",\"@graph\":[{\"@type\":\"Organization\",\"@id\":\"https:\/\/arteeluoghi.it\/#organization\",\"name\":\"Arte e Luoghi\",\"url\":\"https:\/\/arteeluoghi.it\/\",\"sameAs\":[\"https:\/\/www.facebook.com\/ArteELuoghi\/\",\"https:\/\/www.instagram.com\/arteeluoghi\/?hl=it\",\"https:\/\/www.youtube.com\/channel\/UCuRVc4JW4-C5sg9rQB-srkw?view_as=subscriber\",\"https:\/\/twitter.com\/arteeluoghi\"],\"logo\":{\"@type\":\"ImageObject\",\"@id\":\"https:\/\/arteeluoghi.it\/#logo\",\"inLanguage\":\"it-IT\",\"url\":\"https:\/\/arteeluoghi.it\/wp-content\/uploads\/2018\/08\/logoinstagramarte.jpg\",\"contentUrl\":\"https:\/\/arteeluoghi.it\/wp-content\/uploads\/2018\/08\/logoinstagramarte.jpg\",\"width\":150,\"height\":150,\"caption\":\"Arte e Luoghi\"},\"image\":{\"@id\":\"https:\/\/arteeluoghi.it\/#logo\"}},{\"@type\":\"WebSite\",\"@id\":\"https:\/\/arteeluoghi.it\/#website\",\"url\":\"https:\/\/arteeluoghi.it\/\",\"name\":\"Arte e Luoghi\",\"description\":\"Mensile di arte, cultura, turismo e curiosit\u00e0\",\"publisher\":{\"@id\":\"https:\/\/arteeluoghi.it\/#organization\"},\"potentialAction\":[{\"@type\":\"SearchAction\",\"target\":{\"@type\":\"EntryPoint\",\"urlTemplate\":\"https:\/\/arteeluoghi.it\/?s={search_term_string}\"},\"query-input\":\"required name=search_term_string\"}],\"inLanguage\":\"it-IT\"},{\"@type\":\"ImageObject\",\"@id\":\"https:\/\/arteeluoghi.it\/index.php\/2020\/06\/01\/linfiorata-di-noto-ai-tempi-del-covid-19\/#primaryimage\",\"inLanguage\":\"it-IT\",\"url\":\"https:\/\/arteeluoghi.it\/wp-content\/uploads\/2020\/06\/image-18-05-20-02-50-5.jpeg\",\"contentUrl\":\"https:\/\/arteeluoghi.it\/wp-content\/uploads\/2020\/06\/image-18-05-20-02-50-5.jpeg\",\"width\":1920,\"height\":1440},{\"@type\":\"WebPage\",\"@id\":\"https:\/\/arteeluoghi.it\/index.php\/2020\/06\/01\/linfiorata-di-noto-ai-tempi-del-covid-19\/#webpage\",\"url\":\"https:\/\/arteeluoghi.it\/index.php\/2020\/06\/01\/linfiorata-di-noto-ai-tempi-del-covid-19\/\",\"name\":\"L\u2019infiorata di Noto ai tempi del Covid-19 | Arte e Luoghi\",\"isPartOf\":{\"@id\":\"https:\/\/arteeluoghi.it\/#website\"},\"primaryImageOfPage\":{\"@id\":\"https:\/\/arteeluoghi.it\/index.php\/2020\/06\/01\/linfiorata-di-noto-ai-tempi-del-covid-19\/#primaryimage\"},\"datePublished\":\"2020-06-01T20:00:37+00:00\",\"dateModified\":\"2020-06-20T20:06:41+00:00\",\"description\":\"Quarantuno Primavere per la famosa manifestazione nella capitale del barocco siciliano patrimonio Unesco e perla della Sicilia\",\"breadcrumb\":{\"@id\":\"https:\/\/arteeluoghi.it\/index.php\/2020\/06\/01\/linfiorata-di-noto-ai-tempi-del-covid-19\/#breadcrumb\"},\"inLanguage\":\"it-IT\",\"potentialAction\":[{\"@type\":\"ReadAction\",\"target\":[\"https:\/\/arteeluoghi.it\/index.php\/2020\/06\/01\/linfiorata-di-noto-ai-tempi-del-covid-19\/\"]}]},{\"@type\":\"BreadcrumbList\",\"@id\":\"https:\/\/arteeluoghi.it\/index.php\/2020\/06\/01\/linfiorata-di-noto-ai-tempi-del-covid-19\/#breadcrumb\",\"itemListElement\":[{\"@type\":\"ListItem\",\"position\":1,\"name\":\"Home\",\"item\":\"https:\/\/arteeluoghi.it\/\"},{\"@type\":\"ListItem\",\"position\":2,\"name\":\"L\u2019infiorata di Noto ai tempi del Covid-19\"}]},{\"@type\":\"Article\",\"@id\":\"https:\/\/arteeluoghi.it\/index.php\/2020\/06\/01\/linfiorata-di-noto-ai-tempi-del-covid-19\/#article\",\"isPartOf\":{\"@id\":\"https:\/\/arteeluoghi.it\/index.php\/2020\/06\/01\/linfiorata-di-noto-ai-tempi-del-covid-19\/#webpage\"},\"author\":{\"@id\":\"https:\/\/arteeluoghi.it\/#\/schema\/person\/f84e814e36e91e01448ee07eaadd41d4\"},\"headline\":\"L\u2019infiorata di Noto ai tempi del Covid-19\",\"datePublished\":\"2020-06-01T20:00:37+00:00\",\"dateModified\":\"2020-06-20T20:06:41+00:00\",\"mainEntityOfPage\":{\"@id\":\"https:\/\/arteeluoghi.it\/index.php\/2020\/06\/01\/linfiorata-di-noto-ai-tempi-del-covid-19\/#webpage\"},\"wordCount\":930,\"commentCount\":0,\"publisher\":{\"@id\":\"https:\/\/arteeluoghi.it\/#organization\"},\"image\":{\"@id\":\"https:\/\/arteeluoghi.it\/index.php\/2020\/06\/01\/linfiorata-di-noto-ai-tempi-del-covid-19\/#primaryimage\"},\"thumbnailUrl\":\"https:\/\/arteeluoghi.it\/wp-content\/uploads\/2020\/06\/image-18-05-20-02-50-5.jpeg\",\"articleSection\":[\"#appuntisiciliani\",\"Storie. L'uomo e il territorio\"],\"inLanguage\":\"it-IT\",\"potentialAction\":[{\"@type\":\"CommentAction\",\"name\":\"Comment\",\"target\":[\"https:\/\/arteeluoghi.it\/index.php\/2020\/06\/01\/linfiorata-di-noto-ai-tempi-del-covid-19\/#respond\"]}]},{\"@type\":\"Person\",\"@id\":\"https:\/\/arteeluoghi.it\/#\/schema\/person\/f84e814e36e91e01448ee07eaadd41d4\",\"name\":\"Staff\",\"image\":{\"@type\":\"ImageObject\",\"@id\":\"https:\/\/arteeluoghi.it\/#personlogo\",\"inLanguage\":\"it-IT\",\"url\":\"https:\/\/secure.gravatar.com\/avatar\/49d2f9e46271bb04e19cebfaf141313a?s=96&d=blank&r=g\",\"contentUrl\":\"https:\/\/secure.gravatar.com\/avatar\/49d2f9e46271bb04e19cebfaf141313a?s=96&d=blank&r=g\",\"caption\":\"Staff\"}}]}<\/script>\n<!-- \/ Yoast SEO plugin. -->","yoast_head_json":{"title":"L\u2019infiorata di Noto ai tempi del Covid-19 | Arte e Luoghi","description":"Quarantuno Primavere per la famosa manifestazione nella capitale del barocco siciliano patrimonio Unesco e perla della Sicilia","robots":{"index":"index","follow":"follow","max-snippet":"max-snippet:-1","max-image-preview":"max-image-preview:large","max-video-preview":"max-video-preview:-1"},"canonical":"https:\/\/arteeluoghi.it\/index.php\/2020\/06\/01\/linfiorata-di-noto-ai-tempi-del-covid-19\/","og_locale":"it_IT","og_type":"article","og_title":"L\u2019infiorata di Noto ai tempi del Covid-19 | Arte e Luoghi","og_description":"Quarantuno Primavere per la famosa manifestazione nella capitale del barocco siciliano patrimonio Unesco e perla della Sicilia","og_url":"https:\/\/arteeluoghi.it\/index.php\/2020\/06\/01\/linfiorata-di-noto-ai-tempi-del-covid-19\/","og_site_name":"Arte e Luoghi","article_publisher":"https:\/\/www.facebook.com\/ArteELuoghi\/","article_published_time":"2020-06-01T20:00:37+00:00","article_modified_time":"2020-06-20T20:06:41+00:00","og_image":[{"width":1920,"height":1440,"url":"https:\/\/arteeluoghi.it\/wp-content\/uploads\/2020\/06\/image-18-05-20-02-50-5.jpeg","type":"image\/jpeg"}],"twitter_card":"summary","twitter_creator":"@arteeluoghi","twitter_site":"@arteeluoghi","twitter_misc":{"Scritto da":"Staff","Tempo di lettura stimato":"5 minuti"},"schema":{"@context":"https:\/\/schema.org","@graph":[{"@type":"Organization","@id":"https:\/\/arteeluoghi.it\/#organization","name":"Arte e Luoghi","url":"https:\/\/arteeluoghi.it\/","sameAs":["https:\/\/www.facebook.com\/ArteELuoghi\/","https:\/\/www.instagram.com\/arteeluoghi\/?hl=it","https:\/\/www.youtube.com\/channel\/UCuRVc4JW4-C5sg9rQB-srkw?view_as=subscriber","https:\/\/twitter.com\/arteeluoghi"],"logo":{"@type":"ImageObject","@id":"https:\/\/arteeluoghi.it\/#logo","inLanguage":"it-IT","url":"https:\/\/arteeluoghi.it\/wp-content\/uploads\/2018\/08\/logoinstagramarte.jpg","contentUrl":"https:\/\/arteeluoghi.it\/wp-content\/uploads\/2018\/08\/logoinstagramarte.jpg","width":150,"height":150,"caption":"Arte e Luoghi"},"image":{"@id":"https:\/\/arteeluoghi.it\/#logo"}},{"@type":"WebSite","@id":"https:\/\/arteeluoghi.it\/#website","url":"https:\/\/arteeluoghi.it\/","name":"Arte e Luoghi","description":"Mensile di arte, cultura, turismo e curiosit\u00e0","publisher":{"@id":"https:\/\/arteeluoghi.it\/#organization"},"potentialAction":[{"@type":"SearchAction","target":{"@type":"EntryPoint","urlTemplate":"https:\/\/arteeluoghi.it\/?s={search_term_string}"},"query-input":"required name=search_term_string"}],"inLanguage":"it-IT"},{"@type":"ImageObject","@id":"https:\/\/arteeluoghi.it\/index.php\/2020\/06\/01\/linfiorata-di-noto-ai-tempi-del-covid-19\/#primaryimage","inLanguage":"it-IT","url":"https:\/\/arteeluoghi.it\/wp-content\/uploads\/2020\/06\/image-18-05-20-02-50-5.jpeg","contentUrl":"https:\/\/arteeluoghi.it\/wp-content\/uploads\/2020\/06\/image-18-05-20-02-50-5.jpeg","width":1920,"height":1440},{"@type":"WebPage","@id":"https:\/\/arteeluoghi.it\/index.php\/2020\/06\/01\/linfiorata-di-noto-ai-tempi-del-covid-19\/#webpage","url":"https:\/\/arteeluoghi.it\/index.php\/2020\/06\/01\/linfiorata-di-noto-ai-tempi-del-covid-19\/","name":"L\u2019infiorata di Noto ai tempi del Covid-19 | Arte e Luoghi","isPartOf":{"@id":"https:\/\/arteeluoghi.it\/#website"},"primaryImageOfPage":{"@id":"https:\/\/arteeluoghi.it\/index.php\/2020\/06\/01\/linfiorata-di-noto-ai-tempi-del-covid-19\/#primaryimage"},"datePublished":"2020-06-01T20:00:37+00:00","dateModified":"2020-06-20T20:06:41+00:00","description":"Quarantuno Primavere per la famosa manifestazione nella capitale del barocco siciliano patrimonio Unesco e perla della Sicilia","breadcrumb":{"@id":"https:\/\/arteeluoghi.it\/index.php\/2020\/06\/01\/linfiorata-di-noto-ai-tempi-del-covid-19\/#breadcrumb"},"inLanguage":"it-IT","potentialAction":[{"@type":"ReadAction","target":["https:\/\/arteeluoghi.it\/index.php\/2020\/06\/01\/linfiorata-di-noto-ai-tempi-del-covid-19\/"]}]},{"@type":"BreadcrumbList","@id":"https:\/\/arteeluoghi.it\/index.php\/2020\/06\/01\/linfiorata-di-noto-ai-tempi-del-covid-19\/#breadcrumb","itemListElement":[{"@type":"ListItem","position":1,"name":"Home","item":"https:\/\/arteeluoghi.it\/"},{"@type":"ListItem","position":2,"name":"L\u2019infiorata di Noto ai tempi del Covid-19"}]},{"@type":"Article","@id":"https:\/\/arteeluoghi.it\/index.php\/2020\/06\/01\/linfiorata-di-noto-ai-tempi-del-covid-19\/#article","isPartOf":{"@id":"https:\/\/arteeluoghi.it\/index.php\/2020\/06\/01\/linfiorata-di-noto-ai-tempi-del-covid-19\/#webpage"},"author":{"@id":"https:\/\/arteeluoghi.it\/#\/schema\/person\/f84e814e36e91e01448ee07eaadd41d4"},"headline":"L\u2019infiorata di Noto ai tempi del Covid-19","datePublished":"2020-06-01T20:00:37+00:00","dateModified":"2020-06-20T20:06:41+00:00","mainEntityOfPage":{"@id":"https:\/\/arteeluoghi.it\/index.php\/2020\/06\/01\/linfiorata-di-noto-ai-tempi-del-covid-19\/#webpage"},"wordCount":930,"commentCount":0,"publisher":{"@id":"https:\/\/arteeluoghi.it\/#organization"},"image":{"@id":"https:\/\/arteeluoghi.it\/index.php\/2020\/06\/01\/linfiorata-di-noto-ai-tempi-del-covid-19\/#primaryimage"},"thumbnailUrl":"https:\/\/arteeluoghi.it\/wp-content\/uploads\/2020\/06\/image-18-05-20-02-50-5.jpeg","articleSection":["#appuntisiciliani","Storie. L'uomo e il territorio"],"inLanguage":"it-IT","potentialAction":[{"@type":"CommentAction","name":"Comment","target":["https:\/\/arteeluoghi.it\/index.php\/2020\/06\/01\/linfiorata-di-noto-ai-tempi-del-covid-19\/#respond"]}]},{"@type":"Person","@id":"https:\/\/arteeluoghi.it\/#\/schema\/person\/f84e814e36e91e01448ee07eaadd41d4","name":"Staff","image":{"@type":"ImageObject","@id":"https:\/\/arteeluoghi.it\/#personlogo","inLanguage":"it-IT","url":"https:\/\/secure.gravatar.com\/avatar\/49d2f9e46271bb04e19cebfaf141313a?s=96&d=blank&r=g","contentUrl":"https:\/\/secure.gravatar.com\/avatar\/49d2f9e46271bb04e19cebfaf141313a?s=96&d=blank&r=g","caption":"Staff"}}]}},"_links":{"self":[{"href":"https:\/\/arteeluoghi.it\/index.php\/wp-json\/wp\/v2\/posts\/8435"}],"collection":[{"href":"https:\/\/arteeluoghi.it\/index.php\/wp-json\/wp\/v2\/posts"}],"about":[{"href":"https:\/\/arteeluoghi.it\/index.php\/wp-json\/wp\/v2\/types\/post"}],"author":[{"embeddable":true,"href":"https:\/\/arteeluoghi.it\/index.php\/wp-json\/wp\/v2\/users\/1"}],"replies":[{"embeddable":true,"href":"https:\/\/arteeluoghi.it\/index.php\/wp-json\/wp\/v2\/comments?post=8435"}],"version-history":[{"count":1,"href":"https:\/\/arteeluoghi.it\/index.php\/wp-json\/wp\/v2\/posts\/8435\/revisions"}],"predecessor-version":[{"id":8444,"href":"https:\/\/arteeluoghi.it\/index.php\/wp-json\/wp\/v2\/posts\/8435\/revisions\/8444"}],"wp:featuredmedia":[{"embeddable":true,"href":"https:\/\/arteeluoghi.it\/index.php\/wp-json\/wp\/v2\/media\/8443"}],"wp:attachment":[{"href":"https:\/\/arteeluoghi.it\/index.php\/wp-json\/wp\/v2\/media?parent=8435"}],"wp:term":[{"taxonomy":"category","embeddable":true,"href":"https:\/\/arteeluoghi.it\/index.php\/wp-json\/wp\/v2\/categories?post=8435"},{"taxonomy":"post_tag","embeddable":true,"href":"https:\/\/arteeluoghi.it\/index.php\/wp-json\/wp\/v2\/tags?post=8435"}],"curies":[{"name":"wp","href":"https:\/\/api.w.org\/{rel}","templated":true}]}}