{"id":8461,"date":"2020-06-01T22:22:25","date_gmt":"2020-06-01T20:22:25","guid":{"rendered":"https:\/\/arteeluoghi.it\/?p=8461"},"modified":"2020-06-20T22:39:17","modified_gmt":"2020-06-20T20:39:17","slug":"le-nuove-regole-focus-su-bologna-musei","status":"publish","type":"post","link":"https:\/\/arteeluoghi.it\/index.php\/2020\/06\/01\/le-nuove-regole-focus-su-bologna-musei\/","title":{"rendered":"Le nuove regole. Focus su Bologna Musei"},"content":{"rendered":"\n<blockquote class=\"wp-block-quote\"><p>Come cambiano le visite e i percorsi espositivi nelle istituzioni museali<\/p><\/blockquote>\n\n\n\n<p>La pandemia ci ha privati del piacere della fruizione degli spazi museali che, in queste settimane di clausura, abbiamo riscoperto navigando tra le pagine social e i tour virtuali delle istituzioni e fondazioni che si pongono come un ulteriore strumento per la conoscenza e l\u2019approfondimento del nostro immenso patrimonio artistico. Ma, ovviamente, la fruizione dal vivo \u00e8 tutt\u2019altra esperienza e  la graduale riapertura ci invita a riguardare forse con occhi pi\u00f9 consapevoli i nostri Musei. Ma come cambiano le visite? <\/p>\n\n\n\n<!--more-->\n\n\n\n<p>Perentoria l\u2019osservazione delle regole indicate dall\u2019OMS e dal Ministero della Salute, per questo i percorsi espositivi sono stati ridisegnati, distinti in entrata e in uscita, alcuni servizi sospesi &#8211; come gli schermi touch screen, le audioguide e il guardaroba &#8211; e le formule di accesso, contingentati per regolare il flusso dei visitatori, per i quali \u00e8 obbligatorio l\u2019uso della mascherina, il mantenimento della distanza interpersonale come pure la prenotazione dei biglietti on line.<br> Iniziamo un viaggio alla riscoperta dei nostri Musei, partendo da Bologna.<br> Dallo scorso 27 maggio, le Collezioni Comunali d&#8217;Arte di Bologna hanno infatti riaperto le loro porte ai visitatori completando la riapertura al pubblico di tutte le sedi espositive dell&#8217;Istituzione Bologna Musei che, lo ricordiamo, comprende il MAMbo \u2013 Museo d\u2019Arte Moderna di Bologna e Museo Morandi; Museo internazionale e biblioteca della musica; Museo Civico Archeologico; Museo del Patrimonio Industriale; Museo Civico Medievale; Museo Davia Bargellini; Museo civico del Risorgimento; Museo per la Memoria di Ustica e Casa Morandi.<\/p>\n\n\n\n<figure class=\"wp-block-image\"><img loading=\"lazy\" width=\"683\" height=\"1024\" src=\"https:\/\/arteeluoghi.it\/wp-content\/uploads\/2020\/06\/1_Collezioni_Comunali_Arte_Galleria_Vidoniana_Foto_Giorgio_Bianchi-683x1024.jpg\" alt=\"\" class=\"wp-image-8462\" srcset=\"https:\/\/arteeluoghi.it\/wp-content\/uploads\/2020\/06\/1_Collezioni_Comunali_Arte_Galleria_Vidoniana_Foto_Giorgio_Bianchi-683x1024.jpg 683w, https:\/\/arteeluoghi.it\/wp-content\/uploads\/2020\/06\/1_Collezioni_Comunali_Arte_Galleria_Vidoniana_Foto_Giorgio_Bianchi-200x300.jpg 200w, https:\/\/arteeluoghi.it\/wp-content\/uploads\/2020\/06\/1_Collezioni_Comunali_Arte_Galleria_Vidoniana_Foto_Giorgio_Bianchi-768x1151.jpg 768w, https:\/\/arteeluoghi.it\/wp-content\/uploads\/2020\/06\/1_Collezioni_Comunali_Arte_Galleria_Vidoniana_Foto_Giorgio_Bianchi.jpg 1513w\" sizes=\"(max-width: 683px) 100vw, 683px\" \/><\/figure>\n\n\n\n<p><br> Questo mese, focus sulle Collezioni Comunali d\u2019Arte ospitate al secondo piano del Palazzo Comunale, all\u2019interno delle sale che un tempo erano adibite a residenza del Cardinale Legato. Istituite nel 1936 in ambienti ornati con fregi e soffitti dipinti dal Cinquecento al Settecento, le opere provengono da un variegato patrimonio costituitosi grazie a molteplici donazioni di dipinti, mobili, arredi e suppellettili, giunti al Comune di Bologna nel corso dell\u2019Ottocento e nel primo Novecento. Un corpus che and\u00f2 ad arricchire quello antico di capolavori appartenuti alle magistrature cittadine. In particolare si segnalano quelli provenienti da due importanti collezioni d\u2019artista (Pelagio Palagi e Cincinnato Baruzzi), nonch\u00e9 quelli derivati da un collezionismo versato anche nel campo delle arti applicate e dell\u2019arredo (eredit\u00e0 Pepoli e Rusconi). <br> Il ricco patrimonio artistico custodito dal museo spazia dal Duecento agli inizi del Novecento: croci scolpite, tavole dipinte di Vitale da Bologna, Jacopo di Paolo, Luca Signorelli, Francesco Francia; inoltre, importanti dipinti di ambito bolognese-emiliano del primo Cinquecento (Amico Aspertini, il Tamaroccio) e del secondo (Bartolomeo Passerotti e Ludovico Carracci), fino a una nutrita serie di opere del XVII secolo di scuola emiliana (Alessandro Tiarini, Guido Cagnacci, Michele Desubleo, Francesco Gessi) e di altre scuole fra cui uno straordinario Ritratto di Gonfaloniere, eseguito nel 1622 dall\u2019illustre pittrice Artemisia Gentileschi.<br> Sotto la volta affrescata della Galleria Vidoniana \u00e8 visibile una delle raccolte pi\u00f9 importanti all\u2019origine del museo: diciotto tele eseguite fra il 1713 e il 1723 circa da Donato Creti. Dalla monumentale galleria si raggiunge l\u2019ala Rusconi, composta da cinque piccole sale riservate alla vita privata, che termina in una magnifica sala \u201calla boschereccia\u201d, dipinta alla fine del Settecento da Vincenzo Martinelli. Una sezione \u00e8 dedicata a Pelagio Palagi, artista di grande levatura nel campo della pittura, della progettazione di interni, dell\u2019ornato e delle arti applicate fra Neoclassicismo e Romanticismo. Infine due sale del museo sono dedicate all\u2019arte dell\u2019Ottocento e del primo Novecento. <br> Da annoverare tra i capolavori del museo l\u2019Apollino, opera giovanile scolpita da Antonio Canova nel 1797. La scultura del dio adolescente, che appartiene alla produzione pi\u00f9 alta del grande maestro di Possagno, era stata particolarmente amata dal suo creatore che l\u2019aveva menzionata nelle sue memorie autografe come opera di grande valore.Scenograficamente allestita al centro della Sala Boschereccia nell\u2019ala Rusconi, l\u2019opera si trova attualmente in prestito per la grande mostra Canova | Thorvaldsen. La nascita della scultura moderna prorogata alle Gallerie d\u2019Italia in Piazza della Scala a Milano fino al 28 giugno 2020. <br> Sul sito www.gallerieditalia.com \u00e8 disponibile un\u2019esperienza virtuale immersiva, realizzata in collaborazione con Zeranta Edutainment, che restituisce una visione a 360\u00b0delle opere esposte provenienti dai grandi musei nazionali e internazionali, con approfondimenti in italiano, inglese e Lingua dei Segni Italiana (LIS).  Come gi\u00e0 attuato per gli altri musei civici, l\u2019articolazione degli orari di apertura saranno mercoled\u00ec, venerd\u00ec, sabato h 10.00-18.30; domenica h 13.30-18.30;  (luned\u00ec, marted\u00ec, gioved\u00ec chiuso)<\/p>\n\n\n\n<p>Collezioni Comunali d\u2019Arte <br>\nPalazzo d\u2019Accursio, Piazza Maggiore 6 <br>\ntel. 051 2193998<br>\nwww.museibologna.it\/arteantica <\/p>\n","protected":false},"excerpt":{"rendered":"<p>Come cambiano le visite e i percorsi espositivi nelle istituzioni museali La pandemia ci ha privati del piacere della fruizione<\/p>\n","protected":false},"author":1,"featured_media":8463,"comment_status":"open","ping_status":"open","sticky":true,"template":"","format":"standard","meta":[],"categories":[27,3,16],"tags":[2374,2375],"yoast_head":"<!-- This site is optimized with the Yoast SEO plugin v18.0 - https:\/\/yoast.com\/wordpress\/plugins\/seo\/ -->\n<title>Le nuove regole. Focus su Bologna Musei | Arte e Luoghi<\/title>\n<meta name=\"description\" content=\"Come cambiano le visite e i percorsi espositivi nelle istituzioni museali. Le nuove regole, focus su BolognaMusei\" \/>\n<meta name=\"robots\" content=\"index, follow, max-snippet:-1, max-image-preview:large, max-video-preview:-1\" \/>\n<link rel=\"canonical\" href=\"https:\/\/arteeluoghi.it\/index.php\/2020\/06\/01\/le-nuove-regole-focus-su-bologna-musei\/\" \/>\n<meta property=\"og:locale\" content=\"it_IT\" \/>\n<meta property=\"og:type\" content=\"article\" \/>\n<meta property=\"og:title\" content=\"Le nuove regole. Focus su Bologna Musei | Arte e Luoghi\" \/>\n<meta property=\"og:description\" content=\"Come cambiano le visite e i percorsi espositivi nelle istituzioni museali. Le nuove regole, focus su BolognaMusei\" \/>\n<meta property=\"og:url\" content=\"https:\/\/arteeluoghi.it\/index.php\/2020\/06\/01\/le-nuove-regole-focus-su-bologna-musei\/\" \/>\n<meta property=\"og:site_name\" content=\"Arte e Luoghi\" \/>\n<meta property=\"article:publisher\" content=\"https:\/\/www.facebook.com\/ArteELuoghi\/\" \/>\n<meta property=\"article:published_time\" content=\"2020-06-01T20:22:25+00:00\" \/>\n<meta property=\"article:modified_time\" content=\"2020-06-20T20:39:17+00:00\" \/>\n<meta property=\"og:image\" content=\"https:\/\/arteeluoghi.it\/wp-content\/uploads\/2020\/06\/2_Collezioni_Comunali_Canova_Apollino.jpg\" \/>\n\t<meta property=\"og:image:width\" content=\"1726\" \/>\n\t<meta property=\"og:image:height\" content=\"1659\" \/>\n\t<meta property=\"og:image:type\" content=\"image\/jpeg\" \/>\n<meta name=\"twitter:card\" content=\"summary\" \/>\n<meta name=\"twitter:creator\" content=\"@arteeluoghi\" \/>\n<meta name=\"twitter:site\" content=\"@arteeluoghi\" \/>\n<meta name=\"twitter:label1\" content=\"Scritto da\" \/>\n\t<meta name=\"twitter:data1\" content=\"Staff\" \/>\n\t<meta name=\"twitter:label2\" content=\"Tempo di lettura stimato\" \/>\n\t<meta name=\"twitter:data2\" content=\"4 minuti\" \/>\n<script type=\"application\/ld+json\" class=\"yoast-schema-graph\">{\"@context\":\"https:\/\/schema.org\",\"@graph\":[{\"@type\":\"Organization\",\"@id\":\"https:\/\/arteeluoghi.it\/#organization\",\"name\":\"Arte e Luoghi\",\"url\":\"https:\/\/arteeluoghi.it\/\",\"sameAs\":[\"https:\/\/www.facebook.com\/ArteELuoghi\/\",\"https:\/\/www.instagram.com\/arteeluoghi\/?hl=it\",\"https:\/\/www.youtube.com\/channel\/UCuRVc4JW4-C5sg9rQB-srkw?view_as=subscriber\",\"https:\/\/twitter.com\/arteeluoghi\"],\"logo\":{\"@type\":\"ImageObject\",\"@id\":\"https:\/\/arteeluoghi.it\/#logo\",\"inLanguage\":\"it-IT\",\"url\":\"https:\/\/arteeluoghi.it\/wp-content\/uploads\/2018\/08\/logoinstagramarte.jpg\",\"contentUrl\":\"https:\/\/arteeluoghi.it\/wp-content\/uploads\/2018\/08\/logoinstagramarte.jpg\",\"width\":150,\"height\":150,\"caption\":\"Arte e Luoghi\"},\"image\":{\"@id\":\"https:\/\/arteeluoghi.it\/#logo\"}},{\"@type\":\"WebSite\",\"@id\":\"https:\/\/arteeluoghi.it\/#website\",\"url\":\"https:\/\/arteeluoghi.it\/\",\"name\":\"Arte e Luoghi\",\"description\":\"Mensile di arte, cultura, turismo e curiosit\u00e0\",\"publisher\":{\"@id\":\"https:\/\/arteeluoghi.it\/#organization\"},\"potentialAction\":[{\"@type\":\"SearchAction\",\"target\":{\"@type\":\"EntryPoint\",\"urlTemplate\":\"https:\/\/arteeluoghi.it\/?s={search_term_string}\"},\"query-input\":\"required name=search_term_string\"}],\"inLanguage\":\"it-IT\"},{\"@type\":\"ImageObject\",\"@id\":\"https:\/\/arteeluoghi.it\/index.php\/2020\/06\/01\/le-nuove-regole-focus-su-bologna-musei\/#primaryimage\",\"inLanguage\":\"it-IT\",\"url\":\"https:\/\/arteeluoghi.it\/wp-content\/uploads\/2020\/06\/2_Collezioni_Comunali_Canova_Apollino.jpg\",\"contentUrl\":\"https:\/\/arteeluoghi.it\/wp-content\/uploads\/2020\/06\/2_Collezioni_Comunali_Canova_Apollino.jpg\",\"width\":1726,\"height\":1659},{\"@type\":\"WebPage\",\"@id\":\"https:\/\/arteeluoghi.it\/index.php\/2020\/06\/01\/le-nuove-regole-focus-su-bologna-musei\/#webpage\",\"url\":\"https:\/\/arteeluoghi.it\/index.php\/2020\/06\/01\/le-nuove-regole-focus-su-bologna-musei\/\",\"name\":\"Le nuove regole. Focus su Bologna Musei | Arte e Luoghi\",\"isPartOf\":{\"@id\":\"https:\/\/arteeluoghi.it\/#website\"},\"primaryImageOfPage\":{\"@id\":\"https:\/\/arteeluoghi.it\/index.php\/2020\/06\/01\/le-nuove-regole-focus-su-bologna-musei\/#primaryimage\"},\"datePublished\":\"2020-06-01T20:22:25+00:00\",\"dateModified\":\"2020-06-20T20:39:17+00:00\",\"description\":\"Come cambiano le visite e i percorsi espositivi nelle istituzioni museali. Le nuove regole, focus su BolognaMusei\",\"breadcrumb\":{\"@id\":\"https:\/\/arteeluoghi.it\/index.php\/2020\/06\/01\/le-nuove-regole-focus-su-bologna-musei\/#breadcrumb\"},\"inLanguage\":\"it-IT\",\"potentialAction\":[{\"@type\":\"ReadAction\",\"target\":[\"https:\/\/arteeluoghi.it\/index.php\/2020\/06\/01\/le-nuove-regole-focus-su-bologna-musei\/\"]}]},{\"@type\":\"BreadcrumbList\",\"@id\":\"https:\/\/arteeluoghi.it\/index.php\/2020\/06\/01\/le-nuove-regole-focus-su-bologna-musei\/#breadcrumb\",\"itemListElement\":[{\"@type\":\"ListItem\",\"position\":1,\"name\":\"Home\",\"item\":\"https:\/\/arteeluoghi.it\/\"},{\"@type\":\"ListItem\",\"position\":2,\"name\":\"Le nuove regole. Focus su Bologna Musei\"}]},{\"@type\":\"Article\",\"@id\":\"https:\/\/arteeluoghi.it\/index.php\/2020\/06\/01\/le-nuove-regole-focus-su-bologna-musei\/#article\",\"isPartOf\":{\"@id\":\"https:\/\/arteeluoghi.it\/index.php\/2020\/06\/01\/le-nuove-regole-focus-su-bologna-musei\/#webpage\"},\"author\":{\"@id\":\"https:\/\/arteeluoghi.it\/#\/schema\/person\/f84e814e36e91e01448ee07eaadd41d4\"},\"headline\":\"Le nuove regole. Focus su Bologna Musei\",\"datePublished\":\"2020-06-01T20:22:25+00:00\",\"dateModified\":\"2020-06-20T20:39:17+00:00\",\"mainEntityOfPage\":{\"@id\":\"https:\/\/arteeluoghi.it\/index.php\/2020\/06\/01\/le-nuove-regole-focus-su-bologna-musei\/#webpage\"},\"wordCount\":757,\"commentCount\":0,\"publisher\":{\"@id\":\"https:\/\/arteeluoghi.it\/#organization\"},\"image\":{\"@id\":\"https:\/\/arteeluoghi.it\/index.php\/2020\/06\/01\/le-nuove-regole-focus-su-bologna-musei\/#primaryimage\"},\"thumbnailUrl\":\"https:\/\/arteeluoghi.it\/wp-content\/uploads\/2020\/06\/2_Collezioni_Comunali_Canova_Apollino.jpg\",\"keywords\":[\"Bologna Musei\",\"regole\"],\"articleSection\":[\"Arte\",\"Arti visive\",\"I luoghi nella rete Biblioteche Musei Fondazioni\"],\"inLanguage\":\"it-IT\",\"potentialAction\":[{\"@type\":\"CommentAction\",\"name\":\"Comment\",\"target\":[\"https:\/\/arteeluoghi.it\/index.php\/2020\/06\/01\/le-nuove-regole-focus-su-bologna-musei\/#respond\"]}]},{\"@type\":\"Person\",\"@id\":\"https:\/\/arteeluoghi.it\/#\/schema\/person\/f84e814e36e91e01448ee07eaadd41d4\",\"name\":\"Staff\",\"image\":{\"@type\":\"ImageObject\",\"@id\":\"https:\/\/arteeluoghi.it\/#personlogo\",\"inLanguage\":\"it-IT\",\"url\":\"https:\/\/secure.gravatar.com\/avatar\/49d2f9e46271bb04e19cebfaf141313a?s=96&d=blank&r=g\",\"contentUrl\":\"https:\/\/secure.gravatar.com\/avatar\/49d2f9e46271bb04e19cebfaf141313a?s=96&d=blank&r=g\",\"caption\":\"Staff\"}}]}<\/script>\n<!-- \/ Yoast SEO plugin. -->","yoast_head_json":{"title":"Le nuove regole. Focus su Bologna Musei | Arte e Luoghi","description":"Come cambiano le visite e i percorsi espositivi nelle istituzioni museali. Le nuove regole, focus su BolognaMusei","robots":{"index":"index","follow":"follow","max-snippet":"max-snippet:-1","max-image-preview":"max-image-preview:large","max-video-preview":"max-video-preview:-1"},"canonical":"https:\/\/arteeluoghi.it\/index.php\/2020\/06\/01\/le-nuove-regole-focus-su-bologna-musei\/","og_locale":"it_IT","og_type":"article","og_title":"Le nuove regole. Focus su Bologna Musei | Arte e Luoghi","og_description":"Come cambiano le visite e i percorsi espositivi nelle istituzioni museali. Le nuove regole, focus su BolognaMusei","og_url":"https:\/\/arteeluoghi.it\/index.php\/2020\/06\/01\/le-nuove-regole-focus-su-bologna-musei\/","og_site_name":"Arte e Luoghi","article_publisher":"https:\/\/www.facebook.com\/ArteELuoghi\/","article_published_time":"2020-06-01T20:22:25+00:00","article_modified_time":"2020-06-20T20:39:17+00:00","og_image":[{"width":1726,"height":1659,"url":"https:\/\/arteeluoghi.it\/wp-content\/uploads\/2020\/06\/2_Collezioni_Comunali_Canova_Apollino.jpg","type":"image\/jpeg"}],"twitter_card":"summary","twitter_creator":"@arteeluoghi","twitter_site":"@arteeluoghi","twitter_misc":{"Scritto da":"Staff","Tempo di lettura stimato":"4 minuti"},"schema":{"@context":"https:\/\/schema.org","@graph":[{"@type":"Organization","@id":"https:\/\/arteeluoghi.it\/#organization","name":"Arte e Luoghi","url":"https:\/\/arteeluoghi.it\/","sameAs":["https:\/\/www.facebook.com\/ArteELuoghi\/","https:\/\/www.instagram.com\/arteeluoghi\/?hl=it","https:\/\/www.youtube.com\/channel\/UCuRVc4JW4-C5sg9rQB-srkw?view_as=subscriber","https:\/\/twitter.com\/arteeluoghi"],"logo":{"@type":"ImageObject","@id":"https:\/\/arteeluoghi.it\/#logo","inLanguage":"it-IT","url":"https:\/\/arteeluoghi.it\/wp-content\/uploads\/2018\/08\/logoinstagramarte.jpg","contentUrl":"https:\/\/arteeluoghi.it\/wp-content\/uploads\/2018\/08\/logoinstagramarte.jpg","width":150,"height":150,"caption":"Arte e Luoghi"},"image":{"@id":"https:\/\/arteeluoghi.it\/#logo"}},{"@type":"WebSite","@id":"https:\/\/arteeluoghi.it\/#website","url":"https:\/\/arteeluoghi.it\/","name":"Arte e Luoghi","description":"Mensile di arte, cultura, turismo e curiosit\u00e0","publisher":{"@id":"https:\/\/arteeluoghi.it\/#organization"},"potentialAction":[{"@type":"SearchAction","target":{"@type":"EntryPoint","urlTemplate":"https:\/\/arteeluoghi.it\/?s={search_term_string}"},"query-input":"required name=search_term_string"}],"inLanguage":"it-IT"},{"@type":"ImageObject","@id":"https:\/\/arteeluoghi.it\/index.php\/2020\/06\/01\/le-nuove-regole-focus-su-bologna-musei\/#primaryimage","inLanguage":"it-IT","url":"https:\/\/arteeluoghi.it\/wp-content\/uploads\/2020\/06\/2_Collezioni_Comunali_Canova_Apollino.jpg","contentUrl":"https:\/\/arteeluoghi.it\/wp-content\/uploads\/2020\/06\/2_Collezioni_Comunali_Canova_Apollino.jpg","width":1726,"height":1659},{"@type":"WebPage","@id":"https:\/\/arteeluoghi.it\/index.php\/2020\/06\/01\/le-nuove-regole-focus-su-bologna-musei\/#webpage","url":"https:\/\/arteeluoghi.it\/index.php\/2020\/06\/01\/le-nuove-regole-focus-su-bologna-musei\/","name":"Le nuove regole. Focus su Bologna Musei | Arte e Luoghi","isPartOf":{"@id":"https:\/\/arteeluoghi.it\/#website"},"primaryImageOfPage":{"@id":"https:\/\/arteeluoghi.it\/index.php\/2020\/06\/01\/le-nuove-regole-focus-su-bologna-musei\/#primaryimage"},"datePublished":"2020-06-01T20:22:25+00:00","dateModified":"2020-06-20T20:39:17+00:00","description":"Come cambiano le visite e i percorsi espositivi nelle istituzioni museali. Le nuove regole, focus su BolognaMusei","breadcrumb":{"@id":"https:\/\/arteeluoghi.it\/index.php\/2020\/06\/01\/le-nuove-regole-focus-su-bologna-musei\/#breadcrumb"},"inLanguage":"it-IT","potentialAction":[{"@type":"ReadAction","target":["https:\/\/arteeluoghi.it\/index.php\/2020\/06\/01\/le-nuove-regole-focus-su-bologna-musei\/"]}]},{"@type":"BreadcrumbList","@id":"https:\/\/arteeluoghi.it\/index.php\/2020\/06\/01\/le-nuove-regole-focus-su-bologna-musei\/#breadcrumb","itemListElement":[{"@type":"ListItem","position":1,"name":"Home","item":"https:\/\/arteeluoghi.it\/"},{"@type":"ListItem","position":2,"name":"Le nuove regole. Focus su Bologna Musei"}]},{"@type":"Article","@id":"https:\/\/arteeluoghi.it\/index.php\/2020\/06\/01\/le-nuove-regole-focus-su-bologna-musei\/#article","isPartOf":{"@id":"https:\/\/arteeluoghi.it\/index.php\/2020\/06\/01\/le-nuove-regole-focus-su-bologna-musei\/#webpage"},"author":{"@id":"https:\/\/arteeluoghi.it\/#\/schema\/person\/f84e814e36e91e01448ee07eaadd41d4"},"headline":"Le nuove regole. Focus su Bologna Musei","datePublished":"2020-06-01T20:22:25+00:00","dateModified":"2020-06-20T20:39:17+00:00","mainEntityOfPage":{"@id":"https:\/\/arteeluoghi.it\/index.php\/2020\/06\/01\/le-nuove-regole-focus-su-bologna-musei\/#webpage"},"wordCount":757,"commentCount":0,"publisher":{"@id":"https:\/\/arteeluoghi.it\/#organization"},"image":{"@id":"https:\/\/arteeluoghi.it\/index.php\/2020\/06\/01\/le-nuove-regole-focus-su-bologna-musei\/#primaryimage"},"thumbnailUrl":"https:\/\/arteeluoghi.it\/wp-content\/uploads\/2020\/06\/2_Collezioni_Comunali_Canova_Apollino.jpg","keywords":["Bologna Musei","regole"],"articleSection":["Arte","Arti visive","I luoghi nella rete Biblioteche Musei Fondazioni"],"inLanguage":"it-IT","potentialAction":[{"@type":"CommentAction","name":"Comment","target":["https:\/\/arteeluoghi.it\/index.php\/2020\/06\/01\/le-nuove-regole-focus-su-bologna-musei\/#respond"]}]},{"@type":"Person","@id":"https:\/\/arteeluoghi.it\/#\/schema\/person\/f84e814e36e91e01448ee07eaadd41d4","name":"Staff","image":{"@type":"ImageObject","@id":"https:\/\/arteeluoghi.it\/#personlogo","inLanguage":"it-IT","url":"https:\/\/secure.gravatar.com\/avatar\/49d2f9e46271bb04e19cebfaf141313a?s=96&d=blank&r=g","contentUrl":"https:\/\/secure.gravatar.com\/avatar\/49d2f9e46271bb04e19cebfaf141313a?s=96&d=blank&r=g","caption":"Staff"}}]}},"_links":{"self":[{"href":"https:\/\/arteeluoghi.it\/index.php\/wp-json\/wp\/v2\/posts\/8461"}],"collection":[{"href":"https:\/\/arteeluoghi.it\/index.php\/wp-json\/wp\/v2\/posts"}],"about":[{"href":"https:\/\/arteeluoghi.it\/index.php\/wp-json\/wp\/v2\/types\/post"}],"author":[{"embeddable":true,"href":"https:\/\/arteeluoghi.it\/index.php\/wp-json\/wp\/v2\/users\/1"}],"replies":[{"embeddable":true,"href":"https:\/\/arteeluoghi.it\/index.php\/wp-json\/wp\/v2\/comments?post=8461"}],"version-history":[{"count":1,"href":"https:\/\/arteeluoghi.it\/index.php\/wp-json\/wp\/v2\/posts\/8461\/revisions"}],"predecessor-version":[{"id":8464,"href":"https:\/\/arteeluoghi.it\/index.php\/wp-json\/wp\/v2\/posts\/8461\/revisions\/8464"}],"wp:featuredmedia":[{"embeddable":true,"href":"https:\/\/arteeluoghi.it\/index.php\/wp-json\/wp\/v2\/media\/8463"}],"wp:attachment":[{"href":"https:\/\/arteeluoghi.it\/index.php\/wp-json\/wp\/v2\/media?parent=8461"}],"wp:term":[{"taxonomy":"category","embeddable":true,"href":"https:\/\/arteeluoghi.it\/index.php\/wp-json\/wp\/v2\/categories?post=8461"},{"taxonomy":"post_tag","embeddable":true,"href":"https:\/\/arteeluoghi.it\/index.php\/wp-json\/wp\/v2\/tags?post=8461"}],"curies":[{"name":"wp","href":"https:\/\/api.w.org\/{rel}","templated":true}]}}