{"id":8482,"date":"2020-06-01T23:50:22","date_gmt":"2020-06-01T21:50:22","guid":{"rendered":"https:\/\/arteeluoghi.it\/?p=8482"},"modified":"2020-06-21T00:13:10","modified_gmt":"2020-06-20T22:13:10","slug":"sulle-orme-di-francesco","status":"publish","type":"post","link":"https:\/\/arteeluoghi.it\/index.php\/2020\/06\/01\/sulle-orme-di-francesco\/","title":{"rendered":"Sulle orme di Francesco"},"content":{"rendered":"\n<blockquote class=\"wp-block-quote\"><p>Lungo l\u2019appennino verso la Valle Santa. Il reportage<\/p><cite>Antonio Giannini<\/cite><\/blockquote>\n\n\n\n<!--more-->\n\n\n\n<p>Dire della bellezza dell\u2019Italia pi\u00f9 che un\u2019ovviet\u00e0 \u00e8 spesso uno slogan. Sappiamo che ogni angolo parla di storia, ogni storia parla di arte, di tradizioni, di dialetti, di cibo, di personaggi. Ma quanto di questo enorme, unico e straordinario patrimonio conosciamo veramente? Direi quasi, intimamente?<br>\nUna vita intera non basterebbe a coglierne l\u2019essenza specialmente se ti convinci, magari tardivamente, che la maniera pi\u00f9 autentica per scoprirla tutta, conoscerla ed amarla \u00e8 semplicemente percorrerla a piedi. <br>\nDa quando, in questi ultimi anni, partendo da Chiusi La Verna in Toscana con uno zaino in spalla, ho iniziato un viaggio verso sud lungo tutto l\u2019 Appennino,  mi si \u00e8 aperto un mondo nuovo di cose straordinarie che solo l\u2019esperienza del cammino pu\u00f2 rendere al massimo grado .<br>\nNon che io sia un fervido credente, ma l\u2019impulso principale al concepimento di questa avventura \u00e8 stato San Francesco d\u2019Assisi, per il fascino che quell\u2019uomo ha sempre suscitato su di me come sulla moltitudine dei credenti e dei non credenti e per l\u2019intimo legame che lo lega a quel territorio.<br>\nTutto l\u2019Appennino parla di lui. Parlano di lui quelle montagne su cui, chiss\u00e0 quante volte, nelle sue continue peregrinazioni, ha posato gli occhi e con cui ha dialogato. Parlano di lui i boschi millenari, i tanti straordinari santuari disseminati sul territorio in perfetta armonia col paesaggio. Parlano ancora di lui, come in un dialogo infinito, i borghi quasi sconosciuti ai pi\u00f9, i paesi e le citt\u00e0.<br>\nPercorrere queste strade a volte ardue e misteriose, dimorare nei conventi, parlare con la gente del posto \u00e8 una esperienza straordinaria dove senti la costante presenza di Francesco e la sua forza carismatica e quella del suo messaggio potente e coraggioso di povert\u00e0 che ha comportato non pochi imbarazzi alla chiesa di Roma sempre in bilico, con le sue contraddizioni interne, tra fede e potere temporale.<br>\nDopo dodici giorni di cammino, a met\u00e0 dell\u2019intero percorso che mi ero preposto, sono giunto a Spoleto valicando passi, guadando corsi d\u2019acqua, attraversando boschi, percorrendo vallate, dimorando in paesi di straordinaria bellezza come Pieve Santo Stefano, San Sepolcro, Citt\u00e0 di Castello, Gubbio, Assisi, Spello, Trevi. E a Spoleto, sistemato in un piccolo albergo, dimora inconsueta data la mia predilezione per i conventi, prima di cena, ho assolto a un mio vecchio desiderio di ripercorrere, senza pesi sulle spalle e rigenerato da una doccia tonificante, i passi  dell\u2019amato Goethe sulla passeggiata panoramica sopra la Citt\u00e0  fino al famoso acquedotto con i suoi dieci archi che allo stesso tempo \u00e8 ponte fra una montagna e l\u2019altra, da lui mirabilmente  descritto nel suo \u201cViaggio in Italia\u201d. <br>\nE da quel posto privilegiato ho potuto ammirare nella luce magica del tardo pomeriggio lo spettacolo del paesaggio tutto intorno, dai monti Sibillini ad est, i paesi di Trevi, Foligno, Spello, davanti verso valle, al monte Subasio troneggiante come un immenso panettone  al centro della spianata che nei giorni precedenti  avevo percorso fin quasi in vetta per scendere a Spello proveniente da  Assisi.<br>\nE li, su quel monte ho potuto vedere, in un contesto di natura selvaggia impressionante, inserito in un sito straordinario fatto di roccia e di vegetazione selvatica, affacciato su un dirupo, l\u2019Eremo delle Carceri dove Francesco era solito rifugiarsi in meditazione con i suoi compagni. Il volo quasi immobile di alcuni rapaci dalle grandi ali spalancate, formavano un\u2019immagine senza tempo di grande suggestione.<br>\nDopo aver girovagato per Spoleto, quella sera ho cercato di mettere in fila i ricordi, ma come in un caleidoscopio, questi mi venivano alla mente tanto forti quanto confusi.  <br>\nEro in giro da parecchi giorni e a quel punto del mio cammino sono stato sfiorato dal pensiero di interromperlo momentaneamente, di dare respiro ai miei ricordi, all\u2019esperienza sin li fatta, giusto il tempo per riviverla mentalmente, per rielaborarla, capitalizzarne i frutti, direbbe un economista.<\/p>\n\n\n\n<ul class=\"wp-block-gallery columns-3 is-cropped\"><li class=\"blocks-gallery-item\"><figure><img loading=\"lazy\" width=\"1024\" height=\"768\" src=\"https:\/\/arteeluoghi.it\/wp-content\/uploads\/2020\/06\/IMG_5788-1024x768.jpeg\" alt=\"\" data-id=\"8498\" data-link=\"https:\/\/arteeluoghi.it\/?attachment_id=8498\" class=\"wp-image-8498\" srcset=\"https:\/\/arteeluoghi.it\/wp-content\/uploads\/2020\/06\/IMG_5788-1024x768.jpeg 1024w, https:\/\/arteeluoghi.it\/wp-content\/uploads\/2020\/06\/IMG_5788-300x225.jpeg 300w, https:\/\/arteeluoghi.it\/wp-content\/uploads\/2020\/06\/IMG_5788-768x576.jpeg 768w, https:\/\/arteeluoghi.it\/wp-content\/uploads\/2020\/06\/IMG_5788.jpeg 1494w\" sizes=\"(max-width: 1024px) 100vw, 1024px\" \/><\/figure><\/li><li class=\"blocks-gallery-item\"><figure><img loading=\"lazy\" width=\"1024\" height=\"768\" src=\"https:\/\/arteeluoghi.it\/wp-content\/uploads\/2020\/06\/IMG_5759-1024x768.jpeg\" alt=\"\" data-id=\"8497\" data-link=\"https:\/\/arteeluoghi.it\/?attachment_id=8497\" class=\"wp-image-8497\" srcset=\"https:\/\/arteeluoghi.it\/wp-content\/uploads\/2020\/06\/IMG_5759-1024x768.jpeg 1024w, https:\/\/arteeluoghi.it\/wp-content\/uploads\/2020\/06\/IMG_5759-300x225.jpeg 300w, https:\/\/arteeluoghi.it\/wp-content\/uploads\/2020\/06\/IMG_5759-768x576.jpeg 768w, https:\/\/arteeluoghi.it\/wp-content\/uploads\/2020\/06\/IMG_5759.jpeg 1494w\" sizes=\"(max-width: 1024px) 100vw, 1024px\" \/><\/figure><\/li><li class=\"blocks-gallery-item\"><figure><img loading=\"lazy\" width=\"1024\" height=\"768\" src=\"https:\/\/arteeluoghi.it\/wp-content\/uploads\/2020\/06\/IMG_5747-1024x768.jpeg\" alt=\"\" data-id=\"8496\" data-link=\"https:\/\/arteeluoghi.it\/?attachment_id=8496\" class=\"wp-image-8496\" srcset=\"https:\/\/arteeluoghi.it\/wp-content\/uploads\/2020\/06\/IMG_5747-1024x768.jpeg 1024w, https:\/\/arteeluoghi.it\/wp-content\/uploads\/2020\/06\/IMG_5747-300x225.jpeg 300w, https:\/\/arteeluoghi.it\/wp-content\/uploads\/2020\/06\/IMG_5747-768x576.jpeg 768w, https:\/\/arteeluoghi.it\/wp-content\/uploads\/2020\/06\/IMG_5747.jpeg 1494w\" sizes=\"(max-width: 1024px) 100vw, 1024px\" \/><\/figure><\/li><li class=\"blocks-gallery-item\"><figure><img loading=\"lazy\" width=\"768\" height=\"1024\" src=\"https:\/\/arteeluoghi.it\/wp-content\/uploads\/2020\/06\/IMG_5730-768x1024.jpeg\" alt=\"\" data-id=\"8495\" data-link=\"https:\/\/arteeluoghi.it\/?attachment_id=8495\" class=\"wp-image-8495\" srcset=\"https:\/\/arteeluoghi.it\/wp-content\/uploads\/2020\/06\/IMG_5730-768x1024.jpeg 768w, https:\/\/arteeluoghi.it\/wp-content\/uploads\/2020\/06\/IMG_5730-225x300.jpeg 225w, https:\/\/arteeluoghi.it\/wp-content\/uploads\/2020\/06\/IMG_5730.jpeg 840w\" sizes=\"(max-width: 768px) 100vw, 768px\" \/><\/figure><\/li><li class=\"blocks-gallery-item\"><figure><img loading=\"lazy\" width=\"1024\" height=\"768\" src=\"https:\/\/arteeluoghi.it\/wp-content\/uploads\/2020\/06\/IMG_5725-1024x768.jpeg\" alt=\"\" data-id=\"8494\" data-link=\"https:\/\/arteeluoghi.it\/?attachment_id=8494\" class=\"wp-image-8494\" srcset=\"https:\/\/arteeluoghi.it\/wp-content\/uploads\/2020\/06\/IMG_5725-1024x768.jpeg 1024w, https:\/\/arteeluoghi.it\/wp-content\/uploads\/2020\/06\/IMG_5725-300x225.jpeg 300w, https:\/\/arteeluoghi.it\/wp-content\/uploads\/2020\/06\/IMG_5725-768x576.jpeg 768w, https:\/\/arteeluoghi.it\/wp-content\/uploads\/2020\/06\/IMG_5725.jpeg 1494w\" sizes=\"(max-width: 1024px) 100vw, 1024px\" \/><\/figure><\/li><li class=\"blocks-gallery-item\"><figure><img loading=\"lazy\" width=\"1024\" height=\"767\" src=\"https:\/\/arteeluoghi.it\/wp-content\/uploads\/2020\/06\/IMG_5683-1024x767.jpeg\" alt=\"\" data-id=\"8493\" data-link=\"https:\/\/arteeluoghi.it\/?attachment_id=8493\" class=\"wp-image-8493\" srcset=\"https:\/\/arteeluoghi.it\/wp-content\/uploads\/2020\/06\/IMG_5683-1024x767.jpeg 1024w, https:\/\/arteeluoghi.it\/wp-content\/uploads\/2020\/06\/IMG_5683-300x225.jpeg 300w, https:\/\/arteeluoghi.it\/wp-content\/uploads\/2020\/06\/IMG_5683-768x575.jpeg 768w, https:\/\/arteeluoghi.it\/wp-content\/uploads\/2020\/06\/IMG_5683.jpeg 1476w\" sizes=\"(max-width: 1024px) 100vw, 1024px\" \/><\/figure><\/li><li class=\"blocks-gallery-item\"><figure><img loading=\"lazy\" width=\"1024\" height=\"768\" src=\"https:\/\/arteeluoghi.it\/wp-content\/uploads\/2020\/06\/IMG_5079-1024x768.jpeg\" alt=\"\" data-id=\"8492\" data-link=\"https:\/\/arteeluoghi.it\/?attachment_id=8492\" class=\"wp-image-8492\" srcset=\"https:\/\/arteeluoghi.it\/wp-content\/uploads\/2020\/06\/IMG_5079-1024x768.jpeg 1024w, https:\/\/arteeluoghi.it\/wp-content\/uploads\/2020\/06\/IMG_5079-300x225.jpeg 300w, https:\/\/arteeluoghi.it\/wp-content\/uploads\/2020\/06\/IMG_5079-768x576.jpeg 768w\" sizes=\"(max-width: 1024px) 100vw, 1024px\" \/><\/figure><\/li><li class=\"blocks-gallery-item\"><figure><img loading=\"lazy\" width=\"1024\" height=\"768\" src=\"https:\/\/arteeluoghi.it\/wp-content\/uploads\/2020\/06\/IMG_4874-1024x768.jpeg\" alt=\"\" data-id=\"8488\" data-link=\"https:\/\/arteeluoghi.it\/?attachment_id=8488\" class=\"wp-image-8488\" srcset=\"https:\/\/arteeluoghi.it\/wp-content\/uploads\/2020\/06\/IMG_4874-1024x768.jpeg 1024w, https:\/\/arteeluoghi.it\/wp-content\/uploads\/2020\/06\/IMG_4874-300x225.jpeg 300w, https:\/\/arteeluoghi.it\/wp-content\/uploads\/2020\/06\/IMG_4874-768x576.jpeg 768w\" sizes=\"(max-width: 1024px) 100vw, 1024px\" \/><\/figure><\/li><li class=\"blocks-gallery-item\"><figure><img loading=\"lazy\" width=\"1024\" height=\"768\" src=\"https:\/\/arteeluoghi.it\/wp-content\/uploads\/2020\/06\/IMG_4949-1024x768.jpeg\" alt=\"\" data-id=\"8489\" data-link=\"https:\/\/arteeluoghi.it\/?attachment_id=8489\" class=\"wp-image-8489\" srcset=\"https:\/\/arteeluoghi.it\/wp-content\/uploads\/2020\/06\/IMG_4949-1024x768.jpeg 1024w, https:\/\/arteeluoghi.it\/wp-content\/uploads\/2020\/06\/IMG_4949-300x225.jpeg 300w, https:\/\/arteeluoghi.it\/wp-content\/uploads\/2020\/06\/IMG_4949-768x576.jpeg 768w\" sizes=\"(max-width: 1024px) 100vw, 1024px\" \/><\/figure><\/li><li class=\"blocks-gallery-item\"><figure><img loading=\"lazy\" width=\"1024\" height=\"682\" src=\"https:\/\/arteeluoghi.it\/wp-content\/uploads\/2020\/06\/IMG_5024-1024x682.jpeg\" alt=\"\" data-id=\"8490\" data-link=\"https:\/\/arteeluoghi.it\/?attachment_id=8490\" class=\"wp-image-8490\" srcset=\"https:\/\/arteeluoghi.it\/wp-content\/uploads\/2020\/06\/IMG_5024-1024x682.jpeg 1024w, https:\/\/arteeluoghi.it\/wp-content\/uploads\/2020\/06\/IMG_5024-300x200.jpeg 300w, https:\/\/arteeluoghi.it\/wp-content\/uploads\/2020\/06\/IMG_5024-768x512.jpeg 768w\" sizes=\"(max-width: 1024px) 100vw, 1024px\" \/><\/figure><\/li><li class=\"blocks-gallery-item\"><figure><img loading=\"lazy\" width=\"768\" height=\"1024\" src=\"https:\/\/arteeluoghi.it\/wp-content\/uploads\/2020\/06\/IMG_5061-768x1024.jpeg\" alt=\"\" data-id=\"8491\" data-link=\"https:\/\/arteeluoghi.it\/?attachment_id=8491\" class=\"wp-image-8491\" srcset=\"https:\/\/arteeluoghi.it\/wp-content\/uploads\/2020\/06\/IMG_5061-768x1024.jpeg 768w, https:\/\/arteeluoghi.it\/wp-content\/uploads\/2020\/06\/IMG_5061-225x300.jpeg 225w\" sizes=\"(max-width: 768px) 100vw, 768px\" \/><\/figure><\/li><li class=\"blocks-gallery-item\"><figure><img loading=\"lazy\" width=\"720\" height=\"960\" src=\"https:\/\/arteeluoghi.it\/wp-content\/uploads\/2020\/06\/IMG_0575.jpeg\" alt=\"\" data-id=\"8487\" data-link=\"https:\/\/arteeluoghi.it\/?attachment_id=8487\" class=\"wp-image-8487\" srcset=\"https:\/\/arteeluoghi.it\/wp-content\/uploads\/2020\/06\/IMG_0575.jpeg 720w, https:\/\/arteeluoghi.it\/wp-content\/uploads\/2020\/06\/IMG_0575-225x300.jpeg 225w\" sizes=\"(max-width: 720px) 100vw, 720px\" \/><\/figure><\/li><li class=\"blocks-gallery-item\"><figure><img loading=\"lazy\" width=\"655\" height=\"437\" src=\"https:\/\/arteeluoghi.it\/wp-content\/uploads\/2020\/06\/IMG_0573.jpeg\" alt=\"\" data-id=\"8486\" data-link=\"https:\/\/arteeluoghi.it\/?attachment_id=8486\" class=\"wp-image-8486\" srcset=\"https:\/\/arteeluoghi.it\/wp-content\/uploads\/2020\/06\/IMG_0573.jpeg 655w, https:\/\/arteeluoghi.it\/wp-content\/uploads\/2020\/06\/IMG_0573-300x200.jpeg 300w\" sizes=\"(max-width: 655px) 100vw, 655px\" \/><\/figure><\/li><li class=\"blocks-gallery-item\"><figure><img loading=\"lazy\" width=\"960\" height=\"720\" src=\"https:\/\/arteeluoghi.it\/wp-content\/uploads\/2020\/06\/IMG_0572.jpeg\" alt=\"\" data-id=\"8485\" data-link=\"https:\/\/arteeluoghi.it\/?attachment_id=8485\" class=\"wp-image-8485\" srcset=\"https:\/\/arteeluoghi.it\/wp-content\/uploads\/2020\/06\/IMG_0572.jpeg 960w, https:\/\/arteeluoghi.it\/wp-content\/uploads\/2020\/06\/IMG_0572-300x225.jpeg 300w, https:\/\/arteeluoghi.it\/wp-content\/uploads\/2020\/06\/IMG_0572-768x576.jpeg 768w\" sizes=\"(max-width: 960px) 100vw, 960px\" \/><\/figure><\/li><li class=\"blocks-gallery-item\"><figure><img loading=\"lazy\" width=\"951\" height=\"709\" src=\"https:\/\/arteeluoghi.it\/wp-content\/uploads\/2020\/06\/IMG_0571.jpeg\" alt=\"\" data-id=\"8484\" data-link=\"https:\/\/arteeluoghi.it\/?attachment_id=8484\" class=\"wp-image-8484\" srcset=\"https:\/\/arteeluoghi.it\/wp-content\/uploads\/2020\/06\/IMG_0571.jpeg 951w, https:\/\/arteeluoghi.it\/wp-content\/uploads\/2020\/06\/IMG_0571-300x224.jpeg 300w, https:\/\/arteeluoghi.it\/wp-content\/uploads\/2020\/06\/IMG_0571-768x573.jpeg 768w\" sizes=\"(max-width: 951px) 100vw, 951px\" \/><\/figure><\/li><li class=\"blocks-gallery-item\"><figure><img loading=\"lazy\" width=\"960\" height=\"720\" src=\"https:\/\/arteeluoghi.it\/wp-content\/uploads\/2020\/06\/IMG_0568.jpeg\" alt=\"\" data-id=\"8483\" data-link=\"https:\/\/arteeluoghi.it\/?attachment_id=8483\" class=\"wp-image-8483\" srcset=\"https:\/\/arteeluoghi.it\/wp-content\/uploads\/2020\/06\/IMG_0568.jpeg 960w, https:\/\/arteeluoghi.it\/wp-content\/uploads\/2020\/06\/IMG_0568-300x225.jpeg 300w, https:\/\/arteeluoghi.it\/wp-content\/uploads\/2020\/06\/IMG_0568-768x576.jpeg 768w\" sizes=\"(max-width: 960px) 100vw, 960px\" \/><\/figure><\/li><\/ul>\n\n\n\n<p>Tanto pi\u00f9 perch\u00e9 un vago pensiero mi diceva che, concluso il tratto che credevo pi\u00f9 affascinante, quello umbro &#8211; toscano, il prosieguo nel Lazio sarebbe stato si piacevole, ma meno spettacolare ed emozionante.<br>\nE invece mi sbagliavo di grosso perch\u00e9 non sapevo che il bello, se ancora fosse possibile, quello che mi sarebbe rimasto pi\u00f9 impresso di quel viaggio, doveva ancora arrivare.<br>\nLa mattina seguente i dubbi della sera prima erano gi\u00e0 svaniti, ed in una giornata che si preannunciava mite e splendida, come solo maggio sa regalare, ho continuato proseguendo verso sud.<br>\nDi l\u00ec a qualche giorno passando per la Romita di Cesi e Collescipoli sono giunto al fantastico borgo medievale di Stroncone, ed \u00e8 stata la prima sorpresa, direi un primo regalo, un viatico, pi\u00f9 che un invito, a proseguire verso la Valle Reatina. <br>\nA Stroncone mi sono inoltrato nelle sue stradine e viuzze che paiono come una casba medievale, e tra una chiacchiera scambiata con un anziano abitante e qualche foto scattata nella luce magica del tardi pomeriggio, il tempo \u00e8 passato in fretta.<br>\nA sera, In una terrazza affacciata sulla valle, seduto su una panchina sotto un platano, sono stato unico spettatore del lento declinare del sole dietro la montagna con le sue sfumature di rosso. Qua e la, brandelli di nuvole screziavano il cielo dando profondit\u00e0 alla scena. Pregustavo, dopo una giornata di saliscendi, la cena in una trattoria del paese ed il riposo della notte.<br>\nPrima di addormentarmi, quella sera, ho pensato che l\u2019emozione dell\u2019esperienza che stavo vivendo era si dovuta alla scoperta di quell\u2019angolo di Paese da me fino allora sconosciuto ma, il modo particolare, direi in punta di piedi, con cui mi avvicinavo a quei posti cos\u00ec intimi ed appartati rendeva quella esperienza ancor pi\u00f9 unica e straordinaria. Quella sensazione l\u2019ho paragonata all\u2019ebbrezza della scoperta dei primi viaggiatori di territori mai esplorati e ho pensato anche che, in un mondo che si va sempre pi\u00f9 globalizzando ed uniformando intorno al pensiero unico del mercato, un giorno, non molto lontano, perderemo definitivamente il fascino della scoperta del nuovo e del diverso, semplicemente perch\u00e9 il nuovo e diverso non ci saranno pi\u00f9. E sar\u00e0 una grave e definitiva perdita, perch\u00e9 forse pi\u00f9 niente ci sorprender\u00e0.<br>\nHo pensato al futuro di questi piccoli borghi dopo l\u2019estinzione di questa ultima, residua generazione di anziani che ancora, in qualche modo, li tengono in vita. Forse in un prossimo futuro si trasformeranno in villaggi Airbnb? O musei all\u2019aperto? Un velo di malinconia mi ha attraversato un attimo prima di prendere sonno.<br>\nUscito prestissimo la mattina, mi sono abbeverato alla fontana del paese e la frescura dell\u2019aria, il rumore di una sedia spostata all\u2019interno di una casa, il canto lontano di un gallo mi hanno salutato per un nuovo giorno tutto da vivere.<br>\nDopo alcuni chilometri ed una lunga salita, ho valicato, finalmente, nella splendida \u201cValle Santa\u201d e questa, e tutto quello che mi attendeva, sar\u00e0 il premio alla determinazione a proseguire fino in fondo il mio cammino. <br>\nDa li in alto la vista \u00e8 sublime e si possono ammirare i borghi e i paesi tutt\u2019intorno e i loro eremi, a cominciare da quello di Greccio dove, poco pi\u00f9 tardi, arriver\u00f2 e quel posto, cos\u00ec fresco e riposante, mi accoglier\u00e0 nella sua intimit\u00e0 ed io, liberato le mie spalle dal fardello, mi conceder\u00f2 una riposante visita tra le mura del santuario cogliendone tutta la suggestione.<br>\nFrancesco amava particolarmente l\u2019eremo di Greccio e la Valle Reatina. \u201cNegli anni degli inizi della Comunit\u00e0\u201d, recita la guida di Angela Serracchioli edita da Terre di Mezzo che porto con me, \u201cla valle aveva accolto   amorevolmente lui e i suoi compagni quando Assisi chiudeva le porte a quella banda di straccioni che una volta erano stati giovani di belle speranze. Il primo gruppo della comunit\u00e0 trover\u00e0 rifugio a Poggio Bustone e negli anni successivi i suoi fratelli e lui soggiorneranno a Greccio, Fonte Colombo a San Fabiano la Foresta che \u00e8 a Rieti\u201d e queste, appunto, erano le perle che, disposte tutte intorno alla Valle Santa come ad una corona preziosa, mi attenderanno nei giorni successivi.<br>\nLasciato l\u2019eremo ed arrivato a Greccio, dopo la sistemazione presso una casa privata, sono uscito per le vie di questo piccolissimo borgo medievale e, giunto nella stupenda piazza dominata dalla chiesa di San Michele e da una torre campanaria bellissima, ho trovato forse l\u2019unica trattoria del borgo dove, una delle quattro donne sedute a semicerchio davanti all\u2019ingresso, alla mia richiesta mi ha invitato ad accomodarmi ad un tavolo all\u2019interno , ospite unico,  di quel fresco e pulito  locale dall\u2019arredamento sobrio ed antico .<br>\nLa donna, avanti con gli anni, ha cucinato solo per me un\u2019enorme portata di pappardelle con funghi e, tra un sorso e l\u2019altro di un rosso locale, si \u00e8 resa di buon grado disponibile a raccontare scampoli della sua vita e quella del paese, in particolare del primo presepio della storia realizzato da Francesco a Greccio e, mentre parlava, ho pensato che sarebbe straordinario trovare sempre qualcuno disposto a raccontarti storie. <br>\nLa conversazione era piacevole. La mia interlocutrice, che sulle prime mi era sembrata di pochissime parole, forse stimolata da qualche mia domanda, aveva mostrato tutta la sua loquacit\u00e0 e forza espressiva al punto che con dispiacere ho dovuto, di li a poco, alzarmi per andare via. Bisognava guadagnare il letto per dormire il tempo necessario per ricominciare, l\u2019indomani presto, una nuova giornata di cammino.<br>\nAvviatomi per un ultimo giro tra le stradine del borgo, prima di rientrare, mi sono domandato qual \u00e8 il richiamo irresistibile che mi spinge verso questo tipo di esperienza, la vera istanza di questo andare senza posa per vie cos\u00ec poco battute e piene di voci. <br>\nNon so se \u00e8 stata una risposta, ma nello stesso tempo in cui mi ponevo quella domanda, quasi a prevenirla, forse influenzato dal canto del gallo udito quella mattina all\u2019alba, ho pensato alle parole di Thoureu che descrivono quel canto come l\u2019espressione della salute e della forza della natura, un messaggio d\u2019orgoglio al resto del mondo, benessere che zampilla dalla sorgente, una nuova fonte delle muse per celebrare l\u2019istante che fugge. E poi \u201cQuando, in preda alla pi\u00f9 profonda tristezza, odo da lontano, o nelle vicinanze, il canto di un gallo rompere la   terrificante immobilit\u00e0 domenicale delle nostre strade, o la veglia nella casa di un morto, dico a me stesso   \u2018c\u2019\u00e8 qualcuno di noi, dopotutto, che sta bene\u2019, e un fremito improvviso mi riporta a me stesso\u201d. <\/p>\n","protected":false},"excerpt":{"rendered":"<p>Lungo l\u2019appennino verso la Valle Santa. Il reportage Antonio Giannini<\/p>\n","protected":false},"author":1,"featured_media":8499,"comment_status":"open","ping_status":"open","sticky":true,"template":"","format":"standard","meta":[],"categories":[8,30],"tags":[2274,2381,2387,2390,2391,2001,2385,2382,2386,2388,2384,2389,2380],"yoast_head":"<!-- This site is optimized with the Yoast SEO plugin v18.0 - https:\/\/yoast.com\/wordpress\/plugins\/seo\/ -->\n<title>Sulle orme di Francesco | Arte e Luoghi<\/title>\n<meta name=\"description\" content=\"Girovagando lungo i percorsi che portano al Santo d\u2019Assisi. Sulle orme di Francesco lungo l&#039;Appenino verso la Valle Santa\" \/>\n<meta name=\"robots\" content=\"index, follow, max-snippet:-1, max-image-preview:large, max-video-preview:-1\" \/>\n<link rel=\"canonical\" href=\"https:\/\/arteeluoghi.it\/index.php\/2020\/06\/01\/sulle-orme-di-francesco\/\" \/>\n<meta property=\"og:locale\" content=\"it_IT\" \/>\n<meta property=\"og:type\" content=\"article\" \/>\n<meta property=\"og:title\" content=\"Sulle orme di Francesco | Arte e Luoghi\" \/>\n<meta property=\"og:description\" content=\"Girovagando lungo i percorsi che portano al Santo d\u2019Assisi. Sulle orme di Francesco lungo l&#039;Appenino verso la Valle Santa\" \/>\n<meta property=\"og:url\" content=\"https:\/\/arteeluoghi.it\/index.php\/2020\/06\/01\/sulle-orme-di-francesco\/\" \/>\n<meta property=\"og:site_name\" content=\"Arte e Luoghi\" \/>\n<meta property=\"article:publisher\" content=\"https:\/\/www.facebook.com\/ArteELuoghi\/\" \/>\n<meta property=\"article:published_time\" content=\"2020-06-01T21:50:22+00:00\" \/>\n<meta property=\"article:modified_time\" content=\"2020-06-20T22:13:10+00:00\" \/>\n<meta property=\"og:image\" content=\"https:\/\/arteeluoghi.it\/wp-content\/uploads\/2020\/06\/IMG_7824-768x1024.jpeg\" \/>\n\t<meta property=\"og:image:width\" content=\"768\" \/>\n\t<meta property=\"og:image:height\" content=\"1024\" \/>\n\t<meta property=\"og:image:type\" content=\"image\/jpeg\" \/>\n<meta name=\"twitter:card\" content=\"summary\" \/>\n<meta name=\"twitter:creator\" content=\"@arteeluoghi\" \/>\n<meta name=\"twitter:site\" content=\"@arteeluoghi\" \/>\n<meta name=\"twitter:label1\" content=\"Scritto da\" \/>\n\t<meta name=\"twitter:data1\" content=\"Staff\" \/>\n\t<meta name=\"twitter:label2\" content=\"Tempo di lettura stimato\" \/>\n\t<meta name=\"twitter:data2\" content=\"9 minuti\" \/>\n<script type=\"application\/ld+json\" class=\"yoast-schema-graph\">{\"@context\":\"https:\/\/schema.org\",\"@graph\":[{\"@type\":\"Organization\",\"@id\":\"https:\/\/arteeluoghi.it\/#organization\",\"name\":\"Arte e Luoghi\",\"url\":\"https:\/\/arteeluoghi.it\/\",\"sameAs\":[\"https:\/\/www.facebook.com\/ArteELuoghi\/\",\"https:\/\/www.instagram.com\/arteeluoghi\/?hl=it\",\"https:\/\/www.youtube.com\/channel\/UCuRVc4JW4-C5sg9rQB-srkw?view_as=subscriber\",\"https:\/\/twitter.com\/arteeluoghi\"],\"logo\":{\"@type\":\"ImageObject\",\"@id\":\"https:\/\/arteeluoghi.it\/#logo\",\"inLanguage\":\"it-IT\",\"url\":\"https:\/\/arteeluoghi.it\/wp-content\/uploads\/2018\/08\/logoinstagramarte.jpg\",\"contentUrl\":\"https:\/\/arteeluoghi.it\/wp-content\/uploads\/2018\/08\/logoinstagramarte.jpg\",\"width\":150,\"height\":150,\"caption\":\"Arte e Luoghi\"},\"image\":{\"@id\":\"https:\/\/arteeluoghi.it\/#logo\"}},{\"@type\":\"WebSite\",\"@id\":\"https:\/\/arteeluoghi.it\/#website\",\"url\":\"https:\/\/arteeluoghi.it\/\",\"name\":\"Arte e Luoghi\",\"description\":\"Mensile di arte, cultura, turismo e curiosit\u00e0\",\"publisher\":{\"@id\":\"https:\/\/arteeluoghi.it\/#organization\"},\"potentialAction\":[{\"@type\":\"SearchAction\",\"target\":{\"@type\":\"EntryPoint\",\"urlTemplate\":\"https:\/\/arteeluoghi.it\/?s={search_term_string}\"},\"query-input\":\"required name=search_term_string\"}],\"inLanguage\":\"it-IT\"},{\"@type\":\"ImageObject\",\"@id\":\"https:\/\/arteeluoghi.it\/index.php\/2020\/06\/01\/sulle-orme-di-francesco\/#primaryimage\",\"inLanguage\":\"it-IT\",\"url\":\"https:\/\/arteeluoghi.it\/wp-content\/uploads\/2020\/06\/IMG_7824.jpeg\",\"contentUrl\":\"https:\/\/arteeluoghi.it\/wp-content\/uploads\/2020\/06\/IMG_7824.jpeg\",\"width\":2382,\"height\":3177},{\"@type\":\"WebPage\",\"@id\":\"https:\/\/arteeluoghi.it\/index.php\/2020\/06\/01\/sulle-orme-di-francesco\/#webpage\",\"url\":\"https:\/\/arteeluoghi.it\/index.php\/2020\/06\/01\/sulle-orme-di-francesco\/\",\"name\":\"Sulle orme di Francesco | Arte e Luoghi\",\"isPartOf\":{\"@id\":\"https:\/\/arteeluoghi.it\/#website\"},\"primaryImageOfPage\":{\"@id\":\"https:\/\/arteeluoghi.it\/index.php\/2020\/06\/01\/sulle-orme-di-francesco\/#primaryimage\"},\"datePublished\":\"2020-06-01T21:50:22+00:00\",\"dateModified\":\"2020-06-20T22:13:10+00:00\",\"description\":\"Girovagando lungo i percorsi che portano al Santo d\u2019Assisi. Sulle orme di Francesco lungo l'Appenino verso la Valle Santa\",\"breadcrumb\":{\"@id\":\"https:\/\/arteeluoghi.it\/index.php\/2020\/06\/01\/sulle-orme-di-francesco\/#breadcrumb\"},\"inLanguage\":\"it-IT\",\"potentialAction\":[{\"@type\":\"ReadAction\",\"target\":[\"https:\/\/arteeluoghi.it\/index.php\/2020\/06\/01\/sulle-orme-di-francesco\/\"]}]},{\"@type\":\"BreadcrumbList\",\"@id\":\"https:\/\/arteeluoghi.it\/index.php\/2020\/06\/01\/sulle-orme-di-francesco\/#breadcrumb\",\"itemListElement\":[{\"@type\":\"ListItem\",\"position\":1,\"name\":\"Home\",\"item\":\"https:\/\/arteeluoghi.it\/\"},{\"@type\":\"ListItem\",\"position\":2,\"name\":\"Sulle orme di Francesco\"}]},{\"@type\":\"Article\",\"@id\":\"https:\/\/arteeluoghi.it\/index.php\/2020\/06\/01\/sulle-orme-di-francesco\/#article\",\"isPartOf\":{\"@id\":\"https:\/\/arteeluoghi.it\/index.php\/2020\/06\/01\/sulle-orme-di-francesco\/#webpage\"},\"author\":{\"@id\":\"https:\/\/arteeluoghi.it\/#\/schema\/person\/f84e814e36e91e01448ee07eaadd41d4\"},\"headline\":\"Sulle orme di Francesco\",\"datePublished\":\"2020-06-01T21:50:22+00:00\",\"dateModified\":\"2020-06-20T22:13:10+00:00\",\"mainEntityOfPage\":{\"@id\":\"https:\/\/arteeluoghi.it\/index.php\/2020\/06\/01\/sulle-orme-di-francesco\/#webpage\"},\"wordCount\":1740,\"commentCount\":0,\"publisher\":{\"@id\":\"https:\/\/arteeluoghi.it\/#organization\"},\"image\":{\"@id\":\"https:\/\/arteeluoghi.it\/index.php\/2020\/06\/01\/sulle-orme-di-francesco\/#primaryimage\"},\"thumbnailUrl\":\"https:\/\/arteeluoghi.it\/wp-content\/uploads\/2020\/06\/IMG_7824.jpeg\",\"keywords\":[\"Antonio Giannini\",\"Appenino\",\"Assisi\",\"Citt\u00e0 di Castello\",\"Gubbio\",\"Italia\",\"Pieve Santo Stefano\",\"San Francesco\",\"San Sepolcro\",\"Spello\",\"Spoleto\",\"Trevi\",\"Valle Santa\"],\"articleSection\":[\"LUOGHI\",\"Turismo | geografica-mente\"],\"inLanguage\":\"it-IT\",\"potentialAction\":[{\"@type\":\"CommentAction\",\"name\":\"Comment\",\"target\":[\"https:\/\/arteeluoghi.it\/index.php\/2020\/06\/01\/sulle-orme-di-francesco\/#respond\"]}]},{\"@type\":\"Person\",\"@id\":\"https:\/\/arteeluoghi.it\/#\/schema\/person\/f84e814e36e91e01448ee07eaadd41d4\",\"name\":\"Staff\",\"image\":{\"@type\":\"ImageObject\",\"@id\":\"https:\/\/arteeluoghi.it\/#personlogo\",\"inLanguage\":\"it-IT\",\"url\":\"https:\/\/secure.gravatar.com\/avatar\/49d2f9e46271bb04e19cebfaf141313a?s=96&d=blank&r=g\",\"contentUrl\":\"https:\/\/secure.gravatar.com\/avatar\/49d2f9e46271bb04e19cebfaf141313a?s=96&d=blank&r=g\",\"caption\":\"Staff\"}}]}<\/script>\n<!-- \/ Yoast SEO plugin. -->","yoast_head_json":{"title":"Sulle orme di Francesco | Arte e Luoghi","description":"Girovagando lungo i percorsi che portano al Santo d\u2019Assisi. Sulle orme di Francesco lungo l'Appenino verso la Valle Santa","robots":{"index":"index","follow":"follow","max-snippet":"max-snippet:-1","max-image-preview":"max-image-preview:large","max-video-preview":"max-video-preview:-1"},"canonical":"https:\/\/arteeluoghi.it\/index.php\/2020\/06\/01\/sulle-orme-di-francesco\/","og_locale":"it_IT","og_type":"article","og_title":"Sulle orme di Francesco | Arte e Luoghi","og_description":"Girovagando lungo i percorsi che portano al Santo d\u2019Assisi. Sulle orme di Francesco lungo l'Appenino verso la Valle Santa","og_url":"https:\/\/arteeluoghi.it\/index.php\/2020\/06\/01\/sulle-orme-di-francesco\/","og_site_name":"Arte e Luoghi","article_publisher":"https:\/\/www.facebook.com\/ArteELuoghi\/","article_published_time":"2020-06-01T21:50:22+00:00","article_modified_time":"2020-06-20T22:13:10+00:00","og_image":[{"width":768,"height":1024,"url":"https:\/\/arteeluoghi.it\/wp-content\/uploads\/2020\/06\/IMG_7824-768x1024.jpeg","type":"image\/jpeg"}],"twitter_card":"summary","twitter_creator":"@arteeluoghi","twitter_site":"@arteeluoghi","twitter_misc":{"Scritto da":"Staff","Tempo di lettura stimato":"9 minuti"},"schema":{"@context":"https:\/\/schema.org","@graph":[{"@type":"Organization","@id":"https:\/\/arteeluoghi.it\/#organization","name":"Arte e Luoghi","url":"https:\/\/arteeluoghi.it\/","sameAs":["https:\/\/www.facebook.com\/ArteELuoghi\/","https:\/\/www.instagram.com\/arteeluoghi\/?hl=it","https:\/\/www.youtube.com\/channel\/UCuRVc4JW4-C5sg9rQB-srkw?view_as=subscriber","https:\/\/twitter.com\/arteeluoghi"],"logo":{"@type":"ImageObject","@id":"https:\/\/arteeluoghi.it\/#logo","inLanguage":"it-IT","url":"https:\/\/arteeluoghi.it\/wp-content\/uploads\/2018\/08\/logoinstagramarte.jpg","contentUrl":"https:\/\/arteeluoghi.it\/wp-content\/uploads\/2018\/08\/logoinstagramarte.jpg","width":150,"height":150,"caption":"Arte e Luoghi"},"image":{"@id":"https:\/\/arteeluoghi.it\/#logo"}},{"@type":"WebSite","@id":"https:\/\/arteeluoghi.it\/#website","url":"https:\/\/arteeluoghi.it\/","name":"Arte e Luoghi","description":"Mensile di arte, cultura, turismo e curiosit\u00e0","publisher":{"@id":"https:\/\/arteeluoghi.it\/#organization"},"potentialAction":[{"@type":"SearchAction","target":{"@type":"EntryPoint","urlTemplate":"https:\/\/arteeluoghi.it\/?s={search_term_string}"},"query-input":"required name=search_term_string"}],"inLanguage":"it-IT"},{"@type":"ImageObject","@id":"https:\/\/arteeluoghi.it\/index.php\/2020\/06\/01\/sulle-orme-di-francesco\/#primaryimage","inLanguage":"it-IT","url":"https:\/\/arteeluoghi.it\/wp-content\/uploads\/2020\/06\/IMG_7824.jpeg","contentUrl":"https:\/\/arteeluoghi.it\/wp-content\/uploads\/2020\/06\/IMG_7824.jpeg","width":2382,"height":3177},{"@type":"WebPage","@id":"https:\/\/arteeluoghi.it\/index.php\/2020\/06\/01\/sulle-orme-di-francesco\/#webpage","url":"https:\/\/arteeluoghi.it\/index.php\/2020\/06\/01\/sulle-orme-di-francesco\/","name":"Sulle orme di Francesco | Arte e Luoghi","isPartOf":{"@id":"https:\/\/arteeluoghi.it\/#website"},"primaryImageOfPage":{"@id":"https:\/\/arteeluoghi.it\/index.php\/2020\/06\/01\/sulle-orme-di-francesco\/#primaryimage"},"datePublished":"2020-06-01T21:50:22+00:00","dateModified":"2020-06-20T22:13:10+00:00","description":"Girovagando lungo i percorsi che portano al Santo d\u2019Assisi. Sulle orme di Francesco lungo l'Appenino verso la Valle Santa","breadcrumb":{"@id":"https:\/\/arteeluoghi.it\/index.php\/2020\/06\/01\/sulle-orme-di-francesco\/#breadcrumb"},"inLanguage":"it-IT","potentialAction":[{"@type":"ReadAction","target":["https:\/\/arteeluoghi.it\/index.php\/2020\/06\/01\/sulle-orme-di-francesco\/"]}]},{"@type":"BreadcrumbList","@id":"https:\/\/arteeluoghi.it\/index.php\/2020\/06\/01\/sulle-orme-di-francesco\/#breadcrumb","itemListElement":[{"@type":"ListItem","position":1,"name":"Home","item":"https:\/\/arteeluoghi.it\/"},{"@type":"ListItem","position":2,"name":"Sulle orme di Francesco"}]},{"@type":"Article","@id":"https:\/\/arteeluoghi.it\/index.php\/2020\/06\/01\/sulle-orme-di-francesco\/#article","isPartOf":{"@id":"https:\/\/arteeluoghi.it\/index.php\/2020\/06\/01\/sulle-orme-di-francesco\/#webpage"},"author":{"@id":"https:\/\/arteeluoghi.it\/#\/schema\/person\/f84e814e36e91e01448ee07eaadd41d4"},"headline":"Sulle orme di Francesco","datePublished":"2020-06-01T21:50:22+00:00","dateModified":"2020-06-20T22:13:10+00:00","mainEntityOfPage":{"@id":"https:\/\/arteeluoghi.it\/index.php\/2020\/06\/01\/sulle-orme-di-francesco\/#webpage"},"wordCount":1740,"commentCount":0,"publisher":{"@id":"https:\/\/arteeluoghi.it\/#organization"},"image":{"@id":"https:\/\/arteeluoghi.it\/index.php\/2020\/06\/01\/sulle-orme-di-francesco\/#primaryimage"},"thumbnailUrl":"https:\/\/arteeluoghi.it\/wp-content\/uploads\/2020\/06\/IMG_7824.jpeg","keywords":["Antonio Giannini","Appenino","Assisi","Citt\u00e0 di Castello","Gubbio","Italia","Pieve Santo Stefano","San Francesco","San Sepolcro","Spello","Spoleto","Trevi","Valle Santa"],"articleSection":["LUOGHI","Turismo | geografica-mente"],"inLanguage":"it-IT","potentialAction":[{"@type":"CommentAction","name":"Comment","target":["https:\/\/arteeluoghi.it\/index.php\/2020\/06\/01\/sulle-orme-di-francesco\/#respond"]}]},{"@type":"Person","@id":"https:\/\/arteeluoghi.it\/#\/schema\/person\/f84e814e36e91e01448ee07eaadd41d4","name":"Staff","image":{"@type":"ImageObject","@id":"https:\/\/arteeluoghi.it\/#personlogo","inLanguage":"it-IT","url":"https:\/\/secure.gravatar.com\/avatar\/49d2f9e46271bb04e19cebfaf141313a?s=96&d=blank&r=g","contentUrl":"https:\/\/secure.gravatar.com\/avatar\/49d2f9e46271bb04e19cebfaf141313a?s=96&d=blank&r=g","caption":"Staff"}}]}},"_links":{"self":[{"href":"https:\/\/arteeluoghi.it\/index.php\/wp-json\/wp\/v2\/posts\/8482"}],"collection":[{"href":"https:\/\/arteeluoghi.it\/index.php\/wp-json\/wp\/v2\/posts"}],"about":[{"href":"https:\/\/arteeluoghi.it\/index.php\/wp-json\/wp\/v2\/types\/post"}],"author":[{"embeddable":true,"href":"https:\/\/arteeluoghi.it\/index.php\/wp-json\/wp\/v2\/users\/1"}],"replies":[{"embeddable":true,"href":"https:\/\/arteeluoghi.it\/index.php\/wp-json\/wp\/v2\/comments?post=8482"}],"version-history":[{"count":1,"href":"https:\/\/arteeluoghi.it\/index.php\/wp-json\/wp\/v2\/posts\/8482\/revisions"}],"predecessor-version":[{"id":8500,"href":"https:\/\/arteeluoghi.it\/index.php\/wp-json\/wp\/v2\/posts\/8482\/revisions\/8500"}],"wp:featuredmedia":[{"embeddable":true,"href":"https:\/\/arteeluoghi.it\/index.php\/wp-json\/wp\/v2\/media\/8499"}],"wp:attachment":[{"href":"https:\/\/arteeluoghi.it\/index.php\/wp-json\/wp\/v2\/media?parent=8482"}],"wp:term":[{"taxonomy":"category","embeddable":true,"href":"https:\/\/arteeluoghi.it\/index.php\/wp-json\/wp\/v2\/categories?post=8482"},{"taxonomy":"post_tag","embeddable":true,"href":"https:\/\/arteeluoghi.it\/index.php\/wp-json\/wp\/v2\/tags?post=8482"}],"curies":[{"name":"wp","href":"https:\/\/api.w.org\/{rel}","templated":true}]}}