{"id":85,"date":"2010-11-07T20:00:18","date_gmt":"2010-11-07T19:00:18","guid":{"rendered":"http:\/\/arteeluoghi.it\/index.php\/2010\/11\/07\/la-biblioteca-delle-benedettine-di-s-pietro-in-ostuni\/"},"modified":"2010-11-07T20:00:18","modified_gmt":"2010-11-07T19:00:18","slug":"la-biblioteca-delle-benedettine-di-s-pietro-in-ostuni","status":"publish","type":"post","link":"https:\/\/arteeluoghi.it\/index.php\/2010\/11\/07\/la-biblioteca-delle-benedettine-di-s-pietro-in-ostuni\/","title":{"rendered":"LA BIBLIOTECA DELLE BENEDETTINE DI S. PIETRO IN OSTUNI"},"content":{"rendered":"<p>Nuovo appuntamento delle attivit\u00e0 culturali dell\u2019\u201dUniversit\u00e0 delle Tre Et\u00e0\u201d di Ostuni<br \/>LA BIBLIOTECA DELLE BENEDETTINE DI S. PIETRO IN OSTUNI<br \/>La giovane studiosa Maria Grazia Barnaba e il professor Gino Pisan\u00f2 illustreranno uno dei pi\u00f9 importanti \u201ctesori culturali\u201d della Citt\u00e0 Bianca<\/p>\n<p>L\u2019\u201dUnitre\u201d di Ostuni, l\u2019\u201dUniversit\u00e0 delle Tre Et\u00e0\u201d, ha programmato anche per quest\u2019anno un intenso calendario di attivit\u00e0 culturali, nell\u2019ambito dell\u2019anno accademico 2010-2011.\u00a0 Tutti gli incontri dell\u2019\u201dUnitre\u201d, patrocinati dall\u2019Amministrazione Comunale, si tengono nell\u2019auditorium della Biblioteca Comunale di Ostuni.<br \/>Uno dei pi\u00f9 interessanti sar\u00e0 quello che si svolger\u00e0 venerd\u00ec 12 novembre, alle ore 17.30. La dott.ssa Maria Grazia Barnaba illustrer\u00e0, infatti, il prezioso contenuto della \u201cBiblioteca delle Benedettine di S. Pietro in Ostuni\u201d, mentre il prof. Gino Pisan\u00f2 tratter\u00e0 delle \u201cBiblioteche nel Medioevo\u201d.<\/p>\n<p \/>  <!--more-->  Maria Grazia Barnaba, giovane studiosa ostunese, ha recentemente vinto il primo premio nella sezione tesi di laurea della sesta edizione del premio cultura \u201cCitt\u00e0 di Ostuni\u201d, intitolato a Leonardo Mondadori. Il suo lavoro \u00e8 stato incentrato proprio sul \u201cFondo antico della Biblioteca delle Benedettine di S. Pietro in Ostuni\u201d. Negli ultimi anni, infatti, le biblioteche dei monasteri hanno riscosso un particolare interesse da parte di molti studiosi proprio perch\u00e9 permettono di ricostruire il cammino che lega la diffusione del libro al livello di cultura e di erudizione presente nei monasteri stessi. E la \u201cBiblioteca delle Benedettine di S. Pietro di Ostuni\u201d (prima met\u00e0 del XVI secolo) ne \u00e8 un sostanzioso esempio. Il Fondo Antico di questo monastero \u00e8 stato, dunque, l\u2019oggetto dello studio e della catalogazione di Maria Grazia Barnaba.<br \/>Adesso, proprio grazie a questo lavoro \u2013 raffinato e certosino \u2013 \u00e8 possibile non solo tracciare un quadro delle influenze esercitate all\u2019interno dello stesso monastero (si pensi, in particolare, a quelle gesuitiche), ma anche ottenere nuove notizie sulla circolazione nell\u2019Italia meridionale di un testo particolarmente discusso quale \u201cLa mistica citt\u00e0 di Dio\u201d della spagnola Maria D\u2019Agreda.<br \/>Lo studio e la catalogazione del Fondo hanno riguardato 187 unit\u00e0, di cui 159 settecentine e 28 secentine. L\u2019allestimento delle stanze da destinare a biblioteca del monastero delle Benedettine si deve alla badessa Anna Attanasio. Prima del suo intervento, nel 1982, i circa dodicimila volumi presenti non avevano trovato un\u2019adeguata sistemazione.<br \/>Difficile, se non impossibile, trovare notizie certe circa la nascita e i successivi sviluppi della Biblioteca. Si sa, comunque, che, negli anni Sessanta, un benedettino del monastero di S. Maria della Scala di Noci, chiese ed ottenne dalle suore ostunesi di poter portare via diverse antiche edizioni; solo successivamente ne fu chiesta la restituzione, tramite l\u2019abate Ludovico Intini. Come fa notare Maria Grazia Barnaba, la restituzione avvenne, per\u00f2, solo in parte, perch\u00e9 il monaco era stato, nel frattempo, trasferito e non vi era alcun timbro o indicazione di possesso che potesse far riconoscere i libri appartenuti al monastero. Il lavoro della giovane studiosa ostunese sottolinea la totale assenza d\u2019incunaboli e cinquecentine: il che risulta essere piuttosto insolito, trattandosi comunque della biblioteca di un monastero fondato nella prima met\u00e0 del XVI secolo. Per questa ragione, \u00e8 possibile formulare soltanto delle ipotesi per ricostruire l\u2019iter che questi volumi hanno percorso durante i secoli. Comunque, la pi\u00f9 antica testimonianza di possesso, Maria Grazia Barnaba l\u2019ha rinvenuta su \u201cIl cammino spirituale\u201d dell\u2019abate Ercole D\u2019Aiello (1605), dove si pu\u00f2 leggere che un tale Ferrante Bisanti era nato alle idi di luglio del 1571.<br \/>In conclusione, il lavoro di Maria Grazia Barnaba valorizza in maniera definitiva la ricchissima Biblioteca delle Benedettine di S. Pietro, riconducendola al suo fondamentale ruolo storico e culturale: un patrimonio quasi del tutto sconosciuto, fino a poco tempo fa, che adesso, per\u00f2, \u201cviene alla luce\u201d, tornando ad essere fruibile per chiunque abbia a cuore la storia e la memoria della nostra terra. Il tutto, naturalmente, grazie alla passione e alla tenacia di una giovane studiosa ostunese, che ha voluto rendere tangibile l\u2019amore per la sua terra.\u00a0\u00a0\u00a0\u00a0\u00a0\u00a0\u00a0\u00a0\u00a0\u00a0\u00a0\u00a0\u00a0\u00a0\u00a0\u00a0\u00a0\u00a0\u00a0\u00a0\u00a0\u00a0\u00a0\u00a0\u00a0\u00a0\u00a0\u00a0\u00a0\u00a0\u00a0\u00a0\u00a0\u00a0\u00a0\u00a0\u00a0\u00a0\u00a0\u00a0\u00a0\u00a0\u00a0\u00a0\u00a0\u00a0\u00a0\u00a0\u00a0\u00a0\u00a0\u00a0\u00a0\u00a0\u00a0\u00a0\u00a0 (Gabriele De Blasi)<\/p>\n","protected":false},"excerpt":{"rendered":"<p>Nuovo appuntamento delle attivit\u00e0 culturali dell\u2019\u201dUniversit\u00e0 delle Tre Et\u00e0\u201d di OstuniLA BIBLIOTECA DELLE BENEDETTINE DI S. PIETRO IN OSTUNILa giovane<\/p>\n","protected":false},"author":1,"featured_media":0,"comment_status":"open","ping_status":"open","sticky":false,"template":"","format":"standard","meta":[],"categories":[16],"tags":[],"yoast_head":"<!-- This site is optimized with the Yoast SEO plugin v18.0 - https:\/\/yoast.com\/wordpress\/plugins\/seo\/ -->\n<title>LA BIBLIOTECA DELLE BENEDETTINE DI S. PIETRO IN OSTUNI | Arte e Luoghi<\/title>\n<meta name=\"robots\" content=\"index, follow, max-snippet:-1, max-image-preview:large, max-video-preview:-1\" \/>\n<link rel=\"canonical\" href=\"https:\/\/arteeluoghi.it\/index.php\/2010\/11\/07\/la-biblioteca-delle-benedettine-di-s-pietro-in-ostuni\/\" \/>\n<meta property=\"og:locale\" content=\"it_IT\" \/>\n<meta property=\"og:type\" content=\"article\" \/>\n<meta property=\"og:title\" content=\"LA BIBLIOTECA DELLE BENEDETTINE DI S. PIETRO IN OSTUNI | Arte e Luoghi\" \/>\n<meta property=\"og:description\" content=\"Nuovo appuntamento delle attivit\u00e0 culturali dell\u2019\u201dUniversit\u00e0 delle Tre Et\u00e0\u201d di OstuniLA BIBLIOTECA DELLE BENEDETTINE DI S. PIETRO IN OSTUNILa giovane\" \/>\n<meta property=\"og:url\" content=\"https:\/\/arteeluoghi.it\/index.php\/2010\/11\/07\/la-biblioteca-delle-benedettine-di-s-pietro-in-ostuni\/\" \/>\n<meta property=\"og:site_name\" content=\"Arte e Luoghi\" \/>\n<meta property=\"article:publisher\" content=\"https:\/\/www.facebook.com\/ArteELuoghi\/\" \/>\n<meta property=\"article:published_time\" content=\"2010-11-07T19:00:18+00:00\" \/>\n<meta name=\"twitter:card\" content=\"summary\" \/>\n<meta name=\"twitter:creator\" content=\"@arteeluoghi\" \/>\n<meta name=\"twitter:site\" content=\"@arteeluoghi\" \/>\n<meta name=\"twitter:label1\" content=\"Scritto da\" \/>\n\t<meta name=\"twitter:data1\" content=\"Staff\" \/>\n\t<meta name=\"twitter:label2\" content=\"Tempo di lettura stimato\" \/>\n\t<meta name=\"twitter:data2\" content=\"3 minuti\" \/>\n<script type=\"application\/ld+json\" class=\"yoast-schema-graph\">{\"@context\":\"https:\/\/schema.org\",\"@graph\":[{\"@type\":\"Organization\",\"@id\":\"https:\/\/arteeluoghi.it\/#organization\",\"name\":\"Arte e Luoghi\",\"url\":\"https:\/\/arteeluoghi.it\/\",\"sameAs\":[\"https:\/\/www.facebook.com\/ArteELuoghi\/\",\"https:\/\/www.instagram.com\/arteeluoghi\/?hl=it\",\"https:\/\/www.youtube.com\/channel\/UCuRVc4JW4-C5sg9rQB-srkw?view_as=subscriber\",\"https:\/\/twitter.com\/arteeluoghi\"],\"logo\":{\"@type\":\"ImageObject\",\"@id\":\"https:\/\/arteeluoghi.it\/#logo\",\"inLanguage\":\"it-IT\",\"url\":\"https:\/\/arteeluoghi.it\/wp-content\/uploads\/2018\/08\/logoinstagramarte.jpg\",\"contentUrl\":\"https:\/\/arteeluoghi.it\/wp-content\/uploads\/2018\/08\/logoinstagramarte.jpg\",\"width\":150,\"height\":150,\"caption\":\"Arte e Luoghi\"},\"image\":{\"@id\":\"https:\/\/arteeluoghi.it\/#logo\"}},{\"@type\":\"WebSite\",\"@id\":\"https:\/\/arteeluoghi.it\/#website\",\"url\":\"https:\/\/arteeluoghi.it\/\",\"name\":\"Arte e Luoghi\",\"description\":\"Mensile di arte, cultura, turismo e curiosit\u00e0\",\"publisher\":{\"@id\":\"https:\/\/arteeluoghi.it\/#organization\"},\"potentialAction\":[{\"@type\":\"SearchAction\",\"target\":{\"@type\":\"EntryPoint\",\"urlTemplate\":\"https:\/\/arteeluoghi.it\/?s={search_term_string}\"},\"query-input\":\"required name=search_term_string\"}],\"inLanguage\":\"it-IT\"},{\"@type\":\"WebPage\",\"@id\":\"https:\/\/arteeluoghi.it\/index.php\/2010\/11\/07\/la-biblioteca-delle-benedettine-di-s-pietro-in-ostuni\/#webpage\",\"url\":\"https:\/\/arteeluoghi.it\/index.php\/2010\/11\/07\/la-biblioteca-delle-benedettine-di-s-pietro-in-ostuni\/\",\"name\":\"LA BIBLIOTECA DELLE BENEDETTINE DI S. PIETRO IN OSTUNI | Arte e Luoghi\",\"isPartOf\":{\"@id\":\"https:\/\/arteeluoghi.it\/#website\"},\"datePublished\":\"2010-11-07T19:00:18+00:00\",\"dateModified\":\"2010-11-07T19:00:18+00:00\",\"breadcrumb\":{\"@id\":\"https:\/\/arteeluoghi.it\/index.php\/2010\/11\/07\/la-biblioteca-delle-benedettine-di-s-pietro-in-ostuni\/#breadcrumb\"},\"inLanguage\":\"it-IT\",\"potentialAction\":[{\"@type\":\"ReadAction\",\"target\":[\"https:\/\/arteeluoghi.it\/index.php\/2010\/11\/07\/la-biblioteca-delle-benedettine-di-s-pietro-in-ostuni\/\"]}]},{\"@type\":\"BreadcrumbList\",\"@id\":\"https:\/\/arteeluoghi.it\/index.php\/2010\/11\/07\/la-biblioteca-delle-benedettine-di-s-pietro-in-ostuni\/#breadcrumb\",\"itemListElement\":[{\"@type\":\"ListItem\",\"position\":1,\"name\":\"Home\",\"item\":\"https:\/\/arteeluoghi.it\/\"},{\"@type\":\"ListItem\",\"position\":2,\"name\":\"LA BIBLIOTECA DELLE BENEDETTINE DI S. PIETRO IN OSTUNI\"}]},{\"@type\":\"Article\",\"@id\":\"https:\/\/arteeluoghi.it\/index.php\/2010\/11\/07\/la-biblioteca-delle-benedettine-di-s-pietro-in-ostuni\/#article\",\"isPartOf\":{\"@id\":\"https:\/\/arteeluoghi.it\/index.php\/2010\/11\/07\/la-biblioteca-delle-benedettine-di-s-pietro-in-ostuni\/#webpage\"},\"author\":{\"@id\":\"https:\/\/arteeluoghi.it\/#\/schema\/person\/f84e814e36e91e01448ee07eaadd41d4\"},\"headline\":\"LA BIBLIOTECA DELLE BENEDETTINE DI S. PIETRO IN OSTUNI\",\"datePublished\":\"2010-11-07T19:00:18+00:00\",\"dateModified\":\"2010-11-07T19:00:18+00:00\",\"mainEntityOfPage\":{\"@id\":\"https:\/\/arteeluoghi.it\/index.php\/2010\/11\/07\/la-biblioteca-delle-benedettine-di-s-pietro-in-ostuni\/#webpage\"},\"wordCount\":651,\"commentCount\":0,\"publisher\":{\"@id\":\"https:\/\/arteeluoghi.it\/#organization\"},\"articleSection\":[\"I luoghi nella rete Biblioteche Musei Fondazioni\"],\"inLanguage\":\"it-IT\",\"potentialAction\":[{\"@type\":\"CommentAction\",\"name\":\"Comment\",\"target\":[\"https:\/\/arteeluoghi.it\/index.php\/2010\/11\/07\/la-biblioteca-delle-benedettine-di-s-pietro-in-ostuni\/#respond\"]}]},{\"@type\":\"Person\",\"@id\":\"https:\/\/arteeluoghi.it\/#\/schema\/person\/f84e814e36e91e01448ee07eaadd41d4\",\"name\":\"Staff\",\"image\":{\"@type\":\"ImageObject\",\"@id\":\"https:\/\/arteeluoghi.it\/#personlogo\",\"inLanguage\":\"it-IT\",\"url\":\"https:\/\/secure.gravatar.com\/avatar\/49d2f9e46271bb04e19cebfaf141313a?s=96&d=blank&r=g\",\"contentUrl\":\"https:\/\/secure.gravatar.com\/avatar\/49d2f9e46271bb04e19cebfaf141313a?s=96&d=blank&r=g\",\"caption\":\"Staff\"}}]}<\/script>\n<!-- \/ Yoast SEO plugin. -->","yoast_head_json":{"title":"LA BIBLIOTECA DELLE BENEDETTINE DI S. PIETRO IN OSTUNI | Arte e Luoghi","robots":{"index":"index","follow":"follow","max-snippet":"max-snippet:-1","max-image-preview":"max-image-preview:large","max-video-preview":"max-video-preview:-1"},"canonical":"https:\/\/arteeluoghi.it\/index.php\/2010\/11\/07\/la-biblioteca-delle-benedettine-di-s-pietro-in-ostuni\/","og_locale":"it_IT","og_type":"article","og_title":"LA BIBLIOTECA DELLE BENEDETTINE DI S. PIETRO IN OSTUNI | Arte e Luoghi","og_description":"Nuovo appuntamento delle attivit\u00e0 culturali dell\u2019\u201dUniversit\u00e0 delle Tre Et\u00e0\u201d di OstuniLA BIBLIOTECA DELLE BENEDETTINE DI S. PIETRO IN OSTUNILa giovane","og_url":"https:\/\/arteeluoghi.it\/index.php\/2010\/11\/07\/la-biblioteca-delle-benedettine-di-s-pietro-in-ostuni\/","og_site_name":"Arte e Luoghi","article_publisher":"https:\/\/www.facebook.com\/ArteELuoghi\/","article_published_time":"2010-11-07T19:00:18+00:00","twitter_card":"summary","twitter_creator":"@arteeluoghi","twitter_site":"@arteeluoghi","twitter_misc":{"Scritto da":"Staff","Tempo di lettura stimato":"3 minuti"},"schema":{"@context":"https:\/\/schema.org","@graph":[{"@type":"Organization","@id":"https:\/\/arteeluoghi.it\/#organization","name":"Arte e Luoghi","url":"https:\/\/arteeluoghi.it\/","sameAs":["https:\/\/www.facebook.com\/ArteELuoghi\/","https:\/\/www.instagram.com\/arteeluoghi\/?hl=it","https:\/\/www.youtube.com\/channel\/UCuRVc4JW4-C5sg9rQB-srkw?view_as=subscriber","https:\/\/twitter.com\/arteeluoghi"],"logo":{"@type":"ImageObject","@id":"https:\/\/arteeluoghi.it\/#logo","inLanguage":"it-IT","url":"https:\/\/arteeluoghi.it\/wp-content\/uploads\/2018\/08\/logoinstagramarte.jpg","contentUrl":"https:\/\/arteeluoghi.it\/wp-content\/uploads\/2018\/08\/logoinstagramarte.jpg","width":150,"height":150,"caption":"Arte e Luoghi"},"image":{"@id":"https:\/\/arteeluoghi.it\/#logo"}},{"@type":"WebSite","@id":"https:\/\/arteeluoghi.it\/#website","url":"https:\/\/arteeluoghi.it\/","name":"Arte e Luoghi","description":"Mensile di arte, cultura, turismo e curiosit\u00e0","publisher":{"@id":"https:\/\/arteeluoghi.it\/#organization"},"potentialAction":[{"@type":"SearchAction","target":{"@type":"EntryPoint","urlTemplate":"https:\/\/arteeluoghi.it\/?s={search_term_string}"},"query-input":"required name=search_term_string"}],"inLanguage":"it-IT"},{"@type":"WebPage","@id":"https:\/\/arteeluoghi.it\/index.php\/2010\/11\/07\/la-biblioteca-delle-benedettine-di-s-pietro-in-ostuni\/#webpage","url":"https:\/\/arteeluoghi.it\/index.php\/2010\/11\/07\/la-biblioteca-delle-benedettine-di-s-pietro-in-ostuni\/","name":"LA BIBLIOTECA DELLE BENEDETTINE DI S. PIETRO IN OSTUNI | Arte e Luoghi","isPartOf":{"@id":"https:\/\/arteeluoghi.it\/#website"},"datePublished":"2010-11-07T19:00:18+00:00","dateModified":"2010-11-07T19:00:18+00:00","breadcrumb":{"@id":"https:\/\/arteeluoghi.it\/index.php\/2010\/11\/07\/la-biblioteca-delle-benedettine-di-s-pietro-in-ostuni\/#breadcrumb"},"inLanguage":"it-IT","potentialAction":[{"@type":"ReadAction","target":["https:\/\/arteeluoghi.it\/index.php\/2010\/11\/07\/la-biblioteca-delle-benedettine-di-s-pietro-in-ostuni\/"]}]},{"@type":"BreadcrumbList","@id":"https:\/\/arteeluoghi.it\/index.php\/2010\/11\/07\/la-biblioteca-delle-benedettine-di-s-pietro-in-ostuni\/#breadcrumb","itemListElement":[{"@type":"ListItem","position":1,"name":"Home","item":"https:\/\/arteeluoghi.it\/"},{"@type":"ListItem","position":2,"name":"LA BIBLIOTECA DELLE BENEDETTINE DI S. PIETRO IN OSTUNI"}]},{"@type":"Article","@id":"https:\/\/arteeluoghi.it\/index.php\/2010\/11\/07\/la-biblioteca-delle-benedettine-di-s-pietro-in-ostuni\/#article","isPartOf":{"@id":"https:\/\/arteeluoghi.it\/index.php\/2010\/11\/07\/la-biblioteca-delle-benedettine-di-s-pietro-in-ostuni\/#webpage"},"author":{"@id":"https:\/\/arteeluoghi.it\/#\/schema\/person\/f84e814e36e91e01448ee07eaadd41d4"},"headline":"LA BIBLIOTECA DELLE BENEDETTINE DI S. PIETRO IN OSTUNI","datePublished":"2010-11-07T19:00:18+00:00","dateModified":"2010-11-07T19:00:18+00:00","mainEntityOfPage":{"@id":"https:\/\/arteeluoghi.it\/index.php\/2010\/11\/07\/la-biblioteca-delle-benedettine-di-s-pietro-in-ostuni\/#webpage"},"wordCount":651,"commentCount":0,"publisher":{"@id":"https:\/\/arteeluoghi.it\/#organization"},"articleSection":["I luoghi nella rete Biblioteche Musei Fondazioni"],"inLanguage":"it-IT","potentialAction":[{"@type":"CommentAction","name":"Comment","target":["https:\/\/arteeluoghi.it\/index.php\/2010\/11\/07\/la-biblioteca-delle-benedettine-di-s-pietro-in-ostuni\/#respond"]}]},{"@type":"Person","@id":"https:\/\/arteeluoghi.it\/#\/schema\/person\/f84e814e36e91e01448ee07eaadd41d4","name":"Staff","image":{"@type":"ImageObject","@id":"https:\/\/arteeluoghi.it\/#personlogo","inLanguage":"it-IT","url":"https:\/\/secure.gravatar.com\/avatar\/49d2f9e46271bb04e19cebfaf141313a?s=96&d=blank&r=g","contentUrl":"https:\/\/secure.gravatar.com\/avatar\/49d2f9e46271bb04e19cebfaf141313a?s=96&d=blank&r=g","caption":"Staff"}}]}},"_links":{"self":[{"href":"https:\/\/arteeluoghi.it\/index.php\/wp-json\/wp\/v2\/posts\/85"}],"collection":[{"href":"https:\/\/arteeluoghi.it\/index.php\/wp-json\/wp\/v2\/posts"}],"about":[{"href":"https:\/\/arteeluoghi.it\/index.php\/wp-json\/wp\/v2\/types\/post"}],"author":[{"embeddable":true,"href":"https:\/\/arteeluoghi.it\/index.php\/wp-json\/wp\/v2\/users\/1"}],"replies":[{"embeddable":true,"href":"https:\/\/arteeluoghi.it\/index.php\/wp-json\/wp\/v2\/comments?post=85"}],"version-history":[{"count":0,"href":"https:\/\/arteeluoghi.it\/index.php\/wp-json\/wp\/v2\/posts\/85\/revisions"}],"wp:attachment":[{"href":"https:\/\/arteeluoghi.it\/index.php\/wp-json\/wp\/v2\/media?parent=85"}],"wp:term":[{"taxonomy":"category","embeddable":true,"href":"https:\/\/arteeluoghi.it\/index.php\/wp-json\/wp\/v2\/categories?post=85"},{"taxonomy":"post_tag","embeddable":true,"href":"https:\/\/arteeluoghi.it\/index.php\/wp-json\/wp\/v2\/tags?post=85"}],"curies":[{"name":"wp","href":"https:\/\/api.w.org\/{rel}","templated":true}]}}