{"id":8517,"date":"2020-06-24T14:23:16","date_gmt":"2020-06-24T12:23:16","guid":{"rendered":"https:\/\/arteeluoghi.it\/?p=8517"},"modified":"2020-06-24T14:27:53","modified_gmt":"2020-06-24T12:27:53","slug":"leccecronache-dal-coronavirus","status":"publish","type":"post","link":"https:\/\/arteeluoghi.it\/index.php\/2020\/06\/24\/leccecronache-dal-coronavirus\/","title":{"rendered":"LecceCronache dal Coronavirus"},"content":{"rendered":"\n<p><\/p>\n\n\n\n<blockquote class=\"wp-block-quote\"><p>Da oggi disponibile su Bookrepubblic il nuovo ebook dello scrittore e giornalista Raffaele Polo<\/p><cite>Antonietta Fulvio<\/cite><\/blockquote>\n\n\n\n<p>Pensieri, considerazioni, letture e frammenti di quotidianit\u00e0 nel tempo sospeso cui ci ha costretti il Covid 19. Nascono cos\u00ec le &#8220;LecceCronache dal Coronavirus&#8221;, dalla penna, incisiva, colta e ironica del giornalista e scrittore Raffaele Polo e pubblicati on line su &#8220;Leccecronaca&#8221;. \u00abQuotidiano &#8211; scrive nelle note lo stesso autore &#8211; diretto mirabilmente da Giuseppe Puppo, cui va il mio ringraziamento per la professionale, infaticabile rifinitura e cura delle foto di corredo, nonch\u00e9 per la creazione dei titoli che solo lui li sa fare cos\u00ec bene, ogni giorno doveva inventarsene una nuova, non \u00e8 facile&#8230;.\u00bb<\/p>\n\n\n\n<!--more-->\n\n\n\n<p>E dalle pagine del quotidiano on line all&#8217;ebook, editato da Il Raggio Verde, il passo \u00e8 un &#8220;clic&#8221; e il libro elettronico diventa un modo per condividere con il pubblico dei lettori un momento della nostra vita che \u00e8 gi\u00e0 sui libri di Storia: settimane complesse e difficili cui spesso proprio la lettura, la forza della &#8220;poesia&#8221;, ritrovata nei versi di grandi autori (Vachel Lindsay, Umberto Saba, Giuseppe Ungaretti, Giacomo Leopardi, Giovanni Pascoli) o anche di canzoni (Mal, de Andr\u00e9) che abbiamo riascoltato con un pizzico di nostalgia hanno sostenuto la solitudine e riempito di senso le giornate vuote e tristemente uguali della clausura forzata. Una clausura, ben oltre la quarantena, che ci fatto desiderare gesti fino a qualche tempo prima dati banalmente per scontati, (dal lievito al caff\u00e8 con gli amici, alle strette di mano, agli abbracci), che ci ha costretti a &#8220;vederci&#8221; con videochiamate e dirette facebook. O che ci ha visti spesso buttati davanti ad una TV a riscoprire la poesia dei film in bianco e nero o a riaprire appunto un libro. E il cerchio si chiude. Ed \u00e8 nella chiosa delle note d&#8217;autore il senso pi\u00f9 bello di questa piccola pubblicazione, un cameo che ci ricorder\u00e0 &#8220;come eravamo al tempo del Covid&#8221;.\u00abMi sono divertito a rileggere questi scritti che sembrano essere testimonianze di un altro tempo, e invece era ieri, proprio ieri che soffrivamo. Del resto, \u00e8 cos\u00ec: gli aspetti negativi scompaiono presto, meno male. Se ne vanno, come gli anni, e noi non ce ne accorgiamo.\u00bb<\/p>\n\n\n\n<p><a href=\"https:\/\/www.bookrepublic.it\/ebook\/9788899679927-leccecronache-dal-coronavirus-il-raggio-verde\/\">Bookrepubbli<\/a>c<\/p>\n","protected":false},"excerpt":{"rendered":"<p>Da oggi disponibile su Bookrepubblic il nuovo ebook dello scrittore e giornalista Raffaele Polo Antonietta Fulvio Pensieri, considerazioni, letture e<\/p>\n","protected":false},"author":1,"featured_media":8518,"comment_status":"open","ping_status":"open","sticky":true,"template":"","format":"standard","meta":[],"categories":[17],"tags":[2404,2403,2405,2402,168,2406,1377],"yoast_head":"<!-- This site is optimized with the Yoast SEO plugin v18.0 - https:\/\/yoast.com\/wordpress\/plugins\/seo\/ -->\n<title>LecceCronache dal Coronavirus | Arte e Luoghi<\/title>\n<meta name=\"description\" content=\"Da oggi disponibile su Bookrepubblic il nuovo ebook dello scrittore e giornalista Raffaele Polo. Pensieri, considerazioni, letture e frammenti\" \/>\n<meta name=\"robots\" content=\"index, follow, max-snippet:-1, max-image-preview:large, max-video-preview:-1\" \/>\n<link rel=\"canonical\" href=\"https:\/\/arteeluoghi.it\/index.php\/2020\/06\/24\/leccecronache-dal-coronavirus\/\" \/>\n<meta property=\"og:locale\" content=\"it_IT\" \/>\n<meta property=\"og:type\" content=\"article\" \/>\n<meta property=\"og:title\" content=\"LecceCronache dal Coronavirus | Arte e Luoghi\" \/>\n<meta property=\"og:description\" content=\"Da oggi disponibile su Bookrepubblic il nuovo ebook dello scrittore e giornalista Raffaele Polo. Pensieri, considerazioni, letture e frammenti\" \/>\n<meta property=\"og:url\" content=\"https:\/\/arteeluoghi.it\/index.php\/2020\/06\/24\/leccecronache-dal-coronavirus\/\" \/>\n<meta property=\"og:site_name\" content=\"Arte e Luoghi\" \/>\n<meta property=\"article:publisher\" content=\"https:\/\/www.facebook.com\/ArteELuoghi\/\" \/>\n<meta property=\"article:published_time\" content=\"2020-06-24T12:23:16+00:00\" \/>\n<meta property=\"article:modified_time\" content=\"2020-06-24T12:27:53+00:00\" \/>\n<meta property=\"og:image\" content=\"https:\/\/arteeluoghi.it\/wp-content\/uploads\/2020\/06\/cop-finale-ebook-rafweb.jpg\" \/>\n\t<meta property=\"og:image:width\" content=\"1491\" \/>\n\t<meta property=\"og:image:height\" content=\"2100\" \/>\n\t<meta property=\"og:image:type\" content=\"image\/jpeg\" \/>\n<meta name=\"twitter:card\" content=\"summary\" \/>\n<meta name=\"twitter:creator\" content=\"@arteeluoghi\" \/>\n<meta name=\"twitter:site\" content=\"@arteeluoghi\" \/>\n<meta name=\"twitter:label1\" content=\"Scritto da\" \/>\n\t<meta name=\"twitter:data1\" content=\"Staff\" \/>\n\t<meta name=\"twitter:label2\" content=\"Tempo di lettura stimato\" \/>\n\t<meta name=\"twitter:data2\" content=\"2 minuti\" \/>\n<script type=\"application\/ld+json\" class=\"yoast-schema-graph\">{\"@context\":\"https:\/\/schema.org\",\"@graph\":[{\"@type\":\"Organization\",\"@id\":\"https:\/\/arteeluoghi.it\/#organization\",\"name\":\"Arte e Luoghi\",\"url\":\"https:\/\/arteeluoghi.it\/\",\"sameAs\":[\"https:\/\/www.facebook.com\/ArteELuoghi\/\",\"https:\/\/www.instagram.com\/arteeluoghi\/?hl=it\",\"https:\/\/www.youtube.com\/channel\/UCuRVc4JW4-C5sg9rQB-srkw?view_as=subscriber\",\"https:\/\/twitter.com\/arteeluoghi\"],\"logo\":{\"@type\":\"ImageObject\",\"@id\":\"https:\/\/arteeluoghi.it\/#logo\",\"inLanguage\":\"it-IT\",\"url\":\"https:\/\/arteeluoghi.it\/wp-content\/uploads\/2018\/08\/logoinstagramarte.jpg\",\"contentUrl\":\"https:\/\/arteeluoghi.it\/wp-content\/uploads\/2018\/08\/logoinstagramarte.jpg\",\"width\":150,\"height\":150,\"caption\":\"Arte e Luoghi\"},\"image\":{\"@id\":\"https:\/\/arteeluoghi.it\/#logo\"}},{\"@type\":\"WebSite\",\"@id\":\"https:\/\/arteeluoghi.it\/#website\",\"url\":\"https:\/\/arteeluoghi.it\/\",\"name\":\"Arte e Luoghi\",\"description\":\"Mensile di arte, cultura, turismo e curiosit\u00e0\",\"publisher\":{\"@id\":\"https:\/\/arteeluoghi.it\/#organization\"},\"potentialAction\":[{\"@type\":\"SearchAction\",\"target\":{\"@type\":\"EntryPoint\",\"urlTemplate\":\"https:\/\/arteeluoghi.it\/?s={search_term_string}\"},\"query-input\":\"required name=search_term_string\"}],\"inLanguage\":\"it-IT\"},{\"@type\":\"ImageObject\",\"@id\":\"https:\/\/arteeluoghi.it\/index.php\/2020\/06\/24\/leccecronache-dal-coronavirus\/#primaryimage\",\"inLanguage\":\"it-IT\",\"url\":\"https:\/\/arteeluoghi.it\/wp-content\/uploads\/2020\/06\/cop-finale-ebook-rafweb.jpg\",\"contentUrl\":\"https:\/\/arteeluoghi.it\/wp-content\/uploads\/2020\/06\/cop-finale-ebook-rafweb.jpg\",\"width\":1491,\"height\":2100},{\"@type\":\"WebPage\",\"@id\":\"https:\/\/arteeluoghi.it\/index.php\/2020\/06\/24\/leccecronache-dal-coronavirus\/#webpage\",\"url\":\"https:\/\/arteeluoghi.it\/index.php\/2020\/06\/24\/leccecronache-dal-coronavirus\/\",\"name\":\"LecceCronache dal Coronavirus | Arte e Luoghi\",\"isPartOf\":{\"@id\":\"https:\/\/arteeluoghi.it\/#website\"},\"primaryImageOfPage\":{\"@id\":\"https:\/\/arteeluoghi.it\/index.php\/2020\/06\/24\/leccecronache-dal-coronavirus\/#primaryimage\"},\"datePublished\":\"2020-06-24T12:23:16+00:00\",\"dateModified\":\"2020-06-24T12:27:53+00:00\",\"description\":\"Da oggi disponibile su Bookrepubblic il nuovo ebook dello scrittore e giornalista Raffaele Polo. Pensieri, considerazioni, letture e frammenti\",\"breadcrumb\":{\"@id\":\"https:\/\/arteeluoghi.it\/index.php\/2020\/06\/24\/leccecronache-dal-coronavirus\/#breadcrumb\"},\"inLanguage\":\"it-IT\",\"potentialAction\":[{\"@type\":\"ReadAction\",\"target\":[\"https:\/\/arteeluoghi.it\/index.php\/2020\/06\/24\/leccecronache-dal-coronavirus\/\"]}]},{\"@type\":\"BreadcrumbList\",\"@id\":\"https:\/\/arteeluoghi.it\/index.php\/2020\/06\/24\/leccecronache-dal-coronavirus\/#breadcrumb\",\"itemListElement\":[{\"@type\":\"ListItem\",\"position\":1,\"name\":\"Home\",\"item\":\"https:\/\/arteeluoghi.it\/\"},{\"@type\":\"ListItem\",\"position\":2,\"name\":\"LecceCronache dal Coronavirus\"}]},{\"@type\":\"Article\",\"@id\":\"https:\/\/arteeluoghi.it\/index.php\/2020\/06\/24\/leccecronache-dal-coronavirus\/#article\",\"isPartOf\":{\"@id\":\"https:\/\/arteeluoghi.it\/index.php\/2020\/06\/24\/leccecronache-dal-coronavirus\/#webpage\"},\"author\":{\"@id\":\"https:\/\/arteeluoghi.it\/#\/schema\/person\/f84e814e36e91e01448ee07eaadd41d4\"},\"headline\":\"LecceCronache dal Coronavirus\",\"datePublished\":\"2020-06-24T12:23:16+00:00\",\"dateModified\":\"2020-06-24T12:27:53+00:00\",\"mainEntityOfPage\":{\"@id\":\"https:\/\/arteeluoghi.it\/index.php\/2020\/06\/24\/leccecronache-dal-coronavirus\/#webpage\"},\"wordCount\":360,\"commentCount\":0,\"publisher\":{\"@id\":\"https:\/\/arteeluoghi.it\/#organization\"},\"image\":{\"@id\":\"https:\/\/arteeluoghi.it\/index.php\/2020\/06\/24\/leccecronache-dal-coronavirus\/#primaryimage\"},\"thumbnailUrl\":\"https:\/\/arteeluoghi.it\/wp-content\/uploads\/2020\/06\/cop-finale-ebook-rafweb.jpg\",\"keywords\":[\"clausura\",\"Covid19\",\"Leccecronaca\",\"LecceCronache dal coronavirus\",\"libri\",\"quotidianit\u00e0\",\"Raffaele Polo\"],\"articleSection\":[\"LIBRI\"],\"inLanguage\":\"it-IT\",\"potentialAction\":[{\"@type\":\"CommentAction\",\"name\":\"Comment\",\"target\":[\"https:\/\/arteeluoghi.it\/index.php\/2020\/06\/24\/leccecronache-dal-coronavirus\/#respond\"]}]},{\"@type\":\"Person\",\"@id\":\"https:\/\/arteeluoghi.it\/#\/schema\/person\/f84e814e36e91e01448ee07eaadd41d4\",\"name\":\"Staff\",\"image\":{\"@type\":\"ImageObject\",\"@id\":\"https:\/\/arteeluoghi.it\/#personlogo\",\"inLanguage\":\"it-IT\",\"url\":\"https:\/\/secure.gravatar.com\/avatar\/49d2f9e46271bb04e19cebfaf141313a?s=96&d=blank&r=g\",\"contentUrl\":\"https:\/\/secure.gravatar.com\/avatar\/49d2f9e46271bb04e19cebfaf141313a?s=96&d=blank&r=g\",\"caption\":\"Staff\"}}]}<\/script>\n<!-- \/ Yoast SEO plugin. -->","yoast_head_json":{"title":"LecceCronache dal Coronavirus | Arte e Luoghi","description":"Da oggi disponibile su Bookrepubblic il nuovo ebook dello scrittore e giornalista Raffaele Polo. Pensieri, considerazioni, letture e frammenti","robots":{"index":"index","follow":"follow","max-snippet":"max-snippet:-1","max-image-preview":"max-image-preview:large","max-video-preview":"max-video-preview:-1"},"canonical":"https:\/\/arteeluoghi.it\/index.php\/2020\/06\/24\/leccecronache-dal-coronavirus\/","og_locale":"it_IT","og_type":"article","og_title":"LecceCronache dal Coronavirus | Arte e Luoghi","og_description":"Da oggi disponibile su Bookrepubblic il nuovo ebook dello scrittore e giornalista Raffaele Polo. Pensieri, considerazioni, letture e frammenti","og_url":"https:\/\/arteeluoghi.it\/index.php\/2020\/06\/24\/leccecronache-dal-coronavirus\/","og_site_name":"Arte e Luoghi","article_publisher":"https:\/\/www.facebook.com\/ArteELuoghi\/","article_published_time":"2020-06-24T12:23:16+00:00","article_modified_time":"2020-06-24T12:27:53+00:00","og_image":[{"width":1491,"height":2100,"url":"https:\/\/arteeluoghi.it\/wp-content\/uploads\/2020\/06\/cop-finale-ebook-rafweb.jpg","type":"image\/jpeg"}],"twitter_card":"summary","twitter_creator":"@arteeluoghi","twitter_site":"@arteeluoghi","twitter_misc":{"Scritto da":"Staff","Tempo di lettura stimato":"2 minuti"},"schema":{"@context":"https:\/\/schema.org","@graph":[{"@type":"Organization","@id":"https:\/\/arteeluoghi.it\/#organization","name":"Arte e Luoghi","url":"https:\/\/arteeluoghi.it\/","sameAs":["https:\/\/www.facebook.com\/ArteELuoghi\/","https:\/\/www.instagram.com\/arteeluoghi\/?hl=it","https:\/\/www.youtube.com\/channel\/UCuRVc4JW4-C5sg9rQB-srkw?view_as=subscriber","https:\/\/twitter.com\/arteeluoghi"],"logo":{"@type":"ImageObject","@id":"https:\/\/arteeluoghi.it\/#logo","inLanguage":"it-IT","url":"https:\/\/arteeluoghi.it\/wp-content\/uploads\/2018\/08\/logoinstagramarte.jpg","contentUrl":"https:\/\/arteeluoghi.it\/wp-content\/uploads\/2018\/08\/logoinstagramarte.jpg","width":150,"height":150,"caption":"Arte e Luoghi"},"image":{"@id":"https:\/\/arteeluoghi.it\/#logo"}},{"@type":"WebSite","@id":"https:\/\/arteeluoghi.it\/#website","url":"https:\/\/arteeluoghi.it\/","name":"Arte e Luoghi","description":"Mensile di arte, cultura, turismo e curiosit\u00e0","publisher":{"@id":"https:\/\/arteeluoghi.it\/#organization"},"potentialAction":[{"@type":"SearchAction","target":{"@type":"EntryPoint","urlTemplate":"https:\/\/arteeluoghi.it\/?s={search_term_string}"},"query-input":"required name=search_term_string"}],"inLanguage":"it-IT"},{"@type":"ImageObject","@id":"https:\/\/arteeluoghi.it\/index.php\/2020\/06\/24\/leccecronache-dal-coronavirus\/#primaryimage","inLanguage":"it-IT","url":"https:\/\/arteeluoghi.it\/wp-content\/uploads\/2020\/06\/cop-finale-ebook-rafweb.jpg","contentUrl":"https:\/\/arteeluoghi.it\/wp-content\/uploads\/2020\/06\/cop-finale-ebook-rafweb.jpg","width":1491,"height":2100},{"@type":"WebPage","@id":"https:\/\/arteeluoghi.it\/index.php\/2020\/06\/24\/leccecronache-dal-coronavirus\/#webpage","url":"https:\/\/arteeluoghi.it\/index.php\/2020\/06\/24\/leccecronache-dal-coronavirus\/","name":"LecceCronache dal Coronavirus | Arte e Luoghi","isPartOf":{"@id":"https:\/\/arteeluoghi.it\/#website"},"primaryImageOfPage":{"@id":"https:\/\/arteeluoghi.it\/index.php\/2020\/06\/24\/leccecronache-dal-coronavirus\/#primaryimage"},"datePublished":"2020-06-24T12:23:16+00:00","dateModified":"2020-06-24T12:27:53+00:00","description":"Da oggi disponibile su Bookrepubblic il nuovo ebook dello scrittore e giornalista Raffaele Polo. Pensieri, considerazioni, letture e frammenti","breadcrumb":{"@id":"https:\/\/arteeluoghi.it\/index.php\/2020\/06\/24\/leccecronache-dal-coronavirus\/#breadcrumb"},"inLanguage":"it-IT","potentialAction":[{"@type":"ReadAction","target":["https:\/\/arteeluoghi.it\/index.php\/2020\/06\/24\/leccecronache-dal-coronavirus\/"]}]},{"@type":"BreadcrumbList","@id":"https:\/\/arteeluoghi.it\/index.php\/2020\/06\/24\/leccecronache-dal-coronavirus\/#breadcrumb","itemListElement":[{"@type":"ListItem","position":1,"name":"Home","item":"https:\/\/arteeluoghi.it\/"},{"@type":"ListItem","position":2,"name":"LecceCronache dal Coronavirus"}]},{"@type":"Article","@id":"https:\/\/arteeluoghi.it\/index.php\/2020\/06\/24\/leccecronache-dal-coronavirus\/#article","isPartOf":{"@id":"https:\/\/arteeluoghi.it\/index.php\/2020\/06\/24\/leccecronache-dal-coronavirus\/#webpage"},"author":{"@id":"https:\/\/arteeluoghi.it\/#\/schema\/person\/f84e814e36e91e01448ee07eaadd41d4"},"headline":"LecceCronache dal Coronavirus","datePublished":"2020-06-24T12:23:16+00:00","dateModified":"2020-06-24T12:27:53+00:00","mainEntityOfPage":{"@id":"https:\/\/arteeluoghi.it\/index.php\/2020\/06\/24\/leccecronache-dal-coronavirus\/#webpage"},"wordCount":360,"commentCount":0,"publisher":{"@id":"https:\/\/arteeluoghi.it\/#organization"},"image":{"@id":"https:\/\/arteeluoghi.it\/index.php\/2020\/06\/24\/leccecronache-dal-coronavirus\/#primaryimage"},"thumbnailUrl":"https:\/\/arteeluoghi.it\/wp-content\/uploads\/2020\/06\/cop-finale-ebook-rafweb.jpg","keywords":["clausura","Covid19","Leccecronaca","LecceCronache dal coronavirus","libri","quotidianit\u00e0","Raffaele Polo"],"articleSection":["LIBRI"],"inLanguage":"it-IT","potentialAction":[{"@type":"CommentAction","name":"Comment","target":["https:\/\/arteeluoghi.it\/index.php\/2020\/06\/24\/leccecronache-dal-coronavirus\/#respond"]}]},{"@type":"Person","@id":"https:\/\/arteeluoghi.it\/#\/schema\/person\/f84e814e36e91e01448ee07eaadd41d4","name":"Staff","image":{"@type":"ImageObject","@id":"https:\/\/arteeluoghi.it\/#personlogo","inLanguage":"it-IT","url":"https:\/\/secure.gravatar.com\/avatar\/49d2f9e46271bb04e19cebfaf141313a?s=96&d=blank&r=g","contentUrl":"https:\/\/secure.gravatar.com\/avatar\/49d2f9e46271bb04e19cebfaf141313a?s=96&d=blank&r=g","caption":"Staff"}}]}},"_links":{"self":[{"href":"https:\/\/arteeluoghi.it\/index.php\/wp-json\/wp\/v2\/posts\/8517"}],"collection":[{"href":"https:\/\/arteeluoghi.it\/index.php\/wp-json\/wp\/v2\/posts"}],"about":[{"href":"https:\/\/arteeluoghi.it\/index.php\/wp-json\/wp\/v2\/types\/post"}],"author":[{"embeddable":true,"href":"https:\/\/arteeluoghi.it\/index.php\/wp-json\/wp\/v2\/users\/1"}],"replies":[{"embeddable":true,"href":"https:\/\/arteeluoghi.it\/index.php\/wp-json\/wp\/v2\/comments?post=8517"}],"version-history":[{"count":1,"href":"https:\/\/arteeluoghi.it\/index.php\/wp-json\/wp\/v2\/posts\/8517\/revisions"}],"predecessor-version":[{"id":8519,"href":"https:\/\/arteeluoghi.it\/index.php\/wp-json\/wp\/v2\/posts\/8517\/revisions\/8519"}],"wp:featuredmedia":[{"embeddable":true,"href":"https:\/\/arteeluoghi.it\/index.php\/wp-json\/wp\/v2\/media\/8518"}],"wp:attachment":[{"href":"https:\/\/arteeluoghi.it\/index.php\/wp-json\/wp\/v2\/media?parent=8517"}],"wp:term":[{"taxonomy":"category","embeddable":true,"href":"https:\/\/arteeluoghi.it\/index.php\/wp-json\/wp\/v2\/categories?post=8517"},{"taxonomy":"post_tag","embeddable":true,"href":"https:\/\/arteeluoghi.it\/index.php\/wp-json\/wp\/v2\/tags?post=8517"}],"curies":[{"name":"wp","href":"https:\/\/api.w.org\/{rel}","templated":true}]}}