{"id":865,"date":"2012-08-09T15:21:42","date_gmt":"2012-08-09T13:21:42","guid":{"rendered":"http:\/\/arteeluoghi.it\/index.php\/2012\/08\/09\/figuli-in-mostra\/"},"modified":"2012-08-09T15:21:42","modified_gmt":"2012-08-09T13:21:42","slug":"figuli-in-mostra","status":"publish","type":"post","link":"https:\/\/arteeluoghi.it\/index.php\/2012\/08\/09\/figuli-in-mostra\/","title":{"rendered":"Figuli in mostra"},"content":{"rendered":"<p><img src=\"\/images\/stories\/ceramiche2.jpg\" border=\"0\" title=\"Le ceramiche di Cutrofiano\" width=\"300\" style=\"margin: 21px; float: left;\" \/>Dal 10 al 19 agosto nel centro storico di Cutrofiano (Le)<\/p>\n<p style=\"text-align: left;\"><strong><em>40\u00b0 MOSTRA MERCATO <\/em><\/strong><\/p>\n<p style=\"text-align: left;\"><strong><em>DELLA CERAMICA ARTIGIANALE<\/em><\/strong><\/p>\n<p style=\"text-align: left;\">\u00a0<\/p>\n<p style=\"text-align: left;\">\u00a0<\/p>\n<p align=\"center\">\u00a0<\/p>\n<p>Dal <strong>10 al 19 agosto<\/strong>, torna a Cutrofiano la storica <strong>Mostra mercato della ceramica artigianale<\/strong>. Giunta all\u2019importante traguardo della 40a edizione, la mostra \u00e8 un appuntamento fisso dell\u2019estate salentina: da qui passano, ogni anno, migliaia di visitatori alla scoperta di uno dei settori pi\u00f9 tipici dell\u2019artigianato salentino, quello dei f\u00ecguli, dei vasai, cio\u00e8, di coloro che continuano a lavorare la creta, l&#8217;argilla, con tecniche vecchie di secoli.<\/p>\n<p>  <!--more-->  <\/p>\n<p>L\u2019iniziativa \u00e8 promossa dal Comune di Cutrofiano e Consorzio \u201cCeramiche del Salento\u201d, in collaborazione con Confartigianato Imprese Lecce e con il patrocinio di Regione Puglia (Assessorato alle Risorse agroalimentari), Provincia di Lecce, Camera di commercio di Lecce, Unione dei Comuni della Grec\u00eca salentina e Puglia Promozione. L\u2019organizzazione \u00e8 a cura di Big Bang snc ed Eventi Marketing &amp; Communication.<\/p>\n<p>\u00a0<\/p>\n<p><img src=\"\/images\/stories\/conf_stampacutrofiano.jpg\" border=\"0\" title=\"Un momento della conferenza stampa\" width=\"350\" style=\"float: right; margin: 21px;\" \/>Il programma della mostra, le novit\u00e0 e gli eventi collaterali sono stati presentati questa mattina nel corso della conferenza stampa che si \u00e8 svolta a Palazzo Adorno alla presenza di: <strong>Salvatore Polimeno<\/strong>, assessore provinciale alle Attivit\u00e0 produttive; <strong>Oriele Rolli<\/strong>, sindaco di Cutrofiano; <strong>Tommaso Campa, <\/strong>assessore alle Attivit\u00e0 produttive del Comune di Cutrofiano, <strong>Corrado Brigante<\/strong>, presidente di Confartigianato Imprese Lecce e <strong>Antonio Col\u00ec<\/strong>, presidente del Consorzio Ceramiche del Salento.<\/p>\n<p>\u00a0<\/p>\n<p>\u201cAnche quest\u2019anno \u2013 ha dichiarato il sindaco di Cutrofiano, <strong>Oriele Rolli<\/strong> &#8211;\u00a0 la nostra Citt\u00e0 si mette in gioco con un\u2019ulteriore sfida, lo facciamo in punta di piedi e con l\u2019umilt\u00e0 che caratterizza la nostra gente, convinti per\u00f2 di rappresentare nel settore uno dei cantieri pi\u00f9 importanti a livello nazionale\u201d.<\/p>\n<p>\u00a0<\/p>\n<p>L\u2019assessore provinciale alle Attivit\u00e0 produttive <strong>Salvatore Polimeno<\/strong> ha sottolineato\u00a0 l\u2019importante ruolo rivestito dall\u2019Artigianato figulo cutrofianese, \u201csempre attento e preparato a qualsiasi sfida commerciale frutto dell\u2019operosit\u00e0, della passione e della ricerca messa in campo dagli artigiani pi\u00f9 giovani che hanno saputo creare sinergia con le altre eccellenze artigianali presenti sul territorio\u201d. Cos\u00ec pure il presidente di Confartigianato Imprese Lecce, <strong>Corrado Brigante<\/strong>: \u201cHo pi\u00f9 volte sottolineato il ruolo fondamentale che svolge proprio l\u2019artigianato in un\u2019economia non solo salentina, ma nazionale, in affanno, e la necessit\u00e0 di sostenere fortemente questo comparto cos\u00ec importante, che ha dato molto ed ancora molto pu\u00f2 dare al nostro territorio\u201d.<\/p>\n<p>\u00a0<\/p>\n<p>Infine, il presidente del Consorzio Ceramiche del Salento, <strong>Antonio Col\u00ec<\/strong>, ha evidenziato: \u201cQuesta edizione rappresenta il punto di partenza di una nuova era per la Mostra. Il principale obiettivo \u00e8 quella di far diventare la Mostra della ceramica, ma anche dell\u2019Artigianato e del Food, la vetrina di riferimento dell\u2019estate salentina, quindi l\u2019impegno sar\u00e0 soprattutto profuso per riposizionare l\u2019offerta creando e rivalutando aree tematiche diverse dalla ceramica e terracotta, affiancando all\u2019evento anche altre forme di artigianato: da quello classico a quello artistico\u201d.<\/p>\n<p>\u00a0<\/p>\n<p>\u00a0<\/p>\n<p><strong>LE NOVIT\u00c0<\/strong><\/p>\n<p>\u00a0<\/p>\n<p>Nel corso della dieci giorni, il Consorzio Ceramiche del Salento non mancher\u00e0 di mettere nella giusta luce le innovazioni dell\u2019 artigianato tipico, frutto della passione e della ricerca messa in campo dalle aziende pi\u00f9 giovani e dinamiche. In occasione del 40esimo\u00a0 anniversario della mostra, tuttavia, il Consorzio intende superare i confini della ceramica e della terracotta, offrendo ai visitatori la possibilit\u00e0 di apprezzare la grande variet\u00e0 di eccellenze artigianali del territorio (lavorazione di cartapesta, ferro battuto, pietra leccese, ecc.) e di immergersi in un\u2019atmosfera che sa di autenticit\u00e0 e tradizione.<\/p>\n<p>Una delle novit\u00e0 della quarantesima edizione della mostra sar\u00e0 infatti il progetto speciale\u00a0 <strong>\u201cContaminazioni artistiche\u201d<\/strong>, dove la ceramica \u201cincontrer\u00e0\u201d le altre eccellenze dell\u2019artigianato artistico salentino, un connubio che dar\u00e0 vita ad opere \u201cibride\u201d, frutto dell\u2019abilit\u00e0 congiunta dei ceramisti cutrofianesi e dei migliori artigiani della provincia di Lecce, maestri nella lavorazione della cartapesta, pietra leccese e carparo, legno d\u2019ulivo, nell\u2019arte del mosaico e del ricamo (merletti e tessuti a mano).<\/p>\n<p>Altra novit\u00e0, il binomio artigianato ed enogastronomia nell\u2019area <strong>\u201cFood e figuli\u201d<\/strong>, con esposizione e degustazioni di prodotti tipici locali.<\/p>\n<p>\u00a0<\/p>\n<p>\u00a0<\/p>\n<p><strong> <\/strong><\/p>\n<p><strong> <\/p>\n<hr \/>\n<p> <img src=\"\/images\/stories\/ceramiche_1.jpg\" border=\"0\" style=\"float: right;\" \/>PROGRAMMA<\/strong><\/p>\n<p>\u00a0<\/p>\n<p><span style=\"text-decoration: underline;\">La mostra sar\u00e0 inaugurata <strong>venerd\u00ec 10 agosto<\/strong>, alle <strong>ore 19.30 <\/strong>e rester\u00e0 aperta ogni giorno dalle 18 a mezzanotte<\/span>. Dopo il taglio del nastro alla presenza della autorit\u00e0, si terranno le <strong>dimostrazioni di antiche lavorazioni artigianali<\/strong> a cura di Confartigianato Imprese Lecce. All\u2019interno del Museo della ceramica, inoltre, Il Comune di Cutrofiano presenter\u00e0 l\u2019<strong>annullo filatelico <\/strong>speciale realizzato da Poste Italiane per celebrare i 40 anni della Mostra mercato della ceramica artigianale salentina.<\/p>\n<p>\u00a0<\/p>\n<p>Il percorso espositivo toccher\u00e0 <span style=\"text-decoration: underline;\">quattro location<\/span>. Con un biglietto unico di 2 euro (ridotto a 50 centesimi per under 18 e over 70), si potr\u00e0 visitare la mostra mercato della ceramica artigianale nella <strong>Scuola elementare<\/strong>. Qui i visitatori potranno assistere <span style=\"text-decoration: underline;\">alla lavorazione in diretta<\/span> delle opere in terracotta e ammirare le originali creazioni frutto delle \u201ccontaminazioni artistiche\u201d tra ceramisti cutrofianesi e i maestri d\u2019arte aderenti a Confartigianato e al Consorzio artigiani della Provincia di Lecce.<\/p>\n<p>Nei locali dell\u2019<strong>ex<\/strong> <strong>mercato coperto, <\/strong>recentemente ristrutturato, trover\u00e0 spazio invece l\u2019expo dell\u2019artigianato tipico salentino e la rassegna <span style=\"text-decoration: underline;\">\u201cLe vie dell\u2019artigianato\u201d<\/span> che metter\u00e0 in mostra le opere realizzate dai migliori artigiani salentini aderenti a Confartigianato imprese Lecce.<\/p>\n<p>E ancora, in <strong>piazza Municipio<\/strong>, l\u2019esposizione e degustazione di prodotti tipici dell\u2019enogastronomia salentina \u201cFood e figuli\u201d sar\u00e0 allestita all\u2019interno di speciali strutture a volta, che riproducono l\u2019effetto della pietra leccese, e dunque perfettamente integrate con i colori e le atmosfere del suggestivo centro storico di Cutrofiano. Una tappa da non perdere per tutti coloro che vorranno \u201ctestare\u201d la bont\u00e0 e la genuinit\u00e0 delle prelibatezze tipiche della tradizione culinaria salentina.<\/p>\n<p>Infine, i visitatori avranno la possibilit\u00e0 di visitare, senza costi aggiuntivi, il <strong>Museo della Ceramica di Cutrofiano <\/strong>che mostra tutto quello che la lavorazione dell\u2019argilla pu\u00f2 raccontare. Nelle sue sale, accoglie materiale ceramico preziosissimo, risalente al Neolitico, ma anche terracotta invetriata e decorata del periodo medievale, maioliche e piatti, ciotole, boccali, anforette, borracce e molti altri oggetti tipici dell\u2019artigianato autentico del Novecento. Quello delle botteghe e delle fornaci, delle lucerne, delle zuppiere, delle \u201cpignate\u201d che oggi si comprano per riassaporare un gusto del tempo perduto. La collezione del museo comprende anche una sezione dedicata a fischietti e ocarine provenienti da tutto il mondo.<\/p>\n<p>\u00a0<\/p>\n<p>Il periodo della manifestazione coincide con uno dei momenti pi\u00f9 vitali per il Salento ed, in particolare, per la comunit\u00e0 cutrofianese. Le serate della mostra saranno infatti animate da piccoli e grandi eventi tra cui la Festa di San Rocco, la Sagra della Pittula, la Festa della Pizzica, oltre al concerto dei Cugini di campagna e a varie manifestazioni teatrali, sportive e folkloristiche organizzate nell\u2019ambito del cartellone \u201cEstate cutrofianese\u201d.<\/p>\n<p><em>dal 10 al 19 agosto <\/em><\/p>\n<p><em>dalle 18 a mezzanotte<\/em><\/p>\n<p><em>ingresso 2 euro<\/em><\/p>\n<p><em>(fonte: comunicato stampa)<br \/><\/em><\/p>\n<p>\u00a0<\/p>\n<p>\u00a0<\/p>\n","protected":false},"excerpt":{"rendered":"<p>Dal 10 al 19 agosto nel centro storico di Cutrofiano (Le) 40\u00b0 MOSTRA MERCATO DELLA CERAMICA ARTIGIANALE \u00a0 \u00a0 \u00a0<\/p>\n","protected":false},"author":1,"featured_media":0,"comment_status":"open","ping_status":"open","sticky":false,"template":"","format":"standard","meta":[],"categories":[3],"tags":[],"yoast_head":"<!-- This site is optimized with the Yoast SEO plugin v18.0 - https:\/\/yoast.com\/wordpress\/plugins\/seo\/ -->\n<title>Figuli in mostra | Arte e Luoghi<\/title>\n<meta name=\"robots\" content=\"index, follow, max-snippet:-1, max-image-preview:large, max-video-preview:-1\" \/>\n<link rel=\"canonical\" href=\"https:\/\/arteeluoghi.it\/index.php\/2012\/08\/09\/figuli-in-mostra\/\" \/>\n<meta property=\"og:locale\" content=\"it_IT\" \/>\n<meta property=\"og:type\" content=\"article\" \/>\n<meta property=\"og:title\" content=\"Figuli in mostra | Arte e Luoghi\" \/>\n<meta property=\"og:description\" content=\"Dal 10 al 19 agosto nel centro storico di Cutrofiano (Le) 40\u00b0 MOSTRA MERCATO DELLA CERAMICA ARTIGIANALE \u00a0 \u00a0 \u00a0\" \/>\n<meta property=\"og:url\" content=\"https:\/\/arteeluoghi.it\/index.php\/2012\/08\/09\/figuli-in-mostra\/\" \/>\n<meta property=\"og:site_name\" content=\"Arte e Luoghi\" \/>\n<meta property=\"article:publisher\" content=\"https:\/\/www.facebook.com\/ArteELuoghi\/\" \/>\n<meta property=\"article:published_time\" content=\"2012-08-09T13:21:42+00:00\" \/>\n<meta property=\"og:image\" content=\"https:\/\/arteeluoghi.it\/images\/stories\/ceramiche2.jpg\" \/>\n<meta name=\"twitter:card\" content=\"summary\" \/>\n<meta name=\"twitter:creator\" content=\"@arteeluoghi\" \/>\n<meta name=\"twitter:site\" content=\"@arteeluoghi\" \/>\n<meta name=\"twitter:label1\" content=\"Scritto da\" \/>\n\t<meta name=\"twitter:data1\" content=\"Staff\" \/>\n\t<meta name=\"twitter:label2\" content=\"Tempo di lettura stimato\" \/>\n\t<meta name=\"twitter:data2\" content=\"5 minuti\" \/>\n<script type=\"application\/ld+json\" class=\"yoast-schema-graph\">{\"@context\":\"https:\/\/schema.org\",\"@graph\":[{\"@type\":\"Organization\",\"@id\":\"https:\/\/arteeluoghi.it\/#organization\",\"name\":\"Arte e Luoghi\",\"url\":\"https:\/\/arteeluoghi.it\/\",\"sameAs\":[\"https:\/\/www.facebook.com\/ArteELuoghi\/\",\"https:\/\/www.instagram.com\/arteeluoghi\/?hl=it\",\"https:\/\/www.youtube.com\/channel\/UCuRVc4JW4-C5sg9rQB-srkw?view_as=subscriber\",\"https:\/\/twitter.com\/arteeluoghi\"],\"logo\":{\"@type\":\"ImageObject\",\"@id\":\"https:\/\/arteeluoghi.it\/#logo\",\"inLanguage\":\"it-IT\",\"url\":\"https:\/\/arteeluoghi.it\/wp-content\/uploads\/2018\/08\/logoinstagramarte.jpg\",\"contentUrl\":\"https:\/\/arteeluoghi.it\/wp-content\/uploads\/2018\/08\/logoinstagramarte.jpg\",\"width\":150,\"height\":150,\"caption\":\"Arte e Luoghi\"},\"image\":{\"@id\":\"https:\/\/arteeluoghi.it\/#logo\"}},{\"@type\":\"WebSite\",\"@id\":\"https:\/\/arteeluoghi.it\/#website\",\"url\":\"https:\/\/arteeluoghi.it\/\",\"name\":\"Arte e Luoghi\",\"description\":\"Mensile di arte, cultura, turismo e curiosit\u00e0\",\"publisher\":{\"@id\":\"https:\/\/arteeluoghi.it\/#organization\"},\"potentialAction\":[{\"@type\":\"SearchAction\",\"target\":{\"@type\":\"EntryPoint\",\"urlTemplate\":\"https:\/\/arteeluoghi.it\/?s={search_term_string}\"},\"query-input\":\"required name=search_term_string\"}],\"inLanguage\":\"it-IT\"},{\"@type\":\"ImageObject\",\"@id\":\"https:\/\/arteeluoghi.it\/index.php\/2012\/08\/09\/figuli-in-mostra\/#primaryimage\",\"inLanguage\":\"it-IT\",\"url\":\"\/images\/stories\/ceramiche2.jpg\",\"contentUrl\":\"\/images\/stories\/ceramiche2.jpg\"},{\"@type\":\"WebPage\",\"@id\":\"https:\/\/arteeluoghi.it\/index.php\/2012\/08\/09\/figuli-in-mostra\/#webpage\",\"url\":\"https:\/\/arteeluoghi.it\/index.php\/2012\/08\/09\/figuli-in-mostra\/\",\"name\":\"Figuli in mostra | Arte e Luoghi\",\"isPartOf\":{\"@id\":\"https:\/\/arteeluoghi.it\/#website\"},\"primaryImageOfPage\":{\"@id\":\"https:\/\/arteeluoghi.it\/index.php\/2012\/08\/09\/figuli-in-mostra\/#primaryimage\"},\"datePublished\":\"2012-08-09T13:21:42+00:00\",\"dateModified\":\"2012-08-09T13:21:42+00:00\",\"breadcrumb\":{\"@id\":\"https:\/\/arteeluoghi.it\/index.php\/2012\/08\/09\/figuli-in-mostra\/#breadcrumb\"},\"inLanguage\":\"it-IT\",\"potentialAction\":[{\"@type\":\"ReadAction\",\"target\":[\"https:\/\/arteeluoghi.it\/index.php\/2012\/08\/09\/figuli-in-mostra\/\"]}]},{\"@type\":\"BreadcrumbList\",\"@id\":\"https:\/\/arteeluoghi.it\/index.php\/2012\/08\/09\/figuli-in-mostra\/#breadcrumb\",\"itemListElement\":[{\"@type\":\"ListItem\",\"position\":1,\"name\":\"Home\",\"item\":\"https:\/\/arteeluoghi.it\/\"},{\"@type\":\"ListItem\",\"position\":2,\"name\":\"Figuli in mostra\"}]},{\"@type\":\"Article\",\"@id\":\"https:\/\/arteeluoghi.it\/index.php\/2012\/08\/09\/figuli-in-mostra\/#article\",\"isPartOf\":{\"@id\":\"https:\/\/arteeluoghi.it\/index.php\/2012\/08\/09\/figuli-in-mostra\/#webpage\"},\"author\":{\"@id\":\"https:\/\/arteeluoghi.it\/#\/schema\/person\/f84e814e36e91e01448ee07eaadd41d4\"},\"headline\":\"Figuli in mostra\",\"datePublished\":\"2012-08-09T13:21:42+00:00\",\"dateModified\":\"2012-08-09T13:21:42+00:00\",\"mainEntityOfPage\":{\"@id\":\"https:\/\/arteeluoghi.it\/index.php\/2012\/08\/09\/figuli-in-mostra\/#webpage\"},\"wordCount\":1085,\"commentCount\":0,\"publisher\":{\"@id\":\"https:\/\/arteeluoghi.it\/#organization\"},\"image\":{\"@id\":\"https:\/\/arteeluoghi.it\/index.php\/2012\/08\/09\/figuli-in-mostra\/#primaryimage\"},\"thumbnailUrl\":\"\/images\/stories\/ceramiche2.jpg\",\"articleSection\":[\"Arti visive\"],\"inLanguage\":\"it-IT\",\"potentialAction\":[{\"@type\":\"CommentAction\",\"name\":\"Comment\",\"target\":[\"https:\/\/arteeluoghi.it\/index.php\/2012\/08\/09\/figuli-in-mostra\/#respond\"]}]},{\"@type\":\"Person\",\"@id\":\"https:\/\/arteeluoghi.it\/#\/schema\/person\/f84e814e36e91e01448ee07eaadd41d4\",\"name\":\"Staff\",\"image\":{\"@type\":\"ImageObject\",\"@id\":\"https:\/\/arteeluoghi.it\/#personlogo\",\"inLanguage\":\"it-IT\",\"url\":\"https:\/\/secure.gravatar.com\/avatar\/49d2f9e46271bb04e19cebfaf141313a?s=96&d=blank&r=g\",\"contentUrl\":\"https:\/\/secure.gravatar.com\/avatar\/49d2f9e46271bb04e19cebfaf141313a?s=96&d=blank&r=g\",\"caption\":\"Staff\"}}]}<\/script>\n<!-- \/ Yoast SEO plugin. -->","yoast_head_json":{"title":"Figuli in mostra | Arte e Luoghi","robots":{"index":"index","follow":"follow","max-snippet":"max-snippet:-1","max-image-preview":"max-image-preview:large","max-video-preview":"max-video-preview:-1"},"canonical":"https:\/\/arteeluoghi.it\/index.php\/2012\/08\/09\/figuli-in-mostra\/","og_locale":"it_IT","og_type":"article","og_title":"Figuli in mostra | Arte e Luoghi","og_description":"Dal 10 al 19 agosto nel centro storico di Cutrofiano (Le) 40\u00b0 MOSTRA MERCATO DELLA CERAMICA ARTIGIANALE \u00a0 \u00a0 \u00a0","og_url":"https:\/\/arteeluoghi.it\/index.php\/2012\/08\/09\/figuli-in-mostra\/","og_site_name":"Arte e Luoghi","article_publisher":"https:\/\/www.facebook.com\/ArteELuoghi\/","article_published_time":"2012-08-09T13:21:42+00:00","og_image":[{"url":"https:\/\/arteeluoghi.it\/images\/stories\/ceramiche2.jpg"}],"twitter_card":"summary","twitter_creator":"@arteeluoghi","twitter_site":"@arteeluoghi","twitter_misc":{"Scritto da":"Staff","Tempo di lettura stimato":"5 minuti"},"schema":{"@context":"https:\/\/schema.org","@graph":[{"@type":"Organization","@id":"https:\/\/arteeluoghi.it\/#organization","name":"Arte e Luoghi","url":"https:\/\/arteeluoghi.it\/","sameAs":["https:\/\/www.facebook.com\/ArteELuoghi\/","https:\/\/www.instagram.com\/arteeluoghi\/?hl=it","https:\/\/www.youtube.com\/channel\/UCuRVc4JW4-C5sg9rQB-srkw?view_as=subscriber","https:\/\/twitter.com\/arteeluoghi"],"logo":{"@type":"ImageObject","@id":"https:\/\/arteeluoghi.it\/#logo","inLanguage":"it-IT","url":"https:\/\/arteeluoghi.it\/wp-content\/uploads\/2018\/08\/logoinstagramarte.jpg","contentUrl":"https:\/\/arteeluoghi.it\/wp-content\/uploads\/2018\/08\/logoinstagramarte.jpg","width":150,"height":150,"caption":"Arte e Luoghi"},"image":{"@id":"https:\/\/arteeluoghi.it\/#logo"}},{"@type":"WebSite","@id":"https:\/\/arteeluoghi.it\/#website","url":"https:\/\/arteeluoghi.it\/","name":"Arte e Luoghi","description":"Mensile di arte, cultura, turismo e curiosit\u00e0","publisher":{"@id":"https:\/\/arteeluoghi.it\/#organization"},"potentialAction":[{"@type":"SearchAction","target":{"@type":"EntryPoint","urlTemplate":"https:\/\/arteeluoghi.it\/?s={search_term_string}"},"query-input":"required name=search_term_string"}],"inLanguage":"it-IT"},{"@type":"ImageObject","@id":"https:\/\/arteeluoghi.it\/index.php\/2012\/08\/09\/figuli-in-mostra\/#primaryimage","inLanguage":"it-IT","url":"\/images\/stories\/ceramiche2.jpg","contentUrl":"\/images\/stories\/ceramiche2.jpg"},{"@type":"WebPage","@id":"https:\/\/arteeluoghi.it\/index.php\/2012\/08\/09\/figuli-in-mostra\/#webpage","url":"https:\/\/arteeluoghi.it\/index.php\/2012\/08\/09\/figuli-in-mostra\/","name":"Figuli in mostra | Arte e Luoghi","isPartOf":{"@id":"https:\/\/arteeluoghi.it\/#website"},"primaryImageOfPage":{"@id":"https:\/\/arteeluoghi.it\/index.php\/2012\/08\/09\/figuli-in-mostra\/#primaryimage"},"datePublished":"2012-08-09T13:21:42+00:00","dateModified":"2012-08-09T13:21:42+00:00","breadcrumb":{"@id":"https:\/\/arteeluoghi.it\/index.php\/2012\/08\/09\/figuli-in-mostra\/#breadcrumb"},"inLanguage":"it-IT","potentialAction":[{"@type":"ReadAction","target":["https:\/\/arteeluoghi.it\/index.php\/2012\/08\/09\/figuli-in-mostra\/"]}]},{"@type":"BreadcrumbList","@id":"https:\/\/arteeluoghi.it\/index.php\/2012\/08\/09\/figuli-in-mostra\/#breadcrumb","itemListElement":[{"@type":"ListItem","position":1,"name":"Home","item":"https:\/\/arteeluoghi.it\/"},{"@type":"ListItem","position":2,"name":"Figuli in mostra"}]},{"@type":"Article","@id":"https:\/\/arteeluoghi.it\/index.php\/2012\/08\/09\/figuli-in-mostra\/#article","isPartOf":{"@id":"https:\/\/arteeluoghi.it\/index.php\/2012\/08\/09\/figuli-in-mostra\/#webpage"},"author":{"@id":"https:\/\/arteeluoghi.it\/#\/schema\/person\/f84e814e36e91e01448ee07eaadd41d4"},"headline":"Figuli in mostra","datePublished":"2012-08-09T13:21:42+00:00","dateModified":"2012-08-09T13:21:42+00:00","mainEntityOfPage":{"@id":"https:\/\/arteeluoghi.it\/index.php\/2012\/08\/09\/figuli-in-mostra\/#webpage"},"wordCount":1085,"commentCount":0,"publisher":{"@id":"https:\/\/arteeluoghi.it\/#organization"},"image":{"@id":"https:\/\/arteeluoghi.it\/index.php\/2012\/08\/09\/figuli-in-mostra\/#primaryimage"},"thumbnailUrl":"\/images\/stories\/ceramiche2.jpg","articleSection":["Arti visive"],"inLanguage":"it-IT","potentialAction":[{"@type":"CommentAction","name":"Comment","target":["https:\/\/arteeluoghi.it\/index.php\/2012\/08\/09\/figuli-in-mostra\/#respond"]}]},{"@type":"Person","@id":"https:\/\/arteeluoghi.it\/#\/schema\/person\/f84e814e36e91e01448ee07eaadd41d4","name":"Staff","image":{"@type":"ImageObject","@id":"https:\/\/arteeluoghi.it\/#personlogo","inLanguage":"it-IT","url":"https:\/\/secure.gravatar.com\/avatar\/49d2f9e46271bb04e19cebfaf141313a?s=96&d=blank&r=g","contentUrl":"https:\/\/secure.gravatar.com\/avatar\/49d2f9e46271bb04e19cebfaf141313a?s=96&d=blank&r=g","caption":"Staff"}}]}},"_links":{"self":[{"href":"https:\/\/arteeluoghi.it\/index.php\/wp-json\/wp\/v2\/posts\/865"}],"collection":[{"href":"https:\/\/arteeluoghi.it\/index.php\/wp-json\/wp\/v2\/posts"}],"about":[{"href":"https:\/\/arteeluoghi.it\/index.php\/wp-json\/wp\/v2\/types\/post"}],"author":[{"embeddable":true,"href":"https:\/\/arteeluoghi.it\/index.php\/wp-json\/wp\/v2\/users\/1"}],"replies":[{"embeddable":true,"href":"https:\/\/arteeluoghi.it\/index.php\/wp-json\/wp\/v2\/comments?post=865"}],"version-history":[{"count":0,"href":"https:\/\/arteeluoghi.it\/index.php\/wp-json\/wp\/v2\/posts\/865\/revisions"}],"wp:attachment":[{"href":"https:\/\/arteeluoghi.it\/index.php\/wp-json\/wp\/v2\/media?parent=865"}],"wp:term":[{"taxonomy":"category","embeddable":true,"href":"https:\/\/arteeluoghi.it\/index.php\/wp-json\/wp\/v2\/categories?post=865"},{"taxonomy":"post_tag","embeddable":true,"href":"https:\/\/arteeluoghi.it\/index.php\/wp-json\/wp\/v2\/tags?post=865"}],"curies":[{"name":"wp","href":"https:\/\/api.w.org\/{rel}","templated":true}]}}