{"id":8671,"date":"2020-08-14T21:00:24","date_gmt":"2020-08-14T19:00:24","guid":{"rendered":"https:\/\/arteeluoghi.it\/?p=8671"},"modified":"2020-08-14T21:00:38","modified_gmt":"2020-08-14T19:00:38","slug":"festival-del-teatro-medievale-e-rinascimentale-ad-anagni","status":"publish","type":"post","link":"https:\/\/arteeluoghi.it\/index.php\/2020\/08\/14\/festival-del-teatro-medievale-e-rinascimentale-ad-anagni\/","title":{"rendered":"Festival del teatro medievale e rinascimentale ad Anagni"},"content":{"rendered":"\n<blockquote class=\"wp-block-quote\"><p>Sul palco Giuseppe Zeno \u00e8 Faust<\/p><\/blockquote>\n\n\n\n<p><strong>Il 22 agosto&nbsp;<\/strong>sul palcoscenico&nbsp;<strong>open air del Festival del Teatro Medievale e Rinascimentale di Anagni, ai piedi della monumentale cattedrale di Piazza Innocenzo III&nbsp;<\/strong>come ineguagliabile scenografia urbana, va in scena<strong>&nbsp;Giuseppe Zeno &#8211; diretto da Stefano Reali<\/strong>&nbsp;&#8211; nella parte di&nbsp;<em>Faust<\/em>, di Mefistofele e di tutti gli altri personaggi maschili dello spettacolo ispirato al \u201cIl Dottor Faustus\u201d di C. Marlowe e \u201cUrFaust\u201d di W. Goethe, in&nbsp;<strong>una performance funambolica, virtuosistica, e fisicamente acrobatica, al limite del circense.&nbsp;<\/strong><\/p>\n\n\n\n<!--more-->\n\n\n\n<p>Il testo,&nbsp;<strong>ora brillante, ora tragico, ora comico, ora farsesco<\/strong>, \u00e8 una riflessione sulla caducit\u00e0 dell\u2019essere umano, e sull\u2019impossibilit\u00e0 di accettare l\u2019indifferenza in cui il mondo digitale sembra confinarci, un mondo in cui la rinuncia al tatto, alla lotta, al rischio, alle sensazioni, e in definitiva al contatto fisico, \u00e8 diventato una prigione, pi\u00f9 che una garanzia di benessere. Zeno attraversa tutto questo e lo fa affrontando con ironia, sarcasmo e momenti di irresistibile comicit\u00e0, il dramma prometeico dell\u2019uomo di ogni tempo, in continua ricerca dell\u2019unica cosa che veramente gli importi: L\u2019 Immortalit\u00e0.<\/p>\n\n\n\n<figure class=\"wp-block-image\"><img loading=\"lazy\" width=\"1024\" height=\"683\" src=\"https:\/\/arteeluoghi.it\/wp-content\/uploads\/2020\/08\/Giuseppe-Zeno_Festival-Teatro-Medievale-Anagni-1024x683.jpg\" alt=\"\" class=\"wp-image-8673\" srcset=\"https:\/\/arteeluoghi.it\/wp-content\/uploads\/2020\/08\/Giuseppe-Zeno_Festival-Teatro-Medievale-Anagni-1024x683.jpg 1024w, https:\/\/arteeluoghi.it\/wp-content\/uploads\/2020\/08\/Giuseppe-Zeno_Festival-Teatro-Medievale-Anagni-300x200.jpg 300w, https:\/\/arteeluoghi.it\/wp-content\/uploads\/2020\/08\/Giuseppe-Zeno_Festival-Teatro-Medievale-Anagni-768x512.jpg 768w, https:\/\/arteeluoghi.it\/wp-content\/uploads\/2020\/08\/Giuseppe-Zeno_Festival-Teatro-Medievale-Anagni.jpg 1280w\" sizes=\"(max-width: 1024px) 100vw, 1024px\" \/><figcaption>Giuseppe-Zeno_Festival-Teatro-Medievale-Anagni<\/figcaption><\/figure>\n\n\n\n<p>A Wittemberg, nel 1580, Johann Faust, uno studioso avido di conoscenza stringe un patto con il demone Mefistofele, che gli propone di farlo rimanere perennemente giovane, e potentissimo, per ventiquattro anni. Dopodich\u00e8 Lucifero si prender\u00e0 la sua anima. Faust accetta, scopre un mondo che si era sempre negato, e con l\u2019aiuto di Mefistofele viaggia nel futuro, per conquistare la fanciulla pi\u00f9 pura del mondo, Margherita, e convertirla alla Lussuria. Annoiato dall\u2019 eccessiva facilit\u00e0 con cui l\u2019ha conquistata, Faust decide allora di tornare indietro di duemila anni, e corteggiare la donna pi\u00f9 malvagia di tutti i tempi, Elena di Troia. Grazie al brillante e tragicomico aiuto di un Mefistofele che somiglia sempre di pi\u00f9 ad un Leporello, Faust\/don Giovanni conquista Elena, ma la sua seduzione \u00e8 meno appassionante di quanto Faust potesse aspettarsi. Anche perch\u00e9 Faust ci ha preso gusto, nell\u2019esperienza del peccato, non gli bastano pi\u00f9 i ventiquattro anni contrattati con Mefistofele.&nbsp;<\/p>\n\n\n\n<p>E cos\u00ec, deciso pi\u00f9 che mai a conoscere il Male Assoluto, per contrattare con lui la vera Immortalit\u00e0, Faust viaggia nel futuro, sempre accompagnato dal fido Mefistofele, arriva nel 2020, e si stupisce davanti ai Social, all\u2019 Inquinamento, alle Fake News, e agli Influencer, in un mondo dove il massimo oggetto di desiderio \u00e8 inafferrabile, elettronico, ed \u00e8 reso vivo solo da milioni di follower. Capendo che non pu\u00f2 allearsi con il Male, n\u00e9 tantomeno combatterlo, in un mondo dove nessuno esiste \u201cdal vivo\u201d, ma solo sulla sua ombra digitale, Faust ha l\u2019amara sorpresa di scoprire che i suoi viaggi nel tempo hanno consumato tutti i ventiquattro anni a sua disposizione. Improvvisamente decrepito, vecchio, e stanco, proprio nel momento si sta preparando a dover lasciare la sua Anima, con un colpo di coda, e con l\u2019aiuto di Mefistofele, che ormai gli si \u00e8 affezionato, Faust riesce a beffare Lucifero, e a tornare alla sua esistenza \u201cnormale\u201d. E si rende conto che Mefistofele \u00e8 semplicemente la parte demoniaca di s\u00e9 stesso, che reclamava il suo diritto ad essere vissuta, espressa, prima di essere frettolosamente accantonata in un\u2019esistenza politically correct. Ma \u00e8 davvero finita? O il Diavolo si sta riorganizzando, per reclamare ci\u00f2 che gli spetta di diritto?<\/p>\n\n\n\n<p>Ingresso gratuito,\u00a0su prenotazione\u00a0fino ad esaurimento posti.\u00a0<strong>Info:\u00a0<\/strong><a href=\"https:\/\/newsletter.hf4.it\/l\/892LLaKLsbe1rGn1mND8yAhA\/u8KIRdYekO9QtAbe1EqJZg\/m8I6BW91GUMcaEonQGXSWw\"><strong>www.comune.anagni.fr.it<\/strong><\/a><\/p>\n\n\n\n<p>(fonte: comunicato stampa)<\/p>\n","protected":false},"excerpt":{"rendered":"<p>Sul palco Giuseppe Zeno \u00e8 Faust Il 22 agosto&nbsp;sul palcoscenico&nbsp;open air del Festival del Teatro Medievale e Rinascimentale di Anagni,<\/p>\n","protected":false},"author":1,"featured_media":8672,"comment_status":"open","ping_status":"open","sticky":true,"template":"","format":"standard","meta":[],"categories":[13],"tags":[2504,2506,2505,2503,2507],"yoast_head":"<!-- This site is optimized with the Yoast SEO plugin v18.0 - https:\/\/yoast.com\/wordpress\/plugins\/seo\/ -->\n<title>Festival del teatro medievale e rinascimentale ad Anagni | Arte e Luoghi<\/title>\n<meta name=\"robots\" content=\"index, follow, max-snippet:-1, max-image-preview:large, max-video-preview:-1\" \/>\n<link rel=\"canonical\" href=\"https:\/\/arteeluoghi.it\/index.php\/2020\/08\/14\/festival-del-teatro-medievale-e-rinascimentale-ad-anagni\/\" \/>\n<meta property=\"og:locale\" content=\"it_IT\" \/>\n<meta property=\"og:type\" content=\"article\" \/>\n<meta property=\"og:title\" content=\"Festival del teatro medievale e rinascimentale ad Anagni | Arte e Luoghi\" \/>\n<meta property=\"og:description\" content=\"Sul palco Giuseppe Zeno \u00e8 Faust Il 22 agosto&nbsp;sul palcoscenico&nbsp;open air del Festival del Teatro Medievale e Rinascimentale di Anagni,\" \/>\n<meta property=\"og:url\" content=\"https:\/\/arteeluoghi.it\/index.php\/2020\/08\/14\/festival-del-teatro-medievale-e-rinascimentale-ad-anagni\/\" \/>\n<meta property=\"og:site_name\" content=\"Arte e Luoghi\" \/>\n<meta property=\"article:publisher\" content=\"https:\/\/www.facebook.com\/ArteELuoghi\/\" \/>\n<meta property=\"article:published_time\" content=\"2020-08-14T19:00:24+00:00\" \/>\n<meta property=\"article:modified_time\" content=\"2020-08-14T19:00:38+00:00\" \/>\n<meta property=\"og:image\" content=\"https:\/\/arteeluoghi.it\/wp-content\/uploads\/2020\/08\/Festival-Anagni_Giuseppe_Zeno-1.jpg\" \/>\n\t<meta property=\"og:image:width\" content=\"1024\" \/>\n\t<meta property=\"og:image:height\" content=\"682\" \/>\n\t<meta property=\"og:image:type\" content=\"image\/jpeg\" \/>\n<meta name=\"twitter:card\" content=\"summary\" \/>\n<meta name=\"twitter:creator\" content=\"@arteeluoghi\" \/>\n<meta name=\"twitter:site\" content=\"@arteeluoghi\" \/>\n<meta name=\"twitter:label1\" content=\"Scritto da\" \/>\n\t<meta name=\"twitter:data1\" content=\"Staff\" \/>\n\t<meta name=\"twitter:label2\" content=\"Tempo di lettura stimato\" \/>\n\t<meta name=\"twitter:data2\" content=\"3 minuti\" \/>\n<script type=\"application\/ld+json\" class=\"yoast-schema-graph\">{\"@context\":\"https:\/\/schema.org\",\"@graph\":[{\"@type\":\"Organization\",\"@id\":\"https:\/\/arteeluoghi.it\/#organization\",\"name\":\"Arte e Luoghi\",\"url\":\"https:\/\/arteeluoghi.it\/\",\"sameAs\":[\"https:\/\/www.facebook.com\/ArteELuoghi\/\",\"https:\/\/www.instagram.com\/arteeluoghi\/?hl=it\",\"https:\/\/www.youtube.com\/channel\/UCuRVc4JW4-C5sg9rQB-srkw?view_as=subscriber\",\"https:\/\/twitter.com\/arteeluoghi\"],\"logo\":{\"@type\":\"ImageObject\",\"@id\":\"https:\/\/arteeluoghi.it\/#logo\",\"inLanguage\":\"it-IT\",\"url\":\"https:\/\/arteeluoghi.it\/wp-content\/uploads\/2018\/08\/logoinstagramarte.jpg\",\"contentUrl\":\"https:\/\/arteeluoghi.it\/wp-content\/uploads\/2018\/08\/logoinstagramarte.jpg\",\"width\":150,\"height\":150,\"caption\":\"Arte e Luoghi\"},\"image\":{\"@id\":\"https:\/\/arteeluoghi.it\/#logo\"}},{\"@type\":\"WebSite\",\"@id\":\"https:\/\/arteeluoghi.it\/#website\",\"url\":\"https:\/\/arteeluoghi.it\/\",\"name\":\"Arte e Luoghi\",\"description\":\"Mensile di arte, cultura, turismo e curiosit\u00e0\",\"publisher\":{\"@id\":\"https:\/\/arteeluoghi.it\/#organization\"},\"potentialAction\":[{\"@type\":\"SearchAction\",\"target\":{\"@type\":\"EntryPoint\",\"urlTemplate\":\"https:\/\/arteeluoghi.it\/?s={search_term_string}\"},\"query-input\":\"required name=search_term_string\"}],\"inLanguage\":\"it-IT\"},{\"@type\":\"ImageObject\",\"@id\":\"https:\/\/arteeluoghi.it\/index.php\/2020\/08\/14\/festival-del-teatro-medievale-e-rinascimentale-ad-anagni\/#primaryimage\",\"inLanguage\":\"it-IT\",\"url\":\"https:\/\/arteeluoghi.it\/wp-content\/uploads\/2020\/08\/Festival-Anagni_Giuseppe_Zeno-1.jpg\",\"contentUrl\":\"https:\/\/arteeluoghi.it\/wp-content\/uploads\/2020\/08\/Festival-Anagni_Giuseppe_Zeno-1.jpg\",\"width\":1024,\"height\":682},{\"@type\":\"WebPage\",\"@id\":\"https:\/\/arteeluoghi.it\/index.php\/2020\/08\/14\/festival-del-teatro-medievale-e-rinascimentale-ad-anagni\/#webpage\",\"url\":\"https:\/\/arteeluoghi.it\/index.php\/2020\/08\/14\/festival-del-teatro-medievale-e-rinascimentale-ad-anagni\/\",\"name\":\"Festival del teatro medievale e rinascimentale ad Anagni | Arte e Luoghi\",\"isPartOf\":{\"@id\":\"https:\/\/arteeluoghi.it\/#website\"},\"primaryImageOfPage\":{\"@id\":\"https:\/\/arteeluoghi.it\/index.php\/2020\/08\/14\/festival-del-teatro-medievale-e-rinascimentale-ad-anagni\/#primaryimage\"},\"datePublished\":\"2020-08-14T19:00:24+00:00\",\"dateModified\":\"2020-08-14T19:00:38+00:00\",\"breadcrumb\":{\"@id\":\"https:\/\/arteeluoghi.it\/index.php\/2020\/08\/14\/festival-del-teatro-medievale-e-rinascimentale-ad-anagni\/#breadcrumb\"},\"inLanguage\":\"it-IT\",\"potentialAction\":[{\"@type\":\"ReadAction\",\"target\":[\"https:\/\/arteeluoghi.it\/index.php\/2020\/08\/14\/festival-del-teatro-medievale-e-rinascimentale-ad-anagni\/\"]}]},{\"@type\":\"BreadcrumbList\",\"@id\":\"https:\/\/arteeluoghi.it\/index.php\/2020\/08\/14\/festival-del-teatro-medievale-e-rinascimentale-ad-anagni\/#breadcrumb\",\"itemListElement\":[{\"@type\":\"ListItem\",\"position\":1,\"name\":\"Home\",\"item\":\"https:\/\/arteeluoghi.it\/\"},{\"@type\":\"ListItem\",\"position\":2,\"name\":\"Festival del teatro medievale e rinascimentale ad Anagni\"}]},{\"@type\":\"Article\",\"@id\":\"https:\/\/arteeluoghi.it\/index.php\/2020\/08\/14\/festival-del-teatro-medievale-e-rinascimentale-ad-anagni\/#article\",\"isPartOf\":{\"@id\":\"https:\/\/arteeluoghi.it\/index.php\/2020\/08\/14\/festival-del-teatro-medievale-e-rinascimentale-ad-anagni\/#webpage\"},\"author\":{\"@id\":\"https:\/\/arteeluoghi.it\/#\/schema\/person\/f84e814e36e91e01448ee07eaadd41d4\"},\"headline\":\"Festival del teatro medievale e rinascimentale ad Anagni\",\"datePublished\":\"2020-08-14T19:00:24+00:00\",\"dateModified\":\"2020-08-14T19:00:38+00:00\",\"mainEntityOfPage\":{\"@id\":\"https:\/\/arteeluoghi.it\/index.php\/2020\/08\/14\/festival-del-teatro-medievale-e-rinascimentale-ad-anagni\/#webpage\"},\"wordCount\":574,\"commentCount\":0,\"publisher\":{\"@id\":\"https:\/\/arteeluoghi.it\/#organization\"},\"image\":{\"@id\":\"https:\/\/arteeluoghi.it\/index.php\/2020\/08\/14\/festival-del-teatro-medievale-e-rinascimentale-ad-anagni\/#primaryimage\"},\"thumbnailUrl\":\"https:\/\/arteeluoghi.it\/wp-content\/uploads\/2020\/08\/Festival-Anagni_Giuseppe_Zeno-1.jpg\",\"keywords\":[\"Anagni\",\"Faust\",\"Festival del teatro medievale e rinascimentale\",\"Giuseppe Zeno\",\"Goethe\"],\"articleSection\":[\"teatro\"],\"inLanguage\":\"it-IT\",\"potentialAction\":[{\"@type\":\"CommentAction\",\"name\":\"Comment\",\"target\":[\"https:\/\/arteeluoghi.it\/index.php\/2020\/08\/14\/festival-del-teatro-medievale-e-rinascimentale-ad-anagni\/#respond\"]}]},{\"@type\":\"Person\",\"@id\":\"https:\/\/arteeluoghi.it\/#\/schema\/person\/f84e814e36e91e01448ee07eaadd41d4\",\"name\":\"Staff\",\"image\":{\"@type\":\"ImageObject\",\"@id\":\"https:\/\/arteeluoghi.it\/#personlogo\",\"inLanguage\":\"it-IT\",\"url\":\"https:\/\/secure.gravatar.com\/avatar\/49d2f9e46271bb04e19cebfaf141313a?s=96&d=blank&r=g\",\"contentUrl\":\"https:\/\/secure.gravatar.com\/avatar\/49d2f9e46271bb04e19cebfaf141313a?s=96&d=blank&r=g\",\"caption\":\"Staff\"}}]}<\/script>\n<!-- \/ Yoast SEO plugin. -->","yoast_head_json":{"title":"Festival del teatro medievale e rinascimentale ad Anagni | Arte e Luoghi","robots":{"index":"index","follow":"follow","max-snippet":"max-snippet:-1","max-image-preview":"max-image-preview:large","max-video-preview":"max-video-preview:-1"},"canonical":"https:\/\/arteeluoghi.it\/index.php\/2020\/08\/14\/festival-del-teatro-medievale-e-rinascimentale-ad-anagni\/","og_locale":"it_IT","og_type":"article","og_title":"Festival del teatro medievale e rinascimentale ad Anagni | Arte e Luoghi","og_description":"Sul palco Giuseppe Zeno \u00e8 Faust Il 22 agosto&nbsp;sul palcoscenico&nbsp;open air del Festival del Teatro Medievale e Rinascimentale di Anagni,","og_url":"https:\/\/arteeluoghi.it\/index.php\/2020\/08\/14\/festival-del-teatro-medievale-e-rinascimentale-ad-anagni\/","og_site_name":"Arte e Luoghi","article_publisher":"https:\/\/www.facebook.com\/ArteELuoghi\/","article_published_time":"2020-08-14T19:00:24+00:00","article_modified_time":"2020-08-14T19:00:38+00:00","og_image":[{"width":1024,"height":682,"url":"https:\/\/arteeluoghi.it\/wp-content\/uploads\/2020\/08\/Festival-Anagni_Giuseppe_Zeno-1.jpg","type":"image\/jpeg"}],"twitter_card":"summary","twitter_creator":"@arteeluoghi","twitter_site":"@arteeluoghi","twitter_misc":{"Scritto da":"Staff","Tempo di lettura stimato":"3 minuti"},"schema":{"@context":"https:\/\/schema.org","@graph":[{"@type":"Organization","@id":"https:\/\/arteeluoghi.it\/#organization","name":"Arte e Luoghi","url":"https:\/\/arteeluoghi.it\/","sameAs":["https:\/\/www.facebook.com\/ArteELuoghi\/","https:\/\/www.instagram.com\/arteeluoghi\/?hl=it","https:\/\/www.youtube.com\/channel\/UCuRVc4JW4-C5sg9rQB-srkw?view_as=subscriber","https:\/\/twitter.com\/arteeluoghi"],"logo":{"@type":"ImageObject","@id":"https:\/\/arteeluoghi.it\/#logo","inLanguage":"it-IT","url":"https:\/\/arteeluoghi.it\/wp-content\/uploads\/2018\/08\/logoinstagramarte.jpg","contentUrl":"https:\/\/arteeluoghi.it\/wp-content\/uploads\/2018\/08\/logoinstagramarte.jpg","width":150,"height":150,"caption":"Arte e Luoghi"},"image":{"@id":"https:\/\/arteeluoghi.it\/#logo"}},{"@type":"WebSite","@id":"https:\/\/arteeluoghi.it\/#website","url":"https:\/\/arteeluoghi.it\/","name":"Arte e Luoghi","description":"Mensile di arte, cultura, turismo e curiosit\u00e0","publisher":{"@id":"https:\/\/arteeluoghi.it\/#organization"},"potentialAction":[{"@type":"SearchAction","target":{"@type":"EntryPoint","urlTemplate":"https:\/\/arteeluoghi.it\/?s={search_term_string}"},"query-input":"required name=search_term_string"}],"inLanguage":"it-IT"},{"@type":"ImageObject","@id":"https:\/\/arteeluoghi.it\/index.php\/2020\/08\/14\/festival-del-teatro-medievale-e-rinascimentale-ad-anagni\/#primaryimage","inLanguage":"it-IT","url":"https:\/\/arteeluoghi.it\/wp-content\/uploads\/2020\/08\/Festival-Anagni_Giuseppe_Zeno-1.jpg","contentUrl":"https:\/\/arteeluoghi.it\/wp-content\/uploads\/2020\/08\/Festival-Anagni_Giuseppe_Zeno-1.jpg","width":1024,"height":682},{"@type":"WebPage","@id":"https:\/\/arteeluoghi.it\/index.php\/2020\/08\/14\/festival-del-teatro-medievale-e-rinascimentale-ad-anagni\/#webpage","url":"https:\/\/arteeluoghi.it\/index.php\/2020\/08\/14\/festival-del-teatro-medievale-e-rinascimentale-ad-anagni\/","name":"Festival del teatro medievale e rinascimentale ad Anagni | Arte e Luoghi","isPartOf":{"@id":"https:\/\/arteeluoghi.it\/#website"},"primaryImageOfPage":{"@id":"https:\/\/arteeluoghi.it\/index.php\/2020\/08\/14\/festival-del-teatro-medievale-e-rinascimentale-ad-anagni\/#primaryimage"},"datePublished":"2020-08-14T19:00:24+00:00","dateModified":"2020-08-14T19:00:38+00:00","breadcrumb":{"@id":"https:\/\/arteeluoghi.it\/index.php\/2020\/08\/14\/festival-del-teatro-medievale-e-rinascimentale-ad-anagni\/#breadcrumb"},"inLanguage":"it-IT","potentialAction":[{"@type":"ReadAction","target":["https:\/\/arteeluoghi.it\/index.php\/2020\/08\/14\/festival-del-teatro-medievale-e-rinascimentale-ad-anagni\/"]}]},{"@type":"BreadcrumbList","@id":"https:\/\/arteeluoghi.it\/index.php\/2020\/08\/14\/festival-del-teatro-medievale-e-rinascimentale-ad-anagni\/#breadcrumb","itemListElement":[{"@type":"ListItem","position":1,"name":"Home","item":"https:\/\/arteeluoghi.it\/"},{"@type":"ListItem","position":2,"name":"Festival del teatro medievale e rinascimentale ad Anagni"}]},{"@type":"Article","@id":"https:\/\/arteeluoghi.it\/index.php\/2020\/08\/14\/festival-del-teatro-medievale-e-rinascimentale-ad-anagni\/#article","isPartOf":{"@id":"https:\/\/arteeluoghi.it\/index.php\/2020\/08\/14\/festival-del-teatro-medievale-e-rinascimentale-ad-anagni\/#webpage"},"author":{"@id":"https:\/\/arteeluoghi.it\/#\/schema\/person\/f84e814e36e91e01448ee07eaadd41d4"},"headline":"Festival del teatro medievale e rinascimentale ad Anagni","datePublished":"2020-08-14T19:00:24+00:00","dateModified":"2020-08-14T19:00:38+00:00","mainEntityOfPage":{"@id":"https:\/\/arteeluoghi.it\/index.php\/2020\/08\/14\/festival-del-teatro-medievale-e-rinascimentale-ad-anagni\/#webpage"},"wordCount":574,"commentCount":0,"publisher":{"@id":"https:\/\/arteeluoghi.it\/#organization"},"image":{"@id":"https:\/\/arteeluoghi.it\/index.php\/2020\/08\/14\/festival-del-teatro-medievale-e-rinascimentale-ad-anagni\/#primaryimage"},"thumbnailUrl":"https:\/\/arteeluoghi.it\/wp-content\/uploads\/2020\/08\/Festival-Anagni_Giuseppe_Zeno-1.jpg","keywords":["Anagni","Faust","Festival del teatro medievale e rinascimentale","Giuseppe Zeno","Goethe"],"articleSection":["teatro"],"inLanguage":"it-IT","potentialAction":[{"@type":"CommentAction","name":"Comment","target":["https:\/\/arteeluoghi.it\/index.php\/2020\/08\/14\/festival-del-teatro-medievale-e-rinascimentale-ad-anagni\/#respond"]}]},{"@type":"Person","@id":"https:\/\/arteeluoghi.it\/#\/schema\/person\/f84e814e36e91e01448ee07eaadd41d4","name":"Staff","image":{"@type":"ImageObject","@id":"https:\/\/arteeluoghi.it\/#personlogo","inLanguage":"it-IT","url":"https:\/\/secure.gravatar.com\/avatar\/49d2f9e46271bb04e19cebfaf141313a?s=96&d=blank&r=g","contentUrl":"https:\/\/secure.gravatar.com\/avatar\/49d2f9e46271bb04e19cebfaf141313a?s=96&d=blank&r=g","caption":"Staff"}}]}},"_links":{"self":[{"href":"https:\/\/arteeluoghi.it\/index.php\/wp-json\/wp\/v2\/posts\/8671"}],"collection":[{"href":"https:\/\/arteeluoghi.it\/index.php\/wp-json\/wp\/v2\/posts"}],"about":[{"href":"https:\/\/arteeluoghi.it\/index.php\/wp-json\/wp\/v2\/types\/post"}],"author":[{"embeddable":true,"href":"https:\/\/arteeluoghi.it\/index.php\/wp-json\/wp\/v2\/users\/1"}],"replies":[{"embeddable":true,"href":"https:\/\/arteeluoghi.it\/index.php\/wp-json\/wp\/v2\/comments?post=8671"}],"version-history":[{"count":1,"href":"https:\/\/arteeluoghi.it\/index.php\/wp-json\/wp\/v2\/posts\/8671\/revisions"}],"predecessor-version":[{"id":8674,"href":"https:\/\/arteeluoghi.it\/index.php\/wp-json\/wp\/v2\/posts\/8671\/revisions\/8674"}],"wp:featuredmedia":[{"embeddable":true,"href":"https:\/\/arteeluoghi.it\/index.php\/wp-json\/wp\/v2\/media\/8672"}],"wp:attachment":[{"href":"https:\/\/arteeluoghi.it\/index.php\/wp-json\/wp\/v2\/media?parent=8671"}],"wp:term":[{"taxonomy":"category","embeddable":true,"href":"https:\/\/arteeluoghi.it\/index.php\/wp-json\/wp\/v2\/categories?post=8671"},{"taxonomy":"post_tag","embeddable":true,"href":"https:\/\/arteeluoghi.it\/index.php\/wp-json\/wp\/v2\/tags?post=8671"}],"curies":[{"name":"wp","href":"https:\/\/api.w.org\/{rel}","templated":true}]}}