{"id":8675,"date":"2020-08-07T21:03:25","date_gmt":"2020-08-07T19:03:25","guid":{"rendered":"https:\/\/arteeluoghi.it\/?p=8675"},"modified":"2020-08-14T21:12:02","modified_gmt":"2020-08-14T19:12:02","slug":"il-balletto-del-sud","status":"publish","type":"post","link":"https:\/\/arteeluoghi.it\/index.php\/2020\/08\/07\/il-balletto-del-sud\/","title":{"rendered":"Il Balletto del Sud"},"content":{"rendered":"\n<blockquote class=\"wp-block-quote\"><p>La danza in scena ai Teatini di Lecce con tre spettacoli del coreografo Fredy Franzutti<\/p><\/blockquote>\n\n\n\n<p>Due serate dedicate al mito antico portate in scena all\u2019ex Chiostro dei Teatini di Lecce dal Balletto del Sud venerd\u00ec 7 e venerd\u00ec 21 agosto, alle 21.30. Si apre cos\u00ec la quinta edizione della stagione estiva di danza, promossa nel capoluogo dalla compagnia diretta da Fredy Franzutti.&nbsp;<\/p>\n\n\n\n<!--more-->\n\n\n\n<p>Nello spettacolo \u201cMiti in scena\u201d, i personaggi dell\u2019Olimpo, le leggende degli eroi, gli incantesimi e le metamorfosi divengono quadri danzati e interpretazioni teatrali in una rappresentazione definita \u201caccattivante e colta\u201d, che presenta balletti tratti dal repertorio classico, ricostruiti nei costumi e nello stile, e coreografie \u201ca tema\u201d create da Franzutti.<\/p>\n\n\n\n<figure class=\"wp-block-image\"><img loading=\"lazy\" width=\"1024\" height=\"683\" src=\"https:\/\/arteeluoghi.it\/wp-content\/uploads\/2020\/08\/miti_in_scena_15-1024x683.jpg\" alt=\"\" class=\"wp-image-8677\" srcset=\"https:\/\/arteeluoghi.it\/wp-content\/uploads\/2020\/08\/miti_in_scena_15-1024x683.jpg 1024w, https:\/\/arteeluoghi.it\/wp-content\/uploads\/2020\/08\/miti_in_scena_15-300x200.jpg 300w, https:\/\/arteeluoghi.it\/wp-content\/uploads\/2020\/08\/miti_in_scena_15-768x512.jpg 768w\" sizes=\"(max-width: 1024px) 100vw, 1024px\" \/><figcaption>Balletto del Sud, Miti in scena<\/figcaption><\/figure>\n\n\n\n<p>Il programma, che alterna quadri emozionali ed evocativi a brani di brillante virtuosismo, si articola con interventi di danza, musica e teatro. Partecipa allo spettacolo l&#8217;attore Andrea Sirianni impegnato nell\u2019interpretazione di testi di Giovan Battista Marino, il monologo dell&#8217;Aiace di Sofocle, l&#8217;Ulisse, avvolto dalle fiamme, tratto dal XXVI canto dell&#8217;Inferno di Dante e la celebre poesia \u201cItaca\u201d di Kostantinos Kavafis.<\/p>\n\n\n\n<p>A completare il programma della stagione sar\u00e0 gioved\u00ec 27 agosto la quinta edizione di \u201cMediterraneo\u201d, uno spettacolo composito in forma di gal\u00e0 dedicato al Mediterraneo con le pi\u00f9 belle pagine del repertorio ballettistico e musicale specifico del Mare Nostrum: Don Chisciotte, Esmeralda, Romeo e Giulietta, Carmen, La Giara, i personaggi della mitologia greca, le canzoni, le danze etniche.<\/p>\n\n\n\n<p>Dopo il successo delle prime edizioni, si ripropone il programma avvincente, che conquista le platee di ogni et\u00e0 e di ogni luogo, un cartellone in cui la fanno da padrone il brillio del virtuosismo, la padronanza della tecnica, la completezza dello stile.<\/p>\n\n\n\n<p>Evocazioni e momenti di musica e danza, con luoghi e figure legati alla cultura e al folclore del Mediterraneo, che rimandano direttamente alla Spagna, all&#8217;Italia, alla Grecia, alla Venezia del &#8216;700 e all&#8217;isola di Cipro, in un accattivante ventaglio di ritmi e melodie posti al servizio di personaggi resi immortali dalle creazioni coreografiche di ogni tempo. Conducono la serata Giuliana Paciolla e Andrea Sirianni.<\/p>\n\n\n\n<p>Protagonisti degli spettacoli sono i primi ballerini: Nuria Salado Fust\u00e8 e Matias Iaconianni e i solisti: Alice Leoncini, Alessandro Cavallo, Ovidiu Chitanu, Valerio Torelli, Sveva De Meo, Lorenzo Lupi, Ivan S\u00e1nchez, Benedetta Maldina e il corpo di ballo del Balletto del Sud pi\u00f9 gli attori Sirianni e Donato Chiarello.&nbsp;<\/p>\n\n\n\n<p>Info e prenotazioni: Balletto del Sud 0832.453556, Castello Carlo V 0832.246517; Prevendita on line:\u00a0<a href=\"http:\/\/ciaotickets.com\/\">Ciaotickets.com<\/a>. Costo biglietto posto unico: 20 euro intero, 15 euro ridotto under 25.\u00a0<\/p>\n\n\n\n<p>(fonte: comunicato stampa)<\/p>\n","protected":false},"excerpt":{"rendered":"<p>La danza in scena ai Teatini di Lecce con tre spettacoli del coreografo Fredy Franzutti Due serate dedicate al mito<\/p>\n","protected":false},"author":1,"featured_media":8676,"comment_status":"open","ping_status":"open","sticky":true,"template":"","format":"standard","meta":[],"categories":[15],"tags":[2508,894,547,900,134,1381],"yoast_head":"<!-- This site is optimized with the Yoast SEO plugin v18.0 - https:\/\/yoast.com\/wordpress\/plugins\/seo\/ -->\n<title>Il Balletto del Sud | Arte e Luoghi<\/title>\n<meta name=\"robots\" content=\"index, follow, max-snippet:-1, max-image-preview:large, max-video-preview:-1\" \/>\n<link rel=\"canonical\" href=\"https:\/\/arteeluoghi.it\/index.php\/2020\/08\/07\/il-balletto-del-sud\/\" \/>\n<meta property=\"og:locale\" content=\"it_IT\" \/>\n<meta property=\"og:type\" content=\"article\" \/>\n<meta property=\"og:title\" content=\"Il Balletto del Sud | Arte e Luoghi\" \/>\n<meta property=\"og:description\" content=\"La danza in scena ai Teatini di Lecce con tre spettacoli del coreografo Fredy Franzutti Due serate dedicate al mito\" \/>\n<meta property=\"og:url\" content=\"https:\/\/arteeluoghi.it\/index.php\/2020\/08\/07\/il-balletto-del-sud\/\" \/>\n<meta property=\"og:site_name\" content=\"Arte e Luoghi\" \/>\n<meta property=\"article:publisher\" content=\"https:\/\/www.facebook.com\/ArteELuoghi\/\" \/>\n<meta property=\"article:published_time\" content=\"2020-08-07T19:03:25+00:00\" \/>\n<meta property=\"article:modified_time\" content=\"2020-08-14T19:12:02+00:00\" \/>\n<meta property=\"og:image\" content=\"https:\/\/arteeluoghi.it\/wp-content\/uploads\/2020\/08\/miti_in_scena_75-1024x683.jpg\" \/>\n\t<meta property=\"og:image:width\" content=\"1024\" \/>\n\t<meta property=\"og:image:height\" content=\"683\" \/>\n\t<meta property=\"og:image:type\" content=\"image\/jpeg\" \/>\n<meta name=\"twitter:card\" content=\"summary\" \/>\n<meta name=\"twitter:creator\" content=\"@arteeluoghi\" \/>\n<meta name=\"twitter:site\" content=\"@arteeluoghi\" \/>\n<meta name=\"twitter:label1\" content=\"Scritto da\" \/>\n\t<meta name=\"twitter:data1\" content=\"Staff\" \/>\n\t<meta name=\"twitter:label2\" content=\"Tempo di lettura stimato\" \/>\n\t<meta name=\"twitter:data2\" content=\"2 minuti\" \/>\n<script type=\"application\/ld+json\" class=\"yoast-schema-graph\">{\"@context\":\"https:\/\/schema.org\",\"@graph\":[{\"@type\":\"Organization\",\"@id\":\"https:\/\/arteeluoghi.it\/#organization\",\"name\":\"Arte e Luoghi\",\"url\":\"https:\/\/arteeluoghi.it\/\",\"sameAs\":[\"https:\/\/www.facebook.com\/ArteELuoghi\/\",\"https:\/\/www.instagram.com\/arteeluoghi\/?hl=it\",\"https:\/\/www.youtube.com\/channel\/UCuRVc4JW4-C5sg9rQB-srkw?view_as=subscriber\",\"https:\/\/twitter.com\/arteeluoghi\"],\"logo\":{\"@type\":\"ImageObject\",\"@id\":\"https:\/\/arteeluoghi.it\/#logo\",\"inLanguage\":\"it-IT\",\"url\":\"https:\/\/arteeluoghi.it\/wp-content\/uploads\/2018\/08\/logoinstagramarte.jpg\",\"contentUrl\":\"https:\/\/arteeluoghi.it\/wp-content\/uploads\/2018\/08\/logoinstagramarte.jpg\",\"width\":150,\"height\":150,\"caption\":\"Arte e Luoghi\"},\"image\":{\"@id\":\"https:\/\/arteeluoghi.it\/#logo\"}},{\"@type\":\"WebSite\",\"@id\":\"https:\/\/arteeluoghi.it\/#website\",\"url\":\"https:\/\/arteeluoghi.it\/\",\"name\":\"Arte e Luoghi\",\"description\":\"Mensile di arte, cultura, turismo e curiosit\u00e0\",\"publisher\":{\"@id\":\"https:\/\/arteeluoghi.it\/#organization\"},\"potentialAction\":[{\"@type\":\"SearchAction\",\"target\":{\"@type\":\"EntryPoint\",\"urlTemplate\":\"https:\/\/arteeluoghi.it\/?s={search_term_string}\"},\"query-input\":\"required name=search_term_string\"}],\"inLanguage\":\"it-IT\"},{\"@type\":\"ImageObject\",\"@id\":\"https:\/\/arteeluoghi.it\/index.php\/2020\/08\/07\/il-balletto-del-sud\/#primaryimage\",\"inLanguage\":\"it-IT\",\"url\":\"https:\/\/arteeluoghi.it\/wp-content\/uploads\/2020\/08\/miti_in_scena_75.jpg\",\"contentUrl\":\"https:\/\/arteeluoghi.it\/wp-content\/uploads\/2020\/08\/miti_in_scena_75.jpg\",\"width\":4381,\"height\":2921},{\"@type\":\"WebPage\",\"@id\":\"https:\/\/arteeluoghi.it\/index.php\/2020\/08\/07\/il-balletto-del-sud\/#webpage\",\"url\":\"https:\/\/arteeluoghi.it\/index.php\/2020\/08\/07\/il-balletto-del-sud\/\",\"name\":\"Il Balletto del Sud | Arte e Luoghi\",\"isPartOf\":{\"@id\":\"https:\/\/arteeluoghi.it\/#website\"},\"primaryImageOfPage\":{\"@id\":\"https:\/\/arteeluoghi.it\/index.php\/2020\/08\/07\/il-balletto-del-sud\/#primaryimage\"},\"datePublished\":\"2020-08-07T19:03:25+00:00\",\"dateModified\":\"2020-08-14T19:12:02+00:00\",\"breadcrumb\":{\"@id\":\"https:\/\/arteeluoghi.it\/index.php\/2020\/08\/07\/il-balletto-del-sud\/#breadcrumb\"},\"inLanguage\":\"it-IT\",\"potentialAction\":[{\"@type\":\"ReadAction\",\"target\":[\"https:\/\/arteeluoghi.it\/index.php\/2020\/08\/07\/il-balletto-del-sud\/\"]}]},{\"@type\":\"BreadcrumbList\",\"@id\":\"https:\/\/arteeluoghi.it\/index.php\/2020\/08\/07\/il-balletto-del-sud\/#breadcrumb\",\"itemListElement\":[{\"@type\":\"ListItem\",\"position\":1,\"name\":\"Home\",\"item\":\"https:\/\/arteeluoghi.it\/\"},{\"@type\":\"ListItem\",\"position\":2,\"name\":\"Il Balletto del Sud\"}]},{\"@type\":\"Article\",\"@id\":\"https:\/\/arteeluoghi.it\/index.php\/2020\/08\/07\/il-balletto-del-sud\/#article\",\"isPartOf\":{\"@id\":\"https:\/\/arteeluoghi.it\/index.php\/2020\/08\/07\/il-balletto-del-sud\/#webpage\"},\"author\":{\"@id\":\"https:\/\/arteeluoghi.it\/#\/schema\/person\/f84e814e36e91e01448ee07eaadd41d4\"},\"headline\":\"Il Balletto del Sud\",\"datePublished\":\"2020-08-07T19:03:25+00:00\",\"dateModified\":\"2020-08-14T19:12:02+00:00\",\"mainEntityOfPage\":{\"@id\":\"https:\/\/arteeluoghi.it\/index.php\/2020\/08\/07\/il-balletto-del-sud\/#webpage\"},\"wordCount\":423,\"commentCount\":0,\"publisher\":{\"@id\":\"https:\/\/arteeluoghi.it\/#organization\"},\"image\":{\"@id\":\"https:\/\/arteeluoghi.it\/index.php\/2020\/08\/07\/il-balletto-del-sud\/#primaryimage\"},\"thumbnailUrl\":\"https:\/\/arteeluoghi.it\/wp-content\/uploads\/2020\/08\/miti_in_scena_75.jpg\",\"keywords\":[\"Andrea Siranni\",\"Balletto del Sud\",\"danza\",\"Fredy Franzutti\",\"Lecce\",\"Teatini\"],\"articleSection\":[\"danza\"],\"inLanguage\":\"it-IT\",\"potentialAction\":[{\"@type\":\"CommentAction\",\"name\":\"Comment\",\"target\":[\"https:\/\/arteeluoghi.it\/index.php\/2020\/08\/07\/il-balletto-del-sud\/#respond\"]}]},{\"@type\":\"Person\",\"@id\":\"https:\/\/arteeluoghi.it\/#\/schema\/person\/f84e814e36e91e01448ee07eaadd41d4\",\"name\":\"Staff\",\"image\":{\"@type\":\"ImageObject\",\"@id\":\"https:\/\/arteeluoghi.it\/#personlogo\",\"inLanguage\":\"it-IT\",\"url\":\"https:\/\/secure.gravatar.com\/avatar\/49d2f9e46271bb04e19cebfaf141313a?s=96&d=blank&r=g\",\"contentUrl\":\"https:\/\/secure.gravatar.com\/avatar\/49d2f9e46271bb04e19cebfaf141313a?s=96&d=blank&r=g\",\"caption\":\"Staff\"}}]}<\/script>\n<!-- \/ Yoast SEO plugin. -->","yoast_head_json":{"title":"Il Balletto del Sud | Arte e Luoghi","robots":{"index":"index","follow":"follow","max-snippet":"max-snippet:-1","max-image-preview":"max-image-preview:large","max-video-preview":"max-video-preview:-1"},"canonical":"https:\/\/arteeluoghi.it\/index.php\/2020\/08\/07\/il-balletto-del-sud\/","og_locale":"it_IT","og_type":"article","og_title":"Il Balletto del Sud | Arte e Luoghi","og_description":"La danza in scena ai Teatini di Lecce con tre spettacoli del coreografo Fredy Franzutti Due serate dedicate al mito","og_url":"https:\/\/arteeluoghi.it\/index.php\/2020\/08\/07\/il-balletto-del-sud\/","og_site_name":"Arte e Luoghi","article_publisher":"https:\/\/www.facebook.com\/ArteELuoghi\/","article_published_time":"2020-08-07T19:03:25+00:00","article_modified_time":"2020-08-14T19:12:02+00:00","og_image":[{"width":1024,"height":683,"url":"https:\/\/arteeluoghi.it\/wp-content\/uploads\/2020\/08\/miti_in_scena_75-1024x683.jpg","type":"image\/jpeg"}],"twitter_card":"summary","twitter_creator":"@arteeluoghi","twitter_site":"@arteeluoghi","twitter_misc":{"Scritto da":"Staff","Tempo di lettura stimato":"2 minuti"},"schema":{"@context":"https:\/\/schema.org","@graph":[{"@type":"Organization","@id":"https:\/\/arteeluoghi.it\/#organization","name":"Arte e Luoghi","url":"https:\/\/arteeluoghi.it\/","sameAs":["https:\/\/www.facebook.com\/ArteELuoghi\/","https:\/\/www.instagram.com\/arteeluoghi\/?hl=it","https:\/\/www.youtube.com\/channel\/UCuRVc4JW4-C5sg9rQB-srkw?view_as=subscriber","https:\/\/twitter.com\/arteeluoghi"],"logo":{"@type":"ImageObject","@id":"https:\/\/arteeluoghi.it\/#logo","inLanguage":"it-IT","url":"https:\/\/arteeluoghi.it\/wp-content\/uploads\/2018\/08\/logoinstagramarte.jpg","contentUrl":"https:\/\/arteeluoghi.it\/wp-content\/uploads\/2018\/08\/logoinstagramarte.jpg","width":150,"height":150,"caption":"Arte e Luoghi"},"image":{"@id":"https:\/\/arteeluoghi.it\/#logo"}},{"@type":"WebSite","@id":"https:\/\/arteeluoghi.it\/#website","url":"https:\/\/arteeluoghi.it\/","name":"Arte e Luoghi","description":"Mensile di arte, cultura, turismo e curiosit\u00e0","publisher":{"@id":"https:\/\/arteeluoghi.it\/#organization"},"potentialAction":[{"@type":"SearchAction","target":{"@type":"EntryPoint","urlTemplate":"https:\/\/arteeluoghi.it\/?s={search_term_string}"},"query-input":"required name=search_term_string"}],"inLanguage":"it-IT"},{"@type":"ImageObject","@id":"https:\/\/arteeluoghi.it\/index.php\/2020\/08\/07\/il-balletto-del-sud\/#primaryimage","inLanguage":"it-IT","url":"https:\/\/arteeluoghi.it\/wp-content\/uploads\/2020\/08\/miti_in_scena_75.jpg","contentUrl":"https:\/\/arteeluoghi.it\/wp-content\/uploads\/2020\/08\/miti_in_scena_75.jpg","width":4381,"height":2921},{"@type":"WebPage","@id":"https:\/\/arteeluoghi.it\/index.php\/2020\/08\/07\/il-balletto-del-sud\/#webpage","url":"https:\/\/arteeluoghi.it\/index.php\/2020\/08\/07\/il-balletto-del-sud\/","name":"Il Balletto del Sud | Arte e Luoghi","isPartOf":{"@id":"https:\/\/arteeluoghi.it\/#website"},"primaryImageOfPage":{"@id":"https:\/\/arteeluoghi.it\/index.php\/2020\/08\/07\/il-balletto-del-sud\/#primaryimage"},"datePublished":"2020-08-07T19:03:25+00:00","dateModified":"2020-08-14T19:12:02+00:00","breadcrumb":{"@id":"https:\/\/arteeluoghi.it\/index.php\/2020\/08\/07\/il-balletto-del-sud\/#breadcrumb"},"inLanguage":"it-IT","potentialAction":[{"@type":"ReadAction","target":["https:\/\/arteeluoghi.it\/index.php\/2020\/08\/07\/il-balletto-del-sud\/"]}]},{"@type":"BreadcrumbList","@id":"https:\/\/arteeluoghi.it\/index.php\/2020\/08\/07\/il-balletto-del-sud\/#breadcrumb","itemListElement":[{"@type":"ListItem","position":1,"name":"Home","item":"https:\/\/arteeluoghi.it\/"},{"@type":"ListItem","position":2,"name":"Il Balletto del Sud"}]},{"@type":"Article","@id":"https:\/\/arteeluoghi.it\/index.php\/2020\/08\/07\/il-balletto-del-sud\/#article","isPartOf":{"@id":"https:\/\/arteeluoghi.it\/index.php\/2020\/08\/07\/il-balletto-del-sud\/#webpage"},"author":{"@id":"https:\/\/arteeluoghi.it\/#\/schema\/person\/f84e814e36e91e01448ee07eaadd41d4"},"headline":"Il Balletto del Sud","datePublished":"2020-08-07T19:03:25+00:00","dateModified":"2020-08-14T19:12:02+00:00","mainEntityOfPage":{"@id":"https:\/\/arteeluoghi.it\/index.php\/2020\/08\/07\/il-balletto-del-sud\/#webpage"},"wordCount":423,"commentCount":0,"publisher":{"@id":"https:\/\/arteeluoghi.it\/#organization"},"image":{"@id":"https:\/\/arteeluoghi.it\/index.php\/2020\/08\/07\/il-balletto-del-sud\/#primaryimage"},"thumbnailUrl":"https:\/\/arteeluoghi.it\/wp-content\/uploads\/2020\/08\/miti_in_scena_75.jpg","keywords":["Andrea Siranni","Balletto del Sud","danza","Fredy Franzutti","Lecce","Teatini"],"articleSection":["danza"],"inLanguage":"it-IT","potentialAction":[{"@type":"CommentAction","name":"Comment","target":["https:\/\/arteeluoghi.it\/index.php\/2020\/08\/07\/il-balletto-del-sud\/#respond"]}]},{"@type":"Person","@id":"https:\/\/arteeluoghi.it\/#\/schema\/person\/f84e814e36e91e01448ee07eaadd41d4","name":"Staff","image":{"@type":"ImageObject","@id":"https:\/\/arteeluoghi.it\/#personlogo","inLanguage":"it-IT","url":"https:\/\/secure.gravatar.com\/avatar\/49d2f9e46271bb04e19cebfaf141313a?s=96&d=blank&r=g","contentUrl":"https:\/\/secure.gravatar.com\/avatar\/49d2f9e46271bb04e19cebfaf141313a?s=96&d=blank&r=g","caption":"Staff"}}]}},"_links":{"self":[{"href":"https:\/\/arteeluoghi.it\/index.php\/wp-json\/wp\/v2\/posts\/8675"}],"collection":[{"href":"https:\/\/arteeluoghi.it\/index.php\/wp-json\/wp\/v2\/posts"}],"about":[{"href":"https:\/\/arteeluoghi.it\/index.php\/wp-json\/wp\/v2\/types\/post"}],"author":[{"embeddable":true,"href":"https:\/\/arteeluoghi.it\/index.php\/wp-json\/wp\/v2\/users\/1"}],"replies":[{"embeddable":true,"href":"https:\/\/arteeluoghi.it\/index.php\/wp-json\/wp\/v2\/comments?post=8675"}],"version-history":[{"count":1,"href":"https:\/\/arteeluoghi.it\/index.php\/wp-json\/wp\/v2\/posts\/8675\/revisions"}],"predecessor-version":[{"id":8678,"href":"https:\/\/arteeluoghi.it\/index.php\/wp-json\/wp\/v2\/posts\/8675\/revisions\/8678"}],"wp:featuredmedia":[{"embeddable":true,"href":"https:\/\/arteeluoghi.it\/index.php\/wp-json\/wp\/v2\/media\/8676"}],"wp:attachment":[{"href":"https:\/\/arteeluoghi.it\/index.php\/wp-json\/wp\/v2\/media?parent=8675"}],"wp:term":[{"taxonomy":"category","embeddable":true,"href":"https:\/\/arteeluoghi.it\/index.php\/wp-json\/wp\/v2\/categories?post=8675"},{"taxonomy":"post_tag","embeddable":true,"href":"https:\/\/arteeluoghi.it\/index.php\/wp-json\/wp\/v2\/tags?post=8675"}],"curies":[{"name":"wp","href":"https:\/\/api.w.org\/{rel}","templated":true}]}}