{"id":8701,"date":"2020-07-15T22:50:04","date_gmt":"2020-07-15T20:50:04","guid":{"rendered":"https:\/\/arteeluoghi.it\/?p=8701"},"modified":"2020-08-14T22:55:03","modified_gmt":"2020-08-14T20:55:03","slug":"bellezza-arte-e-fede-le-tele-di-francesca-mele-a-carmiano","status":"publish","type":"post","link":"https:\/\/arteeluoghi.it\/index.php\/2020\/07\/15\/bellezza-arte-e-fede-le-tele-di-francesca-mele-a-carmiano\/","title":{"rendered":"Bellezza arte e fede. Le tele  di Francesca Mele a Carmiano"},"content":{"rendered":"\n<blockquote class=\"wp-block-quote\"><p>Dieci anni fa, sull\u2019altare maggiore della chiesa intitolata<br> a Sant\u2019Antonio Abate,  veniva collocato il ciclo pittorico realizzato <br> dall\u2019artista novolese<\/p><cite>di Antonietta Fulvio<\/cite><\/blockquote>\n\n\n\n<p>CARMIANO\u2008(LECCE). Bellezza, arte e fede. Un trinomio, per dirla con termini matematici, che da sempre sta alla base delle grandi opere artistiche che impreziosiscono le chiese di tutt\u2019Italia. In giro nel Salento,  alla ricerca di luoghi da ri-scoprire ci si imbatte a Carmiano, quasi per caso, nella Chiesa di Sant\u2019Antonio Abate la cui architettura semplice e moderna rimanda agli anni settanta. Non ce ne voglia la Diocesi ma l\u2019esterno appare poco pi\u00f9 che un cubo di cemento sorretto ai lati da due pareti curve che superando il corpo centrale, sorreggono la torre campanaria destra, e la croce a sinistra, lontana dallo sfarzo dei ricami in pietra leccese cui ci ha abituato la visione del barocco &#8211; anche minore &#8211; che caratterizza il territorio. La vera sorpresa la riserva l\u2019interno. <\/p>\n\n\n\n<!--more-->\n\n\n\n<figure class=\"wp-block-image\"><img loading=\"lazy\" width=\"858\" height=\"1024\" src=\"https:\/\/arteeluoghi.it\/wp-content\/uploads\/2020\/08\/cena-di-emmaus-858x1024.jpg\" alt=\"\" class=\"wp-image-8702\" srcset=\"https:\/\/arteeluoghi.it\/wp-content\/uploads\/2020\/08\/cena-di-emmaus-858x1024.jpg 858w, https:\/\/arteeluoghi.it\/wp-content\/uploads\/2020\/08\/cena-di-emmaus-251x300.jpg 251w, https:\/\/arteeluoghi.it\/wp-content\/uploads\/2020\/08\/cena-di-emmaus-768x916.jpg 768w\" sizes=\"(max-width: 858px) 100vw, 858px\" \/><\/figure>\n\n\n\n<p>Entrando nell\u2019edificio religioso, consacrato al Santo del fuoco nel novembre 1974, lo sguardo \u00e8 calamitato verso l\u2019altare maggiore che si raggiunge percorrendo l\u2019unica navata centrale. Sono l\u00ec da dieci anni, la cerimonia di consacrazione si svolse alla presenza del vescovo il 31 maggio 2010, incastonate tra le pareti di cemento le tre tele dell\u2019artista novolese Francesca Mele volute all\u2019epoca dall\u2019ex parroco don Gianni Ratta. <br> Abbiamo incontrato l\u2019artista Francesca Mele che ringraziamo per aver interrotto il suo lavoro (sta preparando un grande evento espositivo in Germania per il 2021) per raccontarci la genesi delle opere.<br> \u00abDon Gianni ha voluto che rappresentassi tre fra i momenti pi\u00f9 sublimi ed emblematici di tutta la storia della religione cristiana. Io, per rappresentarli al meglio, mi sono soffermata sullo sguardo.\u00bb<\/p>\n\n\n\n<p>Quello della vergine Maria, in primis\u2026<br>\n\u00abS\u00ec, lo sguardo di Maria, modello di virt\u00f9 ed emblema della Chiesa nel momento in cui accetta di divenire Madre di Dio. Un messaggio che gli reca l\u2019arcangelo Gabriele che pur dipinto con sembianze umane appare come ombra proiettata su Maria dalla forte luce divina, e seppure conserva le ali che ci riportano al passato rimane assolutamente innovativo nel suo essere incorporeo e puramente spirituale.\u00bb <br>\nPer questo motivo non hai dipinto un\u2019ambientazione d\u2019interni?<br>\nEsatto, ho voluto che la scena di questa Annunciazione fosse ambientata in una cornice talmente semplice da sembrare quasi inconsistente. Manca la stanza in cui si sono svolti i fatti, ne percepiamo l\u2019esistenza solo ai piedi delle due figure che, una fisica &#8211; l\u2019altra incorporea, sono gli assoluti protagonisti di quell\u2019attimo passato, presente , futuro. Lo sfondo \u00e8 descritto con  pochi particolari in modo da non distrarre l\u2019attenzione dello spettatore dal momento in cui l\u2019Angelo annuncia alla giovane Maria quale sar\u00e0 il suo destino. Maria leggeva la Sacra Scrittura, in ebraico \u201cTor\u00e0\u201d quando l\u2019ombra di un angelo innalzato da una luce sfolgorante illumin\u00f2 la notte. La Tor\u00e0 le cadde dalle mani e la luce della lampada che le aveva rischiarato la lettura divenne fioca e quasi si spense sotto quel vento d\u2019ali celesti. <br>\nMaria \u00e8 lo strumento fondamentale attraverso cui si realizza il progetto divino.<\/p>\n\n\n\n<figure class=\"wp-block-image\"><img loading=\"lazy\" width=\"637\" height=\"960\" src=\"https:\/\/arteeluoghi.it\/wp-content\/uploads\/2020\/08\/francesca12.jpg\" alt=\"\" class=\"wp-image-8703\" srcset=\"https:\/\/arteeluoghi.it\/wp-content\/uploads\/2020\/08\/francesca12.jpg 637w, https:\/\/arteeluoghi.it\/wp-content\/uploads\/2020\/08\/francesca12-199x300.jpg 199w\" sizes=\"(max-width: 637px) 100vw, 637px\" \/><figcaption>L&#8217;artista #Francesca Mele<\/figcaption><\/figure>\n\n\n\n<p>La Trasfigurazione invece \u00e8 il tema della grande tela centrale che sovrasta l\u2019altare, hai scelto di raffigurare un momento preciso<br>\nAnche per questo dipinto il riferimento \u00e8 al Vangelo di Luca, quando Ges\u00f9 si reca a pregare sul Monte Tabor portando con s\u00e9 solo alcuni discepoli: Pietro, Giovanni e Giacomo. Le figure dei discepoli restano in ombra mentre la luce divina investe la figura di Ges\u00f9, tra i profeti Mos\u00e8 ed Elia. In primo piano la fiammella accesa di una lampada, ancora una volta simbolo della fede.<\/p>\n\n\n\n<p>Veniamo all\u2019altro dipinto laterale, la Cena di Emmaus ispirata alla lettura dei versi del Vangelo di Luca \u201cQuando fu a tavola con loro, prese il pane, disse la benedizione, lo spezz\u00f2 e lo diede loro. Ed ecco si aprirono  loro gli occhi e lo riconobbero. Ma lui spar\u00ec alla loro vista.\u201d<\/p>\n\n\n\n<p>In questa tela Ges\u00f9 spezza il pane come nell\u2019ultima cena ma, questa volta scompare nell\u2019arco di un paesaggio \u2013 Gerusalemme \u2013 o una qualsiasi citt\u00e0 del mondo. Perch\u00e9 Ges\u00f9 nasce, muore e da Risorto torna a noi, Discepoli di Emmaus di oggi, che lo riconosciamo solo attraverso quel gesto dello spezzare il pane, L\u2019Eucaristia che celebriamo. <\/p>\n\n\n\n<p>Anche qui una scena scarna, con pochi elementi quasi in contrapposizione le mani dei discepoli nell\u2019atto di afferrare quasi Ges\u00f9 che hanno riconosciuto nel gesto del pane spezzato <br>\nOgni parte del dipinto \u00e8 costruito secondo proporzioni matematiche, per creare quell\u2019ordine che, senza interferenze, tutto riporta agli occhi di Ges\u00f9, al suo sguardo che ci segue ovunque. Nessun disordine pu\u00f2 corrispondere alla sua icona e al logos &#8211; perch\u00e9 logos \u00e8 il Suo nome, e cio\u00e8 proporzione e rapporto, perfezione del dire, comunicazione inequivocabile.<br>\nSoprattutto, il Logos detesta ogni ornamento, ogni divagare e ogni distrazione. Sulla tavola pochi elementi. Solo la prospettiva che si apre a noi e quasi ci invita a sedere a quella mensa. Il pane \u2013 il vino \u2013 La lampada accesa che simboleggia la fede. <\/p>\n\n\n\n<p>Non solo a Carmiano, alcune tue opere figurano anche in altri luoghi prestigiosi a Parigi Roma, a Rheine (Germania).<br>\nHo un bel ricordo di ci\u00f2 che mi lega a Parigi ma la mia grande gioia \u00e8 quando le mie opere entrano a far parte dei luoghi di culto. <br>\nCome la tela del Padre francescano Giuseppe Spoletini (1870-1951) Servo di Dio le cui spoglie riposano nella Chiesa di San Francesco a Ripa sotto il pavimento della Cappella dell\u2019Annunciata nel punto in cui \u00e8 stato collocato il mio dipinto, a pochi metri dalla Beata Ludovica Albertoni del Bernini.<br>\nA Rheine nella Cappella di Gertrudenstift ci sono tre opere, Una goccia di splendore ossia l\u2019incontro tra la Veronica e Ges\u00f9, Le ultime parole di Cristo, la Morte non esiste pi\u00f9.<\/p>\n","protected":false},"excerpt":{"rendered":"<p>Dieci anni fa, sull\u2019altare maggiore della chiesa intitolata a Sant\u2019Antonio Abate, veniva collocato il ciclo pittorico realizzato dall\u2019artista novolese di<\/p>\n","protected":false},"author":1,"featured_media":8704,"comment_status":"open","ping_status":"open","sticky":true,"template":"","format":"standard","meta":[],"categories":[27,3,8,28],"tags":[2546,234,2542,2547,2543,2114,1498,2545],"yoast_head":"<!-- This site is optimized with the Yoast SEO plugin v18.0 - https:\/\/yoast.com\/wordpress\/plugins\/seo\/ -->\n<title>Bellezza arte e fede. Le tele di Francesca Mele a Carmiano | Arte e Luoghi<\/title>\n<meta name=\"robots\" content=\"index, follow, max-snippet:-1, max-image-preview:large, max-video-preview:-1\" \/>\n<link rel=\"canonical\" href=\"https:\/\/arteeluoghi.it\/index.php\/2020\/07\/15\/bellezza-arte-e-fede-le-tele-di-francesca-mele-a-carmiano\/\" \/>\n<meta property=\"og:locale\" content=\"it_IT\" \/>\n<meta property=\"og:type\" content=\"article\" \/>\n<meta property=\"og:title\" content=\"Bellezza arte e fede. Le tele di Francesca Mele a Carmiano | Arte e Luoghi\" \/>\n<meta property=\"og:description\" content=\"Dieci anni fa, sull\u2019altare maggiore della chiesa intitolata a Sant\u2019Antonio Abate, veniva collocato il ciclo pittorico realizzato dall\u2019artista novolese di\" \/>\n<meta property=\"og:url\" content=\"https:\/\/arteeluoghi.it\/index.php\/2020\/07\/15\/bellezza-arte-e-fede-le-tele-di-francesca-mele-a-carmiano\/\" \/>\n<meta property=\"og:site_name\" content=\"Arte e Luoghi\" \/>\n<meta property=\"article:publisher\" content=\"https:\/\/www.facebook.com\/ArteELuoghi\/\" \/>\n<meta property=\"article:published_time\" content=\"2020-07-15T20:50:04+00:00\" \/>\n<meta property=\"article:modified_time\" content=\"2020-08-14T20:55:03+00:00\" \/>\n<meta property=\"og:image\" content=\"https:\/\/arteeluoghi.it\/wp-content\/uploads\/2020\/08\/La-Morte-non-esiste-piu\u0300-1020x1024.jpg\" \/>\n\t<meta property=\"og:image:width\" content=\"1020\" \/>\n\t<meta property=\"og:image:height\" content=\"1024\" \/>\n\t<meta property=\"og:image:type\" content=\"image\/jpeg\" \/>\n<meta name=\"twitter:card\" content=\"summary\" \/>\n<meta name=\"twitter:creator\" content=\"@arteeluoghi\" \/>\n<meta name=\"twitter:site\" content=\"@arteeluoghi\" \/>\n<meta name=\"twitter:label1\" content=\"Scritto da\" \/>\n\t<meta name=\"twitter:data1\" content=\"Staff\" \/>\n\t<meta name=\"twitter:label2\" content=\"Tempo di lettura stimato\" \/>\n\t<meta name=\"twitter:data2\" content=\"5 minuti\" \/>\n<script type=\"application\/ld+json\" class=\"yoast-schema-graph\">{\"@context\":\"https:\/\/schema.org\",\"@graph\":[{\"@type\":\"Organization\",\"@id\":\"https:\/\/arteeluoghi.it\/#organization\",\"name\":\"Arte e Luoghi\",\"url\":\"https:\/\/arteeluoghi.it\/\",\"sameAs\":[\"https:\/\/www.facebook.com\/ArteELuoghi\/\",\"https:\/\/www.instagram.com\/arteeluoghi\/?hl=it\",\"https:\/\/www.youtube.com\/channel\/UCuRVc4JW4-C5sg9rQB-srkw?view_as=subscriber\",\"https:\/\/twitter.com\/arteeluoghi\"],\"logo\":{\"@type\":\"ImageObject\",\"@id\":\"https:\/\/arteeluoghi.it\/#logo\",\"inLanguage\":\"it-IT\",\"url\":\"https:\/\/arteeluoghi.it\/wp-content\/uploads\/2018\/08\/logoinstagramarte.jpg\",\"contentUrl\":\"https:\/\/arteeluoghi.it\/wp-content\/uploads\/2018\/08\/logoinstagramarte.jpg\",\"width\":150,\"height\":150,\"caption\":\"Arte e Luoghi\"},\"image\":{\"@id\":\"https:\/\/arteeluoghi.it\/#logo\"}},{\"@type\":\"WebSite\",\"@id\":\"https:\/\/arteeluoghi.it\/#website\",\"url\":\"https:\/\/arteeluoghi.it\/\",\"name\":\"Arte e Luoghi\",\"description\":\"Mensile di arte, cultura, turismo e curiosit\u00e0\",\"publisher\":{\"@id\":\"https:\/\/arteeluoghi.it\/#organization\"},\"potentialAction\":[{\"@type\":\"SearchAction\",\"target\":{\"@type\":\"EntryPoint\",\"urlTemplate\":\"https:\/\/arteeluoghi.it\/?s={search_term_string}\"},\"query-input\":\"required name=search_term_string\"}],\"inLanguage\":\"it-IT\"},{\"@type\":\"ImageObject\",\"@id\":\"https:\/\/arteeluoghi.it\/index.php\/2020\/07\/15\/bellezza-arte-e-fede-le-tele-di-francesca-mele-a-carmiano\/#primaryimage\",\"inLanguage\":\"it-IT\",\"url\":\"https:\/\/arteeluoghi.it\/wp-content\/uploads\/2020\/08\/La-Morte-non-esiste-piu\u0300.jpg\",\"contentUrl\":\"https:\/\/arteeluoghi.it\/wp-content\/uploads\/2020\/08\/La-Morte-non-esiste-piu\u0300.jpg\",\"width\":3487,\"height\":3500},{\"@type\":\"WebPage\",\"@id\":\"https:\/\/arteeluoghi.it\/index.php\/2020\/07\/15\/bellezza-arte-e-fede-le-tele-di-francesca-mele-a-carmiano\/#webpage\",\"url\":\"https:\/\/arteeluoghi.it\/index.php\/2020\/07\/15\/bellezza-arte-e-fede-le-tele-di-francesca-mele-a-carmiano\/\",\"name\":\"Bellezza arte e fede. Le tele di Francesca Mele a Carmiano | Arte e Luoghi\",\"isPartOf\":{\"@id\":\"https:\/\/arteeluoghi.it\/#website\"},\"primaryImageOfPage\":{\"@id\":\"https:\/\/arteeluoghi.it\/index.php\/2020\/07\/15\/bellezza-arte-e-fede-le-tele-di-francesca-mele-a-carmiano\/#primaryimage\"},\"datePublished\":\"2020-07-15T20:50:04+00:00\",\"dateModified\":\"2020-08-14T20:55:03+00:00\",\"breadcrumb\":{\"@id\":\"https:\/\/arteeluoghi.it\/index.php\/2020\/07\/15\/bellezza-arte-e-fede-le-tele-di-francesca-mele-a-carmiano\/#breadcrumb\"},\"inLanguage\":\"it-IT\",\"potentialAction\":[{\"@type\":\"ReadAction\",\"target\":[\"https:\/\/arteeluoghi.it\/index.php\/2020\/07\/15\/bellezza-arte-e-fede-le-tele-di-francesca-mele-a-carmiano\/\"]}]},{\"@type\":\"BreadcrumbList\",\"@id\":\"https:\/\/arteeluoghi.it\/index.php\/2020\/07\/15\/bellezza-arte-e-fede-le-tele-di-francesca-mele-a-carmiano\/#breadcrumb\",\"itemListElement\":[{\"@type\":\"ListItem\",\"position\":1,\"name\":\"Home\",\"item\":\"https:\/\/arteeluoghi.it\/\"},{\"@type\":\"ListItem\",\"position\":2,\"name\":\"Bellezza arte e fede. Le tele di Francesca Mele a Carmiano\"}]},{\"@type\":\"Article\",\"@id\":\"https:\/\/arteeluoghi.it\/index.php\/2020\/07\/15\/bellezza-arte-e-fede-le-tele-di-francesca-mele-a-carmiano\/#article\",\"isPartOf\":{\"@id\":\"https:\/\/arteeluoghi.it\/index.php\/2020\/07\/15\/bellezza-arte-e-fede-le-tele-di-francesca-mele-a-carmiano\/#webpage\"},\"author\":{\"@id\":\"https:\/\/arteeluoghi.it\/#\/schema\/person\/f84e814e36e91e01448ee07eaadd41d4\"},\"headline\":\"Bellezza arte e fede. Le tele di Francesca Mele a Carmiano\",\"datePublished\":\"2020-07-15T20:50:04+00:00\",\"dateModified\":\"2020-08-14T20:55:03+00:00\",\"mainEntityOfPage\":{\"@id\":\"https:\/\/arteeluoghi.it\/index.php\/2020\/07\/15\/bellezza-arte-e-fede-le-tele-di-francesca-mele-a-carmiano\/#webpage\"},\"wordCount\":978,\"commentCount\":0,\"publisher\":{\"@id\":\"https:\/\/arteeluoghi.it\/#organization\"},\"image\":{\"@id\":\"https:\/\/arteeluoghi.it\/index.php\/2020\/07\/15\/bellezza-arte-e-fede-le-tele-di-francesca-mele-a-carmiano\/#primaryimage\"},\"thumbnailUrl\":\"https:\/\/arteeluoghi.it\/wp-content\/uploads\/2020\/08\/La-Morte-non-esiste-piu\u0300.jpg\",\"keywords\":[\"Annunciazione\",\"arte\",\"Carmiano\",\"Cena di Emaus\",\"ciclo pittorico\",\"Fede\",\"Francesca Mele\",\"Trasfigurazione\"],\"articleSection\":[\"Arte\",\"Arti visive\",\"LUOGHI\",\"Notizie\"],\"inLanguage\":\"it-IT\",\"potentialAction\":[{\"@type\":\"CommentAction\",\"name\":\"Comment\",\"target\":[\"https:\/\/arteeluoghi.it\/index.php\/2020\/07\/15\/bellezza-arte-e-fede-le-tele-di-francesca-mele-a-carmiano\/#respond\"]}]},{\"@type\":\"Person\",\"@id\":\"https:\/\/arteeluoghi.it\/#\/schema\/person\/f84e814e36e91e01448ee07eaadd41d4\",\"name\":\"Staff\",\"image\":{\"@type\":\"ImageObject\",\"@id\":\"https:\/\/arteeluoghi.it\/#personlogo\",\"inLanguage\":\"it-IT\",\"url\":\"https:\/\/secure.gravatar.com\/avatar\/49d2f9e46271bb04e19cebfaf141313a?s=96&d=blank&r=g\",\"contentUrl\":\"https:\/\/secure.gravatar.com\/avatar\/49d2f9e46271bb04e19cebfaf141313a?s=96&d=blank&r=g\",\"caption\":\"Staff\"}}]}<\/script>\n<!-- \/ Yoast SEO plugin. -->","yoast_head_json":{"title":"Bellezza arte e fede. Le tele di Francesca Mele a Carmiano | Arte e Luoghi","robots":{"index":"index","follow":"follow","max-snippet":"max-snippet:-1","max-image-preview":"max-image-preview:large","max-video-preview":"max-video-preview:-1"},"canonical":"https:\/\/arteeluoghi.it\/index.php\/2020\/07\/15\/bellezza-arte-e-fede-le-tele-di-francesca-mele-a-carmiano\/","og_locale":"it_IT","og_type":"article","og_title":"Bellezza arte e fede. Le tele di Francesca Mele a Carmiano | Arte e Luoghi","og_description":"Dieci anni fa, sull\u2019altare maggiore della chiesa intitolata a Sant\u2019Antonio Abate, veniva collocato il ciclo pittorico realizzato dall\u2019artista novolese di","og_url":"https:\/\/arteeluoghi.it\/index.php\/2020\/07\/15\/bellezza-arte-e-fede-le-tele-di-francesca-mele-a-carmiano\/","og_site_name":"Arte e Luoghi","article_publisher":"https:\/\/www.facebook.com\/ArteELuoghi\/","article_published_time":"2020-07-15T20:50:04+00:00","article_modified_time":"2020-08-14T20:55:03+00:00","og_image":[{"width":1020,"height":1024,"url":"https:\/\/arteeluoghi.it\/wp-content\/uploads\/2020\/08\/La-Morte-non-esiste-piu\u0300-1020x1024.jpg","type":"image\/jpeg"}],"twitter_card":"summary","twitter_creator":"@arteeluoghi","twitter_site":"@arteeluoghi","twitter_misc":{"Scritto da":"Staff","Tempo di lettura stimato":"5 minuti"},"schema":{"@context":"https:\/\/schema.org","@graph":[{"@type":"Organization","@id":"https:\/\/arteeluoghi.it\/#organization","name":"Arte e Luoghi","url":"https:\/\/arteeluoghi.it\/","sameAs":["https:\/\/www.facebook.com\/ArteELuoghi\/","https:\/\/www.instagram.com\/arteeluoghi\/?hl=it","https:\/\/www.youtube.com\/channel\/UCuRVc4JW4-C5sg9rQB-srkw?view_as=subscriber","https:\/\/twitter.com\/arteeluoghi"],"logo":{"@type":"ImageObject","@id":"https:\/\/arteeluoghi.it\/#logo","inLanguage":"it-IT","url":"https:\/\/arteeluoghi.it\/wp-content\/uploads\/2018\/08\/logoinstagramarte.jpg","contentUrl":"https:\/\/arteeluoghi.it\/wp-content\/uploads\/2018\/08\/logoinstagramarte.jpg","width":150,"height":150,"caption":"Arte e Luoghi"},"image":{"@id":"https:\/\/arteeluoghi.it\/#logo"}},{"@type":"WebSite","@id":"https:\/\/arteeluoghi.it\/#website","url":"https:\/\/arteeluoghi.it\/","name":"Arte e Luoghi","description":"Mensile di arte, cultura, turismo e curiosit\u00e0","publisher":{"@id":"https:\/\/arteeluoghi.it\/#organization"},"potentialAction":[{"@type":"SearchAction","target":{"@type":"EntryPoint","urlTemplate":"https:\/\/arteeluoghi.it\/?s={search_term_string}"},"query-input":"required name=search_term_string"}],"inLanguage":"it-IT"},{"@type":"ImageObject","@id":"https:\/\/arteeluoghi.it\/index.php\/2020\/07\/15\/bellezza-arte-e-fede-le-tele-di-francesca-mele-a-carmiano\/#primaryimage","inLanguage":"it-IT","url":"https:\/\/arteeluoghi.it\/wp-content\/uploads\/2020\/08\/La-Morte-non-esiste-piu\u0300.jpg","contentUrl":"https:\/\/arteeluoghi.it\/wp-content\/uploads\/2020\/08\/La-Morte-non-esiste-piu\u0300.jpg","width":3487,"height":3500},{"@type":"WebPage","@id":"https:\/\/arteeluoghi.it\/index.php\/2020\/07\/15\/bellezza-arte-e-fede-le-tele-di-francesca-mele-a-carmiano\/#webpage","url":"https:\/\/arteeluoghi.it\/index.php\/2020\/07\/15\/bellezza-arte-e-fede-le-tele-di-francesca-mele-a-carmiano\/","name":"Bellezza arte e fede. Le tele di Francesca Mele a Carmiano | Arte e Luoghi","isPartOf":{"@id":"https:\/\/arteeluoghi.it\/#website"},"primaryImageOfPage":{"@id":"https:\/\/arteeluoghi.it\/index.php\/2020\/07\/15\/bellezza-arte-e-fede-le-tele-di-francesca-mele-a-carmiano\/#primaryimage"},"datePublished":"2020-07-15T20:50:04+00:00","dateModified":"2020-08-14T20:55:03+00:00","breadcrumb":{"@id":"https:\/\/arteeluoghi.it\/index.php\/2020\/07\/15\/bellezza-arte-e-fede-le-tele-di-francesca-mele-a-carmiano\/#breadcrumb"},"inLanguage":"it-IT","potentialAction":[{"@type":"ReadAction","target":["https:\/\/arteeluoghi.it\/index.php\/2020\/07\/15\/bellezza-arte-e-fede-le-tele-di-francesca-mele-a-carmiano\/"]}]},{"@type":"BreadcrumbList","@id":"https:\/\/arteeluoghi.it\/index.php\/2020\/07\/15\/bellezza-arte-e-fede-le-tele-di-francesca-mele-a-carmiano\/#breadcrumb","itemListElement":[{"@type":"ListItem","position":1,"name":"Home","item":"https:\/\/arteeluoghi.it\/"},{"@type":"ListItem","position":2,"name":"Bellezza arte e fede. Le tele di Francesca Mele a Carmiano"}]},{"@type":"Article","@id":"https:\/\/arteeluoghi.it\/index.php\/2020\/07\/15\/bellezza-arte-e-fede-le-tele-di-francesca-mele-a-carmiano\/#article","isPartOf":{"@id":"https:\/\/arteeluoghi.it\/index.php\/2020\/07\/15\/bellezza-arte-e-fede-le-tele-di-francesca-mele-a-carmiano\/#webpage"},"author":{"@id":"https:\/\/arteeluoghi.it\/#\/schema\/person\/f84e814e36e91e01448ee07eaadd41d4"},"headline":"Bellezza arte e fede. Le tele di Francesca Mele a Carmiano","datePublished":"2020-07-15T20:50:04+00:00","dateModified":"2020-08-14T20:55:03+00:00","mainEntityOfPage":{"@id":"https:\/\/arteeluoghi.it\/index.php\/2020\/07\/15\/bellezza-arte-e-fede-le-tele-di-francesca-mele-a-carmiano\/#webpage"},"wordCount":978,"commentCount":0,"publisher":{"@id":"https:\/\/arteeluoghi.it\/#organization"},"image":{"@id":"https:\/\/arteeluoghi.it\/index.php\/2020\/07\/15\/bellezza-arte-e-fede-le-tele-di-francesca-mele-a-carmiano\/#primaryimage"},"thumbnailUrl":"https:\/\/arteeluoghi.it\/wp-content\/uploads\/2020\/08\/La-Morte-non-esiste-piu\u0300.jpg","keywords":["Annunciazione","arte","Carmiano","Cena di Emaus","ciclo pittorico","Fede","Francesca Mele","Trasfigurazione"],"articleSection":["Arte","Arti visive","LUOGHI","Notizie"],"inLanguage":"it-IT","potentialAction":[{"@type":"CommentAction","name":"Comment","target":["https:\/\/arteeluoghi.it\/index.php\/2020\/07\/15\/bellezza-arte-e-fede-le-tele-di-francesca-mele-a-carmiano\/#respond"]}]},{"@type":"Person","@id":"https:\/\/arteeluoghi.it\/#\/schema\/person\/f84e814e36e91e01448ee07eaadd41d4","name":"Staff","image":{"@type":"ImageObject","@id":"https:\/\/arteeluoghi.it\/#personlogo","inLanguage":"it-IT","url":"https:\/\/secure.gravatar.com\/avatar\/49d2f9e46271bb04e19cebfaf141313a?s=96&d=blank&r=g","contentUrl":"https:\/\/secure.gravatar.com\/avatar\/49d2f9e46271bb04e19cebfaf141313a?s=96&d=blank&r=g","caption":"Staff"}}]}},"_links":{"self":[{"href":"https:\/\/arteeluoghi.it\/index.php\/wp-json\/wp\/v2\/posts\/8701"}],"collection":[{"href":"https:\/\/arteeluoghi.it\/index.php\/wp-json\/wp\/v2\/posts"}],"about":[{"href":"https:\/\/arteeluoghi.it\/index.php\/wp-json\/wp\/v2\/types\/post"}],"author":[{"embeddable":true,"href":"https:\/\/arteeluoghi.it\/index.php\/wp-json\/wp\/v2\/users\/1"}],"replies":[{"embeddable":true,"href":"https:\/\/arteeluoghi.it\/index.php\/wp-json\/wp\/v2\/comments?post=8701"}],"version-history":[{"count":1,"href":"https:\/\/arteeluoghi.it\/index.php\/wp-json\/wp\/v2\/posts\/8701\/revisions"}],"predecessor-version":[{"id":8705,"href":"https:\/\/arteeluoghi.it\/index.php\/wp-json\/wp\/v2\/posts\/8701\/revisions\/8705"}],"wp:featuredmedia":[{"embeddable":true,"href":"https:\/\/arteeluoghi.it\/index.php\/wp-json\/wp\/v2\/media\/8704"}],"wp:attachment":[{"href":"https:\/\/arteeluoghi.it\/index.php\/wp-json\/wp\/v2\/media?parent=8701"}],"wp:term":[{"taxonomy":"category","embeddable":true,"href":"https:\/\/arteeluoghi.it\/index.php\/wp-json\/wp\/v2\/categories?post=8701"},{"taxonomy":"post_tag","embeddable":true,"href":"https:\/\/arteeluoghi.it\/index.php\/wp-json\/wp\/v2\/tags?post=8701"}],"curies":[{"name":"wp","href":"https:\/\/api.w.org\/{rel}","templated":true}]}}