{"id":871,"date":"2012-08-10T17:25:17","date_gmt":"2012-08-10T15:25:17","guid":{"rendered":"http:\/\/arteeluoghi.it\/index.php\/2012\/08\/10\/lecclettismo-di-coignard-a-lucca\/"},"modified":"2012-08-10T17:25:17","modified_gmt":"2012-08-10T15:25:17","slug":"lecclettismo-di-coignard-a-lucca","status":"publish","type":"post","link":"https:\/\/arteeluoghi.it\/index.php\/2012\/08\/10\/lecclettismo-di-coignard-a-lucca\/","title":{"rendered":"L&#8217;ecclettismo di Coignard a Lucca"},"content":{"rendered":"<p><img src=\"\/images\/stories\/james coignardsans titre 2006 58x46 cm acrilico e tecnica mista su tela courtesy collection james coignard.jpg\" border=\"0\" title=\"James Coignard, sans titre, 2006, 58x46 cm acrilico e tecnica mista su tela courtesy collection James Coignard\" width=\"300\" style=\"margin: 21px; float: left;\" \/>Dal 5 agosto al 22 settembre nella Chiesa di San Cristoforo a Lucca<\/p>\n<p><strong>James Coignard: la magia della materia<\/strong><br \/>dipinti e sculture<\/p>\n<p>\u00a0<\/p>\n<p>A quattro anni dalla scomparsa di James Coignard l\u2019Associazione San Cristoforo di Lucca ha deciso di dedicargli un\u2019 importante mostra: alle sculture in vetro si accompagneranno numerose opere pittoriche e disegni, che completeranno e integreranno il percorso artistico di questo grande pittore, incisore e scultore all\u2019interno della romanica Chiesa di San Cristoforo.<br \/>James Coignard, nato a Tours nel 1925, ha vissuto e lavorato ad Antibes, nelle Alpi Marittime, dove \u00e8 morto nel 2008. Sin dagli studi iniziali, nel 1948 presso la Scuola di Belle Arti di Nizza, emerse il suo eclettismo che lo port\u00f2 ad eccellere sia come pittore sia come scultore.<br \/>Da sempre affascinato dalle tecniche, dai materiali e dalla loro versatilit\u00e0 espressiva, speriment\u00f2 per le sue opere il carborundum (tecnica che prevede l&#8217;impiego della polvere di silicio per ottenere delle stampe dagli effetti materici e vellutati), il bronzo e il vetro. Fino agli anni \u201960 la sua ricerca \u00e8 stata caratterizzata da uno stile espressionista, successivamente il suo percorso lo ha spinto verso l\u2019astratto.  <!--more-->  <br \/>La prima scultura in vetro fu realizzata da James Coignard negli anni &#8217;60 presso la Fucina degli Angeli di Murano. Solo in seguito, per\u00f2, dopo l&#8217;incontro con Adriano Berengo, la produzione inizi\u00f2 a farsi pi\u00f9 organica e sostanziosa. La capacit\u00e0 di catturare la luce, propria del vetro, l\u2019unicit\u00e0 del mondo che vi ruota attorno ed il magico rapporto tra materia, artista e maestro vetraio, hanno segnato in modo determinante la carriera dell\u2019artista francese.<br \/>Artista sensibile e versatile, nel corso della sua carriera, ha messo il suo talento anche al servizio di molti poeti.<\/p>\n<p> <\/p>\n<hr \/>\n<p>\u00a0<\/p>\n<p>Periodo: 5 agosto \u2013 16 settembre 2012<br \/>Luogo: Chiesa di San Cristoforo, via Fillungo LUCCA<br \/>Progetto ideato e curato da Lalla\u2019s Join di Stefania Trolli<br \/>in collaborazione con Berengo Studio e Les Amis de James Coignard<br \/>Promosso e organizzato dalla Associazione San Cristoforo Art \u2013 Philosopy \u2013 Science &#8211; Spirituality<br \/>Coordinamento generale di Arturo Nardini<br \/>Catalogo e testi a cura di Luciano Caprile<\/p>\n<p>La mostra sar\u00e0 accompagnata da un catalogo monografico a cura di Luciano Caprile.<br \/>Orari: Luned\u00ec \u2013 Domenica 10.00 &#8211; 24.00 (orario continuato)<br \/>Informazioni Tel. 0583 957660 info@artscristoforolucca.com www.artscristoforolucca.com<\/p>\n<p>(fonte: comunicato stampa)<\/p>\n","protected":false},"excerpt":{"rendered":"<p>Dal 5 agosto al 22 settembre nella Chiesa di San Cristoforo a Lucca James Coignard: la magia della materiadipinti e<\/p>\n","protected":false},"author":1,"featured_media":0,"comment_status":"open","ping_status":"open","sticky":false,"template":"","format":"standard","meta":[],"categories":[3],"tags":[],"yoast_head":"<!-- This site is optimized with the Yoast SEO plugin v18.0 - https:\/\/yoast.com\/wordpress\/plugins\/seo\/ -->\n<title>L&#039;ecclettismo di Coignard a Lucca | Arte e Luoghi<\/title>\n<meta name=\"robots\" content=\"index, follow, max-snippet:-1, max-image-preview:large, max-video-preview:-1\" \/>\n<link rel=\"canonical\" href=\"https:\/\/arteeluoghi.it\/index.php\/2012\/08\/10\/lecclettismo-di-coignard-a-lucca\/\" \/>\n<meta property=\"og:locale\" content=\"it_IT\" \/>\n<meta property=\"og:type\" content=\"article\" \/>\n<meta property=\"og:title\" content=\"L&#039;ecclettismo di Coignard a Lucca | Arte e Luoghi\" \/>\n<meta property=\"og:description\" content=\"Dal 5 agosto al 22 settembre nella Chiesa di San Cristoforo a Lucca James Coignard: la magia della materiadipinti e\" \/>\n<meta property=\"og:url\" content=\"https:\/\/arteeluoghi.it\/index.php\/2012\/08\/10\/lecclettismo-di-coignard-a-lucca\/\" \/>\n<meta property=\"og:site_name\" content=\"Arte e Luoghi\" \/>\n<meta property=\"article:publisher\" content=\"https:\/\/www.facebook.com\/ArteELuoghi\/\" \/>\n<meta property=\"article:published_time\" content=\"2012-08-10T15:25:17+00:00\" \/>\n<meta property=\"og:image\" content=\"https:\/\/arteeluoghi.it\/images\/stories\/james%20coignardsans%20titre%202006%2058x46%20cm%20acrilico%20e%20tecnica%20mista%20su%20tela%20courtesy%20collection%20james%20coignard.jpg\" \/>\n<meta name=\"twitter:card\" content=\"summary\" \/>\n<meta name=\"twitter:creator\" content=\"@arteeluoghi\" \/>\n<meta name=\"twitter:site\" content=\"@arteeluoghi\" \/>\n<meta name=\"twitter:label1\" content=\"Scritto da\" \/>\n\t<meta name=\"twitter:data1\" content=\"Staff\" \/>\n\t<meta name=\"twitter:label2\" content=\"Tempo di lettura stimato\" \/>\n\t<meta name=\"twitter:data2\" content=\"2 minuti\" \/>\n<script type=\"application\/ld+json\" class=\"yoast-schema-graph\">{\"@context\":\"https:\/\/schema.org\",\"@graph\":[{\"@type\":\"Organization\",\"@id\":\"https:\/\/arteeluoghi.it\/#organization\",\"name\":\"Arte e Luoghi\",\"url\":\"https:\/\/arteeluoghi.it\/\",\"sameAs\":[\"https:\/\/www.facebook.com\/ArteELuoghi\/\",\"https:\/\/www.instagram.com\/arteeluoghi\/?hl=it\",\"https:\/\/www.youtube.com\/channel\/UCuRVc4JW4-C5sg9rQB-srkw?view_as=subscriber\",\"https:\/\/twitter.com\/arteeluoghi\"],\"logo\":{\"@type\":\"ImageObject\",\"@id\":\"https:\/\/arteeluoghi.it\/#logo\",\"inLanguage\":\"it-IT\",\"url\":\"https:\/\/arteeluoghi.it\/wp-content\/uploads\/2018\/08\/logoinstagramarte.jpg\",\"contentUrl\":\"https:\/\/arteeluoghi.it\/wp-content\/uploads\/2018\/08\/logoinstagramarte.jpg\",\"width\":150,\"height\":150,\"caption\":\"Arte e Luoghi\"},\"image\":{\"@id\":\"https:\/\/arteeluoghi.it\/#logo\"}},{\"@type\":\"WebSite\",\"@id\":\"https:\/\/arteeluoghi.it\/#website\",\"url\":\"https:\/\/arteeluoghi.it\/\",\"name\":\"Arte e Luoghi\",\"description\":\"Mensile di arte, cultura, turismo e curiosit\u00e0\",\"publisher\":{\"@id\":\"https:\/\/arteeluoghi.it\/#organization\"},\"potentialAction\":[{\"@type\":\"SearchAction\",\"target\":{\"@type\":\"EntryPoint\",\"urlTemplate\":\"https:\/\/arteeluoghi.it\/?s={search_term_string}\"},\"query-input\":\"required name=search_term_string\"}],\"inLanguage\":\"it-IT\"},{\"@type\":\"ImageObject\",\"@id\":\"https:\/\/arteeluoghi.it\/index.php\/2012\/08\/10\/lecclettismo-di-coignard-a-lucca\/#primaryimage\",\"inLanguage\":\"it-IT\",\"url\":\"\/images\/stories\/james coignardsans titre 2006 58x46 cm acrilico e tecnica mista su tela courtesy collection james coignard.jpg\",\"contentUrl\":\"\/images\/stories\/james coignardsans titre 2006 58x46 cm acrilico e tecnica mista su tela courtesy collection james coignard.jpg\"},{\"@type\":\"WebPage\",\"@id\":\"https:\/\/arteeluoghi.it\/index.php\/2012\/08\/10\/lecclettismo-di-coignard-a-lucca\/#webpage\",\"url\":\"https:\/\/arteeluoghi.it\/index.php\/2012\/08\/10\/lecclettismo-di-coignard-a-lucca\/\",\"name\":\"L'ecclettismo di Coignard a Lucca | Arte e Luoghi\",\"isPartOf\":{\"@id\":\"https:\/\/arteeluoghi.it\/#website\"},\"primaryImageOfPage\":{\"@id\":\"https:\/\/arteeluoghi.it\/index.php\/2012\/08\/10\/lecclettismo-di-coignard-a-lucca\/#primaryimage\"},\"datePublished\":\"2012-08-10T15:25:17+00:00\",\"dateModified\":\"2012-08-10T15:25:17+00:00\",\"breadcrumb\":{\"@id\":\"https:\/\/arteeluoghi.it\/index.php\/2012\/08\/10\/lecclettismo-di-coignard-a-lucca\/#breadcrumb\"},\"inLanguage\":\"it-IT\",\"potentialAction\":[{\"@type\":\"ReadAction\",\"target\":[\"https:\/\/arteeluoghi.it\/index.php\/2012\/08\/10\/lecclettismo-di-coignard-a-lucca\/\"]}]},{\"@type\":\"BreadcrumbList\",\"@id\":\"https:\/\/arteeluoghi.it\/index.php\/2012\/08\/10\/lecclettismo-di-coignard-a-lucca\/#breadcrumb\",\"itemListElement\":[{\"@type\":\"ListItem\",\"position\":1,\"name\":\"Home\",\"item\":\"https:\/\/arteeluoghi.it\/\"},{\"@type\":\"ListItem\",\"position\":2,\"name\":\"L&#8217;ecclettismo di Coignard a Lucca\"}]},{\"@type\":\"Article\",\"@id\":\"https:\/\/arteeluoghi.it\/index.php\/2012\/08\/10\/lecclettismo-di-coignard-a-lucca\/#article\",\"isPartOf\":{\"@id\":\"https:\/\/arteeluoghi.it\/index.php\/2012\/08\/10\/lecclettismo-di-coignard-a-lucca\/#webpage\"},\"author\":{\"@id\":\"https:\/\/arteeluoghi.it\/#\/schema\/person\/f84e814e36e91e01448ee07eaadd41d4\"},\"headline\":\"L&#8217;ecclettismo di Coignard a Lucca\",\"datePublished\":\"2012-08-10T15:25:17+00:00\",\"dateModified\":\"2012-08-10T15:25:17+00:00\",\"mainEntityOfPage\":{\"@id\":\"https:\/\/arteeluoghi.it\/index.php\/2012\/08\/10\/lecclettismo-di-coignard-a-lucca\/#webpage\"},\"wordCount\":365,\"commentCount\":0,\"publisher\":{\"@id\":\"https:\/\/arteeluoghi.it\/#organization\"},\"image\":{\"@id\":\"https:\/\/arteeluoghi.it\/index.php\/2012\/08\/10\/lecclettismo-di-coignard-a-lucca\/#primaryimage\"},\"thumbnailUrl\":\"\/images\/stories\/james coignardsans titre 2006 58x46 cm acrilico e tecnica mista su tela courtesy collection james coignard.jpg\",\"articleSection\":[\"Arti visive\"],\"inLanguage\":\"it-IT\",\"potentialAction\":[{\"@type\":\"CommentAction\",\"name\":\"Comment\",\"target\":[\"https:\/\/arteeluoghi.it\/index.php\/2012\/08\/10\/lecclettismo-di-coignard-a-lucca\/#respond\"]}]},{\"@type\":\"Person\",\"@id\":\"https:\/\/arteeluoghi.it\/#\/schema\/person\/f84e814e36e91e01448ee07eaadd41d4\",\"name\":\"Staff\",\"image\":{\"@type\":\"ImageObject\",\"@id\":\"https:\/\/arteeluoghi.it\/#personlogo\",\"inLanguage\":\"it-IT\",\"url\":\"https:\/\/secure.gravatar.com\/avatar\/49d2f9e46271bb04e19cebfaf141313a?s=96&d=blank&r=g\",\"contentUrl\":\"https:\/\/secure.gravatar.com\/avatar\/49d2f9e46271bb04e19cebfaf141313a?s=96&d=blank&r=g\",\"caption\":\"Staff\"}}]}<\/script>\n<!-- \/ Yoast SEO plugin. -->","yoast_head_json":{"title":"L'ecclettismo di Coignard a Lucca | Arte e Luoghi","robots":{"index":"index","follow":"follow","max-snippet":"max-snippet:-1","max-image-preview":"max-image-preview:large","max-video-preview":"max-video-preview:-1"},"canonical":"https:\/\/arteeluoghi.it\/index.php\/2012\/08\/10\/lecclettismo-di-coignard-a-lucca\/","og_locale":"it_IT","og_type":"article","og_title":"L'ecclettismo di Coignard a Lucca | Arte e Luoghi","og_description":"Dal 5 agosto al 22 settembre nella Chiesa di San Cristoforo a Lucca James Coignard: la magia della materiadipinti e","og_url":"https:\/\/arteeluoghi.it\/index.php\/2012\/08\/10\/lecclettismo-di-coignard-a-lucca\/","og_site_name":"Arte e Luoghi","article_publisher":"https:\/\/www.facebook.com\/ArteELuoghi\/","article_published_time":"2012-08-10T15:25:17+00:00","og_image":[{"url":"https:\/\/arteeluoghi.it\/images\/stories\/james coignardsans titre 2006 58x46 cm acrilico e tecnica mista su tela courtesy collection james coignard.jpg"}],"twitter_card":"summary","twitter_creator":"@arteeluoghi","twitter_site":"@arteeluoghi","twitter_misc":{"Scritto da":"Staff","Tempo di lettura stimato":"2 minuti"},"schema":{"@context":"https:\/\/schema.org","@graph":[{"@type":"Organization","@id":"https:\/\/arteeluoghi.it\/#organization","name":"Arte e Luoghi","url":"https:\/\/arteeluoghi.it\/","sameAs":["https:\/\/www.facebook.com\/ArteELuoghi\/","https:\/\/www.instagram.com\/arteeluoghi\/?hl=it","https:\/\/www.youtube.com\/channel\/UCuRVc4JW4-C5sg9rQB-srkw?view_as=subscriber","https:\/\/twitter.com\/arteeluoghi"],"logo":{"@type":"ImageObject","@id":"https:\/\/arteeluoghi.it\/#logo","inLanguage":"it-IT","url":"https:\/\/arteeluoghi.it\/wp-content\/uploads\/2018\/08\/logoinstagramarte.jpg","contentUrl":"https:\/\/arteeluoghi.it\/wp-content\/uploads\/2018\/08\/logoinstagramarte.jpg","width":150,"height":150,"caption":"Arte e Luoghi"},"image":{"@id":"https:\/\/arteeluoghi.it\/#logo"}},{"@type":"WebSite","@id":"https:\/\/arteeluoghi.it\/#website","url":"https:\/\/arteeluoghi.it\/","name":"Arte e Luoghi","description":"Mensile di arte, cultura, turismo e curiosit\u00e0","publisher":{"@id":"https:\/\/arteeluoghi.it\/#organization"},"potentialAction":[{"@type":"SearchAction","target":{"@type":"EntryPoint","urlTemplate":"https:\/\/arteeluoghi.it\/?s={search_term_string}"},"query-input":"required name=search_term_string"}],"inLanguage":"it-IT"},{"@type":"ImageObject","@id":"https:\/\/arteeluoghi.it\/index.php\/2012\/08\/10\/lecclettismo-di-coignard-a-lucca\/#primaryimage","inLanguage":"it-IT","url":"\/images\/stories\/james coignardsans titre 2006 58x46 cm acrilico e tecnica mista su tela courtesy collection james coignard.jpg","contentUrl":"\/images\/stories\/james coignardsans titre 2006 58x46 cm acrilico e tecnica mista su tela courtesy collection james coignard.jpg"},{"@type":"WebPage","@id":"https:\/\/arteeluoghi.it\/index.php\/2012\/08\/10\/lecclettismo-di-coignard-a-lucca\/#webpage","url":"https:\/\/arteeluoghi.it\/index.php\/2012\/08\/10\/lecclettismo-di-coignard-a-lucca\/","name":"L'ecclettismo di Coignard a Lucca | Arte e Luoghi","isPartOf":{"@id":"https:\/\/arteeluoghi.it\/#website"},"primaryImageOfPage":{"@id":"https:\/\/arteeluoghi.it\/index.php\/2012\/08\/10\/lecclettismo-di-coignard-a-lucca\/#primaryimage"},"datePublished":"2012-08-10T15:25:17+00:00","dateModified":"2012-08-10T15:25:17+00:00","breadcrumb":{"@id":"https:\/\/arteeluoghi.it\/index.php\/2012\/08\/10\/lecclettismo-di-coignard-a-lucca\/#breadcrumb"},"inLanguage":"it-IT","potentialAction":[{"@type":"ReadAction","target":["https:\/\/arteeluoghi.it\/index.php\/2012\/08\/10\/lecclettismo-di-coignard-a-lucca\/"]}]},{"@type":"BreadcrumbList","@id":"https:\/\/arteeluoghi.it\/index.php\/2012\/08\/10\/lecclettismo-di-coignard-a-lucca\/#breadcrumb","itemListElement":[{"@type":"ListItem","position":1,"name":"Home","item":"https:\/\/arteeluoghi.it\/"},{"@type":"ListItem","position":2,"name":"L&#8217;ecclettismo di Coignard a Lucca"}]},{"@type":"Article","@id":"https:\/\/arteeluoghi.it\/index.php\/2012\/08\/10\/lecclettismo-di-coignard-a-lucca\/#article","isPartOf":{"@id":"https:\/\/arteeluoghi.it\/index.php\/2012\/08\/10\/lecclettismo-di-coignard-a-lucca\/#webpage"},"author":{"@id":"https:\/\/arteeluoghi.it\/#\/schema\/person\/f84e814e36e91e01448ee07eaadd41d4"},"headline":"L&#8217;ecclettismo di Coignard a Lucca","datePublished":"2012-08-10T15:25:17+00:00","dateModified":"2012-08-10T15:25:17+00:00","mainEntityOfPage":{"@id":"https:\/\/arteeluoghi.it\/index.php\/2012\/08\/10\/lecclettismo-di-coignard-a-lucca\/#webpage"},"wordCount":365,"commentCount":0,"publisher":{"@id":"https:\/\/arteeluoghi.it\/#organization"},"image":{"@id":"https:\/\/arteeluoghi.it\/index.php\/2012\/08\/10\/lecclettismo-di-coignard-a-lucca\/#primaryimage"},"thumbnailUrl":"\/images\/stories\/james coignardsans titre 2006 58x46 cm acrilico e tecnica mista su tela courtesy collection james coignard.jpg","articleSection":["Arti visive"],"inLanguage":"it-IT","potentialAction":[{"@type":"CommentAction","name":"Comment","target":["https:\/\/arteeluoghi.it\/index.php\/2012\/08\/10\/lecclettismo-di-coignard-a-lucca\/#respond"]}]},{"@type":"Person","@id":"https:\/\/arteeluoghi.it\/#\/schema\/person\/f84e814e36e91e01448ee07eaadd41d4","name":"Staff","image":{"@type":"ImageObject","@id":"https:\/\/arteeluoghi.it\/#personlogo","inLanguage":"it-IT","url":"https:\/\/secure.gravatar.com\/avatar\/49d2f9e46271bb04e19cebfaf141313a?s=96&d=blank&r=g","contentUrl":"https:\/\/secure.gravatar.com\/avatar\/49d2f9e46271bb04e19cebfaf141313a?s=96&d=blank&r=g","caption":"Staff"}}]}},"_links":{"self":[{"href":"https:\/\/arteeluoghi.it\/index.php\/wp-json\/wp\/v2\/posts\/871"}],"collection":[{"href":"https:\/\/arteeluoghi.it\/index.php\/wp-json\/wp\/v2\/posts"}],"about":[{"href":"https:\/\/arteeluoghi.it\/index.php\/wp-json\/wp\/v2\/types\/post"}],"author":[{"embeddable":true,"href":"https:\/\/arteeluoghi.it\/index.php\/wp-json\/wp\/v2\/users\/1"}],"replies":[{"embeddable":true,"href":"https:\/\/arteeluoghi.it\/index.php\/wp-json\/wp\/v2\/comments?post=871"}],"version-history":[{"count":0,"href":"https:\/\/arteeluoghi.it\/index.php\/wp-json\/wp\/v2\/posts\/871\/revisions"}],"wp:attachment":[{"href":"https:\/\/arteeluoghi.it\/index.php\/wp-json\/wp\/v2\/media?parent=871"}],"wp:term":[{"taxonomy":"category","embeddable":true,"href":"https:\/\/arteeluoghi.it\/index.php\/wp-json\/wp\/v2\/categories?post=871"},{"taxonomy":"post_tag","embeddable":true,"href":"https:\/\/arteeluoghi.it\/index.php\/wp-json\/wp\/v2\/tags?post=871"}],"curies":[{"name":"wp","href":"https:\/\/api.w.org\/{rel}","templated":true}]}}