{"id":8724,"date":"2020-07-15T14:38:20","date_gmt":"2020-07-15T12:38:20","guid":{"rendered":"https:\/\/arteeluoghi.it\/?p=8724"},"modified":"2020-08-16T14:54:23","modified_gmt":"2020-08-16T12:54:23","slug":"alberto-de-lazzari-la-realta-tra-disegni-e-caricature","status":"publish","type":"post","link":"https:\/\/arteeluoghi.it\/index.php\/2020\/07\/15\/alberto-de-lazzari-la-realta-tra-disegni-e-caricature\/","title":{"rendered":"Alberto De Lazzari, la realt\u00e0 tra disegni e caricature"},"content":{"rendered":"\n<blockquote class=\"wp-block-quote\"><p>Artista a tutto tondo, milanese trapiantato nel Salento con il suo <br> inconfondibile segno dalla satira alle caricature per rendere unica<br> la festa del matrimonio<\/p><cite>di Raffaele Polo<\/cite><\/blockquote>\n\n\n\n<p>Bisogna sapere che il bravo Alberto de Lazzari, lombardo trapiantato nel Salento, \u00e8 anche un protagonista inserito nei romanzi che Pino De Luca dedica al suo &#8216;Santino&#8217;, estrosa figura di intellettuale detective che opera con precisione nelle sue indagini e anche nella sublime arte della gastronomia. Insomma, Alberto \u00e8 un vero e proprio personaggio, che potete incontrare magari ai festeggiamenti di un matrimonio oppure ad una sagra, in un angolo che sa perfettamente organizzare, con semplicit\u00e0, per mettere a frutto le sue mirabili capacit\u00e0 di caricaturista.<br> Si badi bene: il termine \u00e8 certamente riduttivo per un artista a tutto tondo che, per\u00f2, ha scelto la via della giocosa ironia per affascinare i suoi casuali clienti che restano strabiliati da quei segni che li raffigurano con capace introspezione e con un accenno di goliardia che \u00e8 la dote naturale del bravo Alberto.<\/p>\n\n\n\n<!--more-->\n\n\n\n<p><\/p>\n\n\n\n<figure class=\"wp-block-image\"><img loading=\"lazy\" width=\"787\" height=\"751\" src=\"https:\/\/arteeluoghi.it\/wp-content\/uploads\/2020\/08\/delazzari1.jpg\" alt=\"\" class=\"wp-image-8727\" srcset=\"https:\/\/arteeluoghi.it\/wp-content\/uploads\/2020\/08\/delazzari1.jpg 787w, https:\/\/arteeluoghi.it\/wp-content\/uploads\/2020\/08\/delazzari1-300x286.jpg 300w, https:\/\/arteeluoghi.it\/wp-content\/uploads\/2020\/08\/delazzari1-768x733.jpg 768w\" sizes=\"(max-width: 787px) 100vw, 787px\" \/><\/figure>\n\n\n\n<p><br> Fumetti, disegni caricaturali, progetti grafici, ritratti, insomma De Lazzari ha una produzione incredibile che caratterizza il suo procedere nel mondo della grafica, da quasi mezzo secolo.  Ma l&#8217;aspetto pi\u00f9 piacevole della sua presenza alle feste meglio riuscite, \u00e8 dato dalla verve con cui riesce a coinvolgere anche gli astanti pi\u00f9 timidi, mettendo subito a proprio agio col suo accento meneghino che, a dispetto della lunga permanenza nel Salento, non \u00e8 mai mutato n\u00e9 si \u00e8 annacquato.<br> Dai giornali satirici pubblicati per le feste patronali (una tradizione sempre viva nella nostra terra, anche se, come tutte le tradizioni legati ai festeggiamenti civili del patrono, in deciso calo d&#8217;interesse) fino alla raffigurazione di personaggi politici e dello spettacolo in caricature godibilissime, la penna di De Lazzari \u00e8 facilmente riconoscibile per il tratto semplice, deciso e per nulla barocco che bada all&#8217;essenziale, riuscendo a caratterizzare al meglio la vera immagine che ogni volto d\u00e0 di s\u00e9. E non \u00e8 per nulla facile, bisogna vere un occhio allenato e saper cogliere, in un tempo brevissimo, quello che, sulla carta, diventer\u00e0 un&#8217;immagine somigliante ed ironica del soggetto raffigurato.<\/p>\n\n\n\n<figure class=\"wp-block-image\"><img loading=\"lazy\" width=\"640\" height=\"646\" src=\"https:\/\/arteeluoghi.it\/wp-content\/uploads\/2020\/08\/de-lazzari3.jpg\" alt=\"\" class=\"wp-image-8726\" srcset=\"https:\/\/arteeluoghi.it\/wp-content\/uploads\/2020\/08\/de-lazzari3.jpg 640w, https:\/\/arteeluoghi.it\/wp-content\/uploads\/2020\/08\/de-lazzari3-150x150.jpg 150w, https:\/\/arteeluoghi.it\/wp-content\/uploads\/2020\/08\/de-lazzari3-297x300.jpg 297w\" sizes=\"(max-width: 640px) 100vw, 640px\" \/><\/figure>\n\n\n\n<p><br> De Lazzari, dall&#8217;alto della sua lunga esperienza, invita tutti i giovani a disegnare, copiare, mantenersi sempre in allenamento, cosciente che solo la pazienza e il continuo esercizio portano ai migliori risultati.<br> &#8216;Ma i Manga no, quelli lasciateli perdere, uccidono l&#8217;espressione e la diversit\u00e0, sono la negazione della libera arte di ritrarre e ironizzare!&#8217; ci raccomanda con enfasi. Poi, sbotta in un sorriso e torna ai suoi segni carichi di significato.<br> Alberto De Lazzari, un uomo fuori dal tempo, che vive grazie al suo estro ed alla sua innata capacit\u00e0 di rappresentare il mondo che lo circonda, evidenziandone anche i caratteri pi\u00f9 nascosti, quelli che solo lui riesce a far emergere\u2026<\/p>\n\n\n\n<figure class=\"wp-block-embed-facebook wp-block-embed is-type-rich is-provider-facebook\"><div class=\"wp-block-embed__wrapper\">\n<div id=\"fb-root\"><\/div><script async=\"1\" defer=\"1\" crossorigin=\"anonymous\" src=\"https:\/\/connect.facebook.net\/fr_FR\/sdk.js#xfbml=1&amp;version=v8.0\" nonce=\"4hu85TQM\"><\/script><div class=\"fb-post\" data-href=\"https:\/\/www.facebook.com\/Caricaturista0\/posts\/3412203872125623\" data-width=\"750\"><blockquote cite=\"https:\/\/www.facebook.com\/Caricaturista0\/posts\/3412203872125623\" class=\"fb-xfbml-parse-ignore\"><p>Festa Noscia anno 2000 \u270c\ufe0f chi se lo ricorda? \ud83e\udd23\u270f\ufe0f Satira Leccese &#8211; Martano Editore<\/p>Publi\u00e9e par <a href=\"https:\/\/www.facebook.com\/Caricaturista0\">Alberto De Lazzari<\/a> sur&nbsp;<a href=\"https:\/\/www.facebook.com\/Caricaturista0\/posts\/3412203872125623\">Vendredi 19 juin 2020<\/a><\/blockquote><\/div>\n<\/div><\/figure>\n","protected":false},"excerpt":{"rendered":"<p>Artista a tutto tondo, milanese trapiantato nel Salento con il suo inconfondibile segno dalla satira alle caricature per rendere unica<\/p>\n","protected":false},"author":1,"featured_media":8725,"comment_status":"open","ping_status":"open","sticky":true,"template":"","format":"standard","meta":[],"categories":[27,3],"tags":[2558,2559,2560,2562,1377,2561],"yoast_head":"<!-- This site is optimized with the Yoast SEO plugin v18.0 - https:\/\/yoast.com\/wordpress\/plugins\/seo\/ -->\n<title>Alberto De Lazzari, la realt\u00e0 tra disegni e caricature | Arte e Luoghi<\/title>\n<meta name=\"description\" content=\"Artista a tutto tondo, milanese trapiantato nel Salentocon il suo inconfondibile segnodalla satira alle caricatureper rendere unicala festa del matrimonio\" \/>\n<meta name=\"robots\" content=\"index, follow, max-snippet:-1, max-image-preview:large, max-video-preview:-1\" \/>\n<link rel=\"canonical\" href=\"https:\/\/arteeluoghi.it\/index.php\/2020\/07\/15\/alberto-de-lazzari-la-realta-tra-disegni-e-caricature\/\" \/>\n<meta property=\"og:locale\" content=\"it_IT\" \/>\n<meta property=\"og:type\" content=\"article\" \/>\n<meta property=\"og:title\" content=\"Alberto De Lazzari, la realt\u00e0 tra disegni e caricature | Arte e Luoghi\" \/>\n<meta property=\"og:description\" content=\"Artista a tutto tondo, milanese trapiantato nel Salentocon il suo inconfondibile segnodalla satira alle caricatureper rendere unicala festa del matrimonio\" \/>\n<meta property=\"og:url\" content=\"https:\/\/arteeluoghi.it\/index.php\/2020\/07\/15\/alberto-de-lazzari-la-realta-tra-disegni-e-caricature\/\" \/>\n<meta property=\"og:site_name\" content=\"Arte e Luoghi\" \/>\n<meta property=\"article:publisher\" content=\"https:\/\/www.facebook.com\/ArteELuoghi\/\" \/>\n<meta property=\"article:published_time\" content=\"2020-07-15T12:38:20+00:00\" \/>\n<meta property=\"article:modified_time\" content=\"2020-08-16T12:54:23+00:00\" \/>\n<meta property=\"og:image\" content=\"https:\/\/arteeluoghi.it\/wp-content\/uploads\/2020\/08\/de-lazzari2.jpg\" \/>\n\t<meta property=\"og:image:width\" content=\"960\" \/>\n\t<meta property=\"og:image:height\" content=\"783\" \/>\n\t<meta property=\"og:image:type\" content=\"image\/jpeg\" \/>\n<meta name=\"twitter:card\" content=\"summary\" \/>\n<meta name=\"twitter:creator\" content=\"@arteeluoghi\" \/>\n<meta name=\"twitter:site\" content=\"@arteeluoghi\" \/>\n<meta name=\"twitter:label1\" content=\"Scritto da\" \/>\n\t<meta name=\"twitter:data1\" content=\"Staff\" \/>\n\t<meta name=\"twitter:label2\" content=\"Tempo di lettura stimato\" \/>\n\t<meta name=\"twitter:data2\" content=\"2 minuti\" \/>\n<script type=\"application\/ld+json\" class=\"yoast-schema-graph\">{\"@context\":\"https:\/\/schema.org\",\"@graph\":[{\"@type\":\"Organization\",\"@id\":\"https:\/\/arteeluoghi.it\/#organization\",\"name\":\"Arte e Luoghi\",\"url\":\"https:\/\/arteeluoghi.it\/\",\"sameAs\":[\"https:\/\/www.facebook.com\/ArteELuoghi\/\",\"https:\/\/www.instagram.com\/arteeluoghi\/?hl=it\",\"https:\/\/www.youtube.com\/channel\/UCuRVc4JW4-C5sg9rQB-srkw?view_as=subscriber\",\"https:\/\/twitter.com\/arteeluoghi\"],\"logo\":{\"@type\":\"ImageObject\",\"@id\":\"https:\/\/arteeluoghi.it\/#logo\",\"inLanguage\":\"it-IT\",\"url\":\"https:\/\/arteeluoghi.it\/wp-content\/uploads\/2018\/08\/logoinstagramarte.jpg\",\"contentUrl\":\"https:\/\/arteeluoghi.it\/wp-content\/uploads\/2018\/08\/logoinstagramarte.jpg\",\"width\":150,\"height\":150,\"caption\":\"Arte e Luoghi\"},\"image\":{\"@id\":\"https:\/\/arteeluoghi.it\/#logo\"}},{\"@type\":\"WebSite\",\"@id\":\"https:\/\/arteeluoghi.it\/#website\",\"url\":\"https:\/\/arteeluoghi.it\/\",\"name\":\"Arte e Luoghi\",\"description\":\"Mensile di arte, cultura, turismo e curiosit\u00e0\",\"publisher\":{\"@id\":\"https:\/\/arteeluoghi.it\/#organization\"},\"potentialAction\":[{\"@type\":\"SearchAction\",\"target\":{\"@type\":\"EntryPoint\",\"urlTemplate\":\"https:\/\/arteeluoghi.it\/?s={search_term_string}\"},\"query-input\":\"required name=search_term_string\"}],\"inLanguage\":\"it-IT\"},{\"@type\":\"ImageObject\",\"@id\":\"https:\/\/arteeluoghi.it\/index.php\/2020\/07\/15\/alberto-de-lazzari-la-realta-tra-disegni-e-caricature\/#primaryimage\",\"inLanguage\":\"it-IT\",\"url\":\"https:\/\/arteeluoghi.it\/wp-content\/uploads\/2020\/08\/de-lazzari2.jpg\",\"contentUrl\":\"https:\/\/arteeluoghi.it\/wp-content\/uploads\/2020\/08\/de-lazzari2.jpg\",\"width\":960,\"height\":783},{\"@type\":\"WebPage\",\"@id\":\"https:\/\/arteeluoghi.it\/index.php\/2020\/07\/15\/alberto-de-lazzari-la-realta-tra-disegni-e-caricature\/#webpage\",\"url\":\"https:\/\/arteeluoghi.it\/index.php\/2020\/07\/15\/alberto-de-lazzari-la-realta-tra-disegni-e-caricature\/\",\"name\":\"Alberto De Lazzari, la realt\u00e0 tra disegni e caricature | Arte e Luoghi\",\"isPartOf\":{\"@id\":\"https:\/\/arteeluoghi.it\/#website\"},\"primaryImageOfPage\":{\"@id\":\"https:\/\/arteeluoghi.it\/index.php\/2020\/07\/15\/alberto-de-lazzari-la-realta-tra-disegni-e-caricature\/#primaryimage\"},\"datePublished\":\"2020-07-15T12:38:20+00:00\",\"dateModified\":\"2020-08-16T12:54:23+00:00\",\"description\":\"Artista a tutto tondo, milanese trapiantato nel Salentocon il suo inconfondibile segnodalla satira alle caricatureper rendere unicala festa del matrimonio\",\"breadcrumb\":{\"@id\":\"https:\/\/arteeluoghi.it\/index.php\/2020\/07\/15\/alberto-de-lazzari-la-realta-tra-disegni-e-caricature\/#breadcrumb\"},\"inLanguage\":\"it-IT\",\"potentialAction\":[{\"@type\":\"ReadAction\",\"target\":[\"https:\/\/arteeluoghi.it\/index.php\/2020\/07\/15\/alberto-de-lazzari-la-realta-tra-disegni-e-caricature\/\"]}]},{\"@type\":\"BreadcrumbList\",\"@id\":\"https:\/\/arteeluoghi.it\/index.php\/2020\/07\/15\/alberto-de-lazzari-la-realta-tra-disegni-e-caricature\/#breadcrumb\",\"itemListElement\":[{\"@type\":\"ListItem\",\"position\":1,\"name\":\"Home\",\"item\":\"https:\/\/arteeluoghi.it\/\"},{\"@type\":\"ListItem\",\"position\":2,\"name\":\"Alberto De Lazzari, la realt\u00e0 tra disegni e caricature\"}]},{\"@type\":\"Article\",\"@id\":\"https:\/\/arteeluoghi.it\/index.php\/2020\/07\/15\/alberto-de-lazzari-la-realta-tra-disegni-e-caricature\/#article\",\"isPartOf\":{\"@id\":\"https:\/\/arteeluoghi.it\/index.php\/2020\/07\/15\/alberto-de-lazzari-la-realta-tra-disegni-e-caricature\/#webpage\"},\"author\":{\"@id\":\"https:\/\/arteeluoghi.it\/#\/schema\/person\/f84e814e36e91e01448ee07eaadd41d4\"},\"headline\":\"Alberto De Lazzari, la realt\u00e0 tra disegni e caricature\",\"datePublished\":\"2020-07-15T12:38:20+00:00\",\"dateModified\":\"2020-08-16T12:54:23+00:00\",\"mainEntityOfPage\":{\"@id\":\"https:\/\/arteeluoghi.it\/index.php\/2020\/07\/15\/alberto-de-lazzari-la-realta-tra-disegni-e-caricature\/#webpage\"},\"wordCount\":467,\"commentCount\":0,\"publisher\":{\"@id\":\"https:\/\/arteeluoghi.it\/#organization\"},\"image\":{\"@id\":\"https:\/\/arteeluoghi.it\/index.php\/2020\/07\/15\/alberto-de-lazzari-la-realta-tra-disegni-e-caricature\/#primaryimage\"},\"thumbnailUrl\":\"https:\/\/arteeluoghi.it\/wp-content\/uploads\/2020\/08\/de-lazzari2.jpg\",\"keywords\":[\"Alberto De Lazari\",\"caricatura\",\"disegni\",\"inchiostro\",\"Raffaele Polo\",\"satira\"],\"articleSection\":[\"Arte\",\"Arti visive\"],\"inLanguage\":\"it-IT\",\"potentialAction\":[{\"@type\":\"CommentAction\",\"name\":\"Comment\",\"target\":[\"https:\/\/arteeluoghi.it\/index.php\/2020\/07\/15\/alberto-de-lazzari-la-realta-tra-disegni-e-caricature\/#respond\"]}]},{\"@type\":\"Person\",\"@id\":\"https:\/\/arteeluoghi.it\/#\/schema\/person\/f84e814e36e91e01448ee07eaadd41d4\",\"name\":\"Staff\",\"image\":{\"@type\":\"ImageObject\",\"@id\":\"https:\/\/arteeluoghi.it\/#personlogo\",\"inLanguage\":\"it-IT\",\"url\":\"https:\/\/secure.gravatar.com\/avatar\/49d2f9e46271bb04e19cebfaf141313a?s=96&d=blank&r=g\",\"contentUrl\":\"https:\/\/secure.gravatar.com\/avatar\/49d2f9e46271bb04e19cebfaf141313a?s=96&d=blank&r=g\",\"caption\":\"Staff\"}}]}<\/script>\n<!-- \/ Yoast SEO plugin. -->","yoast_head_json":{"title":"Alberto De Lazzari, la realt\u00e0 tra disegni e caricature | Arte e Luoghi","description":"Artista a tutto tondo, milanese trapiantato nel Salentocon il suo inconfondibile segnodalla satira alle caricatureper rendere unicala festa del matrimonio","robots":{"index":"index","follow":"follow","max-snippet":"max-snippet:-1","max-image-preview":"max-image-preview:large","max-video-preview":"max-video-preview:-1"},"canonical":"https:\/\/arteeluoghi.it\/index.php\/2020\/07\/15\/alberto-de-lazzari-la-realta-tra-disegni-e-caricature\/","og_locale":"it_IT","og_type":"article","og_title":"Alberto De Lazzari, la realt\u00e0 tra disegni e caricature | Arte e Luoghi","og_description":"Artista a tutto tondo, milanese trapiantato nel Salentocon il suo inconfondibile segnodalla satira alle caricatureper rendere unicala festa del matrimonio","og_url":"https:\/\/arteeluoghi.it\/index.php\/2020\/07\/15\/alberto-de-lazzari-la-realta-tra-disegni-e-caricature\/","og_site_name":"Arte e Luoghi","article_publisher":"https:\/\/www.facebook.com\/ArteELuoghi\/","article_published_time":"2020-07-15T12:38:20+00:00","article_modified_time":"2020-08-16T12:54:23+00:00","og_image":[{"width":960,"height":783,"url":"https:\/\/arteeluoghi.it\/wp-content\/uploads\/2020\/08\/de-lazzari2.jpg","type":"image\/jpeg"}],"twitter_card":"summary","twitter_creator":"@arteeluoghi","twitter_site":"@arteeluoghi","twitter_misc":{"Scritto da":"Staff","Tempo di lettura stimato":"2 minuti"},"schema":{"@context":"https:\/\/schema.org","@graph":[{"@type":"Organization","@id":"https:\/\/arteeluoghi.it\/#organization","name":"Arte e Luoghi","url":"https:\/\/arteeluoghi.it\/","sameAs":["https:\/\/www.facebook.com\/ArteELuoghi\/","https:\/\/www.instagram.com\/arteeluoghi\/?hl=it","https:\/\/www.youtube.com\/channel\/UCuRVc4JW4-C5sg9rQB-srkw?view_as=subscriber","https:\/\/twitter.com\/arteeluoghi"],"logo":{"@type":"ImageObject","@id":"https:\/\/arteeluoghi.it\/#logo","inLanguage":"it-IT","url":"https:\/\/arteeluoghi.it\/wp-content\/uploads\/2018\/08\/logoinstagramarte.jpg","contentUrl":"https:\/\/arteeluoghi.it\/wp-content\/uploads\/2018\/08\/logoinstagramarte.jpg","width":150,"height":150,"caption":"Arte e Luoghi"},"image":{"@id":"https:\/\/arteeluoghi.it\/#logo"}},{"@type":"WebSite","@id":"https:\/\/arteeluoghi.it\/#website","url":"https:\/\/arteeluoghi.it\/","name":"Arte e Luoghi","description":"Mensile di arte, cultura, turismo e curiosit\u00e0","publisher":{"@id":"https:\/\/arteeluoghi.it\/#organization"},"potentialAction":[{"@type":"SearchAction","target":{"@type":"EntryPoint","urlTemplate":"https:\/\/arteeluoghi.it\/?s={search_term_string}"},"query-input":"required name=search_term_string"}],"inLanguage":"it-IT"},{"@type":"ImageObject","@id":"https:\/\/arteeluoghi.it\/index.php\/2020\/07\/15\/alberto-de-lazzari-la-realta-tra-disegni-e-caricature\/#primaryimage","inLanguage":"it-IT","url":"https:\/\/arteeluoghi.it\/wp-content\/uploads\/2020\/08\/de-lazzari2.jpg","contentUrl":"https:\/\/arteeluoghi.it\/wp-content\/uploads\/2020\/08\/de-lazzari2.jpg","width":960,"height":783},{"@type":"WebPage","@id":"https:\/\/arteeluoghi.it\/index.php\/2020\/07\/15\/alberto-de-lazzari-la-realta-tra-disegni-e-caricature\/#webpage","url":"https:\/\/arteeluoghi.it\/index.php\/2020\/07\/15\/alberto-de-lazzari-la-realta-tra-disegni-e-caricature\/","name":"Alberto De Lazzari, la realt\u00e0 tra disegni e caricature | Arte e Luoghi","isPartOf":{"@id":"https:\/\/arteeluoghi.it\/#website"},"primaryImageOfPage":{"@id":"https:\/\/arteeluoghi.it\/index.php\/2020\/07\/15\/alberto-de-lazzari-la-realta-tra-disegni-e-caricature\/#primaryimage"},"datePublished":"2020-07-15T12:38:20+00:00","dateModified":"2020-08-16T12:54:23+00:00","description":"Artista a tutto tondo, milanese trapiantato nel Salentocon il suo inconfondibile segnodalla satira alle caricatureper rendere unicala festa del matrimonio","breadcrumb":{"@id":"https:\/\/arteeluoghi.it\/index.php\/2020\/07\/15\/alberto-de-lazzari-la-realta-tra-disegni-e-caricature\/#breadcrumb"},"inLanguage":"it-IT","potentialAction":[{"@type":"ReadAction","target":["https:\/\/arteeluoghi.it\/index.php\/2020\/07\/15\/alberto-de-lazzari-la-realta-tra-disegni-e-caricature\/"]}]},{"@type":"BreadcrumbList","@id":"https:\/\/arteeluoghi.it\/index.php\/2020\/07\/15\/alberto-de-lazzari-la-realta-tra-disegni-e-caricature\/#breadcrumb","itemListElement":[{"@type":"ListItem","position":1,"name":"Home","item":"https:\/\/arteeluoghi.it\/"},{"@type":"ListItem","position":2,"name":"Alberto De Lazzari, la realt\u00e0 tra disegni e caricature"}]},{"@type":"Article","@id":"https:\/\/arteeluoghi.it\/index.php\/2020\/07\/15\/alberto-de-lazzari-la-realta-tra-disegni-e-caricature\/#article","isPartOf":{"@id":"https:\/\/arteeluoghi.it\/index.php\/2020\/07\/15\/alberto-de-lazzari-la-realta-tra-disegni-e-caricature\/#webpage"},"author":{"@id":"https:\/\/arteeluoghi.it\/#\/schema\/person\/f84e814e36e91e01448ee07eaadd41d4"},"headline":"Alberto De Lazzari, la realt\u00e0 tra disegni e caricature","datePublished":"2020-07-15T12:38:20+00:00","dateModified":"2020-08-16T12:54:23+00:00","mainEntityOfPage":{"@id":"https:\/\/arteeluoghi.it\/index.php\/2020\/07\/15\/alberto-de-lazzari-la-realta-tra-disegni-e-caricature\/#webpage"},"wordCount":467,"commentCount":0,"publisher":{"@id":"https:\/\/arteeluoghi.it\/#organization"},"image":{"@id":"https:\/\/arteeluoghi.it\/index.php\/2020\/07\/15\/alberto-de-lazzari-la-realta-tra-disegni-e-caricature\/#primaryimage"},"thumbnailUrl":"https:\/\/arteeluoghi.it\/wp-content\/uploads\/2020\/08\/de-lazzari2.jpg","keywords":["Alberto De Lazari","caricatura","disegni","inchiostro","Raffaele Polo","satira"],"articleSection":["Arte","Arti visive"],"inLanguage":"it-IT","potentialAction":[{"@type":"CommentAction","name":"Comment","target":["https:\/\/arteeluoghi.it\/index.php\/2020\/07\/15\/alberto-de-lazzari-la-realta-tra-disegni-e-caricature\/#respond"]}]},{"@type":"Person","@id":"https:\/\/arteeluoghi.it\/#\/schema\/person\/f84e814e36e91e01448ee07eaadd41d4","name":"Staff","image":{"@type":"ImageObject","@id":"https:\/\/arteeluoghi.it\/#personlogo","inLanguage":"it-IT","url":"https:\/\/secure.gravatar.com\/avatar\/49d2f9e46271bb04e19cebfaf141313a?s=96&d=blank&r=g","contentUrl":"https:\/\/secure.gravatar.com\/avatar\/49d2f9e46271bb04e19cebfaf141313a?s=96&d=blank&r=g","caption":"Staff"}}]}},"_links":{"self":[{"href":"https:\/\/arteeluoghi.it\/index.php\/wp-json\/wp\/v2\/posts\/8724"}],"collection":[{"href":"https:\/\/arteeluoghi.it\/index.php\/wp-json\/wp\/v2\/posts"}],"about":[{"href":"https:\/\/arteeluoghi.it\/index.php\/wp-json\/wp\/v2\/types\/post"}],"author":[{"embeddable":true,"href":"https:\/\/arteeluoghi.it\/index.php\/wp-json\/wp\/v2\/users\/1"}],"replies":[{"embeddable":true,"href":"https:\/\/arteeluoghi.it\/index.php\/wp-json\/wp\/v2\/comments?post=8724"}],"version-history":[{"count":2,"href":"https:\/\/arteeluoghi.it\/index.php\/wp-json\/wp\/v2\/posts\/8724\/revisions"}],"predecessor-version":[{"id":8734,"href":"https:\/\/arteeluoghi.it\/index.php\/wp-json\/wp\/v2\/posts\/8724\/revisions\/8734"}],"wp:featuredmedia":[{"embeddable":true,"href":"https:\/\/arteeluoghi.it\/index.php\/wp-json\/wp\/v2\/media\/8725"}],"wp:attachment":[{"href":"https:\/\/arteeluoghi.it\/index.php\/wp-json\/wp\/v2\/media?parent=8724"}],"wp:term":[{"taxonomy":"category","embeddable":true,"href":"https:\/\/arteeluoghi.it\/index.php\/wp-json\/wp\/v2\/categories?post=8724"},{"taxonomy":"post_tag","embeddable":true,"href":"https:\/\/arteeluoghi.it\/index.php\/wp-json\/wp\/v2\/tags?post=8724"}],"curies":[{"name":"wp","href":"https:\/\/api.w.org\/{rel}","templated":true}]}}