{"id":8759,"date":"2020-07-23T15:41:59","date_gmt":"2020-07-23T13:41:59","guid":{"rendered":"https:\/\/arteeluoghi.it\/?p=8759"},"modified":"2020-08-16T15:46:16","modified_gmt":"2020-08-16T13:46:16","slug":"la-realta-del-due","status":"publish","type":"post","link":"https:\/\/arteeluoghi.it\/index.php\/2020\/07\/23\/la-realta-del-due\/","title":{"rendered":"La realt\u00e0 del due"},"content":{"rendered":"\n<blockquote class=\"wp-block-quote\"><p>L\u2019altro \u00e8 forma di nutrimento, l\u2019uomo senza l\u2019uomo muore  di fame spirituale. Le riflessioni dello psicologo psicoterapeuta  <\/p><cite>di Giovanni Bruno<\/cite><\/blockquote>\n\n\n\n<p>Alejandro Jodorowsky nella poliedricit\u00e0 delle sue pi\u00f9 diverse attivit\u00e0, con la citazione d\u2019apertura tematizza quanto si vuole rappresentare in questo articolo.<br> Il \u201c duale \u201c in termini linguistici \u00e8 presente in molte lingue indoeuropee, nel greco antico, nel sanscrito ma anche nelle lingue semitiche come l\u2019arabo o l\u2019egizio. Sta ad indicare il tema del doppio : due occhi, due mani, due gambe, soprattutto due persone, due individui.<\/p>\n\n\n\n<!--more-->\n\n\n\n<p><br> La dualit\u00e0 dunque sembra la storia delle storie. Da sempre l\u2019essere umano ha cercato di individuare un interlocutore con cui confrontarsi, un soggetto che gli desse un punto di vista diverso e nuovo, uno stimolo per scoprire mondi a lui sconosciuti. La stessa locuzione latina \u201calter ego\u201d, un altro io, indica un sostituto di persona, un altro da s\u00e9, richiamando chiaramente il concetto di dualit\u00e0. In letteratura il miglior amico del protagonista \u00e8 individuato come l\u2019alter ego dello stesso e pu\u00f2 fare le veci di un\u2019altra persona, ancora una volta dunque torna il tema dell\u2019essere in due. <br> La dualit\u00e0 \u00e8 sempre presente e segue la legge non scritta dell\u2019istinto e delle emozioni, perch\u00e9 i contenuti dell\u2019anima, dello spirito, del proprio Io si comprendono meglio se sono condivisi, se sono raccontati, se sono illuminati dalla luce dello sguardo dell\u2019altro.<br> C\u2019\u00e8 dunque una essenzialit\u00e0 nell\u2019essere in due, nello scoprire l\u2019altro ed essere dall\u2019altro scoperto. La nostra stessa identit\u00e0 si costituisce con l\u2019interlocuzione, con una relazione che \u00e8 il preciso collegamento tra entit\u00e0 diverse.<br> Ma nella dualit\u00e0 c\u2019\u00e8 molto di pi\u00f9. Con la scoperta dei neuroni specchio, neuroni mirror, i neuroscienziati, in primis l\u2019italiano Vittorio Gallesi, hanno individuato il ruolo fondamentale che riveste l\u2019altro soggetto  nell\u2019apprendimento in generale e nella costituzione della intersoggettivit\u00e0.      Questa classe di neuroni definiscono un meccanismo preverbale che si attiva gi\u00e0 solo guardando l\u2019altro compiere determinate azioni.<br> Si tratta di una sorta di intercorporeit\u00e0 che esiste ancora prima del linguaggio. Un \u201ctu \u201c innato fortemente condizionato dai neuroni mirror che hanno la funzione di far assumere comportamenti e condotte osservate nell\u2019altro .<br> Un meccanismo se si vuole molto economico che serve a gettare un ponte con l\u2019altro, permettendoci cos\u00ec di essere sociali e nel contempo di relazionarci con l\u2019altro.<br> Con i neuroni specchio l\u2019interconnessione \u00e8 continua a molti livelli. Essi per esempio ci permettono di intuire le emozioni altrui, il dolore ma anche il piacere dell\u2019altro, entrano in gioco nella acquisizione del linguaggio che nasce dalla osservazione della gestualit\u00e0 prima ancora che dall\u2019ascolto. E inoltre proprio grazie ai neuroni specchio siamo in grado di sperimentare l\u2019immedesimazione,      il sentirsi nei \u201cpanni\u201d dell\u2019altro.<br> E tutto questo si realizza con una tecnica che potremmo definire di imitazione, di emulazione, ma anche di scimmiottatura, molto presente nell\u2019et\u00e0 evolutiva.<br> Ognuno di noi dunque ha uno stampo originario che tuttavia \u00e8 fortemente condizionato dall\u2019impronta dell\u2019altro. Poi c\u2019\u00e8 sicuramente una lenta emancipazione dal modello osservato ma l\u2019incorporazione della alterit\u00e0 \u00e8 avvenuta, anche inconsapevolmente, ed ha aperto la strada al \u201cNoi\u201d che \u00e8 comunque una grande conquista.<br> L\u2019uomo dunque ha una struttura biologica fortemente connotata e tuttavia l\u2019ambiente   e i suoi simili determinano delle modalit\u00e0 conoscitive dove la dimensione viva della vita si conforma e si modella <br> continuamente col posare lo sguardo sull\u2019altro e comprenderne ci\u00f2 che emana.<\/p>\n","protected":false},"excerpt":{"rendered":"<p>L\u2019altro \u00e8 forma di nutrimento, l\u2019uomo senza l\u2019uomo muore di fame spirituale. Le riflessioni dello psicologo psicoterapeuta di Giovanni Bruno<\/p>\n","protected":false},"author":1,"featured_media":8760,"comment_status":"open","ping_status":"open","sticky":true,"template":"","format":"standard","meta":[],"categories":[52],"tags":[2589,2036,2591,2592,2590],"yoast_head":"<!-- This site is optimized with the Yoast SEO plugin v18.0 - https:\/\/yoast.com\/wordpress\/plugins\/seo\/ -->\n<title>La realt\u00e0 del due | Arte e Luoghi<\/title>\n<meta name=\"description\" content=\"L\u2019altro \u00e8 forma di nutrimento,l\u2019uomo senza l\u2019uomo muore di fame spirituale. Le riflessioni dello psicologo psicoterapeuta\" \/>\n<meta name=\"robots\" content=\"index, follow, max-snippet:-1, max-image-preview:large, max-video-preview:-1\" \/>\n<link rel=\"canonical\" href=\"https:\/\/arteeluoghi.it\/index.php\/2020\/07\/23\/la-realta-del-due\/\" \/>\n<meta property=\"og:locale\" content=\"it_IT\" \/>\n<meta property=\"og:type\" content=\"article\" \/>\n<meta property=\"og:title\" content=\"La realt\u00e0 del due | Arte e Luoghi\" \/>\n<meta property=\"og:description\" content=\"L\u2019altro \u00e8 forma di nutrimento,l\u2019uomo senza l\u2019uomo muore di fame spirituale. Le riflessioni dello psicologo psicoterapeuta\" \/>\n<meta property=\"og:url\" content=\"https:\/\/arteeluoghi.it\/index.php\/2020\/07\/23\/la-realta-del-due\/\" \/>\n<meta property=\"og:site_name\" content=\"Arte e Luoghi\" \/>\n<meta property=\"article:publisher\" content=\"https:\/\/www.facebook.com\/ArteELuoghi\/\" \/>\n<meta property=\"article:published_time\" content=\"2020-07-23T13:41:59+00:00\" \/>\n<meta property=\"article:modified_time\" content=\"2020-08-16T13:46:16+00:00\" \/>\n<meta property=\"og:image\" content=\"https:\/\/arteeluoghi.it\/wp-content\/uploads\/2020\/08\/couple-677585_1920.jpg\" \/>\n\t<meta property=\"og:image:width\" content=\"1920\" \/>\n\t<meta property=\"og:image:height\" content=\"1285\" \/>\n\t<meta property=\"og:image:type\" content=\"image\/jpeg\" \/>\n<meta name=\"twitter:card\" content=\"summary\" \/>\n<meta name=\"twitter:creator\" content=\"@arteeluoghi\" \/>\n<meta name=\"twitter:site\" content=\"@arteeluoghi\" \/>\n<meta name=\"twitter:label1\" content=\"Scritto da\" \/>\n\t<meta name=\"twitter:data1\" content=\"Staff\" \/>\n\t<meta name=\"twitter:label2\" content=\"Tempo di lettura stimato\" \/>\n\t<meta name=\"twitter:data2\" content=\"3 minuti\" \/>\n<script type=\"application\/ld+json\" class=\"yoast-schema-graph\">{\"@context\":\"https:\/\/schema.org\",\"@graph\":[{\"@type\":\"Organization\",\"@id\":\"https:\/\/arteeluoghi.it\/#organization\",\"name\":\"Arte e Luoghi\",\"url\":\"https:\/\/arteeluoghi.it\/\",\"sameAs\":[\"https:\/\/www.facebook.com\/ArteELuoghi\/\",\"https:\/\/www.instagram.com\/arteeluoghi\/?hl=it\",\"https:\/\/www.youtube.com\/channel\/UCuRVc4JW4-C5sg9rQB-srkw?view_as=subscriber\",\"https:\/\/twitter.com\/arteeluoghi\"],\"logo\":{\"@type\":\"ImageObject\",\"@id\":\"https:\/\/arteeluoghi.it\/#logo\",\"inLanguage\":\"it-IT\",\"url\":\"https:\/\/arteeluoghi.it\/wp-content\/uploads\/2018\/08\/logoinstagramarte.jpg\",\"contentUrl\":\"https:\/\/arteeluoghi.it\/wp-content\/uploads\/2018\/08\/logoinstagramarte.jpg\",\"width\":150,\"height\":150,\"caption\":\"Arte e Luoghi\"},\"image\":{\"@id\":\"https:\/\/arteeluoghi.it\/#logo\"}},{\"@type\":\"WebSite\",\"@id\":\"https:\/\/arteeluoghi.it\/#website\",\"url\":\"https:\/\/arteeluoghi.it\/\",\"name\":\"Arte e Luoghi\",\"description\":\"Mensile di arte, cultura, turismo e curiosit\u00e0\",\"publisher\":{\"@id\":\"https:\/\/arteeluoghi.it\/#organization\"},\"potentialAction\":[{\"@type\":\"SearchAction\",\"target\":{\"@type\":\"EntryPoint\",\"urlTemplate\":\"https:\/\/arteeluoghi.it\/?s={search_term_string}\"},\"query-input\":\"required name=search_term_string\"}],\"inLanguage\":\"it-IT\"},{\"@type\":\"ImageObject\",\"@id\":\"https:\/\/arteeluoghi.it\/index.php\/2020\/07\/23\/la-realta-del-due\/#primaryimage\",\"inLanguage\":\"it-IT\",\"url\":\"https:\/\/arteeluoghi.it\/wp-content\/uploads\/2020\/08\/couple-677585_1920.jpg\",\"contentUrl\":\"https:\/\/arteeluoghi.it\/wp-content\/uploads\/2020\/08\/couple-677585_1920.jpg\",\"width\":1920,\"height\":1285},{\"@type\":\"WebPage\",\"@id\":\"https:\/\/arteeluoghi.it\/index.php\/2020\/07\/23\/la-realta-del-due\/#webpage\",\"url\":\"https:\/\/arteeluoghi.it\/index.php\/2020\/07\/23\/la-realta-del-due\/\",\"name\":\"La realt\u00e0 del due | Arte e Luoghi\",\"isPartOf\":{\"@id\":\"https:\/\/arteeluoghi.it\/#website\"},\"primaryImageOfPage\":{\"@id\":\"https:\/\/arteeluoghi.it\/index.php\/2020\/07\/23\/la-realta-del-due\/#primaryimage\"},\"datePublished\":\"2020-07-23T13:41:59+00:00\",\"dateModified\":\"2020-08-16T13:46:16+00:00\",\"description\":\"L\u2019altro \u00e8 forma di nutrimento,l\u2019uomo senza l\u2019uomo muore di fame spirituale. Le riflessioni dello psicologo psicoterapeuta\",\"breadcrumb\":{\"@id\":\"https:\/\/arteeluoghi.it\/index.php\/2020\/07\/23\/la-realta-del-due\/#breadcrumb\"},\"inLanguage\":\"it-IT\",\"potentialAction\":[{\"@type\":\"ReadAction\",\"target\":[\"https:\/\/arteeluoghi.it\/index.php\/2020\/07\/23\/la-realta-del-due\/\"]}]},{\"@type\":\"BreadcrumbList\",\"@id\":\"https:\/\/arteeluoghi.it\/index.php\/2020\/07\/23\/la-realta-del-due\/#breadcrumb\",\"itemListElement\":[{\"@type\":\"ListItem\",\"position\":1,\"name\":\"Home\",\"item\":\"https:\/\/arteeluoghi.it\/\"},{\"@type\":\"ListItem\",\"position\":2,\"name\":\"La realt\u00e0 del due\"}]},{\"@type\":\"Article\",\"@id\":\"https:\/\/arteeluoghi.it\/index.php\/2020\/07\/23\/la-realta-del-due\/#article\",\"isPartOf\":{\"@id\":\"https:\/\/arteeluoghi.it\/index.php\/2020\/07\/23\/la-realta-del-due\/#webpage\"},\"author\":{\"@id\":\"https:\/\/arteeluoghi.it\/#\/schema\/person\/f84e814e36e91e01448ee07eaadd41d4\"},\"headline\":\"La realt\u00e0 del due\",\"datePublished\":\"2020-07-23T13:41:59+00:00\",\"dateModified\":\"2020-08-16T13:46:16+00:00\",\"mainEntityOfPage\":{\"@id\":\"https:\/\/arteeluoghi.it\/index.php\/2020\/07\/23\/la-realta-del-due\/#webpage\"},\"wordCount\":574,\"commentCount\":0,\"publisher\":{\"@id\":\"https:\/\/arteeluoghi.it\/#organization\"},\"image\":{\"@id\":\"https:\/\/arteeluoghi.it\/index.php\/2020\/07\/23\/la-realta-del-due\/#primaryimage\"},\"thumbnailUrl\":\"https:\/\/arteeluoghi.it\/wp-content\/uploads\/2020\/08\/couple-677585_1920.jpg\",\"keywords\":[\"dualit\u00e0\",\"Giovanni Bruno\",\"spiritualit\u00e0\",\"unit\u00e0\",\"uomo\"],\"articleSection\":[\"I luoghi della parola\"],\"inLanguage\":\"it-IT\",\"potentialAction\":[{\"@type\":\"CommentAction\",\"name\":\"Comment\",\"target\":[\"https:\/\/arteeluoghi.it\/index.php\/2020\/07\/23\/la-realta-del-due\/#respond\"]}]},{\"@type\":\"Person\",\"@id\":\"https:\/\/arteeluoghi.it\/#\/schema\/person\/f84e814e36e91e01448ee07eaadd41d4\",\"name\":\"Staff\",\"image\":{\"@type\":\"ImageObject\",\"@id\":\"https:\/\/arteeluoghi.it\/#personlogo\",\"inLanguage\":\"it-IT\",\"url\":\"https:\/\/secure.gravatar.com\/avatar\/49d2f9e46271bb04e19cebfaf141313a?s=96&d=blank&r=g\",\"contentUrl\":\"https:\/\/secure.gravatar.com\/avatar\/49d2f9e46271bb04e19cebfaf141313a?s=96&d=blank&r=g\",\"caption\":\"Staff\"}}]}<\/script>\n<!-- \/ Yoast SEO plugin. -->","yoast_head_json":{"title":"La realt\u00e0 del due | Arte e Luoghi","description":"L\u2019altro \u00e8 forma di nutrimento,l\u2019uomo senza l\u2019uomo muore di fame spirituale. Le riflessioni dello psicologo psicoterapeuta","robots":{"index":"index","follow":"follow","max-snippet":"max-snippet:-1","max-image-preview":"max-image-preview:large","max-video-preview":"max-video-preview:-1"},"canonical":"https:\/\/arteeluoghi.it\/index.php\/2020\/07\/23\/la-realta-del-due\/","og_locale":"it_IT","og_type":"article","og_title":"La realt\u00e0 del due | Arte e Luoghi","og_description":"L\u2019altro \u00e8 forma di nutrimento,l\u2019uomo senza l\u2019uomo muore di fame spirituale. Le riflessioni dello psicologo psicoterapeuta","og_url":"https:\/\/arteeluoghi.it\/index.php\/2020\/07\/23\/la-realta-del-due\/","og_site_name":"Arte e Luoghi","article_publisher":"https:\/\/www.facebook.com\/ArteELuoghi\/","article_published_time":"2020-07-23T13:41:59+00:00","article_modified_time":"2020-08-16T13:46:16+00:00","og_image":[{"width":1920,"height":1285,"url":"https:\/\/arteeluoghi.it\/wp-content\/uploads\/2020\/08\/couple-677585_1920.jpg","type":"image\/jpeg"}],"twitter_card":"summary","twitter_creator":"@arteeluoghi","twitter_site":"@arteeluoghi","twitter_misc":{"Scritto da":"Staff","Tempo di lettura stimato":"3 minuti"},"schema":{"@context":"https:\/\/schema.org","@graph":[{"@type":"Organization","@id":"https:\/\/arteeluoghi.it\/#organization","name":"Arte e Luoghi","url":"https:\/\/arteeluoghi.it\/","sameAs":["https:\/\/www.facebook.com\/ArteELuoghi\/","https:\/\/www.instagram.com\/arteeluoghi\/?hl=it","https:\/\/www.youtube.com\/channel\/UCuRVc4JW4-C5sg9rQB-srkw?view_as=subscriber","https:\/\/twitter.com\/arteeluoghi"],"logo":{"@type":"ImageObject","@id":"https:\/\/arteeluoghi.it\/#logo","inLanguage":"it-IT","url":"https:\/\/arteeluoghi.it\/wp-content\/uploads\/2018\/08\/logoinstagramarte.jpg","contentUrl":"https:\/\/arteeluoghi.it\/wp-content\/uploads\/2018\/08\/logoinstagramarte.jpg","width":150,"height":150,"caption":"Arte e Luoghi"},"image":{"@id":"https:\/\/arteeluoghi.it\/#logo"}},{"@type":"WebSite","@id":"https:\/\/arteeluoghi.it\/#website","url":"https:\/\/arteeluoghi.it\/","name":"Arte e Luoghi","description":"Mensile di arte, cultura, turismo e curiosit\u00e0","publisher":{"@id":"https:\/\/arteeluoghi.it\/#organization"},"potentialAction":[{"@type":"SearchAction","target":{"@type":"EntryPoint","urlTemplate":"https:\/\/arteeluoghi.it\/?s={search_term_string}"},"query-input":"required name=search_term_string"}],"inLanguage":"it-IT"},{"@type":"ImageObject","@id":"https:\/\/arteeluoghi.it\/index.php\/2020\/07\/23\/la-realta-del-due\/#primaryimage","inLanguage":"it-IT","url":"https:\/\/arteeluoghi.it\/wp-content\/uploads\/2020\/08\/couple-677585_1920.jpg","contentUrl":"https:\/\/arteeluoghi.it\/wp-content\/uploads\/2020\/08\/couple-677585_1920.jpg","width":1920,"height":1285},{"@type":"WebPage","@id":"https:\/\/arteeluoghi.it\/index.php\/2020\/07\/23\/la-realta-del-due\/#webpage","url":"https:\/\/arteeluoghi.it\/index.php\/2020\/07\/23\/la-realta-del-due\/","name":"La realt\u00e0 del due | Arte e Luoghi","isPartOf":{"@id":"https:\/\/arteeluoghi.it\/#website"},"primaryImageOfPage":{"@id":"https:\/\/arteeluoghi.it\/index.php\/2020\/07\/23\/la-realta-del-due\/#primaryimage"},"datePublished":"2020-07-23T13:41:59+00:00","dateModified":"2020-08-16T13:46:16+00:00","description":"L\u2019altro \u00e8 forma di nutrimento,l\u2019uomo senza l\u2019uomo muore di fame spirituale. Le riflessioni dello psicologo psicoterapeuta","breadcrumb":{"@id":"https:\/\/arteeluoghi.it\/index.php\/2020\/07\/23\/la-realta-del-due\/#breadcrumb"},"inLanguage":"it-IT","potentialAction":[{"@type":"ReadAction","target":["https:\/\/arteeluoghi.it\/index.php\/2020\/07\/23\/la-realta-del-due\/"]}]},{"@type":"BreadcrumbList","@id":"https:\/\/arteeluoghi.it\/index.php\/2020\/07\/23\/la-realta-del-due\/#breadcrumb","itemListElement":[{"@type":"ListItem","position":1,"name":"Home","item":"https:\/\/arteeluoghi.it\/"},{"@type":"ListItem","position":2,"name":"La realt\u00e0 del due"}]},{"@type":"Article","@id":"https:\/\/arteeluoghi.it\/index.php\/2020\/07\/23\/la-realta-del-due\/#article","isPartOf":{"@id":"https:\/\/arteeluoghi.it\/index.php\/2020\/07\/23\/la-realta-del-due\/#webpage"},"author":{"@id":"https:\/\/arteeluoghi.it\/#\/schema\/person\/f84e814e36e91e01448ee07eaadd41d4"},"headline":"La realt\u00e0 del due","datePublished":"2020-07-23T13:41:59+00:00","dateModified":"2020-08-16T13:46:16+00:00","mainEntityOfPage":{"@id":"https:\/\/arteeluoghi.it\/index.php\/2020\/07\/23\/la-realta-del-due\/#webpage"},"wordCount":574,"commentCount":0,"publisher":{"@id":"https:\/\/arteeluoghi.it\/#organization"},"image":{"@id":"https:\/\/arteeluoghi.it\/index.php\/2020\/07\/23\/la-realta-del-due\/#primaryimage"},"thumbnailUrl":"https:\/\/arteeluoghi.it\/wp-content\/uploads\/2020\/08\/couple-677585_1920.jpg","keywords":["dualit\u00e0","Giovanni Bruno","spiritualit\u00e0","unit\u00e0","uomo"],"articleSection":["I luoghi della parola"],"inLanguage":"it-IT","potentialAction":[{"@type":"CommentAction","name":"Comment","target":["https:\/\/arteeluoghi.it\/index.php\/2020\/07\/23\/la-realta-del-due\/#respond"]}]},{"@type":"Person","@id":"https:\/\/arteeluoghi.it\/#\/schema\/person\/f84e814e36e91e01448ee07eaadd41d4","name":"Staff","image":{"@type":"ImageObject","@id":"https:\/\/arteeluoghi.it\/#personlogo","inLanguage":"it-IT","url":"https:\/\/secure.gravatar.com\/avatar\/49d2f9e46271bb04e19cebfaf141313a?s=96&d=blank&r=g","contentUrl":"https:\/\/secure.gravatar.com\/avatar\/49d2f9e46271bb04e19cebfaf141313a?s=96&d=blank&r=g","caption":"Staff"}}]}},"_links":{"self":[{"href":"https:\/\/arteeluoghi.it\/index.php\/wp-json\/wp\/v2\/posts\/8759"}],"collection":[{"href":"https:\/\/arteeluoghi.it\/index.php\/wp-json\/wp\/v2\/posts"}],"about":[{"href":"https:\/\/arteeluoghi.it\/index.php\/wp-json\/wp\/v2\/types\/post"}],"author":[{"embeddable":true,"href":"https:\/\/arteeluoghi.it\/index.php\/wp-json\/wp\/v2\/users\/1"}],"replies":[{"embeddable":true,"href":"https:\/\/arteeluoghi.it\/index.php\/wp-json\/wp\/v2\/comments?post=8759"}],"version-history":[{"count":1,"href":"https:\/\/arteeluoghi.it\/index.php\/wp-json\/wp\/v2\/posts\/8759\/revisions"}],"predecessor-version":[{"id":8761,"href":"https:\/\/arteeluoghi.it\/index.php\/wp-json\/wp\/v2\/posts\/8759\/revisions\/8761"}],"wp:featuredmedia":[{"embeddable":true,"href":"https:\/\/arteeluoghi.it\/index.php\/wp-json\/wp\/v2\/media\/8760"}],"wp:attachment":[{"href":"https:\/\/arteeluoghi.it\/index.php\/wp-json\/wp\/v2\/media?parent=8759"}],"wp:term":[{"taxonomy":"category","embeddable":true,"href":"https:\/\/arteeluoghi.it\/index.php\/wp-json\/wp\/v2\/categories?post=8759"},{"taxonomy":"post_tag","embeddable":true,"href":"https:\/\/arteeluoghi.it\/index.php\/wp-json\/wp\/v2\/tags?post=8759"}],"curies":[{"name":"wp","href":"https:\/\/api.w.org\/{rel}","templated":true}]}}