{"id":880,"date":"2012-08-20T18:19:44","date_gmt":"2012-08-20T16:19:44","guid":{"rendered":"http:\/\/arteeluoghi.it\/index.php\/2012\/08\/20\/bilancio-positivo-per-la-40-mostra-mercato-della-ceramica\/"},"modified":"2017-08-07T00:01:55","modified_gmt":"2017-08-06T22:01:55","slug":"bilancio-positivo-per-la-40-mostra-mercato-della-ceramica","status":"publish","type":"post","link":"https:\/\/arteeluoghi.it\/index.php\/2012\/08\/20\/bilancio-positivo-per-la-40-mostra-mercato-della-ceramica\/","title":{"rendered":"Bilancio positivo per la 40 mostra mercato della ceramica"},"content":{"rendered":"<p><strong><em><img src=\"\/images\/stories\/mostracutrofiano.jpg\" border=\"0\" width=\"400\" style=\"margin: 21px; float: left;\" \/><\/em><\/strong><\/p>\n<p style=\"text-align: left;\"><strong> <\/strong><\/p>\n<p style=\"text-align: left;\"><strong>BOOM DI VISITATORI A CUTROFIANO<\/strong><em> <\/em><\/p>\n<p style=\"text-align: left;\"><em> <\/em><\/p>\n<p style=\"text-align: left;\"><em>Migliaia i turisti alla scoperta dell\u2019antica arte dei figuli e dell\u2019artigianato salentino<\/em><\/p>\n<p><em> <\/em><\/p>\n<p>Si \u00e8 conclusa con uno straordinario successo di pubblico la quarantesima Mostra mercato della Ceramica artigianale a Cutrofiano. Migliaia le presenze registrate nei dieci giorni di apertura, un dato in netta crescita rispetto a quello raggiunto nelle passate edizioni. In particolare, numerosi turisti italiani e stranieri (dalla Germania, Svizzera e Inghilterra, ma anche Russia e America) hanno attraversato il centro storico del paese, \u201cculla\u201d della lavorazione dell\u2019argilla, per ammirare le creazioni frutto dell\u2019abilit\u00e0 dei maestri figuli cutrofianesi nella scuola elementare, degustare la buona cucina salentina e i prodotti tipici del territorio nell\u2019area \u201cFood e figuli\u201d in piazza Municipio, visitare l\u2019expo dell\u2019artigianato tipico salentino e la rassegna \u201cLe vie dell\u2019artigianato\u201d (a cura di Confartigianato Imprese Lecce) nell\u2019ex mercato coperto e, dulcis in fundo, il Museo comunale della ceramica.<\/p>\n<p>\u00a0<\/p>\n<p>Grande la soddisfazione per gli artigiani figuli, cuore e anima della manifestazione promossa dal Comune di Cutrofiano e Consorzio Ceramiche del Salento, in collaborazione con Camera di commercio e Confartigianato Imprese Lecce, con il sostegno di Regione Puglia, Provincia di Lecce, Unione dei Comuni della Grec\u00eca Salentina, Puglia Promozione e il coordinamento di Big Bang ed Eventi Marketing &amp; Communication.<\/p>\n<p>  <!--more-->  <\/p>\n<p><em>&#8220;La mostra quest\u2019anno ha superato ogni pi\u00f9 rosea aspettativa e segnato l\u2019inizio di una nuova era\u201d, <\/em>commentano <strong>Oriele Rolli<\/strong>, primo cittadino di Cutrofiano, e <strong>Tommaso Campa<\/strong>, assessore comunale alle Attivit\u00e0 produttive<strong>.<\/strong><em> \u201cL\u2019Amministrazione cittadina <\/em>\u2013 aggiungono &#8211;<em> ha inteso impiegare ogni risorsa possibile per rilanciare questa importantissima manifestazione, con la ferma volont\u00e0 di riportarla al livello che merita tra gli eventi cardine dell\u2019estate salentina e i numeri ci dicono che abbiamo vinto la sfida\u201d.<\/em><\/p>\n<p>\u00a0<\/p>\n<p><em>\u201cE&#8217; proprio vero che quando le persone sono al lavoro, anche in un periodo eccezionale di crisi come quello che stiamo vivendo, la posizione pi\u00f9 costruttiva \u00e8 esserci con positivit\u00e0<\/em> \u2013 sottolinea <strong>Antonio Col\u00ec<\/strong>, presidente Consorzio Ceramiche del Salento &#8211; <em>Molti artigiani presenti alla mostra sono stati la testimonianza di questo atteggiamento che ha generato un clima di serenit\u00e0. Tutto ci\u00f2 non fa venire meno la consapevolezza delle fatiche, una maggiore essenzialit\u00e0 negli acquisti da parte dei consumatori\u201d.<\/em><\/p>\n<p>\u00a0<\/p>\n<p>Infine, <strong>Corrado Brigante<\/strong>, presidente di Confartigianato Imprese Lecce, osserva: <em>\u201cResiste la voglia d\u2019impresa artigiana e con essa la necessit\u00e0 di sostenere fortemente questo comparto cos\u00ec importante che, grazie anche ad eventi come questo, torna alla ribalta proponendosi come via da seguire per far rinascere le nostre professioni artigiane, destinate a scomparire se non vengono preservate per poter essere trasmesse dai padri ai figli <\/em>\u201d.<\/p>\n<p>(fonte: comunicato stampa)<\/p>\n","protected":false},"excerpt":{"rendered":"<p>BOOM DI VISITATORI A CUTROFIANO Migliaia i turisti alla scoperta dell\u2019antica arte dei figuli e dell\u2019artigianato salentino Si \u00e8 conclusa<\/p>\n","protected":false},"author":1,"featured_media":0,"comment_status":"open","ping_status":"open","sticky":false,"template":"","format":"standard","meta":[],"categories":[28],"tags":[],"yoast_head":"<!-- This site is optimized with the Yoast SEO plugin v18.0 - https:\/\/yoast.com\/wordpress\/plugins\/seo\/ -->\n<title>Bilancio positivo per la 40 mostra mercato della ceramica | Arte e Luoghi<\/title>\n<meta name=\"robots\" content=\"index, follow, max-snippet:-1, max-image-preview:large, max-video-preview:-1\" \/>\n<link rel=\"canonical\" href=\"https:\/\/arteeluoghi.it\/index.php\/2012\/08\/20\/bilancio-positivo-per-la-40-mostra-mercato-della-ceramica\/\" \/>\n<meta property=\"og:locale\" content=\"it_IT\" \/>\n<meta property=\"og:type\" content=\"article\" \/>\n<meta property=\"og:title\" content=\"Bilancio positivo per la 40 mostra mercato della ceramica | Arte e Luoghi\" \/>\n<meta property=\"og:description\" content=\"BOOM DI VISITATORI A CUTROFIANO Migliaia i turisti alla scoperta dell\u2019antica arte dei figuli e dell\u2019artigianato salentino Si \u00e8 conclusa\" \/>\n<meta property=\"og:url\" content=\"https:\/\/arteeluoghi.it\/index.php\/2012\/08\/20\/bilancio-positivo-per-la-40-mostra-mercato-della-ceramica\/\" \/>\n<meta property=\"og:site_name\" content=\"Arte e Luoghi\" \/>\n<meta property=\"article:publisher\" content=\"https:\/\/www.facebook.com\/ArteELuoghi\/\" \/>\n<meta property=\"article:published_time\" content=\"2012-08-20T16:19:44+00:00\" \/>\n<meta property=\"article:modified_time\" content=\"2017-08-06T22:01:55+00:00\" \/>\n<meta property=\"og:image\" content=\"https:\/\/arteeluoghi.it\/images\/stories\/mostracutrofiano.jpg\" \/>\n<meta name=\"twitter:card\" content=\"summary\" \/>\n<meta name=\"twitter:creator\" content=\"@arteeluoghi\" \/>\n<meta name=\"twitter:site\" content=\"@arteeluoghi\" \/>\n<meta name=\"twitter:label1\" content=\"Scritto da\" \/>\n\t<meta name=\"twitter:data1\" content=\"Staff\" \/>\n\t<meta name=\"twitter:label2\" content=\"Tempo di lettura stimato\" \/>\n\t<meta name=\"twitter:data2\" content=\"2 minuti\" \/>\n<script type=\"application\/ld+json\" class=\"yoast-schema-graph\">{\"@context\":\"https:\/\/schema.org\",\"@graph\":[{\"@type\":\"Organization\",\"@id\":\"https:\/\/arteeluoghi.it\/#organization\",\"name\":\"Arte e Luoghi\",\"url\":\"https:\/\/arteeluoghi.it\/\",\"sameAs\":[\"https:\/\/www.facebook.com\/ArteELuoghi\/\",\"https:\/\/www.instagram.com\/arteeluoghi\/?hl=it\",\"https:\/\/www.youtube.com\/channel\/UCuRVc4JW4-C5sg9rQB-srkw?view_as=subscriber\",\"https:\/\/twitter.com\/arteeluoghi\"],\"logo\":{\"@type\":\"ImageObject\",\"@id\":\"https:\/\/arteeluoghi.it\/#logo\",\"inLanguage\":\"it-IT\",\"url\":\"https:\/\/arteeluoghi.it\/wp-content\/uploads\/2018\/08\/logoinstagramarte.jpg\",\"contentUrl\":\"https:\/\/arteeluoghi.it\/wp-content\/uploads\/2018\/08\/logoinstagramarte.jpg\",\"width\":150,\"height\":150,\"caption\":\"Arte e Luoghi\"},\"image\":{\"@id\":\"https:\/\/arteeluoghi.it\/#logo\"}},{\"@type\":\"WebSite\",\"@id\":\"https:\/\/arteeluoghi.it\/#website\",\"url\":\"https:\/\/arteeluoghi.it\/\",\"name\":\"Arte e Luoghi\",\"description\":\"Mensile di arte, cultura, turismo e curiosit\u00e0\",\"publisher\":{\"@id\":\"https:\/\/arteeluoghi.it\/#organization\"},\"potentialAction\":[{\"@type\":\"SearchAction\",\"target\":{\"@type\":\"EntryPoint\",\"urlTemplate\":\"https:\/\/arteeluoghi.it\/?s={search_term_string}\"},\"query-input\":\"required name=search_term_string\"}],\"inLanguage\":\"it-IT\"},{\"@type\":\"ImageObject\",\"@id\":\"https:\/\/arteeluoghi.it\/index.php\/2012\/08\/20\/bilancio-positivo-per-la-40-mostra-mercato-della-ceramica\/#primaryimage\",\"inLanguage\":\"it-IT\",\"url\":\"\/images\/stories\/mostracutrofiano.jpg\",\"contentUrl\":\"\/images\/stories\/mostracutrofiano.jpg\"},{\"@type\":\"WebPage\",\"@id\":\"https:\/\/arteeluoghi.it\/index.php\/2012\/08\/20\/bilancio-positivo-per-la-40-mostra-mercato-della-ceramica\/#webpage\",\"url\":\"https:\/\/arteeluoghi.it\/index.php\/2012\/08\/20\/bilancio-positivo-per-la-40-mostra-mercato-della-ceramica\/\",\"name\":\"Bilancio positivo per la 40 mostra mercato della ceramica | Arte e Luoghi\",\"isPartOf\":{\"@id\":\"https:\/\/arteeluoghi.it\/#website\"},\"primaryImageOfPage\":{\"@id\":\"https:\/\/arteeluoghi.it\/index.php\/2012\/08\/20\/bilancio-positivo-per-la-40-mostra-mercato-della-ceramica\/#primaryimage\"},\"datePublished\":\"2012-08-20T16:19:44+00:00\",\"dateModified\":\"2017-08-06T22:01:55+00:00\",\"breadcrumb\":{\"@id\":\"https:\/\/arteeluoghi.it\/index.php\/2012\/08\/20\/bilancio-positivo-per-la-40-mostra-mercato-della-ceramica\/#breadcrumb\"},\"inLanguage\":\"it-IT\",\"potentialAction\":[{\"@type\":\"ReadAction\",\"target\":[\"https:\/\/arteeluoghi.it\/index.php\/2012\/08\/20\/bilancio-positivo-per-la-40-mostra-mercato-della-ceramica\/\"]}]},{\"@type\":\"BreadcrumbList\",\"@id\":\"https:\/\/arteeluoghi.it\/index.php\/2012\/08\/20\/bilancio-positivo-per-la-40-mostra-mercato-della-ceramica\/#breadcrumb\",\"itemListElement\":[{\"@type\":\"ListItem\",\"position\":1,\"name\":\"Home\",\"item\":\"https:\/\/arteeluoghi.it\/\"},{\"@type\":\"ListItem\",\"position\":2,\"name\":\"Bilancio positivo per la 40 mostra mercato della ceramica\"}]},{\"@type\":\"Article\",\"@id\":\"https:\/\/arteeluoghi.it\/index.php\/2012\/08\/20\/bilancio-positivo-per-la-40-mostra-mercato-della-ceramica\/#article\",\"isPartOf\":{\"@id\":\"https:\/\/arteeluoghi.it\/index.php\/2012\/08\/20\/bilancio-positivo-per-la-40-mostra-mercato-della-ceramica\/#webpage\"},\"author\":{\"@id\":\"https:\/\/arteeluoghi.it\/#\/schema\/person\/f84e814e36e91e01448ee07eaadd41d4\"},\"headline\":\"Bilancio positivo per la 40 mostra mercato della ceramica\",\"datePublished\":\"2012-08-20T16:19:44+00:00\",\"dateModified\":\"2017-08-06T22:01:55+00:00\",\"mainEntityOfPage\":{\"@id\":\"https:\/\/arteeluoghi.it\/index.php\/2012\/08\/20\/bilancio-positivo-per-la-40-mostra-mercato-della-ceramica\/#webpage\"},\"wordCount\":440,\"commentCount\":0,\"publisher\":{\"@id\":\"https:\/\/arteeluoghi.it\/#organization\"},\"image\":{\"@id\":\"https:\/\/arteeluoghi.it\/index.php\/2012\/08\/20\/bilancio-positivo-per-la-40-mostra-mercato-della-ceramica\/#primaryimage\"},\"thumbnailUrl\":\"\/images\/stories\/mostracutrofiano.jpg\",\"articleSection\":[\"Notizie\"],\"inLanguage\":\"it-IT\",\"potentialAction\":[{\"@type\":\"CommentAction\",\"name\":\"Comment\",\"target\":[\"https:\/\/arteeluoghi.it\/index.php\/2012\/08\/20\/bilancio-positivo-per-la-40-mostra-mercato-della-ceramica\/#respond\"]}]},{\"@type\":\"Person\",\"@id\":\"https:\/\/arteeluoghi.it\/#\/schema\/person\/f84e814e36e91e01448ee07eaadd41d4\",\"name\":\"Staff\",\"image\":{\"@type\":\"ImageObject\",\"@id\":\"https:\/\/arteeluoghi.it\/#personlogo\",\"inLanguage\":\"it-IT\",\"url\":\"https:\/\/secure.gravatar.com\/avatar\/49d2f9e46271bb04e19cebfaf141313a?s=96&d=blank&r=g\",\"contentUrl\":\"https:\/\/secure.gravatar.com\/avatar\/49d2f9e46271bb04e19cebfaf141313a?s=96&d=blank&r=g\",\"caption\":\"Staff\"}}]}<\/script>\n<!-- \/ Yoast SEO plugin. -->","yoast_head_json":{"title":"Bilancio positivo per la 40 mostra mercato della ceramica | Arte e Luoghi","robots":{"index":"index","follow":"follow","max-snippet":"max-snippet:-1","max-image-preview":"max-image-preview:large","max-video-preview":"max-video-preview:-1"},"canonical":"https:\/\/arteeluoghi.it\/index.php\/2012\/08\/20\/bilancio-positivo-per-la-40-mostra-mercato-della-ceramica\/","og_locale":"it_IT","og_type":"article","og_title":"Bilancio positivo per la 40 mostra mercato della ceramica | Arte e Luoghi","og_description":"BOOM DI VISITATORI A CUTROFIANO Migliaia i turisti alla scoperta dell\u2019antica arte dei figuli e dell\u2019artigianato salentino Si \u00e8 conclusa","og_url":"https:\/\/arteeluoghi.it\/index.php\/2012\/08\/20\/bilancio-positivo-per-la-40-mostra-mercato-della-ceramica\/","og_site_name":"Arte e Luoghi","article_publisher":"https:\/\/www.facebook.com\/ArteELuoghi\/","article_published_time":"2012-08-20T16:19:44+00:00","article_modified_time":"2017-08-06T22:01:55+00:00","og_image":[{"url":"https:\/\/arteeluoghi.it\/images\/stories\/mostracutrofiano.jpg"}],"twitter_card":"summary","twitter_creator":"@arteeluoghi","twitter_site":"@arteeluoghi","twitter_misc":{"Scritto da":"Staff","Tempo di lettura stimato":"2 minuti"},"schema":{"@context":"https:\/\/schema.org","@graph":[{"@type":"Organization","@id":"https:\/\/arteeluoghi.it\/#organization","name":"Arte e Luoghi","url":"https:\/\/arteeluoghi.it\/","sameAs":["https:\/\/www.facebook.com\/ArteELuoghi\/","https:\/\/www.instagram.com\/arteeluoghi\/?hl=it","https:\/\/www.youtube.com\/channel\/UCuRVc4JW4-C5sg9rQB-srkw?view_as=subscriber","https:\/\/twitter.com\/arteeluoghi"],"logo":{"@type":"ImageObject","@id":"https:\/\/arteeluoghi.it\/#logo","inLanguage":"it-IT","url":"https:\/\/arteeluoghi.it\/wp-content\/uploads\/2018\/08\/logoinstagramarte.jpg","contentUrl":"https:\/\/arteeluoghi.it\/wp-content\/uploads\/2018\/08\/logoinstagramarte.jpg","width":150,"height":150,"caption":"Arte e Luoghi"},"image":{"@id":"https:\/\/arteeluoghi.it\/#logo"}},{"@type":"WebSite","@id":"https:\/\/arteeluoghi.it\/#website","url":"https:\/\/arteeluoghi.it\/","name":"Arte e Luoghi","description":"Mensile di arte, cultura, turismo e curiosit\u00e0","publisher":{"@id":"https:\/\/arteeluoghi.it\/#organization"},"potentialAction":[{"@type":"SearchAction","target":{"@type":"EntryPoint","urlTemplate":"https:\/\/arteeluoghi.it\/?s={search_term_string}"},"query-input":"required name=search_term_string"}],"inLanguage":"it-IT"},{"@type":"ImageObject","@id":"https:\/\/arteeluoghi.it\/index.php\/2012\/08\/20\/bilancio-positivo-per-la-40-mostra-mercato-della-ceramica\/#primaryimage","inLanguage":"it-IT","url":"\/images\/stories\/mostracutrofiano.jpg","contentUrl":"\/images\/stories\/mostracutrofiano.jpg"},{"@type":"WebPage","@id":"https:\/\/arteeluoghi.it\/index.php\/2012\/08\/20\/bilancio-positivo-per-la-40-mostra-mercato-della-ceramica\/#webpage","url":"https:\/\/arteeluoghi.it\/index.php\/2012\/08\/20\/bilancio-positivo-per-la-40-mostra-mercato-della-ceramica\/","name":"Bilancio positivo per la 40 mostra mercato della ceramica | Arte e Luoghi","isPartOf":{"@id":"https:\/\/arteeluoghi.it\/#website"},"primaryImageOfPage":{"@id":"https:\/\/arteeluoghi.it\/index.php\/2012\/08\/20\/bilancio-positivo-per-la-40-mostra-mercato-della-ceramica\/#primaryimage"},"datePublished":"2012-08-20T16:19:44+00:00","dateModified":"2017-08-06T22:01:55+00:00","breadcrumb":{"@id":"https:\/\/arteeluoghi.it\/index.php\/2012\/08\/20\/bilancio-positivo-per-la-40-mostra-mercato-della-ceramica\/#breadcrumb"},"inLanguage":"it-IT","potentialAction":[{"@type":"ReadAction","target":["https:\/\/arteeluoghi.it\/index.php\/2012\/08\/20\/bilancio-positivo-per-la-40-mostra-mercato-della-ceramica\/"]}]},{"@type":"BreadcrumbList","@id":"https:\/\/arteeluoghi.it\/index.php\/2012\/08\/20\/bilancio-positivo-per-la-40-mostra-mercato-della-ceramica\/#breadcrumb","itemListElement":[{"@type":"ListItem","position":1,"name":"Home","item":"https:\/\/arteeluoghi.it\/"},{"@type":"ListItem","position":2,"name":"Bilancio positivo per la 40 mostra mercato della ceramica"}]},{"@type":"Article","@id":"https:\/\/arteeluoghi.it\/index.php\/2012\/08\/20\/bilancio-positivo-per-la-40-mostra-mercato-della-ceramica\/#article","isPartOf":{"@id":"https:\/\/arteeluoghi.it\/index.php\/2012\/08\/20\/bilancio-positivo-per-la-40-mostra-mercato-della-ceramica\/#webpage"},"author":{"@id":"https:\/\/arteeluoghi.it\/#\/schema\/person\/f84e814e36e91e01448ee07eaadd41d4"},"headline":"Bilancio positivo per la 40 mostra mercato della ceramica","datePublished":"2012-08-20T16:19:44+00:00","dateModified":"2017-08-06T22:01:55+00:00","mainEntityOfPage":{"@id":"https:\/\/arteeluoghi.it\/index.php\/2012\/08\/20\/bilancio-positivo-per-la-40-mostra-mercato-della-ceramica\/#webpage"},"wordCount":440,"commentCount":0,"publisher":{"@id":"https:\/\/arteeluoghi.it\/#organization"},"image":{"@id":"https:\/\/arteeluoghi.it\/index.php\/2012\/08\/20\/bilancio-positivo-per-la-40-mostra-mercato-della-ceramica\/#primaryimage"},"thumbnailUrl":"\/images\/stories\/mostracutrofiano.jpg","articleSection":["Notizie"],"inLanguage":"it-IT","potentialAction":[{"@type":"CommentAction","name":"Comment","target":["https:\/\/arteeluoghi.it\/index.php\/2012\/08\/20\/bilancio-positivo-per-la-40-mostra-mercato-della-ceramica\/#respond"]}]},{"@type":"Person","@id":"https:\/\/arteeluoghi.it\/#\/schema\/person\/f84e814e36e91e01448ee07eaadd41d4","name":"Staff","image":{"@type":"ImageObject","@id":"https:\/\/arteeluoghi.it\/#personlogo","inLanguage":"it-IT","url":"https:\/\/secure.gravatar.com\/avatar\/49d2f9e46271bb04e19cebfaf141313a?s=96&d=blank&r=g","contentUrl":"https:\/\/secure.gravatar.com\/avatar\/49d2f9e46271bb04e19cebfaf141313a?s=96&d=blank&r=g","caption":"Staff"}}]}},"_links":{"self":[{"href":"https:\/\/arteeluoghi.it\/index.php\/wp-json\/wp\/v2\/posts\/880"}],"collection":[{"href":"https:\/\/arteeluoghi.it\/index.php\/wp-json\/wp\/v2\/posts"}],"about":[{"href":"https:\/\/arteeluoghi.it\/index.php\/wp-json\/wp\/v2\/types\/post"}],"author":[{"embeddable":true,"href":"https:\/\/arteeluoghi.it\/index.php\/wp-json\/wp\/v2\/users\/1"}],"replies":[{"embeddable":true,"href":"https:\/\/arteeluoghi.it\/index.php\/wp-json\/wp\/v2\/comments?post=880"}],"version-history":[{"count":1,"href":"https:\/\/arteeluoghi.it\/index.php\/wp-json\/wp\/v2\/posts\/880\/revisions"}],"predecessor-version":[{"id":3123,"href":"https:\/\/arteeluoghi.it\/index.php\/wp-json\/wp\/v2\/posts\/880\/revisions\/3123"}],"wp:attachment":[{"href":"https:\/\/arteeluoghi.it\/index.php\/wp-json\/wp\/v2\/media?parent=880"}],"wp:term":[{"taxonomy":"category","embeddable":true,"href":"https:\/\/arteeluoghi.it\/index.php\/wp-json\/wp\/v2\/categories?post=880"},{"taxonomy":"post_tag","embeddable":true,"href":"https:\/\/arteeluoghi.it\/index.php\/wp-json\/wp\/v2\/tags?post=880"}],"curies":[{"name":"wp","href":"https:\/\/api.w.org\/{rel}","templated":true}]}}