{"id":8818,"date":"2020-08-22T23:02:10","date_gmt":"2020-08-22T21:02:10","guid":{"rendered":"https:\/\/arteeluoghi.it\/?p=8818"},"modified":"2020-08-22T23:02:14","modified_gmt":"2020-08-22T21:02:14","slug":"majoranaun-genio-controcorrente","status":"publish","type":"post","link":"https:\/\/arteeluoghi.it\/index.php\/2020\/08\/22\/majoranaun-genio-controcorrente\/","title":{"rendered":"Majorana,un genio controcorrente"},"content":{"rendered":"\n<p>Dopo il debutto del 7 agosto al Teatro del Lido di Ostia della rassegna dedicata al tema \u201cIdentit\u00e0 \u2013 vite per la scienza\u201d,\u00a0<strong>QuinteScienza rinnova il 29 agosto il suo appuntamento con la scienza, la sua storia e i suoi attori<\/strong>.  Con\u00a0<strong><em>Teatri della Resistenza<\/em>\u00a0in \u201cMajorana \u2013 un genio controcorrente\u201d<\/strong> <\/p>\n\n\n\n<!--more-->\n\n\n\n<p>In una palazzina di via Panisperna a Roma viene inaugurato nel 1929 il primo centro di ricerca in fisica fondamentale della storia italiana. Il futuro premio Nobel, Enrico Fermi, guida quei giovani scienziati che passeranno alla storia come i \u201cRagazzi di via Panisperna\u201d. Un gruppo di menti straordinarie: Bruno Pontecorvo, Edoardo Amaldi, Franco Rasetti, Emilio Segr\u00e9, Oscar D\u2019Agostino e infine Ettore Majorana. Una vita passata a studiare materia e antimateria, quella di Majorana, particella e antiparticella, s\u00e9 stesso e anti s\u00e9 stesso: cosa accomuna lo spirito umano alla fisica? Forse la stessa verit\u00e0.<\/p>\n\n\n\n<p>Nello spettacolo <strong> \u201cMajorana \u2013 un genio controcorrente\u201d<\/strong> si ricostruiscono le ultime ore di Ettore Majorana, durante le quali egli stesso affronta e confronta le teorie scientifiche con la propria umanit\u00e0, le proprie contraddizioni e il proprio impulsivo, ostinato senso della ricerca.\u00a0Ettore Majorana, la cui scomparsa \u00e8 ancora avvolta nell\u2019oscurit\u00e0, come un Amleto della fisica, ci lascia in eredit\u00e0 questo quesito, in cerca della risposta al mistero dell\u2019equilibrio tra materia e antimateria, tra sentimento e ragione, tra follia e saggezza.<\/p>\n\n\n\n<figure class=\"wp-block-image\"><img loading=\"lazy\" width=\"1024\" height=\"708\" src=\"https:\/\/arteeluoghi.it\/wp-content\/uploads\/2020\/08\/QuinteScienza-Majorana-1024x708.jpg\" alt=\"\" class=\"wp-image-8819\" srcset=\"https:\/\/arteeluoghi.it\/wp-content\/uploads\/2020\/08\/QuinteScienza-Majorana-1024x708.jpg 1024w, https:\/\/arteeluoghi.it\/wp-content\/uploads\/2020\/08\/QuinteScienza-Majorana-300x207.jpg 300w, https:\/\/arteeluoghi.it\/wp-content\/uploads\/2020\/08\/QuinteScienza-Majorana-768x531.jpg 768w, https:\/\/arteeluoghi.it\/wp-content\/uploads\/2020\/08\/QuinteScienza-Majorana-392x272.jpg 392w, https:\/\/arteeluoghi.it\/wp-content\/uploads\/2020\/08\/QuinteScienza-Majorana-130x90.jpg 130w, https:\/\/arteeluoghi.it\/wp-content\/uploads\/2020\/08\/QuinteScienza-Majorana.jpg 1088w\" sizes=\"(max-width: 1024px) 100vw, 1024px\" \/><\/figure>\n\n\n\n<p>Interprete della complessa personalit\u00e0 di Majorana \u00e8 il fiorentino Simone Faucci, attore, regista e coautore del testo insieme a Dario Focardi, con cui ha fondato, in collaborazione con Regione Toscana, la compagnia&nbsp;<em>Teatri della Resistenza<\/em>.&nbsp;<\/p>\n\n\n\n<p>\u201cMajorana \u2013 un genio controcorrente\u201d \u00e8 realizzato sotto il patrocinio dell\u2019Istituto Nazionale di Fisica Nucleare, l\u2019ente pubblico di ricerca che in Italia coordina la ricerca in fisica nucleare, subnuclare e astroparticellare, e che affonda le sue radici nella ricerca e nella conoscenza sviluppata dal gruppo di via Panisperna. La nascita stessa dell\u2019INFN deve molto alla volont\u00e0 di Edoardo Amaldi di proseguire, dopo l\u2019esilio forzato di Enrico Fermi negli Stati Uniti, la pionieristica ricerca nel campo della fisica nucleare e subnucleare nata con il gruppo di via Panisperna.<\/p>\n\n\n\n<p>Portano il nome di Majorana ipotesi tutt\u2019oggi oggetto di studio e di ricerca in fisica fondamentale, come \u201cil neutrino di Majorana\u201d, particella supposta coincidere con la sua antiparticella, le cui propriet\u00e0 sono oggetto di ricerca ai Laboratori Nazionali del Gran Sasso dell\u2019INFN.&nbsp;<br><\/p>\n","protected":false},"excerpt":{"rendered":"<p>Dopo il debutto del 7 agosto al Teatro del Lido di Ostia della rassegna dedicata al tema \u201cIdentit\u00e0 \u2013 vite<\/p>\n","protected":false},"author":1,"featured_media":8819,"comment_status":"open","ping_status":"open","sticky":true,"template":"","format":"standard","meta":[],"categories":[13],"tags":[],"yoast_head":"<!-- This site is optimized with the Yoast SEO plugin v18.0 - https:\/\/yoast.com\/wordpress\/plugins\/seo\/ -->\n<title>Majorana,un genio controcorrente | Arte e Luoghi<\/title>\n<meta name=\"description\" content=\"Dopo il debutto del 7 agosto al Teatro del Lido di Ostia QuinteScienza rinnova il 29 agosto il suo appuntamento con la scienza\" \/>\n<meta name=\"robots\" content=\"index, follow, max-snippet:-1, max-image-preview:large, max-video-preview:-1\" \/>\n<link rel=\"canonical\" href=\"https:\/\/arteeluoghi.it\/index.php\/2020\/08\/22\/majoranaun-genio-controcorrente\/\" \/>\n<meta property=\"og:locale\" content=\"it_IT\" \/>\n<meta property=\"og:type\" content=\"article\" \/>\n<meta property=\"og:title\" content=\"Majorana,un genio controcorrente | Arte e Luoghi\" \/>\n<meta property=\"og:description\" content=\"Dopo il debutto del 7 agosto al Teatro del Lido di Ostia QuinteScienza rinnova il 29 agosto il suo appuntamento con la scienza\" \/>\n<meta property=\"og:url\" content=\"https:\/\/arteeluoghi.it\/index.php\/2020\/08\/22\/majoranaun-genio-controcorrente\/\" \/>\n<meta property=\"og:site_name\" content=\"Arte e Luoghi\" \/>\n<meta property=\"article:publisher\" content=\"https:\/\/www.facebook.com\/ArteELuoghi\/\" \/>\n<meta property=\"article:published_time\" content=\"2020-08-22T21:02:10+00:00\" \/>\n<meta property=\"article:modified_time\" content=\"2020-08-22T21:02:14+00:00\" \/>\n<meta property=\"og:image\" content=\"https:\/\/arteeluoghi.it\/wp-content\/uploads\/2020\/08\/QuinteScienza-Majorana.jpg\" \/>\n\t<meta property=\"og:image:width\" content=\"1088\" \/>\n\t<meta property=\"og:image:height\" content=\"752\" \/>\n\t<meta property=\"og:image:type\" content=\"image\/jpeg\" \/>\n<meta name=\"twitter:card\" content=\"summary\" \/>\n<meta name=\"twitter:creator\" content=\"@arteeluoghi\" \/>\n<meta name=\"twitter:site\" content=\"@arteeluoghi\" \/>\n<meta name=\"twitter:label1\" content=\"Scritto da\" \/>\n\t<meta name=\"twitter:data1\" content=\"Staff\" \/>\n\t<meta name=\"twitter:label2\" content=\"Tempo di lettura stimato\" \/>\n\t<meta name=\"twitter:data2\" content=\"2 minuti\" \/>\n<script type=\"application\/ld+json\" class=\"yoast-schema-graph\">{\"@context\":\"https:\/\/schema.org\",\"@graph\":[{\"@type\":\"Organization\",\"@id\":\"https:\/\/arteeluoghi.it\/#organization\",\"name\":\"Arte e Luoghi\",\"url\":\"https:\/\/arteeluoghi.it\/\",\"sameAs\":[\"https:\/\/www.facebook.com\/ArteELuoghi\/\",\"https:\/\/www.instagram.com\/arteeluoghi\/?hl=it\",\"https:\/\/www.youtube.com\/channel\/UCuRVc4JW4-C5sg9rQB-srkw?view_as=subscriber\",\"https:\/\/twitter.com\/arteeluoghi\"],\"logo\":{\"@type\":\"ImageObject\",\"@id\":\"https:\/\/arteeluoghi.it\/#logo\",\"inLanguage\":\"it-IT\",\"url\":\"https:\/\/arteeluoghi.it\/wp-content\/uploads\/2018\/08\/logoinstagramarte.jpg\",\"contentUrl\":\"https:\/\/arteeluoghi.it\/wp-content\/uploads\/2018\/08\/logoinstagramarte.jpg\",\"width\":150,\"height\":150,\"caption\":\"Arte e Luoghi\"},\"image\":{\"@id\":\"https:\/\/arteeluoghi.it\/#logo\"}},{\"@type\":\"WebSite\",\"@id\":\"https:\/\/arteeluoghi.it\/#website\",\"url\":\"https:\/\/arteeluoghi.it\/\",\"name\":\"Arte e Luoghi\",\"description\":\"Mensile di arte, cultura, turismo e curiosit\u00e0\",\"publisher\":{\"@id\":\"https:\/\/arteeluoghi.it\/#organization\"},\"potentialAction\":[{\"@type\":\"SearchAction\",\"target\":{\"@type\":\"EntryPoint\",\"urlTemplate\":\"https:\/\/arteeluoghi.it\/?s={search_term_string}\"},\"query-input\":\"required name=search_term_string\"}],\"inLanguage\":\"it-IT\"},{\"@type\":\"ImageObject\",\"@id\":\"https:\/\/arteeluoghi.it\/index.php\/2020\/08\/22\/majoranaun-genio-controcorrente\/#primaryimage\",\"inLanguage\":\"it-IT\",\"url\":\"https:\/\/arteeluoghi.it\/wp-content\/uploads\/2020\/08\/QuinteScienza-Majorana.jpg\",\"contentUrl\":\"https:\/\/arteeluoghi.it\/wp-content\/uploads\/2020\/08\/QuinteScienza-Majorana.jpg\",\"width\":1088,\"height\":752},{\"@type\":\"WebPage\",\"@id\":\"https:\/\/arteeluoghi.it\/index.php\/2020\/08\/22\/majoranaun-genio-controcorrente\/#webpage\",\"url\":\"https:\/\/arteeluoghi.it\/index.php\/2020\/08\/22\/majoranaun-genio-controcorrente\/\",\"name\":\"Majorana,un genio controcorrente | Arte e Luoghi\",\"isPartOf\":{\"@id\":\"https:\/\/arteeluoghi.it\/#website\"},\"primaryImageOfPage\":{\"@id\":\"https:\/\/arteeluoghi.it\/index.php\/2020\/08\/22\/majoranaun-genio-controcorrente\/#primaryimage\"},\"datePublished\":\"2020-08-22T21:02:10+00:00\",\"dateModified\":\"2020-08-22T21:02:14+00:00\",\"description\":\"Dopo il debutto del 7 agosto al Teatro del Lido di Ostia QuinteScienza rinnova il 29 agosto il suo appuntamento con la scienza\",\"breadcrumb\":{\"@id\":\"https:\/\/arteeluoghi.it\/index.php\/2020\/08\/22\/majoranaun-genio-controcorrente\/#breadcrumb\"},\"inLanguage\":\"it-IT\",\"potentialAction\":[{\"@type\":\"ReadAction\",\"target\":[\"https:\/\/arteeluoghi.it\/index.php\/2020\/08\/22\/majoranaun-genio-controcorrente\/\"]}]},{\"@type\":\"BreadcrumbList\",\"@id\":\"https:\/\/arteeluoghi.it\/index.php\/2020\/08\/22\/majoranaun-genio-controcorrente\/#breadcrumb\",\"itemListElement\":[{\"@type\":\"ListItem\",\"position\":1,\"name\":\"Home\",\"item\":\"https:\/\/arteeluoghi.it\/\"},{\"@type\":\"ListItem\",\"position\":2,\"name\":\"Majorana,un genio controcorrente\"}]},{\"@type\":\"Article\",\"@id\":\"https:\/\/arteeluoghi.it\/index.php\/2020\/08\/22\/majoranaun-genio-controcorrente\/#article\",\"isPartOf\":{\"@id\":\"https:\/\/arteeluoghi.it\/index.php\/2020\/08\/22\/majoranaun-genio-controcorrente\/#webpage\"},\"author\":{\"@id\":\"https:\/\/arteeluoghi.it\/#\/schema\/person\/f84e814e36e91e01448ee07eaadd41d4\"},\"headline\":\"Majorana,un genio controcorrente\",\"datePublished\":\"2020-08-22T21:02:10+00:00\",\"dateModified\":\"2020-08-22T21:02:14+00:00\",\"mainEntityOfPage\":{\"@id\":\"https:\/\/arteeluoghi.it\/index.php\/2020\/08\/22\/majoranaun-genio-controcorrente\/#webpage\"},\"wordCount\":394,\"commentCount\":0,\"publisher\":{\"@id\":\"https:\/\/arteeluoghi.it\/#organization\"},\"image\":{\"@id\":\"https:\/\/arteeluoghi.it\/index.php\/2020\/08\/22\/majoranaun-genio-controcorrente\/#primaryimage\"},\"thumbnailUrl\":\"https:\/\/arteeluoghi.it\/wp-content\/uploads\/2020\/08\/QuinteScienza-Majorana.jpg\",\"articleSection\":[\"teatro\"],\"inLanguage\":\"it-IT\",\"potentialAction\":[{\"@type\":\"CommentAction\",\"name\":\"Comment\",\"target\":[\"https:\/\/arteeluoghi.it\/index.php\/2020\/08\/22\/majoranaun-genio-controcorrente\/#respond\"]}]},{\"@type\":\"Person\",\"@id\":\"https:\/\/arteeluoghi.it\/#\/schema\/person\/f84e814e36e91e01448ee07eaadd41d4\",\"name\":\"Staff\",\"image\":{\"@type\":\"ImageObject\",\"@id\":\"https:\/\/arteeluoghi.it\/#personlogo\",\"inLanguage\":\"it-IT\",\"url\":\"https:\/\/secure.gravatar.com\/avatar\/49d2f9e46271bb04e19cebfaf141313a?s=96&d=blank&r=g\",\"contentUrl\":\"https:\/\/secure.gravatar.com\/avatar\/49d2f9e46271bb04e19cebfaf141313a?s=96&d=blank&r=g\",\"caption\":\"Staff\"}}]}<\/script>\n<!-- \/ Yoast SEO plugin. -->","yoast_head_json":{"title":"Majorana,un genio controcorrente | Arte e Luoghi","description":"Dopo il debutto del 7 agosto al Teatro del Lido di Ostia QuinteScienza rinnova il 29 agosto il suo appuntamento con la scienza","robots":{"index":"index","follow":"follow","max-snippet":"max-snippet:-1","max-image-preview":"max-image-preview:large","max-video-preview":"max-video-preview:-1"},"canonical":"https:\/\/arteeluoghi.it\/index.php\/2020\/08\/22\/majoranaun-genio-controcorrente\/","og_locale":"it_IT","og_type":"article","og_title":"Majorana,un genio controcorrente | Arte e Luoghi","og_description":"Dopo il debutto del 7 agosto al Teatro del Lido di Ostia QuinteScienza rinnova il 29 agosto il suo appuntamento con la scienza","og_url":"https:\/\/arteeluoghi.it\/index.php\/2020\/08\/22\/majoranaun-genio-controcorrente\/","og_site_name":"Arte e Luoghi","article_publisher":"https:\/\/www.facebook.com\/ArteELuoghi\/","article_published_time":"2020-08-22T21:02:10+00:00","article_modified_time":"2020-08-22T21:02:14+00:00","og_image":[{"width":1088,"height":752,"url":"https:\/\/arteeluoghi.it\/wp-content\/uploads\/2020\/08\/QuinteScienza-Majorana.jpg","type":"image\/jpeg"}],"twitter_card":"summary","twitter_creator":"@arteeluoghi","twitter_site":"@arteeluoghi","twitter_misc":{"Scritto da":"Staff","Tempo di lettura stimato":"2 minuti"},"schema":{"@context":"https:\/\/schema.org","@graph":[{"@type":"Organization","@id":"https:\/\/arteeluoghi.it\/#organization","name":"Arte e Luoghi","url":"https:\/\/arteeluoghi.it\/","sameAs":["https:\/\/www.facebook.com\/ArteELuoghi\/","https:\/\/www.instagram.com\/arteeluoghi\/?hl=it","https:\/\/www.youtube.com\/channel\/UCuRVc4JW4-C5sg9rQB-srkw?view_as=subscriber","https:\/\/twitter.com\/arteeluoghi"],"logo":{"@type":"ImageObject","@id":"https:\/\/arteeluoghi.it\/#logo","inLanguage":"it-IT","url":"https:\/\/arteeluoghi.it\/wp-content\/uploads\/2018\/08\/logoinstagramarte.jpg","contentUrl":"https:\/\/arteeluoghi.it\/wp-content\/uploads\/2018\/08\/logoinstagramarte.jpg","width":150,"height":150,"caption":"Arte e Luoghi"},"image":{"@id":"https:\/\/arteeluoghi.it\/#logo"}},{"@type":"WebSite","@id":"https:\/\/arteeluoghi.it\/#website","url":"https:\/\/arteeluoghi.it\/","name":"Arte e Luoghi","description":"Mensile di arte, cultura, turismo e curiosit\u00e0","publisher":{"@id":"https:\/\/arteeluoghi.it\/#organization"},"potentialAction":[{"@type":"SearchAction","target":{"@type":"EntryPoint","urlTemplate":"https:\/\/arteeluoghi.it\/?s={search_term_string}"},"query-input":"required name=search_term_string"}],"inLanguage":"it-IT"},{"@type":"ImageObject","@id":"https:\/\/arteeluoghi.it\/index.php\/2020\/08\/22\/majoranaun-genio-controcorrente\/#primaryimage","inLanguage":"it-IT","url":"https:\/\/arteeluoghi.it\/wp-content\/uploads\/2020\/08\/QuinteScienza-Majorana.jpg","contentUrl":"https:\/\/arteeluoghi.it\/wp-content\/uploads\/2020\/08\/QuinteScienza-Majorana.jpg","width":1088,"height":752},{"@type":"WebPage","@id":"https:\/\/arteeluoghi.it\/index.php\/2020\/08\/22\/majoranaun-genio-controcorrente\/#webpage","url":"https:\/\/arteeluoghi.it\/index.php\/2020\/08\/22\/majoranaun-genio-controcorrente\/","name":"Majorana,un genio controcorrente | Arte e Luoghi","isPartOf":{"@id":"https:\/\/arteeluoghi.it\/#website"},"primaryImageOfPage":{"@id":"https:\/\/arteeluoghi.it\/index.php\/2020\/08\/22\/majoranaun-genio-controcorrente\/#primaryimage"},"datePublished":"2020-08-22T21:02:10+00:00","dateModified":"2020-08-22T21:02:14+00:00","description":"Dopo il debutto del 7 agosto al Teatro del Lido di Ostia QuinteScienza rinnova il 29 agosto il suo appuntamento con la scienza","breadcrumb":{"@id":"https:\/\/arteeluoghi.it\/index.php\/2020\/08\/22\/majoranaun-genio-controcorrente\/#breadcrumb"},"inLanguage":"it-IT","potentialAction":[{"@type":"ReadAction","target":["https:\/\/arteeluoghi.it\/index.php\/2020\/08\/22\/majoranaun-genio-controcorrente\/"]}]},{"@type":"BreadcrumbList","@id":"https:\/\/arteeluoghi.it\/index.php\/2020\/08\/22\/majoranaun-genio-controcorrente\/#breadcrumb","itemListElement":[{"@type":"ListItem","position":1,"name":"Home","item":"https:\/\/arteeluoghi.it\/"},{"@type":"ListItem","position":2,"name":"Majorana,un genio controcorrente"}]},{"@type":"Article","@id":"https:\/\/arteeluoghi.it\/index.php\/2020\/08\/22\/majoranaun-genio-controcorrente\/#article","isPartOf":{"@id":"https:\/\/arteeluoghi.it\/index.php\/2020\/08\/22\/majoranaun-genio-controcorrente\/#webpage"},"author":{"@id":"https:\/\/arteeluoghi.it\/#\/schema\/person\/f84e814e36e91e01448ee07eaadd41d4"},"headline":"Majorana,un genio controcorrente","datePublished":"2020-08-22T21:02:10+00:00","dateModified":"2020-08-22T21:02:14+00:00","mainEntityOfPage":{"@id":"https:\/\/arteeluoghi.it\/index.php\/2020\/08\/22\/majoranaun-genio-controcorrente\/#webpage"},"wordCount":394,"commentCount":0,"publisher":{"@id":"https:\/\/arteeluoghi.it\/#organization"},"image":{"@id":"https:\/\/arteeluoghi.it\/index.php\/2020\/08\/22\/majoranaun-genio-controcorrente\/#primaryimage"},"thumbnailUrl":"https:\/\/arteeluoghi.it\/wp-content\/uploads\/2020\/08\/QuinteScienza-Majorana.jpg","articleSection":["teatro"],"inLanguage":"it-IT","potentialAction":[{"@type":"CommentAction","name":"Comment","target":["https:\/\/arteeluoghi.it\/index.php\/2020\/08\/22\/majoranaun-genio-controcorrente\/#respond"]}]},{"@type":"Person","@id":"https:\/\/arteeluoghi.it\/#\/schema\/person\/f84e814e36e91e01448ee07eaadd41d4","name":"Staff","image":{"@type":"ImageObject","@id":"https:\/\/arteeluoghi.it\/#personlogo","inLanguage":"it-IT","url":"https:\/\/secure.gravatar.com\/avatar\/49d2f9e46271bb04e19cebfaf141313a?s=96&d=blank&r=g","contentUrl":"https:\/\/secure.gravatar.com\/avatar\/49d2f9e46271bb04e19cebfaf141313a?s=96&d=blank&r=g","caption":"Staff"}}]}},"_links":{"self":[{"href":"https:\/\/arteeluoghi.it\/index.php\/wp-json\/wp\/v2\/posts\/8818"}],"collection":[{"href":"https:\/\/arteeluoghi.it\/index.php\/wp-json\/wp\/v2\/posts"}],"about":[{"href":"https:\/\/arteeluoghi.it\/index.php\/wp-json\/wp\/v2\/types\/post"}],"author":[{"embeddable":true,"href":"https:\/\/arteeluoghi.it\/index.php\/wp-json\/wp\/v2\/users\/1"}],"replies":[{"embeddable":true,"href":"https:\/\/arteeluoghi.it\/index.php\/wp-json\/wp\/v2\/comments?post=8818"}],"version-history":[{"count":1,"href":"https:\/\/arteeluoghi.it\/index.php\/wp-json\/wp\/v2\/posts\/8818\/revisions"}],"predecessor-version":[{"id":8820,"href":"https:\/\/arteeluoghi.it\/index.php\/wp-json\/wp\/v2\/posts\/8818\/revisions\/8820"}],"wp:featuredmedia":[{"embeddable":true,"href":"https:\/\/arteeluoghi.it\/index.php\/wp-json\/wp\/v2\/media\/8819"}],"wp:attachment":[{"href":"https:\/\/arteeluoghi.it\/index.php\/wp-json\/wp\/v2\/media?parent=8818"}],"wp:term":[{"taxonomy":"category","embeddable":true,"href":"https:\/\/arteeluoghi.it\/index.php\/wp-json\/wp\/v2\/categories?post=8818"},{"taxonomy":"post_tag","embeddable":true,"href":"https:\/\/arteeluoghi.it\/index.php\/wp-json\/wp\/v2\/tags?post=8818"}],"curies":[{"name":"wp","href":"https:\/\/api.w.org\/{rel}","templated":true}]}}