{"id":884,"date":"2012-08-20T23:00:00","date_gmt":"2012-08-20T21:00:00","guid":{"rendered":"http:\/\/arteeluoghi.it\/index.php\/2012\/08\/20\/arte-e-musica-per-la-tutela-ambientale\/"},"modified":"2017-08-07T00:01:46","modified_gmt":"2017-08-06T22:01:46","slug":"arte-e-musica-per-la-tutela-ambientale","status":"publish","type":"post","link":"https:\/\/arteeluoghi.it\/index.php\/2012\/08\/20\/arte-e-musica-per-la-tutela-ambientale\/","title":{"rendered":"Arte e musica per la tutela ambientale"},"content":{"rendered":"<div><span style=\"font-family: trebuchet ms,sans-serif; font-size: medium;\"><strong><img src=\"\/images\/stories\/locandina_galatone.png\" border=\"0\" style=\"float: left; margin: 21px;\" \/><\/strong><\/span><\/div>\n<div><\/div>\n<div><span style=\"font-family: trebuchet ms,sans-serif; font-size: medium;\"><strong>\u201c<\/strong><\/span><strong style=\"font-family:'trebuchet ms',sans-serif;font-size:large\">QUESTA REGGIA NON E&#8217; UN ALBERGO!\u201d<\/strong><\/div>\n<div style=\"text-align: left;\"><\/div>\n<div style=\"text-align: left;\"><\/div>\n<div style=\"text-align: left;\"><span style=\"font-size: x-small;\"><strong>3\u00b0 Edizione della giornata di sensibilizzazione alla tutela ambientale<\/strong><\/span><\/div>\n<div style=\"text-align: left;\"><span style=\"font-size: x-small;\"><strong>localit\u00e0 \u201cLa Reggia\u201d Galatone (Le)<\/strong><\/span><\/div>\n<div style=\"text-align: left;\"><\/div>\n<div style=\"text-align: left;\"><\/div>\n<div style=\"text-align: left;\"><span style=\"font-size: x-small;\"><strong>&#8220;Questa Reggia non \u00e8 un Albergo!. Un motto che sintetizza bene\u00a0 il messaggio che mercoled\u00ec 22 agosto parte da Galatone, sperando di contagiare altri siti e altri luoghi. Perch\u00e8 &#8211; dicono gli organizzatori &#8211; <\/strong><\/span><span style=\"font-size: x-small;\"><em><span style=\"text-decoration: underline;\">Per   un ambiente migliore ci vuole l\u2019impegno di tutti! Bastano pochi gesti   di civilt\u00e0 per lasciare alle generazioni future le bellezze che oggi   vediamo dinanzi ai nostri occhi. <\/span><\/em><\/span><\/div>\n<div style=\"text-align: left;\"><\/div>\n<div style=\"text-align: left;\"><span style=\"font-size: x-small;\"><strong> Si rinnova, dunque,\u00a0 la terza edizione della giornata di sensibilizzazione alla tutela ambientale in localit\u00e0 La Reggia a Galatone.<\/strong><\/span><\/div>\n<div style=\"text-align: left;\"><\/div>\n<div style=\"text-align: left;\"><span style=\"font-size: x-small;\"><strong> Un ricco programma per sensibilizzare l&#8217;opinione pubblica alla valorizzazione dell&#8217;ambiente nel segno dell&#8217;arte e dello sviluppo sostenibile.<\/strong><\/span><\/div>\n<div style=\"text-align: left;\"><span style=\"font-size: x-small;\"><strong><br \/><\/strong><\/span><\/div>\n<div style=\"text-align: left;\"><span style=\"font-size: x-small;\"><strong>Dopo aver pulito la scogliera ci si ritrover\u00e0 intorno ad un tavolo per discutere sulle questioni ambientali relative al territorio di Galatone e a fine serata un aperitivo a km zero con tanta tanta musica.<\/strong><\/span><\/div>\n<div style=\"text-align: left;\"><\/div>\n<div style=\"text-align: left;\"><span style=\"font-size: x-small;\"><strong> Ad impreziosire il tutto le installazioni artistiche di Alessandro Colazzo, Carlo Bevilacqua, Mauro Sancez ed Enza Santoro.<\/strong><\/span><\/div>\n<div style=\"text-align: left;\"><\/div>\n<div style=\"text-align: left;\"><span style=\"font-size: x-small;\"><strong><br \/><\/strong><\/span><\/div>\n<div style=\"text-align: left;\"><span style=\"font-size: x-small;\">A   latere dell\u2019iniziativa associazioni ambientaliste attive sul territorio   e aziende eno-gastronomiche locali allestiranno banchetti informativi e   degustativi. Artisti di strada e eco-performer arricchiranno la serata   con ensamble artistico-musicali imperiate sul tema della tutela   ambientale. <\/span><\/div>\n<div style=\"text-align: left;\"><\/div>\n<div style=\"text-align: left;\"><\/div>\n<div style=\"text-align: left;\"><\/div>\n<div style=\"text-align: left;\"><span style=\"font-size: x-small;\">  <!--more-->  <br \/><\/span><\/div>\n<div><span style=\"font-size: x-small;\">PROGRAMMA:<\/span><\/div>\n<div><span style=\"font-size: x-small;\">17:00 \u2013 19:30 Pulizia della scogliera.<\/span><\/div>\n<div><span style=\"font-size: x-small;\">Ai  partecipanti verr\u00e0 fornito un kit del volontario con tutto l&#8217;occorrente  per la pulizia (guanti, sacchi, acqua e ticket per aperitivo e frutta).<\/span><\/div>\n<div><span style=\"font-size: x-small;\"><br \/><\/span><\/div>\n<div><span style=\"font-size: x-small;\"><span style=\"background-color: #ffffff; color: #003300; font-size: medium;\">20:00 \u2013 21:00 Dibattito<\/span> sulle questioni ambientali di particolare interesse per la comunit\u00e0  galatonese. Il focus dell\u2019edizione di quest\u2019anno sar\u00e0, comunque,  incentrato sulla possibilit\u00e0 di impiegare finanziamenti europei per  stimolare nuove forme di sviluppo sostenibile originali e di qualit\u00e0,  costruite attorno alla tutela ambientale e funzionali alla crescita del  tessuto economico e sociale della comunit\u00e0 locale. <\/span><\/div>\n<div><span style=\"font-size: x-small;\">Ne discutono:<\/span><\/div>\n<div><span style=\"font-size: x-small;\">\u2022 Salvatore D&#8217;Argento, Presidente GAL Serre Salentine<\/span><\/div>\n<div><span style=\"font-size: x-small;\">\u2022 Salvatore Masciullo, ambientalista<\/span><\/div>\n<div><span style=\"font-size: x-small;\">\u2022 Ing. Pantaleo Piccinno, Presidente COLDIRETTI Lecce<\/span><\/div>\n<div><span style=\"font-size: x-small;\">\u2022 Ivan Roseto, Assessore all&#8217;ambiente Comune di Galatone<\/span><\/div>\n<div><span style=\"font-size: x-small;\">\u2022 Luigi Siciliano, GAC Jonico Salentino<\/span><\/div>\n<div><span style=\"font-size: x-small;\">Coordina: Barbara Vaglio.<\/span><\/div>\n<div><span style=\"font-size: x-small;\"><br \/> <\/span><\/div>\n<div><span style=\"font-size: x-small;\">\uf0b7 Dalle 21:00 APERITIVO A KM ZERO E DJSET di BRASI e delle MOROSITAS presso il Kilometrozero Gasoline (La Reggia)!<\/span><\/div>\n<div><span style=\"font-size: x-small;\"><br \/> <\/span><\/div>\n<div><span style=\"font-size: x-small;\">A  latere dell\u2019iniziativa associazioni ambientaliste attive sul territorio  e aziende eno-gastronomiche locali allestiranno banchetti informativi e  degustativi. Artisti di strada e eco-performer arricchiranno la serata  con ensamble artistico-musicali imperiate sul tema della tutela  ambientale. Tra queste le installazioni di Alessandro Colazzo, Carlo  Bevilacqua, Mauro Sancez ed Enza Santoro.<\/span><\/div>\n<div><span style=\"font-size: x-small;\"><br \/><\/span><\/div>\n<div><span style=\"font-size: x-small;\"><em><span style=\"text-decoration: underline;\">Per  un ambiente migliore ci vuole l\u2019impegno di tutti! Bastano pochi gesti  di civilt\u00e0 per lasciare alle generazioni future le bellezze che oggi  vediamo dinanzi ai nostri occhi. Questa Reggia non \u00e8 un albergo!<\/span><\/em><\/span><\/div>\n<div><\/div>\n<div><\/div>\n<div><span style=\"font-size: x-small;\">(red. Arte e Luoghi)<em><span style=\"text-decoration: underline;\"><br \/><\/span><\/em><\/span><\/div>\n<div><span style=\"font-family: trebuchet ms,sans-serif;\"><em><span style=\"text-decoration: underline;\"><br \/><\/span><\/em><\/span><\/div>\n","protected":false},"excerpt":{"rendered":"<p>\u201cQUESTA REGGIA NON E&#8217; UN ALBERGO!\u201d 3\u00b0 Edizione della giornata di sensibilizzazione alla tutela ambientale localit\u00e0 \u201cLa Reggia\u201d Galatone (Le)<\/p>\n","protected":false},"author":1,"featured_media":0,"comment_status":"open","ping_status":"open","sticky":false,"template":"","format":"standard","meta":[],"categories":[28],"tags":[],"yoast_head":"<!-- This site is optimized with the Yoast SEO plugin v18.0 - https:\/\/yoast.com\/wordpress\/plugins\/seo\/ -->\n<title>Arte e musica per la tutela ambientale | Arte e Luoghi<\/title>\n<meta name=\"robots\" content=\"index, follow, max-snippet:-1, max-image-preview:large, max-video-preview:-1\" \/>\n<link rel=\"canonical\" href=\"https:\/\/arteeluoghi.it\/index.php\/2012\/08\/20\/arte-e-musica-per-la-tutela-ambientale\/\" \/>\n<meta property=\"og:locale\" content=\"it_IT\" \/>\n<meta property=\"og:type\" content=\"article\" \/>\n<meta property=\"og:title\" content=\"Arte e musica per la tutela ambientale | Arte e Luoghi\" \/>\n<meta property=\"og:description\" content=\"\u201cQUESTA REGGIA NON E&#8217; UN ALBERGO!\u201d 3\u00b0 Edizione della giornata di sensibilizzazione alla tutela ambientale localit\u00e0 \u201cLa Reggia\u201d Galatone (Le)\" \/>\n<meta property=\"og:url\" content=\"https:\/\/arteeluoghi.it\/index.php\/2012\/08\/20\/arte-e-musica-per-la-tutela-ambientale\/\" \/>\n<meta property=\"og:site_name\" content=\"Arte e Luoghi\" \/>\n<meta property=\"article:publisher\" content=\"https:\/\/www.facebook.com\/ArteELuoghi\/\" \/>\n<meta property=\"article:published_time\" content=\"2012-08-20T21:00:00+00:00\" \/>\n<meta property=\"article:modified_time\" content=\"2017-08-06T22:01:46+00:00\" \/>\n<meta property=\"og:image\" content=\"https:\/\/arteeluoghi.it\/images\/stories\/locandina_galatone.png\" \/>\n<meta name=\"twitter:card\" content=\"summary\" \/>\n<meta name=\"twitter:creator\" content=\"@arteeluoghi\" \/>\n<meta name=\"twitter:site\" content=\"@arteeluoghi\" \/>\n<meta name=\"twitter:label1\" content=\"Scritto da\" \/>\n\t<meta name=\"twitter:data1\" content=\"Staff\" \/>\n\t<meta name=\"twitter:label2\" content=\"Tempo di lettura stimato\" \/>\n\t<meta name=\"twitter:data2\" content=\"2 minuti\" \/>\n<script type=\"application\/ld+json\" class=\"yoast-schema-graph\">{\"@context\":\"https:\/\/schema.org\",\"@graph\":[{\"@type\":\"Organization\",\"@id\":\"https:\/\/arteeluoghi.it\/#organization\",\"name\":\"Arte e Luoghi\",\"url\":\"https:\/\/arteeluoghi.it\/\",\"sameAs\":[\"https:\/\/www.facebook.com\/ArteELuoghi\/\",\"https:\/\/www.instagram.com\/arteeluoghi\/?hl=it\",\"https:\/\/www.youtube.com\/channel\/UCuRVc4JW4-C5sg9rQB-srkw?view_as=subscriber\",\"https:\/\/twitter.com\/arteeluoghi\"],\"logo\":{\"@type\":\"ImageObject\",\"@id\":\"https:\/\/arteeluoghi.it\/#logo\",\"inLanguage\":\"it-IT\",\"url\":\"https:\/\/arteeluoghi.it\/wp-content\/uploads\/2018\/08\/logoinstagramarte.jpg\",\"contentUrl\":\"https:\/\/arteeluoghi.it\/wp-content\/uploads\/2018\/08\/logoinstagramarte.jpg\",\"width\":150,\"height\":150,\"caption\":\"Arte e Luoghi\"},\"image\":{\"@id\":\"https:\/\/arteeluoghi.it\/#logo\"}},{\"@type\":\"WebSite\",\"@id\":\"https:\/\/arteeluoghi.it\/#website\",\"url\":\"https:\/\/arteeluoghi.it\/\",\"name\":\"Arte e Luoghi\",\"description\":\"Mensile di arte, cultura, turismo e curiosit\u00e0\",\"publisher\":{\"@id\":\"https:\/\/arteeluoghi.it\/#organization\"},\"potentialAction\":[{\"@type\":\"SearchAction\",\"target\":{\"@type\":\"EntryPoint\",\"urlTemplate\":\"https:\/\/arteeluoghi.it\/?s={search_term_string}\"},\"query-input\":\"required name=search_term_string\"}],\"inLanguage\":\"it-IT\"},{\"@type\":\"ImageObject\",\"@id\":\"https:\/\/arteeluoghi.it\/index.php\/2012\/08\/20\/arte-e-musica-per-la-tutela-ambientale\/#primaryimage\",\"inLanguage\":\"it-IT\",\"url\":\"\/images\/stories\/locandina_galatone.png\",\"contentUrl\":\"\/images\/stories\/locandina_galatone.png\"},{\"@type\":\"WebPage\",\"@id\":\"https:\/\/arteeluoghi.it\/index.php\/2012\/08\/20\/arte-e-musica-per-la-tutela-ambientale\/#webpage\",\"url\":\"https:\/\/arteeluoghi.it\/index.php\/2012\/08\/20\/arte-e-musica-per-la-tutela-ambientale\/\",\"name\":\"Arte e musica per la tutela ambientale | Arte e Luoghi\",\"isPartOf\":{\"@id\":\"https:\/\/arteeluoghi.it\/#website\"},\"primaryImageOfPage\":{\"@id\":\"https:\/\/arteeluoghi.it\/index.php\/2012\/08\/20\/arte-e-musica-per-la-tutela-ambientale\/#primaryimage\"},\"datePublished\":\"2012-08-20T21:00:00+00:00\",\"dateModified\":\"2017-08-06T22:01:46+00:00\",\"breadcrumb\":{\"@id\":\"https:\/\/arteeluoghi.it\/index.php\/2012\/08\/20\/arte-e-musica-per-la-tutela-ambientale\/#breadcrumb\"},\"inLanguage\":\"it-IT\",\"potentialAction\":[{\"@type\":\"ReadAction\",\"target\":[\"https:\/\/arteeluoghi.it\/index.php\/2012\/08\/20\/arte-e-musica-per-la-tutela-ambientale\/\"]}]},{\"@type\":\"BreadcrumbList\",\"@id\":\"https:\/\/arteeluoghi.it\/index.php\/2012\/08\/20\/arte-e-musica-per-la-tutela-ambientale\/#breadcrumb\",\"itemListElement\":[{\"@type\":\"ListItem\",\"position\":1,\"name\":\"Home\",\"item\":\"https:\/\/arteeluoghi.it\/\"},{\"@type\":\"ListItem\",\"position\":2,\"name\":\"Arte e musica per la tutela ambientale\"}]},{\"@type\":\"Article\",\"@id\":\"https:\/\/arteeluoghi.it\/index.php\/2012\/08\/20\/arte-e-musica-per-la-tutela-ambientale\/#article\",\"isPartOf\":{\"@id\":\"https:\/\/arteeluoghi.it\/index.php\/2012\/08\/20\/arte-e-musica-per-la-tutela-ambientale\/#webpage\"},\"author\":{\"@id\":\"https:\/\/arteeluoghi.it\/#\/schema\/person\/f84e814e36e91e01448ee07eaadd41d4\"},\"headline\":\"Arte e musica per la tutela ambientale\",\"datePublished\":\"2012-08-20T21:00:00+00:00\",\"dateModified\":\"2017-08-06T22:01:46+00:00\",\"mainEntityOfPage\":{\"@id\":\"https:\/\/arteeluoghi.it\/index.php\/2012\/08\/20\/arte-e-musica-per-la-tutela-ambientale\/#webpage\"},\"wordCount\":429,\"commentCount\":0,\"publisher\":{\"@id\":\"https:\/\/arteeluoghi.it\/#organization\"},\"image\":{\"@id\":\"https:\/\/arteeluoghi.it\/index.php\/2012\/08\/20\/arte-e-musica-per-la-tutela-ambientale\/#primaryimage\"},\"thumbnailUrl\":\"\/images\/stories\/locandina_galatone.png\",\"articleSection\":[\"Notizie\"],\"inLanguage\":\"it-IT\",\"potentialAction\":[{\"@type\":\"CommentAction\",\"name\":\"Comment\",\"target\":[\"https:\/\/arteeluoghi.it\/index.php\/2012\/08\/20\/arte-e-musica-per-la-tutela-ambientale\/#respond\"]}]},{\"@type\":\"Person\",\"@id\":\"https:\/\/arteeluoghi.it\/#\/schema\/person\/f84e814e36e91e01448ee07eaadd41d4\",\"name\":\"Staff\",\"image\":{\"@type\":\"ImageObject\",\"@id\":\"https:\/\/arteeluoghi.it\/#personlogo\",\"inLanguage\":\"it-IT\",\"url\":\"https:\/\/secure.gravatar.com\/avatar\/49d2f9e46271bb04e19cebfaf141313a?s=96&d=blank&r=g\",\"contentUrl\":\"https:\/\/secure.gravatar.com\/avatar\/49d2f9e46271bb04e19cebfaf141313a?s=96&d=blank&r=g\",\"caption\":\"Staff\"}}]}<\/script>\n<!-- \/ Yoast SEO plugin. -->","yoast_head_json":{"title":"Arte e musica per la tutela ambientale | Arte e Luoghi","robots":{"index":"index","follow":"follow","max-snippet":"max-snippet:-1","max-image-preview":"max-image-preview:large","max-video-preview":"max-video-preview:-1"},"canonical":"https:\/\/arteeluoghi.it\/index.php\/2012\/08\/20\/arte-e-musica-per-la-tutela-ambientale\/","og_locale":"it_IT","og_type":"article","og_title":"Arte e musica per la tutela ambientale | Arte e Luoghi","og_description":"\u201cQUESTA REGGIA NON E&#8217; UN ALBERGO!\u201d 3\u00b0 Edizione della giornata di sensibilizzazione alla tutela ambientale localit\u00e0 \u201cLa Reggia\u201d Galatone (Le)","og_url":"https:\/\/arteeluoghi.it\/index.php\/2012\/08\/20\/arte-e-musica-per-la-tutela-ambientale\/","og_site_name":"Arte e Luoghi","article_publisher":"https:\/\/www.facebook.com\/ArteELuoghi\/","article_published_time":"2012-08-20T21:00:00+00:00","article_modified_time":"2017-08-06T22:01:46+00:00","og_image":[{"url":"https:\/\/arteeluoghi.it\/images\/stories\/locandina_galatone.png"}],"twitter_card":"summary","twitter_creator":"@arteeluoghi","twitter_site":"@arteeluoghi","twitter_misc":{"Scritto da":"Staff","Tempo di lettura stimato":"2 minuti"},"schema":{"@context":"https:\/\/schema.org","@graph":[{"@type":"Organization","@id":"https:\/\/arteeluoghi.it\/#organization","name":"Arte e Luoghi","url":"https:\/\/arteeluoghi.it\/","sameAs":["https:\/\/www.facebook.com\/ArteELuoghi\/","https:\/\/www.instagram.com\/arteeluoghi\/?hl=it","https:\/\/www.youtube.com\/channel\/UCuRVc4JW4-C5sg9rQB-srkw?view_as=subscriber","https:\/\/twitter.com\/arteeluoghi"],"logo":{"@type":"ImageObject","@id":"https:\/\/arteeluoghi.it\/#logo","inLanguage":"it-IT","url":"https:\/\/arteeluoghi.it\/wp-content\/uploads\/2018\/08\/logoinstagramarte.jpg","contentUrl":"https:\/\/arteeluoghi.it\/wp-content\/uploads\/2018\/08\/logoinstagramarte.jpg","width":150,"height":150,"caption":"Arte e Luoghi"},"image":{"@id":"https:\/\/arteeluoghi.it\/#logo"}},{"@type":"WebSite","@id":"https:\/\/arteeluoghi.it\/#website","url":"https:\/\/arteeluoghi.it\/","name":"Arte e Luoghi","description":"Mensile di arte, cultura, turismo e curiosit\u00e0","publisher":{"@id":"https:\/\/arteeluoghi.it\/#organization"},"potentialAction":[{"@type":"SearchAction","target":{"@type":"EntryPoint","urlTemplate":"https:\/\/arteeluoghi.it\/?s={search_term_string}"},"query-input":"required name=search_term_string"}],"inLanguage":"it-IT"},{"@type":"ImageObject","@id":"https:\/\/arteeluoghi.it\/index.php\/2012\/08\/20\/arte-e-musica-per-la-tutela-ambientale\/#primaryimage","inLanguage":"it-IT","url":"\/images\/stories\/locandina_galatone.png","contentUrl":"\/images\/stories\/locandina_galatone.png"},{"@type":"WebPage","@id":"https:\/\/arteeluoghi.it\/index.php\/2012\/08\/20\/arte-e-musica-per-la-tutela-ambientale\/#webpage","url":"https:\/\/arteeluoghi.it\/index.php\/2012\/08\/20\/arte-e-musica-per-la-tutela-ambientale\/","name":"Arte e musica per la tutela ambientale | Arte e Luoghi","isPartOf":{"@id":"https:\/\/arteeluoghi.it\/#website"},"primaryImageOfPage":{"@id":"https:\/\/arteeluoghi.it\/index.php\/2012\/08\/20\/arte-e-musica-per-la-tutela-ambientale\/#primaryimage"},"datePublished":"2012-08-20T21:00:00+00:00","dateModified":"2017-08-06T22:01:46+00:00","breadcrumb":{"@id":"https:\/\/arteeluoghi.it\/index.php\/2012\/08\/20\/arte-e-musica-per-la-tutela-ambientale\/#breadcrumb"},"inLanguage":"it-IT","potentialAction":[{"@type":"ReadAction","target":["https:\/\/arteeluoghi.it\/index.php\/2012\/08\/20\/arte-e-musica-per-la-tutela-ambientale\/"]}]},{"@type":"BreadcrumbList","@id":"https:\/\/arteeluoghi.it\/index.php\/2012\/08\/20\/arte-e-musica-per-la-tutela-ambientale\/#breadcrumb","itemListElement":[{"@type":"ListItem","position":1,"name":"Home","item":"https:\/\/arteeluoghi.it\/"},{"@type":"ListItem","position":2,"name":"Arte e musica per la tutela ambientale"}]},{"@type":"Article","@id":"https:\/\/arteeluoghi.it\/index.php\/2012\/08\/20\/arte-e-musica-per-la-tutela-ambientale\/#article","isPartOf":{"@id":"https:\/\/arteeluoghi.it\/index.php\/2012\/08\/20\/arte-e-musica-per-la-tutela-ambientale\/#webpage"},"author":{"@id":"https:\/\/arteeluoghi.it\/#\/schema\/person\/f84e814e36e91e01448ee07eaadd41d4"},"headline":"Arte e musica per la tutela ambientale","datePublished":"2012-08-20T21:00:00+00:00","dateModified":"2017-08-06T22:01:46+00:00","mainEntityOfPage":{"@id":"https:\/\/arteeluoghi.it\/index.php\/2012\/08\/20\/arte-e-musica-per-la-tutela-ambientale\/#webpage"},"wordCount":429,"commentCount":0,"publisher":{"@id":"https:\/\/arteeluoghi.it\/#organization"},"image":{"@id":"https:\/\/arteeluoghi.it\/index.php\/2012\/08\/20\/arte-e-musica-per-la-tutela-ambientale\/#primaryimage"},"thumbnailUrl":"\/images\/stories\/locandina_galatone.png","articleSection":["Notizie"],"inLanguage":"it-IT","potentialAction":[{"@type":"CommentAction","name":"Comment","target":["https:\/\/arteeluoghi.it\/index.php\/2012\/08\/20\/arte-e-musica-per-la-tutela-ambientale\/#respond"]}]},{"@type":"Person","@id":"https:\/\/arteeluoghi.it\/#\/schema\/person\/f84e814e36e91e01448ee07eaadd41d4","name":"Staff","image":{"@type":"ImageObject","@id":"https:\/\/arteeluoghi.it\/#personlogo","inLanguage":"it-IT","url":"https:\/\/secure.gravatar.com\/avatar\/49d2f9e46271bb04e19cebfaf141313a?s=96&d=blank&r=g","contentUrl":"https:\/\/secure.gravatar.com\/avatar\/49d2f9e46271bb04e19cebfaf141313a?s=96&d=blank&r=g","caption":"Staff"}}]}},"_links":{"self":[{"href":"https:\/\/arteeluoghi.it\/index.php\/wp-json\/wp\/v2\/posts\/884"}],"collection":[{"href":"https:\/\/arteeluoghi.it\/index.php\/wp-json\/wp\/v2\/posts"}],"about":[{"href":"https:\/\/arteeluoghi.it\/index.php\/wp-json\/wp\/v2\/types\/post"}],"author":[{"embeddable":true,"href":"https:\/\/arteeluoghi.it\/index.php\/wp-json\/wp\/v2\/users\/1"}],"replies":[{"embeddable":true,"href":"https:\/\/arteeluoghi.it\/index.php\/wp-json\/wp\/v2\/comments?post=884"}],"version-history":[{"count":1,"href":"https:\/\/arteeluoghi.it\/index.php\/wp-json\/wp\/v2\/posts\/884\/revisions"}],"predecessor-version":[{"id":3122,"href":"https:\/\/arteeluoghi.it\/index.php\/wp-json\/wp\/v2\/posts\/884\/revisions\/3122"}],"wp:attachment":[{"href":"https:\/\/arteeluoghi.it\/index.php\/wp-json\/wp\/v2\/media?parent=884"}],"wp:term":[{"taxonomy":"category","embeddable":true,"href":"https:\/\/arteeluoghi.it\/index.php\/wp-json\/wp\/v2\/categories?post=884"},{"taxonomy":"post_tag","embeddable":true,"href":"https:\/\/arteeluoghi.it\/index.php\/wp-json\/wp\/v2\/tags?post=884"}],"curies":[{"name":"wp","href":"https:\/\/api.w.org\/{rel}","templated":true}]}}