{"id":8866,"date":"2020-09-03T00:18:42","date_gmt":"2020-09-02T22:18:42","guid":{"rendered":"https:\/\/arteeluoghi.it\/?p=8866"},"modified":"2020-09-04T00:22:54","modified_gmt":"2020-09-03T22:22:54","slug":"lecce-in-giallo-stefano-cambo-vince-la-sezione-inediti","status":"publish","type":"post","link":"https:\/\/arteeluoghi.it\/index.php\/2020\/09\/03\/lecce-in-giallo-stefano-cambo-vince-la-sezione-inediti\/","title":{"rendered":"Lecce in giallo. Stefano Camb\u00f2 vince la sezione inediti"},"content":{"rendered":"\n<p><\/p>\n\n\n\n<p>Dopo una lunga selezione, lo scrittore salentino Stefano Camb\u00f2 si \u00e8 piazzato sul gradino pi\u00f9 alto del podio nel concorso letterario nazionale inerente al Festival Lecce in Giallo.<\/p>\n\n\n\n<!--more-->\n\n\n\n<figure class=\"wp-block-image\"><img loading=\"lazy\" width=\"916\" height=\"687\" src=\"https:\/\/arteeluoghi.it\/wp-content\/uploads\/2018\/07\/stefanocambo.jpg\" alt=\"\" class=\"wp-image-5769\" srcset=\"https:\/\/arteeluoghi.it\/wp-content\/uploads\/2018\/07\/stefanocambo.jpg 916w, https:\/\/arteeluoghi.it\/wp-content\/uploads\/2018\/07\/stefanocambo-300x225.jpg 300w, https:\/\/arteeluoghi.it\/wp-content\/uploads\/2018\/07\/stefanocambo-768x576.jpg 768w\" sizes=\"(max-width: 916px) 100vw, 916px\" \/><\/figure>\n\n\n\n<p><br> Il tema scelto dalla giuria per questa prima edizione della kermesse sono stati i Crimini d&#8217;Amare e Stefano Camb\u00f2 lo ha affrontato con il piglio dell&#8217;autore di genere portando in gara L&#8217;ultimo Valzer, un nuovo racconto che vede come protagonisti Nando e il commissario Bortone, la strana coppia investigativa gi\u00e0 comparsa in Cyrano tra  delitti e misteri e in Salento Caf\u00e9 Noir (editi entrambi da Il Raggio Verde).<\/p>\n\n\n\n<figure class=\"wp-block-image\"><img loading=\"lazy\" width=\"680\" height=\"960\" src=\"https:\/\/arteeluoghi.it\/wp-content\/uploads\/2019\/04\/cop-Cambo\u0300.jpg\" alt=\"\" class=\"wp-image-6602\" srcset=\"https:\/\/arteeluoghi.it\/wp-content\/uploads\/2019\/04\/cop-Cambo\u0300.jpg 680w, https:\/\/arteeluoghi.it\/wp-content\/uploads\/2019\/04\/cop-Cambo\u0300-213x300.jpg 213w\" sizes=\"(max-width: 680px) 100vw, 680px\" \/><\/figure>\n\n\n\n<p><br> In questo lavoro, l&#8217;autore ha trattato senza sconti il dramma della ludopatia, attraverso una storia a tinte noir che vede i sentimenti e la vendetta sempre al centro della scena.<br> A causa dell&#8217;emergenza sanitaria dovuta al Covid-19, la serata di premiazione \u00e8 stata rimandata.<br> Restano comunque il riconoscimento e i sentiti complimenti di tutta la giuria e della madrina del Festival Lecce in Giallo, la scrittrice Gabriella Genisi.<\/p>\n\n\n\n<p><\/p>\n","protected":false},"excerpt":{"rendered":"<p>Dopo una lunga selezione, lo scrittore salentino Stefano Camb\u00f2 si \u00e8 piazzato sul gradino pi\u00f9 alto del podio nel concorso<\/p>\n","protected":false},"author":1,"featured_media":8867,"comment_status":"open","ping_status":"open","sticky":true,"template":"","format":"standard","meta":[],"categories":[52,17],"tags":[],"yoast_head":"<!-- This site is optimized with the Yoast SEO plugin v18.0 - https:\/\/yoast.com\/wordpress\/plugins\/seo\/ -->\n<title>Lecce in giallo. Stefano Camb\u00f2 vince la sezione inediti | Arte e Luoghi<\/title>\n<meta name=\"description\" content=\"Lo scrittore salentino si \u00e8 piazzato sul gradino pi\u00f9 alto del podio nel concorso letterario nazionale inerente al Festival Lecce in Giallo\" \/>\n<meta name=\"robots\" content=\"index, follow, max-snippet:-1, max-image-preview:large, max-video-preview:-1\" \/>\n<link rel=\"canonical\" href=\"https:\/\/arteeluoghi.it\/index.php\/2020\/09\/03\/lecce-in-giallo-stefano-cambo-vince-la-sezione-inediti\/\" \/>\n<meta property=\"og:locale\" content=\"it_IT\" \/>\n<meta property=\"og:type\" content=\"article\" \/>\n<meta property=\"og:title\" content=\"Lecce in giallo. Stefano Camb\u00f2 vince la sezione inediti | Arte e Luoghi\" \/>\n<meta property=\"og:description\" content=\"Lo scrittore salentino si \u00e8 piazzato sul gradino pi\u00f9 alto del podio nel concorso letterario nazionale inerente al Festival Lecce in Giallo\" \/>\n<meta property=\"og:url\" content=\"https:\/\/arteeluoghi.it\/index.php\/2020\/09\/03\/lecce-in-giallo-stefano-cambo-vince-la-sezione-inediti\/\" \/>\n<meta property=\"og:site_name\" content=\"Arte e Luoghi\" \/>\n<meta property=\"article:publisher\" content=\"https:\/\/www.facebook.com\/ArteELuoghi\/\" \/>\n<meta property=\"article:published_time\" content=\"2020-09-02T22:18:42+00:00\" \/>\n<meta property=\"article:modified_time\" content=\"2020-09-03T22:22:54+00:00\" \/>\n<meta property=\"og:image\" content=\"https:\/\/arteeluoghi.it\/wp-content\/uploads\/2020\/09\/locandina-stefano.jpeg\" \/>\n\t<meta property=\"og:image:width\" content=\"720\" \/>\n\t<meta property=\"og:image:height\" content=\"540\" \/>\n\t<meta property=\"og:image:type\" content=\"image\/jpeg\" \/>\n<meta name=\"twitter:card\" content=\"summary\" \/>\n<meta name=\"twitter:creator\" content=\"@arteeluoghi\" \/>\n<meta name=\"twitter:site\" content=\"@arteeluoghi\" \/>\n<meta name=\"twitter:label1\" content=\"Scritto da\" \/>\n\t<meta name=\"twitter:data1\" content=\"Staff\" \/>\n\t<meta name=\"twitter:label2\" content=\"Tempo di lettura stimato\" \/>\n\t<meta name=\"twitter:data2\" content=\"1 minuto\" \/>\n<script type=\"application\/ld+json\" class=\"yoast-schema-graph\">{\"@context\":\"https:\/\/schema.org\",\"@graph\":[{\"@type\":\"Organization\",\"@id\":\"https:\/\/arteeluoghi.it\/#organization\",\"name\":\"Arte e Luoghi\",\"url\":\"https:\/\/arteeluoghi.it\/\",\"sameAs\":[\"https:\/\/www.facebook.com\/ArteELuoghi\/\",\"https:\/\/www.instagram.com\/arteeluoghi\/?hl=it\",\"https:\/\/www.youtube.com\/channel\/UCuRVc4JW4-C5sg9rQB-srkw?view_as=subscriber\",\"https:\/\/twitter.com\/arteeluoghi\"],\"logo\":{\"@type\":\"ImageObject\",\"@id\":\"https:\/\/arteeluoghi.it\/#logo\",\"inLanguage\":\"it-IT\",\"url\":\"https:\/\/arteeluoghi.it\/wp-content\/uploads\/2018\/08\/logoinstagramarte.jpg\",\"contentUrl\":\"https:\/\/arteeluoghi.it\/wp-content\/uploads\/2018\/08\/logoinstagramarte.jpg\",\"width\":150,\"height\":150,\"caption\":\"Arte e Luoghi\"},\"image\":{\"@id\":\"https:\/\/arteeluoghi.it\/#logo\"}},{\"@type\":\"WebSite\",\"@id\":\"https:\/\/arteeluoghi.it\/#website\",\"url\":\"https:\/\/arteeluoghi.it\/\",\"name\":\"Arte e Luoghi\",\"description\":\"Mensile di arte, cultura, turismo e curiosit\u00e0\",\"publisher\":{\"@id\":\"https:\/\/arteeluoghi.it\/#organization\"},\"potentialAction\":[{\"@type\":\"SearchAction\",\"target\":{\"@type\":\"EntryPoint\",\"urlTemplate\":\"https:\/\/arteeluoghi.it\/?s={search_term_string}\"},\"query-input\":\"required name=search_term_string\"}],\"inLanguage\":\"it-IT\"},{\"@type\":\"ImageObject\",\"@id\":\"https:\/\/arteeluoghi.it\/index.php\/2020\/09\/03\/lecce-in-giallo-stefano-cambo-vince-la-sezione-inediti\/#primaryimage\",\"inLanguage\":\"it-IT\",\"url\":\"https:\/\/arteeluoghi.it\/wp-content\/uploads\/2020\/09\/locandina-stefano.jpeg\",\"contentUrl\":\"https:\/\/arteeluoghi.it\/wp-content\/uploads\/2020\/09\/locandina-stefano.jpeg\",\"width\":720,\"height\":540},{\"@type\":\"WebPage\",\"@id\":\"https:\/\/arteeluoghi.it\/index.php\/2020\/09\/03\/lecce-in-giallo-stefano-cambo-vince-la-sezione-inediti\/#webpage\",\"url\":\"https:\/\/arteeluoghi.it\/index.php\/2020\/09\/03\/lecce-in-giallo-stefano-cambo-vince-la-sezione-inediti\/\",\"name\":\"Lecce in giallo. Stefano Camb\u00f2 vince la sezione inediti | Arte e Luoghi\",\"isPartOf\":{\"@id\":\"https:\/\/arteeluoghi.it\/#website\"},\"primaryImageOfPage\":{\"@id\":\"https:\/\/arteeluoghi.it\/index.php\/2020\/09\/03\/lecce-in-giallo-stefano-cambo-vince-la-sezione-inediti\/#primaryimage\"},\"datePublished\":\"2020-09-02T22:18:42+00:00\",\"dateModified\":\"2020-09-03T22:22:54+00:00\",\"description\":\"Lo scrittore salentino si \u00e8 piazzato sul gradino pi\u00f9 alto del podio nel concorso letterario nazionale inerente al Festival Lecce in Giallo\",\"breadcrumb\":{\"@id\":\"https:\/\/arteeluoghi.it\/index.php\/2020\/09\/03\/lecce-in-giallo-stefano-cambo-vince-la-sezione-inediti\/#breadcrumb\"},\"inLanguage\":\"it-IT\",\"potentialAction\":[{\"@type\":\"ReadAction\",\"target\":[\"https:\/\/arteeluoghi.it\/index.php\/2020\/09\/03\/lecce-in-giallo-stefano-cambo-vince-la-sezione-inediti\/\"]}]},{\"@type\":\"BreadcrumbList\",\"@id\":\"https:\/\/arteeluoghi.it\/index.php\/2020\/09\/03\/lecce-in-giallo-stefano-cambo-vince-la-sezione-inediti\/#breadcrumb\",\"itemListElement\":[{\"@type\":\"ListItem\",\"position\":1,\"name\":\"Home\",\"item\":\"https:\/\/arteeluoghi.it\/\"},{\"@type\":\"ListItem\",\"position\":2,\"name\":\"Lecce in giallo. Stefano Camb\u00f2 vince la sezione inediti\"}]},{\"@type\":\"Article\",\"@id\":\"https:\/\/arteeluoghi.it\/index.php\/2020\/09\/03\/lecce-in-giallo-stefano-cambo-vince-la-sezione-inediti\/#article\",\"isPartOf\":{\"@id\":\"https:\/\/arteeluoghi.it\/index.php\/2020\/09\/03\/lecce-in-giallo-stefano-cambo-vince-la-sezione-inediti\/#webpage\"},\"author\":{\"@id\":\"https:\/\/arteeluoghi.it\/#\/schema\/person\/f84e814e36e91e01448ee07eaadd41d4\"},\"headline\":\"Lecce in giallo. Stefano Camb\u00f2 vince la sezione inediti\",\"datePublished\":\"2020-09-02T22:18:42+00:00\",\"dateModified\":\"2020-09-03T22:22:54+00:00\",\"mainEntityOfPage\":{\"@id\":\"https:\/\/arteeluoghi.it\/index.php\/2020\/09\/03\/lecce-in-giallo-stefano-cambo-vince-la-sezione-inediti\/#webpage\"},\"wordCount\":171,\"commentCount\":0,\"publisher\":{\"@id\":\"https:\/\/arteeluoghi.it\/#organization\"},\"image\":{\"@id\":\"https:\/\/arteeluoghi.it\/index.php\/2020\/09\/03\/lecce-in-giallo-stefano-cambo-vince-la-sezione-inediti\/#primaryimage\"},\"thumbnailUrl\":\"https:\/\/arteeluoghi.it\/wp-content\/uploads\/2020\/09\/locandina-stefano.jpeg\",\"articleSection\":[\"I luoghi della parola\",\"LIBRI\"],\"inLanguage\":\"it-IT\",\"potentialAction\":[{\"@type\":\"CommentAction\",\"name\":\"Comment\",\"target\":[\"https:\/\/arteeluoghi.it\/index.php\/2020\/09\/03\/lecce-in-giallo-stefano-cambo-vince-la-sezione-inediti\/#respond\"]}]},{\"@type\":\"Person\",\"@id\":\"https:\/\/arteeluoghi.it\/#\/schema\/person\/f84e814e36e91e01448ee07eaadd41d4\",\"name\":\"Staff\",\"image\":{\"@type\":\"ImageObject\",\"@id\":\"https:\/\/arteeluoghi.it\/#personlogo\",\"inLanguage\":\"it-IT\",\"url\":\"https:\/\/secure.gravatar.com\/avatar\/49d2f9e46271bb04e19cebfaf141313a?s=96&d=blank&r=g\",\"contentUrl\":\"https:\/\/secure.gravatar.com\/avatar\/49d2f9e46271bb04e19cebfaf141313a?s=96&d=blank&r=g\",\"caption\":\"Staff\"}}]}<\/script>\n<!-- \/ Yoast SEO plugin. -->","yoast_head_json":{"title":"Lecce in giallo. Stefano Camb\u00f2 vince la sezione inediti | Arte e Luoghi","description":"Lo scrittore salentino si \u00e8 piazzato sul gradino pi\u00f9 alto del podio nel concorso letterario nazionale inerente al Festival Lecce in Giallo","robots":{"index":"index","follow":"follow","max-snippet":"max-snippet:-1","max-image-preview":"max-image-preview:large","max-video-preview":"max-video-preview:-1"},"canonical":"https:\/\/arteeluoghi.it\/index.php\/2020\/09\/03\/lecce-in-giallo-stefano-cambo-vince-la-sezione-inediti\/","og_locale":"it_IT","og_type":"article","og_title":"Lecce in giallo. Stefano Camb\u00f2 vince la sezione inediti | Arte e Luoghi","og_description":"Lo scrittore salentino si \u00e8 piazzato sul gradino pi\u00f9 alto del podio nel concorso letterario nazionale inerente al Festival Lecce in Giallo","og_url":"https:\/\/arteeluoghi.it\/index.php\/2020\/09\/03\/lecce-in-giallo-stefano-cambo-vince-la-sezione-inediti\/","og_site_name":"Arte e Luoghi","article_publisher":"https:\/\/www.facebook.com\/ArteELuoghi\/","article_published_time":"2020-09-02T22:18:42+00:00","article_modified_time":"2020-09-03T22:22:54+00:00","og_image":[{"width":720,"height":540,"url":"https:\/\/arteeluoghi.it\/wp-content\/uploads\/2020\/09\/locandina-stefano.jpeg","type":"image\/jpeg"}],"twitter_card":"summary","twitter_creator":"@arteeluoghi","twitter_site":"@arteeluoghi","twitter_misc":{"Scritto da":"Staff","Tempo di lettura stimato":"1 minuto"},"schema":{"@context":"https:\/\/schema.org","@graph":[{"@type":"Organization","@id":"https:\/\/arteeluoghi.it\/#organization","name":"Arte e Luoghi","url":"https:\/\/arteeluoghi.it\/","sameAs":["https:\/\/www.facebook.com\/ArteELuoghi\/","https:\/\/www.instagram.com\/arteeluoghi\/?hl=it","https:\/\/www.youtube.com\/channel\/UCuRVc4JW4-C5sg9rQB-srkw?view_as=subscriber","https:\/\/twitter.com\/arteeluoghi"],"logo":{"@type":"ImageObject","@id":"https:\/\/arteeluoghi.it\/#logo","inLanguage":"it-IT","url":"https:\/\/arteeluoghi.it\/wp-content\/uploads\/2018\/08\/logoinstagramarte.jpg","contentUrl":"https:\/\/arteeluoghi.it\/wp-content\/uploads\/2018\/08\/logoinstagramarte.jpg","width":150,"height":150,"caption":"Arte e Luoghi"},"image":{"@id":"https:\/\/arteeluoghi.it\/#logo"}},{"@type":"WebSite","@id":"https:\/\/arteeluoghi.it\/#website","url":"https:\/\/arteeluoghi.it\/","name":"Arte e Luoghi","description":"Mensile di arte, cultura, turismo e curiosit\u00e0","publisher":{"@id":"https:\/\/arteeluoghi.it\/#organization"},"potentialAction":[{"@type":"SearchAction","target":{"@type":"EntryPoint","urlTemplate":"https:\/\/arteeluoghi.it\/?s={search_term_string}"},"query-input":"required name=search_term_string"}],"inLanguage":"it-IT"},{"@type":"ImageObject","@id":"https:\/\/arteeluoghi.it\/index.php\/2020\/09\/03\/lecce-in-giallo-stefano-cambo-vince-la-sezione-inediti\/#primaryimage","inLanguage":"it-IT","url":"https:\/\/arteeluoghi.it\/wp-content\/uploads\/2020\/09\/locandina-stefano.jpeg","contentUrl":"https:\/\/arteeluoghi.it\/wp-content\/uploads\/2020\/09\/locandina-stefano.jpeg","width":720,"height":540},{"@type":"WebPage","@id":"https:\/\/arteeluoghi.it\/index.php\/2020\/09\/03\/lecce-in-giallo-stefano-cambo-vince-la-sezione-inediti\/#webpage","url":"https:\/\/arteeluoghi.it\/index.php\/2020\/09\/03\/lecce-in-giallo-stefano-cambo-vince-la-sezione-inediti\/","name":"Lecce in giallo. Stefano Camb\u00f2 vince la sezione inediti | Arte e Luoghi","isPartOf":{"@id":"https:\/\/arteeluoghi.it\/#website"},"primaryImageOfPage":{"@id":"https:\/\/arteeluoghi.it\/index.php\/2020\/09\/03\/lecce-in-giallo-stefano-cambo-vince-la-sezione-inediti\/#primaryimage"},"datePublished":"2020-09-02T22:18:42+00:00","dateModified":"2020-09-03T22:22:54+00:00","description":"Lo scrittore salentino si \u00e8 piazzato sul gradino pi\u00f9 alto del podio nel concorso letterario nazionale inerente al Festival Lecce in Giallo","breadcrumb":{"@id":"https:\/\/arteeluoghi.it\/index.php\/2020\/09\/03\/lecce-in-giallo-stefano-cambo-vince-la-sezione-inediti\/#breadcrumb"},"inLanguage":"it-IT","potentialAction":[{"@type":"ReadAction","target":["https:\/\/arteeluoghi.it\/index.php\/2020\/09\/03\/lecce-in-giallo-stefano-cambo-vince-la-sezione-inediti\/"]}]},{"@type":"BreadcrumbList","@id":"https:\/\/arteeluoghi.it\/index.php\/2020\/09\/03\/lecce-in-giallo-stefano-cambo-vince-la-sezione-inediti\/#breadcrumb","itemListElement":[{"@type":"ListItem","position":1,"name":"Home","item":"https:\/\/arteeluoghi.it\/"},{"@type":"ListItem","position":2,"name":"Lecce in giallo. Stefano Camb\u00f2 vince la sezione inediti"}]},{"@type":"Article","@id":"https:\/\/arteeluoghi.it\/index.php\/2020\/09\/03\/lecce-in-giallo-stefano-cambo-vince-la-sezione-inediti\/#article","isPartOf":{"@id":"https:\/\/arteeluoghi.it\/index.php\/2020\/09\/03\/lecce-in-giallo-stefano-cambo-vince-la-sezione-inediti\/#webpage"},"author":{"@id":"https:\/\/arteeluoghi.it\/#\/schema\/person\/f84e814e36e91e01448ee07eaadd41d4"},"headline":"Lecce in giallo. Stefano Camb\u00f2 vince la sezione inediti","datePublished":"2020-09-02T22:18:42+00:00","dateModified":"2020-09-03T22:22:54+00:00","mainEntityOfPage":{"@id":"https:\/\/arteeluoghi.it\/index.php\/2020\/09\/03\/lecce-in-giallo-stefano-cambo-vince-la-sezione-inediti\/#webpage"},"wordCount":171,"commentCount":0,"publisher":{"@id":"https:\/\/arteeluoghi.it\/#organization"},"image":{"@id":"https:\/\/arteeluoghi.it\/index.php\/2020\/09\/03\/lecce-in-giallo-stefano-cambo-vince-la-sezione-inediti\/#primaryimage"},"thumbnailUrl":"https:\/\/arteeluoghi.it\/wp-content\/uploads\/2020\/09\/locandina-stefano.jpeg","articleSection":["I luoghi della parola","LIBRI"],"inLanguage":"it-IT","potentialAction":[{"@type":"CommentAction","name":"Comment","target":["https:\/\/arteeluoghi.it\/index.php\/2020\/09\/03\/lecce-in-giallo-stefano-cambo-vince-la-sezione-inediti\/#respond"]}]},{"@type":"Person","@id":"https:\/\/arteeluoghi.it\/#\/schema\/person\/f84e814e36e91e01448ee07eaadd41d4","name":"Staff","image":{"@type":"ImageObject","@id":"https:\/\/arteeluoghi.it\/#personlogo","inLanguage":"it-IT","url":"https:\/\/secure.gravatar.com\/avatar\/49d2f9e46271bb04e19cebfaf141313a?s=96&d=blank&r=g","contentUrl":"https:\/\/secure.gravatar.com\/avatar\/49d2f9e46271bb04e19cebfaf141313a?s=96&d=blank&r=g","caption":"Staff"}}]}},"_links":{"self":[{"href":"https:\/\/arteeluoghi.it\/index.php\/wp-json\/wp\/v2\/posts\/8866"}],"collection":[{"href":"https:\/\/arteeluoghi.it\/index.php\/wp-json\/wp\/v2\/posts"}],"about":[{"href":"https:\/\/arteeluoghi.it\/index.php\/wp-json\/wp\/v2\/types\/post"}],"author":[{"embeddable":true,"href":"https:\/\/arteeluoghi.it\/index.php\/wp-json\/wp\/v2\/users\/1"}],"replies":[{"embeddable":true,"href":"https:\/\/arteeluoghi.it\/index.php\/wp-json\/wp\/v2\/comments?post=8866"}],"version-history":[{"count":3,"href":"https:\/\/arteeluoghi.it\/index.php\/wp-json\/wp\/v2\/posts\/8866\/revisions"}],"predecessor-version":[{"id":8870,"href":"https:\/\/arteeluoghi.it\/index.php\/wp-json\/wp\/v2\/posts\/8866\/revisions\/8870"}],"wp:featuredmedia":[{"embeddable":true,"href":"https:\/\/arteeluoghi.it\/index.php\/wp-json\/wp\/v2\/media\/8867"}],"wp:attachment":[{"href":"https:\/\/arteeluoghi.it\/index.php\/wp-json\/wp\/v2\/media?parent=8866"}],"wp:term":[{"taxonomy":"category","embeddable":true,"href":"https:\/\/arteeluoghi.it\/index.php\/wp-json\/wp\/v2\/categories?post=8866"},{"taxonomy":"post_tag","embeddable":true,"href":"https:\/\/arteeluoghi.it\/index.php\/wp-json\/wp\/v2\/tags?post=8866"}],"curies":[{"name":"wp","href":"https:\/\/api.w.org\/{rel}","templated":true}]}}