{"id":890,"date":"2012-05-26T23:00:00","date_gmt":"2012-05-26T21:00:00","guid":{"rendered":"http:\/\/arteeluoghi.it\/index.php\/2012\/05\/26\/il-calcio-secondo-zacchetti\/"},"modified":"2012-05-26T23:00:00","modified_gmt":"2012-05-26T21:00:00","slug":"il-calcio-secondo-zacchetti","status":"publish","type":"post","link":"https:\/\/arteeluoghi.it\/index.php\/2012\/05\/26\/il-calcio-secondo-zacchetti\/","title":{"rendered":"Il calcio secondo Zacchetti"},"content":{"rendered":"<p style=\"text-align: left;\">\u00a0<\/p>\n<p><img src=\"\/images\/stories\/social-football-web.jpg\" border=\"0\" title=\"Social football - non \u00e8 mai stato solo un gioco di Lorenzo Zacchetti, Affari Italiani editore\" width=\"300\" style=\"float: left; margin: 21px;\" \/><\/p>\n<h1 style=\"text-align: left;\">Social Football <span style=\"font-size: x-small;\">di Lorenzo Zacchetti<\/span><\/h1>\n<p style=\"text-align: left;\"><em>Non \u00e8 mai stato solo un gioco<\/em><\/p>\n<p style=\"text-align: left;\"><strong>Affari Italiani Editore<\/strong><\/p>\n<p style=\"text-align: left;\"><strong> <\/strong><\/p>\n<p style=\"text-align: left;\">(Prefazione di Fabio Ravezzani)<\/p>\n<p style=\"text-align: left;\">\u00a0<\/p>\n<p><strong>\u201cTifosi, vi stanno imbrogliando. Vi raccontano che l\u2019amore per la vostra squadra del cuore nasce da un colpo di fulmine e che poi resta esterno ed immutabile, a differenza delle sempre pi\u00f9 caduche relazioni sentimentali tra esseri umani.\u201d<\/strong><\/p>\n<p>\u00a0<\/p>\n<p>L\u2019autore, appassionato di sport, parte da questo \u201cgrande inganno\u201d mescola le carte in tavola sciorinando documenti storici, aneddoti e testimonianze che mettono in luce la complessit\u00e0 del rapporto esistente tra le squadre, il loro territorio di riferimento e gli infiniti intrecci politici, filosofici ed artistici che si intrecciano di continuo a margine del terreno di gioco.<\/p>\n<p>Cos\u00ec\u00a0Maradona diventa l\u2019ideale discrimine tra l\u2019Argentina dei militari e quella di Che Guevara, mentre l\u2019eterna sfida tra Barcellona e Real Madrid viene riletta con una lente storica che riesamina l\u2019era di Franco. Berlusconi si ritrova spietatamente messo faccia a faccia con il concetto di\u00a0\u201ccalcio socialista\u201d, cos\u00ec\u00a0come Bossi e la Lega Nord vengono misurati a confronto con le spinte autonomiste incarnate dal Celtic Glasgow e dall\u2019Athletic Bilbao.<\/p>\n<p>Un lungo viaggio nell\u2019impareggiabile fascino del calcio inglese si accompagna ad un tourbillon di citazioni che vanno da Pasolini a Tolstoj, passando per Gorbaciov, Mandela, Brera e i Beatles. Fino a scoprire, con amarezza, che l\u2019Olanda di Cruyff e del calcio\u00a0 totale altro non \u00e8 che il simbolo di una generazione che voleva cambiare il mondo e che invece \u00e8 uscita dal campo sconfitta.<\/p>\n<p>E che l\u2019esistenzialismo ateo del Novecento non sarebbe stato lo stesso, senza il calcio.<\/p>\n<p><strong> <\/strong><\/p>\n<p>  <!--more-->  <\/p>\n<p><strong> Affari Italiani Editore<\/strong> non \u00e8 una casa editrice tradizionale: elimina i costi e le complessit\u00e0 della distribuzione tradizionale e si rivolge direttamente ai lettori, ai quali propone ebook e volumi print on demand di attualit\u00e0, storie, idee, proposte di nuove frontiere del pensare e del progettare, e approfondimenti su grandi temi politici, economici,\u00a0 culturali e di costume.<\/p>\n<p>\u00a0<\/p>\n<p>Affari Italiani Editore \u00e8 un progetto internettiano, figlio diretto della cultura della Rete e delle semplificazioni del web. \u00abDopo aver portato il giornalismo italiano sul web e il web nel giornalismo italiano \u2013 afferma il direttore ed editore di Affaritaliani.it <strong>Angelo Maria Perrino<\/strong> \u2013 dopo aver rivoluzionato la forma giornale, con questo nuovo titolo proseguiamo nell\u2019azione di profondo e strutturale rinnovamento dell\u2019editoria libraria. Vogliamo portare nel mondo dell\u2019editoria italiana il nostro patrimonio genetico di nativi digitali, basato su <strong>velocit\u00e0, leggerezza, senso delle novit\u00e0, tempismo<\/strong>. Ci interessa far circolare rapidamente e con facilit\u00e0 le idee, le storie, le opinioni, i fatti e le piccole vicende italiane e di paesi stranieri. Poco importa se il tutto star\u00e0 in un I-Pad, in un lettore per e-book o sulla cara e vecchia carta. Quel che conta \u00e8 la semplicit\u00e0 dell\u2019acquisto e prezzi di copertina accessibili e talvolta irrisori.\u00bb<\/p>\n<p>\u00a0<\/p>\n<p>Affari italiani Editore ha gi\u00e0 pubblicato:<\/p>\n<p><strong><em>\u201cASA IV \u2013 La clinica degli orrori. Santa Rita: la storia e la sentenza<\/em><\/strong><em>\u201d<\/em> a cura di Federica Mauri e Giuseppe Morello<\/p>\n<p><strong><em>\u201cEscort da URL \u2013 Viaggio nella nuova prostituzione on e off line<\/em><\/strong><em>\u201d<\/em> di Claudio Bernieri<\/p>\n<p><strong><em>\u201cIl Sacro Monti \u2013 Il bocconiano in loden al comando\u201d<\/em><\/strong> di Claudio Bernieri<\/p>\n<p><strong><em>\u201cVada a bordo, cazzo! \u2013 Le carte segrete del naufragio Concordia\u201d<\/em><\/strong> di L.Lamperti, F.Massa, M.C. Rota<\/p>\n<p><strong><em>\u201cUmberto, la Nera e la Marrone \u2013 La Lega di Bossi dal celodurismo federalistico al familismo suicida\u201d<\/em><\/strong> a cura di Affaritaliani.it<\/p>\n<p><em> <\/em><\/p>\n<p><strong><em>Lorenzo Zacchetti<\/em><\/strong><em>, nato a Milano nel 1972, \u00e8 un giornalista professionista con una particolare passione per lo sport. Ha diretto il mensile &#8220;Eurocalcio&#8221;, per poi diventare publisher di diversi periodici specializzati, tra cui &#8220;Hurr\u00e0 Juventus&#8221;, &#8220;Superbasket&#8221;, &#8220;American Superbasket&#8221; e &#8220;Tutto Mountain Bike&#8221;. Tra il 2010 e il 2011 ha contribuito alla campagna elettorale di Giuliano Pisapia a Sindaco di Milano, lavorando nelle Officine X la Citt\u00e0 sulla parte del programma relativa allo sport. Esperto di comunicazione, si occupa di formazione e counseling in ambito socio-pedagogico, aziendale e politico. <\/em><em> <\/em><\/p>\n","protected":false},"excerpt":{"rendered":"<p>\u00a0 Social Football di Lorenzo Zacchetti Non \u00e8 mai stato solo un gioco Affari Italiani Editore (Prefazione di Fabio Ravezzani)<\/p>\n","protected":false},"author":1,"featured_media":0,"comment_status":"open","ping_status":"open","sticky":false,"template":"","format":"standard","meta":[],"categories":[17],"tags":[],"yoast_head":"<!-- This site is optimized with the Yoast SEO plugin v18.0 - https:\/\/yoast.com\/wordpress\/plugins\/seo\/ -->\n<title>Il calcio secondo Zacchetti | Arte e Luoghi<\/title>\n<meta name=\"robots\" content=\"index, follow, max-snippet:-1, max-image-preview:large, max-video-preview:-1\" \/>\n<link rel=\"canonical\" href=\"https:\/\/arteeluoghi.it\/index.php\/2012\/05\/26\/il-calcio-secondo-zacchetti\/\" \/>\n<meta property=\"og:locale\" content=\"it_IT\" \/>\n<meta property=\"og:type\" content=\"article\" \/>\n<meta property=\"og:title\" content=\"Il calcio secondo Zacchetti | Arte e Luoghi\" \/>\n<meta property=\"og:description\" content=\"\u00a0 Social Football di Lorenzo Zacchetti Non \u00e8 mai stato solo un gioco Affari Italiani Editore (Prefazione di Fabio Ravezzani)\" \/>\n<meta property=\"og:url\" content=\"https:\/\/arteeluoghi.it\/index.php\/2012\/05\/26\/il-calcio-secondo-zacchetti\/\" \/>\n<meta property=\"og:site_name\" content=\"Arte e Luoghi\" \/>\n<meta property=\"article:publisher\" content=\"https:\/\/www.facebook.com\/ArteELuoghi\/\" \/>\n<meta property=\"article:published_time\" content=\"2012-05-26T21:00:00+00:00\" \/>\n<meta property=\"og:image\" content=\"https:\/\/arteeluoghi.it\/images\/stories\/social-football-web.jpg\" \/>\n<meta name=\"twitter:card\" content=\"summary\" \/>\n<meta name=\"twitter:creator\" content=\"@arteeluoghi\" \/>\n<meta name=\"twitter:site\" content=\"@arteeluoghi\" \/>\n<meta name=\"twitter:label1\" content=\"Scritto da\" \/>\n\t<meta name=\"twitter:data1\" content=\"Staff\" \/>\n\t<meta name=\"twitter:label2\" content=\"Tempo di lettura stimato\" \/>\n\t<meta name=\"twitter:data2\" content=\"3 minuti\" \/>\n<script type=\"application\/ld+json\" class=\"yoast-schema-graph\">{\"@context\":\"https:\/\/schema.org\",\"@graph\":[{\"@type\":\"Organization\",\"@id\":\"https:\/\/arteeluoghi.it\/#organization\",\"name\":\"Arte e Luoghi\",\"url\":\"https:\/\/arteeluoghi.it\/\",\"sameAs\":[\"https:\/\/www.facebook.com\/ArteELuoghi\/\",\"https:\/\/www.instagram.com\/arteeluoghi\/?hl=it\",\"https:\/\/www.youtube.com\/channel\/UCuRVc4JW4-C5sg9rQB-srkw?view_as=subscriber\",\"https:\/\/twitter.com\/arteeluoghi\"],\"logo\":{\"@type\":\"ImageObject\",\"@id\":\"https:\/\/arteeluoghi.it\/#logo\",\"inLanguage\":\"it-IT\",\"url\":\"https:\/\/arteeluoghi.it\/wp-content\/uploads\/2018\/08\/logoinstagramarte.jpg\",\"contentUrl\":\"https:\/\/arteeluoghi.it\/wp-content\/uploads\/2018\/08\/logoinstagramarte.jpg\",\"width\":150,\"height\":150,\"caption\":\"Arte e Luoghi\"},\"image\":{\"@id\":\"https:\/\/arteeluoghi.it\/#logo\"}},{\"@type\":\"WebSite\",\"@id\":\"https:\/\/arteeluoghi.it\/#website\",\"url\":\"https:\/\/arteeluoghi.it\/\",\"name\":\"Arte e Luoghi\",\"description\":\"Mensile di arte, cultura, turismo e curiosit\u00e0\",\"publisher\":{\"@id\":\"https:\/\/arteeluoghi.it\/#organization\"},\"potentialAction\":[{\"@type\":\"SearchAction\",\"target\":{\"@type\":\"EntryPoint\",\"urlTemplate\":\"https:\/\/arteeluoghi.it\/?s={search_term_string}\"},\"query-input\":\"required name=search_term_string\"}],\"inLanguage\":\"it-IT\"},{\"@type\":\"ImageObject\",\"@id\":\"https:\/\/arteeluoghi.it\/index.php\/2012\/05\/26\/il-calcio-secondo-zacchetti\/#primaryimage\",\"inLanguage\":\"it-IT\",\"url\":\"\/images\/stories\/social-football-web.jpg\",\"contentUrl\":\"\/images\/stories\/social-football-web.jpg\"},{\"@type\":\"WebPage\",\"@id\":\"https:\/\/arteeluoghi.it\/index.php\/2012\/05\/26\/il-calcio-secondo-zacchetti\/#webpage\",\"url\":\"https:\/\/arteeluoghi.it\/index.php\/2012\/05\/26\/il-calcio-secondo-zacchetti\/\",\"name\":\"Il calcio secondo Zacchetti | Arte e Luoghi\",\"isPartOf\":{\"@id\":\"https:\/\/arteeluoghi.it\/#website\"},\"primaryImageOfPage\":{\"@id\":\"https:\/\/arteeluoghi.it\/index.php\/2012\/05\/26\/il-calcio-secondo-zacchetti\/#primaryimage\"},\"datePublished\":\"2012-05-26T21:00:00+00:00\",\"dateModified\":\"2012-05-26T21:00:00+00:00\",\"breadcrumb\":{\"@id\":\"https:\/\/arteeluoghi.it\/index.php\/2012\/05\/26\/il-calcio-secondo-zacchetti\/#breadcrumb\"},\"inLanguage\":\"it-IT\",\"potentialAction\":[{\"@type\":\"ReadAction\",\"target\":[\"https:\/\/arteeluoghi.it\/index.php\/2012\/05\/26\/il-calcio-secondo-zacchetti\/\"]}]},{\"@type\":\"BreadcrumbList\",\"@id\":\"https:\/\/arteeluoghi.it\/index.php\/2012\/05\/26\/il-calcio-secondo-zacchetti\/#breadcrumb\",\"itemListElement\":[{\"@type\":\"ListItem\",\"position\":1,\"name\":\"Home\",\"item\":\"https:\/\/arteeluoghi.it\/\"},{\"@type\":\"ListItem\",\"position\":2,\"name\":\"Il calcio secondo Zacchetti\"}]},{\"@type\":\"Article\",\"@id\":\"https:\/\/arteeluoghi.it\/index.php\/2012\/05\/26\/il-calcio-secondo-zacchetti\/#article\",\"isPartOf\":{\"@id\":\"https:\/\/arteeluoghi.it\/index.php\/2012\/05\/26\/il-calcio-secondo-zacchetti\/#webpage\"},\"author\":{\"@id\":\"https:\/\/arteeluoghi.it\/#\/schema\/person\/f84e814e36e91e01448ee07eaadd41d4\"},\"headline\":\"Il calcio secondo Zacchetti\",\"datePublished\":\"2012-05-26T21:00:00+00:00\",\"dateModified\":\"2012-05-26T21:00:00+00:00\",\"mainEntityOfPage\":{\"@id\":\"https:\/\/arteeluoghi.it\/index.php\/2012\/05\/26\/il-calcio-secondo-zacchetti\/#webpage\"},\"wordCount\":648,\"commentCount\":0,\"publisher\":{\"@id\":\"https:\/\/arteeluoghi.it\/#organization\"},\"image\":{\"@id\":\"https:\/\/arteeluoghi.it\/index.php\/2012\/05\/26\/il-calcio-secondo-zacchetti\/#primaryimage\"},\"thumbnailUrl\":\"\/images\/stories\/social-football-web.jpg\",\"articleSection\":[\"LIBRI\"],\"inLanguage\":\"it-IT\",\"potentialAction\":[{\"@type\":\"CommentAction\",\"name\":\"Comment\",\"target\":[\"https:\/\/arteeluoghi.it\/index.php\/2012\/05\/26\/il-calcio-secondo-zacchetti\/#respond\"]}]},{\"@type\":\"Person\",\"@id\":\"https:\/\/arteeluoghi.it\/#\/schema\/person\/f84e814e36e91e01448ee07eaadd41d4\",\"name\":\"Staff\",\"image\":{\"@type\":\"ImageObject\",\"@id\":\"https:\/\/arteeluoghi.it\/#personlogo\",\"inLanguage\":\"it-IT\",\"url\":\"https:\/\/secure.gravatar.com\/avatar\/49d2f9e46271bb04e19cebfaf141313a?s=96&d=blank&r=g\",\"contentUrl\":\"https:\/\/secure.gravatar.com\/avatar\/49d2f9e46271bb04e19cebfaf141313a?s=96&d=blank&r=g\",\"caption\":\"Staff\"}}]}<\/script>\n<!-- \/ Yoast SEO plugin. -->","yoast_head_json":{"title":"Il calcio secondo Zacchetti | Arte e Luoghi","robots":{"index":"index","follow":"follow","max-snippet":"max-snippet:-1","max-image-preview":"max-image-preview:large","max-video-preview":"max-video-preview:-1"},"canonical":"https:\/\/arteeluoghi.it\/index.php\/2012\/05\/26\/il-calcio-secondo-zacchetti\/","og_locale":"it_IT","og_type":"article","og_title":"Il calcio secondo Zacchetti | Arte e Luoghi","og_description":"\u00a0 Social Football di Lorenzo Zacchetti Non \u00e8 mai stato solo un gioco Affari Italiani Editore (Prefazione di Fabio Ravezzani)","og_url":"https:\/\/arteeluoghi.it\/index.php\/2012\/05\/26\/il-calcio-secondo-zacchetti\/","og_site_name":"Arte e Luoghi","article_publisher":"https:\/\/www.facebook.com\/ArteELuoghi\/","article_published_time":"2012-05-26T21:00:00+00:00","og_image":[{"url":"https:\/\/arteeluoghi.it\/images\/stories\/social-football-web.jpg"}],"twitter_card":"summary","twitter_creator":"@arteeluoghi","twitter_site":"@arteeluoghi","twitter_misc":{"Scritto da":"Staff","Tempo di lettura stimato":"3 minuti"},"schema":{"@context":"https:\/\/schema.org","@graph":[{"@type":"Organization","@id":"https:\/\/arteeluoghi.it\/#organization","name":"Arte e Luoghi","url":"https:\/\/arteeluoghi.it\/","sameAs":["https:\/\/www.facebook.com\/ArteELuoghi\/","https:\/\/www.instagram.com\/arteeluoghi\/?hl=it","https:\/\/www.youtube.com\/channel\/UCuRVc4JW4-C5sg9rQB-srkw?view_as=subscriber","https:\/\/twitter.com\/arteeluoghi"],"logo":{"@type":"ImageObject","@id":"https:\/\/arteeluoghi.it\/#logo","inLanguage":"it-IT","url":"https:\/\/arteeluoghi.it\/wp-content\/uploads\/2018\/08\/logoinstagramarte.jpg","contentUrl":"https:\/\/arteeluoghi.it\/wp-content\/uploads\/2018\/08\/logoinstagramarte.jpg","width":150,"height":150,"caption":"Arte e Luoghi"},"image":{"@id":"https:\/\/arteeluoghi.it\/#logo"}},{"@type":"WebSite","@id":"https:\/\/arteeluoghi.it\/#website","url":"https:\/\/arteeluoghi.it\/","name":"Arte e Luoghi","description":"Mensile di arte, cultura, turismo e curiosit\u00e0","publisher":{"@id":"https:\/\/arteeluoghi.it\/#organization"},"potentialAction":[{"@type":"SearchAction","target":{"@type":"EntryPoint","urlTemplate":"https:\/\/arteeluoghi.it\/?s={search_term_string}"},"query-input":"required name=search_term_string"}],"inLanguage":"it-IT"},{"@type":"ImageObject","@id":"https:\/\/arteeluoghi.it\/index.php\/2012\/05\/26\/il-calcio-secondo-zacchetti\/#primaryimage","inLanguage":"it-IT","url":"\/images\/stories\/social-football-web.jpg","contentUrl":"\/images\/stories\/social-football-web.jpg"},{"@type":"WebPage","@id":"https:\/\/arteeluoghi.it\/index.php\/2012\/05\/26\/il-calcio-secondo-zacchetti\/#webpage","url":"https:\/\/arteeluoghi.it\/index.php\/2012\/05\/26\/il-calcio-secondo-zacchetti\/","name":"Il calcio secondo Zacchetti | Arte e Luoghi","isPartOf":{"@id":"https:\/\/arteeluoghi.it\/#website"},"primaryImageOfPage":{"@id":"https:\/\/arteeluoghi.it\/index.php\/2012\/05\/26\/il-calcio-secondo-zacchetti\/#primaryimage"},"datePublished":"2012-05-26T21:00:00+00:00","dateModified":"2012-05-26T21:00:00+00:00","breadcrumb":{"@id":"https:\/\/arteeluoghi.it\/index.php\/2012\/05\/26\/il-calcio-secondo-zacchetti\/#breadcrumb"},"inLanguage":"it-IT","potentialAction":[{"@type":"ReadAction","target":["https:\/\/arteeluoghi.it\/index.php\/2012\/05\/26\/il-calcio-secondo-zacchetti\/"]}]},{"@type":"BreadcrumbList","@id":"https:\/\/arteeluoghi.it\/index.php\/2012\/05\/26\/il-calcio-secondo-zacchetti\/#breadcrumb","itemListElement":[{"@type":"ListItem","position":1,"name":"Home","item":"https:\/\/arteeluoghi.it\/"},{"@type":"ListItem","position":2,"name":"Il calcio secondo Zacchetti"}]},{"@type":"Article","@id":"https:\/\/arteeluoghi.it\/index.php\/2012\/05\/26\/il-calcio-secondo-zacchetti\/#article","isPartOf":{"@id":"https:\/\/arteeluoghi.it\/index.php\/2012\/05\/26\/il-calcio-secondo-zacchetti\/#webpage"},"author":{"@id":"https:\/\/arteeluoghi.it\/#\/schema\/person\/f84e814e36e91e01448ee07eaadd41d4"},"headline":"Il calcio secondo Zacchetti","datePublished":"2012-05-26T21:00:00+00:00","dateModified":"2012-05-26T21:00:00+00:00","mainEntityOfPage":{"@id":"https:\/\/arteeluoghi.it\/index.php\/2012\/05\/26\/il-calcio-secondo-zacchetti\/#webpage"},"wordCount":648,"commentCount":0,"publisher":{"@id":"https:\/\/arteeluoghi.it\/#organization"},"image":{"@id":"https:\/\/arteeluoghi.it\/index.php\/2012\/05\/26\/il-calcio-secondo-zacchetti\/#primaryimage"},"thumbnailUrl":"\/images\/stories\/social-football-web.jpg","articleSection":["LIBRI"],"inLanguage":"it-IT","potentialAction":[{"@type":"CommentAction","name":"Comment","target":["https:\/\/arteeluoghi.it\/index.php\/2012\/05\/26\/il-calcio-secondo-zacchetti\/#respond"]}]},{"@type":"Person","@id":"https:\/\/arteeluoghi.it\/#\/schema\/person\/f84e814e36e91e01448ee07eaadd41d4","name":"Staff","image":{"@type":"ImageObject","@id":"https:\/\/arteeluoghi.it\/#personlogo","inLanguage":"it-IT","url":"https:\/\/secure.gravatar.com\/avatar\/49d2f9e46271bb04e19cebfaf141313a?s=96&d=blank&r=g","contentUrl":"https:\/\/secure.gravatar.com\/avatar\/49d2f9e46271bb04e19cebfaf141313a?s=96&d=blank&r=g","caption":"Staff"}}]}},"_links":{"self":[{"href":"https:\/\/arteeluoghi.it\/index.php\/wp-json\/wp\/v2\/posts\/890"}],"collection":[{"href":"https:\/\/arteeluoghi.it\/index.php\/wp-json\/wp\/v2\/posts"}],"about":[{"href":"https:\/\/arteeluoghi.it\/index.php\/wp-json\/wp\/v2\/types\/post"}],"author":[{"embeddable":true,"href":"https:\/\/arteeluoghi.it\/index.php\/wp-json\/wp\/v2\/users\/1"}],"replies":[{"embeddable":true,"href":"https:\/\/arteeluoghi.it\/index.php\/wp-json\/wp\/v2\/comments?post=890"}],"version-history":[{"count":0,"href":"https:\/\/arteeluoghi.it\/index.php\/wp-json\/wp\/v2\/posts\/890\/revisions"}],"wp:attachment":[{"href":"https:\/\/arteeluoghi.it\/index.php\/wp-json\/wp\/v2\/media?parent=890"}],"wp:term":[{"taxonomy":"category","embeddable":true,"href":"https:\/\/arteeluoghi.it\/index.php\/wp-json\/wp\/v2\/categories?post=890"},{"taxonomy":"post_tag","embeddable":true,"href":"https:\/\/arteeluoghi.it\/index.php\/wp-json\/wp\/v2\/tags?post=890"}],"curies":[{"name":"wp","href":"https:\/\/api.w.org\/{rel}","templated":true}]}}