{"id":901,"date":"2012-09-14T12:31:09","date_gmt":"2012-09-14T10:31:09","guid":{"rendered":"http:\/\/arteeluoghi.it\/index.php\/2012\/09\/14\/gli-scatti-di-ines-facchin\/"},"modified":"2012-09-14T12:31:09","modified_gmt":"2012-09-14T10:31:09","slug":"gli-scatti-di-ines-facchin","status":"publish","type":"post","link":"https:\/\/arteeluoghi.it\/index.php\/2012\/09\/14\/gli-scatti-di-ines-facchin\/","title":{"rendered":"Gli scatti di Ines Facchin"},"content":{"rendered":"<p><img src=\"\/images\/stories\/l1110044---tallin---estonia---27.06.2012-25.jpg\" border=\"0\" title=\"Ines Facchin, l1110044---tallin---estonia---27.06.2012-25\" style=\"margin: 21px; float: left;\" \/><\/p>\n<p><strong> <\/strong><\/p>\n<p style=\"text-align: right;\"><span style=\"font-size: x-small;\">\u201c<em>\u2026<\/em> <em>l\u2019invisibile non \u00e8 in contraddizione<\/em><\/span><\/p>\n<p style=\"text-align: right;\"><span style=\"font-size: x-small;\"><em>con il visibile: del resto il visibile ha una<\/em><\/span><\/p>\n<p style=\"text-align: right;\"><span style=\"font-size: x-small;\"><em>struttura interna invisibile e l\u2019in-visibile <\/em><\/span><\/p>\n<p style=\"text-align: right;\"><span style=\"font-size: x-small;\"><em> \u00e8 l\u2019equivalente segreto del visibile<\/em>\u201d<\/span><\/p>\n<p style=\"text-align: right;\"><span style=\"font-size: x-small;\"><br \/><\/span><\/p>\n<p style=\"text-align: right;\"><span style=\"font-size: x-small;\">Maurice Merleau-Ponty<\/span><\/p>\n<p>\u00a0<\/p>\n<p>\u00a0<\/p>\n<p>\u00a0<\/p>\n<p>\u00a0<\/p>\n<p><strong>PER INVISIBILIA AD VISIBILIA<\/strong><\/p>\n<p><strong><em>Quei particolari impercettibili e misteriosi<\/em><\/strong><\/p>\n<p><strong><em>di Toti Carpentieri<br \/><\/em><\/strong><\/p>\n<p><strong> <\/strong><\/p>\n<p>In quel gioco delle coincidenze che ci affascina da tempo, in quanto legato alla costruzione degli eventi ma anche all\u2019ineluttabilit\u00e0 delle infinite traiettorie del caso, pu\u00f2 accadere che il critico aduso alla comprensione dell\u2019immagine, ma esercitato anche nella lettura del testo, d\u2019improvviso leghi l\u2019uno all\u2019altra e viceversa, senza che vi sia alcun reale rapporto didascalico tra loro. Ovvero che l\u2019una raffiguri il percorso delle parole, o che l\u2019altro spieghi quanto rappresentato.<\/p>\n<p>Come, in realt\u00e0, ci \u00e8 capitato di recente facendo scorrere i mille e mille scatti fotografici che Ines Facchin ha realizzato, muovendosi da un paese all\u2019altro e da una citt\u00e0 all\u2019altra, negli ultimi cinque anni. Fermandoci sul singolo <em>file<\/em> talvolta, talaltra ponendoli l\u2019uno dopo l\u2019altro in sequenza nella logicit\u00e0 di una successione numerica priva, almeno per noi, di qualunque riferimento che non fosse quello delle cifre e del capolettera. \u00a0Complice, forse, quel memorabile ritratto in bianco e nero che Elisabetta Catalano volle fare ad Italo Calvino seduto di sghimbescio sulla sedia, e con cui, da anni, dialoghiamo silenziosamente. Noi vaganti nel quotidiano spazio personale popolato da memorie, da tracce presenti e da suggestive e futuribili ipotesi, l\u2019altro immobile sulla bianca parete \u2026 pronto ad uscirne fuori. E ci torna alla mente quella frase de \u201cLe citt\u00e0 invisibili\u201d che afferma: \u201cViaggiando ci si accorge che le differenze si perdono: ogni citt\u00e0 va somigliando a tutte le citt\u00e0, i luoghi si scambiano forma ordine distanze, un pulviscolo informe invade i continenti\u201d; precisando, se mai ve ne fosse bisogno, che Marc Aug\u00e9 si riferisce a ben altre non-identit\u00e0.<\/p>\n<p>\u00a0<\/p>\n<p>  <!--more-->  <\/p>\n<p>Ed ecco, allora, che il critico, travolto e sconvolto dalle immagini della fotografa\/architetto, si appropria, per tutta una serie di motivazioni al personale (non ultime il suo nascere e il suo crescere a contatto con la fotografia chimica, il suo muoversi professionale tra arte e scienza, il suo sottile e profondo legame con i numeri e quel suo temporaneo permanere a Torino proprio l\u00ec dalle parti di via Umberto Biancamano agli inizi degli anni Settanta) della struttura del romanzo dello scrittore di Santiago de Las Vegas, e su di essa costruisce questa mostra personale di Ines Facchin da leggersi come la coincidenza dei desideri: quelli dell\u2019artista, quelli dello stesso critico, e infine e probabilmente quelli di tutti gli altri cui capiter\u00e0 di vedere la mostra, o di sfogliarne il catalogo.<\/p>\n<p>\u00a0<\/p>\n<p>Cos\u00ec ben oltre l\u2019impianto letterario dei nove capitoli che lasciamo, ovviamente, al romanzo, eccoci, affascinati dai numeri e dai loro magici significati (il cinque con il suo simboleggiare l\u2019anima e il centro \u2013l\u2019essere tra l\u2019uno e il nove-, il potere dell\u2019uomo e l\u2019energia di chi inquieto riesce a guardare verso l\u2019ignoto, e quindi l\u2019undici \u2013il primo numero <em>mastro<\/em>&#8211; la cifra dei creativi e della forza oltre che della rivelazione, della conoscenza e della comprensione), intenti nella scelta delle cinquantacinque fotografie di altrettante citt\u00e0, e nell\u2019avvertita, logica e pressoch\u00e9 ovvia necessit\u00e0 di suddividerle a cinque a cinque in quegli undici gruppi di calviniana ricordanza che al termine <em>citt\u00e0<\/em> (tutte al femminile da Berenice a Pentesilea, tra allusioni e fantasie) accoppiano parole come memoria, desiderio, segni, sottili, scambi, occhi, nome, morti, cielo, continue, nascoste. Guardando, ben oltre i lemmi, alle emozioni. E facendo s\u00ec che il tempo e lo spazio, alla fine, possano essere soltanto particolari irrilevanti ed insignificanti. Come accade anche a noi, pur se nei confronti delle immagini della fotografa\/architetto.<\/p>\n<p>E se \u00e8 vero, come \u00e8 vero, che le fotografie devono raccontare delle storie, ecco che gli sguardi sulle citt\u00e0 di Ines Facchin (fermandosi, in piena adesione al pensiero di Maurice Merleau-Ponty, sul visibile e sul percepibile) indirizzano la nostra mente e il nostro sguardo sul non visibile di cui il visibile \u00e8 intessuto, consentendo alla sua fida Leica V-Lux 2 di scoprire sempre qualcosa di nuovo, di fermare stabilmente (rifiutando ogni successiva manipolazione digitale) ci\u00f2 che l\u2019occhio non ha ancora percepito, guardando, tra analogie e diversit\u00e0, modalit\u00e0 cromatiche nuove ed antiche, osmosi di forme e di colori, al dettaglio (il segno, il colore, la forma, l\u2019insieme e la <em>texture<\/em>) come la parte per il tutto. Rapportandoci con lo spazio, fino ad identificare il <em>corpus<\/em> del luogo ben oltre la sua irriconoscibilit\u00e0, e conferendogli la dimensione del concetto.<\/p>\n<p>Non \u00e8 quindi casuale che, al pari delle citt\u00e0 metaforiche di Calvino, le cinquantacinque foto degli altrettanti luoghi di Ines Facchin (una che, per dirla con Marcovaldo, avendo l\u2019occhio \u201ctrova quel che cerca anche a occhi chiusi\u201d) con cui abbiamo voluto costruire questa mostra e i loro undici percorsi, ci portino con immediatezza e semplicit\u00e0 nel territorio dell\u2019invisibile e del fantastico, lasciando alla intangibile concretezza dell\u2019immagine urbana \u2013il suo essere la tessera di un puzzle di ricordi e di desideri- la possibilit\u00e0 di ritrovare quelle dimensioni nascoste che ci appartengono, godendo di essa, nel segno di Marco Polo, non \u201cle sette o settantasette meraviglie, ma la risposta che d\u00e0 ad una tua domanda\u201d.<\/p>\n<p>Fino alla riconquista della memoria smarrita, e quindi dell\u2019essenza delle cose e della pura emozione.<\/p>\n<p>\u00a0<\/p>\n<p>(prefazione in catalogo, edizioni il raggio verde)<\/p>\n","protected":false},"excerpt":{"rendered":"<p>\u201c\u2026 l\u2019invisibile non \u00e8 in contraddizione con il visibile: del resto il visibile ha una struttura interna invisibile e l\u2019in-visibile<\/p>\n","protected":false},"author":1,"featured_media":0,"comment_status":"open","ping_status":"open","sticky":false,"template":"","format":"standard","meta":[],"categories":[3],"tags":[],"yoast_head":"<!-- This site is optimized with the Yoast SEO plugin v18.0 - https:\/\/yoast.com\/wordpress\/plugins\/seo\/ -->\n<title>Gli scatti di Ines Facchin | Arte e Luoghi<\/title>\n<meta name=\"robots\" content=\"index, follow, max-snippet:-1, max-image-preview:large, max-video-preview:-1\" \/>\n<link rel=\"canonical\" href=\"https:\/\/arteeluoghi.it\/index.php\/2012\/09\/14\/gli-scatti-di-ines-facchin\/\" \/>\n<meta property=\"og:locale\" content=\"it_IT\" \/>\n<meta property=\"og:type\" content=\"article\" \/>\n<meta property=\"og:title\" content=\"Gli scatti di Ines Facchin | Arte e Luoghi\" \/>\n<meta property=\"og:description\" content=\"\u201c\u2026 l\u2019invisibile non \u00e8 in contraddizione con il visibile: del resto il visibile ha una struttura interna invisibile e l\u2019in-visibile\" \/>\n<meta property=\"og:url\" content=\"https:\/\/arteeluoghi.it\/index.php\/2012\/09\/14\/gli-scatti-di-ines-facchin\/\" \/>\n<meta property=\"og:site_name\" content=\"Arte e Luoghi\" \/>\n<meta property=\"article:publisher\" content=\"https:\/\/www.facebook.com\/ArteELuoghi\/\" \/>\n<meta property=\"article:published_time\" content=\"2012-09-14T10:31:09+00:00\" \/>\n<meta property=\"og:image\" content=\"https:\/\/arteeluoghi.it\/images\/stories\/l1110044---tallin---estonia---27.06.2012-25.jpg\" \/>\n<meta name=\"twitter:card\" content=\"summary\" \/>\n<meta name=\"twitter:creator\" content=\"@arteeluoghi\" \/>\n<meta name=\"twitter:site\" content=\"@arteeluoghi\" \/>\n<meta name=\"twitter:label1\" content=\"Scritto da\" \/>\n\t<meta name=\"twitter:data1\" content=\"Staff\" \/>\n\t<meta name=\"twitter:label2\" content=\"Tempo di lettura stimato\" \/>\n\t<meta name=\"twitter:data2\" content=\"4 minuti\" \/>\n<script type=\"application\/ld+json\" class=\"yoast-schema-graph\">{\"@context\":\"https:\/\/schema.org\",\"@graph\":[{\"@type\":\"Organization\",\"@id\":\"https:\/\/arteeluoghi.it\/#organization\",\"name\":\"Arte e Luoghi\",\"url\":\"https:\/\/arteeluoghi.it\/\",\"sameAs\":[\"https:\/\/www.facebook.com\/ArteELuoghi\/\",\"https:\/\/www.instagram.com\/arteeluoghi\/?hl=it\",\"https:\/\/www.youtube.com\/channel\/UCuRVc4JW4-C5sg9rQB-srkw?view_as=subscriber\",\"https:\/\/twitter.com\/arteeluoghi\"],\"logo\":{\"@type\":\"ImageObject\",\"@id\":\"https:\/\/arteeluoghi.it\/#logo\",\"inLanguage\":\"it-IT\",\"url\":\"https:\/\/arteeluoghi.it\/wp-content\/uploads\/2018\/08\/logoinstagramarte.jpg\",\"contentUrl\":\"https:\/\/arteeluoghi.it\/wp-content\/uploads\/2018\/08\/logoinstagramarte.jpg\",\"width\":150,\"height\":150,\"caption\":\"Arte e Luoghi\"},\"image\":{\"@id\":\"https:\/\/arteeluoghi.it\/#logo\"}},{\"@type\":\"WebSite\",\"@id\":\"https:\/\/arteeluoghi.it\/#website\",\"url\":\"https:\/\/arteeluoghi.it\/\",\"name\":\"Arte e Luoghi\",\"description\":\"Mensile di arte, cultura, turismo e curiosit\u00e0\",\"publisher\":{\"@id\":\"https:\/\/arteeluoghi.it\/#organization\"},\"potentialAction\":[{\"@type\":\"SearchAction\",\"target\":{\"@type\":\"EntryPoint\",\"urlTemplate\":\"https:\/\/arteeluoghi.it\/?s={search_term_string}\"},\"query-input\":\"required name=search_term_string\"}],\"inLanguage\":\"it-IT\"},{\"@type\":\"ImageObject\",\"@id\":\"https:\/\/arteeluoghi.it\/index.php\/2012\/09\/14\/gli-scatti-di-ines-facchin\/#primaryimage\",\"inLanguage\":\"it-IT\",\"url\":\"\/images\/stories\/l1110044---tallin---estonia---27.06.2012-25.jpg\",\"contentUrl\":\"\/images\/stories\/l1110044---tallin---estonia---27.06.2012-25.jpg\"},{\"@type\":\"WebPage\",\"@id\":\"https:\/\/arteeluoghi.it\/index.php\/2012\/09\/14\/gli-scatti-di-ines-facchin\/#webpage\",\"url\":\"https:\/\/arteeluoghi.it\/index.php\/2012\/09\/14\/gli-scatti-di-ines-facchin\/\",\"name\":\"Gli scatti di Ines Facchin | Arte e Luoghi\",\"isPartOf\":{\"@id\":\"https:\/\/arteeluoghi.it\/#website\"},\"primaryImageOfPage\":{\"@id\":\"https:\/\/arteeluoghi.it\/index.php\/2012\/09\/14\/gli-scatti-di-ines-facchin\/#primaryimage\"},\"datePublished\":\"2012-09-14T10:31:09+00:00\",\"dateModified\":\"2012-09-14T10:31:09+00:00\",\"breadcrumb\":{\"@id\":\"https:\/\/arteeluoghi.it\/index.php\/2012\/09\/14\/gli-scatti-di-ines-facchin\/#breadcrumb\"},\"inLanguage\":\"it-IT\",\"potentialAction\":[{\"@type\":\"ReadAction\",\"target\":[\"https:\/\/arteeluoghi.it\/index.php\/2012\/09\/14\/gli-scatti-di-ines-facchin\/\"]}]},{\"@type\":\"BreadcrumbList\",\"@id\":\"https:\/\/arteeluoghi.it\/index.php\/2012\/09\/14\/gli-scatti-di-ines-facchin\/#breadcrumb\",\"itemListElement\":[{\"@type\":\"ListItem\",\"position\":1,\"name\":\"Home\",\"item\":\"https:\/\/arteeluoghi.it\/\"},{\"@type\":\"ListItem\",\"position\":2,\"name\":\"Gli scatti di Ines Facchin\"}]},{\"@type\":\"Article\",\"@id\":\"https:\/\/arteeluoghi.it\/index.php\/2012\/09\/14\/gli-scatti-di-ines-facchin\/#article\",\"isPartOf\":{\"@id\":\"https:\/\/arteeluoghi.it\/index.php\/2012\/09\/14\/gli-scatti-di-ines-facchin\/#webpage\"},\"author\":{\"@id\":\"https:\/\/arteeluoghi.it\/#\/schema\/person\/f84e814e36e91e01448ee07eaadd41d4\"},\"headline\":\"Gli scatti di Ines Facchin\",\"datePublished\":\"2012-09-14T10:31:09+00:00\",\"dateModified\":\"2012-09-14T10:31:09+00:00\",\"mainEntityOfPage\":{\"@id\":\"https:\/\/arteeluoghi.it\/index.php\/2012\/09\/14\/gli-scatti-di-ines-facchin\/#webpage\"},\"wordCount\":896,\"commentCount\":0,\"publisher\":{\"@id\":\"https:\/\/arteeluoghi.it\/#organization\"},\"image\":{\"@id\":\"https:\/\/arteeluoghi.it\/index.php\/2012\/09\/14\/gli-scatti-di-ines-facchin\/#primaryimage\"},\"thumbnailUrl\":\"\/images\/stories\/l1110044---tallin---estonia---27.06.2012-25.jpg\",\"articleSection\":[\"Arti visive\"],\"inLanguage\":\"it-IT\",\"potentialAction\":[{\"@type\":\"CommentAction\",\"name\":\"Comment\",\"target\":[\"https:\/\/arteeluoghi.it\/index.php\/2012\/09\/14\/gli-scatti-di-ines-facchin\/#respond\"]}]},{\"@type\":\"Person\",\"@id\":\"https:\/\/arteeluoghi.it\/#\/schema\/person\/f84e814e36e91e01448ee07eaadd41d4\",\"name\":\"Staff\",\"image\":{\"@type\":\"ImageObject\",\"@id\":\"https:\/\/arteeluoghi.it\/#personlogo\",\"inLanguage\":\"it-IT\",\"url\":\"https:\/\/secure.gravatar.com\/avatar\/49d2f9e46271bb04e19cebfaf141313a?s=96&d=blank&r=g\",\"contentUrl\":\"https:\/\/secure.gravatar.com\/avatar\/49d2f9e46271bb04e19cebfaf141313a?s=96&d=blank&r=g\",\"caption\":\"Staff\"}}]}<\/script>\n<!-- \/ Yoast SEO plugin. -->","yoast_head_json":{"title":"Gli scatti di Ines Facchin | Arte e Luoghi","robots":{"index":"index","follow":"follow","max-snippet":"max-snippet:-1","max-image-preview":"max-image-preview:large","max-video-preview":"max-video-preview:-1"},"canonical":"https:\/\/arteeluoghi.it\/index.php\/2012\/09\/14\/gli-scatti-di-ines-facchin\/","og_locale":"it_IT","og_type":"article","og_title":"Gli scatti di Ines Facchin | Arte e Luoghi","og_description":"\u201c\u2026 l\u2019invisibile non \u00e8 in contraddizione con il visibile: del resto il visibile ha una struttura interna invisibile e l\u2019in-visibile","og_url":"https:\/\/arteeluoghi.it\/index.php\/2012\/09\/14\/gli-scatti-di-ines-facchin\/","og_site_name":"Arte e Luoghi","article_publisher":"https:\/\/www.facebook.com\/ArteELuoghi\/","article_published_time":"2012-09-14T10:31:09+00:00","og_image":[{"url":"https:\/\/arteeluoghi.it\/images\/stories\/l1110044---tallin---estonia---27.06.2012-25.jpg"}],"twitter_card":"summary","twitter_creator":"@arteeluoghi","twitter_site":"@arteeluoghi","twitter_misc":{"Scritto da":"Staff","Tempo di lettura stimato":"4 minuti"},"schema":{"@context":"https:\/\/schema.org","@graph":[{"@type":"Organization","@id":"https:\/\/arteeluoghi.it\/#organization","name":"Arte e Luoghi","url":"https:\/\/arteeluoghi.it\/","sameAs":["https:\/\/www.facebook.com\/ArteELuoghi\/","https:\/\/www.instagram.com\/arteeluoghi\/?hl=it","https:\/\/www.youtube.com\/channel\/UCuRVc4JW4-C5sg9rQB-srkw?view_as=subscriber","https:\/\/twitter.com\/arteeluoghi"],"logo":{"@type":"ImageObject","@id":"https:\/\/arteeluoghi.it\/#logo","inLanguage":"it-IT","url":"https:\/\/arteeluoghi.it\/wp-content\/uploads\/2018\/08\/logoinstagramarte.jpg","contentUrl":"https:\/\/arteeluoghi.it\/wp-content\/uploads\/2018\/08\/logoinstagramarte.jpg","width":150,"height":150,"caption":"Arte e Luoghi"},"image":{"@id":"https:\/\/arteeluoghi.it\/#logo"}},{"@type":"WebSite","@id":"https:\/\/arteeluoghi.it\/#website","url":"https:\/\/arteeluoghi.it\/","name":"Arte e Luoghi","description":"Mensile di arte, cultura, turismo e curiosit\u00e0","publisher":{"@id":"https:\/\/arteeluoghi.it\/#organization"},"potentialAction":[{"@type":"SearchAction","target":{"@type":"EntryPoint","urlTemplate":"https:\/\/arteeluoghi.it\/?s={search_term_string}"},"query-input":"required name=search_term_string"}],"inLanguage":"it-IT"},{"@type":"ImageObject","@id":"https:\/\/arteeluoghi.it\/index.php\/2012\/09\/14\/gli-scatti-di-ines-facchin\/#primaryimage","inLanguage":"it-IT","url":"\/images\/stories\/l1110044---tallin---estonia---27.06.2012-25.jpg","contentUrl":"\/images\/stories\/l1110044---tallin---estonia---27.06.2012-25.jpg"},{"@type":"WebPage","@id":"https:\/\/arteeluoghi.it\/index.php\/2012\/09\/14\/gli-scatti-di-ines-facchin\/#webpage","url":"https:\/\/arteeluoghi.it\/index.php\/2012\/09\/14\/gli-scatti-di-ines-facchin\/","name":"Gli scatti di Ines Facchin | Arte e Luoghi","isPartOf":{"@id":"https:\/\/arteeluoghi.it\/#website"},"primaryImageOfPage":{"@id":"https:\/\/arteeluoghi.it\/index.php\/2012\/09\/14\/gli-scatti-di-ines-facchin\/#primaryimage"},"datePublished":"2012-09-14T10:31:09+00:00","dateModified":"2012-09-14T10:31:09+00:00","breadcrumb":{"@id":"https:\/\/arteeluoghi.it\/index.php\/2012\/09\/14\/gli-scatti-di-ines-facchin\/#breadcrumb"},"inLanguage":"it-IT","potentialAction":[{"@type":"ReadAction","target":["https:\/\/arteeluoghi.it\/index.php\/2012\/09\/14\/gli-scatti-di-ines-facchin\/"]}]},{"@type":"BreadcrumbList","@id":"https:\/\/arteeluoghi.it\/index.php\/2012\/09\/14\/gli-scatti-di-ines-facchin\/#breadcrumb","itemListElement":[{"@type":"ListItem","position":1,"name":"Home","item":"https:\/\/arteeluoghi.it\/"},{"@type":"ListItem","position":2,"name":"Gli scatti di Ines Facchin"}]},{"@type":"Article","@id":"https:\/\/arteeluoghi.it\/index.php\/2012\/09\/14\/gli-scatti-di-ines-facchin\/#article","isPartOf":{"@id":"https:\/\/arteeluoghi.it\/index.php\/2012\/09\/14\/gli-scatti-di-ines-facchin\/#webpage"},"author":{"@id":"https:\/\/arteeluoghi.it\/#\/schema\/person\/f84e814e36e91e01448ee07eaadd41d4"},"headline":"Gli scatti di Ines Facchin","datePublished":"2012-09-14T10:31:09+00:00","dateModified":"2012-09-14T10:31:09+00:00","mainEntityOfPage":{"@id":"https:\/\/arteeluoghi.it\/index.php\/2012\/09\/14\/gli-scatti-di-ines-facchin\/#webpage"},"wordCount":896,"commentCount":0,"publisher":{"@id":"https:\/\/arteeluoghi.it\/#organization"},"image":{"@id":"https:\/\/arteeluoghi.it\/index.php\/2012\/09\/14\/gli-scatti-di-ines-facchin\/#primaryimage"},"thumbnailUrl":"\/images\/stories\/l1110044---tallin---estonia---27.06.2012-25.jpg","articleSection":["Arti visive"],"inLanguage":"it-IT","potentialAction":[{"@type":"CommentAction","name":"Comment","target":["https:\/\/arteeluoghi.it\/index.php\/2012\/09\/14\/gli-scatti-di-ines-facchin\/#respond"]}]},{"@type":"Person","@id":"https:\/\/arteeluoghi.it\/#\/schema\/person\/f84e814e36e91e01448ee07eaadd41d4","name":"Staff","image":{"@type":"ImageObject","@id":"https:\/\/arteeluoghi.it\/#personlogo","inLanguage":"it-IT","url":"https:\/\/secure.gravatar.com\/avatar\/49d2f9e46271bb04e19cebfaf141313a?s=96&d=blank&r=g","contentUrl":"https:\/\/secure.gravatar.com\/avatar\/49d2f9e46271bb04e19cebfaf141313a?s=96&d=blank&r=g","caption":"Staff"}}]}},"_links":{"self":[{"href":"https:\/\/arteeluoghi.it\/index.php\/wp-json\/wp\/v2\/posts\/901"}],"collection":[{"href":"https:\/\/arteeluoghi.it\/index.php\/wp-json\/wp\/v2\/posts"}],"about":[{"href":"https:\/\/arteeluoghi.it\/index.php\/wp-json\/wp\/v2\/types\/post"}],"author":[{"embeddable":true,"href":"https:\/\/arteeluoghi.it\/index.php\/wp-json\/wp\/v2\/users\/1"}],"replies":[{"embeddable":true,"href":"https:\/\/arteeluoghi.it\/index.php\/wp-json\/wp\/v2\/comments?post=901"}],"version-history":[{"count":0,"href":"https:\/\/arteeluoghi.it\/index.php\/wp-json\/wp\/v2\/posts\/901\/revisions"}],"wp:attachment":[{"href":"https:\/\/arteeluoghi.it\/index.php\/wp-json\/wp\/v2\/media?parent=901"}],"wp:term":[{"taxonomy":"category","embeddable":true,"href":"https:\/\/arteeluoghi.it\/index.php\/wp-json\/wp\/v2\/categories?post=901"},{"taxonomy":"post_tag","embeddable":true,"href":"https:\/\/arteeluoghi.it\/index.php\/wp-json\/wp\/v2\/tags?post=901"}],"curies":[{"name":"wp","href":"https:\/\/api.w.org\/{rel}","templated":true}]}}