{"id":9031,"date":"2020-09-25T21:09:10","date_gmt":"2020-09-25T19:09:10","guid":{"rendered":"https:\/\/arteeluoghi.it\/?p=9031"},"modified":"2020-09-25T21:09:12","modified_gmt":"2020-09-25T19:09:12","slug":"la-notte-dei-ricercatori","status":"publish","type":"post","link":"https:\/\/arteeluoghi.it\/index.php\/2020\/09\/25\/la-notte-dei-ricercatori\/","title":{"rendered":"La Notte dei ricercatori"},"content":{"rendered":"\n<blockquote class=\"wp-block-quote\"><p>Slitta al prossimo 27 novembre il consueto appuntamento con i ricercatori<\/p><\/blockquote>\n\n\n\n<p>La Notte europea dei ricercatori non si ferma. Il consueto appuntamento con i ricercatori, che avrebbe dovuto svolgersi oggi, 25 settembre, quest\u2019anno \u00e8 solamente posticipato. La nuova edizione della Notte si svolger\u00e0, infatti, il\u00a0<strong>27 novembre 2020<\/strong>, in tutta Europa: migliaia di ricercatori incontreranno come sempre centinaia di migliaia di persone di ogni et\u00e0, quest\u2019anno non solo nelle strade, nelle piazze e nei siti del patrimonio culturale, nelle universit\u00e0 e nei laboratori dei principali istituti di ricerca, ma anche online. La pandemia in atto ha infatti reso necessario ripensare la progettazione degli eventi in termini di distanziamento, facendo nel contempo emergere nuove proposte e nuove modalit\u00e0 di incontro per avvicinare (in sicurezza) i cittadini ai ricercatori.<\/p>\n\n\n\n<!--more-->\n\n\n\n<div class=\"wp-block-image\"><figure class=\"aligncenter\"><img loading=\"lazy\" width=\"485\" height=\"415\" src=\"https:\/\/arteeluoghi.it\/wp-content\/uploads\/2020\/09\/ERN-Apulia2.gif\" alt=\"\" class=\"wp-image-9032\"\/><figcaption>Le immagini si riferiscono all&#8217;edizione 2019<br> (foto ufficio stampa Universit\u00e0 del Salento)<\/figcaption><\/figure><\/div>\n\n\n\n<p>Migliaia di visitatori di tutte le et\u00e0 incontreranno centinaia di ricercatori coinvolti in laboratori aperti e virtuali, spettacoli in presenza e online, mostre, conferenze e attivit\u00e0 divulgative interattive, volte ad avvicinare studenti e pubblico generale al valore della ricerca, per trasmettere la passione dei ricercatori per il proprio mestiere. I progetti italiani (<a href=\"http:\/\/www.nottedeiricercatori.it\/\">www.nottedeiricercatori.it<\/a>) sostenuti dalla Commissione europea sono sette. Tra questi,&nbsp;<strong>ERN APULIA<\/strong>&nbsp;coordinato dall\u2019<strong>Universit\u00e0 del Salento<\/strong>.<\/p>\n\n\n\n<p>L\u2019Universo, il mondo subatomico, la Biosfera, i Beni Culturali, le Scienze umane, le Scienze della Vita, le Tecnologie future e la Sostenibilit\u00e0 sono i temi degli eventi organizzati nell\u2019ambito del progetto&nbsp;<strong>ERN APULIA2<\/strong>. Focus delle iniziative sar\u00e0 la narrazione del legame esistente tra ricerca e territorio, investigando le nuove conoscenze nei settori delle nanotecnologie, biotecnologie, medicina personalizzata, aerospazio, agroalimentare, biodiversit\u00e0, materiali per la sostenibilit\u00e0, dieta mediterranea e archeologia. A causa delle restrizioni dovute all&#8217;emergenza COVID-19, i partecipanti potranno, in numero limitato e previa prenotazione, scegliere di partecipare con diverse modalit\u00e0 di fruizione, prenotando visite a laboratori e musei, partecipando a dibattiti, presentazioni e spettacoli divulgativi. Un gran numero di iniziative saranno disponibili on-line, su sito web e attraverso i canali social, con collegamenti in diretta moderati da un giornalista e video dimostrativi anche con piccoli esperimenti scientifici e giochi divulgativi. I partecipanti potranno anche conoscere la storia e la passione di ricercatori pugliesi e delle loro scoperte, per comprenderne meglio le speranze, i successi e le difficolt\u00e0. Alle donne nella scienza sar\u00e0 dedicata un&#8217;intera sezione. Ci sar\u00e0 anche occasione perch\u00e9 ogni partecipante possa dare il proprio contributo alla conoscenza aderendo ad iniziative di CitizenScience. Infine \u00e8 prevista la produzione dell&#8217;opera teatrale&nbsp;di argomento scientifico &#8216;Copenhagen&#8217; di Michael Frayn.<\/p>\n\n\n\n<p>(fonte: comunicato stampa)<\/p>\n","protected":false},"excerpt":{"rendered":"<p>Slitta al prossimo 27 novembre il consueto appuntamento con i ricercatori La Notte europea dei ricercatori non si ferma. Il<\/p>\n","protected":false},"author":1,"featured_media":9032,"comment_status":"open","ping_status":"open","sticky":true,"template":"","format":"standard","meta":[],"categories":[28],"tags":[2740,2742,2741,2739,626,885],"yoast_head":"<!-- This site is optimized with the Yoast SEO plugin v18.0 - https:\/\/yoast.com\/wordpress\/plugins\/seo\/ -->\n<title>La Notte dei ricercatori | Arte e Luoghi<\/title>\n<meta name=\"robots\" content=\"index, follow, max-snippet:-1, max-image-preview:large, max-video-preview:-1\" \/>\n<link rel=\"canonical\" href=\"https:\/\/arteeluoghi.it\/index.php\/2020\/09\/25\/la-notte-dei-ricercatori\/\" \/>\n<meta property=\"og:locale\" content=\"it_IT\" \/>\n<meta property=\"og:type\" content=\"article\" \/>\n<meta property=\"og:title\" content=\"La Notte dei ricercatori | Arte e Luoghi\" \/>\n<meta property=\"og:description\" content=\"Slitta al prossimo 27 novembre il consueto appuntamento con i ricercatori La Notte europea dei ricercatori non si ferma. Il\" \/>\n<meta property=\"og:url\" content=\"https:\/\/arteeluoghi.it\/index.php\/2020\/09\/25\/la-notte-dei-ricercatori\/\" \/>\n<meta property=\"og:site_name\" content=\"Arte e Luoghi\" \/>\n<meta property=\"article:publisher\" content=\"https:\/\/www.facebook.com\/ArteELuoghi\/\" \/>\n<meta property=\"article:published_time\" content=\"2020-09-25T19:09:10+00:00\" \/>\n<meta property=\"article:modified_time\" content=\"2020-09-25T19:09:12+00:00\" \/>\n<meta property=\"og:image\" content=\"https:\/\/arteeluoghi.it\/wp-content\/uploads\/2020\/09\/ERN-Apulia2.gif\" \/>\n\t<meta property=\"og:image:width\" content=\"485\" \/>\n\t<meta property=\"og:image:height\" content=\"415\" \/>\n\t<meta property=\"og:image:type\" content=\"image\/gif\" \/>\n<meta name=\"twitter:card\" content=\"summary\" \/>\n<meta name=\"twitter:creator\" content=\"@arteeluoghi\" \/>\n<meta name=\"twitter:site\" content=\"@arteeluoghi\" \/>\n<meta name=\"twitter:label1\" content=\"Scritto da\" \/>\n\t<meta name=\"twitter:data1\" content=\"Staff\" \/>\n\t<meta name=\"twitter:label2\" content=\"Tempo di lettura stimato\" \/>\n\t<meta name=\"twitter:data2\" content=\"2 minuti\" \/>\n<script type=\"application\/ld+json\" class=\"yoast-schema-graph\">{\"@context\":\"https:\/\/schema.org\",\"@graph\":[{\"@type\":\"Organization\",\"@id\":\"https:\/\/arteeluoghi.it\/#organization\",\"name\":\"Arte e Luoghi\",\"url\":\"https:\/\/arteeluoghi.it\/\",\"sameAs\":[\"https:\/\/www.facebook.com\/ArteELuoghi\/\",\"https:\/\/www.instagram.com\/arteeluoghi\/?hl=it\",\"https:\/\/www.youtube.com\/channel\/UCuRVc4JW4-C5sg9rQB-srkw?view_as=subscriber\",\"https:\/\/twitter.com\/arteeluoghi\"],\"logo\":{\"@type\":\"ImageObject\",\"@id\":\"https:\/\/arteeluoghi.it\/#logo\",\"inLanguage\":\"it-IT\",\"url\":\"https:\/\/arteeluoghi.it\/wp-content\/uploads\/2018\/08\/logoinstagramarte.jpg\",\"contentUrl\":\"https:\/\/arteeluoghi.it\/wp-content\/uploads\/2018\/08\/logoinstagramarte.jpg\",\"width\":150,\"height\":150,\"caption\":\"Arte e Luoghi\"},\"image\":{\"@id\":\"https:\/\/arteeluoghi.it\/#logo\"}},{\"@type\":\"WebSite\",\"@id\":\"https:\/\/arteeluoghi.it\/#website\",\"url\":\"https:\/\/arteeluoghi.it\/\",\"name\":\"Arte e Luoghi\",\"description\":\"Mensile di arte, cultura, turismo e curiosit\u00e0\",\"publisher\":{\"@id\":\"https:\/\/arteeluoghi.it\/#organization\"},\"potentialAction\":[{\"@type\":\"SearchAction\",\"target\":{\"@type\":\"EntryPoint\",\"urlTemplate\":\"https:\/\/arteeluoghi.it\/?s={search_term_string}\"},\"query-input\":\"required name=search_term_string\"}],\"inLanguage\":\"it-IT\"},{\"@type\":\"ImageObject\",\"@id\":\"https:\/\/arteeluoghi.it\/index.php\/2020\/09\/25\/la-notte-dei-ricercatori\/#primaryimage\",\"inLanguage\":\"it-IT\",\"url\":\"https:\/\/arteeluoghi.it\/wp-content\/uploads\/2020\/09\/ERN-Apulia2.gif\",\"contentUrl\":\"https:\/\/arteeluoghi.it\/wp-content\/uploads\/2020\/09\/ERN-Apulia2.gif\",\"width\":485,\"height\":415},{\"@type\":\"WebPage\",\"@id\":\"https:\/\/arteeluoghi.it\/index.php\/2020\/09\/25\/la-notte-dei-ricercatori\/#webpage\",\"url\":\"https:\/\/arteeluoghi.it\/index.php\/2020\/09\/25\/la-notte-dei-ricercatori\/\",\"name\":\"La Notte dei ricercatori | Arte e Luoghi\",\"isPartOf\":{\"@id\":\"https:\/\/arteeluoghi.it\/#website\"},\"primaryImageOfPage\":{\"@id\":\"https:\/\/arteeluoghi.it\/index.php\/2020\/09\/25\/la-notte-dei-ricercatori\/#primaryimage\"},\"datePublished\":\"2020-09-25T19:09:10+00:00\",\"dateModified\":\"2020-09-25T19:09:12+00:00\",\"breadcrumb\":{\"@id\":\"https:\/\/arteeluoghi.it\/index.php\/2020\/09\/25\/la-notte-dei-ricercatori\/#breadcrumb\"},\"inLanguage\":\"it-IT\",\"potentialAction\":[{\"@type\":\"ReadAction\",\"target\":[\"https:\/\/arteeluoghi.it\/index.php\/2020\/09\/25\/la-notte-dei-ricercatori\/\"]}]},{\"@type\":\"BreadcrumbList\",\"@id\":\"https:\/\/arteeluoghi.it\/index.php\/2020\/09\/25\/la-notte-dei-ricercatori\/#breadcrumb\",\"itemListElement\":[{\"@type\":\"ListItem\",\"position\":1,\"name\":\"Home\",\"item\":\"https:\/\/arteeluoghi.it\/\"},{\"@type\":\"ListItem\",\"position\":2,\"name\":\"La Notte dei ricercatori\"}]},{\"@type\":\"Article\",\"@id\":\"https:\/\/arteeluoghi.it\/index.php\/2020\/09\/25\/la-notte-dei-ricercatori\/#article\",\"isPartOf\":{\"@id\":\"https:\/\/arteeluoghi.it\/index.php\/2020\/09\/25\/la-notte-dei-ricercatori\/#webpage\"},\"author\":{\"@id\":\"https:\/\/arteeluoghi.it\/#\/schema\/person\/f84e814e36e91e01448ee07eaadd41d4\"},\"headline\":\"La Notte dei ricercatori\",\"datePublished\":\"2020-09-25T19:09:10+00:00\",\"dateModified\":\"2020-09-25T19:09:12+00:00\",\"mainEntityOfPage\":{\"@id\":\"https:\/\/arteeluoghi.it\/index.php\/2020\/09\/25\/la-notte-dei-ricercatori\/#webpage\"},\"wordCount\":425,\"commentCount\":0,\"publisher\":{\"@id\":\"https:\/\/arteeluoghi.it\/#organization\"},\"image\":{\"@id\":\"https:\/\/arteeluoghi.it\/index.php\/2020\/09\/25\/la-notte-dei-ricercatori\/#primaryimage\"},\"thumbnailUrl\":\"https:\/\/arteeluoghi.it\/wp-content\/uploads\/2020\/09\/ERN-Apulia2.gif\",\"keywords\":[\"arti\",\"ern Apulia\",\"patrimonio culturale\",\"ricercatori\",\"scienza\",\"Universit\u00e0 del Salento\"],\"articleSection\":[\"Notizie\"],\"inLanguage\":\"it-IT\",\"potentialAction\":[{\"@type\":\"CommentAction\",\"name\":\"Comment\",\"target\":[\"https:\/\/arteeluoghi.it\/index.php\/2020\/09\/25\/la-notte-dei-ricercatori\/#respond\"]}]},{\"@type\":\"Person\",\"@id\":\"https:\/\/arteeluoghi.it\/#\/schema\/person\/f84e814e36e91e01448ee07eaadd41d4\",\"name\":\"Staff\",\"image\":{\"@type\":\"ImageObject\",\"@id\":\"https:\/\/arteeluoghi.it\/#personlogo\",\"inLanguage\":\"it-IT\",\"url\":\"https:\/\/secure.gravatar.com\/avatar\/49d2f9e46271bb04e19cebfaf141313a?s=96&d=blank&r=g\",\"contentUrl\":\"https:\/\/secure.gravatar.com\/avatar\/49d2f9e46271bb04e19cebfaf141313a?s=96&d=blank&r=g\",\"caption\":\"Staff\"}}]}<\/script>\n<!-- \/ Yoast SEO plugin. -->","yoast_head_json":{"title":"La Notte dei ricercatori | Arte e Luoghi","robots":{"index":"index","follow":"follow","max-snippet":"max-snippet:-1","max-image-preview":"max-image-preview:large","max-video-preview":"max-video-preview:-1"},"canonical":"https:\/\/arteeluoghi.it\/index.php\/2020\/09\/25\/la-notte-dei-ricercatori\/","og_locale":"it_IT","og_type":"article","og_title":"La Notte dei ricercatori | Arte e Luoghi","og_description":"Slitta al prossimo 27 novembre il consueto appuntamento con i ricercatori La Notte europea dei ricercatori non si ferma. Il","og_url":"https:\/\/arteeluoghi.it\/index.php\/2020\/09\/25\/la-notte-dei-ricercatori\/","og_site_name":"Arte e Luoghi","article_publisher":"https:\/\/www.facebook.com\/ArteELuoghi\/","article_published_time":"2020-09-25T19:09:10+00:00","article_modified_time":"2020-09-25T19:09:12+00:00","og_image":[{"width":485,"height":415,"url":"https:\/\/arteeluoghi.it\/wp-content\/uploads\/2020\/09\/ERN-Apulia2.gif","type":"image\/gif"}],"twitter_card":"summary","twitter_creator":"@arteeluoghi","twitter_site":"@arteeluoghi","twitter_misc":{"Scritto da":"Staff","Tempo di lettura stimato":"2 minuti"},"schema":{"@context":"https:\/\/schema.org","@graph":[{"@type":"Organization","@id":"https:\/\/arteeluoghi.it\/#organization","name":"Arte e Luoghi","url":"https:\/\/arteeluoghi.it\/","sameAs":["https:\/\/www.facebook.com\/ArteELuoghi\/","https:\/\/www.instagram.com\/arteeluoghi\/?hl=it","https:\/\/www.youtube.com\/channel\/UCuRVc4JW4-C5sg9rQB-srkw?view_as=subscriber","https:\/\/twitter.com\/arteeluoghi"],"logo":{"@type":"ImageObject","@id":"https:\/\/arteeluoghi.it\/#logo","inLanguage":"it-IT","url":"https:\/\/arteeluoghi.it\/wp-content\/uploads\/2018\/08\/logoinstagramarte.jpg","contentUrl":"https:\/\/arteeluoghi.it\/wp-content\/uploads\/2018\/08\/logoinstagramarte.jpg","width":150,"height":150,"caption":"Arte e Luoghi"},"image":{"@id":"https:\/\/arteeluoghi.it\/#logo"}},{"@type":"WebSite","@id":"https:\/\/arteeluoghi.it\/#website","url":"https:\/\/arteeluoghi.it\/","name":"Arte e Luoghi","description":"Mensile di arte, cultura, turismo e curiosit\u00e0","publisher":{"@id":"https:\/\/arteeluoghi.it\/#organization"},"potentialAction":[{"@type":"SearchAction","target":{"@type":"EntryPoint","urlTemplate":"https:\/\/arteeluoghi.it\/?s={search_term_string}"},"query-input":"required name=search_term_string"}],"inLanguage":"it-IT"},{"@type":"ImageObject","@id":"https:\/\/arteeluoghi.it\/index.php\/2020\/09\/25\/la-notte-dei-ricercatori\/#primaryimage","inLanguage":"it-IT","url":"https:\/\/arteeluoghi.it\/wp-content\/uploads\/2020\/09\/ERN-Apulia2.gif","contentUrl":"https:\/\/arteeluoghi.it\/wp-content\/uploads\/2020\/09\/ERN-Apulia2.gif","width":485,"height":415},{"@type":"WebPage","@id":"https:\/\/arteeluoghi.it\/index.php\/2020\/09\/25\/la-notte-dei-ricercatori\/#webpage","url":"https:\/\/arteeluoghi.it\/index.php\/2020\/09\/25\/la-notte-dei-ricercatori\/","name":"La Notte dei ricercatori | Arte e Luoghi","isPartOf":{"@id":"https:\/\/arteeluoghi.it\/#website"},"primaryImageOfPage":{"@id":"https:\/\/arteeluoghi.it\/index.php\/2020\/09\/25\/la-notte-dei-ricercatori\/#primaryimage"},"datePublished":"2020-09-25T19:09:10+00:00","dateModified":"2020-09-25T19:09:12+00:00","breadcrumb":{"@id":"https:\/\/arteeluoghi.it\/index.php\/2020\/09\/25\/la-notte-dei-ricercatori\/#breadcrumb"},"inLanguage":"it-IT","potentialAction":[{"@type":"ReadAction","target":["https:\/\/arteeluoghi.it\/index.php\/2020\/09\/25\/la-notte-dei-ricercatori\/"]}]},{"@type":"BreadcrumbList","@id":"https:\/\/arteeluoghi.it\/index.php\/2020\/09\/25\/la-notte-dei-ricercatori\/#breadcrumb","itemListElement":[{"@type":"ListItem","position":1,"name":"Home","item":"https:\/\/arteeluoghi.it\/"},{"@type":"ListItem","position":2,"name":"La Notte dei ricercatori"}]},{"@type":"Article","@id":"https:\/\/arteeluoghi.it\/index.php\/2020\/09\/25\/la-notte-dei-ricercatori\/#article","isPartOf":{"@id":"https:\/\/arteeluoghi.it\/index.php\/2020\/09\/25\/la-notte-dei-ricercatori\/#webpage"},"author":{"@id":"https:\/\/arteeluoghi.it\/#\/schema\/person\/f84e814e36e91e01448ee07eaadd41d4"},"headline":"La Notte dei ricercatori","datePublished":"2020-09-25T19:09:10+00:00","dateModified":"2020-09-25T19:09:12+00:00","mainEntityOfPage":{"@id":"https:\/\/arteeluoghi.it\/index.php\/2020\/09\/25\/la-notte-dei-ricercatori\/#webpage"},"wordCount":425,"commentCount":0,"publisher":{"@id":"https:\/\/arteeluoghi.it\/#organization"},"image":{"@id":"https:\/\/arteeluoghi.it\/index.php\/2020\/09\/25\/la-notte-dei-ricercatori\/#primaryimage"},"thumbnailUrl":"https:\/\/arteeluoghi.it\/wp-content\/uploads\/2020\/09\/ERN-Apulia2.gif","keywords":["arti","ern Apulia","patrimonio culturale","ricercatori","scienza","Universit\u00e0 del Salento"],"articleSection":["Notizie"],"inLanguage":"it-IT","potentialAction":[{"@type":"CommentAction","name":"Comment","target":["https:\/\/arteeluoghi.it\/index.php\/2020\/09\/25\/la-notte-dei-ricercatori\/#respond"]}]},{"@type":"Person","@id":"https:\/\/arteeluoghi.it\/#\/schema\/person\/f84e814e36e91e01448ee07eaadd41d4","name":"Staff","image":{"@type":"ImageObject","@id":"https:\/\/arteeluoghi.it\/#personlogo","inLanguage":"it-IT","url":"https:\/\/secure.gravatar.com\/avatar\/49d2f9e46271bb04e19cebfaf141313a?s=96&d=blank&r=g","contentUrl":"https:\/\/secure.gravatar.com\/avatar\/49d2f9e46271bb04e19cebfaf141313a?s=96&d=blank&r=g","caption":"Staff"}}]}},"_links":{"self":[{"href":"https:\/\/arteeluoghi.it\/index.php\/wp-json\/wp\/v2\/posts\/9031"}],"collection":[{"href":"https:\/\/arteeluoghi.it\/index.php\/wp-json\/wp\/v2\/posts"}],"about":[{"href":"https:\/\/arteeluoghi.it\/index.php\/wp-json\/wp\/v2\/types\/post"}],"author":[{"embeddable":true,"href":"https:\/\/arteeluoghi.it\/index.php\/wp-json\/wp\/v2\/users\/1"}],"replies":[{"embeddable":true,"href":"https:\/\/arteeluoghi.it\/index.php\/wp-json\/wp\/v2\/comments?post=9031"}],"version-history":[{"count":1,"href":"https:\/\/arteeluoghi.it\/index.php\/wp-json\/wp\/v2\/posts\/9031\/revisions"}],"predecessor-version":[{"id":9033,"href":"https:\/\/arteeluoghi.it\/index.php\/wp-json\/wp\/v2\/posts\/9031\/revisions\/9033"}],"wp:featuredmedia":[{"embeddable":true,"href":"https:\/\/arteeluoghi.it\/index.php\/wp-json\/wp\/v2\/media\/9032"}],"wp:attachment":[{"href":"https:\/\/arteeluoghi.it\/index.php\/wp-json\/wp\/v2\/media?parent=9031"}],"wp:term":[{"taxonomy":"category","embeddable":true,"href":"https:\/\/arteeluoghi.it\/index.php\/wp-json\/wp\/v2\/categories?post=9031"},{"taxonomy":"post_tag","embeddable":true,"href":"https:\/\/arteeluoghi.it\/index.php\/wp-json\/wp\/v2\/tags?post=9031"}],"curies":[{"name":"wp","href":"https:\/\/api.w.org\/{rel}","templated":true}]}}