{"id":9138,"date":"2020-10-08T17:38:17","date_gmt":"2020-10-08T15:38:17","guid":{"rendered":"https:\/\/arteeluoghi.it\/?p=9138"},"modified":"2026-01-28T17:55:10","modified_gmt":"2026-01-28T16:55:10","slug":"lu-miere-calici-di-cinema-omaggio-a-franco-franchi","status":"publish","type":"post","link":"https:\/\/arteeluoghi.it\/index.php\/2020\/10\/08\/lu-miere-calici-di-cinema-omaggio-a-franco-franchi\/","title":{"rendered":"L\u00f9 Mi\u00e8re Calici di Cinema omaggio a Franco Franchi"},"content":{"rendered":"\n<blockquote class=\"wp-block-quote\"><p>Al MUST di Lecce domenica 11 ottobre il gala alla presenza di Massimo Benenato<\/p><\/blockquote>\n\n\n\n<p>LECCE. Sar\u00e0 dedicato a Franco Franchi la sesta edizione di L\u00f9 Mi\u00e8re Calicidicinema Gala fiore all\u2019occhiello della rassegna cinematografica itinerante L\u00f9 Mi\u00e8re Calicidicinema. Deus ex machina \u00e8 la guida turistica Antonio Manzo che ha avuto l\u2019intuizione sette anni or sono di abbinare la visione di pellicole cult al gusto unico del vino locale. <\/p>\n\n\n\n<!--more-->\n\n\n\n<p><br> Cos\u00ec dopo aver avuto ospiti noti artisti tra cui Luca Verdone, fratello di Carlo, regista e sceneggiatore di numerose commedie italiane, Stella Gasparri, attrice e doppiatrice, figlia dell\u2019indimenticabile Franco Gasparri, e gli attori Gastone Moschin, Marina Suma, Florinda Bolkan, Paolo Villaggio e Luciano Salce, la sesta edizione sar\u00e0 dedicata alla figura di Franco Franchi, indimenticabile maschera del cinema italiano. Nato a Palermo il 18 settembre 1928 Franco Franchi, all&#8217;anagrafe Francesco Benenato, \u00e8 stato un attore, comico e cantante e in coppia con Ciccio Ingrassia \u00e8 stato protagonista di oltre un centinaio di film che hanno scritto la storia della della cinematografia italiana.<br> \u00abDurante la serata, che si svolger\u00e0 presso il prestigioso Must- Museo Storico di Lecce &#8211; anticipa lo stesso Antonio Manzo &#8211; verr\u00e0 proiettata la videointervista a Massimo Benenato, figlio dell\u2019attore siciliano, a cui verr\u00e0 consegnato il premio L\u00f9 Mi\u00e8re come tributo all\u2019indimenticabile padre.\u00bb L\u2019evento di premiazione, condotto dalla giornalista Giovanna Cirac\u00ec, vedr\u00e0 la partecipazione di Laura Pavoni, Yvonne Mazzotta, Chiara Barbaro, Giusy Zangari, Francesca Schirinzi, Martino Pezzolla, Matteo Maria Pezzolla e Francesca Schirinzi. \u00abUn gala che si preannuncia ricco di sorprese e di emozioni e come di consueto si potr\u00e0 assistere subito dopo alla visione del film &#8220;Kaos&#8221; dei fratelli Taviani(1984). La pellicola, con le splendide musiche di Nicola Piovani, prende il nome dalla citt\u00e0 natale di Pirandello: la storia \u00e8 infatti tratta  \u201cNovelle per un anno\u201d dello scrittore siciliano, a cui si aggiunge un quinto racconto immaginato dai registi, ma ispirato dalle novelle \u201cUna giornata\u201d (Colloquio con la madre), e \u201cColloquii coi personaggi\u201d (seconda parte). <\/p>\n\n\n\n<div class=\"wp-block-image\"><figure class=\"alignleft\"><img loading=\"lazy\" width=\"768\" height=\"1024\" src=\"https:\/\/arteeluoghi.it\/wp-content\/uploads\/2020\/10\/benenato-768x1024.jpg\" alt=\"\" class=\"wp-image-9140\" srcset=\"https:\/\/arteeluoghi.it\/wp-content\/uploads\/2020\/10\/benenato-768x1024.jpg 768w, https:\/\/arteeluoghi.it\/wp-content\/uploads\/2020\/10\/benenato-225x300.jpg 225w, https:\/\/arteeluoghi.it\/wp-content\/uploads\/2020\/10\/benenato.jpg 1200w\" sizes=\"(max-width: 768px) 100vw, 768px\" \/><figcaption>Massimo Benenato con Antonio Manzo, crediti ufficio stampa<\/figcaption><\/figure><\/div>\n\n\n\n<p><br> \u00abIl film, pluripremiato con il David di Donatello, il Nastro d\u2019Argento e Globo d\u2019oro, con la collaborazione di Tonino Guerra alla sceneggiatura, \u00e8 strutturato a episodi, legati dal filo narrativo del volo di un corvo che si libra nell\u2019aria testimone degli eventi per cedere il passo solo nell\u2019epilogo alla voce narrante dello stesso Luigi Pirandello, interpretato da Omero Antonutti. Lo abbiamo scelto perch\u00e9 l\u2019episodio &#8220;La giara&#8221; vede come protagonisti Franco e Ciccio, nel loro ultimo film in coppia. Il gala inoltre sar\u00e0 l\u2019occasione propizia per presentare ufficialmente la ricca e variegata programmazione della rassegna 2020-2021 di L\u00f9 MI\u00c8RE calicidicinema.\u00bb<br> A causa delle misure di contenimento della pandemia da Coronavirus Covid 19 l\u2019ingresso sar\u00e0 libero ma limitato a massimo 30 partecipanti dietro prenotazione telefonando allo 320 2185491. <\/p>\n","protected":false},"excerpt":{"rendered":"<p>Al MUST di Lecce domenica 11 ottobre il gala alla presenza di Massimo Benenato LECCE. Sar\u00e0 dedicato a Franco Franchi<\/p>\n","protected":false},"author":1,"featured_media":0,"comment_status":"open","ping_status":"open","sticky":true,"template":"","format":"standard","meta":[],"categories":[29],"tags":[2807,2808,2809,384],"yoast_head":"<!-- This site is optimized with the Yoast SEO plugin v18.0 - https:\/\/yoast.com\/wordpress\/plugins\/seo\/ -->\n<title>L\u00f9 Mi\u00e8re Calici di Cinema omaggio a Franco Franchi | Arte e Luoghi<\/title>\n<meta name=\"description\" content=\"Al MUST di Leccedomenica 11 ottobreil gala alla presenza di Massimo Benenato figlio dell&#039;attore Franco Franchi cui la rassegna rende omaggio\" \/>\n<meta name=\"robots\" content=\"index, follow, max-snippet:-1, max-image-preview:large, max-video-preview:-1\" \/>\n<link rel=\"canonical\" href=\"https:\/\/arteeluoghi.it\/index.php\/2020\/10\/08\/lu-miere-calici-di-cinema-omaggio-a-franco-franchi\/\" \/>\n<meta property=\"og:locale\" content=\"it_IT\" \/>\n<meta property=\"og:type\" content=\"article\" \/>\n<meta property=\"og:title\" content=\"L\u00f9 Mi\u00e8re Calici di Cinema omaggio a Franco Franchi | Arte e Luoghi\" \/>\n<meta property=\"og:description\" content=\"Al MUST di Leccedomenica 11 ottobreil gala alla presenza di Massimo Benenato figlio dell&#039;attore Franco Franchi cui la rassegna rende omaggio\" \/>\n<meta property=\"og:url\" content=\"https:\/\/arteeluoghi.it\/index.php\/2020\/10\/08\/lu-miere-calici-di-cinema-omaggio-a-franco-franchi\/\" \/>\n<meta property=\"og:site_name\" content=\"Arte e Luoghi\" \/>\n<meta property=\"article:publisher\" content=\"https:\/\/www.facebook.com\/ArteELuoghi\/\" \/>\n<meta property=\"article:published_time\" content=\"2020-10-08T15:38:17+00:00\" \/>\n<meta property=\"article:modified_time\" content=\"2026-01-28T16:55:10+00:00\" \/>\n<meta property=\"og:image\" content=\"https:\/\/arteeluoghi.it\/wp-content\/uploads\/2020\/10\/benenato-768x1024.jpg\" \/>\n<meta name=\"twitter:card\" content=\"summary\" \/>\n<meta name=\"twitter:creator\" content=\"@arteeluoghi\" \/>\n<meta name=\"twitter:site\" content=\"@arteeluoghi\" \/>\n<meta name=\"twitter:label1\" content=\"Scritto da\" \/>\n\t<meta name=\"twitter:data1\" content=\"Staff\" \/>\n\t<meta name=\"twitter:label2\" content=\"Tempo di lettura stimato\" \/>\n\t<meta name=\"twitter:data2\" content=\"3 minuti\" \/>\n<script type=\"application\/ld+json\" class=\"yoast-schema-graph\">{\"@context\":\"https:\/\/schema.org\",\"@graph\":[{\"@type\":\"Organization\",\"@id\":\"https:\/\/arteeluoghi.it\/#organization\",\"name\":\"Arte e Luoghi\",\"url\":\"https:\/\/arteeluoghi.it\/\",\"sameAs\":[\"https:\/\/www.facebook.com\/ArteELuoghi\/\",\"https:\/\/www.instagram.com\/arteeluoghi\/?hl=it\",\"https:\/\/www.youtube.com\/channel\/UCuRVc4JW4-C5sg9rQB-srkw?view_as=subscriber\",\"https:\/\/twitter.com\/arteeluoghi\"],\"logo\":{\"@type\":\"ImageObject\",\"@id\":\"https:\/\/arteeluoghi.it\/#logo\",\"inLanguage\":\"it-IT\",\"url\":\"https:\/\/arteeluoghi.it\/wp-content\/uploads\/2018\/08\/logoinstagramarte.jpg\",\"contentUrl\":\"https:\/\/arteeluoghi.it\/wp-content\/uploads\/2018\/08\/logoinstagramarte.jpg\",\"width\":150,\"height\":150,\"caption\":\"Arte e Luoghi\"},\"image\":{\"@id\":\"https:\/\/arteeluoghi.it\/#logo\"}},{\"@type\":\"WebSite\",\"@id\":\"https:\/\/arteeluoghi.it\/#website\",\"url\":\"https:\/\/arteeluoghi.it\/\",\"name\":\"Arte e Luoghi\",\"description\":\"Mensile di arte, cultura, turismo e curiosit\u00e0\",\"publisher\":{\"@id\":\"https:\/\/arteeluoghi.it\/#organization\"},\"potentialAction\":[{\"@type\":\"SearchAction\",\"target\":{\"@type\":\"EntryPoint\",\"urlTemplate\":\"https:\/\/arteeluoghi.it\/?s={search_term_string}\"},\"query-input\":\"required name=search_term_string\"}],\"inLanguage\":\"it-IT\"},{\"@type\":\"ImageObject\",\"@id\":\"https:\/\/arteeluoghi.it\/index.php\/2020\/10\/08\/lu-miere-calici-di-cinema-omaggio-a-franco-franchi\/#primaryimage\",\"inLanguage\":\"it-IT\",\"url\":\"https:\/\/arteeluoghi.it\/wp-content\/uploads\/2020\/10\/benenato.jpg\",\"contentUrl\":\"https:\/\/arteeluoghi.it\/wp-content\/uploads\/2020\/10\/benenato.jpg\",\"width\":1200,\"height\":1600},{\"@type\":\"WebPage\",\"@id\":\"https:\/\/arteeluoghi.it\/index.php\/2020\/10\/08\/lu-miere-calici-di-cinema-omaggio-a-franco-franchi\/#webpage\",\"url\":\"https:\/\/arteeluoghi.it\/index.php\/2020\/10\/08\/lu-miere-calici-di-cinema-omaggio-a-franco-franchi\/\",\"name\":\"L\u00f9 Mi\u00e8re Calici di Cinema omaggio a Franco Franchi | Arte e Luoghi\",\"isPartOf\":{\"@id\":\"https:\/\/arteeluoghi.it\/#website\"},\"primaryImageOfPage\":{\"@id\":\"https:\/\/arteeluoghi.it\/index.php\/2020\/10\/08\/lu-miere-calici-di-cinema-omaggio-a-franco-franchi\/#primaryimage\"},\"datePublished\":\"2020-10-08T15:38:17+00:00\",\"dateModified\":\"2026-01-28T16:55:10+00:00\",\"description\":\"Al MUST di Leccedomenica 11 ottobreil gala alla presenza di Massimo Benenato figlio dell'attore Franco Franchi cui la rassegna rende omaggio\",\"breadcrumb\":{\"@id\":\"https:\/\/arteeluoghi.it\/index.php\/2020\/10\/08\/lu-miere-calici-di-cinema-omaggio-a-franco-franchi\/#breadcrumb\"},\"inLanguage\":\"it-IT\",\"potentialAction\":[{\"@type\":\"ReadAction\",\"target\":[\"https:\/\/arteeluoghi.it\/index.php\/2020\/10\/08\/lu-miere-calici-di-cinema-omaggio-a-franco-franchi\/\"]}]},{\"@type\":\"BreadcrumbList\",\"@id\":\"https:\/\/arteeluoghi.it\/index.php\/2020\/10\/08\/lu-miere-calici-di-cinema-omaggio-a-franco-franchi\/#breadcrumb\",\"itemListElement\":[{\"@type\":\"ListItem\",\"position\":1,\"name\":\"Home\",\"item\":\"https:\/\/arteeluoghi.it\/\"},{\"@type\":\"ListItem\",\"position\":2,\"name\":\"L\u00f9 Mi\u00e8re Calici di Cinema omaggio a Franco Franchi\"}]},{\"@type\":\"Article\",\"@id\":\"https:\/\/arteeluoghi.it\/index.php\/2020\/10\/08\/lu-miere-calici-di-cinema-omaggio-a-franco-franchi\/#article\",\"isPartOf\":{\"@id\":\"https:\/\/arteeluoghi.it\/index.php\/2020\/10\/08\/lu-miere-calici-di-cinema-omaggio-a-franco-franchi\/#webpage\"},\"author\":{\"@id\":\"https:\/\/arteeluoghi.it\/#\/schema\/person\/f84e814e36e91e01448ee07eaadd41d4\"},\"headline\":\"L\u00f9 Mi\u00e8re Calici di Cinema omaggio a Franco Franchi\",\"datePublished\":\"2020-10-08T15:38:17+00:00\",\"dateModified\":\"2026-01-28T16:55:10+00:00\",\"mainEntityOfPage\":{\"@id\":\"https:\/\/arteeluoghi.it\/index.php\/2020\/10\/08\/lu-miere-calici-di-cinema-omaggio-a-franco-franchi\/#webpage\"},\"wordCount\":474,\"commentCount\":0,\"publisher\":{\"@id\":\"https:\/\/arteeluoghi.it\/#organization\"},\"image\":{\"@id\":\"https:\/\/arteeluoghi.it\/index.php\/2020\/10\/08\/lu-miere-calici-di-cinema-omaggio-a-franco-franchi\/#primaryimage\"},\"thumbnailUrl\":\"https:\/\/arteeluoghi.it\/wp-content\/uploads\/2020\/10\/benenato-768x1024.jpg\",\"keywords\":[\"Franco Franchi\",\"Leccem Cinema\",\"Lu MI\u00e8re Calici di Cinema\",\"Must\"],\"articleSection\":[\"Cinema\"],\"inLanguage\":\"it-IT\",\"potentialAction\":[{\"@type\":\"CommentAction\",\"name\":\"Comment\",\"target\":[\"https:\/\/arteeluoghi.it\/index.php\/2020\/10\/08\/lu-miere-calici-di-cinema-omaggio-a-franco-franchi\/#respond\"]}]},{\"@type\":\"Person\",\"@id\":\"https:\/\/arteeluoghi.it\/#\/schema\/person\/f84e814e36e91e01448ee07eaadd41d4\",\"name\":\"Staff\",\"image\":{\"@type\":\"ImageObject\",\"@id\":\"https:\/\/arteeluoghi.it\/#personlogo\",\"inLanguage\":\"it-IT\",\"url\":\"https:\/\/secure.gravatar.com\/avatar\/49d2f9e46271bb04e19cebfaf141313a?s=96&d=blank&r=g\",\"contentUrl\":\"https:\/\/secure.gravatar.com\/avatar\/49d2f9e46271bb04e19cebfaf141313a?s=96&d=blank&r=g\",\"caption\":\"Staff\"}}]}<\/script>\n<!-- \/ Yoast SEO plugin. -->","yoast_head_json":{"title":"L\u00f9 Mi\u00e8re Calici di Cinema omaggio a Franco Franchi | Arte e Luoghi","description":"Al MUST di Leccedomenica 11 ottobreil gala alla presenza di Massimo Benenato figlio dell'attore Franco Franchi cui la rassegna rende omaggio","robots":{"index":"index","follow":"follow","max-snippet":"max-snippet:-1","max-image-preview":"max-image-preview:large","max-video-preview":"max-video-preview:-1"},"canonical":"https:\/\/arteeluoghi.it\/index.php\/2020\/10\/08\/lu-miere-calici-di-cinema-omaggio-a-franco-franchi\/","og_locale":"it_IT","og_type":"article","og_title":"L\u00f9 Mi\u00e8re Calici di Cinema omaggio a Franco Franchi | Arte e Luoghi","og_description":"Al MUST di Leccedomenica 11 ottobreil gala alla presenza di Massimo Benenato figlio dell'attore Franco Franchi cui la rassegna rende omaggio","og_url":"https:\/\/arteeluoghi.it\/index.php\/2020\/10\/08\/lu-miere-calici-di-cinema-omaggio-a-franco-franchi\/","og_site_name":"Arte e Luoghi","article_publisher":"https:\/\/www.facebook.com\/ArteELuoghi\/","article_published_time":"2020-10-08T15:38:17+00:00","article_modified_time":"2026-01-28T16:55:10+00:00","og_image":[{"url":"https:\/\/arteeluoghi.it\/wp-content\/uploads\/2020\/10\/benenato-768x1024.jpg"}],"twitter_card":"summary","twitter_creator":"@arteeluoghi","twitter_site":"@arteeluoghi","twitter_misc":{"Scritto da":"Staff","Tempo di lettura stimato":"3 minuti"},"schema":{"@context":"https:\/\/schema.org","@graph":[{"@type":"Organization","@id":"https:\/\/arteeluoghi.it\/#organization","name":"Arte e Luoghi","url":"https:\/\/arteeluoghi.it\/","sameAs":["https:\/\/www.facebook.com\/ArteELuoghi\/","https:\/\/www.instagram.com\/arteeluoghi\/?hl=it","https:\/\/www.youtube.com\/channel\/UCuRVc4JW4-C5sg9rQB-srkw?view_as=subscriber","https:\/\/twitter.com\/arteeluoghi"],"logo":{"@type":"ImageObject","@id":"https:\/\/arteeluoghi.it\/#logo","inLanguage":"it-IT","url":"https:\/\/arteeluoghi.it\/wp-content\/uploads\/2018\/08\/logoinstagramarte.jpg","contentUrl":"https:\/\/arteeluoghi.it\/wp-content\/uploads\/2018\/08\/logoinstagramarte.jpg","width":150,"height":150,"caption":"Arte e Luoghi"},"image":{"@id":"https:\/\/arteeluoghi.it\/#logo"}},{"@type":"WebSite","@id":"https:\/\/arteeluoghi.it\/#website","url":"https:\/\/arteeluoghi.it\/","name":"Arte e Luoghi","description":"Mensile di arte, cultura, turismo e curiosit\u00e0","publisher":{"@id":"https:\/\/arteeluoghi.it\/#organization"},"potentialAction":[{"@type":"SearchAction","target":{"@type":"EntryPoint","urlTemplate":"https:\/\/arteeluoghi.it\/?s={search_term_string}"},"query-input":"required name=search_term_string"}],"inLanguage":"it-IT"},{"@type":"ImageObject","@id":"https:\/\/arteeluoghi.it\/index.php\/2020\/10\/08\/lu-miere-calici-di-cinema-omaggio-a-franco-franchi\/#primaryimage","inLanguage":"it-IT","url":"https:\/\/arteeluoghi.it\/wp-content\/uploads\/2020\/10\/benenato.jpg","contentUrl":"https:\/\/arteeluoghi.it\/wp-content\/uploads\/2020\/10\/benenato.jpg","width":1200,"height":1600},{"@type":"WebPage","@id":"https:\/\/arteeluoghi.it\/index.php\/2020\/10\/08\/lu-miere-calici-di-cinema-omaggio-a-franco-franchi\/#webpage","url":"https:\/\/arteeluoghi.it\/index.php\/2020\/10\/08\/lu-miere-calici-di-cinema-omaggio-a-franco-franchi\/","name":"L\u00f9 Mi\u00e8re Calici di Cinema omaggio a Franco Franchi | Arte e Luoghi","isPartOf":{"@id":"https:\/\/arteeluoghi.it\/#website"},"primaryImageOfPage":{"@id":"https:\/\/arteeluoghi.it\/index.php\/2020\/10\/08\/lu-miere-calici-di-cinema-omaggio-a-franco-franchi\/#primaryimage"},"datePublished":"2020-10-08T15:38:17+00:00","dateModified":"2026-01-28T16:55:10+00:00","description":"Al MUST di Leccedomenica 11 ottobreil gala alla presenza di Massimo Benenato figlio dell'attore Franco Franchi cui la rassegna rende omaggio","breadcrumb":{"@id":"https:\/\/arteeluoghi.it\/index.php\/2020\/10\/08\/lu-miere-calici-di-cinema-omaggio-a-franco-franchi\/#breadcrumb"},"inLanguage":"it-IT","potentialAction":[{"@type":"ReadAction","target":["https:\/\/arteeluoghi.it\/index.php\/2020\/10\/08\/lu-miere-calici-di-cinema-omaggio-a-franco-franchi\/"]}]},{"@type":"BreadcrumbList","@id":"https:\/\/arteeluoghi.it\/index.php\/2020\/10\/08\/lu-miere-calici-di-cinema-omaggio-a-franco-franchi\/#breadcrumb","itemListElement":[{"@type":"ListItem","position":1,"name":"Home","item":"https:\/\/arteeluoghi.it\/"},{"@type":"ListItem","position":2,"name":"L\u00f9 Mi\u00e8re Calici di Cinema omaggio a Franco Franchi"}]},{"@type":"Article","@id":"https:\/\/arteeluoghi.it\/index.php\/2020\/10\/08\/lu-miere-calici-di-cinema-omaggio-a-franco-franchi\/#article","isPartOf":{"@id":"https:\/\/arteeluoghi.it\/index.php\/2020\/10\/08\/lu-miere-calici-di-cinema-omaggio-a-franco-franchi\/#webpage"},"author":{"@id":"https:\/\/arteeluoghi.it\/#\/schema\/person\/f84e814e36e91e01448ee07eaadd41d4"},"headline":"L\u00f9 Mi\u00e8re Calici di Cinema omaggio a Franco Franchi","datePublished":"2020-10-08T15:38:17+00:00","dateModified":"2026-01-28T16:55:10+00:00","mainEntityOfPage":{"@id":"https:\/\/arteeluoghi.it\/index.php\/2020\/10\/08\/lu-miere-calici-di-cinema-omaggio-a-franco-franchi\/#webpage"},"wordCount":474,"commentCount":0,"publisher":{"@id":"https:\/\/arteeluoghi.it\/#organization"},"image":{"@id":"https:\/\/arteeluoghi.it\/index.php\/2020\/10\/08\/lu-miere-calici-di-cinema-omaggio-a-franco-franchi\/#primaryimage"},"thumbnailUrl":"https:\/\/arteeluoghi.it\/wp-content\/uploads\/2020\/10\/benenato-768x1024.jpg","keywords":["Franco Franchi","Leccem Cinema","Lu MI\u00e8re Calici di Cinema","Must"],"articleSection":["Cinema"],"inLanguage":"it-IT","potentialAction":[{"@type":"CommentAction","name":"Comment","target":["https:\/\/arteeluoghi.it\/index.php\/2020\/10\/08\/lu-miere-calici-di-cinema-omaggio-a-franco-franchi\/#respond"]}]},{"@type":"Person","@id":"https:\/\/arteeluoghi.it\/#\/schema\/person\/f84e814e36e91e01448ee07eaadd41d4","name":"Staff","image":{"@type":"ImageObject","@id":"https:\/\/arteeluoghi.it\/#personlogo","inLanguage":"it-IT","url":"https:\/\/secure.gravatar.com\/avatar\/49d2f9e46271bb04e19cebfaf141313a?s=96&d=blank&r=g","contentUrl":"https:\/\/secure.gravatar.com\/avatar\/49d2f9e46271bb04e19cebfaf141313a?s=96&d=blank&r=g","caption":"Staff"}}]}},"_links":{"self":[{"href":"https:\/\/arteeluoghi.it\/index.php\/wp-json\/wp\/v2\/posts\/9138"}],"collection":[{"href":"https:\/\/arteeluoghi.it\/index.php\/wp-json\/wp\/v2\/posts"}],"about":[{"href":"https:\/\/arteeluoghi.it\/index.php\/wp-json\/wp\/v2\/types\/post"}],"author":[{"embeddable":true,"href":"https:\/\/arteeluoghi.it\/index.php\/wp-json\/wp\/v2\/users\/1"}],"replies":[{"embeddable":true,"href":"https:\/\/arteeluoghi.it\/index.php\/wp-json\/wp\/v2\/comments?post=9138"}],"version-history":[{"count":2,"href":"https:\/\/arteeluoghi.it\/index.php\/wp-json\/wp\/v2\/posts\/9138\/revisions"}],"predecessor-version":[{"id":16716,"href":"https:\/\/arteeluoghi.it\/index.php\/wp-json\/wp\/v2\/posts\/9138\/revisions\/16716"}],"wp:attachment":[{"href":"https:\/\/arteeluoghi.it\/index.php\/wp-json\/wp\/v2\/media?parent=9138"}],"wp:term":[{"taxonomy":"category","embeddable":true,"href":"https:\/\/arteeluoghi.it\/index.php\/wp-json\/wp\/v2\/categories?post=9138"},{"taxonomy":"post_tag","embeddable":true,"href":"https:\/\/arteeluoghi.it\/index.php\/wp-json\/wp\/v2\/tags?post=9138"}],"curies":[{"name":"wp","href":"https:\/\/api.w.org\/{rel}","templated":true}]}}