{"id":9146,"date":"2020-10-08T17:51:38","date_gmt":"2020-10-08T15:51:38","guid":{"rendered":"https:\/\/arteeluoghi.it\/?p=9146"},"modified":"2020-10-10T17:51:58","modified_gmt":"2020-10-10T15:51:58","slug":"soggettivita-e-identita-di-genere","status":"publish","type":"post","link":"https:\/\/arteeluoghi.it\/index.php\/2020\/10\/08\/soggettivita-e-identita-di-genere\/","title":{"rendered":"Soggettivit\u00e0  e identit\u00e0 di genere"},"content":{"rendered":"\n<blockquote class=\"wp-block-quote\"><p>Le riflessioni dello psicologo psicoterapeuta  <\/p><cite>Giovanni Bruno<\/cite><\/blockquote>\n\n\n\n<p>Forse \u00e8 pi\u00f9 facile vedere le somiglianze che le differenze .<br> Le dimensioni della contemporaneit\u00e0 ci offrono strumenti non convenzionali che ci soccorrono nella lettura di fatti altrimenti non illuminati dalla luce dell\u2019 attenzione e del coinvolgimento. <br> Graphic novel e fiction, soprattutto televisiva, offrono inaspettatamente spunti e chiavi di comprensione della nostra Storia contemporanea che ci portano a scoperte non comuni. <\/p>\n\n\n\n<!--more-->\n\n\n\n<p>Il romanzo a fumetti o romanzo grafico \u00e8 la narrazione di storie con illustrazioni di grandi disegnatori. Un genere che ha il merito di aver innovato il linguaggio fumettistico, dove il racconto \u00e8 sempre pi\u00f9 spesso    legato alla cronaca, alla storiografia,     all\u2019attualit\u00e0. Analogamente al graphic    novel la fiction non \u00e8 pi\u00f9 solo una forma di <br> intrattenimento ma una vera forma d\u2019arte. Le grandi emittenti televisive americane come HBO, ABC, FOX e altre hanno prodotto serie televisive ormai distribuite in tutto il mondo. Si ricordi Babylon Berlin prodotta  dai tedeschi che rievoca la Berlino dei ruggenti anni \u201920, recentemente comprata dalla RAI. La qualit\u00e0 delle produzioni \u00e8 altissima e spesso impegnano cast di prim\u2019ordine.   Queste due forme espressive hanno il merito di aver imposto una riscrittura di episodi, contesti e ambientazioni rileggendoli con uno sguardo nuovo del tutto originale. Non si pu\u00f2 dunque rimanere indifferenti rispetto al recupero di storie che appartengono al secolo scorso e che hanno segnato la vita di tante persone.<br> L\u2019operazione portata a termine da Sara Colaone e Luca de Santis ha avuto il merito di ripescare un momento preciso dell\u2019epoca fascista. Il romanzo per immagini, In Italia sono tutti maschi, dei due giovani autori individua un anno in particolare: il 1938, l\u2019Italia fascista promulga le leggi razziali. Ma     oltre all\u2019abominio della persecuzione degli ebrei si fa strada un provvedimento di Questura, non collegato alla violazione di una legge particolare, che individua i maschi omosessuali italiani come soggetti da sradicare dai loro contesti familiari e sociali.      Accade cos\u00ec che circa 300 omossessuali vengano confinati sulle isole Tremiti. Le famiglie d\u2019origine non conoscono il destino dei loro cari, non ci sono notizie precise ,   tutto viene liquidato come una semplice operazione di polizia La logica \u00e8 quella di Mussolini e della cultura fascista che stabilisce per decreto che i maschi italiani sono tutti eterosessuali attivi, pronti a procreare e<br> saldamente virili . Il graphic novel ricostruisce nei particolari questa vicenda  con una precisione e un rigore storico di straordinaria efficacia.<br> Dal ventennio fascista un salto nel tempo: i giorni nostri , il nostro tempo, sul tema della identit\u00e0 di genere tante ambivalenze, tante contraddizioni , tanta cronaca che ci riporta indietro di anni.<br> E tuttavia una sentenza della Corte di Cassazione Civile rimette ordine e qualit\u00e0 di ci\u00f2 che \u00e8 giusto in un tema cos\u00ec complesso e delicato. <br> L\u2019identit\u00e0 di genere \u00e8 definita dalla Corte     come la costruzione socio-culturale della  differenza sessuale .<br> Il genere dunque definito come un costrutto culturale che non viene dato una volta per tutte, marchiato all\u2019origine, ma piuttosto sempre rinegoziabile, ricodificabile fino al punto da poter cambiare l\u2019 identit\u00e0 di genere anagrafica senza ricorrere all\u2019intervento chirurgico. Una sentenza di grande civilt\u00e0 che vogliamo definire umanizzante e che si raccorda in pieno con gli stati interni di una persona e con l\u2019armonia dei corpi.<br> D\u2019altra parte i grande filosofo Michel Foucault cos\u00ec si esprime in una sua opera: \u201cdobbiamo capire che con i nostri desideri, attraverso i nostri desideri ,si creano nuove forme di relazione ,nuove forme d\u2019amore, nuove forme di creazione. Il sesso non \u00e8 una fatalit\u00e0, \u00e8 possibilit\u00e0 di vita creativa\u201d.<br> Tuttavia bisogna riflettere che un certo virilismo culturale \u00e8 una idea tossica ancora molto presente nella nostra societ\u00e0, a tratti sembra scomparire ma carsicamente riappare in forme anche molto violente.<br> \u00e8 di questi giorni l\u2019aggressione omofoba subita da due giovani che, in  una piazza  della civilissima Padova, sono stati vittime di dileggio e di rabbiose percosse da parte di un gruppo di coetanei.<br> Meditiamo dunque sul fatto che schemi e modelli convenzionali ai quali le persone sono legate sono cos\u00ec radicati che una loro perdita \u00e8 vissuta come una liquefazione della propria identit\u00e0. Dobbiamo lavorare per<br> riconfigurare nelle scuole e nella societ\u00e0 civile una forma di convivenza nuova che nulla toglie alla morale e alla religiosit\u00e0 di ciascuno ma restituisce dignit\u00e0 ,civilt\u00e0 e diritti a minoranze che non sono minoranza.<br> Il senso del nostro tempo deve essere un percorso che ci conduca a uno statuto   di   uguaglianza dove le identit\u00e0 ,tutte,  sono  riconosciute e accolte.<\/p>\n","protected":false},"excerpt":{"rendered":"<p>Le riflessioni dello psicologo psicoterapeuta Giovanni Bruno Forse \u00e8 pi\u00f9 facile vedere le somiglianze che le differenze . Le dimensioni<\/p>\n","protected":false},"author":1,"featured_media":8760,"comment_status":"open","ping_status":"open","sticky":true,"template":"","format":"standard","meta":[],"categories":[52],"tags":[2036,2820,2822,2821,2819],"yoast_head":"<!-- This site is optimized with the Yoast SEO plugin v18.0 - https:\/\/yoast.com\/wordpress\/plugins\/seo\/ -->\n<title>Soggettivit\u00e0 e identit\u00e0 di genere | Arte e Luoghi<\/title>\n<meta name=\"robots\" content=\"index, follow, max-snippet:-1, max-image-preview:large, max-video-preview:-1\" \/>\n<link rel=\"canonical\" href=\"https:\/\/arteeluoghi.it\/index.php\/2020\/10\/08\/soggettivita-e-identita-di-genere\/\" \/>\n<meta property=\"og:locale\" content=\"it_IT\" \/>\n<meta property=\"og:type\" content=\"article\" \/>\n<meta property=\"og:title\" content=\"Soggettivit\u00e0 e identit\u00e0 di genere | Arte e Luoghi\" \/>\n<meta property=\"og:description\" content=\"Le riflessioni dello psicologo psicoterapeuta Giovanni Bruno Forse \u00e8 pi\u00f9 facile vedere le somiglianze che le differenze . Le dimensioni\" \/>\n<meta property=\"og:url\" content=\"https:\/\/arteeluoghi.it\/index.php\/2020\/10\/08\/soggettivita-e-identita-di-genere\/\" \/>\n<meta property=\"og:site_name\" content=\"Arte e Luoghi\" \/>\n<meta property=\"article:publisher\" content=\"https:\/\/www.facebook.com\/ArteELuoghi\/\" \/>\n<meta property=\"article:published_time\" content=\"2020-10-08T15:51:38+00:00\" \/>\n<meta property=\"article:modified_time\" content=\"2020-10-10T15:51:58+00:00\" \/>\n<meta property=\"og:image\" content=\"https:\/\/arteeluoghi.it\/wp-content\/uploads\/2020\/08\/couple-677585_1920.jpg\" \/>\n\t<meta property=\"og:image:width\" content=\"1920\" \/>\n\t<meta property=\"og:image:height\" content=\"1285\" \/>\n\t<meta property=\"og:image:type\" content=\"image\/jpeg\" \/>\n<meta name=\"twitter:card\" content=\"summary\" \/>\n<meta name=\"twitter:creator\" content=\"@arteeluoghi\" \/>\n<meta name=\"twitter:site\" content=\"@arteeluoghi\" \/>\n<meta name=\"twitter:label1\" content=\"Scritto da\" \/>\n\t<meta name=\"twitter:data1\" content=\"Staff\" \/>\n\t<meta name=\"twitter:label2\" content=\"Tempo di lettura stimato\" \/>\n\t<meta name=\"twitter:data2\" content=\"4 minuti\" \/>\n<script type=\"application\/ld+json\" class=\"yoast-schema-graph\">{\"@context\":\"https:\/\/schema.org\",\"@graph\":[{\"@type\":\"Organization\",\"@id\":\"https:\/\/arteeluoghi.it\/#organization\",\"name\":\"Arte e Luoghi\",\"url\":\"https:\/\/arteeluoghi.it\/\",\"sameAs\":[\"https:\/\/www.facebook.com\/ArteELuoghi\/\",\"https:\/\/www.instagram.com\/arteeluoghi\/?hl=it\",\"https:\/\/www.youtube.com\/channel\/UCuRVc4JW4-C5sg9rQB-srkw?view_as=subscriber\",\"https:\/\/twitter.com\/arteeluoghi\"],\"logo\":{\"@type\":\"ImageObject\",\"@id\":\"https:\/\/arteeluoghi.it\/#logo\",\"inLanguage\":\"it-IT\",\"url\":\"https:\/\/arteeluoghi.it\/wp-content\/uploads\/2018\/08\/logoinstagramarte.jpg\",\"contentUrl\":\"https:\/\/arteeluoghi.it\/wp-content\/uploads\/2018\/08\/logoinstagramarte.jpg\",\"width\":150,\"height\":150,\"caption\":\"Arte e Luoghi\"},\"image\":{\"@id\":\"https:\/\/arteeluoghi.it\/#logo\"}},{\"@type\":\"WebSite\",\"@id\":\"https:\/\/arteeluoghi.it\/#website\",\"url\":\"https:\/\/arteeluoghi.it\/\",\"name\":\"Arte e Luoghi\",\"description\":\"Mensile di arte, cultura, turismo e curiosit\u00e0\",\"publisher\":{\"@id\":\"https:\/\/arteeluoghi.it\/#organization\"},\"potentialAction\":[{\"@type\":\"SearchAction\",\"target\":{\"@type\":\"EntryPoint\",\"urlTemplate\":\"https:\/\/arteeluoghi.it\/?s={search_term_string}\"},\"query-input\":\"required name=search_term_string\"}],\"inLanguage\":\"it-IT\"},{\"@type\":\"ImageObject\",\"@id\":\"https:\/\/arteeluoghi.it\/index.php\/2020\/10\/08\/soggettivita-e-identita-di-genere\/#primaryimage\",\"inLanguage\":\"it-IT\",\"url\":\"https:\/\/arteeluoghi.it\/wp-content\/uploads\/2020\/08\/couple-677585_1920.jpg\",\"contentUrl\":\"https:\/\/arteeluoghi.it\/wp-content\/uploads\/2020\/08\/couple-677585_1920.jpg\",\"width\":1920,\"height\":1285},{\"@type\":\"WebPage\",\"@id\":\"https:\/\/arteeluoghi.it\/index.php\/2020\/10\/08\/soggettivita-e-identita-di-genere\/#webpage\",\"url\":\"https:\/\/arteeluoghi.it\/index.php\/2020\/10\/08\/soggettivita-e-identita-di-genere\/\",\"name\":\"Soggettivit\u00e0 e identit\u00e0 di genere | Arte e Luoghi\",\"isPartOf\":{\"@id\":\"https:\/\/arteeluoghi.it\/#website\"},\"primaryImageOfPage\":{\"@id\":\"https:\/\/arteeluoghi.it\/index.php\/2020\/10\/08\/soggettivita-e-identita-di-genere\/#primaryimage\"},\"datePublished\":\"2020-10-08T15:51:38+00:00\",\"dateModified\":\"2020-10-10T15:51:58+00:00\",\"breadcrumb\":{\"@id\":\"https:\/\/arteeluoghi.it\/index.php\/2020\/10\/08\/soggettivita-e-identita-di-genere\/#breadcrumb\"},\"inLanguage\":\"it-IT\",\"potentialAction\":[{\"@type\":\"ReadAction\",\"target\":[\"https:\/\/arteeluoghi.it\/index.php\/2020\/10\/08\/soggettivita-e-identita-di-genere\/\"]}]},{\"@type\":\"BreadcrumbList\",\"@id\":\"https:\/\/arteeluoghi.it\/index.php\/2020\/10\/08\/soggettivita-e-identita-di-genere\/#breadcrumb\",\"itemListElement\":[{\"@type\":\"ListItem\",\"position\":1,\"name\":\"Home\",\"item\":\"https:\/\/arteeluoghi.it\/\"},{\"@type\":\"ListItem\",\"position\":2,\"name\":\"Soggettivit\u00e0 e identit\u00e0 di genere\"}]},{\"@type\":\"Article\",\"@id\":\"https:\/\/arteeluoghi.it\/index.php\/2020\/10\/08\/soggettivita-e-identita-di-genere\/#article\",\"isPartOf\":{\"@id\":\"https:\/\/arteeluoghi.it\/index.php\/2020\/10\/08\/soggettivita-e-identita-di-genere\/#webpage\"},\"author\":{\"@id\":\"https:\/\/arteeluoghi.it\/#\/schema\/person\/f84e814e36e91e01448ee07eaadd41d4\"},\"headline\":\"Soggettivit\u00e0 e identit\u00e0 di genere\",\"datePublished\":\"2020-10-08T15:51:38+00:00\",\"dateModified\":\"2020-10-10T15:51:58+00:00\",\"mainEntityOfPage\":{\"@id\":\"https:\/\/arteeluoghi.it\/index.php\/2020\/10\/08\/soggettivita-e-identita-di-genere\/#webpage\"},\"wordCount\":740,\"commentCount\":0,\"publisher\":{\"@id\":\"https:\/\/arteeluoghi.it\/#organization\"},\"image\":{\"@id\":\"https:\/\/arteeluoghi.it\/index.php\/2020\/10\/08\/soggettivita-e-identita-di-genere\/#primaryimage\"},\"thumbnailUrl\":\"https:\/\/arteeluoghi.it\/wp-content\/uploads\/2020\/08\/couple-677585_1920.jpg\",\"keywords\":[\"Giovanni Bruno\",\"identit\u00e0 di gnere\",\"psicologia\",\"socialit\u00e0\",\"soggettivit\u00e0\"],\"articleSection\":[\"I luoghi della parola\"],\"inLanguage\":\"it-IT\",\"potentialAction\":[{\"@type\":\"CommentAction\",\"name\":\"Comment\",\"target\":[\"https:\/\/arteeluoghi.it\/index.php\/2020\/10\/08\/soggettivita-e-identita-di-genere\/#respond\"]}]},{\"@type\":\"Person\",\"@id\":\"https:\/\/arteeluoghi.it\/#\/schema\/person\/f84e814e36e91e01448ee07eaadd41d4\",\"name\":\"Staff\",\"image\":{\"@type\":\"ImageObject\",\"@id\":\"https:\/\/arteeluoghi.it\/#personlogo\",\"inLanguage\":\"it-IT\",\"url\":\"https:\/\/secure.gravatar.com\/avatar\/49d2f9e46271bb04e19cebfaf141313a?s=96&d=blank&r=g\",\"contentUrl\":\"https:\/\/secure.gravatar.com\/avatar\/49d2f9e46271bb04e19cebfaf141313a?s=96&d=blank&r=g\",\"caption\":\"Staff\"}}]}<\/script>\n<!-- \/ Yoast SEO plugin. -->","yoast_head_json":{"title":"Soggettivit\u00e0 e identit\u00e0 di genere | Arte e Luoghi","robots":{"index":"index","follow":"follow","max-snippet":"max-snippet:-1","max-image-preview":"max-image-preview:large","max-video-preview":"max-video-preview:-1"},"canonical":"https:\/\/arteeluoghi.it\/index.php\/2020\/10\/08\/soggettivita-e-identita-di-genere\/","og_locale":"it_IT","og_type":"article","og_title":"Soggettivit\u00e0 e identit\u00e0 di genere | Arte e Luoghi","og_description":"Le riflessioni dello psicologo psicoterapeuta Giovanni Bruno Forse \u00e8 pi\u00f9 facile vedere le somiglianze che le differenze . Le dimensioni","og_url":"https:\/\/arteeluoghi.it\/index.php\/2020\/10\/08\/soggettivita-e-identita-di-genere\/","og_site_name":"Arte e Luoghi","article_publisher":"https:\/\/www.facebook.com\/ArteELuoghi\/","article_published_time":"2020-10-08T15:51:38+00:00","article_modified_time":"2020-10-10T15:51:58+00:00","og_image":[{"width":1920,"height":1285,"url":"https:\/\/arteeluoghi.it\/wp-content\/uploads\/2020\/08\/couple-677585_1920.jpg","type":"image\/jpeg"}],"twitter_card":"summary","twitter_creator":"@arteeluoghi","twitter_site":"@arteeluoghi","twitter_misc":{"Scritto da":"Staff","Tempo di lettura stimato":"4 minuti"},"schema":{"@context":"https:\/\/schema.org","@graph":[{"@type":"Organization","@id":"https:\/\/arteeluoghi.it\/#organization","name":"Arte e Luoghi","url":"https:\/\/arteeluoghi.it\/","sameAs":["https:\/\/www.facebook.com\/ArteELuoghi\/","https:\/\/www.instagram.com\/arteeluoghi\/?hl=it","https:\/\/www.youtube.com\/channel\/UCuRVc4JW4-C5sg9rQB-srkw?view_as=subscriber","https:\/\/twitter.com\/arteeluoghi"],"logo":{"@type":"ImageObject","@id":"https:\/\/arteeluoghi.it\/#logo","inLanguage":"it-IT","url":"https:\/\/arteeluoghi.it\/wp-content\/uploads\/2018\/08\/logoinstagramarte.jpg","contentUrl":"https:\/\/arteeluoghi.it\/wp-content\/uploads\/2018\/08\/logoinstagramarte.jpg","width":150,"height":150,"caption":"Arte e Luoghi"},"image":{"@id":"https:\/\/arteeluoghi.it\/#logo"}},{"@type":"WebSite","@id":"https:\/\/arteeluoghi.it\/#website","url":"https:\/\/arteeluoghi.it\/","name":"Arte e Luoghi","description":"Mensile di arte, cultura, turismo e curiosit\u00e0","publisher":{"@id":"https:\/\/arteeluoghi.it\/#organization"},"potentialAction":[{"@type":"SearchAction","target":{"@type":"EntryPoint","urlTemplate":"https:\/\/arteeluoghi.it\/?s={search_term_string}"},"query-input":"required name=search_term_string"}],"inLanguage":"it-IT"},{"@type":"ImageObject","@id":"https:\/\/arteeluoghi.it\/index.php\/2020\/10\/08\/soggettivita-e-identita-di-genere\/#primaryimage","inLanguage":"it-IT","url":"https:\/\/arteeluoghi.it\/wp-content\/uploads\/2020\/08\/couple-677585_1920.jpg","contentUrl":"https:\/\/arteeluoghi.it\/wp-content\/uploads\/2020\/08\/couple-677585_1920.jpg","width":1920,"height":1285},{"@type":"WebPage","@id":"https:\/\/arteeluoghi.it\/index.php\/2020\/10\/08\/soggettivita-e-identita-di-genere\/#webpage","url":"https:\/\/arteeluoghi.it\/index.php\/2020\/10\/08\/soggettivita-e-identita-di-genere\/","name":"Soggettivit\u00e0 e identit\u00e0 di genere | Arte e Luoghi","isPartOf":{"@id":"https:\/\/arteeluoghi.it\/#website"},"primaryImageOfPage":{"@id":"https:\/\/arteeluoghi.it\/index.php\/2020\/10\/08\/soggettivita-e-identita-di-genere\/#primaryimage"},"datePublished":"2020-10-08T15:51:38+00:00","dateModified":"2020-10-10T15:51:58+00:00","breadcrumb":{"@id":"https:\/\/arteeluoghi.it\/index.php\/2020\/10\/08\/soggettivita-e-identita-di-genere\/#breadcrumb"},"inLanguage":"it-IT","potentialAction":[{"@type":"ReadAction","target":["https:\/\/arteeluoghi.it\/index.php\/2020\/10\/08\/soggettivita-e-identita-di-genere\/"]}]},{"@type":"BreadcrumbList","@id":"https:\/\/arteeluoghi.it\/index.php\/2020\/10\/08\/soggettivita-e-identita-di-genere\/#breadcrumb","itemListElement":[{"@type":"ListItem","position":1,"name":"Home","item":"https:\/\/arteeluoghi.it\/"},{"@type":"ListItem","position":2,"name":"Soggettivit\u00e0 e identit\u00e0 di genere"}]},{"@type":"Article","@id":"https:\/\/arteeluoghi.it\/index.php\/2020\/10\/08\/soggettivita-e-identita-di-genere\/#article","isPartOf":{"@id":"https:\/\/arteeluoghi.it\/index.php\/2020\/10\/08\/soggettivita-e-identita-di-genere\/#webpage"},"author":{"@id":"https:\/\/arteeluoghi.it\/#\/schema\/person\/f84e814e36e91e01448ee07eaadd41d4"},"headline":"Soggettivit\u00e0 e identit\u00e0 di genere","datePublished":"2020-10-08T15:51:38+00:00","dateModified":"2020-10-10T15:51:58+00:00","mainEntityOfPage":{"@id":"https:\/\/arteeluoghi.it\/index.php\/2020\/10\/08\/soggettivita-e-identita-di-genere\/#webpage"},"wordCount":740,"commentCount":0,"publisher":{"@id":"https:\/\/arteeluoghi.it\/#organization"},"image":{"@id":"https:\/\/arteeluoghi.it\/index.php\/2020\/10\/08\/soggettivita-e-identita-di-genere\/#primaryimage"},"thumbnailUrl":"https:\/\/arteeluoghi.it\/wp-content\/uploads\/2020\/08\/couple-677585_1920.jpg","keywords":["Giovanni Bruno","identit\u00e0 di gnere","psicologia","socialit\u00e0","soggettivit\u00e0"],"articleSection":["I luoghi della parola"],"inLanguage":"it-IT","potentialAction":[{"@type":"CommentAction","name":"Comment","target":["https:\/\/arteeluoghi.it\/index.php\/2020\/10\/08\/soggettivita-e-identita-di-genere\/#respond"]}]},{"@type":"Person","@id":"https:\/\/arteeluoghi.it\/#\/schema\/person\/f84e814e36e91e01448ee07eaadd41d4","name":"Staff","image":{"@type":"ImageObject","@id":"https:\/\/arteeluoghi.it\/#personlogo","inLanguage":"it-IT","url":"https:\/\/secure.gravatar.com\/avatar\/49d2f9e46271bb04e19cebfaf141313a?s=96&d=blank&r=g","contentUrl":"https:\/\/secure.gravatar.com\/avatar\/49d2f9e46271bb04e19cebfaf141313a?s=96&d=blank&r=g","caption":"Staff"}}]}},"_links":{"self":[{"href":"https:\/\/arteeluoghi.it\/index.php\/wp-json\/wp\/v2\/posts\/9146"}],"collection":[{"href":"https:\/\/arteeluoghi.it\/index.php\/wp-json\/wp\/v2\/posts"}],"about":[{"href":"https:\/\/arteeluoghi.it\/index.php\/wp-json\/wp\/v2\/types\/post"}],"author":[{"embeddable":true,"href":"https:\/\/arteeluoghi.it\/index.php\/wp-json\/wp\/v2\/users\/1"}],"replies":[{"embeddable":true,"href":"https:\/\/arteeluoghi.it\/index.php\/wp-json\/wp\/v2\/comments?post=9146"}],"version-history":[{"count":1,"href":"https:\/\/arteeluoghi.it\/index.php\/wp-json\/wp\/v2\/posts\/9146\/revisions"}],"predecessor-version":[{"id":9147,"href":"https:\/\/arteeluoghi.it\/index.php\/wp-json\/wp\/v2\/posts\/9146\/revisions\/9147"}],"wp:featuredmedia":[{"embeddable":true,"href":"https:\/\/arteeluoghi.it\/index.php\/wp-json\/wp\/v2\/media\/8760"}],"wp:attachment":[{"href":"https:\/\/arteeluoghi.it\/index.php\/wp-json\/wp\/v2\/media?parent=9146"}],"wp:term":[{"taxonomy":"category","embeddable":true,"href":"https:\/\/arteeluoghi.it\/index.php\/wp-json\/wp\/v2\/categories?post=9146"},{"taxonomy":"post_tag","embeddable":true,"href":"https:\/\/arteeluoghi.it\/index.php\/wp-json\/wp\/v2\/tags?post=9146"}],"curies":[{"name":"wp","href":"https:\/\/api.w.org\/{rel}","templated":true}]}}