{"id":918,"date":"2012-10-09T12:44:25","date_gmt":"2012-10-09T10:44:25","guid":{"rendered":"http:\/\/arteeluoghi.it\/index.php\/2012\/10\/09\/le-adorate-carte-di-alberto\/"},"modified":"2012-10-09T12:44:25","modified_gmt":"2012-10-09T10:44:25","slug":"le-adorate-carte-di-alberto","status":"publish","type":"post","link":"https:\/\/arteeluoghi.it\/index.php\/2012\/10\/09\/le-adorate-carte-di-alberto\/","title":{"rendered":"Le adorate carte di Alberto"},"content":{"rendered":"<p><img src=\"\/images\/stories\/buttazzo.jpg\" border=\"0\" title=\"la 18 esima dimensione, Alberto Buttazzo\" width=\"300\" style=\"margin: 21px; float: left;\" \/>Alla Tipografia del Commercio di Lecce dal 6 al 18 ottobre 2012<\/p>\n<p>Dalla 18esima dimensione a Gregorio &#8211; le <em>adorate carte<\/em> di Alberto Buttazzo<\/p>\n<p>di Antonietta Fulvio<\/p>\n<p><em>In occasione della Giornata del Contemporaneo, promossa da Amaci, la storica Tipografia del Commercio, oggi sempre pi\u00f9 luogo museale e centro di<\/em><\/p>\n<p><em> cultura, si presenta nell\u2019altra sua anima artistica: il percorso del proprietario Alberto Buttazzo condiviso\u00a0 con gli artisti del Gruppo Gramma che negli anni Settanta portavano avanti una ricerca di rinnovamento dei linguaggi dell\u2019arte\u2026 <\/em><\/p>\n<p>\u00a0<\/p>\n<p>C\u2019\u00e8 un luogo magico in via dei Perroni a Lecce. \u00c8 la Tipografia del Commercio luogo di storie e di memorie. Un luogo del cuore, proprio come quelli che ogni anno ci propone di eleggere il Fai. Lo \u00e8 per chi ama il libro, l\u2019odore degli inchiostri, l\u2019impercettibile suono delle pagine da sfogliare nel silenzio di un meriggio d\u2019estate o a notte fonda. \u00c8 il luogo delle storie che si sono succedute come caratteri mobili nel laboratorio creativo di Antonio Buttazzo che ha scritto le pagine pi\u00f9 belle della storia culturale salentina con la sua Tipografia fondata, nel 1926, insieme al padre Umberto.<\/p>\n<p>  <!--more-->  Le composizioni, le impaginazioni raffinate, l\u2019accostamento dei caratteri in sottile sintonia con i colori: non sono mai un processo meramente meccanico. La macchina \u00e8 il mezzo che consente all\u2019uomo di creare. I manifesti di Buttazzo sono stati una straordinaria lezione di grafica quando era inconcepibile l\u2019idea che una composizione potesse essere fatta, come accade oggi,\u00a0virtualmente. Oggi mouse e tastiera traducono sul monitor lo spirito creativo, ieri era la precisione, l\u2019intuizione e la pazienza del gesto nella composizione tipografica a fare il miracolo: pagina o manifesto che fosse. Tra macchinari antichi e i famosi manifesti formato \u201celefante\u201d , che campeggiano sulle pareti, la Tipografia del Commercio si configura come\u00a0 Museo dell\u2019Arte tipografica e, grazie all\u2019entusiasmo del figlio Alberto e della nipote Lucia, \u00e8 ritornata ad essere fulcro della vita culturale della citt\u00e0 del barocco. Poco distante dalla monumentale Chiesa di San Matteo, incasellata su quella che \u00e8 diventata la via della Movida, periodicamente apre le sue porte ad incontri ed eventi d\u2019arte.<\/p>\n<p>In occasione della Giornata del Contemporaneo, promossa da Amaci, La Tipografia del Commercio svela un altro pezzo di storia che interseca il luogo e racconta l\u2019esprit d\u2019art che anima il tipografo-artista Alberto Buttazzo. Lui, l\u2019odore degli inchiostri lo ha respirato sin da piccolo, quando vedeva suo padre elaborare i manifesti per gli eventi teatrali, le feste patronali e gli appuntamenti che hanno scandito la vita amministrativa e culturale di Lecce e provincia. Con quegli stessi inchiostri, Alberto alla fine degli anni \u201860 dava forma ai suoi pensieri, alle sue emozioni, al percorso artistico condiviso con gli artisti del gruppo Gramma che puntavano ad un rinnovamento dei linguaggi dell\u2019arte rompendo gli schemi tradizionali. Con gli inchiostri disegnava il suo mondo. Rulli, punteruoli e macchine tipografiche i suoi strumenti: nell\u2019espressivit\u00e0 del gesto, che si fa segno e colore,\u00a0 racchiudeva le percezioni del suo poetico mondo interiore. Come la &#8220;18esima dimensione&#8221; allusione all\u2019amore e alla complementariet\u00e0 di due universi che si fondono. Un mondo che conteneva e contiene, inevitabilmente, il suo rapporto con la carta, i caratteri mobili, i clich\u00e8 tipografici, gli stessi ormai desueti che con un&#8217;operazione di recupero oggi rispolvera dall\u2019oblio, tramutandoli in autentiche opere d&#8217;arte. Come con la linoleumgrafia &#8220;Gregorio&#8221; riedizione dell\u2019opera &#8220;<em>Gregorio: cabaret del Novecento<\/em>&#8221; che Carmelo Bene port\u00f2 anche a Lecce, al Teatro Apollo. Nella mostra, intitolata non a caso \u201cDalla 18esima dimensione a Gregorio\u201d si potranno ammirare, dal 6 al 18 ottobre, alcune opere di Alberto Buttazzo. Sar\u00e0 come intraprendere un viaggio attraverso l&#8217;arte tipografica e la poesia visiva dei segni\/immagini con i quali l&#8217;artista-tipografo dialoga da sempre. Buttazzo li definisce \u201cinterventi\u201d insistendo sul carattere di ricerca e di dialogo con se stesso e il mondo. Si tratta di opere che hanno ottenuto il consenso della critica e sono stati premiate in importanti mostre. Ne \u00e8 un esempio \u201cSpazio Amore\u201d premio acquisto della Provincia di Lecce che la destin\u00f2 all\u2019Istituto Tecnico commerciale \u201cCosta\u201d dove tuttora spicca nella sala professori e che per la Giornata del contemporaneo ritorner\u00e0 in Tipografia, nel luogo dove fu concepita. Un luogo \u00a0&#8211; ricorda Alberto &#8211; dove \u00a0\u201cogni giorno, dopo la scuola, non vedevo l\u2019ora di correre perch\u00e9 l\u00ec c\u2019era qualcosa di nuovo che mio padre stava creando con i suoi caratteri mobili, i fregi e i clich\u00e9 che sono qui custoditi e che cerco di recuperare; egli ha dedicato all\u2019arte della stampa tutta la sua vita per questo \u00e8 mio desiderio rinnovare al Sindaco di Lecce la proposta di dedicare la piazzetta dell\u2019Arte della Stampa, a pochi passi da via dei Perroni, alla sua memoria\u201d.<\/p>\n","protected":false},"excerpt":{"rendered":"<p>Alla Tipografia del Commercio di Lecce dal 6 al 18 ottobre 2012 Dalla 18esima dimensione a Gregorio &#8211; le adorate<\/p>\n","protected":false},"author":1,"featured_media":0,"comment_status":"open","ping_status":"open","sticky":false,"template":"","format":"standard","meta":[],"categories":[3],"tags":[],"yoast_head":"<!-- This site is optimized with the Yoast SEO plugin v18.0 - https:\/\/yoast.com\/wordpress\/plugins\/seo\/ -->\n<title>Le adorate carte di Alberto | Arte e Luoghi<\/title>\n<meta name=\"robots\" content=\"index, follow, max-snippet:-1, max-image-preview:large, max-video-preview:-1\" \/>\n<link rel=\"canonical\" href=\"https:\/\/arteeluoghi.it\/index.php\/2012\/10\/09\/le-adorate-carte-di-alberto\/\" \/>\n<meta property=\"og:locale\" content=\"it_IT\" \/>\n<meta property=\"og:type\" content=\"article\" \/>\n<meta property=\"og:title\" content=\"Le adorate carte di Alberto | Arte e Luoghi\" \/>\n<meta property=\"og:description\" content=\"Alla Tipografia del Commercio di Lecce dal 6 al 18 ottobre 2012 Dalla 18esima dimensione a Gregorio &#8211; le adorate\" \/>\n<meta property=\"og:url\" content=\"https:\/\/arteeluoghi.it\/index.php\/2012\/10\/09\/le-adorate-carte-di-alberto\/\" \/>\n<meta property=\"og:site_name\" content=\"Arte e Luoghi\" \/>\n<meta property=\"article:publisher\" content=\"https:\/\/www.facebook.com\/ArteELuoghi\/\" \/>\n<meta property=\"article:published_time\" content=\"2012-10-09T10:44:25+00:00\" \/>\n<meta property=\"og:image\" content=\"https:\/\/arteeluoghi.it\/images\/stories\/buttazzo.jpg\" \/>\n<meta name=\"twitter:card\" content=\"summary\" \/>\n<meta name=\"twitter:creator\" content=\"@arteeluoghi\" \/>\n<meta name=\"twitter:site\" content=\"@arteeluoghi\" \/>\n<meta name=\"twitter:label1\" content=\"Scritto da\" \/>\n\t<meta name=\"twitter:data1\" content=\"Staff\" \/>\n\t<meta name=\"twitter:label2\" content=\"Tempo di lettura stimato\" \/>\n\t<meta name=\"twitter:data2\" content=\"4 minuti\" \/>\n<script type=\"application\/ld+json\" class=\"yoast-schema-graph\">{\"@context\":\"https:\/\/schema.org\",\"@graph\":[{\"@type\":\"Organization\",\"@id\":\"https:\/\/arteeluoghi.it\/#organization\",\"name\":\"Arte e Luoghi\",\"url\":\"https:\/\/arteeluoghi.it\/\",\"sameAs\":[\"https:\/\/www.facebook.com\/ArteELuoghi\/\",\"https:\/\/www.instagram.com\/arteeluoghi\/?hl=it\",\"https:\/\/www.youtube.com\/channel\/UCuRVc4JW4-C5sg9rQB-srkw?view_as=subscriber\",\"https:\/\/twitter.com\/arteeluoghi\"],\"logo\":{\"@type\":\"ImageObject\",\"@id\":\"https:\/\/arteeluoghi.it\/#logo\",\"inLanguage\":\"it-IT\",\"url\":\"https:\/\/arteeluoghi.it\/wp-content\/uploads\/2018\/08\/logoinstagramarte.jpg\",\"contentUrl\":\"https:\/\/arteeluoghi.it\/wp-content\/uploads\/2018\/08\/logoinstagramarte.jpg\",\"width\":150,\"height\":150,\"caption\":\"Arte e Luoghi\"},\"image\":{\"@id\":\"https:\/\/arteeluoghi.it\/#logo\"}},{\"@type\":\"WebSite\",\"@id\":\"https:\/\/arteeluoghi.it\/#website\",\"url\":\"https:\/\/arteeluoghi.it\/\",\"name\":\"Arte e Luoghi\",\"description\":\"Mensile di arte, cultura, turismo e curiosit\u00e0\",\"publisher\":{\"@id\":\"https:\/\/arteeluoghi.it\/#organization\"},\"potentialAction\":[{\"@type\":\"SearchAction\",\"target\":{\"@type\":\"EntryPoint\",\"urlTemplate\":\"https:\/\/arteeluoghi.it\/?s={search_term_string}\"},\"query-input\":\"required name=search_term_string\"}],\"inLanguage\":\"it-IT\"},{\"@type\":\"ImageObject\",\"@id\":\"https:\/\/arteeluoghi.it\/index.php\/2012\/10\/09\/le-adorate-carte-di-alberto\/#primaryimage\",\"inLanguage\":\"it-IT\",\"url\":\"\/images\/stories\/buttazzo.jpg\",\"contentUrl\":\"\/images\/stories\/buttazzo.jpg\"},{\"@type\":\"WebPage\",\"@id\":\"https:\/\/arteeluoghi.it\/index.php\/2012\/10\/09\/le-adorate-carte-di-alberto\/#webpage\",\"url\":\"https:\/\/arteeluoghi.it\/index.php\/2012\/10\/09\/le-adorate-carte-di-alberto\/\",\"name\":\"Le adorate carte di Alberto | Arte e Luoghi\",\"isPartOf\":{\"@id\":\"https:\/\/arteeluoghi.it\/#website\"},\"primaryImageOfPage\":{\"@id\":\"https:\/\/arteeluoghi.it\/index.php\/2012\/10\/09\/le-adorate-carte-di-alberto\/#primaryimage\"},\"datePublished\":\"2012-10-09T10:44:25+00:00\",\"dateModified\":\"2012-10-09T10:44:25+00:00\",\"breadcrumb\":{\"@id\":\"https:\/\/arteeluoghi.it\/index.php\/2012\/10\/09\/le-adorate-carte-di-alberto\/#breadcrumb\"},\"inLanguage\":\"it-IT\",\"potentialAction\":[{\"@type\":\"ReadAction\",\"target\":[\"https:\/\/arteeluoghi.it\/index.php\/2012\/10\/09\/le-adorate-carte-di-alberto\/\"]}]},{\"@type\":\"BreadcrumbList\",\"@id\":\"https:\/\/arteeluoghi.it\/index.php\/2012\/10\/09\/le-adorate-carte-di-alberto\/#breadcrumb\",\"itemListElement\":[{\"@type\":\"ListItem\",\"position\":1,\"name\":\"Home\",\"item\":\"https:\/\/arteeluoghi.it\/\"},{\"@type\":\"ListItem\",\"position\":2,\"name\":\"Le adorate carte di Alberto\"}]},{\"@type\":\"Article\",\"@id\":\"https:\/\/arteeluoghi.it\/index.php\/2012\/10\/09\/le-adorate-carte-di-alberto\/#article\",\"isPartOf\":{\"@id\":\"https:\/\/arteeluoghi.it\/index.php\/2012\/10\/09\/le-adorate-carte-di-alberto\/#webpage\"},\"author\":{\"@id\":\"https:\/\/arteeluoghi.it\/#\/schema\/person\/f84e814e36e91e01448ee07eaadd41d4\"},\"headline\":\"Le adorate carte di Alberto\",\"datePublished\":\"2012-10-09T10:44:25+00:00\",\"dateModified\":\"2012-10-09T10:44:25+00:00\",\"mainEntityOfPage\":{\"@id\":\"https:\/\/arteeluoghi.it\/index.php\/2012\/10\/09\/le-adorate-carte-di-alberto\/#webpage\"},\"wordCount\":785,\"commentCount\":0,\"publisher\":{\"@id\":\"https:\/\/arteeluoghi.it\/#organization\"},\"image\":{\"@id\":\"https:\/\/arteeluoghi.it\/index.php\/2012\/10\/09\/le-adorate-carte-di-alberto\/#primaryimage\"},\"thumbnailUrl\":\"\/images\/stories\/buttazzo.jpg\",\"articleSection\":[\"Arti visive\"],\"inLanguage\":\"it-IT\",\"potentialAction\":[{\"@type\":\"CommentAction\",\"name\":\"Comment\",\"target\":[\"https:\/\/arteeluoghi.it\/index.php\/2012\/10\/09\/le-adorate-carte-di-alberto\/#respond\"]}]},{\"@type\":\"Person\",\"@id\":\"https:\/\/arteeluoghi.it\/#\/schema\/person\/f84e814e36e91e01448ee07eaadd41d4\",\"name\":\"Staff\",\"image\":{\"@type\":\"ImageObject\",\"@id\":\"https:\/\/arteeluoghi.it\/#personlogo\",\"inLanguage\":\"it-IT\",\"url\":\"https:\/\/secure.gravatar.com\/avatar\/49d2f9e46271bb04e19cebfaf141313a?s=96&d=blank&r=g\",\"contentUrl\":\"https:\/\/secure.gravatar.com\/avatar\/49d2f9e46271bb04e19cebfaf141313a?s=96&d=blank&r=g\",\"caption\":\"Staff\"}}]}<\/script>\n<!-- \/ Yoast SEO plugin. -->","yoast_head_json":{"title":"Le adorate carte di Alberto | Arte e Luoghi","robots":{"index":"index","follow":"follow","max-snippet":"max-snippet:-1","max-image-preview":"max-image-preview:large","max-video-preview":"max-video-preview:-1"},"canonical":"https:\/\/arteeluoghi.it\/index.php\/2012\/10\/09\/le-adorate-carte-di-alberto\/","og_locale":"it_IT","og_type":"article","og_title":"Le adorate carte di Alberto | Arte e Luoghi","og_description":"Alla Tipografia del Commercio di Lecce dal 6 al 18 ottobre 2012 Dalla 18esima dimensione a Gregorio &#8211; le adorate","og_url":"https:\/\/arteeluoghi.it\/index.php\/2012\/10\/09\/le-adorate-carte-di-alberto\/","og_site_name":"Arte e Luoghi","article_publisher":"https:\/\/www.facebook.com\/ArteELuoghi\/","article_published_time":"2012-10-09T10:44:25+00:00","og_image":[{"url":"https:\/\/arteeluoghi.it\/images\/stories\/buttazzo.jpg"}],"twitter_card":"summary","twitter_creator":"@arteeluoghi","twitter_site":"@arteeluoghi","twitter_misc":{"Scritto da":"Staff","Tempo di lettura stimato":"4 minuti"},"schema":{"@context":"https:\/\/schema.org","@graph":[{"@type":"Organization","@id":"https:\/\/arteeluoghi.it\/#organization","name":"Arte e Luoghi","url":"https:\/\/arteeluoghi.it\/","sameAs":["https:\/\/www.facebook.com\/ArteELuoghi\/","https:\/\/www.instagram.com\/arteeluoghi\/?hl=it","https:\/\/www.youtube.com\/channel\/UCuRVc4JW4-C5sg9rQB-srkw?view_as=subscriber","https:\/\/twitter.com\/arteeluoghi"],"logo":{"@type":"ImageObject","@id":"https:\/\/arteeluoghi.it\/#logo","inLanguage":"it-IT","url":"https:\/\/arteeluoghi.it\/wp-content\/uploads\/2018\/08\/logoinstagramarte.jpg","contentUrl":"https:\/\/arteeluoghi.it\/wp-content\/uploads\/2018\/08\/logoinstagramarte.jpg","width":150,"height":150,"caption":"Arte e Luoghi"},"image":{"@id":"https:\/\/arteeluoghi.it\/#logo"}},{"@type":"WebSite","@id":"https:\/\/arteeluoghi.it\/#website","url":"https:\/\/arteeluoghi.it\/","name":"Arte e Luoghi","description":"Mensile di arte, cultura, turismo e curiosit\u00e0","publisher":{"@id":"https:\/\/arteeluoghi.it\/#organization"},"potentialAction":[{"@type":"SearchAction","target":{"@type":"EntryPoint","urlTemplate":"https:\/\/arteeluoghi.it\/?s={search_term_string}"},"query-input":"required name=search_term_string"}],"inLanguage":"it-IT"},{"@type":"ImageObject","@id":"https:\/\/arteeluoghi.it\/index.php\/2012\/10\/09\/le-adorate-carte-di-alberto\/#primaryimage","inLanguage":"it-IT","url":"\/images\/stories\/buttazzo.jpg","contentUrl":"\/images\/stories\/buttazzo.jpg"},{"@type":"WebPage","@id":"https:\/\/arteeluoghi.it\/index.php\/2012\/10\/09\/le-adorate-carte-di-alberto\/#webpage","url":"https:\/\/arteeluoghi.it\/index.php\/2012\/10\/09\/le-adorate-carte-di-alberto\/","name":"Le adorate carte di Alberto | Arte e Luoghi","isPartOf":{"@id":"https:\/\/arteeluoghi.it\/#website"},"primaryImageOfPage":{"@id":"https:\/\/arteeluoghi.it\/index.php\/2012\/10\/09\/le-adorate-carte-di-alberto\/#primaryimage"},"datePublished":"2012-10-09T10:44:25+00:00","dateModified":"2012-10-09T10:44:25+00:00","breadcrumb":{"@id":"https:\/\/arteeluoghi.it\/index.php\/2012\/10\/09\/le-adorate-carte-di-alberto\/#breadcrumb"},"inLanguage":"it-IT","potentialAction":[{"@type":"ReadAction","target":["https:\/\/arteeluoghi.it\/index.php\/2012\/10\/09\/le-adorate-carte-di-alberto\/"]}]},{"@type":"BreadcrumbList","@id":"https:\/\/arteeluoghi.it\/index.php\/2012\/10\/09\/le-adorate-carte-di-alberto\/#breadcrumb","itemListElement":[{"@type":"ListItem","position":1,"name":"Home","item":"https:\/\/arteeluoghi.it\/"},{"@type":"ListItem","position":2,"name":"Le adorate carte di Alberto"}]},{"@type":"Article","@id":"https:\/\/arteeluoghi.it\/index.php\/2012\/10\/09\/le-adorate-carte-di-alberto\/#article","isPartOf":{"@id":"https:\/\/arteeluoghi.it\/index.php\/2012\/10\/09\/le-adorate-carte-di-alberto\/#webpage"},"author":{"@id":"https:\/\/arteeluoghi.it\/#\/schema\/person\/f84e814e36e91e01448ee07eaadd41d4"},"headline":"Le adorate carte di Alberto","datePublished":"2012-10-09T10:44:25+00:00","dateModified":"2012-10-09T10:44:25+00:00","mainEntityOfPage":{"@id":"https:\/\/arteeluoghi.it\/index.php\/2012\/10\/09\/le-adorate-carte-di-alberto\/#webpage"},"wordCount":785,"commentCount":0,"publisher":{"@id":"https:\/\/arteeluoghi.it\/#organization"},"image":{"@id":"https:\/\/arteeluoghi.it\/index.php\/2012\/10\/09\/le-adorate-carte-di-alberto\/#primaryimage"},"thumbnailUrl":"\/images\/stories\/buttazzo.jpg","articleSection":["Arti visive"],"inLanguage":"it-IT","potentialAction":[{"@type":"CommentAction","name":"Comment","target":["https:\/\/arteeluoghi.it\/index.php\/2012\/10\/09\/le-adorate-carte-di-alberto\/#respond"]}]},{"@type":"Person","@id":"https:\/\/arteeluoghi.it\/#\/schema\/person\/f84e814e36e91e01448ee07eaadd41d4","name":"Staff","image":{"@type":"ImageObject","@id":"https:\/\/arteeluoghi.it\/#personlogo","inLanguage":"it-IT","url":"https:\/\/secure.gravatar.com\/avatar\/49d2f9e46271bb04e19cebfaf141313a?s=96&d=blank&r=g","contentUrl":"https:\/\/secure.gravatar.com\/avatar\/49d2f9e46271bb04e19cebfaf141313a?s=96&d=blank&r=g","caption":"Staff"}}]}},"_links":{"self":[{"href":"https:\/\/arteeluoghi.it\/index.php\/wp-json\/wp\/v2\/posts\/918"}],"collection":[{"href":"https:\/\/arteeluoghi.it\/index.php\/wp-json\/wp\/v2\/posts"}],"about":[{"href":"https:\/\/arteeluoghi.it\/index.php\/wp-json\/wp\/v2\/types\/post"}],"author":[{"embeddable":true,"href":"https:\/\/arteeluoghi.it\/index.php\/wp-json\/wp\/v2\/users\/1"}],"replies":[{"embeddable":true,"href":"https:\/\/arteeluoghi.it\/index.php\/wp-json\/wp\/v2\/comments?post=918"}],"version-history":[{"count":0,"href":"https:\/\/arteeluoghi.it\/index.php\/wp-json\/wp\/v2\/posts\/918\/revisions"}],"wp:attachment":[{"href":"https:\/\/arteeluoghi.it\/index.php\/wp-json\/wp\/v2\/media?parent=918"}],"wp:term":[{"taxonomy":"category","embeddable":true,"href":"https:\/\/arteeluoghi.it\/index.php\/wp-json\/wp\/v2\/categories?post=918"},{"taxonomy":"post_tag","embeddable":true,"href":"https:\/\/arteeluoghi.it\/index.php\/wp-json\/wp\/v2\/tags?post=918"}],"curies":[{"name":"wp","href":"https:\/\/api.w.org\/{rel}","templated":true}]}}