{"id":9185,"date":"2020-10-08T22:14:17","date_gmt":"2020-10-08T20:14:17","guid":{"rendered":"https:\/\/arteeluoghi.it\/?p=9185"},"modified":"2020-10-10T22:18:29","modified_gmt":"2020-10-10T20:18:29","slug":"giangiacomo-dellacaya-a-lecce-dal-castello-alle-mura-urbiche","status":"publish","type":"post","link":"https:\/\/arteeluoghi.it\/index.php\/2020\/10\/08\/giangiacomo-dellacaya-a-lecce-dal-castello-alle-mura-urbiche\/","title":{"rendered":"Giangiacomo Dell\u2019Acaya a Lecce: dal castello alle mura urbiche"},"content":{"rendered":"\n<blockquote class=\"wp-block-quote\"><p>Tour guidati dal castello alle mura urbiche<\/p><cite>Sara Foti Scaivaliere<\/cite><\/blockquote>\n\n\n\n<p>La citt\u00e0 di Lecce conserva parte di un modello di fortificazione cinquecentesca, promossa da Carlo V d\u2019Asburgo, con la committenza del Vicer\u00e8 Don Pedro de Toledo e il Governatore di Terra d\u2019Otranto e di Bari, Ferrante Loffredo. Egregio autore di questa opera fu l\u2019architetto militare e barone Giangiacomo dell\u2019Acaya, \u201cIngegnere Generale del Regno\u201d. Importanti interventi di restauro hanno ridato lustro alle fortificazioni del capoluogo salentino e quest\u2019anomalo autunno 2020 offre ai visitatori e ai curiosi la possibilit\u00e0 di visitare entrambe i complessi monumentali.<\/p>\n\n\n\n<!--more-->\n\n\n\n<p><\/p>\n\n\n\n<style id=\"bwg-style-0\">    #bwg_container1_0 #bwg_container2_0 .bwg-container-0.bwg-standard-thumbnails {      width: 1254px;              justify-content: center;        margin:0 auto !important;              background-color: rgba(255, 255, 255, 0.00);            padding-left: 4px;      padding-top: 4px;      max-width: 100%;            }        #bwg_container1_0 #bwg_container2_0 .bwg-container-0.bwg-standard-thumbnails .bwg-item {    justify-content: flex-start;      max-width: 250px;          }    #bwg_container1_0 #bwg_container2_0 .bwg-container-0.bwg-standard-thumbnails .bwg-item a {       margin-right: 4px;       margin-bottom: 4px;    }    #bwg_container1_0 #bwg_container2_0 .bwg-container-0.bwg-standard-thumbnails .bwg-item0 {      padding: 0px;            background-color:rgba(255,255,255, 0.30);      border: 0px none #CCCCCC;      opacity: 1.00;      border-radius: 0;      box-shadow: 0px 0px 0px #888888;    }    #bwg_container1_0 #bwg_container2_0 .bwg-container-0.bwg-standard-thumbnails .bwg-item1 img {      max-height: none;      max-width: none;      padding: 0 !important;    }        @media only screen and (min-width: 480px) {      #bwg_container1_0 #bwg_container2_0 .bwg-container-0.bwg-standard-thumbnails .bwg-item0 {        transition: all 0.3s ease 0s;-webkit-transition: all 0.3s ease 0s;      }      #bwg_container1_0 #bwg_container2_0 .bwg-container-0.bwg-standard-thumbnails .bwg-item0:hover {        -ms-transform: scale(1.1);        -webkit-transform: scale(1.1);        transform: scale(1.1);      }    }          #bwg_container1_0 #bwg_container2_0 .bwg-container-0.bwg-standard-thumbnails .bwg-item1 {      padding-top: 56%;    }        #bwg_container1_0 #bwg_container2_0 .bwg-container-0.bwg-standard-thumbnails .bwg-title1 {      position: absolute;      top: 0;      z-index: 100;      width: 100%;      height: 100%;      display: flex;      justify-content: center;      align-content: center;      flex-direction: column;      opacity: 0;    }\t      #bwg_container1_0 #bwg_container2_0 .bwg-container-0.bwg-standard-thumbnails .bwg-title2,    #bwg_container1_0 #bwg_container2_0 .bwg-container-0.bwg-standard-thumbnails .bwg-ecommerce2 {      color: #FFFFFF;      font-family: segoe ui;      font-size: 16px;      font-weight: bold;      padding: 2px;      text-shadow: 0px 0px 0px #888888;      max-height: 100%;    }    #bwg_container1_0 #bwg_container2_0 .bwg-container-0.bwg-standard-thumbnails .bwg-thumb-description span {    color: #323A45;    font-family: Ubuntu;    font-size: 12px;    max-height: 100%;    word-wrap: break-word;    }    #bwg_container1_0 #bwg_container2_0 .bwg-container-0.bwg-standard-thumbnails .bwg-play-icon2 {      font-size: 32px;    }    #bwg_container1_0 #bwg_container2_0 .bwg-container-0.bwg-standard-thumbnails .bwg-ecommerce2 {      font-size: 19.2px;      color: #CCCCCC;    }    <\/style>    <div id=\"bwg_container1_0\"         class=\"bwg_container bwg_thumbnail bwg_thumbnails \"         data-right-click-protection=\"0\"         data-bwg=\"0\"         data-scroll=\"0\"         data-gallery-type=\"thumbnails\"         data-gallery-view-type=\"thumbnails\"         data-current-url=\"\/index.php\/wp-json\/wp\/v2\/posts\/9185\"         data-lightbox-url=\"https:\/\/arteeluoghi.it\/wp-admin\/admin-ajax.php?action=GalleryBox&#038;current_view=0&#038;gallery_id=28&#038;tag=0&#038;theme_id=1&#038;shortcode_id=100&#038;sort_by=order&#038;order_by=asc&#038;current_url=%2Findex.php%2Fwp-json%2Fwp%2Fv2%2Fposts%2F9185\"         data-gallery-id=\"28\"         data-popup-width=\"800\"         data-popup-height=\"500\"         data-is-album=\"gallery\"         data-buttons-position=\"bottom\">      <div id=\"bwg_container2_0\">             <div id=\"ajax_loading_0\" class=\"bwg_loading_div_1\">      <div class=\"bwg_loading_div_2\">        <div class=\"bwg_loading_div_3\">          <div id=\"loading_div_0\" class=\"bwg_spider_ajax_loading\">          <\/div>        <\/div>      <\/div>    <\/div>            <form id=\"gal_front_form_0\"              class=\"bwg-hidden\"              method=\"post\"              action=\"#\"              data-current=\"0\"              data-shortcode-id=\"100\"              data-gallery-type=\"thumbnails\"              data-gallery-id=\"28\"              data-tag=\"0\"              data-album-id=\"0\"              data-theme-id=\"1\"              data-ajax-url=\"https:\/\/arteeluoghi.it\/wp-admin\/admin-ajax.php?action=bwg_frontend_data\">          <div id=\"bwg_container3_0\" class=\"bwg-background bwg-background-0\">                <div data-max-count=\"5\"         data-thumbnail-width=\"250\"         data-bwg=\"0\"         data-gallery-id=\"28\"         data-lightbox-url=\"https:\/\/arteeluoghi.it\/wp-admin\/admin-ajax.php?action=GalleryBox&amp;current_view=0&amp;gallery_id=28&amp;tag=0&amp;theme_id=1&amp;shortcode_id=100&amp;sort_by=order&amp;order_by=asc&amp;current_url=%2Findex.php%2Fwp-json%2Fwp%2Fv2%2Fposts%2F9185\"         id=\"bwg_thumbnails_0\"         class=\"bwg-container-0 bwg-thumbnails bwg-standard-thumbnails bwg-container bwg-border-box\">            <div class=\"bwg-item\">        <a class=\"bwg-a  bwg_lightbox\"  data-image-id=\"470\" href=\"https:\/\/arteeluoghi.it\/wp-content\/uploads\/photo-gallery\/castello_di_lecce\/castello_IMG_20180809_160253.jpg?bwg=1602360668\" data-elementor-open-lightbox=\"no\">                <div class=\"bwg-item0 \">          <div class=\"bwg-item1 \">            <div class=\"bwg-item2\">              <img class=\"skip-lazy bwg_standart_thumb_img_0 \"                   data-id=\"470\"                   data-width=\"500\"                   data-height=\"375\"                   data-src=\"https:\/\/arteeluoghi.it\/wp-content\/uploads\/photo-gallery\/castello_di_lecce\/thumb\/castello_IMG_20180809_160253.jpg?bwg=1602360668\"                   src=\"https:\/\/arteeluoghi.it\/wp-content\/uploads\/photo-gallery\/castello_di_lecce\/thumb\/castello_IMG_20180809_160253.jpg?bwg=1602360668\"                   alt=\"Il Castello di Lecce foto di Sara Foti Sciavaliere\"                   title=\"Il Castello di Lecce foto di Sara Foti Sciavaliere\" \/>            <\/div>            <div class=\"\">              <div class=\"bwg-title1\"><div class=\"bwg-title2\">Il Castello di Lecce foto di Sara Foti Sciavaliere<\/div><\/div>                                        <\/div>          <\/div>        <\/div>                        <\/a>              <\/div>            <div class=\"bwg-item\">        <a class=\"bwg-a  bwg_lightbox\"  data-image-id=\"469\" href=\"https:\/\/arteeluoghi.it\/wp-content\/uploads\/photo-gallery\/castello_di_lecce\/mura-bastione_IMG_20200814_093400.jpg?bwg=1602360668\" data-elementor-open-lightbox=\"no\">                <div class=\"bwg-item0 \">          <div class=\"bwg-item1 \">            <div class=\"bwg-item2\">              <img class=\"skip-lazy bwg_standart_thumb_img_0 \"                   data-id=\"469\"                   data-width=\"500\"                   data-height=\"375\"                   data-src=\"https:\/\/arteeluoghi.it\/wp-content\/uploads\/photo-gallery\/castello_di_lecce\/thumb\/mura-bastione_IMG_20200814_093400.jpg?bwg=1602360668\"                   src=\"https:\/\/arteeluoghi.it\/wp-content\/uploads\/photo-gallery\/castello_di_lecce\/thumb\/mura-bastione_IMG_20200814_093400.jpg?bwg=1602360668\"                   alt=\"Il Castello di Lecce foto di Sara Foti Sciavaliere\"                   title=\"Il Castello di Lecce foto di Sara Foti Sciavaliere\" \/>            <\/div>            <div class=\"\">              <div class=\"bwg-title1\"><div class=\"bwg-title2\">Il Castello di Lecce foto di Sara Foti Sciavaliere<\/div><\/div>                                        <\/div>          <\/div>        <\/div>                        <\/a>              <\/div>            <div class=\"bwg-item\">        <a class=\"bwg-a  bwg_lightbox\"  data-image-id=\"468\" href=\"https:\/\/arteeluoghi.it\/wp-content\/uploads\/photo-gallery\/castello_di_lecce\/mura-bastione_IMG_20200814_095512.jpg?bwg=1602360668\" data-elementor-open-lightbox=\"no\">                <div class=\"bwg-item0 \">          <div class=\"bwg-item1 \">            <div class=\"bwg-item2\">              <img class=\"skip-lazy bwg_standart_thumb_img_0 \"                   data-id=\"468\"                   data-width=\"500\"                   data-height=\"375\"                   data-src=\"https:\/\/arteeluoghi.it\/wp-content\/uploads\/photo-gallery\/castello_di_lecce\/thumb\/mura-bastione_IMG_20200814_095512.jpg?bwg=1602360668\"                   src=\"https:\/\/arteeluoghi.it\/wp-content\/uploads\/photo-gallery\/castello_di_lecce\/thumb\/mura-bastione_IMG_20200814_095512.jpg?bwg=1602360668\"                   alt=\"Il Castello di Lecce foto di Sara Foti Sciavaliere\"                   title=\"Il Castello di Lecce foto di Sara Foti Sciavaliere\" \/>            <\/div>            <div class=\"\">              <div class=\"bwg-title1\"><div class=\"bwg-title2\">Il Castello di Lecce foto di Sara Foti Sciavaliere<\/div><\/div>                                        <\/div>          <\/div>        <\/div>                        <\/a>              <\/div>            <div class=\"bwg-item\">        <a class=\"bwg-a  bwg_lightbox\"  data-image-id=\"467\" href=\"https:\/\/arteeluoghi.it\/wp-content\/uploads\/photo-gallery\/castello_di_lecce\/castello_IMG_20201002_104637.jpg?bwg=1602360668\" data-elementor-open-lightbox=\"no\">                <div class=\"bwg-item0 \">          <div class=\"bwg-item1 \">            <div class=\"bwg-item2\">              <img class=\"skip-lazy bwg_standart_thumb_img_0 \"                   data-id=\"467\"                   data-width=\"500\"                   data-height=\"375\"                   data-src=\"https:\/\/arteeluoghi.it\/wp-content\/uploads\/photo-gallery\/castello_di_lecce\/thumb\/castello_IMG_20201002_104637.jpg?bwg=1602360668\"                   src=\"https:\/\/arteeluoghi.it\/wp-content\/uploads\/photo-gallery\/castello_di_lecce\/thumb\/castello_IMG_20201002_104637.jpg?bwg=1602360668\"                   alt=\"Il Castello di Lecce foto di Sara Foti Sciavaliere\"                   title=\"Il Castello di Lecce foto di Sara Foti Sciavaliere\" \/>            <\/div>            <div class=\"\">              <div class=\"bwg-title1\"><div class=\"bwg-title2\">Il Castello di Lecce foto di Sara Foti Sciavaliere<\/div><\/div>                                        <\/div>          <\/div>        <\/div>                        <\/a>              <\/div>            <div class=\"bwg-item\">        <a class=\"bwg-a  bwg_lightbox\"  data-image-id=\"466\" href=\"https:\/\/arteeluoghi.it\/wp-content\/uploads\/photo-gallery\/castello_di_lecce\/castello_IMG_20201002_105114.jpg?bwg=1602360668\" data-elementor-open-lightbox=\"no\">                <div class=\"bwg-item0 \">          <div class=\"bwg-item1 \">            <div class=\"bwg-item2\">              <img class=\"skip-lazy bwg_standart_thumb_img_0 \"                   data-id=\"466\"                   data-width=\"500\"                   data-height=\"375\"                   data-src=\"https:\/\/arteeluoghi.it\/wp-content\/uploads\/photo-gallery\/castello_di_lecce\/thumb\/castello_IMG_20201002_105114.jpg?bwg=1602360668\"                   src=\"https:\/\/arteeluoghi.it\/wp-content\/uploads\/photo-gallery\/castello_di_lecce\/thumb\/castello_IMG_20201002_105114.jpg?bwg=1602360668\"                   alt=\"Il Castello di Lecce foto di Sara Foti Sciavaliere\"                   title=\"Il Castello di Lecce foto di Sara Foti Sciavaliere\" \/>            <\/div>            <div class=\"\">              <div class=\"bwg-title1\"><div class=\"bwg-title2\">Il Castello di Lecce foto di Sara Foti Sciavaliere<\/div><\/div>                                        <\/div>          <\/div>        <\/div>                        <\/a>              <\/div>            <div class=\"bwg-item\">        <a class=\"bwg-a  bwg_lightbox\"  data-image-id=\"465\" href=\"https:\/\/arteeluoghi.it\/wp-content\/uploads\/photo-gallery\/castello_di_lecce\/mura-bastione_IMG_20200814_094135.jpg?bwg=1602360668\" data-elementor-open-lightbox=\"no\">                <div class=\"bwg-item0 \">          <div class=\"bwg-item1 \">            <div class=\"bwg-item2\">              <img class=\"skip-lazy bwg_standart_thumb_img_0 \"                   data-id=\"465\"                   data-width=\"500\"                   data-height=\"375\"                   data-src=\"https:\/\/arteeluoghi.it\/wp-content\/uploads\/photo-gallery\/castello_di_lecce\/thumb\/mura-bastione_IMG_20200814_094135.jpg?bwg=1602360668\"                   src=\"https:\/\/arteeluoghi.it\/wp-content\/uploads\/photo-gallery\/castello_di_lecce\/thumb\/mura-bastione_IMG_20200814_094135.jpg?bwg=1602360668\"                   alt=\"Mura urbiche foto di Sara Foti Sciavaliere\"                   title=\"Mura urbiche foto di Sara Foti Sciavaliere\" \/>            <\/div>            <div class=\"\">              <div class=\"bwg-title1\"><div class=\"bwg-title2\">Mura urbiche foto di Sara Foti Sciavaliere<\/div><\/div>                                        <\/div>          <\/div>        <\/div>                        <\/a>              <\/div>            <div class=\"bwg-item\">        <a class=\"bwg-a  bwg_lightbox\"  data-image-id=\"464\" href=\"https:\/\/arteeluoghi.it\/wp-content\/uploads\/photo-gallery\/castello_di_lecce\/castello_IMG_20201002_103051.jpg?bwg=1602360668\" data-elementor-open-lightbox=\"no\">                <div class=\"bwg-item0 \">          <div class=\"bwg-item1 \">            <div class=\"bwg-item2\">              <img class=\"skip-lazy bwg_standart_thumb_img_0 \"                   data-id=\"464\"                   data-width=\"500\"                   data-height=\"375\"                   data-src=\"https:\/\/arteeluoghi.it\/wp-content\/uploads\/photo-gallery\/castello_di_lecce\/thumb\/castello_IMG_20201002_103051.jpg?bwg=1602360668\"                   src=\"https:\/\/arteeluoghi.it\/wp-content\/uploads\/photo-gallery\/castello_di_lecce\/thumb\/castello_IMG_20201002_103051.jpg?bwg=1602360668\"                   alt=\"Il Castello di Lecce foto di Sara Foti Sciavaliere\"                   title=\"Il Castello di Lecce foto di Sara Foti Sciavaliere\" \/>            <\/div>            <div class=\"\">              <div class=\"bwg-title1\"><div class=\"bwg-title2\">Il Castello di Lecce foto di Sara Foti Sciavaliere<\/div><\/div>                                        <\/div>          <\/div>        <\/div>                        <\/a>              <\/div>            <div class=\"bwg-item\">        <a class=\"bwg-a  bwg_lightbox\"  data-image-id=\"463\" href=\"https:\/\/arteeluoghi.it\/wp-content\/uploads\/photo-gallery\/castello_di_lecce\/castello_IMG_20201002_101340.jpg?bwg=1602360668\" data-elementor-open-lightbox=\"no\">                <div class=\"bwg-item0 \">          <div class=\"bwg-item1 \">            <div class=\"bwg-item2\">              <img class=\"skip-lazy bwg_standart_thumb_img_0 \"                   data-id=\"463\"                   data-width=\"500\"                   data-height=\"375\"                   data-src=\"https:\/\/arteeluoghi.it\/wp-content\/uploads\/photo-gallery\/castello_di_lecce\/thumb\/castello_IMG_20201002_101340.jpg?bwg=1602360668\"                   src=\"https:\/\/arteeluoghi.it\/wp-content\/uploads\/photo-gallery\/castello_di_lecce\/thumb\/castello_IMG_20201002_101340.jpg?bwg=1602360668\"                   alt=\"Il Castello di Lecce foto di Sara Foti Sciavaliere\"                   title=\"Il Castello di Lecce foto di Sara Foti Sciavaliere\" \/>            <\/div>            <div class=\"\">              <div class=\"bwg-title1\"><div class=\"bwg-title2\">Il Castello di Lecce foto di Sara Foti Sciavaliere<\/div><\/div>                                        <\/div>          <\/div>        <\/div>                        <\/a>              <\/div>            <div class=\"bwg-item\">        <a class=\"bwg-a  bwg_lightbox\"  data-image-id=\"462\" href=\"https:\/\/arteeluoghi.it\/wp-content\/uploads\/photo-gallery\/castello_di_lecce\/mura-bastione__IMG_20200814_094750.jpg?bwg=1602360668\" data-elementor-open-lightbox=\"no\">                <div class=\"bwg-item0 \">          <div class=\"bwg-item1 \">            <div class=\"bwg-item2\">              <img class=\"skip-lazy bwg_standart_thumb_img_0 \"                   data-id=\"462\"                   data-width=\"500\"                   data-height=\"375\"                   data-src=\"https:\/\/arteeluoghi.it\/wp-content\/uploads\/photo-gallery\/castello_di_lecce\/thumb\/mura-bastione__IMG_20200814_094750.jpg?bwg=1602360668\"                   src=\"https:\/\/arteeluoghi.it\/wp-content\/uploads\/photo-gallery\/castello_di_lecce\/thumb\/mura-bastione__IMG_20200814_094750.jpg?bwg=1602360668\"                   alt=\"Mura urbiche foto di Sara Foti Sciavaliere\"                   title=\"Mura urbiche foto di Sara Foti Sciavaliere\" \/>            <\/div>            <div class=\"\">              <div class=\"bwg-title1\"><div class=\"bwg-title2\">Mura urbiche foto di Sara Foti Sciavaliere<\/div><\/div>                                        <\/div>          <\/div>        <\/div>                        <\/a>              <\/div>            <div class=\"bwg-item\">        <a class=\"bwg-a  bwg_lightbox\"  data-image-id=\"461\" href=\"https:\/\/arteeluoghi.it\/wp-content\/uploads\/photo-gallery\/castello_di_lecce\/castello_IMG_20201002_100327.jpg?bwg=1602360668\" data-elementor-open-lightbox=\"no\">                <div class=\"bwg-item0 \">          <div class=\"bwg-item1 \">            <div class=\"bwg-item2\">              <img class=\"skip-lazy bwg_standart_thumb_img_0 \"                   data-id=\"461\"                   data-width=\"500\"                   data-height=\"375\"                   data-src=\"https:\/\/arteeluoghi.it\/wp-content\/uploads\/photo-gallery\/castello_di_lecce\/thumb\/castello_IMG_20201002_100327.jpg?bwg=1602360668\"                   src=\"https:\/\/arteeluoghi.it\/wp-content\/uploads\/photo-gallery\/castello_di_lecce\/thumb\/castello_IMG_20201002_100327.jpg?bwg=1602360668\"                   alt=\"Il Castello di Lecce foto di Sara Foti Sciavaliere\"                   title=\"Il Castello di Lecce foto di Sara Foti Sciavaliere\" \/>            <\/div>            <div class=\"\">              <div class=\"bwg-title1\"><div class=\"bwg-title2\">Il Castello di Lecce foto di Sara Foti Sciavaliere<\/div><\/div>                                        <\/div>          <\/div>        <\/div>                        <\/a>              <\/div>            <div class=\"bwg-item\">        <a class=\"bwg-a  bwg_lightbox\"  data-image-id=\"460\" href=\"https:\/\/arteeluoghi.it\/wp-content\/uploads\/photo-gallery\/castello_di_lecce\/mura-bastione_IMG_20200814_095040.jpg?bwg=1602360668\" data-elementor-open-lightbox=\"no\">                <div class=\"bwg-item0 \">          <div class=\"bwg-item1 \">            <div class=\"bwg-item2\">              <img class=\"skip-lazy bwg_standart_thumb_img_0 \"                   data-id=\"460\"                   data-width=\"500\"                   data-height=\"375\"                   data-src=\"https:\/\/arteeluoghi.it\/wp-content\/uploads\/photo-gallery\/castello_di_lecce\/thumb\/mura-bastione_IMG_20200814_095040.jpg?bwg=1602360668\"                   src=\"https:\/\/arteeluoghi.it\/wp-content\/uploads\/photo-gallery\/castello_di_lecce\/thumb\/mura-bastione_IMG_20200814_095040.jpg?bwg=1602360668\"                   alt=\"mura urbiche foto di Sara Foti Sciavaliere\"                   title=\"mura urbiche foto di Sara Foti Sciavaliere\" \/>            <\/div>            <div class=\"\">              <div class=\"bwg-title1\"><div class=\"bwg-title2\">mura urbiche foto di Sara Foti Sciavaliere<\/div><\/div>                                        <\/div>          <\/div>        <\/div>                        <\/a>              <\/div>          <\/div>    <style>      \/*pagination styles*\/      #bwg_container1_0 #bwg_container2_0 .tablenav-pages_0 {\t\t\t\ttext-align: center;\t\t\t\tfont-size: 12px;\t\t\t\tfont-family: segoe ui;\t\t\t\tfont-weight: bold;\t\t\t\tcolor: #666666;\t\t\t\tmargin: 6px 0 4px;\t\t\t\tdisplay: block;      }      @media only screen and (max-width : 320px) {      #bwg_container1_0 #bwg_container2_0 .displaying-num_0 {     \t display: none;      }      }      #bwg_container1_0 #bwg_container2_0 .displaying-num_0 {\t\t\t\tfont-size: 12px;\t\t\t\tfont-family: segoe ui;\t\t\t\tfont-weight: bold;\t\t\t\tcolor: #666666;\t\t\t\tmargin-right: 10px;\t\t\t\tvertical-align: middle;      }      #bwg_container1_0 #bwg_container2_0 .paging-input_0 {\t\t\t\tfont-size: 12px;\t\t\t\tfont-family: segoe ui;\t\t\t\tfont-weight: bold;\t\t\t\tcolor: #666666;\t\t\t\tvertical-align: middle;      }      #bwg_container1_0 #bwg_container2_0 .tablenav-pages_0 a.disabled,      #bwg_container1_0 #bwg_container2_0 .tablenav-pages_0 a.disabled:hover,      #bwg_container1_0 #bwg_container2_0 .tablenav-pages_0 a.disabled:focus,\t\t\t#bwg_container1_0 #bwg_container2_0 .tablenav-pages_0 input.bwg_current_page {\t\t\t\tcursor: default;\t\t\t\tcolor: rgba(102, 102, 102, 0.5);      }      #bwg_container1_0 #bwg_container2_0 .tablenav-pages_0 a,      #bwg_container1_0 #bwg_container2_0 .tablenav-pages_0 input.bwg_current_page {\t\t\t\tcursor: pointer;\t\t\t\ttext-align: center;\t\t\t\tfont-size: 12px;\t\t\t\tfont-family: segoe ui;\t\t\t\tfont-weight: bold;\t\t\t\tcolor: #666666;\t\t\t\ttext-decoration: none;\t\t\t\tpadding: 3px 6px;\t\t\t\tmargin: 0;\t\t\t\tborder-radius: 0;\t\t\t\tborder-style: solid;\t\t\t\tborder-width: 1px;\t\t\t\tborder-color: #E3E3E3;\t\t\t\t\t\t\t\tbackground-color: rgba(255, 255, 255, 1.00);\t\t\t\tbox-shadow: 0;\t\t\t\ttransition: all 0.3s ease 0s;-webkit-transition: all 0.3s ease 0s;      }      <\/style>      <span class=\"bwg_nav_cont_0\">              <div class=\"tablenav-pages_0\">                  <\/div>                <input type=\"hidden\" id=\"page_number_0\" name=\"page_number_0\" value=\"1\" \/>      <script type=\"text\/javascript\">        if( jQuery('.bwg_nav_cont_0').length > 1 ) {          jQuery('.bwg_nav_cont_0').first().remove()        }        function spider_page_0(cur, x, y, load_more) {          if (typeof load_more == \"undefined\") {            var load_more = false;          }          if (jQuery(cur).hasClass('disabled')) {            return false;          }          var items_county_0 = 1;          switch (y) {            case 1:              if (x >= items_county_0) {                document.getElementById('page_number_0').value = items_county_0;              }              else {                document.getElementById('page_number_0').value = x + 1;              }              break;            case 2:              document.getElementById('page_number_0').value = items_county_0;              break;            case -1:              if (x == 1) {                document.getElementById('page_number_0').value = 1;              }              else {                document.getElementById('page_number_0').value = x - 1;              }              break;            case -2:              document.getElementById('page_number_0').value = 1;              break;\t\t\t\t\t\tcase 0:              document.getElementById('page_number_0').value = x;              break;            default:              document.getElementById('page_number_0').value = 1;          }          bwg_ajax('gal_front_form_0', '0', 'bwg_thumbnails_0', '0', '', 'gallery', 0, '', '', load_more, '', 1);        }                    jQuery('.first-page-0').on('click', function () {              spider_page_0(this, 1, -2, 'numeric');              return false;            });            jQuery('.prev-page-0').on('click', function () {              spider_page_0(this, 1, -1, 'numeric');              return false;            });            jQuery('.next-page-0').on('click', function () {              spider_page_0(this, 1, 1, 'numeric');              return false;            });            jQuery('.last-page-0').on('click', function () {              spider_page_0(this, 1, 2, 'numeric');              return false;            });        \t\t\t\t\/* Change page on input enter. *\/        function bwg_change_page_0( e, that ) {          if (  e.key == 'Enter' ) {            var to_page = parseInt(jQuery(that).val());            var pages_count = jQuery(that).parents(\".pagination-links\").data(\"pages-count\");            var current_url_param = jQuery(that).attr('data-url-info');            if (to_page > pages_count) {              to_page = 1;            }\t \t\t\t\t\t\t\t\t\t\t\t\tspider_page_0(this, to_page, 0, 'numeric');\t\t\t\t\t\t\treturn false;\t\t\t\t\t\t          }          return true;        }        jQuery('.bwg_load_btn_0').on('click', function () {            spider_page_0(this, 1, 1, true);            return false;        });      <\/script>      <\/span>                <\/div>        <\/form>        <style>          #bwg_container1_0 #bwg_container2_0 #spider_popup_overlay_0 {          background-color: #000000;          opacity: 0.70;          }          <\/style>        <div id=\"bwg_spider_popup_loading_0\" class=\"bwg_spider_popup_loading\"><\/div>        <div id=\"spider_popup_overlay_0\" class=\"spider_popup_overlay\" onclick=\"spider_destroypopup(1000)\"><\/div>        <input type=\"hidden\" id=\"bwg_random_seed_0\" value=\"231084270\">                <\/div>    <\/div>    <script>      if (document.readyState === 'complete') {        if( typeof bwg_main_ready == 'function' ) {          if ( jQuery(\"#bwg_container1_0\").height() ) {            bwg_main_ready(jQuery(\"#bwg_container1_0\"));          }        }      } else {        document.addEventListener('DOMContentLoaded', function() {          if( typeof bwg_main_ready == 'function' ) {            if ( jQuery(\"#bwg_container1_0\").height() ) {             bwg_main_ready(jQuery(\"#bwg_container1_0\"));            }          }        });      }    <\/script>    \n\n\n\n<p>Sono riaperte da quest\u2019estate gli spazi sotterranei e le aree archeologiche del Castello Carlo V di Lecce, la pi\u00f9 grande fortezza di Puglia, grazie al progetto di fruizione e valorizzazione \u201cAttraverso il Castello\u201d promosso da 34Fuso e The Monuments People APS e la Soprintendenza Archeologia Belle Arti e Paesaggio per le Province di Brindisi, Lecce e Taranto. Anche in autunno sar\u00e0 possibile visitare gli ambienti del Castello Carlo V di pertinenza della Soprintendenza con supporti multimediali e itinerari condotti da guide specializzate che permetteranno ai visitatori di conoscere non solo la storia e l\u2019architettura del monumento, ma aspetti della citt\u00e0 medievale e moderna. <br>\nUn percorso per far conoscere a turisti e locali la storia e gli interventi urbanistici realizzati dal grande architetto salentino, all\u2019interno del Castello Carlo V, visitando le suggestive aree di recente restauro (piazza d\u2019armi, cappella di Santa Barbara, prigioni, sotterranei e camminamenti). Il vecchio maniero normanno viene ristrutturato a partire dal  1539. Munito di nuove opere difensive adeguate alle rinnovate esigenze belliche, l\u2019edificio originario finir\u00e0 inglobato nel corpo cinquecentesco eampliato nelle sue dimensioni con la messa in opera di un\u2019imponente cortina muraria che andava a collegarsi a quattro possenti bastioni angolari a punta di lancia. L\u2019ingresso al Castello Carlo V avviene di norma dalla Porta Reale, il grande portale d\u2019accesso che affaccia verso il centro storico, seppure presenta un\u2019altra entrata sul fronte posteriore, la cosiddetta Porta Falsa. Un tempo, per accedere alla fortezza, era necessario passare su un ponte levatoio che scavalcava il fossato che girava tutt\u2019intorno alla cortina muraria e interrato nel XIX secolo per ragioni igienico-sanitarie. Una volta entrati, ci si trova nell\u2019androne, alla cui sinistra si trovava il vecchio posto di guardia e dall\u2019altro lato si accede al corridoio scoperto che concede l\u2019accesso ai camminamenti di ronda e alle gallerie sotterranee, corrispondenti al fossato medievale del castello e adibite a scuderie nel Cinquecento. <br>\nVarcato il grande arco dell\u2019androne, si prosegue in un secondo ambiente che d\u00e0 accesso all\u2019ex Cappella di S.Barbara e alla sagrestia con gli scavi archeologici che mettono in luce i resti medievali del castello, mentre andando oltre si esce nel cortile interno. Lungo il lato occidentale di quest\u2019ultimo si apre la facciata della suddetta cappella; su quello settentrionale si profila il portico medievale, sotto il quale si collocano gli ambienti che ospitano oggi il Museo della Cartapesta. Nell\u2019angolo nord-est si innalza la Torre Magistra con l\u2019ex Cappella di Santa Maria di Costantinopoli nel piano seminterrato; sull\u2019angolo opposto, inglobato nell\u2019ambienti cinquecenteschi, la Torre Mozza e l\u2019accesso alle prigioni. Questo vano \u00e8 sicuramente tra i pi\u00f9 affascinanti con le innumerevoli iscrizioni incise sulle pareti da illustri prigionieri, tra lamentazioni, stemmi nobiliari e immagini sacre, principalmente Crocifissioni, che sono testimonianza delle vite passate e forse spente in quel luogo. E proprio in quella stessa prigione ha tristemente conclusa una gloriosa esistenza Giangiacomo Dell\u2019Acaya. Gi\u00e0 anziano e ammalato, il barone-architetto godeva serenamente degli onori e dei meriti di una vita al servizio del Vicer\u00e8 Pedro de Toledo, quando riceve l\u2019ingiunzione di pagamento di un ingente somma a fronte di una fideiussione, per la quale non gli sar\u00e0 neanche risparmiata l\u2019incarcerazione. Espi\u00f2 la pena nelle prigioni di quello stesso castello di Lecce che aveva progettato e resa il pi\u00f9 maestoso di Puglia: gravemente malato e sorvegliato dai soldati spagnoli, vi trov\u00f2 la morte nel dicembre del 1570.<br>\nDopo l\u2019ampia affluenza per le aperture straordinarie dello scorso mese di agosto, si replica la possibilit\u00e0 di acceso anche alle monumentali mura urbiche di Lecce, frutto dell\u2019intervento di fortificazione di Giangiacomo dell\u2019Acaya. Si potranno visitare, dal 9 ottobre all\u20198 novembre 2020,  grazie alla collaborazione del Comune di Lecce con l\u2019azienda MediaFarm, insieme alla Fondazione Its Apulia Digital Marker, Fondazione Its per l\u2019industria dell\u2019Ospitalit\u00e0 e del Turismo Allargato e l\u2019APS The Monuments People. Il percorso in questione permette di entrare negli ambienti interni del bastione a tenaglia, avamposto di rinforzo sull\u2019angolo nord della circuito murario cittadino a forma di navicella. \u00c8 il cosiddetto bastione San Francesco, cos\u00ec chiamato per la sua prossimit\u00e0 al convento dei Padri Minimi &#8211; i frati di San Francesco di Paolo &#8211; che prima fuori dalle mura della citt\u00e0 sar\u00e0 poi inglobato all\u2019interno delle stesse. In compagnia delle guide si potranno scoprire interessanti tracce incise sulla pietra come un antico tetragramma o ancora i resti dell\u2019originale impianto lanceolato del bastione modificato in corso d\u2019opera nella struttura attuale. Dalle terrazze della fortezza si possono ammirare lo scavo parziale del vecchio fossato cittadino con le sue straticazioni, il quale corre parallelo alle mura e al suo camminamento che si congiunge al giardino dell\u2019adiacente Palazzo Giaconia e gi\u00f9, dove \u00e8 sorto il Parco della Mura, passa un tratto della romana via Traiana. <\/p>\n\n\n\n<p>Sono appuntamenti imperdibili per i leccesi per riappropriarsi della storia e del patrimonio della proprio citt\u00e0 e per quanti giungono a Lecce e vogliono conoscere una pagina di storia del capoluogo salentino in parte oscurata da altre evidenze storico artistiche.<br>\nGli appuntamenti<br>\n\u201cAttraverso il castello\u201d<br>\nTutti i Luned\u00ec, Gioved\u00ec e Venerd\u00ec alle ore 11:00 e alle ore 16:00 sar\u00e0 inoltre possibile visitare il Castello attraverso un percorso multimediale della durata di 1 ora; supportati da un tablet, i visitatori saranno accompagnati nei seguenti punti di interesse: Cappella di S. Barbara, Prigioni, Museo della Cartapesta, Sotterranei, Camminamenti di Ronda e Sala Multimediale dove sar\u00e0 possibile visionare un docufiction sulla storia del Castello e di Giangiacomo dell\u2019Acaya. Sabato e Domenica il medesimo percorso sar\u00e0 supportato da una guida abilitata dell\u2019associazione The Monuments People nei seguenti orari: 10:30 &#8211; 12:00 || 16:00 &#8211; 17:30.<\/p>\n\n\n\n<p>Mura Urbiche<br>\nL\u2019apertura sar\u00e0 garantita nei giorni 9\/11\/14\/16\/18\/21\/23\/25\/28\/30 ottobre e 1\/4\/6\/8 novembre 2020.<br>\nGli orari della partenza delle visite sono i seguenti: ore 18:00, 19:00, 20:00. Le visite, della durata di circa un\u2019ora, saranno rivolte ad un numero massimo di 20 persone per ciascun turno e saranno completamente gratuite con le guide di The Monuments People. In questa occasione, inoltre le guide turistiche iscritte all\u2019albo della Regione Puglia potranno prenotare i tour nelle fasce orarie delle 18.30, 19.30, 20.30, sempre nel rispetto del numero massimo di 20 persone.<br>\nL\u2019ingresso \u00e8 situato in via Leonardo Leo, di fronte l\u2019ex Convento degli Agostiniani.<br>\nInformazioni<br>\nPer info e prenotazione di \u201cAttraverso il castello\u201d<br>\nTelefono 335-7009614<br>\nE-mail: attraversoilcastello@gmail.com<\/p>\n\n\n\n<p>Per le mura urbiche<br>\nTelefono e WhatsApp 351-5569676<\/p>\n\n\n\n<p>In osservanza delle direttive regionali per la prevenzione Covid-19 \u00e8 obbligatorio indossare la mascherina durante l\u2019intero percorso e usare gel igienizzanti mani personali. La prenotazione \u00e8 obbligatoria poich\u00e9 i gruppi saranno gestiti in maniera contingentata rispettando il numero massimo di partecipanti a gruppo (20 unit\u00e0).<\/p>\n","protected":false},"excerpt":{"rendered":"<p>Tour guidati dal castello alle mura urbiche Sara Foti Scaivaliere La citt\u00e0 di Lecce conserva parte di un modello di<\/p>\n","protected":false},"author":1,"featured_media":9186,"comment_status":"open","ping_status":"open","sticky":true,"template":"","format":"standard","meta":[],"categories":[609,18,30],"tags":[2842,2452,674,134,2840,2839,2843,2841,2549],"yoast_head":"<!-- This site is optimized with the Yoast SEO plugin v18.0 - https:\/\/yoast.com\/wordpress\/plugins\/seo\/ -->\n<title>Giangiacomo Dell\u2019Acaya a Lecce: dal castello alle mura urbiche | Arte e Luoghi<\/title>\n<meta name=\"robots\" content=\"index, follow, max-snippet:-1, max-image-preview:large, max-video-preview:-1\" \/>\n<link rel=\"canonical\" href=\"https:\/\/arteeluoghi.it\/index.php\/2020\/10\/08\/giangiacomo-dellacaya-a-lecce-dal-castello-alle-mura-urbiche\/\" \/>\n<meta property=\"og:locale\" content=\"it_IT\" \/>\n<meta property=\"og:type\" content=\"article\" \/>\n<meta property=\"og:title\" content=\"Giangiacomo Dell\u2019Acaya a Lecce: dal castello alle mura urbiche | Arte e Luoghi\" \/>\n<meta property=\"og:description\" content=\"Tour guidati dal castello alle mura urbiche Sara Foti Scaivaliere La citt\u00e0 di Lecce conserva parte di un modello di\" \/>\n<meta property=\"og:url\" content=\"https:\/\/arteeluoghi.it\/index.php\/2020\/10\/08\/giangiacomo-dellacaya-a-lecce-dal-castello-alle-mura-urbiche\/\" \/>\n<meta property=\"og:site_name\" content=\"Arte e Luoghi\" \/>\n<meta property=\"article:publisher\" content=\"https:\/\/www.facebook.com\/ArteELuoghi\/\" \/>\n<meta property=\"article:published_time\" content=\"2020-10-08T20:14:17+00:00\" \/>\n<meta property=\"article:modified_time\" content=\"2020-10-10T20:18:29+00:00\" \/>\n<meta property=\"og:image\" content=\"https:\/\/arteeluoghi.it\/wp-content\/uploads\/2020\/10\/mura-bastione_IMG_20200814_093400-1024x768.jpg\" \/>\n\t<meta property=\"og:image:width\" content=\"1024\" \/>\n\t<meta property=\"og:image:height\" content=\"768\" \/>\n\t<meta property=\"og:image:type\" content=\"image\/jpeg\" \/>\n<meta name=\"twitter:card\" content=\"summary\" \/>\n<meta name=\"twitter:creator\" content=\"@arteeluoghi\" \/>\n<meta name=\"twitter:site\" content=\"@arteeluoghi\" \/>\n<meta name=\"twitter:label1\" content=\"Scritto da\" \/>\n\t<meta name=\"twitter:data1\" content=\"Staff\" \/>\n\t<meta name=\"twitter:label2\" content=\"Tempo di lettura stimato\" \/>\n\t<meta name=\"twitter:data2\" content=\"6 minuti\" \/>\n<script type=\"application\/ld+json\" class=\"yoast-schema-graph\">{\"@context\":\"https:\/\/schema.org\",\"@graph\":[{\"@type\":\"Organization\",\"@id\":\"https:\/\/arteeluoghi.it\/#organization\",\"name\":\"Arte e Luoghi\",\"url\":\"https:\/\/arteeluoghi.it\/\",\"sameAs\":[\"https:\/\/www.facebook.com\/ArteELuoghi\/\",\"https:\/\/www.instagram.com\/arteeluoghi\/?hl=it\",\"https:\/\/www.youtube.com\/channel\/UCuRVc4JW4-C5sg9rQB-srkw?view_as=subscriber\",\"https:\/\/twitter.com\/arteeluoghi\"],\"logo\":{\"@type\":\"ImageObject\",\"@id\":\"https:\/\/arteeluoghi.it\/#logo\",\"inLanguage\":\"it-IT\",\"url\":\"https:\/\/arteeluoghi.it\/wp-content\/uploads\/2018\/08\/logoinstagramarte.jpg\",\"contentUrl\":\"https:\/\/arteeluoghi.it\/wp-content\/uploads\/2018\/08\/logoinstagramarte.jpg\",\"width\":150,\"height\":150,\"caption\":\"Arte e Luoghi\"},\"image\":{\"@id\":\"https:\/\/arteeluoghi.it\/#logo\"}},{\"@type\":\"WebSite\",\"@id\":\"https:\/\/arteeluoghi.it\/#website\",\"url\":\"https:\/\/arteeluoghi.it\/\",\"name\":\"Arte e Luoghi\",\"description\":\"Mensile di arte, cultura, turismo e curiosit\u00e0\",\"publisher\":{\"@id\":\"https:\/\/arteeluoghi.it\/#organization\"},\"potentialAction\":[{\"@type\":\"SearchAction\",\"target\":{\"@type\":\"EntryPoint\",\"urlTemplate\":\"https:\/\/arteeluoghi.it\/?s={search_term_string}\"},\"query-input\":\"required name=search_term_string\"}],\"inLanguage\":\"it-IT\"},{\"@type\":\"ImageObject\",\"@id\":\"https:\/\/arteeluoghi.it\/index.php\/2020\/10\/08\/giangiacomo-dellacaya-a-lecce-dal-castello-alle-mura-urbiche\/#primaryimage\",\"inLanguage\":\"it-IT\",\"url\":\"https:\/\/arteeluoghi.it\/wp-content\/uploads\/2020\/10\/mura-bastione_IMG_20200814_093400.jpg\",\"contentUrl\":\"https:\/\/arteeluoghi.it\/wp-content\/uploads\/2020\/10\/mura-bastione_IMG_20200814_093400.jpg\",\"width\":4000,\"height\":3000},{\"@type\":\"WebPage\",\"@id\":\"https:\/\/arteeluoghi.it\/index.php\/2020\/10\/08\/giangiacomo-dellacaya-a-lecce-dal-castello-alle-mura-urbiche\/#webpage\",\"url\":\"https:\/\/arteeluoghi.it\/index.php\/2020\/10\/08\/giangiacomo-dellacaya-a-lecce-dal-castello-alle-mura-urbiche\/\",\"name\":\"Giangiacomo Dell\u2019Acaya a Lecce: dal castello alle mura urbiche | Arte e Luoghi\",\"isPartOf\":{\"@id\":\"https:\/\/arteeluoghi.it\/#website\"},\"primaryImageOfPage\":{\"@id\":\"https:\/\/arteeluoghi.it\/index.php\/2020\/10\/08\/giangiacomo-dellacaya-a-lecce-dal-castello-alle-mura-urbiche\/#primaryimage\"},\"datePublished\":\"2020-10-08T20:14:17+00:00\",\"dateModified\":\"2020-10-10T20:18:29+00:00\",\"breadcrumb\":{\"@id\":\"https:\/\/arteeluoghi.it\/index.php\/2020\/10\/08\/giangiacomo-dellacaya-a-lecce-dal-castello-alle-mura-urbiche\/#breadcrumb\"},\"inLanguage\":\"it-IT\",\"potentialAction\":[{\"@type\":\"ReadAction\",\"target\":[\"https:\/\/arteeluoghi.it\/index.php\/2020\/10\/08\/giangiacomo-dellacaya-a-lecce-dal-castello-alle-mura-urbiche\/\"]}]},{\"@type\":\"BreadcrumbList\",\"@id\":\"https:\/\/arteeluoghi.it\/index.php\/2020\/10\/08\/giangiacomo-dellacaya-a-lecce-dal-castello-alle-mura-urbiche\/#breadcrumb\",\"itemListElement\":[{\"@type\":\"ListItem\",\"position\":1,\"name\":\"Home\",\"item\":\"https:\/\/arteeluoghi.it\/\"},{\"@type\":\"ListItem\",\"position\":2,\"name\":\"Giangiacomo Dell\u2019Acaya a Lecce: dal castello alle mura urbiche\"}]},{\"@type\":\"Article\",\"@id\":\"https:\/\/arteeluoghi.it\/index.php\/2020\/10\/08\/giangiacomo-dellacaya-a-lecce-dal-castello-alle-mura-urbiche\/#article\",\"isPartOf\":{\"@id\":\"https:\/\/arteeluoghi.it\/index.php\/2020\/10\/08\/giangiacomo-dellacaya-a-lecce-dal-castello-alle-mura-urbiche\/#webpage\"},\"author\":{\"@id\":\"https:\/\/arteeluoghi.it\/#\/schema\/person\/f84e814e36e91e01448ee07eaadd41d4\"},\"headline\":\"Giangiacomo Dell\u2019Acaya a Lecce: dal castello alle mura urbiche\",\"datePublished\":\"2020-10-08T20:14:17+00:00\",\"dateModified\":\"2020-10-10T20:18:29+00:00\",\"mainEntityOfPage\":{\"@id\":\"https:\/\/arteeluoghi.it\/index.php\/2020\/10\/08\/giangiacomo-dellacaya-a-lecce-dal-castello-alle-mura-urbiche\/#webpage\"},\"wordCount\":1216,\"commentCount\":0,\"publisher\":{\"@id\":\"https:\/\/arteeluoghi.it\/#organization\"},\"image\":{\"@id\":\"https:\/\/arteeluoghi.it\/index.php\/2020\/10\/08\/giangiacomo-dellacaya-a-lecce-dal-castello-alle-mura-urbiche\/#primaryimage\"},\"thumbnailUrl\":\"https:\/\/arteeluoghi.it\/wp-content\/uploads\/2020\/10\/mura-bastione_IMG_20200814_093400.jpg\",\"keywords\":[\"camminamentidi ronda\",\"cappella di Santa Barbara\",\"Castello Carlo V\",\"Lecce\",\"Museo della cartapesta\",\"Prigioni\",\"Sala multimediale\",\"Sotterranei\",\"The Monuments People\"],\"articleSection\":[\"archeologia\",\"architettura\",\"Turismo | geografica-mente\"],\"inLanguage\":\"it-IT\",\"potentialAction\":[{\"@type\":\"CommentAction\",\"name\":\"Comment\",\"target\":[\"https:\/\/arteeluoghi.it\/index.php\/2020\/10\/08\/giangiacomo-dellacaya-a-lecce-dal-castello-alle-mura-urbiche\/#respond\"]}]},{\"@type\":\"Person\",\"@id\":\"https:\/\/arteeluoghi.it\/#\/schema\/person\/f84e814e36e91e01448ee07eaadd41d4\",\"name\":\"Staff\",\"image\":{\"@type\":\"ImageObject\",\"@id\":\"https:\/\/arteeluoghi.it\/#personlogo\",\"inLanguage\":\"it-IT\",\"url\":\"https:\/\/secure.gravatar.com\/avatar\/49d2f9e46271bb04e19cebfaf141313a?s=96&d=blank&r=g\",\"contentUrl\":\"https:\/\/secure.gravatar.com\/avatar\/49d2f9e46271bb04e19cebfaf141313a?s=96&d=blank&r=g\",\"caption\":\"Staff\"}}]}<\/script>\n<!-- \/ Yoast SEO plugin. -->","yoast_head_json":{"title":"Giangiacomo Dell\u2019Acaya a Lecce: dal castello alle mura urbiche | Arte e Luoghi","robots":{"index":"index","follow":"follow","max-snippet":"max-snippet:-1","max-image-preview":"max-image-preview:large","max-video-preview":"max-video-preview:-1"},"canonical":"https:\/\/arteeluoghi.it\/index.php\/2020\/10\/08\/giangiacomo-dellacaya-a-lecce-dal-castello-alle-mura-urbiche\/","og_locale":"it_IT","og_type":"article","og_title":"Giangiacomo Dell\u2019Acaya a Lecce: dal castello alle mura urbiche | Arte e Luoghi","og_description":"Tour guidati dal castello alle mura urbiche Sara Foti Scaivaliere La citt\u00e0 di Lecce conserva parte di un modello di","og_url":"https:\/\/arteeluoghi.it\/index.php\/2020\/10\/08\/giangiacomo-dellacaya-a-lecce-dal-castello-alle-mura-urbiche\/","og_site_name":"Arte e Luoghi","article_publisher":"https:\/\/www.facebook.com\/ArteELuoghi\/","article_published_time":"2020-10-08T20:14:17+00:00","article_modified_time":"2020-10-10T20:18:29+00:00","og_image":[{"width":1024,"height":768,"url":"https:\/\/arteeluoghi.it\/wp-content\/uploads\/2020\/10\/mura-bastione_IMG_20200814_093400-1024x768.jpg","type":"image\/jpeg"}],"twitter_card":"summary","twitter_creator":"@arteeluoghi","twitter_site":"@arteeluoghi","twitter_misc":{"Scritto da":"Staff","Tempo di lettura stimato":"6 minuti"},"schema":{"@context":"https:\/\/schema.org","@graph":[{"@type":"Organization","@id":"https:\/\/arteeluoghi.it\/#organization","name":"Arte e Luoghi","url":"https:\/\/arteeluoghi.it\/","sameAs":["https:\/\/www.facebook.com\/ArteELuoghi\/","https:\/\/www.instagram.com\/arteeluoghi\/?hl=it","https:\/\/www.youtube.com\/channel\/UCuRVc4JW4-C5sg9rQB-srkw?view_as=subscriber","https:\/\/twitter.com\/arteeluoghi"],"logo":{"@type":"ImageObject","@id":"https:\/\/arteeluoghi.it\/#logo","inLanguage":"it-IT","url":"https:\/\/arteeluoghi.it\/wp-content\/uploads\/2018\/08\/logoinstagramarte.jpg","contentUrl":"https:\/\/arteeluoghi.it\/wp-content\/uploads\/2018\/08\/logoinstagramarte.jpg","width":150,"height":150,"caption":"Arte e Luoghi"},"image":{"@id":"https:\/\/arteeluoghi.it\/#logo"}},{"@type":"WebSite","@id":"https:\/\/arteeluoghi.it\/#website","url":"https:\/\/arteeluoghi.it\/","name":"Arte e Luoghi","description":"Mensile di arte, cultura, turismo e curiosit\u00e0","publisher":{"@id":"https:\/\/arteeluoghi.it\/#organization"},"potentialAction":[{"@type":"SearchAction","target":{"@type":"EntryPoint","urlTemplate":"https:\/\/arteeluoghi.it\/?s={search_term_string}"},"query-input":"required name=search_term_string"}],"inLanguage":"it-IT"},{"@type":"ImageObject","@id":"https:\/\/arteeluoghi.it\/index.php\/2020\/10\/08\/giangiacomo-dellacaya-a-lecce-dal-castello-alle-mura-urbiche\/#primaryimage","inLanguage":"it-IT","url":"https:\/\/arteeluoghi.it\/wp-content\/uploads\/2020\/10\/mura-bastione_IMG_20200814_093400.jpg","contentUrl":"https:\/\/arteeluoghi.it\/wp-content\/uploads\/2020\/10\/mura-bastione_IMG_20200814_093400.jpg","width":4000,"height":3000},{"@type":"WebPage","@id":"https:\/\/arteeluoghi.it\/index.php\/2020\/10\/08\/giangiacomo-dellacaya-a-lecce-dal-castello-alle-mura-urbiche\/#webpage","url":"https:\/\/arteeluoghi.it\/index.php\/2020\/10\/08\/giangiacomo-dellacaya-a-lecce-dal-castello-alle-mura-urbiche\/","name":"Giangiacomo Dell\u2019Acaya a Lecce: dal castello alle mura urbiche | Arte e Luoghi","isPartOf":{"@id":"https:\/\/arteeluoghi.it\/#website"},"primaryImageOfPage":{"@id":"https:\/\/arteeluoghi.it\/index.php\/2020\/10\/08\/giangiacomo-dellacaya-a-lecce-dal-castello-alle-mura-urbiche\/#primaryimage"},"datePublished":"2020-10-08T20:14:17+00:00","dateModified":"2020-10-10T20:18:29+00:00","breadcrumb":{"@id":"https:\/\/arteeluoghi.it\/index.php\/2020\/10\/08\/giangiacomo-dellacaya-a-lecce-dal-castello-alle-mura-urbiche\/#breadcrumb"},"inLanguage":"it-IT","potentialAction":[{"@type":"ReadAction","target":["https:\/\/arteeluoghi.it\/index.php\/2020\/10\/08\/giangiacomo-dellacaya-a-lecce-dal-castello-alle-mura-urbiche\/"]}]},{"@type":"BreadcrumbList","@id":"https:\/\/arteeluoghi.it\/index.php\/2020\/10\/08\/giangiacomo-dellacaya-a-lecce-dal-castello-alle-mura-urbiche\/#breadcrumb","itemListElement":[{"@type":"ListItem","position":1,"name":"Home","item":"https:\/\/arteeluoghi.it\/"},{"@type":"ListItem","position":2,"name":"Giangiacomo Dell\u2019Acaya a Lecce: dal castello alle mura urbiche"}]},{"@type":"Article","@id":"https:\/\/arteeluoghi.it\/index.php\/2020\/10\/08\/giangiacomo-dellacaya-a-lecce-dal-castello-alle-mura-urbiche\/#article","isPartOf":{"@id":"https:\/\/arteeluoghi.it\/index.php\/2020\/10\/08\/giangiacomo-dellacaya-a-lecce-dal-castello-alle-mura-urbiche\/#webpage"},"author":{"@id":"https:\/\/arteeluoghi.it\/#\/schema\/person\/f84e814e36e91e01448ee07eaadd41d4"},"headline":"Giangiacomo Dell\u2019Acaya a Lecce: dal castello alle mura urbiche","datePublished":"2020-10-08T20:14:17+00:00","dateModified":"2020-10-10T20:18:29+00:00","mainEntityOfPage":{"@id":"https:\/\/arteeluoghi.it\/index.php\/2020\/10\/08\/giangiacomo-dellacaya-a-lecce-dal-castello-alle-mura-urbiche\/#webpage"},"wordCount":1216,"commentCount":0,"publisher":{"@id":"https:\/\/arteeluoghi.it\/#organization"},"image":{"@id":"https:\/\/arteeluoghi.it\/index.php\/2020\/10\/08\/giangiacomo-dellacaya-a-lecce-dal-castello-alle-mura-urbiche\/#primaryimage"},"thumbnailUrl":"https:\/\/arteeluoghi.it\/wp-content\/uploads\/2020\/10\/mura-bastione_IMG_20200814_093400.jpg","keywords":["camminamentidi ronda","cappella di Santa Barbara","Castello Carlo V","Lecce","Museo della cartapesta","Prigioni","Sala multimediale","Sotterranei","The Monuments People"],"articleSection":["archeologia","architettura","Turismo | geografica-mente"],"inLanguage":"it-IT","potentialAction":[{"@type":"CommentAction","name":"Comment","target":["https:\/\/arteeluoghi.it\/index.php\/2020\/10\/08\/giangiacomo-dellacaya-a-lecce-dal-castello-alle-mura-urbiche\/#respond"]}]},{"@type":"Person","@id":"https:\/\/arteeluoghi.it\/#\/schema\/person\/f84e814e36e91e01448ee07eaadd41d4","name":"Staff","image":{"@type":"ImageObject","@id":"https:\/\/arteeluoghi.it\/#personlogo","inLanguage":"it-IT","url":"https:\/\/secure.gravatar.com\/avatar\/49d2f9e46271bb04e19cebfaf141313a?s=96&d=blank&r=g","contentUrl":"https:\/\/secure.gravatar.com\/avatar\/49d2f9e46271bb04e19cebfaf141313a?s=96&d=blank&r=g","caption":"Staff"}}]}},"_links":{"self":[{"href":"https:\/\/arteeluoghi.it\/index.php\/wp-json\/wp\/v2\/posts\/9185"}],"collection":[{"href":"https:\/\/arteeluoghi.it\/index.php\/wp-json\/wp\/v2\/posts"}],"about":[{"href":"https:\/\/arteeluoghi.it\/index.php\/wp-json\/wp\/v2\/types\/post"}],"author":[{"embeddable":true,"href":"https:\/\/arteeluoghi.it\/index.php\/wp-json\/wp\/v2\/users\/1"}],"replies":[{"embeddable":true,"href":"https:\/\/arteeluoghi.it\/index.php\/wp-json\/wp\/v2\/comments?post=9185"}],"version-history":[{"count":2,"href":"https:\/\/arteeluoghi.it\/index.php\/wp-json\/wp\/v2\/posts\/9185\/revisions"}],"predecessor-version":[{"id":9188,"href":"https:\/\/arteeluoghi.it\/index.php\/wp-json\/wp\/v2\/posts\/9185\/revisions\/9188"}],"wp:featuredmedia":[{"embeddable":true,"href":"https:\/\/arteeluoghi.it\/index.php\/wp-json\/wp\/v2\/media\/9186"}],"wp:attachment":[{"href":"https:\/\/arteeluoghi.it\/index.php\/wp-json\/wp\/v2\/media?parent=9185"}],"wp:term":[{"taxonomy":"category","embeddable":true,"href":"https:\/\/arteeluoghi.it\/index.php\/wp-json\/wp\/v2\/categories?post=9185"},{"taxonomy":"post_tag","embeddable":true,"href":"https:\/\/arteeluoghi.it\/index.php\/wp-json\/wp\/v2\/tags?post=9185"}],"curies":[{"name":"wp","href":"https:\/\/api.w.org\/{rel}","templated":true}]}}