{"id":9261,"date":"2020-11-07T18:48:20","date_gmt":"2020-11-07T17:48:20","guid":{"rendered":"https:\/\/arteeluoghi.it\/?p=9261"},"modified":"2020-11-19T18:57:20","modified_gmt":"2020-11-19T17:57:20","slug":"9261","status":"publish","type":"post","link":"https:\/\/arteeluoghi.it\/index.php\/2020\/11\/07\/9261\/","title":{"rendered":""},"content":{"rendered":"\n<blockquote class=\"wp-block-quote\"><p>Archiviata la XXI edizione, esclusivamente on line, del Festival del Cinema Europeo con la sua pioggia di premi e oltre quindicimila visualizzazioni con utenti da tutto il mondo<\/p><\/blockquote>\n\n\n\n<p>Un\u2019edizione online quella della XXI edizione del Festival del Cinema Europeo, diretto da Alberto La Monica, che si chiude con un grande successo di presenze sulle diverse piattaforme, dai canali social al sito web. Oltre 15mila visualizzazioni con utenti provenienti da tutto il mondo. Italia a parte, sono 37 le nazioni da cui proviene il pubblico che ha seguito il Festival: dall\u2019Indonesia, alla Cina, dall\u2019Australia gli Stati Uniti e, ancora, Giappone, Brasile, Israele, Norvegia, Belgio, Spagna, Austria, Regno Unito, Russia, Finlandia, Germania, Francia, Nuova Zelanda, Polonia. Solo per citarne alcune.\u00a0 <\/p>\n\n\n\n<!--more-->\n\n\n\n<p>Reazioni, condivisioni e presenze hanno contribuito alla visibilit\u00e0 della XXI edizione del Festival che, per la prima volta, si \u00e8 svolto online seguendo le regole dettate dall\u2019emergenza sanitaria. I video e i post hanno avuto una copertura molto significativa basti pensare all\u2019omaggio a Aldo Fabrizi, agli incontri con Olivier Assayas e con Dario Argento che hanno raggiunto un numero considerevole di persone raggiunte e tante reazioni. Il video con maggiore copertura e visualizzazioni \u00e8 stato quello relativo all\u2019incontro con il giamaicano Richie Stevens &amp; Te Ska Nation Band per il film\u00a0\u201cRock the world\u201d di Federico Giannace.\u00a0Ma la sorpresa\u00a0\u00e8 venuta anche dall&#8217;incontro \u201cIl\u00a0Maestro Aldo Fabrizi\u201d, che ha ricevuto circa 8mila visualizzazioni, segno che anche i pi\u00f9 giovanni continuano a apprezzare l\u2019opera di Fabrizi.<\/p>\n\n\n\n<figure class=\"wp-block-image\"><img loading=\"lazy\" width=\"1024\" height=\"429\" src=\"https:\/\/arteeluoghi.it\/wp-content\/uploads\/2020\/11\/XXI-FCE-Lecce_Concorso-Ulivo-dOro_Belgio-Olanda_Muidhond_Tench-1024x429.jpg\" alt=\"\" class=\"wp-image-9263\" srcset=\"https:\/\/arteeluoghi.it\/wp-content\/uploads\/2020\/11\/XXI-FCE-Lecce_Concorso-Ulivo-dOro_Belgio-Olanda_Muidhond_Tench-1024x429.jpg 1024w, https:\/\/arteeluoghi.it\/wp-content\/uploads\/2020\/11\/XXI-FCE-Lecce_Concorso-Ulivo-dOro_Belgio-Olanda_Muidhond_Tench-300x126.jpg 300w, https:\/\/arteeluoghi.it\/wp-content\/uploads\/2020\/11\/XXI-FCE-Lecce_Concorso-Ulivo-dOro_Belgio-Olanda_Muidhond_Tench-768x322.jpg 768w\" sizes=\"(max-width: 1024px) 100vw, 1024px\" \/><\/figure>\n\n\n\n<p>\u201cSono veramente soddisfatto di questa edizione &#8211; sottolinea il direttore Alberto La Monica -. Essendo la prima volta era tutto un\u2019incognita, ma mi ha piacevolmente sorpreso come il nostro abituale pubblico ci abbia seguito, inviandoci messaggi di affetto e come, a questo, si sia aggiunto un \u201cnuovo\u201d pubblico in tutto il mondo che pu\u00f2 solo far bene al nostro evento. Voglio ringraziare tutti gli autori che hanno partecipato a questa edizione per la loro generosit\u00e0 e disponibilit\u00e0. Un grazie anche ad Apulia Film Commission nelle persone di Simonetta Dellomonaco, Presidente e di Antonio Parente, direttore generale\u201d.<\/p>\n\n\n\n<figure class=\"wp-block-image\"><img loading=\"lazy\" width=\"725\" height=\"1024\" src=\"https:\/\/arteeluoghi.it\/wp-content\/uploads\/2020\/11\/Manifesto-XXI-FCE-725x1024.jpg\" alt=\"\" class=\"wp-image-9262\" srcset=\"https:\/\/arteeluoghi.it\/wp-content\/uploads\/2020\/11\/Manifesto-XXI-FCE-725x1024.jpg 725w, https:\/\/arteeluoghi.it\/wp-content\/uploads\/2020\/11\/Manifesto-XXI-FCE-212x300.jpg 212w, https:\/\/arteeluoghi.it\/wp-content\/uploads\/2020\/11\/Manifesto-XXI-FCE-768x1085.jpg 768w, https:\/\/arteeluoghi.it\/wp-content\/uploads\/2020\/11\/Manifesto-XXI-FCE.jpg 1024w\" sizes=\"(max-width: 725px) 100vw, 725px\" \/><\/figure>\n\n\n\n<ul class=\"wp-block-gallery columns-0 is-cropped\"><\/ul>\n\n\n\n<p>Sul palco virtuale del Festival quest\u2019anno si sono succeduti numerosi ospiti: dall\u2019autore francese&nbsp;<strong>Olivier Assayas<\/strong>&nbsp;al Maestro del brivido italiano&nbsp;<strong>Dario Argento<\/strong>,&nbsp;<strong>Cielo Pessione<\/strong>&nbsp;per l\u2019omaggio al nonno, l\u2019indimenticabile<strong>&nbsp;Aldo Fabrizi<\/strong>,&nbsp;<strong>Luca, Carlo e Silvia Verdone<\/strong>&nbsp;per il&nbsp;<strong>Premio Mario Verdone<\/strong>,&nbsp;<strong>Iaia Forte<\/strong>,&nbsp;<strong>Tosca<\/strong>, il musicista giamaicano&nbsp;<strong>Richie Stevens<\/strong>, i giovani autori come&nbsp;<strong>Roberto De Feo<\/strong>,&nbsp;<strong>Phaim Bhuiyan<\/strong>,&nbsp;<strong>Marco D\u2019Amore, Michele Venitucci<\/strong>.<\/p>\n\n\n\n<p>Tanti gli amici del Festival che sono intervenuti durante i diversi incontri: Luciana Castellina, Laura Delli Colli, Alberto Barbera, Enrico Magrelli, Steve Della Casa, Gianluca Farinelli, Massimo Causo, Davide Di Giorgio.<\/p>\n\n\n\n<p>Tra le anteprime in programma \u201c<strong>La ragazza col braccialetto\u201d<\/strong>&nbsp;di&nbsp;<strong>St\u00e9phane Demoustier&nbsp;<\/strong>, \u201c<strong>Rock the world\u201d<\/strong>&nbsp;di&nbsp;<strong>Federico Giannace<\/strong>,&nbsp;<strong>\u201cThe Food Club\u201d&nbsp;<\/strong>di&nbsp;<strong>Barbara Rothenborg<\/strong>.<\/p>\n\n\n\n<p>I 12 film in concorso,&nbsp;<strong>selezionati dal direttore insieme a<\/strong>&nbsp;<strong>Luigi La Monica<\/strong>, sono stati giudicati dalla&nbsp;<strong>giuria Ulivo d\u2019Oro<\/strong>,presieduta da<strong>&nbsp;Katriel Schory&nbsp;<\/strong>e composta da&nbsp;<strong>Beatrice Fiorentino, Mathilde Henrot, Antonio Saura, Mira Staleva&nbsp;<\/strong>ha assegnato i seguenti premi:&nbsp;<\/p>\n\n\n\n<p><strong>Ulivo d\u2019Oro \u201cPremio Cristina Soldano\u201d al Miglior Film&nbsp;<\/strong>a<strong>&nbsp;\u201cTwelve Thousand\u201d&nbsp;<\/strong>di Nad\u00e9ge Trebal (Francia)<\/p>\n\n\n\n<p><strong>Premio per la Miglior Sceneggiatura&nbsp;<\/strong>a&nbsp;<strong>\u201cDisco\u201d<\/strong>&nbsp;di Jorunn Myklebust Syversen (Norvegia)<\/p>\n\n\n\n<p><strong>Premio per la Miglior Fotografia&nbsp;<\/strong>a&nbsp; \u201c<strong>Scandinavian Silence\u201d&nbsp;<\/strong>di Martti Helde (Estonia, Francia, Belgio)<\/p>\n\n\n\n<p><strong>Premio Speciale della Giuria&nbsp;<\/strong><strong>ex aequo&nbsp;<\/strong>a<strong>&nbsp;\u201cSister\u201d&nbsp;<\/strong>di<strong>&nbsp;Svetla Tsotsorkova&nbsp;<\/strong>(Bulgaria, Qatar) e a<strong>&nbsp;\u201cLara\u201d&nbsp;<\/strong>di Jan-Ole Gerster (Germania)<\/p>\n\n\n\n<p><strong>La giuria FIPRESCI<\/strong>&nbsp;composta da&nbsp;<strong>Nikos Giakoumelos, Aylin Sayin Gonenc&nbsp;<\/strong>e<strong>&nbsp;Ignazio Senatore&nbsp;<\/strong>ha premiato&nbsp;<strong>La belle indifference&nbsp;<\/strong>di&nbsp;Kivanc Sezer (Turchia, 2019).<\/p>\n\n\n\n<p>Premio&nbsp;<strong>SNGCI<\/strong>&nbsp;(Sindacato Nazionale Giornalisti Cinematografici Italiani) assegnato dai soci del Sindacato e dal Presidente Laura Delli Colli al migliore attrice\/attore europeo a&nbsp;<strong>Corinna Harfouch&nbsp;<\/strong>per il film \u201cLara\u201d di Jan-Ole Gerster (Germania)per di con la seguente motivazione.&nbsp;<em>Nel ritratto di una donna che riversa soprattutto sul figlio le sue (frustrate) ambizioni personali&nbsp;<strong>Corinna Harfouch<\/strong>&nbsp;regala alla protagonista dell\u2019opera seconda di Jan-Ole Gerster una performanceinteressante e ricca di contraddizioni ma, soprattutto, di dettagli minuziosi. Un protagonismo, il suo, che si coglie anche nelle sfumature della sua interpretazione,<\/em><\/p>\n\n\n\n<p><strong>Il SNGCI assegna anche una Menzione speciale<\/strong>&nbsp;per&nbsp;<strong>Josefine Pettersen&nbsp;<\/strong>nel cast di \u201cDisco\u201d di Jorunn Myklebust Syversen (Norvegia).<\/p>\n\n\n\n<p><em>Una giovane attrice che dalla serie teen &#8216;Skam&#8217;, popolarissima anche in Italia, rivela nel film di&nbsp;Jorunn Myklebust Syversen, la capacit\u00e0 di interpretare con sorprendente naturalezza un ruolo ambivalente che domina con sicurezza in un\u2019interessante performance.<\/em><\/p>\n\n\n\n<p>La giuria del<strong>&nbsp;Premio Cineuropa,<\/strong>&nbsp;composta da&nbsp;<strong>Valerio Caruso&nbsp;<\/strong>ha assegnato il riconoscimento a&nbsp;<strong><em>Open door<\/em><\/strong>&nbsp;(Albania) di Florenc Papas.<\/p>\n\n\n\n<p>Il&nbsp;<strong>Premio del pubblico&nbsp;<\/strong>va a&nbsp;<strong>Open Door<\/strong>&nbsp;(Albania) di Florenc Papas.<\/p>\n\n\n\n<p>Il&nbsp;<strong>Premio Mario Verdone 2020<\/strong>, undicesima edizione, \u00e8 stato assegnato dai fratelli Verdone a&nbsp;<strong>Phaim Bhuiyan<\/strong>&nbsp;per&nbsp;<strong><em>Bangla<\/em><\/strong>&nbsp;con la seguente motivazione:&nbsp;<em>\u00c8 a Roma, in una Roma periferica e multietnica che con Bangla&nbsp;Phaim Bhuiyan si mette alla prova con leggerezza e originalit\u00e0 in una ricerca di s\u00e9 che racconta turbamenti e dubbi adolescenziali con freschezza, ma soprattutto con una sincerit\u00e0 a tratti perfino spudorata che diventa umorismo puro. Il suo caso di coscienza sul sesso pre-matrimoniale, proibito dalla religione anche a un musulmano che parla molto romano, si trasforma in una Bollywood al Pigneto e i suoi &#8220;comizi d&#8217;amore&#8221; con le radici in Pakistan hanno il cuore a Torpignattara.<\/em><\/p>\n\n\n\n<p>L\u2019ottava edizione del&nbsp;<strong>Premio Emidio Greco<\/strong>, che ha nel comitato di selezione:&nbsp;<strong>Jacopo Chessa, Lia Furxi, Alberto La Monica<\/strong>,&nbsp; \u00e8 stato assegnato dalla&nbsp;<strong>giuria composta dalla famiglia Greco<\/strong>&nbsp;ad&nbsp;<strong>Amateur<\/strong>&nbsp;di Simone Bozzelli con la seguente motivazione:&nbsp;<em>Per la capacit\u00e0 di affidare al breve spazio di un cortometraggio un racconto credibile, attuale e coinvolgente, per la naturalezza della recitazione dei due giovani protagonisti e per la regia precisa e puntuale che non indugia mai in inquadrature o in soluzioni di convenienza, l\u2019ottava edizione del Premio Emidio Greco va ad Amateur di Simone Bozzelli, con l\u2019augurio per il giovane regista di continuare ad affrontare storie e personaggi che sappiano raccontare senza artifici la nostra contemporaneit\u00e0.<\/em><\/p>\n\n\n\n<p>La giuria della sezione&nbsp;<strong>Puglia Show<\/strong>, composta di&nbsp;<strong>Eugenie Bottereau<\/strong>,&nbsp;<strong>Francesca Manno&nbsp;<\/strong>e&nbsp;<strong>Giulio Mastromauro<\/strong>, ha assegnato il&nbsp;<strong>Premio Centro Nazionale del Cortometraggio<\/strong>,&nbsp;<strong>Premio Augustus Color<\/strong>, a&nbsp;<strong><em>Anche gli uomini hanno fame<\/em><\/strong>&nbsp;di Gabriele Licchelli, Francesco Lorusso, Andrea Settembrini, con la seguente motivazione: \u201c<em>Una testimonianza sincera e appassionata che con sguardo intimo ripercorre la memoria, tra passato e presente, affacciandosi su una quotidianit\u00e0 che lega luoghi e protagonisti e che diviene poesia<\/em>\u201d.<\/p>\n\n\n\n<p><strong>Menzione speciale<\/strong>&nbsp;a&nbsp;<strong><em>Mia sorella<\/em><\/strong>&nbsp;di Saverio Cappiello.<\/p>\n\n\n\n<p><strong>Premio Rai Cinema Channel<\/strong>&nbsp;di euro 3.000 \u00e8 stato assegnato dalla giuria composta da&nbsp;<strong>Maria Federica Lo Jacono<\/strong>&nbsp;e&nbsp;<strong>Manuela Rima<\/strong>&nbsp;a&nbsp;<strong><em>C\u2019\u00e8 di mezzo il mare<\/em><\/strong>&nbsp;di Davide Angiuli con la seguente motivazione:&nbsp;\u201c<em>Nella sua breve durata risulta incisivo e diretto, mettendo in luce due sentimenti opposti che sono il motore trainante del corto, la spensieratezza e la paura dinanzi alla medesima cosa: il mare che lungo l&#8217;orizzonte trascina con s\u00e9 destini mai scelti. Da un lungomare dove, sotto l&#8217;ombrellone, si consuma ogni bene alla Libia il viaggio non \u00e8 mai stato cos\u00ec breve e intenso<\/em>\u201d.<\/p>\n\n\n\n<p>Il&nbsp;<strong>Premio Unisalento<\/strong>, assegnato dalla&nbsp;<strong>giuria composta dagli studenti del Cineclub Universitario<\/strong>, attivit\u00e0 di promozione e studio della cultura audiovisiva erogata dal Centro Interdipartimentale di Ricerca in Digital Humanities dell\u2019Universit\u00e0 del Salento e sostenuta dalla&nbsp;<strong>Fondazione Apulia Film Commission<\/strong>, va a&nbsp;<strong><em>Senza tenere premuto<\/em><\/strong>&nbsp;di Paolo Strippoli con la seguente motivazione:&nbsp;<em>Per l&#8217;innovazione stilistica e tecnica, capace di trascendere il mezzo di fruizione e di mantenere alta l\u2019attenzione per tutta la durata del cortometraggio. Gli attribuiamo il merito di essere riuscito a mostrare quanto possa essere facile perdere il controllo dell&#8217;immagine del proprio personaggio, raccontando una storia ricca di dettagli, fino a sfociare nel climax surreale, che resta preda delle ciniche dinamiche dell&#8217;uso quotidiano e inarrestabile del medium<\/em>.<\/p>\n\n\n\n<p><strong>Menzione speciale<\/strong>&nbsp;a&nbsp;<strong><em>Stranger<\/em><\/strong>&nbsp;di Antonio Stea,&nbsp;<em>perch\u00e9 in pochi minuti ha saputo esibire una ricerca tecnica, stilistica e intellettuale, utilizzando il doppio linguaggio colto\/ ricercato e semplice\/ immediato, con scenografie curate nei minimi dettagli e particolari effetti sonori. Appropriandosi di elementi del mondo videoludico, genera un simbolismo che evidenzia l\u2019uomo e la sua sacralit\u00e0, lasciando la porta aperta alla libera interpretazione<\/em>.<\/p>\n\n\n\n<p><strong>Premio CGIL Puglia per il miglior corto sul lavoro<\/strong>&nbsp;\u00e8 stato assegnato dalla giuria composta da&nbsp;<strong>Pino<\/strong>&nbsp;<strong>Gesmundo<\/strong>&nbsp;(Segretario Generale Cgil Puglia) a&nbsp;<strong><em>Sottosuolo<\/em><\/strong>&nbsp;di Antonio Abbate con la seguente motivazione:&nbsp;<em>Per i temi trattati che mettono al centro lavoro, diritti e dignit\u00e0 della persona. La lotta al caporalato, una delle tante battaglie della Cgil \u00e8 qui riproposta in una delle sue mille sfaccettature che rimandano al compromesso inaccettabile tra il ricatto occupazionale e la salute. Lo stesso che ha visto Paola Clemente morire di fatica e sfruttamento nei campi per due euro l\u2019ora. Il messaggio che vogliamo passi attraverso questo lavoro cinematografico \u00e8 quello di combattere per far vincere i diritti e la legalit\u00e0 senza compromessi. Solo cos\u00ec lo sfruttamento cesser\u00e0 di esistere e solo in questo modo i nostri figli potranno credere che davvero un mondo migliore \u00e8 possibile se quotidianamente lottiamo per conquistarlo<\/em>.<\/p>\n\n\n\n<p>Per il secondo anno, il Festival del Cinema Europeo, insieme al Rotary Club Lecce istituisce il&nbsp;<strong>Premio Rotary Club Lecce<\/strong>&nbsp;con l\u2019intento di premiare uno dei film presentati al Festival che per tematiche e forma narrativa sia particolarmente vicino alla mission dell\u2019associazione umanitaria: servire il prossimo, promuovere l\u2019integrit\u00e0 e la comprensione internazionale. Il&nbsp;<strong>Premio Rotary Club Lecce<\/strong>&nbsp;va&nbsp;a&nbsp;<strong>\u201cLa ragazza col braccialetto\u201d&nbsp;<\/strong><em>che con suggestione racconta un mondo di inquieti adolescenti. Il Rotary ha fatto dell\u2019attenzione ai giovani uno dei cardini dell\u2019azione globale investendo energie su programmi che coinvolgendo le nuove generazioni all\u2019interno dei valori rotariani forniscono un\u2019opportunit\u00e0 di sviluppo affinch\u00e9 si comprenda l\u2019importanza dell\u2019amicizia tra i popoli della comprensione internazionale e dello sviluppo della leadership internazionale e dello sviluppo della leadership personale per metterla al servizion degli altri.<\/em><\/p>\n\n\n\n<p><strong>Menzione Speciale Rotary Club Lecce&nbsp;<\/strong>al film&nbsp;<strong>\u201cHeart wood\u201d<\/strong>,&nbsp;&nbsp;<em>per la sensibilit\u00e0 e la delicatezza con cui ha evidenziato la ricerca delle nostre identit\u00e0 attraverso l\u2019amore per la terra e le proprie radici.<\/em><\/p>\n\n\n\n<p><strong>Premio Cinecibo in tour&nbsp;<\/strong>assegnato da<strong>&nbsp;Donato Ciociola&nbsp;<\/strong>va a \u201c<strong>The food club\u201d<\/strong>&nbsp;<strong>di Barbara Tops\u00f8e-Rothenborg<\/strong>&nbsp;con la seguente motivazione<strong>:&nbsp;<\/strong><em>Per lo spirito solare con cui racconta la riscoperta della vita nelle tre protagoniste, sottolineando i valori della convivialit\u00e0 e dell&#8217;accoglienza legati alla cultura del cibo e della tradizione italiana.<\/em><\/p>\n\n\n\n<p>Il Premio Cinecibo in Tour \u00e8 assegnato anche all&#8217;attore&nbsp;<strong>Michele Venitucci&nbsp;<\/strong>per il film<strong>&nbsp;di Barbara Tops\u00f8e-Rothenborg,&nbsp; The food Club,&nbsp;<\/strong><em>in cui tratteggia con simpatia e precisione caratteriale il ritratto dell&#8217;accogliente chef Alessandro, capace di comunicare i valori della tradizione e della cucina italiana.<\/em><\/p>\n\n\n\n<p><strong>Premio Apollonio 150, a Michele Venitucci<\/strong><em>&nbsp;che, seguendo le proprie radici, ripercorre un viaggio enogastronomico tra le eccellenze della terra pugliese. Un\u2019assonanza con la Cantina Apollonio che, grazie alla passione e alla lungimiranza dei suoi protagonisti, ha tagliato il traguardo del centocinquantesimo anno di vita.<\/em><\/p>\n\n\n\n<p>Il Festival del Cinema Europeo, ideato e organizzato dall\u2019Associazione Culturale \u201cArt Promotion\u201d, \u00e8 realizzato dalla Fondazione Apulia Film Commission e dalla Regione Puglia con risorse del Patto per la Puglia (FSC). Si avvale inoltre del sostegno del Ministero dei Beni e delle Attivit\u00e0 Culturali e del Turismo-Direzione Generale Cinema e del Comune di Lecce.<\/p>\n\n\n\n<p>Il Festival del Cinema Europeo, riconosciuto dal Ministero dei Beni e delle Attivit\u00e0 Culturali e del Turismo-Direzione Generale Cinema \u201cmanifestazione d\u2019interesse nazionale\u201d, \u00e8 membro dell\u2019Associazione Festival Italiani di Cinema.<\/p>\n\n\n\n<p><\/p>\n\n\n\n<p>(fonte: comunicato stampa)<br><\/p>\n","protected":false},"excerpt":{"rendered":"<p>Archiviata la XXI edizione, esclusivamente on line, del Festival del Cinema Europeo con la sua pioggia di premi e oltre<\/p>\n","protected":false},"author":1,"featured_media":9263,"comment_status":"open","ping_status":"open","sticky":true,"template":"","format":"standard","meta":[],"categories":[29],"tags":[970,971,988,134,2930,976,2634],"yoast_head":"<!-- This site is optimized with the Yoast SEO plugin v18.0 - https:\/\/yoast.com\/wordpress\/plugins\/seo\/ -->\n<title>| Arte e Luoghi<\/title>\n<meta name=\"robots\" content=\"index, follow, max-snippet:-1, max-image-preview:large, max-video-preview:-1\" \/>\n<link rel=\"canonical\" href=\"https:\/\/arteeluoghi.it\/index.php\/2020\/11\/07\/9261\/\" \/>\n<meta property=\"og:locale\" content=\"it_IT\" \/>\n<meta property=\"og:type\" content=\"article\" \/>\n<meta property=\"og:title\" content=\"| Arte e Luoghi\" \/>\n<meta property=\"og:description\" content=\"Archiviata la XXI edizione, esclusivamente on line, del Festival del Cinema Europeo con la sua pioggia di premi e oltre\" \/>\n<meta property=\"og:url\" content=\"https:\/\/arteeluoghi.it\/index.php\/2020\/11\/07\/9261\/\" \/>\n<meta property=\"og:site_name\" content=\"Arte e Luoghi\" \/>\n<meta property=\"article:publisher\" content=\"https:\/\/www.facebook.com\/ArteELuoghi\/\" \/>\n<meta property=\"article:published_time\" content=\"2020-11-07T17:48:20+00:00\" \/>\n<meta property=\"article:modified_time\" content=\"2020-11-19T17:57:20+00:00\" \/>\n<meta property=\"og:image\" content=\"https:\/\/arteeluoghi.it\/wp-content\/uploads\/2020\/11\/XXI-FCE-Lecce_Concorso-Ulivo-dOro_Belgio-Olanda_Muidhond_Tench.jpg\" \/>\n\t<meta property=\"og:image:width\" content=\"2126\" \/>\n\t<meta property=\"og:image:height\" content=\"891\" \/>\n\t<meta property=\"og:image:type\" content=\"image\/jpeg\" \/>\n<meta name=\"twitter:card\" content=\"summary\" \/>\n<meta name=\"twitter:creator\" content=\"@arteeluoghi\" \/>\n<meta name=\"twitter:site\" content=\"@arteeluoghi\" \/>\n<meta name=\"twitter:label1\" content=\"Scritto da\" \/>\n\t<meta name=\"twitter:data1\" content=\"Staff\" \/>\n\t<meta name=\"twitter:label2\" content=\"Tempo di lettura stimato\" \/>\n\t<meta name=\"twitter:data2\" content=\"10 minuti\" \/>\n<script type=\"application\/ld+json\" class=\"yoast-schema-graph\">{\"@context\":\"https:\/\/schema.org\",\"@graph\":[{\"@type\":\"Organization\",\"@id\":\"https:\/\/arteeluoghi.it\/#organization\",\"name\":\"Arte e Luoghi\",\"url\":\"https:\/\/arteeluoghi.it\/\",\"sameAs\":[\"https:\/\/www.facebook.com\/ArteELuoghi\/\",\"https:\/\/www.instagram.com\/arteeluoghi\/?hl=it\",\"https:\/\/www.youtube.com\/channel\/UCuRVc4JW4-C5sg9rQB-srkw?view_as=subscriber\",\"https:\/\/twitter.com\/arteeluoghi\"],\"logo\":{\"@type\":\"ImageObject\",\"@id\":\"https:\/\/arteeluoghi.it\/#logo\",\"inLanguage\":\"it-IT\",\"url\":\"https:\/\/arteeluoghi.it\/wp-content\/uploads\/2018\/08\/logoinstagramarte.jpg\",\"contentUrl\":\"https:\/\/arteeluoghi.it\/wp-content\/uploads\/2018\/08\/logoinstagramarte.jpg\",\"width\":150,\"height\":150,\"caption\":\"Arte e Luoghi\"},\"image\":{\"@id\":\"https:\/\/arteeluoghi.it\/#logo\"}},{\"@type\":\"WebSite\",\"@id\":\"https:\/\/arteeluoghi.it\/#website\",\"url\":\"https:\/\/arteeluoghi.it\/\",\"name\":\"Arte e Luoghi\",\"description\":\"Mensile di arte, cultura, turismo e curiosit\u00e0\",\"publisher\":{\"@id\":\"https:\/\/arteeluoghi.it\/#organization\"},\"potentialAction\":[{\"@type\":\"SearchAction\",\"target\":{\"@type\":\"EntryPoint\",\"urlTemplate\":\"https:\/\/arteeluoghi.it\/?s={search_term_string}\"},\"query-input\":\"required name=search_term_string\"}],\"inLanguage\":\"it-IT\"},{\"@type\":\"ImageObject\",\"@id\":\"https:\/\/arteeluoghi.it\/index.php\/2020\/11\/07\/9261\/#primaryimage\",\"inLanguage\":\"it-IT\",\"url\":\"https:\/\/arteeluoghi.it\/wp-content\/uploads\/2020\/11\/XXI-FCE-Lecce_Concorso-Ulivo-dOro_Belgio-Olanda_Muidhond_Tench.jpg\",\"contentUrl\":\"https:\/\/arteeluoghi.it\/wp-content\/uploads\/2020\/11\/XXI-FCE-Lecce_Concorso-Ulivo-dOro_Belgio-Olanda_Muidhond_Tench.jpg\",\"width\":2126,\"height\":891},{\"@type\":\"WebPage\",\"@id\":\"https:\/\/arteeluoghi.it\/index.php\/2020\/11\/07\/9261\/#webpage\",\"url\":\"https:\/\/arteeluoghi.it\/index.php\/2020\/11\/07\/9261\/\",\"name\":\"| Arte e Luoghi\",\"isPartOf\":{\"@id\":\"https:\/\/arteeluoghi.it\/#website\"},\"primaryImageOfPage\":{\"@id\":\"https:\/\/arteeluoghi.it\/index.php\/2020\/11\/07\/9261\/#primaryimage\"},\"datePublished\":\"2020-11-07T17:48:20+00:00\",\"dateModified\":\"2020-11-19T17:57:20+00:00\",\"breadcrumb\":{\"@id\":\"https:\/\/arteeluoghi.it\/index.php\/2020\/11\/07\/9261\/#breadcrumb\"},\"inLanguage\":\"it-IT\",\"potentialAction\":[{\"@type\":\"ReadAction\",\"target\":[\"https:\/\/arteeluoghi.it\/index.php\/2020\/11\/07\/9261\/\"]}]},{\"@type\":\"BreadcrumbList\",\"@id\":\"https:\/\/arteeluoghi.it\/index.php\/2020\/11\/07\/9261\/#breadcrumb\",\"itemListElement\":[{\"@type\":\"ListItem\",\"position\":1,\"name\":\"Home\",\"item\":\"https:\/\/arteeluoghi.it\/\"},{\"@type\":\"ListItem\",\"position\":2,\"name\":\"\"}]},{\"@type\":\"Article\",\"@id\":\"https:\/\/arteeluoghi.it\/index.php\/2020\/11\/07\/9261\/#article\",\"isPartOf\":{\"@id\":\"https:\/\/arteeluoghi.it\/index.php\/2020\/11\/07\/9261\/#webpage\"},\"author\":{\"@id\":\"https:\/\/arteeluoghi.it\/#\/schema\/person\/f84e814e36e91e01448ee07eaadd41d4\"},\"headline\":\"Nessun titolo\",\"datePublished\":\"2020-11-07T17:48:20+00:00\",\"dateModified\":\"2020-11-19T17:57:20+00:00\",\"mainEntityOfPage\":{\"@id\":\"https:\/\/arteeluoghi.it\/index.php\/2020\/11\/07\/9261\/#webpage\"},\"wordCount\":2046,\"commentCount\":0,\"publisher\":{\"@id\":\"https:\/\/arteeluoghi.it\/#organization\"},\"image\":{\"@id\":\"https:\/\/arteeluoghi.it\/index.php\/2020\/11\/07\/9261\/#primaryimage\"},\"thumbnailUrl\":\"https:\/\/arteeluoghi.it\/wp-content\/uploads\/2020\/11\/XXI-FCE-Lecce_Concorso-Ulivo-dOro_Belgio-Olanda_Muidhond_Tench.jpg\",\"keywords\":[\"Alberto La Monica\",\"Cristina Soldano\",\"Festival del Cinema Europeo\",\"Lecce\",\"online\",\"Premio Mario Verdone\",\"Regione Puglia\"],\"articleSection\":[\"Cinema\"],\"inLanguage\":\"it-IT\",\"potentialAction\":[{\"@type\":\"CommentAction\",\"name\":\"Comment\",\"target\":[\"https:\/\/arteeluoghi.it\/index.php\/2020\/11\/07\/9261\/#respond\"]}]},{\"@type\":\"Person\",\"@id\":\"https:\/\/arteeluoghi.it\/#\/schema\/person\/f84e814e36e91e01448ee07eaadd41d4\",\"name\":\"Staff\",\"image\":{\"@type\":\"ImageObject\",\"@id\":\"https:\/\/arteeluoghi.it\/#personlogo\",\"inLanguage\":\"it-IT\",\"url\":\"https:\/\/secure.gravatar.com\/avatar\/49d2f9e46271bb04e19cebfaf141313a?s=96&d=blank&r=g\",\"contentUrl\":\"https:\/\/secure.gravatar.com\/avatar\/49d2f9e46271bb04e19cebfaf141313a?s=96&d=blank&r=g\",\"caption\":\"Staff\"}}]}<\/script>\n<!-- \/ Yoast SEO plugin. -->","yoast_head_json":{"title":"| Arte e Luoghi","robots":{"index":"index","follow":"follow","max-snippet":"max-snippet:-1","max-image-preview":"max-image-preview:large","max-video-preview":"max-video-preview:-1"},"canonical":"https:\/\/arteeluoghi.it\/index.php\/2020\/11\/07\/9261\/","og_locale":"it_IT","og_type":"article","og_title":"| Arte e Luoghi","og_description":"Archiviata la XXI edizione, esclusivamente on line, del Festival del Cinema Europeo con la sua pioggia di premi e oltre","og_url":"https:\/\/arteeluoghi.it\/index.php\/2020\/11\/07\/9261\/","og_site_name":"Arte e Luoghi","article_publisher":"https:\/\/www.facebook.com\/ArteELuoghi\/","article_published_time":"2020-11-07T17:48:20+00:00","article_modified_time":"2020-11-19T17:57:20+00:00","og_image":[{"width":2126,"height":891,"url":"https:\/\/arteeluoghi.it\/wp-content\/uploads\/2020\/11\/XXI-FCE-Lecce_Concorso-Ulivo-dOro_Belgio-Olanda_Muidhond_Tench.jpg","type":"image\/jpeg"}],"twitter_card":"summary","twitter_creator":"@arteeluoghi","twitter_site":"@arteeluoghi","twitter_misc":{"Scritto da":"Staff","Tempo di lettura stimato":"10 minuti"},"schema":{"@context":"https:\/\/schema.org","@graph":[{"@type":"Organization","@id":"https:\/\/arteeluoghi.it\/#organization","name":"Arte e Luoghi","url":"https:\/\/arteeluoghi.it\/","sameAs":["https:\/\/www.facebook.com\/ArteELuoghi\/","https:\/\/www.instagram.com\/arteeluoghi\/?hl=it","https:\/\/www.youtube.com\/channel\/UCuRVc4JW4-C5sg9rQB-srkw?view_as=subscriber","https:\/\/twitter.com\/arteeluoghi"],"logo":{"@type":"ImageObject","@id":"https:\/\/arteeluoghi.it\/#logo","inLanguage":"it-IT","url":"https:\/\/arteeluoghi.it\/wp-content\/uploads\/2018\/08\/logoinstagramarte.jpg","contentUrl":"https:\/\/arteeluoghi.it\/wp-content\/uploads\/2018\/08\/logoinstagramarte.jpg","width":150,"height":150,"caption":"Arte e Luoghi"},"image":{"@id":"https:\/\/arteeluoghi.it\/#logo"}},{"@type":"WebSite","@id":"https:\/\/arteeluoghi.it\/#website","url":"https:\/\/arteeluoghi.it\/","name":"Arte e Luoghi","description":"Mensile di arte, cultura, turismo e curiosit\u00e0","publisher":{"@id":"https:\/\/arteeluoghi.it\/#organization"},"potentialAction":[{"@type":"SearchAction","target":{"@type":"EntryPoint","urlTemplate":"https:\/\/arteeluoghi.it\/?s={search_term_string}"},"query-input":"required name=search_term_string"}],"inLanguage":"it-IT"},{"@type":"ImageObject","@id":"https:\/\/arteeluoghi.it\/index.php\/2020\/11\/07\/9261\/#primaryimage","inLanguage":"it-IT","url":"https:\/\/arteeluoghi.it\/wp-content\/uploads\/2020\/11\/XXI-FCE-Lecce_Concorso-Ulivo-dOro_Belgio-Olanda_Muidhond_Tench.jpg","contentUrl":"https:\/\/arteeluoghi.it\/wp-content\/uploads\/2020\/11\/XXI-FCE-Lecce_Concorso-Ulivo-dOro_Belgio-Olanda_Muidhond_Tench.jpg","width":2126,"height":891},{"@type":"WebPage","@id":"https:\/\/arteeluoghi.it\/index.php\/2020\/11\/07\/9261\/#webpage","url":"https:\/\/arteeluoghi.it\/index.php\/2020\/11\/07\/9261\/","name":"| Arte e Luoghi","isPartOf":{"@id":"https:\/\/arteeluoghi.it\/#website"},"primaryImageOfPage":{"@id":"https:\/\/arteeluoghi.it\/index.php\/2020\/11\/07\/9261\/#primaryimage"},"datePublished":"2020-11-07T17:48:20+00:00","dateModified":"2020-11-19T17:57:20+00:00","breadcrumb":{"@id":"https:\/\/arteeluoghi.it\/index.php\/2020\/11\/07\/9261\/#breadcrumb"},"inLanguage":"it-IT","potentialAction":[{"@type":"ReadAction","target":["https:\/\/arteeluoghi.it\/index.php\/2020\/11\/07\/9261\/"]}]},{"@type":"BreadcrumbList","@id":"https:\/\/arteeluoghi.it\/index.php\/2020\/11\/07\/9261\/#breadcrumb","itemListElement":[{"@type":"ListItem","position":1,"name":"Home","item":"https:\/\/arteeluoghi.it\/"},{"@type":"ListItem","position":2,"name":""}]},{"@type":"Article","@id":"https:\/\/arteeluoghi.it\/index.php\/2020\/11\/07\/9261\/#article","isPartOf":{"@id":"https:\/\/arteeluoghi.it\/index.php\/2020\/11\/07\/9261\/#webpage"},"author":{"@id":"https:\/\/arteeluoghi.it\/#\/schema\/person\/f84e814e36e91e01448ee07eaadd41d4"},"headline":"Nessun titolo","datePublished":"2020-11-07T17:48:20+00:00","dateModified":"2020-11-19T17:57:20+00:00","mainEntityOfPage":{"@id":"https:\/\/arteeluoghi.it\/index.php\/2020\/11\/07\/9261\/#webpage"},"wordCount":2046,"commentCount":0,"publisher":{"@id":"https:\/\/arteeluoghi.it\/#organization"},"image":{"@id":"https:\/\/arteeluoghi.it\/index.php\/2020\/11\/07\/9261\/#primaryimage"},"thumbnailUrl":"https:\/\/arteeluoghi.it\/wp-content\/uploads\/2020\/11\/XXI-FCE-Lecce_Concorso-Ulivo-dOro_Belgio-Olanda_Muidhond_Tench.jpg","keywords":["Alberto La Monica","Cristina Soldano","Festival del Cinema Europeo","Lecce","online","Premio Mario Verdone","Regione Puglia"],"articleSection":["Cinema"],"inLanguage":"it-IT","potentialAction":[{"@type":"CommentAction","name":"Comment","target":["https:\/\/arteeluoghi.it\/index.php\/2020\/11\/07\/9261\/#respond"]}]},{"@type":"Person","@id":"https:\/\/arteeluoghi.it\/#\/schema\/person\/f84e814e36e91e01448ee07eaadd41d4","name":"Staff","image":{"@type":"ImageObject","@id":"https:\/\/arteeluoghi.it\/#personlogo","inLanguage":"it-IT","url":"https:\/\/secure.gravatar.com\/avatar\/49d2f9e46271bb04e19cebfaf141313a?s=96&d=blank&r=g","contentUrl":"https:\/\/secure.gravatar.com\/avatar\/49d2f9e46271bb04e19cebfaf141313a?s=96&d=blank&r=g","caption":"Staff"}}]}},"_links":{"self":[{"href":"https:\/\/arteeluoghi.it\/index.php\/wp-json\/wp\/v2\/posts\/9261"}],"collection":[{"href":"https:\/\/arteeluoghi.it\/index.php\/wp-json\/wp\/v2\/posts"}],"about":[{"href":"https:\/\/arteeluoghi.it\/index.php\/wp-json\/wp\/v2\/types\/post"}],"author":[{"embeddable":true,"href":"https:\/\/arteeluoghi.it\/index.php\/wp-json\/wp\/v2\/users\/1"}],"replies":[{"embeddable":true,"href":"https:\/\/arteeluoghi.it\/index.php\/wp-json\/wp\/v2\/comments?post=9261"}],"version-history":[{"count":1,"href":"https:\/\/arteeluoghi.it\/index.php\/wp-json\/wp\/v2\/posts\/9261\/revisions"}],"predecessor-version":[{"id":9264,"href":"https:\/\/arteeluoghi.it\/index.php\/wp-json\/wp\/v2\/posts\/9261\/revisions\/9264"}],"wp:featuredmedia":[{"embeddable":true,"href":"https:\/\/arteeluoghi.it\/index.php\/wp-json\/wp\/v2\/media\/9263"}],"wp:attachment":[{"href":"https:\/\/arteeluoghi.it\/index.php\/wp-json\/wp\/v2\/media?parent=9261"}],"wp:term":[{"taxonomy":"category","embeddable":true,"href":"https:\/\/arteeluoghi.it\/index.php\/wp-json\/wp\/v2\/categories?post=9261"},{"taxonomy":"post_tag","embeddable":true,"href":"https:\/\/arteeluoghi.it\/index.php\/wp-json\/wp\/v2\/tags?post=9261"}],"curies":[{"name":"wp","href":"https:\/\/api.w.org\/{rel}","templated":true}]}}