{"id":9270,"date":"2020-11-16T20:36:06","date_gmt":"2020-11-16T19:36:06","guid":{"rendered":"https:\/\/arteeluoghi.it\/?p=9270"},"modified":"2020-11-19T20:57:09","modified_gmt":"2020-11-19T19:57:09","slug":"grazie-maestro-aspettando-lultimo-film","status":"publish","type":"post","link":"https:\/\/arteeluoghi.it\/index.php\/2020\/11\/16\/grazie-maestro-aspettando-lultimo-film\/","title":{"rendered":"Grazie Maestro!  aspettando l\u2019ultimo film&#8230;"},"content":{"rendered":"\n<blockquote class=\"wp-block-quote\"><p>In uscita per dicembre il film \u201cIo sono Babbo Natale\u201d<br> con Gigi Proietti e Marco Giallini diretto da Edoardo Falcone <br>prodotto dalla Lucky Red e Rai Cinema<\/p><cite>Antonietta Fulvio<\/cite><\/blockquote>\n\n\n\n<p>Una mandrakata andarsene nel giorno del suo ottantesimo compleanno\u2026 La vita \u00e8 una bottega che si chiude e cos\u00ec sia, cantava in uno dei tanti stornelli romaneschi ed \u00e8 una verit\u00e0 amara apprendere che per Gigi Proietti il sipario \u00e8 calato il 2 novembre 2020. Ed \u00e8 difficile da accettare una notizia del genere. <\/p>\n\n\n\n<!--more-->\n\n\n\n<p>Cos\u00ec come \u00e8 complicato riuscire a raccontare la grandezza dell\u2019uomo e dell\u2019artista, che pur non essendo una persona di famiglia, lo era diventato. Al di l\u00e0 delle celebri e inarrivabili performance teatrali, dell\u2019aver formato con il suo Laboratorio di esercitazioni sceniche generazioni di attori, che oggi lo ricordano e piangono la sua scomparsa, Gigi era l\u2019affabulatore e istrionico volto del \u201cSabato sera dalle nove alle dieci\u201d, di \u201cFatti e fattacci\u201d, di \u201cFantastico\u201d e ancora di \u201cIo a modo mio\u201d prima ancora di essere lo chef di \u201cItalian Restaurant\u201d o \u201cil Maresciallo Rocca\u201d o il giornalista investigativo Bruno Palmieri nella fiction \u201cUna pallottola nel cuore\u201d. Per non parlare dei ruoli che lo hanno visto vestire i panni di Filippo Neri in \u201cPreferisco il Paradiso\u201d e quelli del cardinale Romeo Colombo da Priverno in \u201cL&#8217;ultimo Papa Re\u201d o di Federico Sinacori ne \u201cIl Signore della truffa\u201d per citare solo alcune produzioni televisive di successo. Geniale e trasversale, \u00e8 stato un gigante del Teatro come testimonia l\u2019 elenco interminabile  delle regie teatrali, la firma di opere liriche, la discografia da solista e con il Trio Melody che lo vide partecipare a Sanremo nel 1985 insieme a Peppino Di Capri e Stefano Palatresi. Il brano si intitolava \u201cMa che ne sai\u2026 (\u2026Se non hai fatto il piano-bar)\u201d ed era il racconto tra ironia e leggerezza delle atmosfere suggestive delle serate di piano bar dal punto di vista dei protagonisti capaci di riconoscere gli sguardi e i comportamenti del pubblico. Quel pubblico che lui domava e ammaliava dal palco, dallo schermo\u2026<br> La notizia ci ha colto impreparati e ci ha disorientati perch\u00e9 persone, artisti come Gigi, non dovrebbero mai andarsene. Ma in fondo, come i grandi, resta qui grazie all\u2019enorme patrimonio artistico che ci ha lasciato. Un baule dell\u2019attore che si \u00e8 riempito, strada facendo, intrecciando i linguaggi dell\u2019arte: dal teatro al cinema, da cabaret alla televisione, alla scrittura. Gigi come Edoardo De Filippo, come Vittorio Gasmann, come Massimo Troisi c\u2019\u00e8 sempre stato e ci sar\u00e0 sempre grazie alla sua Arte. <br> E come Massimo si conged\u00f2 con \u201cIl Postino\u201d, anche Gigi Proietti ci ha lasciato un ultimo dono \u201cIo sono Babbo Natale\u201d, il film diretto da Edoardo Falcone, prodotto da Lucky Red e Rai Cinema con 3 Marys. Interamente girato a Roma, l\u2019uscita nelle sale \u00e8 prevista per dicembre dal momento che a causa della pandemia, i cinema resteranno chiusi fino al 24 novembre e ancora non \u00e8 dato di sapere se la proiezione potr\u00e0 avvenire nelle sale o in streaming. Una commedia per tutta la famiglia, sull\u2019amicizia, il valore degli affetti e la generosit\u00e0. Un\u2019ultima perla come le tante che ha incastonato nella sua lunga carriera artistica. <\/p>\n\n\n\n<figure class=\"wp-block-image\"><img loading=\"lazy\" width=\"1024\" height=\"683\" src=\"https:\/\/arteeluoghi.it\/wp-content\/uploads\/2020\/11\/gigi_babbo-1024x683.jpg\" alt=\"\" class=\"wp-image-9271\" srcset=\"https:\/\/arteeluoghi.it\/wp-content\/uploads\/2020\/11\/gigi_babbo-1024x683.jpg 1024w, https:\/\/arteeluoghi.it\/wp-content\/uploads\/2020\/11\/gigi_babbo-300x200.jpg 300w, https:\/\/arteeluoghi.it\/wp-content\/uploads\/2020\/11\/gigi_babbo-768x512.jpg 768w, https:\/\/arteeluoghi.it\/wp-content\/uploads\/2020\/11\/gigi_babbo.jpg 1125w\" sizes=\"(max-width: 1024px) 100vw, 1024px\" \/><\/figure>\n\n\n\n<p><br> \u201cIo sono Babbo Natale\u201d racconta la storia di Ettore, interpretato da Marco Giallini, un ex galeotto che ha scontato cinque anni di prigione per una rapina commessa con dei complici di cui non ha mai rivelato i nomi. Un uomo con una vita sgangherata, una storia d\u2019amore fallimentare con Laura da cui ha avuto una figlia che non ha mai potuto conoscere e che si ritrover\u00e0 a rubare in casa di Nicola, interpretato da Gigi Proietti, che gli rivela di essere Babbo Natale.    <br> E gi\u00e0 lo immaginiamo, non senza provare una stretta al cuore, vestito da Babbo Natale con i suoi capelli color argento e il timbro forte e rassicurante della sua voce capace di dar vita e corpo ai tanti personaggi di drammi e commedie da Shakespeare a Raymund FitzSimons, da Bertolt Brecht a Moli\u00e8re, a Edmond Ronstand\u2026<br> Raffinato interprete di monologhi anche per il programma \u201cUlisse\u201d di Alberto Angela, come quello registrato per la puntata dedicata a Cleopatra in cui Gigi pronunci\u00f2 l\u2019orazione funebre di Marco Antonio per il Giulio Cesare shakespeariano, quando lui recitava andava in scena il Teatro.<br> E dopo averlo ammirato nelle vesti di Mangiafuoco nel Pinocchio di Matteo Garrone non vediamo l\u2019ora di rincontrarlo ancora una volta sul grande schermo con il suo ultimo film.<br> \u00abCome tanti fra noi sono sempre stato un fan appassionato di Gigi Proietti e in pi\u00f9 ho avuto la fortuna di conoscerlo in questo ultimo anno e mezzo. &#8211; ha raccontato il regista Edoardo Falcone in un\u2019intervista all\u2019Ansa- La cosa che mi ha colpito di pi\u00f9 \u00e8 stata la sua straordinaria umanit\u00e0 oltre che la professionalit\u00e0 incredibile. Era gentile, educato, sempre disponibile\u2026 Mi mancher\u00e0 tantissimo\u00bb.<br> E mancher\u00e0 \u00e8 inevitabile. Come \u00e8 inevitabile e mai superfluo dirgli Grazie Maestro! <\/p>\n","protected":false},"excerpt":{"rendered":"<p>In uscita per dicembre il film \u201cIo sono Babbo Natale\u201d con Gigi Proietti e Marco Giallini diretto da Edoardo Falcone<\/p>\n","protected":false},"author":1,"featured_media":9271,"comment_status":"open","ping_status":"open","sticky":true,"template":"","format":"standard","meta":[],"categories":[29,52,13],"tags":[2936,389,2929,2933,2938,2937,2935,2934,377],"yoast_head":"<!-- This site is optimized with the Yoast SEO plugin v18.0 - https:\/\/yoast.com\/wordpress\/plugins\/seo\/ -->\n<title>Grazie Maestro! aspettando l\u2019ultimo film... | Arte e Luoghi<\/title>\n<meta name=\"robots\" content=\"index, follow, max-snippet:-1, max-image-preview:large, max-video-preview:-1\" \/>\n<link rel=\"canonical\" href=\"https:\/\/arteeluoghi.it\/index.php\/2020\/11\/16\/grazie-maestro-aspettando-lultimo-film\/\" \/>\n<meta property=\"og:locale\" content=\"it_IT\" \/>\n<meta property=\"og:type\" content=\"article\" \/>\n<meta property=\"og:title\" content=\"Grazie Maestro! aspettando l\u2019ultimo film... | Arte e Luoghi\" \/>\n<meta property=\"og:description\" content=\"In uscita per dicembre il film \u201cIo sono Babbo Natale\u201d con Gigi Proietti e Marco Giallini diretto da Edoardo Falcone\" \/>\n<meta property=\"og:url\" content=\"https:\/\/arteeluoghi.it\/index.php\/2020\/11\/16\/grazie-maestro-aspettando-lultimo-film\/\" \/>\n<meta property=\"og:site_name\" content=\"Arte e Luoghi\" \/>\n<meta property=\"article:publisher\" content=\"https:\/\/www.facebook.com\/ArteELuoghi\/\" \/>\n<meta property=\"article:published_time\" content=\"2020-11-16T19:36:06+00:00\" \/>\n<meta property=\"article:modified_time\" content=\"2020-11-19T19:57:09+00:00\" \/>\n<meta property=\"og:image\" content=\"https:\/\/arteeluoghi.it\/wp-content\/uploads\/2020\/11\/gigi_babbo.jpg\" \/>\n\t<meta property=\"og:image:width\" content=\"1125\" \/>\n\t<meta property=\"og:image:height\" content=\"750\" \/>\n\t<meta property=\"og:image:type\" content=\"image\/jpeg\" \/>\n<meta name=\"twitter:card\" content=\"summary\" \/>\n<meta name=\"twitter:creator\" content=\"@arteeluoghi\" \/>\n<meta name=\"twitter:site\" content=\"@arteeluoghi\" \/>\n<meta name=\"twitter:label1\" content=\"Scritto da\" \/>\n\t<meta name=\"twitter:data1\" content=\"Staff\" \/>\n\t<meta name=\"twitter:label2\" content=\"Tempo di lettura stimato\" \/>\n\t<meta name=\"twitter:data2\" content=\"4 minuti\" \/>\n<script type=\"application\/ld+json\" class=\"yoast-schema-graph\">{\"@context\":\"https:\/\/schema.org\",\"@graph\":[{\"@type\":\"Organization\",\"@id\":\"https:\/\/arteeluoghi.it\/#organization\",\"name\":\"Arte e Luoghi\",\"url\":\"https:\/\/arteeluoghi.it\/\",\"sameAs\":[\"https:\/\/www.facebook.com\/ArteELuoghi\/\",\"https:\/\/www.instagram.com\/arteeluoghi\/?hl=it\",\"https:\/\/www.youtube.com\/channel\/UCuRVc4JW4-C5sg9rQB-srkw?view_as=subscriber\",\"https:\/\/twitter.com\/arteeluoghi\"],\"logo\":{\"@type\":\"ImageObject\",\"@id\":\"https:\/\/arteeluoghi.it\/#logo\",\"inLanguage\":\"it-IT\",\"url\":\"https:\/\/arteeluoghi.it\/wp-content\/uploads\/2018\/08\/logoinstagramarte.jpg\",\"contentUrl\":\"https:\/\/arteeluoghi.it\/wp-content\/uploads\/2018\/08\/logoinstagramarte.jpg\",\"width\":150,\"height\":150,\"caption\":\"Arte e Luoghi\"},\"image\":{\"@id\":\"https:\/\/arteeluoghi.it\/#logo\"}},{\"@type\":\"WebSite\",\"@id\":\"https:\/\/arteeluoghi.it\/#website\",\"url\":\"https:\/\/arteeluoghi.it\/\",\"name\":\"Arte e Luoghi\",\"description\":\"Mensile di arte, cultura, turismo e curiosit\u00e0\",\"publisher\":{\"@id\":\"https:\/\/arteeluoghi.it\/#organization\"},\"potentialAction\":[{\"@type\":\"SearchAction\",\"target\":{\"@type\":\"EntryPoint\",\"urlTemplate\":\"https:\/\/arteeluoghi.it\/?s={search_term_string}\"},\"query-input\":\"required name=search_term_string\"}],\"inLanguage\":\"it-IT\"},{\"@type\":\"ImageObject\",\"@id\":\"https:\/\/arteeluoghi.it\/index.php\/2020\/11\/16\/grazie-maestro-aspettando-lultimo-film\/#primaryimage\",\"inLanguage\":\"it-IT\",\"url\":\"https:\/\/arteeluoghi.it\/wp-content\/uploads\/2020\/11\/gigi_babbo.jpg\",\"contentUrl\":\"https:\/\/arteeluoghi.it\/wp-content\/uploads\/2020\/11\/gigi_babbo.jpg\",\"width\":1125,\"height\":750},{\"@type\":\"WebPage\",\"@id\":\"https:\/\/arteeluoghi.it\/index.php\/2020\/11\/16\/grazie-maestro-aspettando-lultimo-film\/#webpage\",\"url\":\"https:\/\/arteeluoghi.it\/index.php\/2020\/11\/16\/grazie-maestro-aspettando-lultimo-film\/\",\"name\":\"Grazie Maestro! aspettando l\u2019ultimo film... | Arte e Luoghi\",\"isPartOf\":{\"@id\":\"https:\/\/arteeluoghi.it\/#website\"},\"primaryImageOfPage\":{\"@id\":\"https:\/\/arteeluoghi.it\/index.php\/2020\/11\/16\/grazie-maestro-aspettando-lultimo-film\/#primaryimage\"},\"datePublished\":\"2020-11-16T19:36:06+00:00\",\"dateModified\":\"2020-11-19T19:57:09+00:00\",\"breadcrumb\":{\"@id\":\"https:\/\/arteeluoghi.it\/index.php\/2020\/11\/16\/grazie-maestro-aspettando-lultimo-film\/#breadcrumb\"},\"inLanguage\":\"it-IT\",\"potentialAction\":[{\"@type\":\"ReadAction\",\"target\":[\"https:\/\/arteeluoghi.it\/index.php\/2020\/11\/16\/grazie-maestro-aspettando-lultimo-film\/\"]}]},{\"@type\":\"BreadcrumbList\",\"@id\":\"https:\/\/arteeluoghi.it\/index.php\/2020\/11\/16\/grazie-maestro-aspettando-lultimo-film\/#breadcrumb\",\"itemListElement\":[{\"@type\":\"ListItem\",\"position\":1,\"name\":\"Home\",\"item\":\"https:\/\/arteeluoghi.it\/\"},{\"@type\":\"ListItem\",\"position\":2,\"name\":\"Grazie Maestro! aspettando l\u2019ultimo film&#8230;\"}]},{\"@type\":\"Article\",\"@id\":\"https:\/\/arteeluoghi.it\/index.php\/2020\/11\/16\/grazie-maestro-aspettando-lultimo-film\/#article\",\"isPartOf\":{\"@id\":\"https:\/\/arteeluoghi.it\/index.php\/2020\/11\/16\/grazie-maestro-aspettando-lultimo-film\/#webpage\"},\"author\":{\"@id\":\"https:\/\/arteeluoghi.it\/#\/schema\/person\/f84e814e36e91e01448ee07eaadd41d4\"},\"headline\":\"Grazie Maestro! aspettando l\u2019ultimo film&#8230;\",\"datePublished\":\"2020-11-16T19:36:06+00:00\",\"dateModified\":\"2020-11-19T19:57:09+00:00\",\"mainEntityOfPage\":{\"@id\":\"https:\/\/arteeluoghi.it\/index.php\/2020\/11\/16\/grazie-maestro-aspettando-lultimo-film\/#webpage\"},\"wordCount\":819,\"commentCount\":0,\"publisher\":{\"@id\":\"https:\/\/arteeluoghi.it\/#organization\"},\"image\":{\"@id\":\"https:\/\/arteeluoghi.it\/index.php\/2020\/11\/16\/grazie-maestro-aspettando-lultimo-film\/#primaryimage\"},\"thumbnailUrl\":\"https:\/\/arteeluoghi.it\/wp-content\/uploads\/2020\/11\/gigi_babbo.jpg\",\"keywords\":[\"3Marys\",\"cinema\",\"Gigi Proietti\",\"Io sono Babbo Natale\",\"Lucky Red\",\"Marco Giallini\",\"Nicola\",\"Rai Cinema\",\"teatro\"],\"articleSection\":[\"Cinema\",\"I luoghi della parola\",\"teatro\"],\"inLanguage\":\"it-IT\",\"potentialAction\":[{\"@type\":\"CommentAction\",\"name\":\"Comment\",\"target\":[\"https:\/\/arteeluoghi.it\/index.php\/2020\/11\/16\/grazie-maestro-aspettando-lultimo-film\/#respond\"]}]},{\"@type\":\"Person\",\"@id\":\"https:\/\/arteeluoghi.it\/#\/schema\/person\/f84e814e36e91e01448ee07eaadd41d4\",\"name\":\"Staff\",\"image\":{\"@type\":\"ImageObject\",\"@id\":\"https:\/\/arteeluoghi.it\/#personlogo\",\"inLanguage\":\"it-IT\",\"url\":\"https:\/\/secure.gravatar.com\/avatar\/49d2f9e46271bb04e19cebfaf141313a?s=96&d=blank&r=g\",\"contentUrl\":\"https:\/\/secure.gravatar.com\/avatar\/49d2f9e46271bb04e19cebfaf141313a?s=96&d=blank&r=g\",\"caption\":\"Staff\"}}]}<\/script>\n<!-- \/ Yoast SEO plugin. -->","yoast_head_json":{"title":"Grazie Maestro! aspettando l\u2019ultimo film... | Arte e Luoghi","robots":{"index":"index","follow":"follow","max-snippet":"max-snippet:-1","max-image-preview":"max-image-preview:large","max-video-preview":"max-video-preview:-1"},"canonical":"https:\/\/arteeluoghi.it\/index.php\/2020\/11\/16\/grazie-maestro-aspettando-lultimo-film\/","og_locale":"it_IT","og_type":"article","og_title":"Grazie Maestro! aspettando l\u2019ultimo film... | Arte e Luoghi","og_description":"In uscita per dicembre il film \u201cIo sono Babbo Natale\u201d con Gigi Proietti e Marco Giallini diretto da Edoardo Falcone","og_url":"https:\/\/arteeluoghi.it\/index.php\/2020\/11\/16\/grazie-maestro-aspettando-lultimo-film\/","og_site_name":"Arte e Luoghi","article_publisher":"https:\/\/www.facebook.com\/ArteELuoghi\/","article_published_time":"2020-11-16T19:36:06+00:00","article_modified_time":"2020-11-19T19:57:09+00:00","og_image":[{"width":1125,"height":750,"url":"https:\/\/arteeluoghi.it\/wp-content\/uploads\/2020\/11\/gigi_babbo.jpg","type":"image\/jpeg"}],"twitter_card":"summary","twitter_creator":"@arteeluoghi","twitter_site":"@arteeluoghi","twitter_misc":{"Scritto da":"Staff","Tempo di lettura stimato":"4 minuti"},"schema":{"@context":"https:\/\/schema.org","@graph":[{"@type":"Organization","@id":"https:\/\/arteeluoghi.it\/#organization","name":"Arte e Luoghi","url":"https:\/\/arteeluoghi.it\/","sameAs":["https:\/\/www.facebook.com\/ArteELuoghi\/","https:\/\/www.instagram.com\/arteeluoghi\/?hl=it","https:\/\/www.youtube.com\/channel\/UCuRVc4JW4-C5sg9rQB-srkw?view_as=subscriber","https:\/\/twitter.com\/arteeluoghi"],"logo":{"@type":"ImageObject","@id":"https:\/\/arteeluoghi.it\/#logo","inLanguage":"it-IT","url":"https:\/\/arteeluoghi.it\/wp-content\/uploads\/2018\/08\/logoinstagramarte.jpg","contentUrl":"https:\/\/arteeluoghi.it\/wp-content\/uploads\/2018\/08\/logoinstagramarte.jpg","width":150,"height":150,"caption":"Arte e Luoghi"},"image":{"@id":"https:\/\/arteeluoghi.it\/#logo"}},{"@type":"WebSite","@id":"https:\/\/arteeluoghi.it\/#website","url":"https:\/\/arteeluoghi.it\/","name":"Arte e Luoghi","description":"Mensile di arte, cultura, turismo e curiosit\u00e0","publisher":{"@id":"https:\/\/arteeluoghi.it\/#organization"},"potentialAction":[{"@type":"SearchAction","target":{"@type":"EntryPoint","urlTemplate":"https:\/\/arteeluoghi.it\/?s={search_term_string}"},"query-input":"required name=search_term_string"}],"inLanguage":"it-IT"},{"@type":"ImageObject","@id":"https:\/\/arteeluoghi.it\/index.php\/2020\/11\/16\/grazie-maestro-aspettando-lultimo-film\/#primaryimage","inLanguage":"it-IT","url":"https:\/\/arteeluoghi.it\/wp-content\/uploads\/2020\/11\/gigi_babbo.jpg","contentUrl":"https:\/\/arteeluoghi.it\/wp-content\/uploads\/2020\/11\/gigi_babbo.jpg","width":1125,"height":750},{"@type":"WebPage","@id":"https:\/\/arteeluoghi.it\/index.php\/2020\/11\/16\/grazie-maestro-aspettando-lultimo-film\/#webpage","url":"https:\/\/arteeluoghi.it\/index.php\/2020\/11\/16\/grazie-maestro-aspettando-lultimo-film\/","name":"Grazie Maestro! aspettando l\u2019ultimo film... | Arte e Luoghi","isPartOf":{"@id":"https:\/\/arteeluoghi.it\/#website"},"primaryImageOfPage":{"@id":"https:\/\/arteeluoghi.it\/index.php\/2020\/11\/16\/grazie-maestro-aspettando-lultimo-film\/#primaryimage"},"datePublished":"2020-11-16T19:36:06+00:00","dateModified":"2020-11-19T19:57:09+00:00","breadcrumb":{"@id":"https:\/\/arteeluoghi.it\/index.php\/2020\/11\/16\/grazie-maestro-aspettando-lultimo-film\/#breadcrumb"},"inLanguage":"it-IT","potentialAction":[{"@type":"ReadAction","target":["https:\/\/arteeluoghi.it\/index.php\/2020\/11\/16\/grazie-maestro-aspettando-lultimo-film\/"]}]},{"@type":"BreadcrumbList","@id":"https:\/\/arteeluoghi.it\/index.php\/2020\/11\/16\/grazie-maestro-aspettando-lultimo-film\/#breadcrumb","itemListElement":[{"@type":"ListItem","position":1,"name":"Home","item":"https:\/\/arteeluoghi.it\/"},{"@type":"ListItem","position":2,"name":"Grazie Maestro! aspettando l\u2019ultimo film&#8230;"}]},{"@type":"Article","@id":"https:\/\/arteeluoghi.it\/index.php\/2020\/11\/16\/grazie-maestro-aspettando-lultimo-film\/#article","isPartOf":{"@id":"https:\/\/arteeluoghi.it\/index.php\/2020\/11\/16\/grazie-maestro-aspettando-lultimo-film\/#webpage"},"author":{"@id":"https:\/\/arteeluoghi.it\/#\/schema\/person\/f84e814e36e91e01448ee07eaadd41d4"},"headline":"Grazie Maestro! aspettando l\u2019ultimo film&#8230;","datePublished":"2020-11-16T19:36:06+00:00","dateModified":"2020-11-19T19:57:09+00:00","mainEntityOfPage":{"@id":"https:\/\/arteeluoghi.it\/index.php\/2020\/11\/16\/grazie-maestro-aspettando-lultimo-film\/#webpage"},"wordCount":819,"commentCount":0,"publisher":{"@id":"https:\/\/arteeluoghi.it\/#organization"},"image":{"@id":"https:\/\/arteeluoghi.it\/index.php\/2020\/11\/16\/grazie-maestro-aspettando-lultimo-film\/#primaryimage"},"thumbnailUrl":"https:\/\/arteeluoghi.it\/wp-content\/uploads\/2020\/11\/gigi_babbo.jpg","keywords":["3Marys","cinema","Gigi Proietti","Io sono Babbo Natale","Lucky Red","Marco Giallini","Nicola","Rai Cinema","teatro"],"articleSection":["Cinema","I luoghi della parola","teatro"],"inLanguage":"it-IT","potentialAction":[{"@type":"CommentAction","name":"Comment","target":["https:\/\/arteeluoghi.it\/index.php\/2020\/11\/16\/grazie-maestro-aspettando-lultimo-film\/#respond"]}]},{"@type":"Person","@id":"https:\/\/arteeluoghi.it\/#\/schema\/person\/f84e814e36e91e01448ee07eaadd41d4","name":"Staff","image":{"@type":"ImageObject","@id":"https:\/\/arteeluoghi.it\/#personlogo","inLanguage":"it-IT","url":"https:\/\/secure.gravatar.com\/avatar\/49d2f9e46271bb04e19cebfaf141313a?s=96&d=blank&r=g","contentUrl":"https:\/\/secure.gravatar.com\/avatar\/49d2f9e46271bb04e19cebfaf141313a?s=96&d=blank&r=g","caption":"Staff"}}]}},"_links":{"self":[{"href":"https:\/\/arteeluoghi.it\/index.php\/wp-json\/wp\/v2\/posts\/9270"}],"collection":[{"href":"https:\/\/arteeluoghi.it\/index.php\/wp-json\/wp\/v2\/posts"}],"about":[{"href":"https:\/\/arteeluoghi.it\/index.php\/wp-json\/wp\/v2\/types\/post"}],"author":[{"embeddable":true,"href":"https:\/\/arteeluoghi.it\/index.php\/wp-json\/wp\/v2\/users\/1"}],"replies":[{"embeddable":true,"href":"https:\/\/arteeluoghi.it\/index.php\/wp-json\/wp\/v2\/comments?post=9270"}],"version-history":[{"count":1,"href":"https:\/\/arteeluoghi.it\/index.php\/wp-json\/wp\/v2\/posts\/9270\/revisions"}],"predecessor-version":[{"id":9272,"href":"https:\/\/arteeluoghi.it\/index.php\/wp-json\/wp\/v2\/posts\/9270\/revisions\/9272"}],"wp:featuredmedia":[{"embeddable":true,"href":"https:\/\/arteeluoghi.it\/index.php\/wp-json\/wp\/v2\/media\/9271"}],"wp:attachment":[{"href":"https:\/\/arteeluoghi.it\/index.php\/wp-json\/wp\/v2\/media?parent=9270"}],"wp:term":[{"taxonomy":"category","embeddable":true,"href":"https:\/\/arteeluoghi.it\/index.php\/wp-json\/wp\/v2\/categories?post=9270"},{"taxonomy":"post_tag","embeddable":true,"href":"https:\/\/arteeluoghi.it\/index.php\/wp-json\/wp\/v2\/tags?post=9270"}],"curies":[{"name":"wp","href":"https:\/\/api.w.org\/{rel}","templated":true}]}}