{"id":9284,"date":"2020-11-16T19:42:15","date_gmt":"2020-11-16T18:42:15","guid":{"rendered":"https:\/\/arteeluoghi.it\/?p=9284"},"modified":"2024-03-20T16:49:02","modified_gmt":"2024-03-20T15:49:02","slug":"il-mausoleo-di-cicerone-a-formia","status":"publish","type":"post","link":"https:\/\/arteeluoghi.it\/index.php\/2020\/11\/16\/il-mausoleo-di-cicerone-a-formia\/","title":{"rendered":"Il mausoleo di Cicerone a Formia"},"content":{"rendered":"\n<blockquote class=\"wp-block-quote\"><p>Breve viaggio all\u2019interno di uno dei simboli del territorio Formiano legato al grande oratore di Arpino<\/p><cite>Marco Tedesco *<\/cite><\/blockquote>\n\n\n\n<p>Da sempre, la citt\u00e0 di Formia ha assunto una straordinaria importanza nell\u2019ambito storico, archeologico ed artistico nazionale. I suoi monumenti, la sua attuale planimetria, rispecchiano ancora la grandezza dei secoli legati al fascino dell\u2019antica Roma legati a nomi che ne hanno fatto grande la storia: nomi del calibro di Mamurra, luogotenente di Cesare e figura di spicco nel De Bello Gallico, proprietario di una villa costiera nella frazione formiana di Gianola e Cicerone, l\u2019illustre oratore originario di Arpino, cittadina in provincia di Frosinone che gli diede i natali, anch\u2019egli forse proprietario di una villa a Formia, probabilmente situata nella zona di Vindicio. <\/p>\n\n\n\n<!--more-->\n\n\n\n<p><br> Ora, dove sia situata questa villa non \u00e8 dato sapere: molti studiosi la individuano in alcune tracce di reperti inglobati nell\u2019attuale Villa Lamberti, sita nella zona di Vindicio a Formia, ma quello che tutti sanno \u00e8 che proprio a Formia potrebbe esserci il luogo di sepoltura di Cicerone: un mausoleo che sorge lungo l\u2019antica via Appia al km 139 in direzione Roma. L\u2019ipotesi che tale mausoleo potrebbe proprio essere il luogo di sepoltura dell\u2019illustre oratore \u00e8 data dal fatto che proprio a Formia, nel 43 a. C., Cicerone trov\u00f2 la morte per mano dei sicari di Antonio a causa delle accuse rivolte ad Antonio nelle Filippiche. <br> Il Mausoleo di Cicerone \u00e8 situato nelle immediate vicinanze di quella che si suppone sia la sua villa e riporta come datazione una collocazione temporale che lo fa risalire all\u2019epoca augustea, periodo successivo alla morte di cesare durante il quale si assiste all\u2019ascesa nella scena politica dell\u2019antica Roma di Ottaviano Augusto, nipote di Cesare, designato da quest\u2019ultimo come suo successore. <\/p>\n\n\n\n<figure class=\"wp-block-gallery columns-3 is-cropped\"><ul class=\"blocks-gallery-grid\"><li class=\"blocks-gallery-item\"><figure><img loading=\"lazy\" width=\"1024\" height=\"768\" src=\"https:\/\/arteeluoghi.it\/wp-content\/uploads\/2020\/11\/Formia-area-archeologica-del-mausoleo-di-Cicerone-particolare-dellentrata-nella-cella-funeraria-della-tomba-foto-di-Fausto-Forcina-1024x768.jpg\" alt=\"\" data-id=\"9288\" data-link=\"https:\/\/arteeluoghi.it\/?attachment_id=9288\" class=\"wp-image-9288\" srcset=\"https:\/\/arteeluoghi.it\/wp-content\/uploads\/2020\/11\/Formia-area-archeologica-del-mausoleo-di-Cicerone-particolare-dellentrata-nella-cella-funeraria-della-tomba-foto-di-Fausto-Forcina-1024x768.jpg 1024w, https:\/\/arteeluoghi.it\/wp-content\/uploads\/2020\/11\/Formia-area-archeologica-del-mausoleo-di-Cicerone-particolare-dellentrata-nella-cella-funeraria-della-tomba-foto-di-Fausto-Forcina-300x225.jpg 300w, https:\/\/arteeluoghi.it\/wp-content\/uploads\/2020\/11\/Formia-area-archeologica-del-mausoleo-di-Cicerone-particolare-dellentrata-nella-cella-funeraria-della-tomba-foto-di-Fausto-Forcina-768x576.jpg 768w\" sizes=\"(max-width: 1024px) 100vw, 1024px\" \/><\/figure><\/li><li class=\"blocks-gallery-item\"><figure><img loading=\"lazy\" width=\"1024\" height=\"683\" src=\"https:\/\/arteeluoghi.it\/wp-content\/uploads\/2020\/11\/Formia-area-archeologica-del-mausoleo-di-Cicerone-particolare-del-muro-circostante-la-tomba-in-opus-reticultatum-foto-di-Fausto-Forcina-1-1024x683.jpg\" alt=\"\" data-id=\"9287\" data-link=\"https:\/\/arteeluoghi.it\/?attachment_id=9287\" class=\"wp-image-9287\" srcset=\"https:\/\/arteeluoghi.it\/wp-content\/uploads\/2020\/11\/Formia-area-archeologica-del-mausoleo-di-Cicerone-particolare-del-muro-circostante-la-tomba-in-opus-reticultatum-foto-di-Fausto-Forcina-1-1024x683.jpg 1024w, https:\/\/arteeluoghi.it\/wp-content\/uploads\/2020\/11\/Formia-area-archeologica-del-mausoleo-di-Cicerone-particolare-del-muro-circostante-la-tomba-in-opus-reticultatum-foto-di-Fausto-Forcina-1-300x200.jpg 300w, https:\/\/arteeluoghi.it\/wp-content\/uploads\/2020\/11\/Formia-area-archeologica-del-mausoleo-di-Cicerone-particolare-del-muro-circostante-la-tomba-in-opus-reticultatum-foto-di-Fausto-Forcina-1-768x512.jpg 768w\" sizes=\"(max-width: 1024px) 100vw, 1024px\" \/><\/figure><\/li><li class=\"blocks-gallery-item\"><figure><img loading=\"lazy\" width=\"1024\" height=\"683\" src=\"https:\/\/arteeluoghi.it\/wp-content\/uploads\/2020\/11\/Formia-area-archeologica-del-mausoleo-di-Cicerone-interno-della-torre-sormontante-la-cella-funeraria-della-tomba-di-Cicerone-foto-di-Fausto-Forcina-1024x683.jpg\" alt=\"\" data-id=\"9286\" data-link=\"https:\/\/arteeluoghi.it\/?attachment_id=9286\" class=\"wp-image-9286\" srcset=\"https:\/\/arteeluoghi.it\/wp-content\/uploads\/2020\/11\/Formia-area-archeologica-del-mausoleo-di-Cicerone-interno-della-torre-sormontante-la-cella-funeraria-della-tomba-di-Cicerone-foto-di-Fausto-Forcina-1024x683.jpg 1024w, https:\/\/arteeluoghi.it\/wp-content\/uploads\/2020\/11\/Formia-area-archeologica-del-mausoleo-di-Cicerone-interno-della-torre-sormontante-la-cella-funeraria-della-tomba-di-Cicerone-foto-di-Fausto-Forcina-300x200.jpg 300w, https:\/\/arteeluoghi.it\/wp-content\/uploads\/2020\/11\/Formia-area-archeologica-del-mausoleo-di-Cicerone-interno-della-torre-sormontante-la-cella-funeraria-della-tomba-di-Cicerone-foto-di-Fausto-Forcina-768x512.jpg 768w\" sizes=\"(max-width: 1024px) 100vw, 1024px\" \/><\/figure><\/li><li class=\"blocks-gallery-item\"><figure><img loading=\"lazy\" width=\"1024\" height=\"683\" src=\"https:\/\/arteeluoghi.it\/wp-content\/uploads\/2020\/11\/Formia-area-archeologica-del-mausoleo-di-Cicerone-particolare-del-muro-circostante-la-tomba-in-opus-reticultatum-foto-di-Fausto-Forcina-1024x683.jpg\" alt=\"\" data-id=\"9285\" data-link=\"https:\/\/arteeluoghi.it\/?attachment_id=9285\" class=\"wp-image-9285\" srcset=\"https:\/\/arteeluoghi.it\/wp-content\/uploads\/2020\/11\/Formia-area-archeologica-del-mausoleo-di-Cicerone-particolare-del-muro-circostante-la-tomba-in-opus-reticultatum-foto-di-Fausto-Forcina-1024x683.jpg 1024w, https:\/\/arteeluoghi.it\/wp-content\/uploads\/2020\/11\/Formia-area-archeologica-del-mausoleo-di-Cicerone-particolare-del-muro-circostante-la-tomba-in-opus-reticultatum-foto-di-Fausto-Forcina-300x200.jpg 300w, https:\/\/arteeluoghi.it\/wp-content\/uploads\/2020\/11\/Formia-area-archeologica-del-mausoleo-di-Cicerone-particolare-del-muro-circostante-la-tomba-in-opus-reticultatum-foto-di-Fausto-Forcina-768x512.jpg 768w\" sizes=\"(max-width: 1024px) 100vw, 1024px\" \/><\/figure><\/li><li class=\"blocks-gallery-item\"><figure><img loading=\"lazy\" width=\"1024\" height=\"683\" src=\"https:\/\/arteeluoghi.it\/wp-content\/uploads\/2020\/11\/Formia-area-archeologica-del-mausoleo-di-Cicerone-visione-notturna-dellentrata-nella-cella-funeraria-della-tomba-foto-di-Fausto-Forcina-1024x683.jpg\" alt=\"\" data-id=\"9290\" data-link=\"https:\/\/arteeluoghi.it\/?attachment_id=9290\" class=\"wp-image-9290\" srcset=\"https:\/\/arteeluoghi.it\/wp-content\/uploads\/2020\/11\/Formia-area-archeologica-del-mausoleo-di-Cicerone-visione-notturna-dellentrata-nella-cella-funeraria-della-tomba-foto-di-Fausto-Forcina-1024x683.jpg 1024w, https:\/\/arteeluoghi.it\/wp-content\/uploads\/2020\/11\/Formia-area-archeologica-del-mausoleo-di-Cicerone-visione-notturna-dellentrata-nella-cella-funeraria-della-tomba-foto-di-Fausto-Forcina-300x200.jpg 300w, https:\/\/arteeluoghi.it\/wp-content\/uploads\/2020\/11\/Formia-area-archeologica-del-mausoleo-di-Cicerone-visione-notturna-dellentrata-nella-cella-funeraria-della-tomba-foto-di-Fausto-Forcina-768x512.jpg 768w\" sizes=\"(max-width: 1024px) 100vw, 1024px\" \/><\/figure><\/li><li class=\"blocks-gallery-item\"><figure><img loading=\"lazy\" width=\"1024\" height=\"683\" src=\"https:\/\/arteeluoghi.it\/wp-content\/uploads\/2020\/11\/Formia-tomba-di-Tulliola-sul-colle-Acervara-foto-di-Fausto-Forcina-1024x683.jpg\" alt=\"\" data-id=\"9292\" data-link=\"https:\/\/arteeluoghi.it\/?attachment_id=9292\" class=\"wp-image-9292\" srcset=\"https:\/\/arteeluoghi.it\/wp-content\/uploads\/2020\/11\/Formia-tomba-di-Tulliola-sul-colle-Acervara-foto-di-Fausto-Forcina-1024x683.jpg 1024w, https:\/\/arteeluoghi.it\/wp-content\/uploads\/2020\/11\/Formia-tomba-di-Tulliola-sul-colle-Acervara-foto-di-Fausto-Forcina-300x200.jpg 300w, https:\/\/arteeluoghi.it\/wp-content\/uploads\/2020\/11\/Formia-tomba-di-Tulliola-sul-colle-Acervara-foto-di-Fausto-Forcina-768x512.jpg 768w\" sizes=\"(max-width: 1024px) 100vw, 1024px\" \/><\/figure><\/li><li class=\"blocks-gallery-item\"><figure><img loading=\"lazy\" width=\"1024\" height=\"576\" src=\"https:\/\/arteeluoghi.it\/wp-content\/uploads\/2020\/11\/Formia-visione-dinsieme-dellarea-archeologica-del-mausoleo-di-Cicerone-foto-di-Fausto-Forcina-1024x576.jpg\" alt=\"\" data-id=\"9294\" data-link=\"https:\/\/arteeluoghi.it\/?attachment_id=9294\" class=\"wp-image-9294\" srcset=\"https:\/\/arteeluoghi.it\/wp-content\/uploads\/2020\/11\/Formia-visione-dinsieme-dellarea-archeologica-del-mausoleo-di-Cicerone-foto-di-Fausto-Forcina-1024x576.jpg 1024w, https:\/\/arteeluoghi.it\/wp-content\/uploads\/2020\/11\/Formia-visione-dinsieme-dellarea-archeologica-del-mausoleo-di-Cicerone-foto-di-Fausto-Forcina-300x169.jpg 300w, https:\/\/arteeluoghi.it\/wp-content\/uploads\/2020\/11\/Formia-visione-dinsieme-dellarea-archeologica-del-mausoleo-di-Cicerone-foto-di-Fausto-Forcina-768x432.jpg 768w\" sizes=\"(max-width: 1024px) 100vw, 1024px\" \/><\/figure><\/li><li class=\"blocks-gallery-item\"><figure><img loading=\"lazy\" width=\"1024\" height=\"683\" src=\"https:\/\/arteeluoghi.it\/wp-content\/uploads\/2020\/11\/Formia-visione-dinsieme-della-tomba-di-Tulliola-e-del-mausoleo-di-Cicerone-foto-di-Fausto-Forcina-1024x683.jpg\" alt=\"\" data-id=\"9296\" data-link=\"https:\/\/arteeluoghi.it\/?attachment_id=9296\" class=\"wp-image-9296\" srcset=\"https:\/\/arteeluoghi.it\/wp-content\/uploads\/2020\/11\/Formia-visione-dinsieme-della-tomba-di-Tulliola-e-del-mausoleo-di-Cicerone-foto-di-Fausto-Forcina-1024x683.jpg 1024w, https:\/\/arteeluoghi.it\/wp-content\/uploads\/2020\/11\/Formia-visione-dinsieme-della-tomba-di-Tulliola-e-del-mausoleo-di-Cicerone-foto-di-Fausto-Forcina-300x200.jpg 300w, https:\/\/arteeluoghi.it\/wp-content\/uploads\/2020\/11\/Formia-visione-dinsieme-della-tomba-di-Tulliola-e-del-mausoleo-di-Cicerone-foto-di-Fausto-Forcina-768x512.jpg 768w\" sizes=\"(max-width: 1024px) 100vw, 1024px\" \/><\/figure><\/li><\/ul><\/figure>\n\n\n\n<p><br>Per approfondire la storia di questo straordinario monumento, riportiamo gli studi realizzati da Raffaele Capolino ispettore onorario per i Beni archeologici di Formia postati sulla sua pagina facebook <a href=\"https:\/\/www.facebook.com\/formiaelasuastoria?locale=it_IT\" target=\"_blank\" rel=\"noreferrer noopener\">&#8220;Formia e la sua storia<\/a>&#8221; : \u00abIl mausoleo di Cicerone \u00e8 circondato da un muro in opus reticulatum di circa tre metri, reperto appartenente una delle tante imponenti ville romane che sorgevano lungo l\u2019antica via Appia e che potrebbe corrispondere addirittura al Formianum descritto spesso da Cicerone, termine con il quale il grande oratore indicava la sua residenza di Formia e di conseguenza grazie a questo aspetto si potrebbe avere una corretta collocazione della stessa villa ciceroniana. <br> Questo spazio che sembra quasi un quadrato, in realt\u00e0 ha il lato lungo l\u2019Appia che misura metri 80 e una profondit\u00e0 di 70 metri, con due porte laterali visibili ancora oggi ma che sfuggono all\u2019ammirazione del visitatore che resta affascinato dalla imponenza della Tomba che, inizialmente, doveva apparire con primo piano a forma quadrata e secondo piano in forma cilindrica. La porta lato ovest \u00e8 attualmente ben conservata ed emana una particolare bellezza \u201cellenica \u201d come appare in due foto postate. La porta lato est invece, pur completa negli elementi, non fu ricomposta negli anni \u201950 \u2013 \u201960 quando fu restaurato il sito globale. <br> La zona in cui il mausoleo di Cicerone sorge risponde al nome di Acervara, dal latino Acerba ara, in riferimento alla presenza dei resti un sepolcro, anch\u2019esso di epoca augustea, situato sulla collina di fronte al mausoleo di Cicerone ed identificato da Pasquale Mattej nel XIX secolo come la tomba di Tulliola, l\u2019amata figlioletta di Cicerone morta in tenera et\u00e0, da cui l\u2019appellativo identificativo Acerba. <br> Fu proprio Cicerone a volere un mausoleo dedicato all\u2019amata figlia, il cui progetto venne affidato all\u2019architetto Cluazio e ci\u00f2 lo sappiamo grazie all\u2019epistola 36 contenuta nel dodicesimo libro delle Epistulae, spedita da Cicerone ad Attico: <em>\u201cVoglio che si faccia un tempietto\u2026 Se lo costruissi all\u2019interno di una delle mie ville ho paura dei cambiamenti di propriet\u00e0. Mentre se lo dovessi costruire in un qualunque angolo della campagna, mi sembra di potergli garantire il religioso rispetto dei posteri. Se approvi l\u2019idea, il posto, il progetto, leggi per favore la legge e mandamela. Se ti venisse in mente qualche sistema per eluderla , lo adotteremo e se sarai d\u2019accordo a fare il Tempietto, come mi sto orientando adesso, vorrei che spronassi Cluatius e lo spingessi a muoversi.<br> Quand\u2019anche ci si dovesse decidere per un altro posto, penso di giovarmi comunque dei suoi servizi e dei suoi consigli tecnici.\u201d<\/em><br> Il mausoleo di Cicerone risulta alto complessivamente poco pi\u00f9 di 24 metri. \u00c8 composto da una base quadrata che misura 18 metri di lato sormontata da una torre cilindrica costruita ad anelli di pietra e verosimilmente ricoperta di lastre di marmo. La funzione di questa torre, con tutta probabilit\u00e0, era semplicemente quella di aumentare l\u2019imponenza e la visibilit\u00e0 del monumento, ma probabilmente mirava a sottolineare l\u2019importanza del personaggio pi\u00f9 che del monumento stesso.  All\u2019interno della grande base quadrata si trova un\u2019ampia cella funeraria circolare coperta da una volta anulare e circondata da sei nicchie perimetrali. Al centro della cella, inoltre, \u00e8 collocato un pilone in pietra. Secondo la tradizione, nel punto in cui sorge questo pilone vennero deposte le spoglie mortali del grande oratore arpinate Marco Tullio Cicerone, dopo la mozzatura della lingua e delle mani, simbolo dell\u2019eloquenza del filosofo. <br> La torre, invece, si compone di un\u2019alta volta che poggia su un pilastro, prolungamento del pilone sottostante e aveva la funzione di sostegno di tutta la struttura. L\u2019interno della torre \u00e8 in forma circolare e probabilmente conteneva statue ed altri arredi.<br> Il mausoleo di Cicerone, o meglio conosciuto come Tomba di Cicerone fino al 1938 fu un bene nella disponibilit\u00e0 di privati cittadini del territorio formiano, secondo alcune notizie riportate dall\u2019amico Raffaele Capolino, autorevole studioso di storia formiana.<br> Scrive a tal riguardo Raffaele Capolino \u201cLa storia dell\u2019acquisizione pubblica di questo straordinario sito, pur corredata da numerosi documenti, \u00e8 complessa e va raccontata in due parti per renderne agevole la lettura.<br> Tutto ebbe inizio nel lontano 1887 quando il Sindaco di Formia Pasquale Spina, dette incarico all\u2019ing. Erasmo Giannattasio di redigere una stima monetaria del sito comprensivo di tutta l\u2019area sepolcrale circostante, al fine di procedere all\u2019acquisto dal legittimo proprietario del fondo .<br> Si cerc\u00f2 in quel periodo di convincere alla vendita il Sig. Erasmo Scarpato fu Antonio, domiciliato a Formia \u201dproprietario del fondo Tomba di Cicerone posto nel territorio della Citt\u00e0 di Formia, Contrada Vendice \u201d .<br> La perizia dell\u2019ing. Erasmo Giannattasio valut\u00f2 l\u2019intero complesso in lire 5.840 che per\u00f2 non furono ritenute congrue dal proprietario formiano Erasmo Scarpato.<br> Nel fascicolo si parla in realt\u00e0 , in alcune parti, di una propriet\u00e0 appartenuta ai F.lli Erasmo e Giovanni Scarpato, entrambi cittadini di Formia. In altri documenti la propriet\u00e0 \u00e8 invece riferita solo ad Erasmo Scarpato.<br> Ci fu quindi un periodo di stallo della trattativa che riprese vita solo nel 1896 quando il Dott. Pasquale Occagna , legale di Erasmo Scarpato, con sua lettera del 12 luglio 1896 cerc\u00f2 di riaprire il discorso della cessione al Comune di Formia, sollecitando nel contempo un adeguato incremento alla primitiva offerta.<br> La lettera del legale Pasquale Occagna non ebbe per\u00f2 alcun seguito per diversi motivi .<br> Erano subentrati a Pasquale Spina altri sindaci che non si occuparono molto di questo problema anche per sopraggiunti motivi bellici , per cui si arriv\u00f2 al 1930 , quando il Podest\u00e0 Felice Tonetti, grazie alla sua amicizia con il Direttore del Museo Archeologico di Napoli Dott. Amedeo Maiuri , intraprese una serie di iniziative che portarono direttamente ad una procedura di esproprio dei terreni interessati che nel frattempo erano passati in mani diverse .<br> In particolare il Mausoleo era divenuto di propriet\u00e0 di Di Crasto Dott. Cosmo fu Salvatore di Gaeta, mentre l\u2019area funeraria circostante, suddivisa in varie particelle, apparteneva ad altri nominativi quasi tutti di Gaeta.<br> L\u2019intera propriet\u00e0 era utilizzata come orto, mentre l\u2019interno della struttura funeraria era adibito a ricovero giornaliero di animali usati come mezzi di trasporto e spostamento da Gaeta a Formia e viceversa.<br> Ma di questo parler\u00f2 nella seconda parte ricca di ulteriore documentazione sempre conservata nell\u2019Archivio Storico di Formia.<br> Ci\u00f2 che determin\u00f2 una svolta importante e decisiva alle azioni di esproprio dei terreni interessati dalla Tomba di Cicerone, fu un articolo sul Giornale d\u2019Italia del 30\/8\/1934 Anno XII.<br> In questo articolo ci fu la notizia clamorosa per tutto il mondo che laddove c\u2019era il sepolcro di Cicerone, vi era di giorno abitualmente un asino !!!!<br> Il giorno dopo, il 31\/8\/1934, Amedeo Maiuri comunic\u00f2 all\u2019amico Tonetti che sarebbe immediatamente partita l\u2019azione di esproprio di tutti i terreni interessati e concluse scherzosamente riferendosi a Felice Tonetti, Podest\u00e0 di Formia:\u201d Tu nel frattempo preoccupati\u2026 del raglio dell\u2019asino\u201d. <br> Dobbiamo dunque essere grati all\u2019azione intraprendente di Amedeo Maiuri se oggi ancora riusciamo ad emozionarci di fronte alla magnificenza del mausoleo di Cicerone, detto Tomba di Cicerone, un monumento che insieme alle grandi ville romane costiere e alla monumentale fontana tardorepubblicana situata nella localit\u00e0 formiana di San Remigio, contribuisce a mostrare ai nostri occhi la grandezza e la meraviglia dei fasti dell\u2019antica Roma.<\/p>\n\n\n\n<p><em>Dott. Marco Tedesco, storico dell\u2019arte RAM Rinascita Artistica del Mezzogiorno<br> Il presente lavoro \u00e8 stato svolto in collaborazione con RTA Sinus Formianus, nella persona del presidente Vito Auriemma per le preziose indicazioni fornite e in collaborazione con Fausto Forcina per la parte fotografica. A loro va un particolare ringraziamento.<br> Questo lavoro si inserisce nel progetto #contagioartecultura del Coordinamento Nazionale Patrimonio Culturale<\/em><\/p>\n","protected":false},"excerpt":{"rendered":"<p>Breve viaggio all\u2019interno di uno dei simboli del territorio Formiano legato al grande oratore di Arpino Marco Tedesco * Da<\/p>\n","protected":false},"author":1,"featured_media":9288,"comment_status":"open","ping_status":"open","sticky":true,"template":"","format":"standard","meta":[],"categories":[609,18,27],"tags":[2941,2944,2660,2661,2942,2943],"yoast_head":"<!-- This site is optimized with the Yoast SEO plugin v18.0 - https:\/\/yoast.com\/wordpress\/plugins\/seo\/ -->\n<title>Il mausoleo di Cicerone Archeologia | Arte e Luoghi<\/title>\n<meta name=\"description\" content=\"Breve viaggio all\u2019interno di uno dei simboli del territorio Formiano legato al grande oratore di Arpino: il mausoleo di Cicerone\" \/>\n<meta name=\"robots\" content=\"index, follow, max-snippet:-1, max-image-preview:large, max-video-preview:-1\" \/>\n<link rel=\"canonical\" href=\"https:\/\/arteeluoghi.it\/index.php\/2020\/11\/16\/il-mausoleo-di-cicerone-a-formia\/\" \/>\n<meta property=\"og:locale\" content=\"it_IT\" \/>\n<meta property=\"og:type\" content=\"article\" \/>\n<meta property=\"og:title\" content=\"Il mausoleo di Cicerone Archeologia | Arte e Luoghi\" \/>\n<meta property=\"og:description\" content=\"Breve viaggio all\u2019interno di uno dei simboli del territorio Formiano legato al grande oratore di Arpino: il mausoleo di Cicerone\" \/>\n<meta property=\"og:url\" content=\"https:\/\/arteeluoghi.it\/index.php\/2020\/11\/16\/il-mausoleo-di-cicerone-a-formia\/\" \/>\n<meta property=\"og:site_name\" content=\"Arte e Luoghi\" \/>\n<meta property=\"article:publisher\" content=\"https:\/\/www.facebook.com\/ArteELuoghi\/\" \/>\n<meta property=\"article:published_time\" content=\"2020-11-16T18:42:15+00:00\" \/>\n<meta property=\"article:modified_time\" content=\"2024-03-20T15:49:02+00:00\" \/>\n<meta property=\"og:image\" content=\"https:\/\/arteeluoghi.it\/wp-content\/uploads\/2020\/11\/Formia-area-archeologica-del-mausoleo-di-Cicerone-particolare-dellentrata-nella-cella-funeraria-della-tomba-foto-di-Fausto-Forcina-1024x768.jpg\" \/>\n\t<meta property=\"og:image:width\" content=\"1024\" \/>\n\t<meta property=\"og:image:height\" content=\"768\" \/>\n\t<meta property=\"og:image:type\" content=\"image\/jpeg\" \/>\n<meta name=\"twitter:card\" content=\"summary\" \/>\n<meta name=\"twitter:creator\" content=\"@arteeluoghi\" \/>\n<meta name=\"twitter:site\" content=\"@arteeluoghi\" \/>\n<meta name=\"twitter:label1\" content=\"Scritto da\" \/>\n\t<meta name=\"twitter:data1\" content=\"Staff\" \/>\n\t<meta name=\"twitter:label2\" content=\"Tempo di lettura stimato\" \/>\n\t<meta name=\"twitter:data2\" content=\"10 minuti\" \/>\n<script type=\"application\/ld+json\" class=\"yoast-schema-graph\">{\"@context\":\"https:\/\/schema.org\",\"@graph\":[{\"@type\":\"Organization\",\"@id\":\"https:\/\/arteeluoghi.it\/#organization\",\"name\":\"Arte e Luoghi\",\"url\":\"https:\/\/arteeluoghi.it\/\",\"sameAs\":[\"https:\/\/www.facebook.com\/ArteELuoghi\/\",\"https:\/\/www.instagram.com\/arteeluoghi\/?hl=it\",\"https:\/\/www.youtube.com\/channel\/UCuRVc4JW4-C5sg9rQB-srkw?view_as=subscriber\",\"https:\/\/twitter.com\/arteeluoghi\"],\"logo\":{\"@type\":\"ImageObject\",\"@id\":\"https:\/\/arteeluoghi.it\/#logo\",\"inLanguage\":\"it-IT\",\"url\":\"https:\/\/arteeluoghi.it\/wp-content\/uploads\/2018\/08\/logoinstagramarte.jpg\",\"contentUrl\":\"https:\/\/arteeluoghi.it\/wp-content\/uploads\/2018\/08\/logoinstagramarte.jpg\",\"width\":150,\"height\":150,\"caption\":\"Arte e Luoghi\"},\"image\":{\"@id\":\"https:\/\/arteeluoghi.it\/#logo\"}},{\"@type\":\"WebSite\",\"@id\":\"https:\/\/arteeluoghi.it\/#website\",\"url\":\"https:\/\/arteeluoghi.it\/\",\"name\":\"Arte e Luoghi\",\"description\":\"Mensile di arte, cultura, turismo e curiosit\u00e0\",\"publisher\":{\"@id\":\"https:\/\/arteeluoghi.it\/#organization\"},\"potentialAction\":[{\"@type\":\"SearchAction\",\"target\":{\"@type\":\"EntryPoint\",\"urlTemplate\":\"https:\/\/arteeluoghi.it\/?s={search_term_string}\"},\"query-input\":\"required name=search_term_string\"}],\"inLanguage\":\"it-IT\"},{\"@type\":\"ImageObject\",\"@id\":\"https:\/\/arteeluoghi.it\/index.php\/2020\/11\/16\/il-mausoleo-di-cicerone-a-formia\/#primaryimage\",\"inLanguage\":\"it-IT\",\"url\":\"https:\/\/arteeluoghi.it\/wp-content\/uploads\/2020\/11\/Formia-area-archeologica-del-mausoleo-di-Cicerone-particolare-dellentrata-nella-cella-funeraria-della-tomba-foto-di-Fausto-Forcina.jpg\",\"contentUrl\":\"https:\/\/arteeluoghi.it\/wp-content\/uploads\/2020\/11\/Formia-area-archeologica-del-mausoleo-di-Cicerone-particolare-dellentrata-nella-cella-funeraria-della-tomba-foto-di-Fausto-Forcina.jpg\",\"width\":5425,\"height\":4069},{\"@type\":\"WebPage\",\"@id\":\"https:\/\/arteeluoghi.it\/index.php\/2020\/11\/16\/il-mausoleo-di-cicerone-a-formia\/#webpage\",\"url\":\"https:\/\/arteeluoghi.it\/index.php\/2020\/11\/16\/il-mausoleo-di-cicerone-a-formia\/\",\"name\":\"Il mausoleo di Cicerone Archeologia | Arte e Luoghi\",\"isPartOf\":{\"@id\":\"https:\/\/arteeluoghi.it\/#website\"},\"primaryImageOfPage\":{\"@id\":\"https:\/\/arteeluoghi.it\/index.php\/2020\/11\/16\/il-mausoleo-di-cicerone-a-formia\/#primaryimage\"},\"datePublished\":\"2020-11-16T18:42:15+00:00\",\"dateModified\":\"2024-03-20T15:49:02+00:00\",\"description\":\"Breve viaggio all\u2019interno di uno dei simboli del territorio Formiano legato al grande oratore di Arpino: il mausoleo di Cicerone\",\"breadcrumb\":{\"@id\":\"https:\/\/arteeluoghi.it\/index.php\/2020\/11\/16\/il-mausoleo-di-cicerone-a-formia\/#breadcrumb\"},\"inLanguage\":\"it-IT\",\"potentialAction\":[{\"@type\":\"ReadAction\",\"target\":[\"https:\/\/arteeluoghi.it\/index.php\/2020\/11\/16\/il-mausoleo-di-cicerone-a-formia\/\"]}]},{\"@type\":\"BreadcrumbList\",\"@id\":\"https:\/\/arteeluoghi.it\/index.php\/2020\/11\/16\/il-mausoleo-di-cicerone-a-formia\/#breadcrumb\",\"itemListElement\":[{\"@type\":\"ListItem\",\"position\":1,\"name\":\"Home\",\"item\":\"https:\/\/arteeluoghi.it\/\"},{\"@type\":\"ListItem\",\"position\":2,\"name\":\"Il mausoleo di Cicerone a Formia\"}]},{\"@type\":\"Article\",\"@id\":\"https:\/\/arteeluoghi.it\/index.php\/2020\/11\/16\/il-mausoleo-di-cicerone-a-formia\/#article\",\"isPartOf\":{\"@id\":\"https:\/\/arteeluoghi.it\/index.php\/2020\/11\/16\/il-mausoleo-di-cicerone-a-formia\/#webpage\"},\"author\":{\"@id\":\"https:\/\/arteeluoghi.it\/#\/schema\/person\/f84e814e36e91e01448ee07eaadd41d4\"},\"headline\":\"Il mausoleo di Cicerone a Formia\",\"datePublished\":\"2020-11-16T18:42:15+00:00\",\"dateModified\":\"2024-03-20T15:49:02+00:00\",\"mainEntityOfPage\":{\"@id\":\"https:\/\/arteeluoghi.it\/index.php\/2020\/11\/16\/il-mausoleo-di-cicerone-a-formia\/#webpage\"},\"wordCount\":1545,\"commentCount\":0,\"publisher\":{\"@id\":\"https:\/\/arteeluoghi.it\/#organization\"},\"image\":{\"@id\":\"https:\/\/arteeluoghi.it\/index.php\/2020\/11\/16\/il-mausoleo-di-cicerone-a-formia\/#primaryimage\"},\"thumbnailUrl\":\"https:\/\/arteeluoghi.it\/wp-content\/uploads\/2020\/11\/Formia-area-archeologica-del-mausoleo-di-Cicerone-particolare-dellentrata-nella-cella-funeraria-della-tomba-foto-di-Fausto-Forcina.jpg\",\"keywords\":[\"Cicerone\",\"Fausto Forcina\",\"Formia\",\"Marco Tedesco\",\"Mausole\",\"Vito Auriemma\"],\"articleSection\":[\"archeologia\",\"architettura\",\"Arte\"],\"inLanguage\":\"it-IT\",\"potentialAction\":[{\"@type\":\"CommentAction\",\"name\":\"Comment\",\"target\":[\"https:\/\/arteeluoghi.it\/index.php\/2020\/11\/16\/il-mausoleo-di-cicerone-a-formia\/#respond\"]}]},{\"@type\":\"Person\",\"@id\":\"https:\/\/arteeluoghi.it\/#\/schema\/person\/f84e814e36e91e01448ee07eaadd41d4\",\"name\":\"Staff\",\"image\":{\"@type\":\"ImageObject\",\"@id\":\"https:\/\/arteeluoghi.it\/#personlogo\",\"inLanguage\":\"it-IT\",\"url\":\"https:\/\/secure.gravatar.com\/avatar\/49d2f9e46271bb04e19cebfaf141313a?s=96&d=blank&r=g\",\"contentUrl\":\"https:\/\/secure.gravatar.com\/avatar\/49d2f9e46271bb04e19cebfaf141313a?s=96&d=blank&r=g\",\"caption\":\"Staff\"}}]}<\/script>\n<!-- \/ Yoast SEO plugin. -->","yoast_head_json":{"title":"Il mausoleo di Cicerone Archeologia | Arte e Luoghi","description":"Breve viaggio all\u2019interno di uno dei simboli del territorio Formiano legato al grande oratore di Arpino: il mausoleo di Cicerone","robots":{"index":"index","follow":"follow","max-snippet":"max-snippet:-1","max-image-preview":"max-image-preview:large","max-video-preview":"max-video-preview:-1"},"canonical":"https:\/\/arteeluoghi.it\/index.php\/2020\/11\/16\/il-mausoleo-di-cicerone-a-formia\/","og_locale":"it_IT","og_type":"article","og_title":"Il mausoleo di Cicerone Archeologia | Arte e Luoghi","og_description":"Breve viaggio all\u2019interno di uno dei simboli del territorio Formiano legato al grande oratore di Arpino: il mausoleo di Cicerone","og_url":"https:\/\/arteeluoghi.it\/index.php\/2020\/11\/16\/il-mausoleo-di-cicerone-a-formia\/","og_site_name":"Arte e Luoghi","article_publisher":"https:\/\/www.facebook.com\/ArteELuoghi\/","article_published_time":"2020-11-16T18:42:15+00:00","article_modified_time":"2024-03-20T15:49:02+00:00","og_image":[{"width":1024,"height":768,"url":"https:\/\/arteeluoghi.it\/wp-content\/uploads\/2020\/11\/Formia-area-archeologica-del-mausoleo-di-Cicerone-particolare-dellentrata-nella-cella-funeraria-della-tomba-foto-di-Fausto-Forcina-1024x768.jpg","type":"image\/jpeg"}],"twitter_card":"summary","twitter_creator":"@arteeluoghi","twitter_site":"@arteeluoghi","twitter_misc":{"Scritto da":"Staff","Tempo di lettura stimato":"10 minuti"},"schema":{"@context":"https:\/\/schema.org","@graph":[{"@type":"Organization","@id":"https:\/\/arteeluoghi.it\/#organization","name":"Arte e Luoghi","url":"https:\/\/arteeluoghi.it\/","sameAs":["https:\/\/www.facebook.com\/ArteELuoghi\/","https:\/\/www.instagram.com\/arteeluoghi\/?hl=it","https:\/\/www.youtube.com\/channel\/UCuRVc4JW4-C5sg9rQB-srkw?view_as=subscriber","https:\/\/twitter.com\/arteeluoghi"],"logo":{"@type":"ImageObject","@id":"https:\/\/arteeluoghi.it\/#logo","inLanguage":"it-IT","url":"https:\/\/arteeluoghi.it\/wp-content\/uploads\/2018\/08\/logoinstagramarte.jpg","contentUrl":"https:\/\/arteeluoghi.it\/wp-content\/uploads\/2018\/08\/logoinstagramarte.jpg","width":150,"height":150,"caption":"Arte e Luoghi"},"image":{"@id":"https:\/\/arteeluoghi.it\/#logo"}},{"@type":"WebSite","@id":"https:\/\/arteeluoghi.it\/#website","url":"https:\/\/arteeluoghi.it\/","name":"Arte e Luoghi","description":"Mensile di arte, cultura, turismo e curiosit\u00e0","publisher":{"@id":"https:\/\/arteeluoghi.it\/#organization"},"potentialAction":[{"@type":"SearchAction","target":{"@type":"EntryPoint","urlTemplate":"https:\/\/arteeluoghi.it\/?s={search_term_string}"},"query-input":"required name=search_term_string"}],"inLanguage":"it-IT"},{"@type":"ImageObject","@id":"https:\/\/arteeluoghi.it\/index.php\/2020\/11\/16\/il-mausoleo-di-cicerone-a-formia\/#primaryimage","inLanguage":"it-IT","url":"https:\/\/arteeluoghi.it\/wp-content\/uploads\/2020\/11\/Formia-area-archeologica-del-mausoleo-di-Cicerone-particolare-dellentrata-nella-cella-funeraria-della-tomba-foto-di-Fausto-Forcina.jpg","contentUrl":"https:\/\/arteeluoghi.it\/wp-content\/uploads\/2020\/11\/Formia-area-archeologica-del-mausoleo-di-Cicerone-particolare-dellentrata-nella-cella-funeraria-della-tomba-foto-di-Fausto-Forcina.jpg","width":5425,"height":4069},{"@type":"WebPage","@id":"https:\/\/arteeluoghi.it\/index.php\/2020\/11\/16\/il-mausoleo-di-cicerone-a-formia\/#webpage","url":"https:\/\/arteeluoghi.it\/index.php\/2020\/11\/16\/il-mausoleo-di-cicerone-a-formia\/","name":"Il mausoleo di Cicerone Archeologia | Arte e Luoghi","isPartOf":{"@id":"https:\/\/arteeluoghi.it\/#website"},"primaryImageOfPage":{"@id":"https:\/\/arteeluoghi.it\/index.php\/2020\/11\/16\/il-mausoleo-di-cicerone-a-formia\/#primaryimage"},"datePublished":"2020-11-16T18:42:15+00:00","dateModified":"2024-03-20T15:49:02+00:00","description":"Breve viaggio all\u2019interno di uno dei simboli del territorio Formiano legato al grande oratore di Arpino: il mausoleo di Cicerone","breadcrumb":{"@id":"https:\/\/arteeluoghi.it\/index.php\/2020\/11\/16\/il-mausoleo-di-cicerone-a-formia\/#breadcrumb"},"inLanguage":"it-IT","potentialAction":[{"@type":"ReadAction","target":["https:\/\/arteeluoghi.it\/index.php\/2020\/11\/16\/il-mausoleo-di-cicerone-a-formia\/"]}]},{"@type":"BreadcrumbList","@id":"https:\/\/arteeluoghi.it\/index.php\/2020\/11\/16\/il-mausoleo-di-cicerone-a-formia\/#breadcrumb","itemListElement":[{"@type":"ListItem","position":1,"name":"Home","item":"https:\/\/arteeluoghi.it\/"},{"@type":"ListItem","position":2,"name":"Il mausoleo di Cicerone a Formia"}]},{"@type":"Article","@id":"https:\/\/arteeluoghi.it\/index.php\/2020\/11\/16\/il-mausoleo-di-cicerone-a-formia\/#article","isPartOf":{"@id":"https:\/\/arteeluoghi.it\/index.php\/2020\/11\/16\/il-mausoleo-di-cicerone-a-formia\/#webpage"},"author":{"@id":"https:\/\/arteeluoghi.it\/#\/schema\/person\/f84e814e36e91e01448ee07eaadd41d4"},"headline":"Il mausoleo di Cicerone a Formia","datePublished":"2020-11-16T18:42:15+00:00","dateModified":"2024-03-20T15:49:02+00:00","mainEntityOfPage":{"@id":"https:\/\/arteeluoghi.it\/index.php\/2020\/11\/16\/il-mausoleo-di-cicerone-a-formia\/#webpage"},"wordCount":1545,"commentCount":0,"publisher":{"@id":"https:\/\/arteeluoghi.it\/#organization"},"image":{"@id":"https:\/\/arteeluoghi.it\/index.php\/2020\/11\/16\/il-mausoleo-di-cicerone-a-formia\/#primaryimage"},"thumbnailUrl":"https:\/\/arteeluoghi.it\/wp-content\/uploads\/2020\/11\/Formia-area-archeologica-del-mausoleo-di-Cicerone-particolare-dellentrata-nella-cella-funeraria-della-tomba-foto-di-Fausto-Forcina.jpg","keywords":["Cicerone","Fausto Forcina","Formia","Marco Tedesco","Mausole","Vito Auriemma"],"articleSection":["archeologia","architettura","Arte"],"inLanguage":"it-IT","potentialAction":[{"@type":"CommentAction","name":"Comment","target":["https:\/\/arteeluoghi.it\/index.php\/2020\/11\/16\/il-mausoleo-di-cicerone-a-formia\/#respond"]}]},{"@type":"Person","@id":"https:\/\/arteeluoghi.it\/#\/schema\/person\/f84e814e36e91e01448ee07eaadd41d4","name":"Staff","image":{"@type":"ImageObject","@id":"https:\/\/arteeluoghi.it\/#personlogo","inLanguage":"it-IT","url":"https:\/\/secure.gravatar.com\/avatar\/49d2f9e46271bb04e19cebfaf141313a?s=96&d=blank&r=g","contentUrl":"https:\/\/secure.gravatar.com\/avatar\/49d2f9e46271bb04e19cebfaf141313a?s=96&d=blank&r=g","caption":"Staff"}}]}},"_links":{"self":[{"href":"https:\/\/arteeluoghi.it\/index.php\/wp-json\/wp\/v2\/posts\/9284"}],"collection":[{"href":"https:\/\/arteeluoghi.it\/index.php\/wp-json\/wp\/v2\/posts"}],"about":[{"href":"https:\/\/arteeluoghi.it\/index.php\/wp-json\/wp\/v2\/types\/post"}],"author":[{"embeddable":true,"href":"https:\/\/arteeluoghi.it\/index.php\/wp-json\/wp\/v2\/users\/1"}],"replies":[{"embeddable":true,"href":"https:\/\/arteeluoghi.it\/index.php\/wp-json\/wp\/v2\/comments?post=9284"}],"version-history":[{"count":4,"href":"https:\/\/arteeluoghi.it\/index.php\/wp-json\/wp\/v2\/posts\/9284\/revisions"}],"predecessor-version":[{"id":14261,"href":"https:\/\/arteeluoghi.it\/index.php\/wp-json\/wp\/v2\/posts\/9284\/revisions\/14261"}],"wp:featuredmedia":[{"embeddable":true,"href":"https:\/\/arteeluoghi.it\/index.php\/wp-json\/wp\/v2\/media\/9288"}],"wp:attachment":[{"href":"https:\/\/arteeluoghi.it\/index.php\/wp-json\/wp\/v2\/media?parent=9284"}],"wp:term":[{"taxonomy":"category","embeddable":true,"href":"https:\/\/arteeluoghi.it\/index.php\/wp-json\/wp\/v2\/categories?post=9284"},{"taxonomy":"post_tag","embeddable":true,"href":"https:\/\/arteeluoghi.it\/index.php\/wp-json\/wp\/v2\/tags?post=9284"}],"curies":[{"name":"wp","href":"https:\/\/api.w.org\/{rel}","templated":true}]}}