{"id":9299,"date":"2020-11-16T22:03:23","date_gmt":"2020-11-16T21:03:23","guid":{"rendered":"https:\/\/arteeluoghi.it\/?p=9299"},"modified":"2020-11-21T22:11:30","modified_gmt":"2020-11-21T21:11:30","slug":"il-grande-sogno","status":"publish","type":"post","link":"https:\/\/arteeluoghi.it\/index.php\/2020\/11\/16\/il-grande-sogno\/","title":{"rendered":"Il grande sogno"},"content":{"rendered":"\n<blockquote class=\"wp-block-quote\"><p>Le riflessioni dello psicologo psicoterapeuta  <\/p><cite>Giovanni Bruno<\/cite><\/blockquote>\n\n\n\n<p>Perch\u00e9 sogniamo? Nessuno mai ha dato una risposta certa, univoca e definitiva.  Tantissimi gli studi, le ricerche, le ipotesi, le teorie sull\u2019argomento, ma una soluzione semplice a un enigma che ha percorso l\u2019umanit\u00e0 non c\u2019\u00e8 e forse mai ci sar\u00e0. Gli ambiti di approfondimento sono neurofisiologici, psicologici, psicoanalitici. I primi evidenziano la fondamentale importanza del tronco encefalico nel controllo dei meccanismi del sonno e del sogno. <\/p>\n\n\n\n<!--more-->\n\n\n\n<p>La Psicologia tradizionalmente ha studiato l\u2019attivit\u00e0 mentale che si svolge durante il sonno, attivit\u00e0 legata a immagini, emozioni ,sollecitazioni sempre intrise delle leggi dell\u2019affettivit\u00e0. E poi Sigmund Freud che con la sua grande intuizione introduce con la psicoanalisi l\u2019interpretazione dei sogni. Il sogno assume cos\u00ec un significato nuovo mai sondato prima: il  sogno come risultato \u201cdi una complessa attivit\u00e0 mentale\u201d.<br> Come coniugare i tre rami di ricerca? Compito estremamente difficile e forse troppo ambizioso. Eppure abbiamo bisogno di essenzialit\u00e0 e di prendere lezioni invece di darle , procedendo per tentativi ed errore .<br> Il dato di partenza \u00e8 semplice: la nostra psiche si nutre di emozioni. Esse vengono elaborate dai centri sottocorticali dell\u2019encefalo e in particolare dall\u2019amigdala, provocando una reazione somatica con un corteo di modificazioni che possono essere di vario tipo: aumento delle pulsazioni cardiache, sudorazione, alterazione della tensione muscolare, ecc. Semplicemente \u00e8 la pressione della vita che produce una profonda<br> impressione su di noi. In questa prima fase sembra che la biologia tenga la barra di tutto. Ma non \u00e8 cos\u00ec .<br> Atman \u00e8 un termine sanscrito di genere maschile e significa soffio vitale, respiro, vento, aria che si muove.<br> Viene anche indicato come \u201cla coscienza di s\u00e9\u201d o meglio come il proprio S\u00e8. In definitiva l\u2019essenza ultima di ogni individuo. E ogni  individuo conserva il tessuto intimo della propria memoria che dar\u00e0 voce agli stati mentali di ognuno. <br> L\u2019 Uomo come Universo.<br> L\u2019Universo tutto come Uomo. <br> \u00e8 la condizione umana il nostro soffio vitale che poi trasferiamo nel sogno. Dove non ci sono regole, freni inibitori, regna piuttosto la dismisura, la follia e il mistero. Dovremmo forse ripartire dai nostri sogni, potrebbero indicarci le nostre paure , i nostri desideri, le nostre consapevolezze non ancora arrivate alla coscienza. Ma tutto questo senza sforzi interpretativi ma considerando il sogno come un racconto, una narrazione, dove   pu\u00f2 esserci una storia, una densit\u00e0 di strati.  Sogno come sorgente di vita e chiave di accesso alla propria psiche.<br> Jacques Derrida ci dice che bisogna rispettare il sogno, cosicch\u00e8 risvegliandosi \u00e8 necessario restare fedeli alla lucidit\u00e0 del sogno, avendo cura di ci\u00f2 che il sogno ci d\u00e0 da pensare .<br> Nei sogni c\u2019\u00e8 dunque il tatuaggio della nostra identit\u00e0 ma anche del nostro       carattere inteso come fisionomia originale della propria individualit\u00e0 psichica che non vuole l\u2019omologazione, il senso del limite il confine, la giusta misura cos\u00ec presenti nella vita reale.<br> Si sogna dunque ma contemporaneamente si dorme. Il sonno grande alleato dell\u2019uomo definito come lo stato di riposo in contrapposizione alla veglia. Ma il sonno \u00e8 molto di pi\u00f9 del semplice riposo, \u00e8 piuttosto un cantiere di dati che vengono selezionati,      complessi cambiamenti a livello cerebrale si susseguono incessanti. <br> C\u2019\u00e8 un aspetto costruttivo e operativo del sonno su cui forse vale la pena porre l\u2019accento. Le tracce mnestiche rilasciate dall\u2019esperienza diurna sarebbero integrate e collegate tra loro proprio nella fase REM (una delle fasi del sonno). Il sonno avrebbe un ruolo nella capacit\u00e0 adattiva dell\u2019individuo nonch\u00e9 una funzione di programmazione della memoria procedurale. <br> Vediamo allora che tutto \u00e8  interconnesso, tutto \u00e8 in relazione: da un lato la capacit\u00e0 immaginativa, visionaria e liberatoria del sogno e dall\u2019altro col sonno la strutturazione di una veglia adeguata al proprio stato. <br> La misura e la dismisura in una sola notte.<br> La citazione poetica iniziale ci restituisce dunque il massimo di energia che ognuno di    noi profonde nel sogno, energia che \u00e8 forza generativa, che \u00e8 bellezza del vivere.<\/p>\n","protected":false},"excerpt":{"rendered":"<p>Le riflessioni dello psicologo psicoterapeuta Giovanni Bruno Perch\u00e9 sogniamo? Nessuno mai ha dato una risposta certa, univoca e definitiva. Tantissimi<\/p>\n","protected":false},"author":1,"featured_media":9300,"comment_status":"open","ping_status":"open","sticky":true,"template":"","format":"standard","meta":[],"categories":[52],"tags":[2947,2036,2822,2945,2946,2948,2590],"yoast_head":"<!-- This site is optimized with the Yoast SEO plugin v18.0 - https:\/\/yoast.com\/wordpress\/plugins\/seo\/ -->\n<title>Il grande sogno | Arte e Luoghi<\/title>\n<meta name=\"description\" content=\"Le riflessioni dello psicologo. La capacit\u00e0 immaginativa, visionaria e liberatoria del sogno e il sonno il sonno pi\u00f9 del semplice riposo \u00e8 un cantiere di dati selezionati\" \/>\n<meta name=\"robots\" content=\"index, follow, max-snippet:-1, max-image-preview:large, max-video-preview:-1\" \/>\n<link rel=\"canonical\" href=\"https:\/\/arteeluoghi.it\/index.php\/2020\/11\/16\/il-grande-sogno\/\" \/>\n<meta property=\"og:locale\" content=\"it_IT\" \/>\n<meta property=\"og:type\" content=\"article\" \/>\n<meta property=\"og:title\" content=\"Il grande sogno | Arte e Luoghi\" \/>\n<meta property=\"og:description\" content=\"Le riflessioni dello psicologo. La capacit\u00e0 immaginativa, visionaria e liberatoria del sogno e il sonno il sonno pi\u00f9 del semplice riposo \u00e8 un cantiere di dati selezionati\" \/>\n<meta property=\"og:url\" content=\"https:\/\/arteeluoghi.it\/index.php\/2020\/11\/16\/il-grande-sogno\/\" \/>\n<meta property=\"og:site_name\" content=\"Arte e Luoghi\" \/>\n<meta property=\"article:publisher\" content=\"https:\/\/www.facebook.com\/ArteELuoghi\/\" \/>\n<meta property=\"article:published_time\" content=\"2020-11-16T21:03:23+00:00\" \/>\n<meta property=\"article:modified_time\" content=\"2020-11-21T21:11:30+00:00\" \/>\n<meta property=\"og:image\" content=\"https:\/\/arteeluoghi.it\/wp-content\/uploads\/2020\/11\/fairy-tale-1180921_1920.png\" \/>\n\t<meta property=\"og:image:width\" content=\"1920\" \/>\n\t<meta property=\"og:image:height\" content=\"1224\" \/>\n\t<meta property=\"og:image:type\" content=\"image\/png\" \/>\n<meta name=\"twitter:card\" content=\"summary\" \/>\n<meta name=\"twitter:creator\" content=\"@arteeluoghi\" \/>\n<meta name=\"twitter:site\" content=\"@arteeluoghi\" \/>\n<meta name=\"twitter:label1\" content=\"Scritto da\" \/>\n\t<meta name=\"twitter:data1\" content=\"Staff\" \/>\n\t<meta name=\"twitter:label2\" content=\"Tempo di lettura stimato\" \/>\n\t<meta name=\"twitter:data2\" content=\"3 minuti\" \/>\n<script type=\"application\/ld+json\" class=\"yoast-schema-graph\">{\"@context\":\"https:\/\/schema.org\",\"@graph\":[{\"@type\":\"Organization\",\"@id\":\"https:\/\/arteeluoghi.it\/#organization\",\"name\":\"Arte e Luoghi\",\"url\":\"https:\/\/arteeluoghi.it\/\",\"sameAs\":[\"https:\/\/www.facebook.com\/ArteELuoghi\/\",\"https:\/\/www.instagram.com\/arteeluoghi\/?hl=it\",\"https:\/\/www.youtube.com\/channel\/UCuRVc4JW4-C5sg9rQB-srkw?view_as=subscriber\",\"https:\/\/twitter.com\/arteeluoghi\"],\"logo\":{\"@type\":\"ImageObject\",\"@id\":\"https:\/\/arteeluoghi.it\/#logo\",\"inLanguage\":\"it-IT\",\"url\":\"https:\/\/arteeluoghi.it\/wp-content\/uploads\/2018\/08\/logoinstagramarte.jpg\",\"contentUrl\":\"https:\/\/arteeluoghi.it\/wp-content\/uploads\/2018\/08\/logoinstagramarte.jpg\",\"width\":150,\"height\":150,\"caption\":\"Arte e Luoghi\"},\"image\":{\"@id\":\"https:\/\/arteeluoghi.it\/#logo\"}},{\"@type\":\"WebSite\",\"@id\":\"https:\/\/arteeluoghi.it\/#website\",\"url\":\"https:\/\/arteeluoghi.it\/\",\"name\":\"Arte e Luoghi\",\"description\":\"Mensile di arte, cultura, turismo e curiosit\u00e0\",\"publisher\":{\"@id\":\"https:\/\/arteeluoghi.it\/#organization\"},\"potentialAction\":[{\"@type\":\"SearchAction\",\"target\":{\"@type\":\"EntryPoint\",\"urlTemplate\":\"https:\/\/arteeluoghi.it\/?s={search_term_string}\"},\"query-input\":\"required name=search_term_string\"}],\"inLanguage\":\"it-IT\"},{\"@type\":\"ImageObject\",\"@id\":\"https:\/\/arteeluoghi.it\/index.php\/2020\/11\/16\/il-grande-sogno\/#primaryimage\",\"inLanguage\":\"it-IT\",\"url\":\"https:\/\/arteeluoghi.it\/wp-content\/uploads\/2020\/11\/fairy-tale-1180921_1920.png\",\"contentUrl\":\"https:\/\/arteeluoghi.it\/wp-content\/uploads\/2020\/11\/fairy-tale-1180921_1920.png\",\"width\":1920,\"height\":1224},{\"@type\":\"WebPage\",\"@id\":\"https:\/\/arteeluoghi.it\/index.php\/2020\/11\/16\/il-grande-sogno\/#webpage\",\"url\":\"https:\/\/arteeluoghi.it\/index.php\/2020\/11\/16\/il-grande-sogno\/\",\"name\":\"Il grande sogno | Arte e Luoghi\",\"isPartOf\":{\"@id\":\"https:\/\/arteeluoghi.it\/#website\"},\"primaryImageOfPage\":{\"@id\":\"https:\/\/arteeluoghi.it\/index.php\/2020\/11\/16\/il-grande-sogno\/#primaryimage\"},\"datePublished\":\"2020-11-16T21:03:23+00:00\",\"dateModified\":\"2020-11-21T21:11:30+00:00\",\"description\":\"Le riflessioni dello psicologo. La capacit\u00e0 immaginativa, visionaria e liberatoria del sogno e il sonno il sonno pi\u00f9 del semplice riposo \u00e8 un cantiere di dati selezionati\",\"breadcrumb\":{\"@id\":\"https:\/\/arteeluoghi.it\/index.php\/2020\/11\/16\/il-grande-sogno\/#breadcrumb\"},\"inLanguage\":\"it-IT\",\"potentialAction\":[{\"@type\":\"ReadAction\",\"target\":[\"https:\/\/arteeluoghi.it\/index.php\/2020\/11\/16\/il-grande-sogno\/\"]}]},{\"@type\":\"BreadcrumbList\",\"@id\":\"https:\/\/arteeluoghi.it\/index.php\/2020\/11\/16\/il-grande-sogno\/#breadcrumb\",\"itemListElement\":[{\"@type\":\"ListItem\",\"position\":1,\"name\":\"Home\",\"item\":\"https:\/\/arteeluoghi.it\/\"},{\"@type\":\"ListItem\",\"position\":2,\"name\":\"Il grande sogno\"}]},{\"@type\":\"Article\",\"@id\":\"https:\/\/arteeluoghi.it\/index.php\/2020\/11\/16\/il-grande-sogno\/#article\",\"isPartOf\":{\"@id\":\"https:\/\/arteeluoghi.it\/index.php\/2020\/11\/16\/il-grande-sogno\/#webpage\"},\"author\":{\"@id\":\"https:\/\/arteeluoghi.it\/#\/schema\/person\/f84e814e36e91e01448ee07eaadd41d4\"},\"headline\":\"Il grande sogno\",\"datePublished\":\"2020-11-16T21:03:23+00:00\",\"dateModified\":\"2020-11-21T21:11:30+00:00\",\"mainEntityOfPage\":{\"@id\":\"https:\/\/arteeluoghi.it\/index.php\/2020\/11\/16\/il-grande-sogno\/#webpage\"},\"wordCount\":646,\"commentCount\":0,\"publisher\":{\"@id\":\"https:\/\/arteeluoghi.it\/#organization\"},\"image\":{\"@id\":\"https:\/\/arteeluoghi.it\/index.php\/2020\/11\/16\/il-grande-sogno\/#primaryimage\"},\"thumbnailUrl\":\"https:\/\/arteeluoghi.it\/wp-content\/uploads\/2020\/11\/fairy-tale-1180921_1920.png\",\"keywords\":[\"coscienza\",\"Giovanni Bruno\",\"psicologia\",\"sogno\",\"sonno\",\"Universo\",\"uomo\"],\"articleSection\":[\"I luoghi della parola\"],\"inLanguage\":\"it-IT\",\"potentialAction\":[{\"@type\":\"CommentAction\",\"name\":\"Comment\",\"target\":[\"https:\/\/arteeluoghi.it\/index.php\/2020\/11\/16\/il-grande-sogno\/#respond\"]}]},{\"@type\":\"Person\",\"@id\":\"https:\/\/arteeluoghi.it\/#\/schema\/person\/f84e814e36e91e01448ee07eaadd41d4\",\"name\":\"Staff\",\"image\":{\"@type\":\"ImageObject\",\"@id\":\"https:\/\/arteeluoghi.it\/#personlogo\",\"inLanguage\":\"it-IT\",\"url\":\"https:\/\/secure.gravatar.com\/avatar\/49d2f9e46271bb04e19cebfaf141313a?s=96&d=blank&r=g\",\"contentUrl\":\"https:\/\/secure.gravatar.com\/avatar\/49d2f9e46271bb04e19cebfaf141313a?s=96&d=blank&r=g\",\"caption\":\"Staff\"}}]}<\/script>\n<!-- \/ Yoast SEO plugin. -->","yoast_head_json":{"title":"Il grande sogno | Arte e Luoghi","description":"Le riflessioni dello psicologo. La capacit\u00e0 immaginativa, visionaria e liberatoria del sogno e il sonno il sonno pi\u00f9 del semplice riposo \u00e8 un cantiere di dati selezionati","robots":{"index":"index","follow":"follow","max-snippet":"max-snippet:-1","max-image-preview":"max-image-preview:large","max-video-preview":"max-video-preview:-1"},"canonical":"https:\/\/arteeluoghi.it\/index.php\/2020\/11\/16\/il-grande-sogno\/","og_locale":"it_IT","og_type":"article","og_title":"Il grande sogno | Arte e Luoghi","og_description":"Le riflessioni dello psicologo. La capacit\u00e0 immaginativa, visionaria e liberatoria del sogno e il sonno il sonno pi\u00f9 del semplice riposo \u00e8 un cantiere di dati selezionati","og_url":"https:\/\/arteeluoghi.it\/index.php\/2020\/11\/16\/il-grande-sogno\/","og_site_name":"Arte e Luoghi","article_publisher":"https:\/\/www.facebook.com\/ArteELuoghi\/","article_published_time":"2020-11-16T21:03:23+00:00","article_modified_time":"2020-11-21T21:11:30+00:00","og_image":[{"width":1920,"height":1224,"url":"https:\/\/arteeluoghi.it\/wp-content\/uploads\/2020\/11\/fairy-tale-1180921_1920.png","type":"image\/png"}],"twitter_card":"summary","twitter_creator":"@arteeluoghi","twitter_site":"@arteeluoghi","twitter_misc":{"Scritto da":"Staff","Tempo di lettura stimato":"3 minuti"},"schema":{"@context":"https:\/\/schema.org","@graph":[{"@type":"Organization","@id":"https:\/\/arteeluoghi.it\/#organization","name":"Arte e Luoghi","url":"https:\/\/arteeluoghi.it\/","sameAs":["https:\/\/www.facebook.com\/ArteELuoghi\/","https:\/\/www.instagram.com\/arteeluoghi\/?hl=it","https:\/\/www.youtube.com\/channel\/UCuRVc4JW4-C5sg9rQB-srkw?view_as=subscriber","https:\/\/twitter.com\/arteeluoghi"],"logo":{"@type":"ImageObject","@id":"https:\/\/arteeluoghi.it\/#logo","inLanguage":"it-IT","url":"https:\/\/arteeluoghi.it\/wp-content\/uploads\/2018\/08\/logoinstagramarte.jpg","contentUrl":"https:\/\/arteeluoghi.it\/wp-content\/uploads\/2018\/08\/logoinstagramarte.jpg","width":150,"height":150,"caption":"Arte e Luoghi"},"image":{"@id":"https:\/\/arteeluoghi.it\/#logo"}},{"@type":"WebSite","@id":"https:\/\/arteeluoghi.it\/#website","url":"https:\/\/arteeluoghi.it\/","name":"Arte e Luoghi","description":"Mensile di arte, cultura, turismo e curiosit\u00e0","publisher":{"@id":"https:\/\/arteeluoghi.it\/#organization"},"potentialAction":[{"@type":"SearchAction","target":{"@type":"EntryPoint","urlTemplate":"https:\/\/arteeluoghi.it\/?s={search_term_string}"},"query-input":"required name=search_term_string"}],"inLanguage":"it-IT"},{"@type":"ImageObject","@id":"https:\/\/arteeluoghi.it\/index.php\/2020\/11\/16\/il-grande-sogno\/#primaryimage","inLanguage":"it-IT","url":"https:\/\/arteeluoghi.it\/wp-content\/uploads\/2020\/11\/fairy-tale-1180921_1920.png","contentUrl":"https:\/\/arteeluoghi.it\/wp-content\/uploads\/2020\/11\/fairy-tale-1180921_1920.png","width":1920,"height":1224},{"@type":"WebPage","@id":"https:\/\/arteeluoghi.it\/index.php\/2020\/11\/16\/il-grande-sogno\/#webpage","url":"https:\/\/arteeluoghi.it\/index.php\/2020\/11\/16\/il-grande-sogno\/","name":"Il grande sogno | Arte e Luoghi","isPartOf":{"@id":"https:\/\/arteeluoghi.it\/#website"},"primaryImageOfPage":{"@id":"https:\/\/arteeluoghi.it\/index.php\/2020\/11\/16\/il-grande-sogno\/#primaryimage"},"datePublished":"2020-11-16T21:03:23+00:00","dateModified":"2020-11-21T21:11:30+00:00","description":"Le riflessioni dello psicologo. La capacit\u00e0 immaginativa, visionaria e liberatoria del sogno e il sonno il sonno pi\u00f9 del semplice riposo \u00e8 un cantiere di dati selezionati","breadcrumb":{"@id":"https:\/\/arteeluoghi.it\/index.php\/2020\/11\/16\/il-grande-sogno\/#breadcrumb"},"inLanguage":"it-IT","potentialAction":[{"@type":"ReadAction","target":["https:\/\/arteeluoghi.it\/index.php\/2020\/11\/16\/il-grande-sogno\/"]}]},{"@type":"BreadcrumbList","@id":"https:\/\/arteeluoghi.it\/index.php\/2020\/11\/16\/il-grande-sogno\/#breadcrumb","itemListElement":[{"@type":"ListItem","position":1,"name":"Home","item":"https:\/\/arteeluoghi.it\/"},{"@type":"ListItem","position":2,"name":"Il grande sogno"}]},{"@type":"Article","@id":"https:\/\/arteeluoghi.it\/index.php\/2020\/11\/16\/il-grande-sogno\/#article","isPartOf":{"@id":"https:\/\/arteeluoghi.it\/index.php\/2020\/11\/16\/il-grande-sogno\/#webpage"},"author":{"@id":"https:\/\/arteeluoghi.it\/#\/schema\/person\/f84e814e36e91e01448ee07eaadd41d4"},"headline":"Il grande sogno","datePublished":"2020-11-16T21:03:23+00:00","dateModified":"2020-11-21T21:11:30+00:00","mainEntityOfPage":{"@id":"https:\/\/arteeluoghi.it\/index.php\/2020\/11\/16\/il-grande-sogno\/#webpage"},"wordCount":646,"commentCount":0,"publisher":{"@id":"https:\/\/arteeluoghi.it\/#organization"},"image":{"@id":"https:\/\/arteeluoghi.it\/index.php\/2020\/11\/16\/il-grande-sogno\/#primaryimage"},"thumbnailUrl":"https:\/\/arteeluoghi.it\/wp-content\/uploads\/2020\/11\/fairy-tale-1180921_1920.png","keywords":["coscienza","Giovanni Bruno","psicologia","sogno","sonno","Universo","uomo"],"articleSection":["I luoghi della parola"],"inLanguage":"it-IT","potentialAction":[{"@type":"CommentAction","name":"Comment","target":["https:\/\/arteeluoghi.it\/index.php\/2020\/11\/16\/il-grande-sogno\/#respond"]}]},{"@type":"Person","@id":"https:\/\/arteeluoghi.it\/#\/schema\/person\/f84e814e36e91e01448ee07eaadd41d4","name":"Staff","image":{"@type":"ImageObject","@id":"https:\/\/arteeluoghi.it\/#personlogo","inLanguage":"it-IT","url":"https:\/\/secure.gravatar.com\/avatar\/49d2f9e46271bb04e19cebfaf141313a?s=96&d=blank&r=g","contentUrl":"https:\/\/secure.gravatar.com\/avatar\/49d2f9e46271bb04e19cebfaf141313a?s=96&d=blank&r=g","caption":"Staff"}}]}},"_links":{"self":[{"href":"https:\/\/arteeluoghi.it\/index.php\/wp-json\/wp\/v2\/posts\/9299"}],"collection":[{"href":"https:\/\/arteeluoghi.it\/index.php\/wp-json\/wp\/v2\/posts"}],"about":[{"href":"https:\/\/arteeluoghi.it\/index.php\/wp-json\/wp\/v2\/types\/post"}],"author":[{"embeddable":true,"href":"https:\/\/arteeluoghi.it\/index.php\/wp-json\/wp\/v2\/users\/1"}],"replies":[{"embeddable":true,"href":"https:\/\/arteeluoghi.it\/index.php\/wp-json\/wp\/v2\/comments?post=9299"}],"version-history":[{"count":1,"href":"https:\/\/arteeluoghi.it\/index.php\/wp-json\/wp\/v2\/posts\/9299\/revisions"}],"predecessor-version":[{"id":9301,"href":"https:\/\/arteeluoghi.it\/index.php\/wp-json\/wp\/v2\/posts\/9299\/revisions\/9301"}],"wp:featuredmedia":[{"embeddable":true,"href":"https:\/\/arteeluoghi.it\/index.php\/wp-json\/wp\/v2\/media\/9300"}],"wp:attachment":[{"href":"https:\/\/arteeluoghi.it\/index.php\/wp-json\/wp\/v2\/media?parent=9299"}],"wp:term":[{"taxonomy":"category","embeddable":true,"href":"https:\/\/arteeluoghi.it\/index.php\/wp-json\/wp\/v2\/categories?post=9299"},{"taxonomy":"post_tag","embeddable":true,"href":"https:\/\/arteeluoghi.it\/index.php\/wp-json\/wp\/v2\/tags?post=9299"}],"curies":[{"name":"wp","href":"https:\/\/api.w.org\/{rel}","templated":true}]}}