{"id":9398,"date":"2020-11-16T12:44:44","date_gmt":"2020-11-16T11:44:44","guid":{"rendered":"https:\/\/arteeluoghi.it\/?p=9398"},"modified":"2020-11-22T13:28:31","modified_gmt":"2020-11-22T12:28:31","slug":"la-foresta-invisibile","status":"publish","type":"post","link":"https:\/\/arteeluoghi.it\/index.php\/2020\/11\/16\/la-foresta-invisibile\/","title":{"rendered":"la foresta invisibile"},"content":{"rendered":"\n<blockquote class=\"wp-block-quote\"><p>Intenso il libro di Maria Elisabetta Giudici<\/p><cite>Lucia Accoto #ladevotalettrice<\/cite><\/blockquote>\n\n\n\n<p> Non ci sono alternative. Non puoi sbagliare quando un libro \u00e8 quello giusto. Non c\u2019\u00e8 finzione, lo senti e basta. Ci sono libri che hanno tutto e riescono a trasmettere pi\u00f9 di quello che si legge. Sono autentici nel racconto perch\u00e9 la storia cammina sulle pagine con una disinvoltura creativa che spiazza. Il lettore non pu\u00f2 farne a meno, quei libri se li porta nel cuore. Per sempre. <\/p>\n\n\n\n<!--more-->\n\n\n\n<p>Capita anche che si senta piccolo e colpito dalle zaffate di emozioni che arrivano in pieno. A me succede quando storia e stile narrativo sono come cattedrali. Abbracci bellezza con gli occhi sapendo che \u00e8 rara, esattamente come il libro che hai in mano. Quei libri, quelli giusti, non ti deludono. Non ci sono alternative, sono bellissimi. E ti consideri fortunato per aver fatto parte di quel mondo con lo sguardo che poi porti con te nell\u2019anima. Ricorderai frasi, ambientazioni, luoghi, il fascino di citt\u00e0 senza tempo ed i turbamenti dei personaggi. I libri giusti non ti tradiranno. Saranno i tuoi e ti auguri che possano diventare anche quelli di altri lettori. <br> Il romanzo La foresta invisibile di Maria Elisabetta Giudici ti proietta in una storia in cui entri subito a gamba tesa, gi\u00e0 tramortito dagli eventi che crescono come le onde in tempesta. E il libro \u00e8 una tempesta emotiva di fatti che si concatenano tra loro fino ad intrecciare storie, nomi, terre, vita, morte. Tutto ruota attorno ad una preziosissima collana di corallo. \u00c8 un vortice di cospirazioni, di amore, di mistero, di fratellanza, di generazioni che si trascinano verso un obiettivo, ognuno con il suo. Dalla Sicilia, alla Puglia, dalla Francia alla Russia, per un giro di vite che si chiude con l\u2019inaspettato ed il prevedibile di una storia che lascia senza fiato per il racconto e la scrittura. Ogni vita, quella dei protagonisti e quella delle figure secondarie, \u00e8 legata alle altre come i grani di un rosario. In fondo, tutte le collane non sarebbero tali se non si chiudessero come mani strette in segno di fiducia, di patto. <br> Bello, bello, lo stile di Maria Elisabetta Giudici. \u00c8 bella anche la storia, bisogna dirlo. Quando \u00e8 giusto \u00e8 necessario scriverlo. Non ci rimane che la verit\u00e0 di dire le cose cos\u00ec come stanno, altrimenti si finirebbe in una foresta invisibile.<br> Betta Giudici #recensione #luciaaccoto #recensore #giornalista #libri #libridaleggere #daleggere #libribelli<\/p>\n","protected":false},"excerpt":{"rendered":"<p>Intenso il libro di Maria Elisabetta Giudici Lucia Accoto #ladevotalettrice Non ci sono alternative. Non puoi sbagliare quando un libro<\/p>\n","protected":false},"author":1,"featured_media":9399,"comment_status":"open","ping_status":"open","sticky":true,"template":"","format":"standard","meta":[],"categories":[1817,17],"tags":[],"yoast_head":"<!-- This site is optimized with the Yoast SEO plugin v18.0 - https:\/\/yoast.com\/wordpress\/plugins\/seo\/ -->\n<title>La foresta invisibile #ladevotalettrice | Arte e Luoghi<\/title>\n<meta name=\"description\" content=\"La foresta invisibile. Intenso il libro di Maria Elisabetta Giudici. Su Arte e Luoghi le recensioni di Lucia Accoto #ladevotalettrice\" \/>\n<meta name=\"robots\" content=\"index, follow, max-snippet:-1, max-image-preview:large, max-video-preview:-1\" \/>\n<link rel=\"canonical\" href=\"https:\/\/arteeluoghi.it\/index.php\/2020\/11\/16\/la-foresta-invisibile\/\" \/>\n<meta property=\"og:locale\" content=\"it_IT\" \/>\n<meta property=\"og:type\" content=\"article\" \/>\n<meta property=\"og:title\" content=\"La foresta invisibile #ladevotalettrice | Arte e Luoghi\" \/>\n<meta property=\"og:description\" content=\"La foresta invisibile. Intenso il libro di Maria Elisabetta Giudici. Su Arte e Luoghi le recensioni di Lucia Accoto #ladevotalettrice\" \/>\n<meta property=\"og:url\" content=\"https:\/\/arteeluoghi.it\/index.php\/2020\/11\/16\/la-foresta-invisibile\/\" \/>\n<meta property=\"og:site_name\" content=\"Arte e Luoghi\" \/>\n<meta property=\"article:publisher\" content=\"https:\/\/www.facebook.com\/ArteELuoghi\/\" \/>\n<meta property=\"article:published_time\" content=\"2020-11-16T11:44:44+00:00\" \/>\n<meta property=\"article:modified_time\" content=\"2020-11-22T12:28:31+00:00\" \/>\n<meta property=\"og:image\" content=\"https:\/\/arteeluoghi.it\/wp-content\/uploads\/2020\/11\/laforestainvis.jpg\" \/>\n\t<meta property=\"og:image:width\" content=\"1440\" \/>\n\t<meta property=\"og:image:height\" content=\"1430\" \/>\n\t<meta property=\"og:image:type\" content=\"image\/jpeg\" \/>\n<meta name=\"twitter:card\" content=\"summary\" \/>\n<meta name=\"twitter:creator\" content=\"@arteeluoghi\" \/>\n<meta name=\"twitter:site\" content=\"@arteeluoghi\" \/>\n<meta name=\"twitter:label1\" content=\"Scritto da\" \/>\n\t<meta name=\"twitter:data1\" content=\"Staff\" \/>\n\t<meta name=\"twitter:label2\" content=\"Tempo di lettura stimato\" \/>\n\t<meta name=\"twitter:data2\" content=\"2 minuti\" \/>\n<script type=\"application\/ld+json\" class=\"yoast-schema-graph\">{\"@context\":\"https:\/\/schema.org\",\"@graph\":[{\"@type\":\"Organization\",\"@id\":\"https:\/\/arteeluoghi.it\/#organization\",\"name\":\"Arte e Luoghi\",\"url\":\"https:\/\/arteeluoghi.it\/\",\"sameAs\":[\"https:\/\/www.facebook.com\/ArteELuoghi\/\",\"https:\/\/www.instagram.com\/arteeluoghi\/?hl=it\",\"https:\/\/www.youtube.com\/channel\/UCuRVc4JW4-C5sg9rQB-srkw?view_as=subscriber\",\"https:\/\/twitter.com\/arteeluoghi\"],\"logo\":{\"@type\":\"ImageObject\",\"@id\":\"https:\/\/arteeluoghi.it\/#logo\",\"inLanguage\":\"it-IT\",\"url\":\"https:\/\/arteeluoghi.it\/wp-content\/uploads\/2018\/08\/logoinstagramarte.jpg\",\"contentUrl\":\"https:\/\/arteeluoghi.it\/wp-content\/uploads\/2018\/08\/logoinstagramarte.jpg\",\"width\":150,\"height\":150,\"caption\":\"Arte e Luoghi\"},\"image\":{\"@id\":\"https:\/\/arteeluoghi.it\/#logo\"}},{\"@type\":\"WebSite\",\"@id\":\"https:\/\/arteeluoghi.it\/#website\",\"url\":\"https:\/\/arteeluoghi.it\/\",\"name\":\"Arte e Luoghi\",\"description\":\"Mensile di arte, cultura, turismo e curiosit\u00e0\",\"publisher\":{\"@id\":\"https:\/\/arteeluoghi.it\/#organization\"},\"potentialAction\":[{\"@type\":\"SearchAction\",\"target\":{\"@type\":\"EntryPoint\",\"urlTemplate\":\"https:\/\/arteeluoghi.it\/?s={search_term_string}\"},\"query-input\":\"required name=search_term_string\"}],\"inLanguage\":\"it-IT\"},{\"@type\":\"ImageObject\",\"@id\":\"https:\/\/arteeluoghi.it\/index.php\/2020\/11\/16\/la-foresta-invisibile\/#primaryimage\",\"inLanguage\":\"it-IT\",\"url\":\"https:\/\/arteeluoghi.it\/wp-content\/uploads\/2020\/11\/laforestainvis.jpg\",\"contentUrl\":\"https:\/\/arteeluoghi.it\/wp-content\/uploads\/2020\/11\/laforestainvis.jpg\",\"width\":1440,\"height\":1430},{\"@type\":\"WebPage\",\"@id\":\"https:\/\/arteeluoghi.it\/index.php\/2020\/11\/16\/la-foresta-invisibile\/#webpage\",\"url\":\"https:\/\/arteeluoghi.it\/index.php\/2020\/11\/16\/la-foresta-invisibile\/\",\"name\":\"La foresta invisibile #ladevotalettrice | Arte e Luoghi\",\"isPartOf\":{\"@id\":\"https:\/\/arteeluoghi.it\/#website\"},\"primaryImageOfPage\":{\"@id\":\"https:\/\/arteeluoghi.it\/index.php\/2020\/11\/16\/la-foresta-invisibile\/#primaryimage\"},\"datePublished\":\"2020-11-16T11:44:44+00:00\",\"dateModified\":\"2020-11-22T12:28:31+00:00\",\"description\":\"La foresta invisibile. Intenso il libro di Maria Elisabetta Giudici. Su Arte e Luoghi le recensioni di Lucia Accoto #ladevotalettrice\",\"breadcrumb\":{\"@id\":\"https:\/\/arteeluoghi.it\/index.php\/2020\/11\/16\/la-foresta-invisibile\/#breadcrumb\"},\"inLanguage\":\"it-IT\",\"potentialAction\":[{\"@type\":\"ReadAction\",\"target\":[\"https:\/\/arteeluoghi.it\/index.php\/2020\/11\/16\/la-foresta-invisibile\/\"]}]},{\"@type\":\"BreadcrumbList\",\"@id\":\"https:\/\/arteeluoghi.it\/index.php\/2020\/11\/16\/la-foresta-invisibile\/#breadcrumb\",\"itemListElement\":[{\"@type\":\"ListItem\",\"position\":1,\"name\":\"Home\",\"item\":\"https:\/\/arteeluoghi.it\/\"},{\"@type\":\"ListItem\",\"position\":2,\"name\":\"la foresta invisibile\"}]},{\"@type\":\"Article\",\"@id\":\"https:\/\/arteeluoghi.it\/index.php\/2020\/11\/16\/la-foresta-invisibile\/#article\",\"isPartOf\":{\"@id\":\"https:\/\/arteeluoghi.it\/index.php\/2020\/11\/16\/la-foresta-invisibile\/#webpage\"},\"author\":{\"@id\":\"https:\/\/arteeluoghi.it\/#\/schema\/person\/f84e814e36e91e01448ee07eaadd41d4\"},\"headline\":\"la foresta invisibile\",\"datePublished\":\"2020-11-16T11:44:44+00:00\",\"dateModified\":\"2020-11-22T12:28:31+00:00\",\"mainEntityOfPage\":{\"@id\":\"https:\/\/arteeluoghi.it\/index.php\/2020\/11\/16\/la-foresta-invisibile\/#webpage\"},\"wordCount\":398,\"commentCount\":0,\"publisher\":{\"@id\":\"https:\/\/arteeluoghi.it\/#organization\"},\"image\":{\"@id\":\"https:\/\/arteeluoghi.it\/index.php\/2020\/11\/16\/la-foresta-invisibile\/#primaryimage\"},\"thumbnailUrl\":\"https:\/\/arteeluoghi.it\/wp-content\/uploads\/2020\/11\/laforestainvis.jpg\",\"articleSection\":[\"#ladevotalettrice\",\"LIBRI\"],\"inLanguage\":\"it-IT\",\"potentialAction\":[{\"@type\":\"CommentAction\",\"name\":\"Comment\",\"target\":[\"https:\/\/arteeluoghi.it\/index.php\/2020\/11\/16\/la-foresta-invisibile\/#respond\"]}]},{\"@type\":\"Person\",\"@id\":\"https:\/\/arteeluoghi.it\/#\/schema\/person\/f84e814e36e91e01448ee07eaadd41d4\",\"name\":\"Staff\",\"image\":{\"@type\":\"ImageObject\",\"@id\":\"https:\/\/arteeluoghi.it\/#personlogo\",\"inLanguage\":\"it-IT\",\"url\":\"https:\/\/secure.gravatar.com\/avatar\/49d2f9e46271bb04e19cebfaf141313a?s=96&d=blank&r=g\",\"contentUrl\":\"https:\/\/secure.gravatar.com\/avatar\/49d2f9e46271bb04e19cebfaf141313a?s=96&d=blank&r=g\",\"caption\":\"Staff\"}}]}<\/script>\n<!-- \/ Yoast SEO plugin. -->","yoast_head_json":{"title":"La foresta invisibile #ladevotalettrice | Arte e Luoghi","description":"La foresta invisibile. Intenso il libro di Maria Elisabetta Giudici. Su Arte e Luoghi le recensioni di Lucia Accoto #ladevotalettrice","robots":{"index":"index","follow":"follow","max-snippet":"max-snippet:-1","max-image-preview":"max-image-preview:large","max-video-preview":"max-video-preview:-1"},"canonical":"https:\/\/arteeluoghi.it\/index.php\/2020\/11\/16\/la-foresta-invisibile\/","og_locale":"it_IT","og_type":"article","og_title":"La foresta invisibile #ladevotalettrice | Arte e Luoghi","og_description":"La foresta invisibile. Intenso il libro di Maria Elisabetta Giudici. Su Arte e Luoghi le recensioni di Lucia Accoto #ladevotalettrice","og_url":"https:\/\/arteeluoghi.it\/index.php\/2020\/11\/16\/la-foresta-invisibile\/","og_site_name":"Arte e Luoghi","article_publisher":"https:\/\/www.facebook.com\/ArteELuoghi\/","article_published_time":"2020-11-16T11:44:44+00:00","article_modified_time":"2020-11-22T12:28:31+00:00","og_image":[{"width":1440,"height":1430,"url":"https:\/\/arteeluoghi.it\/wp-content\/uploads\/2020\/11\/laforestainvis.jpg","type":"image\/jpeg"}],"twitter_card":"summary","twitter_creator":"@arteeluoghi","twitter_site":"@arteeluoghi","twitter_misc":{"Scritto da":"Staff","Tempo di lettura stimato":"2 minuti"},"schema":{"@context":"https:\/\/schema.org","@graph":[{"@type":"Organization","@id":"https:\/\/arteeluoghi.it\/#organization","name":"Arte e Luoghi","url":"https:\/\/arteeluoghi.it\/","sameAs":["https:\/\/www.facebook.com\/ArteELuoghi\/","https:\/\/www.instagram.com\/arteeluoghi\/?hl=it","https:\/\/www.youtube.com\/channel\/UCuRVc4JW4-C5sg9rQB-srkw?view_as=subscriber","https:\/\/twitter.com\/arteeluoghi"],"logo":{"@type":"ImageObject","@id":"https:\/\/arteeluoghi.it\/#logo","inLanguage":"it-IT","url":"https:\/\/arteeluoghi.it\/wp-content\/uploads\/2018\/08\/logoinstagramarte.jpg","contentUrl":"https:\/\/arteeluoghi.it\/wp-content\/uploads\/2018\/08\/logoinstagramarte.jpg","width":150,"height":150,"caption":"Arte e Luoghi"},"image":{"@id":"https:\/\/arteeluoghi.it\/#logo"}},{"@type":"WebSite","@id":"https:\/\/arteeluoghi.it\/#website","url":"https:\/\/arteeluoghi.it\/","name":"Arte e Luoghi","description":"Mensile di arte, cultura, turismo e curiosit\u00e0","publisher":{"@id":"https:\/\/arteeluoghi.it\/#organization"},"potentialAction":[{"@type":"SearchAction","target":{"@type":"EntryPoint","urlTemplate":"https:\/\/arteeluoghi.it\/?s={search_term_string}"},"query-input":"required name=search_term_string"}],"inLanguage":"it-IT"},{"@type":"ImageObject","@id":"https:\/\/arteeluoghi.it\/index.php\/2020\/11\/16\/la-foresta-invisibile\/#primaryimage","inLanguage":"it-IT","url":"https:\/\/arteeluoghi.it\/wp-content\/uploads\/2020\/11\/laforestainvis.jpg","contentUrl":"https:\/\/arteeluoghi.it\/wp-content\/uploads\/2020\/11\/laforestainvis.jpg","width":1440,"height":1430},{"@type":"WebPage","@id":"https:\/\/arteeluoghi.it\/index.php\/2020\/11\/16\/la-foresta-invisibile\/#webpage","url":"https:\/\/arteeluoghi.it\/index.php\/2020\/11\/16\/la-foresta-invisibile\/","name":"La foresta invisibile #ladevotalettrice | Arte e Luoghi","isPartOf":{"@id":"https:\/\/arteeluoghi.it\/#website"},"primaryImageOfPage":{"@id":"https:\/\/arteeluoghi.it\/index.php\/2020\/11\/16\/la-foresta-invisibile\/#primaryimage"},"datePublished":"2020-11-16T11:44:44+00:00","dateModified":"2020-11-22T12:28:31+00:00","description":"La foresta invisibile. Intenso il libro di Maria Elisabetta Giudici. Su Arte e Luoghi le recensioni di Lucia Accoto #ladevotalettrice","breadcrumb":{"@id":"https:\/\/arteeluoghi.it\/index.php\/2020\/11\/16\/la-foresta-invisibile\/#breadcrumb"},"inLanguage":"it-IT","potentialAction":[{"@type":"ReadAction","target":["https:\/\/arteeluoghi.it\/index.php\/2020\/11\/16\/la-foresta-invisibile\/"]}]},{"@type":"BreadcrumbList","@id":"https:\/\/arteeluoghi.it\/index.php\/2020\/11\/16\/la-foresta-invisibile\/#breadcrumb","itemListElement":[{"@type":"ListItem","position":1,"name":"Home","item":"https:\/\/arteeluoghi.it\/"},{"@type":"ListItem","position":2,"name":"la foresta invisibile"}]},{"@type":"Article","@id":"https:\/\/arteeluoghi.it\/index.php\/2020\/11\/16\/la-foresta-invisibile\/#article","isPartOf":{"@id":"https:\/\/arteeluoghi.it\/index.php\/2020\/11\/16\/la-foresta-invisibile\/#webpage"},"author":{"@id":"https:\/\/arteeluoghi.it\/#\/schema\/person\/f84e814e36e91e01448ee07eaadd41d4"},"headline":"la foresta invisibile","datePublished":"2020-11-16T11:44:44+00:00","dateModified":"2020-11-22T12:28:31+00:00","mainEntityOfPage":{"@id":"https:\/\/arteeluoghi.it\/index.php\/2020\/11\/16\/la-foresta-invisibile\/#webpage"},"wordCount":398,"commentCount":0,"publisher":{"@id":"https:\/\/arteeluoghi.it\/#organization"},"image":{"@id":"https:\/\/arteeluoghi.it\/index.php\/2020\/11\/16\/la-foresta-invisibile\/#primaryimage"},"thumbnailUrl":"https:\/\/arteeluoghi.it\/wp-content\/uploads\/2020\/11\/laforestainvis.jpg","articleSection":["#ladevotalettrice","LIBRI"],"inLanguage":"it-IT","potentialAction":[{"@type":"CommentAction","name":"Comment","target":["https:\/\/arteeluoghi.it\/index.php\/2020\/11\/16\/la-foresta-invisibile\/#respond"]}]},{"@type":"Person","@id":"https:\/\/arteeluoghi.it\/#\/schema\/person\/f84e814e36e91e01448ee07eaadd41d4","name":"Staff","image":{"@type":"ImageObject","@id":"https:\/\/arteeluoghi.it\/#personlogo","inLanguage":"it-IT","url":"https:\/\/secure.gravatar.com\/avatar\/49d2f9e46271bb04e19cebfaf141313a?s=96&d=blank&r=g","contentUrl":"https:\/\/secure.gravatar.com\/avatar\/49d2f9e46271bb04e19cebfaf141313a?s=96&d=blank&r=g","caption":"Staff"}}]}},"_links":{"self":[{"href":"https:\/\/arteeluoghi.it\/index.php\/wp-json\/wp\/v2\/posts\/9398"}],"collection":[{"href":"https:\/\/arteeluoghi.it\/index.php\/wp-json\/wp\/v2\/posts"}],"about":[{"href":"https:\/\/arteeluoghi.it\/index.php\/wp-json\/wp\/v2\/types\/post"}],"author":[{"embeddable":true,"href":"https:\/\/arteeluoghi.it\/index.php\/wp-json\/wp\/v2\/users\/1"}],"replies":[{"embeddable":true,"href":"https:\/\/arteeluoghi.it\/index.php\/wp-json\/wp\/v2\/comments?post=9398"}],"version-history":[{"count":1,"href":"https:\/\/arteeluoghi.it\/index.php\/wp-json\/wp\/v2\/posts\/9398\/revisions"}],"predecessor-version":[{"id":9400,"href":"https:\/\/arteeluoghi.it\/index.php\/wp-json\/wp\/v2\/posts\/9398\/revisions\/9400"}],"wp:featuredmedia":[{"embeddable":true,"href":"https:\/\/arteeluoghi.it\/index.php\/wp-json\/wp\/v2\/media\/9399"}],"wp:attachment":[{"href":"https:\/\/arteeluoghi.it\/index.php\/wp-json\/wp\/v2\/media?parent=9398"}],"wp:term":[{"taxonomy":"category","embeddable":true,"href":"https:\/\/arteeluoghi.it\/index.php\/wp-json\/wp\/v2\/categories?post=9398"},{"taxonomy":"post_tag","embeddable":true,"href":"https:\/\/arteeluoghi.it\/index.php\/wp-json\/wp\/v2\/tags?post=9398"}],"curies":[{"name":"wp","href":"https:\/\/api.w.org\/{rel}","templated":true}]}}