{"id":9485,"date":"2020-12-03T01:00:36","date_gmt":"2020-12-03T00:00:36","guid":{"rendered":"https:\/\/arteeluoghi.it\/?p=9485"},"modified":"2020-12-27T01:17:32","modified_gmt":"2020-12-27T00:17:32","slug":"siracusa-in-festa-e-il-13-dicembre-e-santa-lucia","status":"publish","type":"post","link":"https:\/\/arteeluoghi.it\/index.php\/2020\/12\/03\/siracusa-in-festa-e-il-13-dicembre-e-santa-lucia\/","title":{"rendered":"Siracusa in festa. \u00c8 il 13 dicembre, \u00e8 Santa Lucia"},"content":{"rendered":"\n<blockquote class=\"wp-block-quote\"><p>L\u2019atmosfera, la processione per le strade di Siracusa, i segni della devozione alla Santa della Luce. Il racconto della festa prima del Covid<\/p><cite>Dario Bottaro<\/cite><\/blockquote>\n\n\n\n<p>Scrivere di Santa Lucia \u00e8 un\u2019esperienza particolare per un siracusano devoto, quale \u00e8 il sottoscritto. Specialmente in questo periodo particolarmente sofferente per l\u2019intera umanit\u00e0 e per la nostra nazione, non \u00e8 facile tentare di scrivere in modo lucido, oggettivo, senza scadere nel sentimentalismo. <\/p>\n\n\n\n<!--more-->\n\n\n\n<p>Nello scorrere di queste righe prover\u00f2 a descrivervi la festa pi\u00f9 sentita e partecipata della mia citt\u00e0, Siracusa, la festa di Santa Lucia, andando a ritroso nei ricordi, perch\u00e9 quella di quest\u2019anno sar\u00e0 una festa diversa, dove molte cose mancheranno, soprattutto le manifestazioni esteriori, quelle che rappresentano i siracusani, che ci fanno sentire viva la nostra fede, nel giorno pi\u00f9 importante ed emozionante per la citt\u00e0 intera: il 13 dicembre. <br> Santa Lucia \u00e8 per prima cosa la Concittadina d\u2019eccellenza, colei alla quale noi tutti ricorriamo nei momenti pi\u00f9 bui della nostra vita, \u00e8 la santa della Luce, quella guida, quel faro che illumina il cammino di un intero popolo, quella sentinella che protegge la sua citt\u00e0 natale, quella stessa in cui per supremo sacrificio d\u2019amore verso Ges\u00f9 Cristo, and\u00f2 incontro al martirio e vers\u00f2 il suo sangue.<br> Quel sangue versato dalla giovinetta il 13 dicembre del 304, pochi anni prima dell\u2019editto di Costantino del 313 che consentiva il pubblico culto ai Cristiani, ha reso florida questa terra. <\/p>\n\n\n\n<ul class=\"wp-block-gallery columns-3 is-cropped\"><li class=\"blocks-gallery-item\"><figure><img loading=\"lazy\" width=\"1024\" height=\"574\" src=\"https:\/\/arteeluoghi.it\/wp-content\/uploads\/2020\/12\/Il-Simulacro-di-S.-Lucia-sul-sagrato-della-Cattedrale-di-Siracusa-foto-Dario-Bottaro-1024x574.jpg\" alt=\"\" data-id=\"9488\" data-link=\"https:\/\/arteeluoghi.it\/?attachment_id=9488\" class=\"wp-image-9488\" srcset=\"https:\/\/arteeluoghi.it\/wp-content\/uploads\/2020\/12\/Il-Simulacro-di-S.-Lucia-sul-sagrato-della-Cattedrale-di-Siracusa-foto-Dario-Bottaro-1024x574.jpg 1024w, https:\/\/arteeluoghi.it\/wp-content\/uploads\/2020\/12\/Il-Simulacro-di-S.-Lucia-sul-sagrato-della-Cattedrale-di-Siracusa-foto-Dario-Bottaro-300x168.jpg 300w, https:\/\/arteeluoghi.it\/wp-content\/uploads\/2020\/12\/Il-Simulacro-di-S.-Lucia-sul-sagrato-della-Cattedrale-di-Siracusa-foto-Dario-Bottaro-768x431.jpg 768w\" sizes=\"(max-width: 1024px) 100vw, 1024px\" \/><\/figure><\/li><li class=\"blocks-gallery-item\"><figure><img loading=\"lazy\" width=\"1024\" height=\"685\" src=\"https:\/\/arteeluoghi.it\/wp-content\/uploads\/2020\/12\/Processione-del-13-dicembre-festa-di-Santa-Lucia-a-Siracusa-foto-Dario-Bottaro-1024x685.jpg\" alt=\"\" data-id=\"9489\" data-link=\"https:\/\/arteeluoghi.it\/?attachment_id=9489\" class=\"wp-image-9489\" srcset=\"https:\/\/arteeluoghi.it\/wp-content\/uploads\/2020\/12\/Processione-del-13-dicembre-festa-di-Santa-Lucia-a-Siracusa-foto-Dario-Bottaro-1024x685.jpg 1024w, https:\/\/arteeluoghi.it\/wp-content\/uploads\/2020\/12\/Processione-del-13-dicembre-festa-di-Santa-Lucia-a-Siracusa-foto-Dario-Bottaro-300x201.jpg 300w, https:\/\/arteeluoghi.it\/wp-content\/uploads\/2020\/12\/Processione-del-13-dicembre-festa-di-Santa-Lucia-a-Siracusa-foto-Dario-Bottaro-768x514.jpg 768w\" sizes=\"(max-width: 1024px) 100vw, 1024px\" \/><\/figure><\/li><li class=\"blocks-gallery-item\"><figure><img loading=\"lazy\" width=\"1024\" height=\"685\" src=\"https:\/\/arteeluoghi.it\/wp-content\/uploads\/2020\/12\/Processione-delle-Reliquie-di-S.-Lucia-in-piazza-Duomo-foto-dario-Bottaro-1024x685.jpg\" alt=\"\" data-id=\"9491\" data-link=\"https:\/\/arteeluoghi.it\/index.php\/2020\/12\/03\/siracusa-in-festa-e-il-13-dicembre-e-santa-lucia\/processione-delle-reliquie-di-s-lucia-in-piazza-duomo-foto-dario-bottaro\/\" class=\"wp-image-9491\" srcset=\"https:\/\/arteeluoghi.it\/wp-content\/uploads\/2020\/12\/Processione-delle-Reliquie-di-S.-Lucia-in-piazza-Duomo-foto-dario-Bottaro-1024x685.jpg 1024w, https:\/\/arteeluoghi.it\/wp-content\/uploads\/2020\/12\/Processione-delle-Reliquie-di-S.-Lucia-in-piazza-Duomo-foto-dario-Bottaro-300x201.jpg 300w, https:\/\/arteeluoghi.it\/wp-content\/uploads\/2020\/12\/Processione-delle-Reliquie-di-S.-Lucia-in-piazza-Duomo-foto-dario-Bottaro-768x514.jpg 768w\" sizes=\"(max-width: 1024px) 100vw, 1024px\" \/><\/figure><\/li><\/ul>\n\n\n\n<p><br> Dinanzi al suo sepolcro per secoli si sono avvicendati uomini e donne d\u2019ogni estrazione sociale, perch\u00e9 in lei tutti hanno visto la sorella, la compagna di viaggio, l\u2019amica pronta a sostenere e ascoltare le necessit\u00e0 del suo popolo. Non \u00e8 un caso se dopo pi\u00f9 di 1700 anni, ancora oggi, \u00e8 una delle sante pi\u00f9 amate e conosciute in tutto il mondo cattolico e celebrata anche nella Chiesa d\u2019 Oriente e in quella Anglicana. Lucia \u00e8 colei che possiamo sentire vicina in ogni momento, per ogni nostra necessit\u00e0. Nella citt\u00e0 di Siracusa il clima di festa inizia a farsi sentire gi\u00e0 dalla fine di novembre, che con giorno 30 segna l\u2019inizio della Tredicina alla santa, una pia pratica devozionale ancora oggi molto in uso nelle chiese cittadine e specialmente nel Santuario a lei dedicato, quella Basilica e quel Sepolcro che, nel quartiere della Borgata che ne porta il nome, si innalzano davanti agli occhi sbalorditi dei fedeli e dei turisti, nella loro bellezza antica. Sono testimonianze di storia, una storia di fede che la devozione ha plasmato secondo il linguaggio dell\u2019arte, dai tempi pi\u00f9 remoti a quelli pi\u00f9 recenti. <br> Le due chiese, sorte a poche decine di metri l\u2019una dall\u2019altra, sono la testimonianza dei fatti avvenuti quel 13 dicembre del 304, testimoniati dall\u2019epigrafe di Euskia risalente al V secolo e poi ancora dai tanti devoti che nei secoli hanno attraversato questi luoghi alla ricerca di una grazia, di un segno, di una benedizione. Siracusa si veste a festa, nell\u2019attesa che arrivi il giorno tanto desiderato, per un intero anno. I rintocchi delle campane hanno un suono diverso, nell\u2019aria c\u2019\u00e8 l\u2019atmosfera di chi gioisce perch\u00e9 tra poco, rivedr\u00e0 e riabbraccer\u00e0 una persona importante, perch\u00e9 questo \u00e8 per i siracusani Lucia, una persona di famiglia. Le luminarie colorano le tante strade che percorre la processione, illuminano di riflessi sfavillanti i profili dei palazzi, i negozi fanno a gara per realizzare vetrine che possano rendere onore alla Santa Patrona, in un tripudio di colori e di prelibatezze che ricordano le tante storie e le tradizioni che sono legate al giorno della festa. Cos\u00ec nelle pasticcerie e nella case si rinnova la tradizione della \u201ccucc\u00eca\u201d, il dolce tipico fatto con ricotta e granturco e arricchito di canditi o di pezzetti di cioccolato. Intanto il tempo scorre, i giorni passano e le emozioni crescono negli occhi e nel cuore della citt\u00e0. Il giorno della vigilia, il 12 dicembre, si vive la prima grande emozione. Alle 11.30 dentro la Cattedrale gremita di persone si compie il rito che apre ufficialmente i festeggiamenti luciani, la Traslazione del Simulacro argenteo dalla sua Cappella fino all\u2019altare maggiore. Sin dalle prime ore del mattino molti uomini si riuniscono in piccoli gruppi, segnando i lori nomi per far parte della lista dei 48 portatori che avranno l\u2019onore di portare sulle loro spalle il dolce peso della Santa, nel breve tratto che separa la Cappella dall\u2019altare maggiore. Pochi metri s\u00ec, ma vissuti con intensa emozione, perch\u00e9 all\u2019affacciarsi dell\u2019argentea statua dal colonnato ricavato nell\u2019antica cella del tempio di Atena, le emozioni esplodono in un lungo fragoroso applauso e le invocazioni si susseguono incessanti al grido di \u201cSarausana j\u00e8!\u201d \u2013 Siracusana \u00e8 \u2013 mentre lentamente Lucia incede fra due ali di folla, stretta nell\u2019abbraccio della sua citt\u00e0 che si emoziona e si commuove nel vederla cos\u00ec splendente, bella e maestosa. Il rintocco della campanella d\u2019argento, segna l\u2019inizio dello spostamento del Simulacro, le spalle dei portatori sono pronte per accogliere le lunghe travi che sorreggono la pesante cassa d\u2019argento sulla quale campeggia in cima la statua della Patrona. Tre colpi di campana e il Simulacro viene alzato. Il fiato rimane sospeso, si compiono le manovre giuste affinch\u00e9 i \u201cberretti verdi\u201d \u2013 i portatori di Santa Lucia \u2013 siano correttamente sistemati per iniziare ad incedere nella navata centrale della Cattedrale. Ancora altri colpi di campana, ancora grida di invocazione e pian piano il Simulacro raggiunge il presbiterio per l\u2019ultima manovra. Sar\u00e0 portato sopra i gradini ai piedi dell\u2019altare maggiore in un\u2019unica tappa, nessuna fermata se non lass\u00f9, al centro dell\u2019altare parato a festa, con il paliotto d\u2019argento e gli alti candelieri che le faranno da cornice. Il rito \u00e8 compiuto, Santa Lucia \u00e8 sull\u2019altare maggiore, verranno sistemati i fiori e le candele, tantissimi bambini verranno presentati a lei, innalzati dalle braccia forti dei collaboratori della Deputazione della Cappella di S. Lucia, per la gioia e l\u2019emozione grande dei genitori che a Lucia affideranno i loro figli. <br> La solennit\u00e0 \u00e8 sempre pi\u00f9 vicina, si attende il giorno successivo, il 13 dicembre. <br> Dalla mattina presto piazza Duomo brulica di gente che cerca di guadagnarsi un posto per la celebrazione del solenne pontificale, c\u2019\u00e8 la banda che annuncia il giorno di festa, ci sono i tanti devoti che iniziano a farsi vedere per le strade, pronti per affrontare il lungo cammino che porter\u00e0 il Simulacro argenteo dalla Cattedrale al Santuario della Borgata. <br> Alle 15.30 esatte la piccola \u201cvara\u201d con le Reliquie della Santa si affaccia sul portale centrale della Cattedrale barocca, le possenti colonne di pietra sembrano rimpicciolirsi davanti a questa moltitudine di uomini, donne e bambini che fissano il loro sguardo sul sagrato della chiesa, nell\u2019attesa di vederla comparire. Si sente in lontananza il campanellaio che detta il ritmo ai portatori e poi si odono le grida di invocazione e quel \u201cViva Santa Lucia\u201d ripetuto decine e decine di volte, senza mai stancarsi, dalle voci dei portatori che si alternano in questa antica melodia tutta siracusana. Il sole bacia la grandiosa facciata del Duomo, ormai \u00e8 il momento, il rintocco dei sacri bronzi annuncia la festa, eccola \u00e8 l\u00ec, proprio sulla soglia della Cattedrale, appare cos\u00ec, fiera e luminosa nel suo incedere, solenne nella sua bellezza antica, colei che il Vicer\u00e8 di Sicilia e Duca di Maqueda defin\u00ec come \u201cla pi\u00f9 bell\u2019opera d\u2019Italia\u201d, \u00e8 tutta per il suo popolo. Esplodono gli applausi e la commozione scioglie il cuore di molti in lacrime di gioia che rigano il viso, ci si guarda l\u2019un l\u2019altro, ci si conforta e sostiene con uno sguardo di comprensione. E\u2019 un continuo gioco di sguardi, Lucia che guarda la sua citt\u00e0, e la citt\u00e0 che ammira la sua Avvocata e Patrona, battendo come in unico grande cuore. <br> Lentamente la processione si fa spazio tra la folla, poco per volta avanza per lasciare piazza Duomo e iniziare il cammino processionale lungo il quale Lucia ricever\u00e0 gli omaggi dei suoi devoti, fiori, preghiere, e tanti sorrisi. E\u2019 Siracusa, \u00e8 la citt\u00e0 di Lucia che l\u2019abbraccia e le fa da scorta fino a tarda sera, quando raggiunger\u00e0 il Santuario sorto sul luogo del martirio. Ad accoglierla ancora migliaia di persone, un\u2019intera comunit\u00e0 parrocchiale al suo servizio e al servizio dei tanti devoti e pellegrini che per otto giorni sosteranno presso questa chiesa, si inginocchieranno dinanzi a lei, nella Basilica o nel pi\u00f9 piccolo Tempietto del Sepolcro. La chiesa parata a festa con lunghi drappi rossi e il grande tosello rosso dell\u2019altare maggiore renderanno ancora pi\u00f9 solenne questo luogo dove ogni cosa parla di lei, dove si percepisce forte la sua presenza. Al termine dell\u2019ottavario il 20 dicembre il Simulacro far\u00e0 ritorno in Cattedrale, accompagnato dal solito bagno di folla, ma questa volta il percorso della processione far\u00e0 due soste molto sentite, la prima presso il Santuario della Madonna delle Lacrime, la seconda presso l\u2019Ospedale Generale Umberto I.<br> Nel primo l\u2019incontro tra la Madre e la Figlia, alla presenza della sezione dell\u2019Unitalsi di Siracusa che rende omaggio a Santa Lucia, nel secondo la toccante visita del Simulacro ai degenti dell\u2019ospedale, molti di loro affacciati ai balconi o alle finestre, abbracciati ai loro parenti, tutti ad applaudire e a pregare la Santa perch\u00e9 possa alleviare le loro sofferenze. L\u2019uscita dal viale dell\u2019ospedale sembra essere ancora pi\u00f9 trionfale, stretta tra la folla Lucia \u00e8 acclamata da ogni dove, dall\u2019alto dei balconi, come dalla folla che amorevolmente a lei si stringe per accompagnarla nel suo cammino. <br> Il tragitto prosegue dettato dal suono della campanella e dalle marce sinfoniche della banda musicale alle quali non di rado i portatori rispondono facendo incedere il pesante Simulacro a passo di musica. La processione dopo lunghe ore raggiunge il ponte Umberto I, che segna il limite fra la terraferma e l\u2019isolotto di Ortigia, cuore della citt\u00e0, sede dell\u2019antica acropoli greca dove si innalza la Cattedrale, pronta nuovamente ad accogliere la Santa Patrona. Le ultime centinaia di metri del tragitto processionale sono commoventi perch\u00e9 i portatori non si fermano nell\u2019urlare con tutto il fiato \u201cSarausana j\u00e8\u201d e ad invocarla in coro con il \u201cViva Santa Lucia\u201d fino a raggiungere il sagrato della Cattedrale. Qui la folla attende il rientro, la chiesa \u00e8 gi\u00e0 gremita di tanti fedeli che desiderano partecipare alla chiusura della Cappella. Sono istanti che rimangono impressi nella mente e nel cuore. Il rumore dei ferri che indicano lo spostamento delle travi che fino ad allora hanno condotto il Simulacro per le vie di Siracusa, segna l\u2019inizio delle operazioni di sistemazione della grande statua. Ancora pochi minuti e Santa Lucia verr\u00e0 condotta all\u2019interno della settecentesca cappella decorata di marmi, che per tutto l\u2019anno la custodisce. Ancora pochi istanti e una volta in loco, le pesanti porte di bronzo verranno chiuse, il bel Simulacro occultato alla vista dei fedeli. Lentamente, accompagnato dal popolo in preghiera, il Maestro di Cappella chiuder\u00e0 quelle pesanti porte e tutti saluteremo Santa Lucia con il nostro arrivederci nel cuore. <br> Sono questi i momenti che scandiscono la festa pi\u00f9 importante della citt\u00e0 che quest\u2019anno, ai tempi del Covid, verr\u00e0 vissuta con rigorose misure di sicurezza per contenere la pandemia. Una cosa \u00e8 certa, il virus non conterr\u00e0 la devozione e la fede dei siracusani per la loro Santa Patrona. \u00e8 il 13 dicembre, \u00e8 Santa Lucia!<\/p>\n","protected":false},"excerpt":{"rendered":"<p>L\u2019atmosfera, la processione per le strade di Siracusa, i segni della devozione alla Santa della Luce. Il racconto della festa<\/p>\n","protected":false},"author":1,"featured_media":9487,"comment_status":"open","ping_status":"open","sticky":true,"template":"","format":"standard","meta":[],"categories":[43],"tags":[],"yoast_head":"<!-- This site is optimized with the Yoast SEO plugin v18.0 - https:\/\/yoast.com\/wordpress\/plugins\/seo\/ -->\n<title>Siracusa in festa. \u00c8 il 13 dicembre, \u00e8 Santa Lucia | Arte e Luoghi<\/title>\n<meta name=\"robots\" content=\"index, follow, max-snippet:-1, max-image-preview:large, max-video-preview:-1\" \/>\n<link rel=\"canonical\" href=\"https:\/\/arteeluoghi.it\/index.php\/2020\/12\/03\/siracusa-in-festa-e-il-13-dicembre-e-santa-lucia\/\" \/>\n<meta property=\"og:locale\" content=\"it_IT\" \/>\n<meta property=\"og:type\" content=\"article\" \/>\n<meta property=\"og:title\" content=\"Siracusa in festa. \u00c8 il 13 dicembre, \u00e8 Santa Lucia | Arte e Luoghi\" \/>\n<meta property=\"og:description\" content=\"L\u2019atmosfera, la processione per le strade di Siracusa, i segni della devozione alla Santa della Luce. Il racconto della festa\" \/>\n<meta property=\"og:url\" content=\"https:\/\/arteeluoghi.it\/index.php\/2020\/12\/03\/siracusa-in-festa-e-il-13-dicembre-e-santa-lucia\/\" \/>\n<meta property=\"og:site_name\" content=\"Arte e Luoghi\" \/>\n<meta property=\"article:publisher\" content=\"https:\/\/www.facebook.com\/ArteELuoghi\/\" \/>\n<meta property=\"article:published_time\" content=\"2020-12-03T00:00:36+00:00\" \/>\n<meta property=\"article:modified_time\" content=\"2020-12-27T00:17:32+00:00\" \/>\n<meta property=\"og:image\" content=\"https:\/\/arteeluoghi.it\/wp-content\/uploads\/2020\/12\/Fuochi-dartificio-su-ponte-Umberto-I-foto-Andrea-Monego-1024x683.jpg\" \/>\n\t<meta property=\"og:image:width\" content=\"1024\" \/>\n\t<meta property=\"og:image:height\" content=\"683\" \/>\n\t<meta property=\"og:image:type\" content=\"image\/jpeg\" \/>\n<meta name=\"twitter:card\" content=\"summary\" \/>\n<meta name=\"twitter:creator\" content=\"@arteeluoghi\" \/>\n<meta name=\"twitter:site\" content=\"@arteeluoghi\" \/>\n<meta name=\"twitter:label1\" content=\"Scritto da\" \/>\n\t<meta name=\"twitter:data1\" content=\"Staff\" \/>\n\t<meta name=\"twitter:label2\" content=\"Tempo di lettura stimato\" \/>\n\t<meta name=\"twitter:data2\" content=\"9 minuti\" \/>\n<script type=\"application\/ld+json\" class=\"yoast-schema-graph\">{\"@context\":\"https:\/\/schema.org\",\"@graph\":[{\"@type\":\"Organization\",\"@id\":\"https:\/\/arteeluoghi.it\/#organization\",\"name\":\"Arte e Luoghi\",\"url\":\"https:\/\/arteeluoghi.it\/\",\"sameAs\":[\"https:\/\/www.facebook.com\/ArteELuoghi\/\",\"https:\/\/www.instagram.com\/arteeluoghi\/?hl=it\",\"https:\/\/www.youtube.com\/channel\/UCuRVc4JW4-C5sg9rQB-srkw?view_as=subscriber\",\"https:\/\/twitter.com\/arteeluoghi\"],\"logo\":{\"@type\":\"ImageObject\",\"@id\":\"https:\/\/arteeluoghi.it\/#logo\",\"inLanguage\":\"it-IT\",\"url\":\"https:\/\/arteeluoghi.it\/wp-content\/uploads\/2018\/08\/logoinstagramarte.jpg\",\"contentUrl\":\"https:\/\/arteeluoghi.it\/wp-content\/uploads\/2018\/08\/logoinstagramarte.jpg\",\"width\":150,\"height\":150,\"caption\":\"Arte e Luoghi\"},\"image\":{\"@id\":\"https:\/\/arteeluoghi.it\/#logo\"}},{\"@type\":\"WebSite\",\"@id\":\"https:\/\/arteeluoghi.it\/#website\",\"url\":\"https:\/\/arteeluoghi.it\/\",\"name\":\"Arte e Luoghi\",\"description\":\"Mensile di arte, cultura, turismo e curiosit\u00e0\",\"publisher\":{\"@id\":\"https:\/\/arteeluoghi.it\/#organization\"},\"potentialAction\":[{\"@type\":\"SearchAction\",\"target\":{\"@type\":\"EntryPoint\",\"urlTemplate\":\"https:\/\/arteeluoghi.it\/?s={search_term_string}\"},\"query-input\":\"required name=search_term_string\"}],\"inLanguage\":\"it-IT\"},{\"@type\":\"ImageObject\",\"@id\":\"https:\/\/arteeluoghi.it\/index.php\/2020\/12\/03\/siracusa-in-festa-e-il-13-dicembre-e-santa-lucia\/#primaryimage\",\"inLanguage\":\"it-IT\",\"url\":\"https:\/\/arteeluoghi.it\/wp-content\/uploads\/2020\/12\/Fuochi-dartificio-su-ponte-Umberto-I-foto-Andrea-Monego.jpg\",\"contentUrl\":\"https:\/\/arteeluoghi.it\/wp-content\/uploads\/2020\/12\/Fuochi-dartificio-su-ponte-Umberto-I-foto-Andrea-Monego.jpg\",\"width\":4686,\"height\":3124},{\"@type\":\"WebPage\",\"@id\":\"https:\/\/arteeluoghi.it\/index.php\/2020\/12\/03\/siracusa-in-festa-e-il-13-dicembre-e-santa-lucia\/#webpage\",\"url\":\"https:\/\/arteeluoghi.it\/index.php\/2020\/12\/03\/siracusa-in-festa-e-il-13-dicembre-e-santa-lucia\/\",\"name\":\"Siracusa in festa. \u00c8 il 13 dicembre, \u00e8 Santa Lucia | Arte e Luoghi\",\"isPartOf\":{\"@id\":\"https:\/\/arteeluoghi.it\/#website\"},\"primaryImageOfPage\":{\"@id\":\"https:\/\/arteeluoghi.it\/index.php\/2020\/12\/03\/siracusa-in-festa-e-il-13-dicembre-e-santa-lucia\/#primaryimage\"},\"datePublished\":\"2020-12-03T00:00:36+00:00\",\"dateModified\":\"2020-12-27T00:17:32+00:00\",\"breadcrumb\":{\"@id\":\"https:\/\/arteeluoghi.it\/index.php\/2020\/12\/03\/siracusa-in-festa-e-il-13-dicembre-e-santa-lucia\/#breadcrumb\"},\"inLanguage\":\"it-IT\",\"potentialAction\":[{\"@type\":\"ReadAction\",\"target\":[\"https:\/\/arteeluoghi.it\/index.php\/2020\/12\/03\/siracusa-in-festa-e-il-13-dicembre-e-santa-lucia\/\"]}]},{\"@type\":\"BreadcrumbList\",\"@id\":\"https:\/\/arteeluoghi.it\/index.php\/2020\/12\/03\/siracusa-in-festa-e-il-13-dicembre-e-santa-lucia\/#breadcrumb\",\"itemListElement\":[{\"@type\":\"ListItem\",\"position\":1,\"name\":\"Home\",\"item\":\"https:\/\/arteeluoghi.it\/\"},{\"@type\":\"ListItem\",\"position\":2,\"name\":\"Siracusa in festa. \u00c8 il 13 dicembre, \u00e8 Santa Lucia\"}]},{\"@type\":\"Article\",\"@id\":\"https:\/\/arteeluoghi.it\/index.php\/2020\/12\/03\/siracusa-in-festa-e-il-13-dicembre-e-santa-lucia\/#article\",\"isPartOf\":{\"@id\":\"https:\/\/arteeluoghi.it\/index.php\/2020\/12\/03\/siracusa-in-festa-e-il-13-dicembre-e-santa-lucia\/#webpage\"},\"author\":{\"@id\":\"https:\/\/arteeluoghi.it\/#\/schema\/person\/f84e814e36e91e01448ee07eaadd41d4\"},\"headline\":\"Siracusa in festa. \u00c8 il 13 dicembre, \u00e8 Santa Lucia\",\"datePublished\":\"2020-12-03T00:00:36+00:00\",\"dateModified\":\"2020-12-27T00:17:32+00:00\",\"mainEntityOfPage\":{\"@id\":\"https:\/\/arteeluoghi.it\/index.php\/2020\/12\/03\/siracusa-in-festa-e-il-13-dicembre-e-santa-lucia\/#webpage\"},\"wordCount\":1873,\"commentCount\":0,\"publisher\":{\"@id\":\"https:\/\/arteeluoghi.it\/#organization\"},\"image\":{\"@id\":\"https:\/\/arteeluoghi.it\/index.php\/2020\/12\/03\/siracusa-in-festa-e-il-13-dicembre-e-santa-lucia\/#primaryimage\"},\"thumbnailUrl\":\"https:\/\/arteeluoghi.it\/wp-content\/uploads\/2020\/12\/Fuochi-dartificio-su-ponte-Umberto-I-foto-Andrea-Monego.jpg\",\"articleSection\":[\"Storie. L'uomo e il territorio\"],\"inLanguage\":\"it-IT\",\"potentialAction\":[{\"@type\":\"CommentAction\",\"name\":\"Comment\",\"target\":[\"https:\/\/arteeluoghi.it\/index.php\/2020\/12\/03\/siracusa-in-festa-e-il-13-dicembre-e-santa-lucia\/#respond\"]}]},{\"@type\":\"Person\",\"@id\":\"https:\/\/arteeluoghi.it\/#\/schema\/person\/f84e814e36e91e01448ee07eaadd41d4\",\"name\":\"Staff\",\"image\":{\"@type\":\"ImageObject\",\"@id\":\"https:\/\/arteeluoghi.it\/#personlogo\",\"inLanguage\":\"it-IT\",\"url\":\"https:\/\/secure.gravatar.com\/avatar\/49d2f9e46271bb04e19cebfaf141313a?s=96&d=blank&r=g\",\"contentUrl\":\"https:\/\/secure.gravatar.com\/avatar\/49d2f9e46271bb04e19cebfaf141313a?s=96&d=blank&r=g\",\"caption\":\"Staff\"}}]}<\/script>\n<!-- \/ Yoast SEO plugin. -->","yoast_head_json":{"title":"Siracusa in festa. \u00c8 il 13 dicembre, \u00e8 Santa Lucia | Arte e Luoghi","robots":{"index":"index","follow":"follow","max-snippet":"max-snippet:-1","max-image-preview":"max-image-preview:large","max-video-preview":"max-video-preview:-1"},"canonical":"https:\/\/arteeluoghi.it\/index.php\/2020\/12\/03\/siracusa-in-festa-e-il-13-dicembre-e-santa-lucia\/","og_locale":"it_IT","og_type":"article","og_title":"Siracusa in festa. \u00c8 il 13 dicembre, \u00e8 Santa Lucia | Arte e Luoghi","og_description":"L\u2019atmosfera, la processione per le strade di Siracusa, i segni della devozione alla Santa della Luce. Il racconto della festa","og_url":"https:\/\/arteeluoghi.it\/index.php\/2020\/12\/03\/siracusa-in-festa-e-il-13-dicembre-e-santa-lucia\/","og_site_name":"Arte e Luoghi","article_publisher":"https:\/\/www.facebook.com\/ArteELuoghi\/","article_published_time":"2020-12-03T00:00:36+00:00","article_modified_time":"2020-12-27T00:17:32+00:00","og_image":[{"width":1024,"height":683,"url":"https:\/\/arteeluoghi.it\/wp-content\/uploads\/2020\/12\/Fuochi-dartificio-su-ponte-Umberto-I-foto-Andrea-Monego-1024x683.jpg","type":"image\/jpeg"}],"twitter_card":"summary","twitter_creator":"@arteeluoghi","twitter_site":"@arteeluoghi","twitter_misc":{"Scritto da":"Staff","Tempo di lettura stimato":"9 minuti"},"schema":{"@context":"https:\/\/schema.org","@graph":[{"@type":"Organization","@id":"https:\/\/arteeluoghi.it\/#organization","name":"Arte e Luoghi","url":"https:\/\/arteeluoghi.it\/","sameAs":["https:\/\/www.facebook.com\/ArteELuoghi\/","https:\/\/www.instagram.com\/arteeluoghi\/?hl=it","https:\/\/www.youtube.com\/channel\/UCuRVc4JW4-C5sg9rQB-srkw?view_as=subscriber","https:\/\/twitter.com\/arteeluoghi"],"logo":{"@type":"ImageObject","@id":"https:\/\/arteeluoghi.it\/#logo","inLanguage":"it-IT","url":"https:\/\/arteeluoghi.it\/wp-content\/uploads\/2018\/08\/logoinstagramarte.jpg","contentUrl":"https:\/\/arteeluoghi.it\/wp-content\/uploads\/2018\/08\/logoinstagramarte.jpg","width":150,"height":150,"caption":"Arte e Luoghi"},"image":{"@id":"https:\/\/arteeluoghi.it\/#logo"}},{"@type":"WebSite","@id":"https:\/\/arteeluoghi.it\/#website","url":"https:\/\/arteeluoghi.it\/","name":"Arte e Luoghi","description":"Mensile di arte, cultura, turismo e curiosit\u00e0","publisher":{"@id":"https:\/\/arteeluoghi.it\/#organization"},"potentialAction":[{"@type":"SearchAction","target":{"@type":"EntryPoint","urlTemplate":"https:\/\/arteeluoghi.it\/?s={search_term_string}"},"query-input":"required name=search_term_string"}],"inLanguage":"it-IT"},{"@type":"ImageObject","@id":"https:\/\/arteeluoghi.it\/index.php\/2020\/12\/03\/siracusa-in-festa-e-il-13-dicembre-e-santa-lucia\/#primaryimage","inLanguage":"it-IT","url":"https:\/\/arteeluoghi.it\/wp-content\/uploads\/2020\/12\/Fuochi-dartificio-su-ponte-Umberto-I-foto-Andrea-Monego.jpg","contentUrl":"https:\/\/arteeluoghi.it\/wp-content\/uploads\/2020\/12\/Fuochi-dartificio-su-ponte-Umberto-I-foto-Andrea-Monego.jpg","width":4686,"height":3124},{"@type":"WebPage","@id":"https:\/\/arteeluoghi.it\/index.php\/2020\/12\/03\/siracusa-in-festa-e-il-13-dicembre-e-santa-lucia\/#webpage","url":"https:\/\/arteeluoghi.it\/index.php\/2020\/12\/03\/siracusa-in-festa-e-il-13-dicembre-e-santa-lucia\/","name":"Siracusa in festa. \u00c8 il 13 dicembre, \u00e8 Santa Lucia | Arte e Luoghi","isPartOf":{"@id":"https:\/\/arteeluoghi.it\/#website"},"primaryImageOfPage":{"@id":"https:\/\/arteeluoghi.it\/index.php\/2020\/12\/03\/siracusa-in-festa-e-il-13-dicembre-e-santa-lucia\/#primaryimage"},"datePublished":"2020-12-03T00:00:36+00:00","dateModified":"2020-12-27T00:17:32+00:00","breadcrumb":{"@id":"https:\/\/arteeluoghi.it\/index.php\/2020\/12\/03\/siracusa-in-festa-e-il-13-dicembre-e-santa-lucia\/#breadcrumb"},"inLanguage":"it-IT","potentialAction":[{"@type":"ReadAction","target":["https:\/\/arteeluoghi.it\/index.php\/2020\/12\/03\/siracusa-in-festa-e-il-13-dicembre-e-santa-lucia\/"]}]},{"@type":"BreadcrumbList","@id":"https:\/\/arteeluoghi.it\/index.php\/2020\/12\/03\/siracusa-in-festa-e-il-13-dicembre-e-santa-lucia\/#breadcrumb","itemListElement":[{"@type":"ListItem","position":1,"name":"Home","item":"https:\/\/arteeluoghi.it\/"},{"@type":"ListItem","position":2,"name":"Siracusa in festa. \u00c8 il 13 dicembre, \u00e8 Santa Lucia"}]},{"@type":"Article","@id":"https:\/\/arteeluoghi.it\/index.php\/2020\/12\/03\/siracusa-in-festa-e-il-13-dicembre-e-santa-lucia\/#article","isPartOf":{"@id":"https:\/\/arteeluoghi.it\/index.php\/2020\/12\/03\/siracusa-in-festa-e-il-13-dicembre-e-santa-lucia\/#webpage"},"author":{"@id":"https:\/\/arteeluoghi.it\/#\/schema\/person\/f84e814e36e91e01448ee07eaadd41d4"},"headline":"Siracusa in festa. \u00c8 il 13 dicembre, \u00e8 Santa Lucia","datePublished":"2020-12-03T00:00:36+00:00","dateModified":"2020-12-27T00:17:32+00:00","mainEntityOfPage":{"@id":"https:\/\/arteeluoghi.it\/index.php\/2020\/12\/03\/siracusa-in-festa-e-il-13-dicembre-e-santa-lucia\/#webpage"},"wordCount":1873,"commentCount":0,"publisher":{"@id":"https:\/\/arteeluoghi.it\/#organization"},"image":{"@id":"https:\/\/arteeluoghi.it\/index.php\/2020\/12\/03\/siracusa-in-festa-e-il-13-dicembre-e-santa-lucia\/#primaryimage"},"thumbnailUrl":"https:\/\/arteeluoghi.it\/wp-content\/uploads\/2020\/12\/Fuochi-dartificio-su-ponte-Umberto-I-foto-Andrea-Monego.jpg","articleSection":["Storie. L'uomo e il territorio"],"inLanguage":"it-IT","potentialAction":[{"@type":"CommentAction","name":"Comment","target":["https:\/\/arteeluoghi.it\/index.php\/2020\/12\/03\/siracusa-in-festa-e-il-13-dicembre-e-santa-lucia\/#respond"]}]},{"@type":"Person","@id":"https:\/\/arteeluoghi.it\/#\/schema\/person\/f84e814e36e91e01448ee07eaadd41d4","name":"Staff","image":{"@type":"ImageObject","@id":"https:\/\/arteeluoghi.it\/#personlogo","inLanguage":"it-IT","url":"https:\/\/secure.gravatar.com\/avatar\/49d2f9e46271bb04e19cebfaf141313a?s=96&d=blank&r=g","contentUrl":"https:\/\/secure.gravatar.com\/avatar\/49d2f9e46271bb04e19cebfaf141313a?s=96&d=blank&r=g","caption":"Staff"}}]}},"_links":{"self":[{"href":"https:\/\/arteeluoghi.it\/index.php\/wp-json\/wp\/v2\/posts\/9485"}],"collection":[{"href":"https:\/\/arteeluoghi.it\/index.php\/wp-json\/wp\/v2\/posts"}],"about":[{"href":"https:\/\/arteeluoghi.it\/index.php\/wp-json\/wp\/v2\/types\/post"}],"author":[{"embeddable":true,"href":"https:\/\/arteeluoghi.it\/index.php\/wp-json\/wp\/v2\/users\/1"}],"replies":[{"embeddable":true,"href":"https:\/\/arteeluoghi.it\/index.php\/wp-json\/wp\/v2\/comments?post=9485"}],"version-history":[{"count":2,"href":"https:\/\/arteeluoghi.it\/index.php\/wp-json\/wp\/v2\/posts\/9485\/revisions"}],"predecessor-version":[{"id":9492,"href":"https:\/\/arteeluoghi.it\/index.php\/wp-json\/wp\/v2\/posts\/9485\/revisions\/9492"}],"wp:featuredmedia":[{"embeddable":true,"href":"https:\/\/arteeluoghi.it\/index.php\/wp-json\/wp\/v2\/media\/9487"}],"wp:attachment":[{"href":"https:\/\/arteeluoghi.it\/index.php\/wp-json\/wp\/v2\/media?parent=9485"}],"wp:term":[{"taxonomy":"category","embeddable":true,"href":"https:\/\/arteeluoghi.it\/index.php\/wp-json\/wp\/v2\/categories?post=9485"},{"taxonomy":"post_tag","embeddable":true,"href":"https:\/\/arteeluoghi.it\/index.php\/wp-json\/wp\/v2\/tags?post=9485"}],"curies":[{"name":"wp","href":"https:\/\/api.w.org\/{rel}","templated":true}]}}