{"id":9515,"date":"2020-12-03T02:18:30","date_gmt":"2020-12-03T01:18:30","guid":{"rendered":"https:\/\/arteeluoghi.it\/?p=9515"},"modified":"2020-12-27T02:33:55","modified_gmt":"2020-12-27T01:33:55","slug":"il-mare-in-base-al-vento-il-romanzo-di-valentina-perrone","status":"publish","type":"post","link":"https:\/\/arteeluoghi.it\/index.php\/2020\/12\/03\/il-mare-in-base-al-vento-il-romanzo-di-valentina-perrone\/","title":{"rendered":"Il mare in base al vento, il romanzo di Valentina Perrone"},"content":{"rendered":"\n<p>Per raccontare questo romanzo bisogna partire dal titolo, poetico nella sua semplice costruzione sintattica e metafora perfetta di ci\u00f2 che viene analizzato con cura nella storia.<br> Perch\u00e9, in Salento, \u00e8 strano a dirlo\u2026 Ma si sceglie di andare al mare in base a come soffia il vento!<\/p>\n\n\n\n<!--more-->\n\n\n\n<p><br> E questa caratteristica unica e rara la si pu\u00f2 trovare solo in questo lembo di terra, che la scrittrice e giornalista Valentina Perrone ha saputo descrivere in maniera raffinata ed elegante nel suo nuovo libro pubblicato dalla casa editrice Kimerik, attraverso una rappresentazione dei luoghi che sembrano essere usciti da un dipinto di stampo impressionistico.<br> Ma partiamo con ordine e raccontiamo brevemente la trama.<br> Si inizia con Silvia, una giovane libraia legata profondamente al suo lavoro e ai suoi effetti pi\u00f9 cari, che si ritrova a fare i conti un giorno con Carlo, affascinante ingegnere dal passato ombroso.<br> Parafrasando il titolo di un famoso film di Lina Wertm\u00fcller, i due protagonisti saranno ben presto travolti da un insolito destino, proprio come se fossero due cuori nella tempesta.<br> Una tempesta fatta di sentimenti e passione, mentre alle loro spalle i vicoli del centro storico di Lecce e le spiagge di Santa Maria al Bagno faranno da splendida cornice ad una storia che parla di scelte difficili, che mettono in luce la fragilit\u00e0 e il coraggio di chi non si arrende mai ed \u00e8 disposto anche a perdonare per ritornare a sentirsi vivo.<br> Perch\u00e9, come scrive la stessa autrice:<br> &#8220;Nel Salento, dove il mare si sceglie\u2026 L&#8217;amore sfida qualunque tempesta!&#8221; <\/p>\n\n\n\n<p><\/p>\n\n\n\n<p>Valentina Perrone<br> Il mare in base al vento<br> Kimerick<br> 2019<br> ISBN 9788855162340 <br> pp.200<br> \u20ac 15<\/p>\n","protected":false},"excerpt":{"rendered":"<p>Per raccontare questo romanzo bisogna partire dal titolo, poetico nella sua semplice costruzione sintattica e metafora perfetta di ci\u00f2 che<\/p>\n","protected":false},"author":1,"featured_media":9516,"comment_status":"open","ping_status":"open","sticky":true,"template":"","format":"standard","meta":[],"categories":[2991,17],"tags":[3041,168,3042,638,3040],"yoast_head":"<!-- This site is optimized with the Yoast SEO plugin v18.0 - https:\/\/yoast.com\/wordpress\/plugins\/seo\/ -->\n<title>Il mare in base al vento, il romanzo di Valentina Perrone | Arte e Luoghi<\/title>\n<meta name=\"robots\" content=\"index, follow, max-snippet:-1, max-image-preview:large, max-video-preview:-1\" \/>\n<link rel=\"canonical\" href=\"https:\/\/arteeluoghi.it\/index.php\/2020\/12\/03\/il-mare-in-base-al-vento-il-romanzo-di-valentina-perrone\/\" \/>\n<meta property=\"og:locale\" content=\"it_IT\" \/>\n<meta property=\"og:type\" content=\"article\" \/>\n<meta property=\"og:title\" content=\"Il mare in base al vento, il romanzo di Valentina Perrone | Arte e Luoghi\" \/>\n<meta property=\"og:description\" content=\"Per raccontare questo romanzo bisogna partire dal titolo, poetico nella sua semplice costruzione sintattica e metafora perfetta di ci\u00f2 che\" \/>\n<meta property=\"og:url\" content=\"https:\/\/arteeluoghi.it\/index.php\/2020\/12\/03\/il-mare-in-base-al-vento-il-romanzo-di-valentina-perrone\/\" \/>\n<meta property=\"og:site_name\" content=\"Arte e Luoghi\" \/>\n<meta property=\"article:publisher\" content=\"https:\/\/www.facebook.com\/ArteELuoghi\/\" \/>\n<meta property=\"article:published_time\" content=\"2020-12-03T01:18:30+00:00\" \/>\n<meta property=\"article:modified_time\" content=\"2020-12-27T01:33:55+00:00\" \/>\n<meta property=\"og:image\" content=\"https:\/\/arteeluoghi.it\/wp-content\/uploads\/2020\/12\/059e32c9-01d1-42b3-a906-136532b84398.jpg\" \/>\n\t<meta property=\"og:image:width\" content=\"706\" \/>\n\t<meta property=\"og:image:height\" content=\"1024\" \/>\n\t<meta property=\"og:image:type\" content=\"image\/jpeg\" \/>\n<meta name=\"twitter:card\" content=\"summary\" \/>\n<meta name=\"twitter:creator\" content=\"@arteeluoghi\" \/>\n<meta name=\"twitter:site\" content=\"@arteeluoghi\" \/>\n<meta name=\"twitter:label1\" content=\"Scritto da\" \/>\n\t<meta name=\"twitter:data1\" content=\"Staff\" \/>\n\t<meta name=\"twitter:label2\" content=\"Tempo di lettura stimato\" \/>\n\t<meta name=\"twitter:data2\" content=\"1 minuto\" \/>\n<script type=\"application\/ld+json\" class=\"yoast-schema-graph\">{\"@context\":\"https:\/\/schema.org\",\"@graph\":[{\"@type\":\"Organization\",\"@id\":\"https:\/\/arteeluoghi.it\/#organization\",\"name\":\"Arte e Luoghi\",\"url\":\"https:\/\/arteeluoghi.it\/\",\"sameAs\":[\"https:\/\/www.facebook.com\/ArteELuoghi\/\",\"https:\/\/www.instagram.com\/arteeluoghi\/?hl=it\",\"https:\/\/www.youtube.com\/channel\/UCuRVc4JW4-C5sg9rQB-srkw?view_as=subscriber\",\"https:\/\/twitter.com\/arteeluoghi\"],\"logo\":{\"@type\":\"ImageObject\",\"@id\":\"https:\/\/arteeluoghi.it\/#logo\",\"inLanguage\":\"it-IT\",\"url\":\"https:\/\/arteeluoghi.it\/wp-content\/uploads\/2018\/08\/logoinstagramarte.jpg\",\"contentUrl\":\"https:\/\/arteeluoghi.it\/wp-content\/uploads\/2018\/08\/logoinstagramarte.jpg\",\"width\":150,\"height\":150,\"caption\":\"Arte e Luoghi\"},\"image\":{\"@id\":\"https:\/\/arteeluoghi.it\/#logo\"}},{\"@type\":\"WebSite\",\"@id\":\"https:\/\/arteeluoghi.it\/#website\",\"url\":\"https:\/\/arteeluoghi.it\/\",\"name\":\"Arte e Luoghi\",\"description\":\"Mensile di arte, cultura, turismo e curiosit\u00e0\",\"publisher\":{\"@id\":\"https:\/\/arteeluoghi.it\/#organization\"},\"potentialAction\":[{\"@type\":\"SearchAction\",\"target\":{\"@type\":\"EntryPoint\",\"urlTemplate\":\"https:\/\/arteeluoghi.it\/?s={search_term_string}\"},\"query-input\":\"required name=search_term_string\"}],\"inLanguage\":\"it-IT\"},{\"@type\":\"ImageObject\",\"@id\":\"https:\/\/arteeluoghi.it\/index.php\/2020\/12\/03\/il-mare-in-base-al-vento-il-romanzo-di-valentina-perrone\/#primaryimage\",\"inLanguage\":\"it-IT\",\"url\":\"https:\/\/arteeluoghi.it\/wp-content\/uploads\/2020\/12\/059e32c9-01d1-42b3-a906-136532b84398.jpg\",\"contentUrl\":\"https:\/\/arteeluoghi.it\/wp-content\/uploads\/2020\/12\/059e32c9-01d1-42b3-a906-136532b84398.jpg\",\"width\":706,\"height\":1024},{\"@type\":\"WebPage\",\"@id\":\"https:\/\/arteeluoghi.it\/index.php\/2020\/12\/03\/il-mare-in-base-al-vento-il-romanzo-di-valentina-perrone\/#webpage\",\"url\":\"https:\/\/arteeluoghi.it\/index.php\/2020\/12\/03\/il-mare-in-base-al-vento-il-romanzo-di-valentina-perrone\/\",\"name\":\"Il mare in base al vento, il romanzo di Valentina Perrone | Arte e Luoghi\",\"isPartOf\":{\"@id\":\"https:\/\/arteeluoghi.it\/#website\"},\"primaryImageOfPage\":{\"@id\":\"https:\/\/arteeluoghi.it\/index.php\/2020\/12\/03\/il-mare-in-base-al-vento-il-romanzo-di-valentina-perrone\/#primaryimage\"},\"datePublished\":\"2020-12-03T01:18:30+00:00\",\"dateModified\":\"2020-12-27T01:33:55+00:00\",\"breadcrumb\":{\"@id\":\"https:\/\/arteeluoghi.it\/index.php\/2020\/12\/03\/il-mare-in-base-al-vento-il-romanzo-di-valentina-perrone\/#breadcrumb\"},\"inLanguage\":\"it-IT\",\"potentialAction\":[{\"@type\":\"ReadAction\",\"target\":[\"https:\/\/arteeluoghi.it\/index.php\/2020\/12\/03\/il-mare-in-base-al-vento-il-romanzo-di-valentina-perrone\/\"]}]},{\"@type\":\"BreadcrumbList\",\"@id\":\"https:\/\/arteeluoghi.it\/index.php\/2020\/12\/03\/il-mare-in-base-al-vento-il-romanzo-di-valentina-perrone\/#breadcrumb\",\"itemListElement\":[{\"@type\":\"ListItem\",\"position\":1,\"name\":\"Home\",\"item\":\"https:\/\/arteeluoghi.it\/\"},{\"@type\":\"ListItem\",\"position\":2,\"name\":\"Il mare in base al vento, il romanzo di Valentina Perrone\"}]},{\"@type\":\"Article\",\"@id\":\"https:\/\/arteeluoghi.it\/index.php\/2020\/12\/03\/il-mare-in-base-al-vento-il-romanzo-di-valentina-perrone\/#article\",\"isPartOf\":{\"@id\":\"https:\/\/arteeluoghi.it\/index.php\/2020\/12\/03\/il-mare-in-base-al-vento-il-romanzo-di-valentina-perrone\/#webpage\"},\"author\":{\"@id\":\"https:\/\/arteeluoghi.it\/#\/schema\/person\/f84e814e36e91e01448ee07eaadd41d4\"},\"headline\":\"Il mare in base al vento, il romanzo di Valentina Perrone\",\"datePublished\":\"2020-12-03T01:18:30+00:00\",\"dateModified\":\"2020-12-27T01:33:55+00:00\",\"mainEntityOfPage\":{\"@id\":\"https:\/\/arteeluoghi.it\/index.php\/2020\/12\/03\/il-mare-in-base-al-vento-il-romanzo-di-valentina-perrone\/#webpage\"},\"wordCount\":276,\"commentCount\":0,\"publisher\":{\"@id\":\"https:\/\/arteeluoghi.it\/#organization\"},\"image\":{\"@id\":\"https:\/\/arteeluoghi.it\/index.php\/2020\/12\/03\/il-mare-in-base-al-vento-il-romanzo-di-valentina-perrone\/#primaryimage\"},\"thumbnailUrl\":\"https:\/\/arteeluoghi.it\/wp-content\/uploads\/2020\/12\/059e32c9-01d1-42b3-a906-136532b84398.jpg\",\"keywords\":[\"dal salentocaf\u00e8noir\",\"libri\",\"recensioni\",\"Stefano Camb\u00f2\",\"Valentina Perrone\"],\"articleSection\":[\"#dalSalentocaf\u00e9\",\"LIBRI\"],\"inLanguage\":\"it-IT\",\"potentialAction\":[{\"@type\":\"CommentAction\",\"name\":\"Comment\",\"target\":[\"https:\/\/arteeluoghi.it\/index.php\/2020\/12\/03\/il-mare-in-base-al-vento-il-romanzo-di-valentina-perrone\/#respond\"]}]},{\"@type\":\"Person\",\"@id\":\"https:\/\/arteeluoghi.it\/#\/schema\/person\/f84e814e36e91e01448ee07eaadd41d4\",\"name\":\"Staff\",\"image\":{\"@type\":\"ImageObject\",\"@id\":\"https:\/\/arteeluoghi.it\/#personlogo\",\"inLanguage\":\"it-IT\",\"url\":\"https:\/\/secure.gravatar.com\/avatar\/49d2f9e46271bb04e19cebfaf141313a?s=96&d=blank&r=g\",\"contentUrl\":\"https:\/\/secure.gravatar.com\/avatar\/49d2f9e46271bb04e19cebfaf141313a?s=96&d=blank&r=g\",\"caption\":\"Staff\"}}]}<\/script>\n<!-- \/ Yoast SEO plugin. -->","yoast_head_json":{"title":"Il mare in base al vento, il romanzo di Valentina Perrone | Arte e Luoghi","robots":{"index":"index","follow":"follow","max-snippet":"max-snippet:-1","max-image-preview":"max-image-preview:large","max-video-preview":"max-video-preview:-1"},"canonical":"https:\/\/arteeluoghi.it\/index.php\/2020\/12\/03\/il-mare-in-base-al-vento-il-romanzo-di-valentina-perrone\/","og_locale":"it_IT","og_type":"article","og_title":"Il mare in base al vento, il romanzo di Valentina Perrone | Arte e Luoghi","og_description":"Per raccontare questo romanzo bisogna partire dal titolo, poetico nella sua semplice costruzione sintattica e metafora perfetta di ci\u00f2 che","og_url":"https:\/\/arteeluoghi.it\/index.php\/2020\/12\/03\/il-mare-in-base-al-vento-il-romanzo-di-valentina-perrone\/","og_site_name":"Arte e Luoghi","article_publisher":"https:\/\/www.facebook.com\/ArteELuoghi\/","article_published_time":"2020-12-03T01:18:30+00:00","article_modified_time":"2020-12-27T01:33:55+00:00","og_image":[{"width":706,"height":1024,"url":"https:\/\/arteeluoghi.it\/wp-content\/uploads\/2020\/12\/059e32c9-01d1-42b3-a906-136532b84398.jpg","type":"image\/jpeg"}],"twitter_card":"summary","twitter_creator":"@arteeluoghi","twitter_site":"@arteeluoghi","twitter_misc":{"Scritto da":"Staff","Tempo di lettura stimato":"1 minuto"},"schema":{"@context":"https:\/\/schema.org","@graph":[{"@type":"Organization","@id":"https:\/\/arteeluoghi.it\/#organization","name":"Arte e Luoghi","url":"https:\/\/arteeluoghi.it\/","sameAs":["https:\/\/www.facebook.com\/ArteELuoghi\/","https:\/\/www.instagram.com\/arteeluoghi\/?hl=it","https:\/\/www.youtube.com\/channel\/UCuRVc4JW4-C5sg9rQB-srkw?view_as=subscriber","https:\/\/twitter.com\/arteeluoghi"],"logo":{"@type":"ImageObject","@id":"https:\/\/arteeluoghi.it\/#logo","inLanguage":"it-IT","url":"https:\/\/arteeluoghi.it\/wp-content\/uploads\/2018\/08\/logoinstagramarte.jpg","contentUrl":"https:\/\/arteeluoghi.it\/wp-content\/uploads\/2018\/08\/logoinstagramarte.jpg","width":150,"height":150,"caption":"Arte e Luoghi"},"image":{"@id":"https:\/\/arteeluoghi.it\/#logo"}},{"@type":"WebSite","@id":"https:\/\/arteeluoghi.it\/#website","url":"https:\/\/arteeluoghi.it\/","name":"Arte e Luoghi","description":"Mensile di arte, cultura, turismo e curiosit\u00e0","publisher":{"@id":"https:\/\/arteeluoghi.it\/#organization"},"potentialAction":[{"@type":"SearchAction","target":{"@type":"EntryPoint","urlTemplate":"https:\/\/arteeluoghi.it\/?s={search_term_string}"},"query-input":"required name=search_term_string"}],"inLanguage":"it-IT"},{"@type":"ImageObject","@id":"https:\/\/arteeluoghi.it\/index.php\/2020\/12\/03\/il-mare-in-base-al-vento-il-romanzo-di-valentina-perrone\/#primaryimage","inLanguage":"it-IT","url":"https:\/\/arteeluoghi.it\/wp-content\/uploads\/2020\/12\/059e32c9-01d1-42b3-a906-136532b84398.jpg","contentUrl":"https:\/\/arteeluoghi.it\/wp-content\/uploads\/2020\/12\/059e32c9-01d1-42b3-a906-136532b84398.jpg","width":706,"height":1024},{"@type":"WebPage","@id":"https:\/\/arteeluoghi.it\/index.php\/2020\/12\/03\/il-mare-in-base-al-vento-il-romanzo-di-valentina-perrone\/#webpage","url":"https:\/\/arteeluoghi.it\/index.php\/2020\/12\/03\/il-mare-in-base-al-vento-il-romanzo-di-valentina-perrone\/","name":"Il mare in base al vento, il romanzo di Valentina Perrone | Arte e Luoghi","isPartOf":{"@id":"https:\/\/arteeluoghi.it\/#website"},"primaryImageOfPage":{"@id":"https:\/\/arteeluoghi.it\/index.php\/2020\/12\/03\/il-mare-in-base-al-vento-il-romanzo-di-valentina-perrone\/#primaryimage"},"datePublished":"2020-12-03T01:18:30+00:00","dateModified":"2020-12-27T01:33:55+00:00","breadcrumb":{"@id":"https:\/\/arteeluoghi.it\/index.php\/2020\/12\/03\/il-mare-in-base-al-vento-il-romanzo-di-valentina-perrone\/#breadcrumb"},"inLanguage":"it-IT","potentialAction":[{"@type":"ReadAction","target":["https:\/\/arteeluoghi.it\/index.php\/2020\/12\/03\/il-mare-in-base-al-vento-il-romanzo-di-valentina-perrone\/"]}]},{"@type":"BreadcrumbList","@id":"https:\/\/arteeluoghi.it\/index.php\/2020\/12\/03\/il-mare-in-base-al-vento-il-romanzo-di-valentina-perrone\/#breadcrumb","itemListElement":[{"@type":"ListItem","position":1,"name":"Home","item":"https:\/\/arteeluoghi.it\/"},{"@type":"ListItem","position":2,"name":"Il mare in base al vento, il romanzo di Valentina Perrone"}]},{"@type":"Article","@id":"https:\/\/arteeluoghi.it\/index.php\/2020\/12\/03\/il-mare-in-base-al-vento-il-romanzo-di-valentina-perrone\/#article","isPartOf":{"@id":"https:\/\/arteeluoghi.it\/index.php\/2020\/12\/03\/il-mare-in-base-al-vento-il-romanzo-di-valentina-perrone\/#webpage"},"author":{"@id":"https:\/\/arteeluoghi.it\/#\/schema\/person\/f84e814e36e91e01448ee07eaadd41d4"},"headline":"Il mare in base al vento, il romanzo di Valentina Perrone","datePublished":"2020-12-03T01:18:30+00:00","dateModified":"2020-12-27T01:33:55+00:00","mainEntityOfPage":{"@id":"https:\/\/arteeluoghi.it\/index.php\/2020\/12\/03\/il-mare-in-base-al-vento-il-romanzo-di-valentina-perrone\/#webpage"},"wordCount":276,"commentCount":0,"publisher":{"@id":"https:\/\/arteeluoghi.it\/#organization"},"image":{"@id":"https:\/\/arteeluoghi.it\/index.php\/2020\/12\/03\/il-mare-in-base-al-vento-il-romanzo-di-valentina-perrone\/#primaryimage"},"thumbnailUrl":"https:\/\/arteeluoghi.it\/wp-content\/uploads\/2020\/12\/059e32c9-01d1-42b3-a906-136532b84398.jpg","keywords":["dal salentocaf\u00e8noir","libri","recensioni","Stefano Camb\u00f2","Valentina Perrone"],"articleSection":["#dalSalentocaf\u00e9","LIBRI"],"inLanguage":"it-IT","potentialAction":[{"@type":"CommentAction","name":"Comment","target":["https:\/\/arteeluoghi.it\/index.php\/2020\/12\/03\/il-mare-in-base-al-vento-il-romanzo-di-valentina-perrone\/#respond"]}]},{"@type":"Person","@id":"https:\/\/arteeluoghi.it\/#\/schema\/person\/f84e814e36e91e01448ee07eaadd41d4","name":"Staff","image":{"@type":"ImageObject","@id":"https:\/\/arteeluoghi.it\/#personlogo","inLanguage":"it-IT","url":"https:\/\/secure.gravatar.com\/avatar\/49d2f9e46271bb04e19cebfaf141313a?s=96&d=blank&r=g","contentUrl":"https:\/\/secure.gravatar.com\/avatar\/49d2f9e46271bb04e19cebfaf141313a?s=96&d=blank&r=g","caption":"Staff"}}]}},"_links":{"self":[{"href":"https:\/\/arteeluoghi.it\/index.php\/wp-json\/wp\/v2\/posts\/9515"}],"collection":[{"href":"https:\/\/arteeluoghi.it\/index.php\/wp-json\/wp\/v2\/posts"}],"about":[{"href":"https:\/\/arteeluoghi.it\/index.php\/wp-json\/wp\/v2\/types\/post"}],"author":[{"embeddable":true,"href":"https:\/\/arteeluoghi.it\/index.php\/wp-json\/wp\/v2\/users\/1"}],"replies":[{"embeddable":true,"href":"https:\/\/arteeluoghi.it\/index.php\/wp-json\/wp\/v2\/comments?post=9515"}],"version-history":[{"count":1,"href":"https:\/\/arteeluoghi.it\/index.php\/wp-json\/wp\/v2\/posts\/9515\/revisions"}],"predecessor-version":[{"id":9517,"href":"https:\/\/arteeluoghi.it\/index.php\/wp-json\/wp\/v2\/posts\/9515\/revisions\/9517"}],"wp:featuredmedia":[{"embeddable":true,"href":"https:\/\/arteeluoghi.it\/index.php\/wp-json\/wp\/v2\/media\/9516"}],"wp:attachment":[{"href":"https:\/\/arteeluoghi.it\/index.php\/wp-json\/wp\/v2\/media?parent=9515"}],"wp:term":[{"taxonomy":"category","embeddable":true,"href":"https:\/\/arteeluoghi.it\/index.php\/wp-json\/wp\/v2\/categories?post=9515"},{"taxonomy":"post_tag","embeddable":true,"href":"https:\/\/arteeluoghi.it\/index.php\/wp-json\/wp\/v2\/tags?post=9515"}],"curies":[{"name":"wp","href":"https:\/\/api.w.org\/{rel}","templated":true}]}}