{"id":954,"date":"2012-11-14T18:07:12","date_gmt":"2012-11-14T17:07:12","guid":{"rendered":"http:\/\/arteeluoghi.it\/index.php\/2012\/11\/14\/tedxlecce-per-promuovere-le-idee-di-valore\/"},"modified":"2017-08-07T00:48:17","modified_gmt":"2017-08-06T22:48:17","slug":"tedxlecce-per-promuovere-le-idee-di-valore","status":"publish","type":"post","link":"https:\/\/arteeluoghi.it\/index.php\/2012\/11\/14\/tedxlecce-per-promuovere-le-idee-di-valore\/","title":{"rendered":"TedxLecce, per promuovere le idee di valore"},"content":{"rendered":"<p><img src=\"\/images\/stories\/tedxlecce.png\" border=\"0\" style=\"margin: 21px; border: 1px solid black; float: left;\" \/>Alle Officne Cantelmo sabato 17 novembre. Tra i relatori il designer e stilista Ennio Capasa fondatore di Costume National<\/p>\n<p align=\"center\"><em> <\/em><\/p>\n<p><strong> <\/strong><\/p>\n<p><span style=\"font-size: small;\"><strong>Innovazione e imprenditorialit\u00e0<\/strong><\/span><\/p>\n<p>\u00a0<\/p>\n<p>Storie di economia, informazione, scienza, impresa, design, ecologia e impegno sociale: <strong>sabato 17 novembre<\/strong> arriva alle <strong>Officine Cantelmo<\/strong> la prima edizione del <strong>TedxLecce<\/strong>, la conferenza che promuove la &#8220;diffusione di idee di valore&#8221;.<\/p>\n<p><strong>Dalle 15.00<\/strong> e per circa quattro ore si alterneranno sul palco dello student center gli interventi di ventitr\u00e9 eccellenze del territorio nazionale e regionale sul tema <strong>&#8220;innovazione e imprenditorialit\u00e0&#8221;<\/strong>. <strong>Ventitr\u00e9 relatori<\/strong> condivideranno con il pubblico le idee che hanno segnato non solo la loro professione e vita, ma che hanno contribuito al progresso nel settore in cui operano.<\/p>\n<p>Diffondere\u00a0<strong><em>valore <\/em><\/strong>in qualunque settore si operi, vuol dire mettere insieme coraggio, intelligenza e curiosit\u00e0. \u00c8 quella possibilit\u00e0 che si trova tra il cuore e il cervello e soprattutto rappresenta l\u2019opportunit\u00e0 di creare qualcosa che nel tempo avr\u00e0 un valore enorme.<\/p>\n<p><strong> <\/strong><\/p>\n<p>Molto ricco e variegato il panel di relatori (che, come da formato Ted, terranno interventi di 7 o 9 minuti) al quale si aggiunge anche il fondatore di CoSTUME NATIONAL <strong>Ennio Capasa<\/strong>, designer di fama internazionale ma originario del Salento. Dal giornalista <strong>Riccardo Luna<\/strong> all&#8217;architetto e designer di origini salentine <strong>Fabio Novembre<\/strong>, da <strong>Aldo Pecora<\/strong>, fondatore di &#8220;Ammazzateci tutti&#8221;, a <strong>Gianluca Dettori<\/strong>, venture capitalist, dal neurohacker <strong>Riccardo Prodam<\/strong> all&#8217;art director <strong>David Moretti<\/strong>, da <strong>Paola Marazzini<\/strong>, manager di Google, a <strong>Marco Zamperini<\/strong>, manager e funky Professor, da <strong>Fabio Lalli<\/strong> geek, hacker, esperto di culture digitali, a <strong>Francesco Sacco<\/strong> docente universitario, tra i firmatari dell&#8217;agenda digitale.<\/p>\n<p>  <!--more-->  Da <strong>Salvatore Iaconesi<\/strong>, hacker e Interaction designer a <strong>Chiara Spinelli<\/strong> che presenter\u00e0 Eppela, una delle prime piattaforme italiane di crowdfunding, che finanzia dal basso progetti creativi. Non solo imprenditorialit\u00e0 ma anche &#8220;impegno sociale&#8221; tra gli argomenti del TedxLecce:<strong> Carlotta Sami<\/strong>, direttrice della sezione italiana di Amnesty International e <strong>Antonio Amendola<\/strong>, fotografo creatore di Shoot for change ne daranno testimonianza. Inoltre scienza, ecologia e nuove tecnologie con <strong>Paolo Gallina, <\/strong>docente di robotica,\u00a0 autore della formula matematica della felicit\u00e0, <strong>Alessandro Sannino <\/strong>docente universitario inventore degli idrogeli attivi e lo scienziato <strong>Roberto Cingolani<\/strong>, Direttore Scientifico dell\u2019Istituto Italiano di Tecnologia, a Genova. <strong>Caterina Falleni<\/strong> parler\u00e0 della sua storia tra l&#8217;invenzione di un frigorifero senza energia elettrica, la Singularity University e il progetto X&amp;Y Genomics sul DNA umano, mentre <strong>Marco Astorri<\/strong> della plastica &#8220;pulita&#8221; che ha brevettato e che si &#8220;biodegrada&#8221; in soli 40 giorni. Alcune tra le <strong>eccellenze pugliesi<\/strong> saranno rappresentate da <strong>Annibale D&#8217;Elia<\/strong>, esperto di politiche giovanili e tra i fondatori del programma della Regione Puglia Bollenti Spiriti, <strong>Luciana Delle Donne<\/strong> imprenditrice sociale e fondatrice di Officina Creativa e <strong>Roberto Covolo <\/strong>project manager dell&#8217;Ex Fadda, un vecchio stabilimento enologico trasformato in contenitore culturale.<\/p>\n<p><strong>TEDx<\/strong><strong>Lecce <\/strong>\u00e8 un evento<strong> gratuito <\/strong>e la partecipazione sar\u00e0 riservata solo alle cento persone che si sono prenotate online (le richieste sono state oltre 2000 nei primi venti minuti). La conferenza verr\u00e0 per\u00f2 trasmessa in <strong>live streaming online<\/strong> sul sito www.tedxlecce.it, sulla homepage di SalentoWebTv e, grazie alla preziosa mediapartnership con <strong>RAI5<\/strong>, sul sito www.rai5.rai.it. Inoltre sar\u00e0 proiettata all&#8217;<strong>Open Space Lecce Giovani<\/strong> in Piazza Sant&#8217;Oronzo.<\/p>\n<p>Il live streaming sar\u00e0 realizzato, grazie alla partnership tecnica con <strong>SalentoWebTv<\/strong>, sulla piattaforma <strong>Hangout on Air di Google+.<\/strong><\/p>\n<p><strong>TEDx<\/strong><strong>Lecce<\/strong> \u00e8 anche un <strong>app<\/strong> pensata per seguire l&#8217;evento in maniera interattiva. Scaricabile gratuitamente da App store e dal Play store, consente ai partecipanti di conoscersi e fare rete. L&#8217;App \u00e8 scaricabile gratuitamente ed \u00e8 compatibile con tutti gli smartphone iOS ed Android. Offrir\u00e0, durante l&#8217;evento, la possibilit\u00e0 a ciascun partecipante di visualizzare i profili di utenti e relatori, scambiare messaggi e informazioni, diventando cos\u00ec uno strumento prezioso per mettere in connessione risorse e saperi.<\/p>\n<p><strong> <\/strong><\/p>\n<p><strong>TED<\/strong><strong> <\/strong>\u00e8 una organizzazione che ha come obiettivo quello di diffondere idee di valore \u2013\u2018<strong><em>ideas worth spreading<\/em><\/strong>\u2019<strong><em>.<\/em><\/strong> Iniziata come una conferenza di quattro giorni in California 25 anni fa, <strong>TED <\/strong>\u00e8 cresciuta nella sua \u201cmission\u201c attraverso molteplici iniziative. Nella Conferenza annuale di TED (Long Beach, California) i maggiori protagonisti del \u201cpensare\u201d e del \u201cfare\u201d a livello internazionale sono invitati a raccontare le loro idee. Alle Conferenze TED hanno partecipato come relatori <strong>Bill<\/strong> <strong>Gates, Al Gore, Richard Branson, Philippe Starck,<\/strong> <strong>Stephen Hawking, Isabel Allende, Gordon Brown<\/strong><strong> <\/strong>e centinaia di altri influenti intellettuali ed opinion leader. <strong>TEDx<\/strong> \u00e8 un fenomeno <strong>internazionale<\/strong>, un insieme di eventi indipendenti, ad altissima visibilit\u00e0. Nel 2011 sono state organizzate oltre 2500 conferenze TEDx in 46 lingue, in pi\u00f9 di 110 nazioni.<\/p>\n<p>\u00a0<\/p>\n<p><strong>TEDx<\/strong><strong>Lecce<\/strong> \u00e8 un&#8217;iniziativa coordinata da Vito Margiotta e Gabriella Morelli, a cura dell&#8217;associazione &#8220;Diffondere idee di valore&#8221; realizzata con il sostegno di Officine Cantelmo, Provincia e Comune di Lecce, Banca Generali &#8211; Claudio Cacciapaglia promotore finanziario, Vestas Hotels&amp;Resorts, ADISU-Puglia sede di Lecce, in collaborazione con PazLab, Salento Lovers, Virulentia film.<\/p>\n<p>Si ringraziano Shotalive, Foto scuola Lecce, Coolclub e la rivista ICT4Executive.<\/p>\n<p>Partner tecnico per la diretta video streaming: SalentoWebTv.<\/p>\n<p>Media partner: RAI5<\/p>\n<p>(fonte: comunicato stampa)<\/p>\n<p>\u00a0<\/p>\n<p><strong>Per maggiori informazioni<\/strong> <a href=\"http:\/\/www.tedxlecce.it\/\">www.tedxlecce.it<\/a><\/p>\n<p>Twitter &#8211; <a href=\"https:\/\/twitter.com\/#!\/TEDxLecce\">https:\/\/twitter.com\/#!\/TEDxLecce<\/a><\/p>\n<p>Facebook &#8211; <a href=\"https:\/\/arteeluoghi.it\/index.php\/2013\/10\/25\/tedxlecce\/\">https:\/\/www.facebook.com\/TEDxLecce<\/a><\/p>\n<p>Google+ &#8211; <a href=\"http:\/\/www.google.com\/url?q=http%3A%2F%2Fgplus.to%2Ftedxlecce&amp;sa=D&amp;sntz=1&amp;usg=AFQjCNG4xFodJ4qIXXo1Lio8lwBPSfof8g\">http:\/\/gplus.to\/tedxlecce<\/a><\/p>\n","protected":false},"excerpt":{"rendered":"<p>Alle Officne Cantelmo sabato 17 novembre. Tra i relatori il designer e stilista Ennio Capasa fondatore di Costume National Innovazione<\/p>\n","protected":false},"author":1,"featured_media":0,"comment_status":"open","ping_status":"open","sticky":false,"template":"","format":"standard","meta":[],"categories":[28],"tags":[],"yoast_head":"<!-- This site is optimized with the Yoast SEO plugin v18.0 - https:\/\/yoast.com\/wordpress\/plugins\/seo\/ -->\n<title>TedxLecce, per promuovere le idee di valore | Arte e Luoghi<\/title>\n<meta name=\"robots\" content=\"index, follow, max-snippet:-1, max-image-preview:large, max-video-preview:-1\" \/>\n<link rel=\"canonical\" href=\"https:\/\/arteeluoghi.it\/index.php\/2012\/11\/14\/tedxlecce-per-promuovere-le-idee-di-valore\/\" \/>\n<meta property=\"og:locale\" content=\"it_IT\" \/>\n<meta property=\"og:type\" content=\"article\" \/>\n<meta property=\"og:title\" content=\"TedxLecce, per promuovere le idee di valore | Arte e Luoghi\" \/>\n<meta property=\"og:description\" content=\"Alle Officne Cantelmo sabato 17 novembre. Tra i relatori il designer e stilista Ennio Capasa fondatore di Costume National Innovazione\" \/>\n<meta property=\"og:url\" content=\"https:\/\/arteeluoghi.it\/index.php\/2012\/11\/14\/tedxlecce-per-promuovere-le-idee-di-valore\/\" \/>\n<meta property=\"og:site_name\" content=\"Arte e Luoghi\" \/>\n<meta property=\"article:publisher\" content=\"https:\/\/www.facebook.com\/ArteELuoghi\/\" \/>\n<meta property=\"article:published_time\" content=\"2012-11-14T17:07:12+00:00\" \/>\n<meta property=\"article:modified_time\" content=\"2017-08-06T22:48:17+00:00\" \/>\n<meta property=\"og:image\" content=\"https:\/\/arteeluoghi.it\/images\/stories\/tedxlecce.png\" \/>\n<meta name=\"twitter:card\" content=\"summary\" \/>\n<meta name=\"twitter:creator\" content=\"@arteeluoghi\" \/>\n<meta name=\"twitter:site\" content=\"@arteeluoghi\" \/>\n<meta name=\"twitter:label1\" content=\"Scritto da\" \/>\n\t<meta name=\"twitter:data1\" content=\"Staff\" \/>\n\t<meta name=\"twitter:label2\" content=\"Tempo di lettura stimato\" \/>\n\t<meta name=\"twitter:data2\" content=\"4 minuti\" \/>\n<script type=\"application\/ld+json\" class=\"yoast-schema-graph\">{\"@context\":\"https:\/\/schema.org\",\"@graph\":[{\"@type\":\"Organization\",\"@id\":\"https:\/\/arteeluoghi.it\/#organization\",\"name\":\"Arte e Luoghi\",\"url\":\"https:\/\/arteeluoghi.it\/\",\"sameAs\":[\"https:\/\/www.facebook.com\/ArteELuoghi\/\",\"https:\/\/www.instagram.com\/arteeluoghi\/?hl=it\",\"https:\/\/www.youtube.com\/channel\/UCuRVc4JW4-C5sg9rQB-srkw?view_as=subscriber\",\"https:\/\/twitter.com\/arteeluoghi\"],\"logo\":{\"@type\":\"ImageObject\",\"@id\":\"https:\/\/arteeluoghi.it\/#logo\",\"inLanguage\":\"it-IT\",\"url\":\"https:\/\/arteeluoghi.it\/wp-content\/uploads\/2018\/08\/logoinstagramarte.jpg\",\"contentUrl\":\"https:\/\/arteeluoghi.it\/wp-content\/uploads\/2018\/08\/logoinstagramarte.jpg\",\"width\":150,\"height\":150,\"caption\":\"Arte e Luoghi\"},\"image\":{\"@id\":\"https:\/\/arteeluoghi.it\/#logo\"}},{\"@type\":\"WebSite\",\"@id\":\"https:\/\/arteeluoghi.it\/#website\",\"url\":\"https:\/\/arteeluoghi.it\/\",\"name\":\"Arte e Luoghi\",\"description\":\"Mensile di arte, cultura, turismo e curiosit\u00e0\",\"publisher\":{\"@id\":\"https:\/\/arteeluoghi.it\/#organization\"},\"potentialAction\":[{\"@type\":\"SearchAction\",\"target\":{\"@type\":\"EntryPoint\",\"urlTemplate\":\"https:\/\/arteeluoghi.it\/?s={search_term_string}\"},\"query-input\":\"required name=search_term_string\"}],\"inLanguage\":\"it-IT\"},{\"@type\":\"ImageObject\",\"@id\":\"https:\/\/arteeluoghi.it\/index.php\/2012\/11\/14\/tedxlecce-per-promuovere-le-idee-di-valore\/#primaryimage\",\"inLanguage\":\"it-IT\",\"url\":\"\/images\/stories\/tedxlecce.png\",\"contentUrl\":\"\/images\/stories\/tedxlecce.png\"},{\"@type\":\"WebPage\",\"@id\":\"https:\/\/arteeluoghi.it\/index.php\/2012\/11\/14\/tedxlecce-per-promuovere-le-idee-di-valore\/#webpage\",\"url\":\"https:\/\/arteeluoghi.it\/index.php\/2012\/11\/14\/tedxlecce-per-promuovere-le-idee-di-valore\/\",\"name\":\"TedxLecce, per promuovere le idee di valore | Arte e Luoghi\",\"isPartOf\":{\"@id\":\"https:\/\/arteeluoghi.it\/#website\"},\"primaryImageOfPage\":{\"@id\":\"https:\/\/arteeluoghi.it\/index.php\/2012\/11\/14\/tedxlecce-per-promuovere-le-idee-di-valore\/#primaryimage\"},\"datePublished\":\"2012-11-14T17:07:12+00:00\",\"dateModified\":\"2017-08-06T22:48:17+00:00\",\"breadcrumb\":{\"@id\":\"https:\/\/arteeluoghi.it\/index.php\/2012\/11\/14\/tedxlecce-per-promuovere-le-idee-di-valore\/#breadcrumb\"},\"inLanguage\":\"it-IT\",\"potentialAction\":[{\"@type\":\"ReadAction\",\"target\":[\"https:\/\/arteeluoghi.it\/index.php\/2012\/11\/14\/tedxlecce-per-promuovere-le-idee-di-valore\/\"]}]},{\"@type\":\"BreadcrumbList\",\"@id\":\"https:\/\/arteeluoghi.it\/index.php\/2012\/11\/14\/tedxlecce-per-promuovere-le-idee-di-valore\/#breadcrumb\",\"itemListElement\":[{\"@type\":\"ListItem\",\"position\":1,\"name\":\"Home\",\"item\":\"https:\/\/arteeluoghi.it\/\"},{\"@type\":\"ListItem\",\"position\":2,\"name\":\"TedxLecce, per promuovere le idee di valore\"}]},{\"@type\":\"Article\",\"@id\":\"https:\/\/arteeluoghi.it\/index.php\/2012\/11\/14\/tedxlecce-per-promuovere-le-idee-di-valore\/#article\",\"isPartOf\":{\"@id\":\"https:\/\/arteeluoghi.it\/index.php\/2012\/11\/14\/tedxlecce-per-promuovere-le-idee-di-valore\/#webpage\"},\"author\":{\"@id\":\"https:\/\/arteeluoghi.it\/#\/schema\/person\/f84e814e36e91e01448ee07eaadd41d4\"},\"headline\":\"TedxLecce, per promuovere le idee di valore\",\"datePublished\":\"2012-11-14T17:07:12+00:00\",\"dateModified\":\"2017-08-06T22:48:17+00:00\",\"mainEntityOfPage\":{\"@id\":\"https:\/\/arteeluoghi.it\/index.php\/2012\/11\/14\/tedxlecce-per-promuovere-le-idee-di-valore\/#webpage\"},\"wordCount\":828,\"commentCount\":0,\"publisher\":{\"@id\":\"https:\/\/arteeluoghi.it\/#organization\"},\"image\":{\"@id\":\"https:\/\/arteeluoghi.it\/index.php\/2012\/11\/14\/tedxlecce-per-promuovere-le-idee-di-valore\/#primaryimage\"},\"thumbnailUrl\":\"\/images\/stories\/tedxlecce.png\",\"articleSection\":[\"Notizie\"],\"inLanguage\":\"it-IT\",\"potentialAction\":[{\"@type\":\"CommentAction\",\"name\":\"Comment\",\"target\":[\"https:\/\/arteeluoghi.it\/index.php\/2012\/11\/14\/tedxlecce-per-promuovere-le-idee-di-valore\/#respond\"]}]},{\"@type\":\"Person\",\"@id\":\"https:\/\/arteeluoghi.it\/#\/schema\/person\/f84e814e36e91e01448ee07eaadd41d4\",\"name\":\"Staff\",\"image\":{\"@type\":\"ImageObject\",\"@id\":\"https:\/\/arteeluoghi.it\/#personlogo\",\"inLanguage\":\"it-IT\",\"url\":\"https:\/\/secure.gravatar.com\/avatar\/49d2f9e46271bb04e19cebfaf141313a?s=96&d=blank&r=g\",\"contentUrl\":\"https:\/\/secure.gravatar.com\/avatar\/49d2f9e46271bb04e19cebfaf141313a?s=96&d=blank&r=g\",\"caption\":\"Staff\"}}]}<\/script>\n<!-- \/ Yoast SEO plugin. -->","yoast_head_json":{"title":"TedxLecce, per promuovere le idee di valore | Arte e Luoghi","robots":{"index":"index","follow":"follow","max-snippet":"max-snippet:-1","max-image-preview":"max-image-preview:large","max-video-preview":"max-video-preview:-1"},"canonical":"https:\/\/arteeluoghi.it\/index.php\/2012\/11\/14\/tedxlecce-per-promuovere-le-idee-di-valore\/","og_locale":"it_IT","og_type":"article","og_title":"TedxLecce, per promuovere le idee di valore | Arte e Luoghi","og_description":"Alle Officne Cantelmo sabato 17 novembre. Tra i relatori il designer e stilista Ennio Capasa fondatore di Costume National Innovazione","og_url":"https:\/\/arteeluoghi.it\/index.php\/2012\/11\/14\/tedxlecce-per-promuovere-le-idee-di-valore\/","og_site_name":"Arte e Luoghi","article_publisher":"https:\/\/www.facebook.com\/ArteELuoghi\/","article_published_time":"2012-11-14T17:07:12+00:00","article_modified_time":"2017-08-06T22:48:17+00:00","og_image":[{"url":"https:\/\/arteeluoghi.it\/images\/stories\/tedxlecce.png"}],"twitter_card":"summary","twitter_creator":"@arteeluoghi","twitter_site":"@arteeluoghi","twitter_misc":{"Scritto da":"Staff","Tempo di lettura stimato":"4 minuti"},"schema":{"@context":"https:\/\/schema.org","@graph":[{"@type":"Organization","@id":"https:\/\/arteeluoghi.it\/#organization","name":"Arte e Luoghi","url":"https:\/\/arteeluoghi.it\/","sameAs":["https:\/\/www.facebook.com\/ArteELuoghi\/","https:\/\/www.instagram.com\/arteeluoghi\/?hl=it","https:\/\/www.youtube.com\/channel\/UCuRVc4JW4-C5sg9rQB-srkw?view_as=subscriber","https:\/\/twitter.com\/arteeluoghi"],"logo":{"@type":"ImageObject","@id":"https:\/\/arteeluoghi.it\/#logo","inLanguage":"it-IT","url":"https:\/\/arteeluoghi.it\/wp-content\/uploads\/2018\/08\/logoinstagramarte.jpg","contentUrl":"https:\/\/arteeluoghi.it\/wp-content\/uploads\/2018\/08\/logoinstagramarte.jpg","width":150,"height":150,"caption":"Arte e Luoghi"},"image":{"@id":"https:\/\/arteeluoghi.it\/#logo"}},{"@type":"WebSite","@id":"https:\/\/arteeluoghi.it\/#website","url":"https:\/\/arteeluoghi.it\/","name":"Arte e Luoghi","description":"Mensile di arte, cultura, turismo e curiosit\u00e0","publisher":{"@id":"https:\/\/arteeluoghi.it\/#organization"},"potentialAction":[{"@type":"SearchAction","target":{"@type":"EntryPoint","urlTemplate":"https:\/\/arteeluoghi.it\/?s={search_term_string}"},"query-input":"required name=search_term_string"}],"inLanguage":"it-IT"},{"@type":"ImageObject","@id":"https:\/\/arteeluoghi.it\/index.php\/2012\/11\/14\/tedxlecce-per-promuovere-le-idee-di-valore\/#primaryimage","inLanguage":"it-IT","url":"\/images\/stories\/tedxlecce.png","contentUrl":"\/images\/stories\/tedxlecce.png"},{"@type":"WebPage","@id":"https:\/\/arteeluoghi.it\/index.php\/2012\/11\/14\/tedxlecce-per-promuovere-le-idee-di-valore\/#webpage","url":"https:\/\/arteeluoghi.it\/index.php\/2012\/11\/14\/tedxlecce-per-promuovere-le-idee-di-valore\/","name":"TedxLecce, per promuovere le idee di valore | Arte e Luoghi","isPartOf":{"@id":"https:\/\/arteeluoghi.it\/#website"},"primaryImageOfPage":{"@id":"https:\/\/arteeluoghi.it\/index.php\/2012\/11\/14\/tedxlecce-per-promuovere-le-idee-di-valore\/#primaryimage"},"datePublished":"2012-11-14T17:07:12+00:00","dateModified":"2017-08-06T22:48:17+00:00","breadcrumb":{"@id":"https:\/\/arteeluoghi.it\/index.php\/2012\/11\/14\/tedxlecce-per-promuovere-le-idee-di-valore\/#breadcrumb"},"inLanguage":"it-IT","potentialAction":[{"@type":"ReadAction","target":["https:\/\/arteeluoghi.it\/index.php\/2012\/11\/14\/tedxlecce-per-promuovere-le-idee-di-valore\/"]}]},{"@type":"BreadcrumbList","@id":"https:\/\/arteeluoghi.it\/index.php\/2012\/11\/14\/tedxlecce-per-promuovere-le-idee-di-valore\/#breadcrumb","itemListElement":[{"@type":"ListItem","position":1,"name":"Home","item":"https:\/\/arteeluoghi.it\/"},{"@type":"ListItem","position":2,"name":"TedxLecce, per promuovere le idee di valore"}]},{"@type":"Article","@id":"https:\/\/arteeluoghi.it\/index.php\/2012\/11\/14\/tedxlecce-per-promuovere-le-idee-di-valore\/#article","isPartOf":{"@id":"https:\/\/arteeluoghi.it\/index.php\/2012\/11\/14\/tedxlecce-per-promuovere-le-idee-di-valore\/#webpage"},"author":{"@id":"https:\/\/arteeluoghi.it\/#\/schema\/person\/f84e814e36e91e01448ee07eaadd41d4"},"headline":"TedxLecce, per promuovere le idee di valore","datePublished":"2012-11-14T17:07:12+00:00","dateModified":"2017-08-06T22:48:17+00:00","mainEntityOfPage":{"@id":"https:\/\/arteeluoghi.it\/index.php\/2012\/11\/14\/tedxlecce-per-promuovere-le-idee-di-valore\/#webpage"},"wordCount":828,"commentCount":0,"publisher":{"@id":"https:\/\/arteeluoghi.it\/#organization"},"image":{"@id":"https:\/\/arteeluoghi.it\/index.php\/2012\/11\/14\/tedxlecce-per-promuovere-le-idee-di-valore\/#primaryimage"},"thumbnailUrl":"\/images\/stories\/tedxlecce.png","articleSection":["Notizie"],"inLanguage":"it-IT","potentialAction":[{"@type":"CommentAction","name":"Comment","target":["https:\/\/arteeluoghi.it\/index.php\/2012\/11\/14\/tedxlecce-per-promuovere-le-idee-di-valore\/#respond"]}]},{"@type":"Person","@id":"https:\/\/arteeluoghi.it\/#\/schema\/person\/f84e814e36e91e01448ee07eaadd41d4","name":"Staff","image":{"@type":"ImageObject","@id":"https:\/\/arteeluoghi.it\/#personlogo","inLanguage":"it-IT","url":"https:\/\/secure.gravatar.com\/avatar\/49d2f9e46271bb04e19cebfaf141313a?s=96&d=blank&r=g","contentUrl":"https:\/\/secure.gravatar.com\/avatar\/49d2f9e46271bb04e19cebfaf141313a?s=96&d=blank&r=g","caption":"Staff"}}]}},"_links":{"self":[{"href":"https:\/\/arteeluoghi.it\/index.php\/wp-json\/wp\/v2\/posts\/954"}],"collection":[{"href":"https:\/\/arteeluoghi.it\/index.php\/wp-json\/wp\/v2\/posts"}],"about":[{"href":"https:\/\/arteeluoghi.it\/index.php\/wp-json\/wp\/v2\/types\/post"}],"author":[{"embeddable":true,"href":"https:\/\/arteeluoghi.it\/index.php\/wp-json\/wp\/v2\/users\/1"}],"replies":[{"embeddable":true,"href":"https:\/\/arteeluoghi.it\/index.php\/wp-json\/wp\/v2\/comments?post=954"}],"version-history":[{"count":1,"href":"https:\/\/arteeluoghi.it\/index.php\/wp-json\/wp\/v2\/posts\/954\/revisions"}],"predecessor-version":[{"id":2591,"href":"https:\/\/arteeluoghi.it\/index.php\/wp-json\/wp\/v2\/posts\/954\/revisions\/2591"}],"wp:attachment":[{"href":"https:\/\/arteeluoghi.it\/index.php\/wp-json\/wp\/v2\/media?parent=954"}],"wp:term":[{"taxonomy":"category","embeddable":true,"href":"https:\/\/arteeluoghi.it\/index.php\/wp-json\/wp\/v2\/categories?post=954"},{"taxonomy":"post_tag","embeddable":true,"href":"https:\/\/arteeluoghi.it\/index.php\/wp-json\/wp\/v2\/tags?post=954"}],"curies":[{"name":"wp","href":"https:\/\/api.w.org\/{rel}","templated":true}]}}