{"id":9557,"date":"2020-12-31T23:19:02","date_gmt":"2020-12-31T22:19:02","guid":{"rendered":"https:\/\/arteeluoghi.it\/?p=9557"},"modified":"2021-01-01T01:44:09","modified_gmt":"2021-01-01T00:44:09","slug":"non-essere-o-non-essere-vaccinato","status":"publish","type":"post","link":"https:\/\/arteeluoghi.it\/index.php\/2020\/12\/31\/non-essere-o-non-essere-vaccinato\/","title":{"rendered":"Essere o non essere &#8230;vaccinato"},"content":{"rendered":"\n<blockquote class=\"wp-block-quote\"><p>Considerazioni sulla vaccinazione contro il Covid 19<\/p><cite>Stefano Quarta<\/cite><\/blockquote>\n\n\n\n<p>In molti avranno visto un bellissimo film del 2001, vincitore di quattro premi Oscar, con un brillante Russell Crowe nel ruolo di protagonista. Si tratta di <em>A beautiful mind<\/em>, un film sulla vita del matematico ed economista John Nash. Un uomo con aspirazioni in campo matematico ma che nel 1949, durante il dottorato, formul\u00f2 la teoria che gli sarebbe valsa (45 anni pi\u00f9 tardi) il premio Nobel per l\u2019economia, la teoria dei giochi non cooperativi. <\/p>\n\n\n\n<!--more-->\n\n\n\n<p>Questa teoria descrive bene l\u2019egoismo intrinseco nel comportamento economico. Il fatto che individui diversi collaborino per un fine comune non \u00e8 un atto di altruismo, bens\u00ec l\u2019esatto contrario. Ognuno decide di collaborare solo per raggiungere il proprio obiettivo. Il filosofo inglese Hobbes descriveva questo comportamento con la massima latina \u201chomo homini lupus\u201d (<em>uomo lupo dell\u2019uomo<\/em>), spiegando che la cooperazione sociale si basa sulla paura dell\u2019aggressione altrui. In pratica, chiunque pu\u00f2 uccidere qualcun altro, pertanto, un accordo che bandisca l\u2019omicidio \u00e8 vantaggioso per tutti. Ma questo accordo non si basa sull\u2019amore per la vita altrui, bens\u00ec sul desiderio di preservare la propria vita.<\/p>\n\n\n\n<p>Nash esamina, a mio modo di vedere, questo concetto, quantificando i risultati per i vari scenari possibili ed esponendo un metodo per trovare quello scenario che sia accettato da tutti gli attori in gioco. Questo scenario \u00e8 detto <em>equilibrio di Nash<\/em>. Normalmente si utilizza l\u2019esempio del cosiddetto <em>dilemma del prigioniero<\/em> per spiegare questa teoria. Si immagini di arrestare due sospettati di furto. I due soggetti vengono posti da subito in due stanze diverse, in modo tale che non possano accordarsi. Successivamente si procede con due interrogatori distinti, proponendo ad entrambi le seguenti pene in base alla loro collaborazione:<\/p>\n\n\n\n<ul><li>Se solo uno dei due collabora, riversando la\ncolpa sull&#8217;altro: chi ha collaborato evita la pena; chi \u00e8 stato accusato viene\ncondannato a 5 anni di carcere;<\/li><li>Se i due sospettati si accusano a vicenda:\nvengono entrambi condannati a 3 anni.<\/li><li>Se nessuno dei due collabora: entrambi vengono\ncondannati a 2 anni di carcere per reati accessori.<\/li><\/ul>\n\n\n\n<p>Questo schema dovrebbe risultare\nmolto familiare, perch\u00e9 usato molto spesso nei film polizieschi come tecnica\nper far parlare uno dei due sospettati. Ma vediamo come trovare l\u2019equilibrio.<\/p>\n\n\n\n<p>Innanzitutto, rappresentiamo con\nuna tabella i vari scenari sopra esposti (Tabella 1).<\/p>\n\n\n\n<p>Tabella 1 Matrice di interazione (dilemma del prigioniero).<\/p>\n\n\n\n<figure class=\"wp-block-image\"><img loading=\"lazy\" width=\"499\" height=\"119\" src=\"https:\/\/arteeluoghi.it\/wp-content\/uploads\/2021\/01\/stefano_tabella-1.png\" alt=\"\" class=\"wp-image-9562\" srcset=\"https:\/\/arteeluoghi.it\/wp-content\/uploads\/2021\/01\/stefano_tabella-1.png 499w, https:\/\/arteeluoghi.it\/wp-content\/uploads\/2021\/01\/stefano_tabella-1-300x72.png 300w\" sizes=\"(max-width: 499px) 100vw, 499px\" \/><\/figure>\n\n\n\n<p>Come interpretare la tabella per\ntrovare l\u2019equilibrio:<\/p>\n\n\n\n<ul><li>Ogni giocatore cercher\u00e0 di minimizzare la\npropria condanna;<\/li><li>Poniamo che il giocatore 1 non collabori (riga\ninferiore); in tal caso, il giocatore 2 otterrebbe una pena di 2 anni non\ncollaborando e di 0 anni collaborando, quindi collaborerebbe; ma se il\ngiocatore 2 collaborasse, al giocatore 1 converrebbe collaborare a sua volta,\nper prendere 3 anni anzich\u00e9 5;<\/li><li>Se invece entrambi collaborassero, nessuno dei\ndue avrebbe incentivo a cambiare strategia (cio\u00e8 a non collaborare), perch\u00e9 altrimenti\navrebbero una pena di 5 anni anzich\u00e9 3.<\/li><\/ul>\n\n\n\n<p>Un metodo pratico per trovare l\u2019equilibrio \u00e8 quello di confrontare, per ciascuno scenario, il primo numero in colonna e il secondo numero in riga. Se lo scenario considerato esprime i payoff migliori per entrambi i giocatori, allora \u00e8 un equilibrio di Nash, cio\u00e8 stabile rispetto a strategie alternative. In pratica, ogni giocatore confermerebbe la propria strategia anche dopo aver conosciuto la strategia altrui, perch\u00e9 la strategia alternativa sarebbe meno conveniente. Perci\u00f2, in questo caso, l\u2019equilibrio <em>(collabora; collabora)<\/em> \u00e8 l\u2019equilibrio di Nash in quanto, per ogni giocatore, la strategia alternativa porterebbe ad una pena maggiore.<\/p>\n\n\n\n<p>Nash ha vinto il Nobel perch\u00e9\nquesto ragionamento \u00e8 applicabile e modellabile ad un\u2019infinit\u00e0 di ambiti. Si\nimmagini due imprese che debbano decidere se competere nella produzione di un\nnuovo prodotto. Immaginiamo che dopo attente ricerche di mercato si ottengano i\nseguenti <em>payoff<\/em> (i payoff sono i\nnumeri all\u2019interno della tabella, quindi i risultati attesi in base allo\nscenario):<\/p>\n\n\n\n<p>Tabella 2 Matrice di interazione (competizione tra imprese).<\/p>\n\n\n\n<figure class=\"wp-block-image\"><img loading=\"lazy\" width=\"499\" height=\"119\" src=\"https:\/\/arteeluoghi.it\/wp-content\/uploads\/2021\/01\/stefano_tabella2.png\" alt=\"\" class=\"wp-image-9563\" srcset=\"https:\/\/arteeluoghi.it\/wp-content\/uploads\/2021\/01\/stefano_tabella2.png 499w, https:\/\/arteeluoghi.it\/wp-content\/uploads\/2021\/01\/stefano_tabella2-300x72.png 300w\" sizes=\"(max-width: 499px) 100vw, 499px\" \/><\/figure>\n\n\n\n<p>In questo caso i payoff sono i\nprofitti attesi, quindi ogni giocatore preferir\u00e0 i valori pi\u00f9 alti.&nbsp; Immaginiamo che se entrambe le imprese decidessero\ndi competere nel nuovo mercato, avrebbero dei profitti di poco superiori a\nquelli di partenza (situazione in cui nessuno compete nel nuovo mercato).\nTuttavia, se solo una delle due imprese competesse sul nuovo prodotto, otterrebbe\nrisultati eccezionali, mentre l\u2019altra impresa subirebbe una forte contrazione\ndei profitti, dovuta a cali di popolarit\u00e0 o altre motivazioni. Come per il\ndilemma del prigioniero, anche in questo caso l\u2019equilibrio di Nash \u00e8 quello in\nalto a sinistra, in cui entrambi competono. Tuttavia, in questo caso\nl\u2019equilibrio di Nash coincide con l\u2019<em>ottimo\nsociale<\/em>, mentre nel dilemma del prigioniero no. L\u2019ottimo sociale pu\u00f2 essere\ninteso come lo scenario in cui la somma dei payoff \u00e8 la pi\u00f9 desiderabile.\nSommando i payoff dei due giocatori in quest\u2019ultimo esempio, otteniamo 120 se\nentrambi competono, 100 se entrambi non competono e 110 nei due scenari misti.\nQuindi l\u2019equilibrio di Nash \u00e8 anche quello in cui la societ\u00e0, che qui \u00e8 composta\ndai soli due giocatori, ottiene il payoff massimo (o in altri termini, ottimo).\nNel dilemma del prigioniero, invece, i payoff sociali sono 6 nel caso di doppia\ncollaborazione, 4 se entrambi non collaborano e 5 negli scenari misti.\nRicordando che in questo caso \u00e8 preferibile un numero basso (trattandosi di una\npena), si ha l\u2019ottimo sociale nello scenario in cui entrambi non collaborano.\nIn altri termini, ad entrambi converrebbe non collaborare ma, nonostante ci\u00f2, alla\nfine confessano entrambi. Per questo motivo si parla anche di <em>paradosso del prigioniero<\/em>,&nbsp; proprio perch\u00e9 i comportamenti razionali\nindividuali contrastano con i comportamenti razionali sociali. Attenzione, i\ncomportamenti sono in ogni caso razionali, cio\u00e8 ogni individuo sceglie il\nmeglio per s\u00e9. Cionondimeno, non ottengono il meglio per s\u00e9.<\/p>\n\n\n\n<p>Come detto, questa teoria trova\ninfinite applicazioni, con equilibri che possono essere di reciproca non\ncollaborazione, oppure equilibri misti, in cui a ciascuno conviene che la\npropria strategia sia opposta rispetto a quella della controparte. Tutto\ndipende dai payoff in gioco.<\/p>\n\n\n\n<p>In questo periodo, un\u2019applicazione\nparticolarmente interessante pu\u00f2 certamente riguardare la vaccinazione contro\nil Covid-19 (tuttavia il ragionamento \u00e8 estendibile a qualsiasi altro vaccino).\nI vari sondaggi mostrano come da un quarto a met\u00e0 della popolazione sia\ntendenzialmente contrario all\u2019idea di vaccinarsi. Ormai sono chiari a tutti gli\neffetti del Covid-19, sia in termini sanitari che economici. Ciononostante, una\nrilevante porzione di popolazione non si vaccinerebbe, preoccupata da possibili\nreazioni avverse. Proviamo quindi ad immaginare dei possibili payoff, in modo\nda costruire una matrice e vedere l\u2019equilibrio di Nash e l\u2019ottimo sociale. Nel\nfare ci\u00f2, ammettiamo l\u2019esistenza di effetti collaterali dovuti alla\nvaccinazione, poich\u00e9 senza questi effetti negativi sarebbe del tutto\nirrazionale la scelta di non vaccinarsi.<\/p>\n\n\n\n<p>Immaginiamo che i payoff siano\nuna sorta di punteggio di benessere che varia tra 0 e 100, preferendo quindi i\nvalori pi\u00f9 alti possibile. Come al solito restringiamo la popolazione a due\nsoli individui per semplicit\u00e0 di trattazione e calcolo (si pu\u00f2 comunque immaginare\ndi essere il giocatore 1 e di avere a che fare col giocatore 2 che rappresenta\nil resto della popolazione). Le possibili scelte sono di vaccinarsi oppure no\nma, partendo da un benessere pari a 100 in condizioni di normalit\u00e0, ipotizziamo\ni seguenti malus:<\/p>\n\n\n\n<ul><li>\u201c-30\u201d per gli effetti collaterali dovuti al\nvaccino;<\/li><li>\u201c-50\u201d per le restrizioni che ci impone la\npandemia;<\/li><li>\u201c-25\u201d in caso di circolazione parziale del\nvirus, con conseguenti restrizioni parziali, come risultato di una parziale\nvaccinazione.<\/li><\/ul>\n\n\n\n<p>Ne risulterebbe la matrice in\nTabella 3.<\/p>\n\n\n\n<p>Tabella 3 Matrice di interazione (vaccinazione pessimista).<\/p>\n\n\n\n<figure class=\"wp-block-image\"><img loading=\"lazy\" width=\"499\" height=\"119\" src=\"https:\/\/arteeluoghi.it\/wp-content\/uploads\/2021\/01\/stefano_tabella3.png\" alt=\"\" class=\"wp-image-9564\" srcset=\"https:\/\/arteeluoghi.it\/wp-content\/uploads\/2021\/01\/stefano_tabella3.png 499w, https:\/\/arteeluoghi.it\/wp-content\/uploads\/2021\/01\/stefano_tabella3-300x72.png 300w\" sizes=\"(max-width: 499px) 100vw, 499px\" \/><\/figure>\n\n\n\n<p>Date queste assunzioni, entrambi\ni giocatori non si vaccinerebbero. Ricadremmo, quindi, nello stesso risultato\nottenuto col dilemma del prigioniero. L\u2019equilibrio stabile non \u00e8 quello\nsocialmente ottimale. In altre parole, l\u2019egoismo di ognuno danneggia la\ncollettivit\u00e0 (di cui si fa parte).<\/p>\n\n\n\n<p>Ma proviamo a ridisegnare i\npossibili malus, semplicemente ridimensionando il possibile danno da effetti\ncollaterali da \u201c-30\u201d a \u201c-20\u201d. La matrice diverrebbe quella in Tabella 4.<\/p>\n\n\n\n<p>Tabella 4 Matrice di\ninterazione (vaccinazione ottimista).<\/p>\n\n\n\n<figure class=\"wp-block-image\"><img loading=\"lazy\" width=\"499\" height=\"119\" src=\"https:\/\/arteeluoghi.it\/wp-content\/uploads\/2021\/01\/stefano_tabella4.png\" alt=\"\" class=\"wp-image-9565\" srcset=\"https:\/\/arteeluoghi.it\/wp-content\/uploads\/2021\/01\/stefano_tabella4.png 499w, https:\/\/arteeluoghi.it\/wp-content\/uploads\/2021\/01\/stefano_tabella4-300x72.png 300w\" sizes=\"(max-width: 499px) 100vw, 499px\" \/><\/figure>\n\n\n\n<p>In questo caso, l\u2019equilibrio di\nNash coincide con l\u2019ottimo sociale e prevede che entrambi i giocatori si\nvaccinino. Il tutto si pu\u00f2 riassumere nella comparazione tra il danno da\neffetti collaterali e il danno dovuto alle restrizioni e alla malattia stessa.\nSiccome da un lato abbiamo a che fare con un virus che uccide, mentre\ndall\u2019altro vi sono dei vaccini che dovrebbero avere i soliti effetti\ncollaterali che si limitano a pochi giorni di malessere, non vedo come si possa\nconsiderare valida l\u2019ipotesi in Tabella 3.<\/p>\n\n\n\n<p>Per far si che\nalla fine i vaccini risolvano questa crisi pandemica, occorre che una\npercentuale rilevante si vaccini. Per diverse malattie si fissa al 95% la quota\ndi sicurezza per raggiungere la cosiddetta <em>immunit\u00e0\ndi gregge<\/em>. Tuttavia, per il Covid-19 ancora non si conosce quale possa\nessere il livello minimo da raggiungere. Al momento non si rende necessario\nl\u2019obbligo di vaccinarsi perch\u00e9 le dosi disponibili sono molto poche ma in\nestate, al raggiungimento di una disponibilit\u00e0 di dosi rilevante, sar\u00e0\ncertamente opportuno valutare delle misure che, anche obtorto collo, permettano\ndi raggiungere questo livello minimo necessario. Per il momento, resta solo da\nsperare in una corretta valutazione dei vari \u201ceffetti collaterali\u201d da parte\ndella popolazione ricordando che, un po\u2019 come per l\u2019astensionismo dal voto, chi\nelude i doveri, rinuncia ai diritti.<\/p>\n","protected":false},"excerpt":{"rendered":"<p>Considerazioni sulla vaccinazione contro il Covid 19 Stefano Quarta In molti avranno visto un bellissimo film del 2001, vincitore di<\/p>\n","protected":false},"author":1,"featured_media":0,"comment_status":"open","ping_status":"open","sticky":true,"template":"","format":"standard","meta":[],"categories":[52],"tags":[3062,3061,3060,2311,3063,2253],"yoast_head":"<!-- This site is optimized with the Yoast SEO plugin v18.0 - https:\/\/yoast.com\/wordpress\/plugins\/seo\/ -->\n<title>Essere o non essere ...vaccinato | Arte e Luoghi<\/title>\n<meta name=\"description\" content=\"Considerazioni sulla vaccinazione contro il Covid 19\" \/>\n<meta name=\"robots\" content=\"index, follow, max-snippet:-1, max-image-preview:large, max-video-preview:-1\" \/>\n<link rel=\"canonical\" href=\"https:\/\/arteeluoghi.it\/index.php\/2020\/12\/31\/non-essere-o-non-essere-vaccinato\/\" \/>\n<meta property=\"og:locale\" content=\"it_IT\" \/>\n<meta property=\"og:type\" content=\"article\" \/>\n<meta property=\"og:title\" content=\"Essere o non essere ...vaccinato | Arte e Luoghi\" \/>\n<meta property=\"og:description\" content=\"Considerazioni sulla vaccinazione contro il Covid 19\" \/>\n<meta property=\"og:url\" content=\"https:\/\/arteeluoghi.it\/index.php\/2020\/12\/31\/non-essere-o-non-essere-vaccinato\/\" \/>\n<meta property=\"og:site_name\" content=\"Arte e Luoghi\" \/>\n<meta property=\"article:publisher\" content=\"https:\/\/www.facebook.com\/ArteELuoghi\/\" \/>\n<meta property=\"article:published_time\" content=\"2020-12-31T22:19:02+00:00\" \/>\n<meta property=\"article:modified_time\" content=\"2021-01-01T00:44:09+00:00\" \/>\n<meta property=\"og:image\" content=\"https:\/\/arteeluoghi.it\/wp-content\/uploads\/2021\/01\/stefano_tabella-1.png\" \/>\n<meta name=\"twitter:card\" content=\"summary\" \/>\n<meta name=\"twitter:creator\" content=\"@arteeluoghi\" \/>\n<meta name=\"twitter:site\" content=\"@arteeluoghi\" \/>\n<meta name=\"twitter:label1\" content=\"Scritto da\" \/>\n\t<meta name=\"twitter:data1\" content=\"Staff\" \/>\n\t<meta name=\"twitter:label2\" content=\"Tempo di lettura stimato\" \/>\n\t<meta name=\"twitter:data2\" content=\"8 minuti\" \/>\n<script type=\"application\/ld+json\" class=\"yoast-schema-graph\">{\"@context\":\"https:\/\/schema.org\",\"@graph\":[{\"@type\":\"Organization\",\"@id\":\"https:\/\/arteeluoghi.it\/#organization\",\"name\":\"Arte e Luoghi\",\"url\":\"https:\/\/arteeluoghi.it\/\",\"sameAs\":[\"https:\/\/www.facebook.com\/ArteELuoghi\/\",\"https:\/\/www.instagram.com\/arteeluoghi\/?hl=it\",\"https:\/\/www.youtube.com\/channel\/UCuRVc4JW4-C5sg9rQB-srkw?view_as=subscriber\",\"https:\/\/twitter.com\/arteeluoghi\"],\"logo\":{\"@type\":\"ImageObject\",\"@id\":\"https:\/\/arteeluoghi.it\/#logo\",\"inLanguage\":\"it-IT\",\"url\":\"https:\/\/arteeluoghi.it\/wp-content\/uploads\/2018\/08\/logoinstagramarte.jpg\",\"contentUrl\":\"https:\/\/arteeluoghi.it\/wp-content\/uploads\/2018\/08\/logoinstagramarte.jpg\",\"width\":150,\"height\":150,\"caption\":\"Arte e Luoghi\"},\"image\":{\"@id\":\"https:\/\/arteeluoghi.it\/#logo\"}},{\"@type\":\"WebSite\",\"@id\":\"https:\/\/arteeluoghi.it\/#website\",\"url\":\"https:\/\/arteeluoghi.it\/\",\"name\":\"Arte e Luoghi\",\"description\":\"Mensile di arte, cultura, turismo e curiosit\u00e0\",\"publisher\":{\"@id\":\"https:\/\/arteeluoghi.it\/#organization\"},\"potentialAction\":[{\"@type\":\"SearchAction\",\"target\":{\"@type\":\"EntryPoint\",\"urlTemplate\":\"https:\/\/arteeluoghi.it\/?s={search_term_string}\"},\"query-input\":\"required name=search_term_string\"}],\"inLanguage\":\"it-IT\"},{\"@type\":\"ImageObject\",\"@id\":\"https:\/\/arteeluoghi.it\/index.php\/2020\/12\/31\/non-essere-o-non-essere-vaccinato\/#primaryimage\",\"inLanguage\":\"it-IT\",\"url\":\"https:\/\/arteeluoghi.it\/wp-content\/uploads\/2021\/01\/stefano_tabella-1.png\",\"contentUrl\":\"https:\/\/arteeluoghi.it\/wp-content\/uploads\/2021\/01\/stefano_tabella-1.png\",\"width\":499,\"height\":119},{\"@type\":\"WebPage\",\"@id\":\"https:\/\/arteeluoghi.it\/index.php\/2020\/12\/31\/non-essere-o-non-essere-vaccinato\/#webpage\",\"url\":\"https:\/\/arteeluoghi.it\/index.php\/2020\/12\/31\/non-essere-o-non-essere-vaccinato\/\",\"name\":\"Essere o non essere ...vaccinato | Arte e Luoghi\",\"isPartOf\":{\"@id\":\"https:\/\/arteeluoghi.it\/#website\"},\"primaryImageOfPage\":{\"@id\":\"https:\/\/arteeluoghi.it\/index.php\/2020\/12\/31\/non-essere-o-non-essere-vaccinato\/#primaryimage\"},\"datePublished\":\"2020-12-31T22:19:02+00:00\",\"dateModified\":\"2021-01-01T00:44:09+00:00\",\"description\":\"Considerazioni sulla vaccinazione contro il Covid 19\",\"breadcrumb\":{\"@id\":\"https:\/\/arteeluoghi.it\/index.php\/2020\/12\/31\/non-essere-o-non-essere-vaccinato\/#breadcrumb\"},\"inLanguage\":\"it-IT\",\"potentialAction\":[{\"@type\":\"ReadAction\",\"target\":[\"https:\/\/arteeluoghi.it\/index.php\/2020\/12\/31\/non-essere-o-non-essere-vaccinato\/\"]}]},{\"@type\":\"BreadcrumbList\",\"@id\":\"https:\/\/arteeluoghi.it\/index.php\/2020\/12\/31\/non-essere-o-non-essere-vaccinato\/#breadcrumb\",\"itemListElement\":[{\"@type\":\"ListItem\",\"position\":1,\"name\":\"Home\",\"item\":\"https:\/\/arteeluoghi.it\/\"},{\"@type\":\"ListItem\",\"position\":2,\"name\":\"Essere o non essere &#8230;vaccinato\"}]},{\"@type\":\"Article\",\"@id\":\"https:\/\/arteeluoghi.it\/index.php\/2020\/12\/31\/non-essere-o-non-essere-vaccinato\/#article\",\"isPartOf\":{\"@id\":\"https:\/\/arteeluoghi.it\/index.php\/2020\/12\/31\/non-essere-o-non-essere-vaccinato\/#webpage\"},\"author\":{\"@id\":\"https:\/\/arteeluoghi.it\/#\/schema\/person\/f84e814e36e91e01448ee07eaadd41d4\"},\"headline\":\"Essere o non essere &#8230;vaccinato\",\"datePublished\":\"2020-12-31T22:19:02+00:00\",\"dateModified\":\"2021-01-01T00:44:09+00:00\",\"mainEntityOfPage\":{\"@id\":\"https:\/\/arteeluoghi.it\/index.php\/2020\/12\/31\/non-essere-o-non-essere-vaccinato\/#webpage\"},\"wordCount\":1515,\"commentCount\":0,\"publisher\":{\"@id\":\"https:\/\/arteeluoghi.it\/#organization\"},\"image\":{\"@id\":\"https:\/\/arteeluoghi.it\/index.php\/2020\/12\/31\/non-essere-o-non-essere-vaccinato\/#primaryimage\"},\"thumbnailUrl\":\"https:\/\/arteeluoghi.it\/wp-content\/uploads\/2021\/01\/stefano_tabella-1.png\",\"keywords\":[\"Hobbes\",\"John Nash\",\"Russell Crowe\",\"Stefano Quarta\",\"vaccinazione\",\"virus\"],\"articleSection\":[\"I luoghi della parola\"],\"inLanguage\":\"it-IT\",\"potentialAction\":[{\"@type\":\"CommentAction\",\"name\":\"Comment\",\"target\":[\"https:\/\/arteeluoghi.it\/index.php\/2020\/12\/31\/non-essere-o-non-essere-vaccinato\/#respond\"]}]},{\"@type\":\"Person\",\"@id\":\"https:\/\/arteeluoghi.it\/#\/schema\/person\/f84e814e36e91e01448ee07eaadd41d4\",\"name\":\"Staff\",\"image\":{\"@type\":\"ImageObject\",\"@id\":\"https:\/\/arteeluoghi.it\/#personlogo\",\"inLanguage\":\"it-IT\",\"url\":\"https:\/\/secure.gravatar.com\/avatar\/49d2f9e46271bb04e19cebfaf141313a?s=96&d=blank&r=g\",\"contentUrl\":\"https:\/\/secure.gravatar.com\/avatar\/49d2f9e46271bb04e19cebfaf141313a?s=96&d=blank&r=g\",\"caption\":\"Staff\"}}]}<\/script>\n<!-- \/ Yoast SEO plugin. -->","yoast_head_json":{"title":"Essere o non essere ...vaccinato | Arte e Luoghi","description":"Considerazioni sulla vaccinazione contro il Covid 19","robots":{"index":"index","follow":"follow","max-snippet":"max-snippet:-1","max-image-preview":"max-image-preview:large","max-video-preview":"max-video-preview:-1"},"canonical":"https:\/\/arteeluoghi.it\/index.php\/2020\/12\/31\/non-essere-o-non-essere-vaccinato\/","og_locale":"it_IT","og_type":"article","og_title":"Essere o non essere ...vaccinato | Arte e Luoghi","og_description":"Considerazioni sulla vaccinazione contro il Covid 19","og_url":"https:\/\/arteeluoghi.it\/index.php\/2020\/12\/31\/non-essere-o-non-essere-vaccinato\/","og_site_name":"Arte e Luoghi","article_publisher":"https:\/\/www.facebook.com\/ArteELuoghi\/","article_published_time":"2020-12-31T22:19:02+00:00","article_modified_time":"2021-01-01T00:44:09+00:00","og_image":[{"url":"https:\/\/arteeluoghi.it\/wp-content\/uploads\/2021\/01\/stefano_tabella-1.png"}],"twitter_card":"summary","twitter_creator":"@arteeluoghi","twitter_site":"@arteeluoghi","twitter_misc":{"Scritto da":"Staff","Tempo di lettura stimato":"8 minuti"},"schema":{"@context":"https:\/\/schema.org","@graph":[{"@type":"Organization","@id":"https:\/\/arteeluoghi.it\/#organization","name":"Arte e Luoghi","url":"https:\/\/arteeluoghi.it\/","sameAs":["https:\/\/www.facebook.com\/ArteELuoghi\/","https:\/\/www.instagram.com\/arteeluoghi\/?hl=it","https:\/\/www.youtube.com\/channel\/UCuRVc4JW4-C5sg9rQB-srkw?view_as=subscriber","https:\/\/twitter.com\/arteeluoghi"],"logo":{"@type":"ImageObject","@id":"https:\/\/arteeluoghi.it\/#logo","inLanguage":"it-IT","url":"https:\/\/arteeluoghi.it\/wp-content\/uploads\/2018\/08\/logoinstagramarte.jpg","contentUrl":"https:\/\/arteeluoghi.it\/wp-content\/uploads\/2018\/08\/logoinstagramarte.jpg","width":150,"height":150,"caption":"Arte e Luoghi"},"image":{"@id":"https:\/\/arteeluoghi.it\/#logo"}},{"@type":"WebSite","@id":"https:\/\/arteeluoghi.it\/#website","url":"https:\/\/arteeluoghi.it\/","name":"Arte e Luoghi","description":"Mensile di arte, cultura, turismo e curiosit\u00e0","publisher":{"@id":"https:\/\/arteeluoghi.it\/#organization"},"potentialAction":[{"@type":"SearchAction","target":{"@type":"EntryPoint","urlTemplate":"https:\/\/arteeluoghi.it\/?s={search_term_string}"},"query-input":"required name=search_term_string"}],"inLanguage":"it-IT"},{"@type":"ImageObject","@id":"https:\/\/arteeluoghi.it\/index.php\/2020\/12\/31\/non-essere-o-non-essere-vaccinato\/#primaryimage","inLanguage":"it-IT","url":"https:\/\/arteeluoghi.it\/wp-content\/uploads\/2021\/01\/stefano_tabella-1.png","contentUrl":"https:\/\/arteeluoghi.it\/wp-content\/uploads\/2021\/01\/stefano_tabella-1.png","width":499,"height":119},{"@type":"WebPage","@id":"https:\/\/arteeluoghi.it\/index.php\/2020\/12\/31\/non-essere-o-non-essere-vaccinato\/#webpage","url":"https:\/\/arteeluoghi.it\/index.php\/2020\/12\/31\/non-essere-o-non-essere-vaccinato\/","name":"Essere o non essere ...vaccinato | Arte e Luoghi","isPartOf":{"@id":"https:\/\/arteeluoghi.it\/#website"},"primaryImageOfPage":{"@id":"https:\/\/arteeluoghi.it\/index.php\/2020\/12\/31\/non-essere-o-non-essere-vaccinato\/#primaryimage"},"datePublished":"2020-12-31T22:19:02+00:00","dateModified":"2021-01-01T00:44:09+00:00","description":"Considerazioni sulla vaccinazione contro il Covid 19","breadcrumb":{"@id":"https:\/\/arteeluoghi.it\/index.php\/2020\/12\/31\/non-essere-o-non-essere-vaccinato\/#breadcrumb"},"inLanguage":"it-IT","potentialAction":[{"@type":"ReadAction","target":["https:\/\/arteeluoghi.it\/index.php\/2020\/12\/31\/non-essere-o-non-essere-vaccinato\/"]}]},{"@type":"BreadcrumbList","@id":"https:\/\/arteeluoghi.it\/index.php\/2020\/12\/31\/non-essere-o-non-essere-vaccinato\/#breadcrumb","itemListElement":[{"@type":"ListItem","position":1,"name":"Home","item":"https:\/\/arteeluoghi.it\/"},{"@type":"ListItem","position":2,"name":"Essere o non essere &#8230;vaccinato"}]},{"@type":"Article","@id":"https:\/\/arteeluoghi.it\/index.php\/2020\/12\/31\/non-essere-o-non-essere-vaccinato\/#article","isPartOf":{"@id":"https:\/\/arteeluoghi.it\/index.php\/2020\/12\/31\/non-essere-o-non-essere-vaccinato\/#webpage"},"author":{"@id":"https:\/\/arteeluoghi.it\/#\/schema\/person\/f84e814e36e91e01448ee07eaadd41d4"},"headline":"Essere o non essere &#8230;vaccinato","datePublished":"2020-12-31T22:19:02+00:00","dateModified":"2021-01-01T00:44:09+00:00","mainEntityOfPage":{"@id":"https:\/\/arteeluoghi.it\/index.php\/2020\/12\/31\/non-essere-o-non-essere-vaccinato\/#webpage"},"wordCount":1515,"commentCount":0,"publisher":{"@id":"https:\/\/arteeluoghi.it\/#organization"},"image":{"@id":"https:\/\/arteeluoghi.it\/index.php\/2020\/12\/31\/non-essere-o-non-essere-vaccinato\/#primaryimage"},"thumbnailUrl":"https:\/\/arteeluoghi.it\/wp-content\/uploads\/2021\/01\/stefano_tabella-1.png","keywords":["Hobbes","John Nash","Russell Crowe","Stefano Quarta","vaccinazione","virus"],"articleSection":["I luoghi della parola"],"inLanguage":"it-IT","potentialAction":[{"@type":"CommentAction","name":"Comment","target":["https:\/\/arteeluoghi.it\/index.php\/2020\/12\/31\/non-essere-o-non-essere-vaccinato\/#respond"]}]},{"@type":"Person","@id":"https:\/\/arteeluoghi.it\/#\/schema\/person\/f84e814e36e91e01448ee07eaadd41d4","name":"Staff","image":{"@type":"ImageObject","@id":"https:\/\/arteeluoghi.it\/#personlogo","inLanguage":"it-IT","url":"https:\/\/secure.gravatar.com\/avatar\/49d2f9e46271bb04e19cebfaf141313a?s=96&d=blank&r=g","contentUrl":"https:\/\/secure.gravatar.com\/avatar\/49d2f9e46271bb04e19cebfaf141313a?s=96&d=blank&r=g","caption":"Staff"}}]}},"_links":{"self":[{"href":"https:\/\/arteeluoghi.it\/index.php\/wp-json\/wp\/v2\/posts\/9557"}],"collection":[{"href":"https:\/\/arteeluoghi.it\/index.php\/wp-json\/wp\/v2\/posts"}],"about":[{"href":"https:\/\/arteeluoghi.it\/index.php\/wp-json\/wp\/v2\/types\/post"}],"author":[{"embeddable":true,"href":"https:\/\/arteeluoghi.it\/index.php\/wp-json\/wp\/v2\/users\/1"}],"replies":[{"embeddable":true,"href":"https:\/\/arteeluoghi.it\/index.php\/wp-json\/wp\/v2\/comments?post=9557"}],"version-history":[{"count":4,"href":"https:\/\/arteeluoghi.it\/index.php\/wp-json\/wp\/v2\/posts\/9557\/revisions"}],"predecessor-version":[{"id":9566,"href":"https:\/\/arteeluoghi.it\/index.php\/wp-json\/wp\/v2\/posts\/9557\/revisions\/9566"}],"wp:attachment":[{"href":"https:\/\/arteeluoghi.it\/index.php\/wp-json\/wp\/v2\/media?parent=9557"}],"wp:term":[{"taxonomy":"category","embeddable":true,"href":"https:\/\/arteeluoghi.it\/index.php\/wp-json\/wp\/v2\/categories?post=9557"},{"taxonomy":"post_tag","embeddable":true,"href":"https:\/\/arteeluoghi.it\/index.php\/wp-json\/wp\/v2\/tags?post=9557"}],"curies":[{"name":"wp","href":"https:\/\/api.w.org\/{rel}","templated":true}]}}