{"id":9573,"date":"2021-01-03T17:23:02","date_gmt":"2021-01-03T16:23:02","guid":{"rendered":"https:\/\/arteeluoghi.it\/?p=9573"},"modified":"2026-01-25T13:22:02","modified_gmt":"2026-01-25T12:22:02","slug":"la-vittoria-alata-e-la-riapertura-di-brixia","status":"publish","type":"post","link":"https:\/\/arteeluoghi.it\/index.php\/2021\/01\/03\/la-vittoria-alata-e-la-riapertura-di-brixia\/","title":{"rendered":"La Vittoria alata e la riapertura di Brixia"},"content":{"rendered":"\n<blockquote class=\"wp-block-quote\"><p>Dal 16 gennaio, misure permettendo, riapre il Parco archeologico di Brescia con il nuovo allestimento dell\u2019architetto spagnolo Juan Navarro Baldeweg. E nel rinnovato Capitolium fa ritorno la straordinaria statua in bronzo  del I secolo d.C. capolavoro dell\u2019arte romana<\/p><cite>Antonietta Fulvio<\/cite><\/blockquote>\n\n\n\n<p>BRESCIA. Apriamo con un ritorno. Il ritorno della Vittoria alata a Brescia e guardiamo a questo capolavoro dell\u2019arte classica romana come ad una  metafora tutta contemporanea di speranzosa vittoria contro il Coronavirus. E immaginiamo che la paladina di Marte rappresenti l\u2019Umanit\u00e0 che \u00e8 riuscita a vincere la pi\u00f9 dura delle battaglie. <\/p>\n\n\n\n<!--more-->\n\n\n\n<p>Ci siamo lasciati alle spalle il 2020, ma, purtroppo, non ancora l\u2019emergenza sanitaria che potr\u00e0 essere superata grazie al vaccino ma &#8211; \u00e8 sempre bene ribadirlo &#8211;  anche grazie ai nostri comportamenti. Dobbiamo continuare a tenere la massima attenzione, distanziamento fisico, igiene delle mani e utilizzo della mascherina. Solo cos\u00ec ce la faremo. E se un anno fa non potevamo immaginare cosa sarebbe accaduto n\u00e9 tantomeno la portata micidiale  della pandemia, a distanza di un anno abbiamo capito chi \u00e8 il nemico e come possiamo sconfiggerlo per poter ritornare ad una \u201cnormalit\u00e0\u201d fortemente compromessa e che \u00e8 necessario essere pi\u00f9 responsabili perch\u00e9 i gesti contano pi\u00f9 delle parole. Ma la speranza non deve mai abbandonarci cos\u00ec come la determinazione e il coraggio che, a volte, proprie nelle avversit\u00e0 impariamo a riconoscere e a misurare. Anche il mondo dell\u2019arte ce lo indica con storie esemplari. <\/p>\n\n\n\n<div class=\"wp-block-image\"><figure class=\"alignleft is-resized\"><img loading=\"lazy\" src=\"https:\/\/arteeluoghi.it\/wp-content\/uploads\/2021\/01\/10.FotostudioRapuzzi_VA-792x1024.jpg\" alt=\"\" class=\"wp-image-9574\" width=\"527\" height=\"681\"\/><figcaption>La Vittoria Alata dopo il restauro nel Capitolium con il nuovo allestimento di Juan Navarro Baldeweg<br>Credits: Archivio fotografico Musei di Brescia \u00a9Foto studio Rapuzzi<\/figcaption><\/figure><\/div>\n\n\n\n<p><\/p>\n\n\n\n<p>Come il ritorno, quasi duecento anni dopo il suo ritrovamento, della Vittoria Alata nel Tempio Capitolino di Brescia in uno spazio concepito specificamente per valorizzarne le straordinarie qualit\u00e0 estetiche come assicura la Fondazione Brescia Musei che ha messo in piedi, sin dal 2019, un programma di eventi guardando a quando nel 2023 sar\u00e0 insieme a Bergamo capitale della Cultura. La grande statua in bronzo, simbolo della citt\u00e0, amata da Giosu\u00e8 Carducci che la celebr\u00f2 nell\u2019ode \u201cAlla Vittoria\u201d, ammirata da Gabriele d\u2019Annunzio e da Napoleone III che, tra gli altri, ne vollero una copia. La storia della Vittoria alata \u00e8 di per s\u00e9 carica di suggestione e radicata nel passato poich\u00e9 \u00e8 una delle opere pi\u00f9 importanti della romanit\u00e0 per composizione, materiale e conservazione nonch\u00e9 uno dei pochi bronzi romani proveniente da scavo giunti fino a noi.<br> Era il 20 luglio 1826 quando durante una campagna di scavi, condotti nell\u2019area dai membri dell\u2019Ateneo di Scienze, Lettere e Arti di Brescia, fu ritrovata in un\u2019intercapedine dell\u2019antico tempio dove forse era stata occultata per preservarla da eventuali distruzioni. In tutto erano \u00ab95 pezzi fra cornici lavorate, sei teste, due pettorali di cavallo, una statuetta e una statua muliebre alta due metri con le braccia staccate e poste ai fianchi della medesima e due grandi ali.\u00bb si legge nel testo del Presidente dell\u2019Ateneo, Antonio Porteri, che ricorda come la scoperta segn\u00f2 di fatto il momento fondativo delle collezioni civiche bresciane: \u00abLa campagna di scavo, coordinata da una Commissione dell\u2019Ateneo costituita da Girolamo Monti, Antonio Sabatti e Luigi Basiletti, riport\u00f2 alla luce l\u2019area del Foro romano; il cuore della Brescia romana si presentava cos\u00ec per la prima volta all\u2019ammirazione della cittadinanza. (\u2026) Da quel momento la statua della Vittoria si \u00e8 identificata sempre pi\u00f9 con Brescia, diventando il simbolo di una citt\u00e0 che, anche attraverso questo tesoro di bellezza e di storia, si apre all\u2019Europa e al mondo.\u00bb<\/p>\n\n\n\n<figure class=\"wp-block-gallery columns-3 is-cropped\"><ul class=\"blocks-gallery-grid\"><li class=\"blocks-gallery-item\"><figure><img loading=\"lazy\" width=\"833\" height=\"1024\" src=\"https:\/\/arteeluoghi.it\/wp-content\/uploads\/2021\/01\/1.-Capitolium_FotostudioRapuzzi-1-833x1024.jpg\" alt=\"\" data-id=\"9576\" data-link=\"https:\/\/arteeluoghi.it\/?attachment_id=9576\" class=\"wp-image-9576\" srcset=\"https:\/\/arteeluoghi.it\/wp-content\/uploads\/2021\/01\/1.-Capitolium_FotostudioRapuzzi-1-833x1024.jpg 833w, https:\/\/arteeluoghi.it\/wp-content\/uploads\/2021\/01\/1.-Capitolium_FotostudioRapuzzi-1-244x300.jpg 244w, https:\/\/arteeluoghi.it\/wp-content\/uploads\/2021\/01\/1.-Capitolium_FotostudioRapuzzi-1-768x944.jpg 768w, https:\/\/arteeluoghi.it\/wp-content\/uploads\/2021\/01\/1.-Capitolium_FotostudioRapuzzi-1.jpg 1789w\" sizes=\"(max-width: 833px) 100vw, 833px\" \/><figcaption class=\"blocks-gallery-item__caption\"><br\/>1.Tempio Capitolino, Brixia &#8211; Parco archeologico di Brescia Romana \u00a9Fotostudio Rapuzzi<\/figcaption><\/figure><\/li><li class=\"blocks-gallery-item\"><figure><img loading=\"lazy\" width=\"1024\" height=\"682\" src=\"https:\/\/arteeluoghi.it\/wp-content\/uploads\/2021\/01\/3.-Capitolium-\u00a9Febofilms-1024x682.jpg\" alt=\"\" data-id=\"9578\" data-link=\"https:\/\/arteeluoghi.it\/?attachment_id=9578\" class=\"wp-image-9578\" srcset=\"https:\/\/arteeluoghi.it\/wp-content\/uploads\/2021\/01\/3.-Capitolium-\u00a9Febofilms-1024x682.jpg 1024w, https:\/\/arteeluoghi.it\/wp-content\/uploads\/2021\/01\/3.-Capitolium-\u00a9Febofilms-300x200.jpg 300w, https:\/\/arteeluoghi.it\/wp-content\/uploads\/2021\/01\/3.-Capitolium-\u00a9Febofilms-768x512.jpg 768w\" sizes=\"(max-width: 1024px) 100vw, 1024px\" \/><figcaption class=\"blocks-gallery-item__caption\"><br\/>Tempio Capitolino, Brixia &#8211; Parco archeologico di Brescia Romana \u00a9FeboFilms<\/figcaption><\/figure><\/li><li class=\"blocks-gallery-item\"><figure><img loading=\"lazy\" width=\"1024\" height=\"682\" src=\"https:\/\/arteeluoghi.it\/wp-content\/uploads\/2021\/01\/4.-Capitolium-\u00a9Febofilms-1-1024x682.jpg\" alt=\"\" data-id=\"9579\" data-link=\"https:\/\/arteeluoghi.it\/?attachment_id=9579\" class=\"wp-image-9579\" srcset=\"https:\/\/arteeluoghi.it\/wp-content\/uploads\/2021\/01\/4.-Capitolium-\u00a9Febofilms-1-1024x682.jpg 1024w, https:\/\/arteeluoghi.it\/wp-content\/uploads\/2021\/01\/4.-Capitolium-\u00a9Febofilms-1-300x200.jpg 300w, https:\/\/arteeluoghi.it\/wp-content\/uploads\/2021\/01\/4.-Capitolium-\u00a9Febofilms-1-768x512.jpg 768w\" sizes=\"(max-width: 1024px) 100vw, 1024px\" \/><figcaption class=\"blocks-gallery-item__caption\"><br\/>Panoramica, Brixia &#8211; Parco archeologico di Brescia Romana \u00a9FeboFilms<\/figcaption><\/figure><\/li><li class=\"blocks-gallery-item\"><figure><img loading=\"lazy\" width=\"1024\" height=\"682\" src=\"https:\/\/arteeluoghi.it\/wp-content\/uploads\/2021\/01\/5.-Capitolium-\u00a9Febofilms-1024x682.jpg\" alt=\"\" data-id=\"9580\" data-link=\"https:\/\/arteeluoghi.it\/?attachment_id=9580\" class=\"wp-image-9580\" srcset=\"https:\/\/arteeluoghi.it\/wp-content\/uploads\/2021\/01\/5.-Capitolium-\u00a9Febofilms-1024x682.jpg 1024w, https:\/\/arteeluoghi.it\/wp-content\/uploads\/2021\/01\/5.-Capitolium-\u00a9Febofilms-300x200.jpg 300w, https:\/\/arteeluoghi.it\/wp-content\/uploads\/2021\/01\/5.-Capitolium-\u00a9Febofilms-768x512.jpg 768w\" sizes=\"(max-width: 1024px) 100vw, 1024px\" \/><figcaption class=\"blocks-gallery-item__caption\"><br\/>Panoramica, Brixia &#8211; Parco archeologico di Brescia Romana \u00a9FeboFilms<\/figcaption><\/figure><\/li><li class=\"blocks-gallery-item\"><figure><img loading=\"lazy\" width=\"792\" height=\"1024\" src=\"https:\/\/arteeluoghi.it\/wp-content\/uploads\/2021\/01\/10.FotostudioRapuzzi_VA-1-792x1024.jpg\" alt=\"\" data-id=\"9581\" data-link=\"https:\/\/arteeluoghi.it\/?attachment_id=9581\" class=\"wp-image-9581\" srcset=\"https:\/\/arteeluoghi.it\/wp-content\/uploads\/2021\/01\/10.FotostudioRapuzzi_VA-1-792x1024.jpg 792w, https:\/\/arteeluoghi.it\/wp-content\/uploads\/2021\/01\/10.FotostudioRapuzzi_VA-1-232x300.jpg 232w, https:\/\/arteeluoghi.it\/wp-content\/uploads\/2021\/01\/10.FotostudioRapuzzi_VA-1-768x993.jpg 768w, https:\/\/arteeluoghi.it\/wp-content\/uploads\/2021\/01\/10.FotostudioRapuzzi_VA-1.jpg 1856w\" sizes=\"(max-width: 792px) 100vw, 792px\" \/><figcaption class=\"blocks-gallery-item__caption\"><br\/>La Vittoria Alata dopo il restauro nel Capitolium con il nuovo allestimento di Juan Navarro Baldewe Credits: Archivio fotografico Musei di Brescia \u00a9Alessandra Chemollo<\/figcaption><\/figure><\/li><li class=\"blocks-gallery-item\"><figure><img loading=\"lazy\" width=\"1024\" height=\"791\" src=\"https:\/\/arteeluoghi.it\/wp-content\/uploads\/2021\/01\/12.FotostudioRapuzzi_VA-1-1024x791.jpg\" alt=\"\" data-id=\"9582\" data-link=\"https:\/\/arteeluoghi.it\/?attachment_id=9582\" class=\"wp-image-9582\" srcset=\"https:\/\/arteeluoghi.it\/wp-content\/uploads\/2021\/01\/12.FotostudioRapuzzi_VA-1-1024x791.jpg 1024w, https:\/\/arteeluoghi.it\/wp-content\/uploads\/2021\/01\/12.FotostudioRapuzzi_VA-1-300x232.jpg 300w, https:\/\/arteeluoghi.it\/wp-content\/uploads\/2021\/01\/12.FotostudioRapuzzi_VA-1-768x593.jpg 768w\" sizes=\"(max-width: 1024px) 100vw, 1024px\" \/><figcaption class=\"blocks-gallery-item__caption\"> <br\/>La Vittoria Alata dopo il restauro nel Capitolium con il nuovo allestimento di Juan Navarro Baldeweg Credits: Archivio fotografico Musei di Brescia \u00a9Fotostudio Rapuzzi <\/figcaption><\/figure><\/li><\/ul><\/figure>\n\n\n\n<p><br> Realizzata in bronzo con la tecnica della fusione a cera persa, costituita da almeno 30 parti fuse separatamente e poi saldate tra loro, \u00e8 databile intorno alla met\u00e0 del I secolo dopo Cristo, e si ispira probabilmente a modelli pi\u00f9 antichi.<br> Un chitone leggero avvolge in parte il corpo di una donna la cui figura elegante \u00e8 completata dai lineamenti delicati del volto incorniciato dai capelli raccolti in una sorta di chignon mentre le due ali ampie lasciano intuire la fine del volo.<br> Nel bronzo &#8211; spiega Francesca Morandini conservatore collezioni e aree archeologiche di Fondazione Brescia Musei &#8211; \u00e8 riprodotta una figura femminile alata, alta poco meno di due metri (cm 194), con una postura oggi incompleta per la perdita di alcuni elementi che ne completavano il gesto e la posizione di equilibrio; il piede sinistro doveva poggiare molto probabilmente sull\u2019elmo di Marte, il braccio sinistro doveva trattenere uno scudo, sostenuto anche dalla gamba flessa, scudo sul quale, con uno stilo, la divinit\u00e0 aveva inciso il nome del vincitore, affidandolo al bronzo e offrendolo alla vista di chi la guardava. <br> Indubbiamente il bronzo doveva trovarsi in un edificio o in uno spazio pubblico dell\u2019antica Brixia, offerto alla vista dei cittadini e a ricordo forse di un successo militare. \u00bb<br> Ci sono voluti due anni per il restauro, condotto dall\u2019Opificio delle Pietre Dure di Firenze, e promosso dal Comune di Brescia, dalla Fondazione Brescia Musei, della Soprintendenza Archeologia, Belle Arti e Paesaggio per le Province di Bergamo e Brescia, con il sostegno della Regione Lombardia e con il patrocinio dell\u2019Ateneo di Brescia, Accademia di scienze lettere ed Arti e dell\u2019Ordine degli Architetti, Pianificatori, Paesaggisti e Conservatori della Provincia di Brescia.<br> L\u2019operazione di restauro e di ricerca ha coinvolto circa trenta professionisti che a vario titolo, ciascuno con la propria specializzazione, sono stati impegnati nelle numerose attivit\u00e0 di conoscenza e di conservazione del bronzo. Gli interventi si sono concentrati dapprima sulla pulitura della scultura, quindi sulla rimozione controllata dei materiali che riempivano la statua e della struttura interna di epoca ottocentesca a cui si agganciavano le ali e le braccia della Vittoria, e infine sulla stesura di un materiale protettivo. <br> Durante questo processo, sono state condotte indagini scientifiche ed esami volti a una conoscenza pi\u00f9 approfondita della tecnologia di costruzione, oltre alla cronologia e origine della statua stessa. Inoltre l\u2019\u00e9quipe dell\u2019Opificio, della Fondazione, del Dipartimento di Ingegneria Meccanica e Aerospaziale della Sapienza Universit\u00e0 di Roma e dell\u2019azienda Capoferri hanno progettato e realizzato un nuovo supporto interno alla statua per sorreggere le ali e le braccia, che furono trovate staccate dal corpo centrale nel 1826 e che fino a due anni fa erano sostenute dal dispositivo ideato nell\u2019Ottocento.<br> Gli esiti preliminari di questa lunga attivit\u00e0 di ricerca sono stati gi\u00e0 presentati nel maggio 2019 nell\u2019ambito del convegno: Il restauro dei grandi bronzi archeologici. Laboratorio aperto per la Vittoria alata di Brescia, ma il Soprintendente dell\u2019Opificio Marco Ciatti aggiunge: \u00abSono attualmente in preparazione nuove iniziative editoriali per la pubblicazione dei dati conclusivi del restauro che \u2013 \u00e8 bene sottolinearlo con forza &#8211; non equivale ad un impraticabile \u201critorno all\u2019antico splendore\u201d, come a volte vengono acriticamente definiti gli interventi di restauro. Scopo della conservazione \u00e8 quello di rallentare quel naturale processo di invecchiamento insito nella natura stessa dei materiali costitutivi delle opere d\u2019arte e di garantirne la trasmissione, nei suoi valori materiali e immateriali, alle generazioni future attraverso un insieme di azioni accuratamente progettate.\u00bb<br> In tale ottica va letta anche la collocazione del capolavoro bronzeo nel Capitolium in un allestimento museale progettato dall\u2019architetto spagnolo Juan Navarro Baldeweg (Santander, 1939) e concepito per esaltare le caratteristiche materiche e formali valorizzate dalla complessa operazione di restauro cos\u00ec come spiegato da Pierre-Alain Croset, curatore della mostra \u201cJuan Navarro Baldeweg. Architettura, Pittura, Scultura\u201d, in programma nel Museo di Santa Giulia, fino al 5 aprile 2021, tra gli eventi collaterali concepiti per celebrare il ritorno della Vittoria alata.<br> Il visitatore non potr\u00e0 non notare alcune affinit\u00e0 con l\u2019architettura romana nella scelta dei materiali: il rivestimento in mattoni e malta che evoca i muri esterni della cella, il pavimento in terrazzo che ricorda l\u2019antico, e il basamento cilindrico in marmo di Botticino che richiama fusti di colonne. \u00abAllo stesso tempo, l\u2019architetto introduce elementi di evidente discontinuit\u00e0 con lo spirito neoclassico che aveva animato la ricostruzione ottocentesca: rompe la simmetria nel collocare la Vittoria sulla diagonale, introduce l\u2019elemento singolare della lampada-luna concepita come oggetto poetico prima che tecnologico, esibisce le cornici in bronzo in una composizione insieme astratta e monumentale.\u00bb L\u2019inedito allestimento, con il coordinamento della direzione lavori dell\u2019architetto Camillo Botticini, si pone all\u2019avanguardia nella museografia internazionale; si tratta infatti di un progetto complesso in cui sono rispettati i criteri conservativi, illuminotecnici e tecnologici, la cura de materiali nonch\u00e9 la sicurezza e la stabilit\u00e0 della statua. Un tavolo-vetrina presenta le cornici in bronzo ritrovate insieme alla Vittoria nel 1826. Altri frammenti di cornici sono disposti sulla parete occidentale della cella, secondo uno schema che richiama la geometria tipica delle decorazioni di et\u00e0 romana mentre la luce, sospesa nello spazio, rievoca la luna e crea un\u2019atmosfera di grande suggestione.<br> Il progetto sulla Vittoria Alata ha dato vita a un ricco apparato editoriale che comprende la monografia \u201cNon ho visto nulla di pi\u00f9 bello\u201d racconto fotografico firmato da Alessandra Chemollo, la guida aggiornata dell\u2019area archeologica, il volume \u201cVittoria d\u2019autore. Gli scrittori e la dea alata\u201d a cura di Marco Roncalli che ripercorre la fortuna della scultura bronzea negli ultimi due secoli, cos\u00ec come l\u2019hanno celebrata alcuni dei pi\u00f9 importanti scrittori e uomini di cultura e, infine, il volume \u201cIl restauro dei grandi bronzi archeologici. Laboratorio aperto per la Vittoria Alata di Brescia\u201d, a cura di Francesca Morandini e Anna Patera, che contiene gli atti del convegno internazionale sul restauro dei grandi bronzi tenuto a Firenze a maggio 2019.<br> Tantissimi, si diceva, gli eventi collaterali ideati dalla Fondazione Brescia Musei per celebrare la Vittoria Alata, una serie di progetti espositivi al Museo di Santa Giulia e al Capitolium che le misure del Dpcm del 3 dicembre per contrastare la pandemia ha di fatto sospeso e, salvo diversa evoluzione della situazione epidemica in atto, l\u2019accesso a Brixia &#8211; parco archeologico di Brescia romana avverr\u00e0 congiuntamente alla riapertura delle sedi museali prevista in relazione alle disposizioni di legge vigenti sabato 16 gennaio 2021. Un appuntamento a cui non ci si potr\u00e0 sottrarre perch\u00e9 in qualche modo per noi oggi la Vittoria alata rappresenta la forza e il desiderio di vincere la pandemia e l\u2019isolamento e, per dirla con le parole di Francesca Bazoli e di Stefano Karadjov, rispettivamente Presidente e Direttore Fondazione Brescia Musei, \u00abLa Vittoria Alata \u00e8 un bronzo che \u201cparla\u201d: dall\u2019estate del 1826, anno in cui fu ritrovata, ha incarnato gli ideali della comunit\u00e0: quelli risorgimentali patri come quelli modernisti del primo Novecento. Oggi, nel 2020, (ormai 2021, ndr) le tensioni positive verso un avvenire di speranza e fiducia nella creativit\u00e0, nella ricerca, nell\u2019innovazione e nella capacit\u00e0 di questa comunit\u00e0 di resistere alle battaglie pi\u00f9 aspre.\u00bb<\/p>\n\n\n\n<p>La Vittoria Alata per il nuovo Capitolium di Brescia<br>\ndal 16 gennaio 2021<br>\nBrixia \u2013 Parco Archeologico di Brescia Romana (via Musei, 55)<br>\nbresciamusei.com<br>\nvittorialatabrescia.it<br>\nInfo prenotazioni: 030.2977833 \u2013 834<br>\nemail: santagiulia@bresciamusei.com<\/p>\n","protected":false},"excerpt":{"rendered":"<p>Dal 16 gennaio, misure permettendo, riapre il Parco archeologico di Brescia con il nuovo allestimento dell\u2019architetto spagnolo Juan Navarro Baldeweg.<\/p>\n","protected":false},"author":1,"featured_media":0,"comment_status":"open","ping_status":"open","sticky":true,"template":"","format":"standard","meta":[],"categories":[609,27,40,6],"tags":[3081,3083,3080,3071,1469,3067,3084,3073,3079,3085,3082,3078,3072,3077,485,307,3086,3075,3070],"yoast_head":"<!-- This site is optimized with the Yoast SEO plugin v18.0 - https:\/\/yoast.com\/wordpress\/plugins\/seo\/ -->\n<title>La Vittoria alata e la riapertura di Brixia | Arte e Luoghi<\/title>\n<meta name=\"description\" content=\"Dal 16 gennaio, misure permettendo, riapre il Parco archeologico di Brescia con il nuovo allestimento dell\u2019architetto spagnolo Juan Navarro Baldeweg\" \/>\n<meta name=\"robots\" content=\"index, follow, max-snippet:-1, max-image-preview:large, max-video-preview:-1\" \/>\n<link rel=\"canonical\" href=\"https:\/\/arteeluoghi.it\/index.php\/2021\/01\/03\/la-vittoria-alata-e-la-riapertura-di-brixia\/\" \/>\n<meta property=\"og:locale\" content=\"it_IT\" \/>\n<meta property=\"og:type\" content=\"article\" \/>\n<meta property=\"og:title\" content=\"La Vittoria alata e la riapertura di Brixia | Arte e Luoghi\" \/>\n<meta property=\"og:description\" content=\"Dal 16 gennaio, misure permettendo, riapre il Parco archeologico di Brescia con il nuovo allestimento dell\u2019architetto spagnolo Juan Navarro Baldeweg\" \/>\n<meta property=\"og:url\" content=\"https:\/\/arteeluoghi.it\/index.php\/2021\/01\/03\/la-vittoria-alata-e-la-riapertura-di-brixia\/\" \/>\n<meta property=\"og:site_name\" content=\"Arte e Luoghi\" \/>\n<meta property=\"article:publisher\" content=\"https:\/\/www.facebook.com\/ArteELuoghi\/\" \/>\n<meta property=\"article:published_time\" content=\"2021-01-03T16:23:02+00:00\" \/>\n<meta property=\"article:modified_time\" content=\"2026-01-25T12:22:02+00:00\" \/>\n<meta property=\"og:image\" content=\"https:\/\/arteeluoghi.it\/wp-content\/uploads\/2021\/01\/13.FotostudioRapuzzi_VA.jpg\" \/>\n\t<meta property=\"og:image:width\" content=\"2400\" \/>\n\t<meta property=\"og:image:height\" content=\"1772\" \/>\n\t<meta property=\"og:image:type\" content=\"image\/jpeg\" \/>\n<meta name=\"twitter:card\" content=\"summary\" \/>\n<meta name=\"twitter:creator\" content=\"@arteeluoghi\" \/>\n<meta name=\"twitter:site\" content=\"@arteeluoghi\" \/>\n<meta name=\"twitter:label1\" content=\"Scritto da\" \/>\n\t<meta name=\"twitter:data1\" content=\"Staff\" \/>\n\t<meta name=\"twitter:label2\" content=\"Tempo di lettura stimato\" \/>\n\t<meta name=\"twitter:data2\" content=\"12 minuti\" \/>\n<script type=\"application\/ld+json\" class=\"yoast-schema-graph\">{\"@context\":\"https:\/\/schema.org\",\"@graph\":[{\"@type\":\"Organization\",\"@id\":\"https:\/\/arteeluoghi.it\/#organization\",\"name\":\"Arte e Luoghi\",\"url\":\"https:\/\/arteeluoghi.it\/\",\"sameAs\":[\"https:\/\/www.facebook.com\/ArteELuoghi\/\",\"https:\/\/www.instagram.com\/arteeluoghi\/?hl=it\",\"https:\/\/www.youtube.com\/channel\/UCuRVc4JW4-C5sg9rQB-srkw?view_as=subscriber\",\"https:\/\/twitter.com\/arteeluoghi\"],\"logo\":{\"@type\":\"ImageObject\",\"@id\":\"https:\/\/arteeluoghi.it\/#logo\",\"inLanguage\":\"it-IT\",\"url\":\"https:\/\/arteeluoghi.it\/wp-content\/uploads\/2018\/08\/logoinstagramarte.jpg\",\"contentUrl\":\"https:\/\/arteeluoghi.it\/wp-content\/uploads\/2018\/08\/logoinstagramarte.jpg\",\"width\":150,\"height\":150,\"caption\":\"Arte e Luoghi\"},\"image\":{\"@id\":\"https:\/\/arteeluoghi.it\/#logo\"}},{\"@type\":\"WebSite\",\"@id\":\"https:\/\/arteeluoghi.it\/#website\",\"url\":\"https:\/\/arteeluoghi.it\/\",\"name\":\"Arte e Luoghi\",\"description\":\"Mensile di arte, cultura, turismo e curiosit\u00e0\",\"publisher\":{\"@id\":\"https:\/\/arteeluoghi.it\/#organization\"},\"potentialAction\":[{\"@type\":\"SearchAction\",\"target\":{\"@type\":\"EntryPoint\",\"urlTemplate\":\"https:\/\/arteeluoghi.it\/?s={search_term_string}\"},\"query-input\":\"required name=search_term_string\"}],\"inLanguage\":\"it-IT\"},{\"@type\":\"ImageObject\",\"@id\":\"https:\/\/arteeluoghi.it\/index.php\/2021\/01\/03\/la-vittoria-alata-e-la-riapertura-di-brixia\/#primaryimage\",\"inLanguage\":\"it-IT\",\"url\":\"https:\/\/arteeluoghi.it\/wp-content\/uploads\/2021\/01\/10.FotostudioRapuzzi_VA-792x1024.jpg\",\"contentUrl\":\"https:\/\/arteeluoghi.it\/wp-content\/uploads\/2021\/01\/10.FotostudioRapuzzi_VA-792x1024.jpg\"},{\"@type\":\"WebPage\",\"@id\":\"https:\/\/arteeluoghi.it\/index.php\/2021\/01\/03\/la-vittoria-alata-e-la-riapertura-di-brixia\/#webpage\",\"url\":\"https:\/\/arteeluoghi.it\/index.php\/2021\/01\/03\/la-vittoria-alata-e-la-riapertura-di-brixia\/\",\"name\":\"La Vittoria alata e la riapertura di Brixia | Arte e Luoghi\",\"isPartOf\":{\"@id\":\"https:\/\/arteeluoghi.it\/#website\"},\"primaryImageOfPage\":{\"@id\":\"https:\/\/arteeluoghi.it\/index.php\/2021\/01\/03\/la-vittoria-alata-e-la-riapertura-di-brixia\/#primaryimage\"},\"datePublished\":\"2021-01-03T16:23:02+00:00\",\"dateModified\":\"2026-01-25T12:22:02+00:00\",\"description\":\"Dal 16 gennaio, misure permettendo, riapre il Parco archeologico di Brescia con il nuovo allestimento dell\u2019architetto spagnolo Juan Navarro Baldeweg\",\"breadcrumb\":{\"@id\":\"https:\/\/arteeluoghi.it\/index.php\/2021\/01\/03\/la-vittoria-alata-e-la-riapertura-di-brixia\/#breadcrumb\"},\"inLanguage\":\"it-IT\",\"potentialAction\":[{\"@type\":\"ReadAction\",\"target\":[\"https:\/\/arteeluoghi.it\/index.php\/2021\/01\/03\/la-vittoria-alata-e-la-riapertura-di-brixia\/\"]}]},{\"@type\":\"BreadcrumbList\",\"@id\":\"https:\/\/arteeluoghi.it\/index.php\/2021\/01\/03\/la-vittoria-alata-e-la-riapertura-di-brixia\/#breadcrumb\",\"itemListElement\":[{\"@type\":\"ListItem\",\"position\":1,\"name\":\"Home\",\"item\":\"https:\/\/arteeluoghi.it\/\"},{\"@type\":\"ListItem\",\"position\":2,\"name\":\"La Vittoria alata e la riapertura di Brixia\"}]},{\"@type\":\"Article\",\"@id\":\"https:\/\/arteeluoghi.it\/index.php\/2021\/01\/03\/la-vittoria-alata-e-la-riapertura-di-brixia\/#article\",\"isPartOf\":{\"@id\":\"https:\/\/arteeluoghi.it\/index.php\/2021\/01\/03\/la-vittoria-alata-e-la-riapertura-di-brixia\/#webpage\"},\"author\":{\"@id\":\"https:\/\/arteeluoghi.it\/#\/schema\/person\/f84e814e36e91e01448ee07eaadd41d4\"},\"headline\":\"La Vittoria alata e la riapertura di Brixia\",\"datePublished\":\"2021-01-03T16:23:02+00:00\",\"dateModified\":\"2026-01-25T12:22:02+00:00\",\"mainEntityOfPage\":{\"@id\":\"https:\/\/arteeluoghi.it\/index.php\/2021\/01\/03\/la-vittoria-alata-e-la-riapertura-di-brixia\/#webpage\"},\"wordCount\":1863,\"commentCount\":0,\"publisher\":{\"@id\":\"https:\/\/arteeluoghi.it\/#organization\"},\"image\":{\"@id\":\"https:\/\/arteeluoghi.it\/index.php\/2021\/01\/03\/la-vittoria-alata-e-la-riapertura-di-brixia\/#primaryimage\"},\"thumbnailUrl\":\"https:\/\/arteeluoghi.it\/wp-content\/uploads\/2021\/01\/10.FotostudioRapuzzi_VA-792x1024.jpg\",\"keywords\":[\"Alessandra Chemollo\",\"Anna Patera\",\"Antonio Porteri\",\"arte romana\",\"Brescia\",\"Brixia\",\"Camillo Botticini\",\"Capitolium\",\"Fondazione Brescia Musei\",\"Francesca Bazoli\",\"Francesca Morendini\",\"Gios\u00f9\u00e8 Carducci\",\"Juan Navarro Baldeweg\",\"napoleone III\",\"Roma\",\"scultura\",\"Stefano Karadjov\",\"Tempio Capitolino di Brescia\",\"Vittoria alata\"],\"articleSection\":[\"archeologia\",\"Arte\",\"primapagina\",\"Scultura\"],\"inLanguage\":\"it-IT\",\"potentialAction\":[{\"@type\":\"CommentAction\",\"name\":\"Comment\",\"target\":[\"https:\/\/arteeluoghi.it\/index.php\/2021\/01\/03\/la-vittoria-alata-e-la-riapertura-di-brixia\/#respond\"]}]},{\"@type\":\"Person\",\"@id\":\"https:\/\/arteeluoghi.it\/#\/schema\/person\/f84e814e36e91e01448ee07eaadd41d4\",\"name\":\"Staff\",\"image\":{\"@type\":\"ImageObject\",\"@id\":\"https:\/\/arteeluoghi.it\/#personlogo\",\"inLanguage\":\"it-IT\",\"url\":\"https:\/\/secure.gravatar.com\/avatar\/49d2f9e46271bb04e19cebfaf141313a?s=96&d=blank&r=g\",\"contentUrl\":\"https:\/\/secure.gravatar.com\/avatar\/49d2f9e46271bb04e19cebfaf141313a?s=96&d=blank&r=g\",\"caption\":\"Staff\"}}]}<\/script>\n<!-- \/ Yoast SEO plugin. -->","yoast_head_json":{"title":"La Vittoria alata e la riapertura di Brixia | Arte e Luoghi","description":"Dal 16 gennaio, misure permettendo, riapre il Parco archeologico di Brescia con il nuovo allestimento dell\u2019architetto spagnolo Juan Navarro Baldeweg","robots":{"index":"index","follow":"follow","max-snippet":"max-snippet:-1","max-image-preview":"max-image-preview:large","max-video-preview":"max-video-preview:-1"},"canonical":"https:\/\/arteeluoghi.it\/index.php\/2021\/01\/03\/la-vittoria-alata-e-la-riapertura-di-brixia\/","og_locale":"it_IT","og_type":"article","og_title":"La Vittoria alata e la riapertura di Brixia | Arte e Luoghi","og_description":"Dal 16 gennaio, misure permettendo, riapre il Parco archeologico di Brescia con il nuovo allestimento dell\u2019architetto spagnolo Juan Navarro Baldeweg","og_url":"https:\/\/arteeluoghi.it\/index.php\/2021\/01\/03\/la-vittoria-alata-e-la-riapertura-di-brixia\/","og_site_name":"Arte e Luoghi","article_publisher":"https:\/\/www.facebook.com\/ArteELuoghi\/","article_published_time":"2021-01-03T16:23:02+00:00","article_modified_time":"2026-01-25T12:22:02+00:00","og_image":[{"width":2400,"height":1772,"url":"https:\/\/arteeluoghi.it\/wp-content\/uploads\/2021\/01\/13.FotostudioRapuzzi_VA.jpg","type":"image\/jpeg"}],"twitter_card":"summary","twitter_creator":"@arteeluoghi","twitter_site":"@arteeluoghi","twitter_misc":{"Scritto da":"Staff","Tempo di lettura stimato":"12 minuti"},"schema":{"@context":"https:\/\/schema.org","@graph":[{"@type":"Organization","@id":"https:\/\/arteeluoghi.it\/#organization","name":"Arte e Luoghi","url":"https:\/\/arteeluoghi.it\/","sameAs":["https:\/\/www.facebook.com\/ArteELuoghi\/","https:\/\/www.instagram.com\/arteeluoghi\/?hl=it","https:\/\/www.youtube.com\/channel\/UCuRVc4JW4-C5sg9rQB-srkw?view_as=subscriber","https:\/\/twitter.com\/arteeluoghi"],"logo":{"@type":"ImageObject","@id":"https:\/\/arteeluoghi.it\/#logo","inLanguage":"it-IT","url":"https:\/\/arteeluoghi.it\/wp-content\/uploads\/2018\/08\/logoinstagramarte.jpg","contentUrl":"https:\/\/arteeluoghi.it\/wp-content\/uploads\/2018\/08\/logoinstagramarte.jpg","width":150,"height":150,"caption":"Arte e Luoghi"},"image":{"@id":"https:\/\/arteeluoghi.it\/#logo"}},{"@type":"WebSite","@id":"https:\/\/arteeluoghi.it\/#website","url":"https:\/\/arteeluoghi.it\/","name":"Arte e Luoghi","description":"Mensile di arte, cultura, turismo e curiosit\u00e0","publisher":{"@id":"https:\/\/arteeluoghi.it\/#organization"},"potentialAction":[{"@type":"SearchAction","target":{"@type":"EntryPoint","urlTemplate":"https:\/\/arteeluoghi.it\/?s={search_term_string}"},"query-input":"required name=search_term_string"}],"inLanguage":"it-IT"},{"@type":"ImageObject","@id":"https:\/\/arteeluoghi.it\/index.php\/2021\/01\/03\/la-vittoria-alata-e-la-riapertura-di-brixia\/#primaryimage","inLanguage":"it-IT","url":"https:\/\/arteeluoghi.it\/wp-content\/uploads\/2021\/01\/10.FotostudioRapuzzi_VA-792x1024.jpg","contentUrl":"https:\/\/arteeluoghi.it\/wp-content\/uploads\/2021\/01\/10.FotostudioRapuzzi_VA-792x1024.jpg"},{"@type":"WebPage","@id":"https:\/\/arteeluoghi.it\/index.php\/2021\/01\/03\/la-vittoria-alata-e-la-riapertura-di-brixia\/#webpage","url":"https:\/\/arteeluoghi.it\/index.php\/2021\/01\/03\/la-vittoria-alata-e-la-riapertura-di-brixia\/","name":"La Vittoria alata e la riapertura di Brixia | Arte e Luoghi","isPartOf":{"@id":"https:\/\/arteeluoghi.it\/#website"},"primaryImageOfPage":{"@id":"https:\/\/arteeluoghi.it\/index.php\/2021\/01\/03\/la-vittoria-alata-e-la-riapertura-di-brixia\/#primaryimage"},"datePublished":"2021-01-03T16:23:02+00:00","dateModified":"2026-01-25T12:22:02+00:00","description":"Dal 16 gennaio, misure permettendo, riapre il Parco archeologico di Brescia con il nuovo allestimento dell\u2019architetto spagnolo Juan Navarro Baldeweg","breadcrumb":{"@id":"https:\/\/arteeluoghi.it\/index.php\/2021\/01\/03\/la-vittoria-alata-e-la-riapertura-di-brixia\/#breadcrumb"},"inLanguage":"it-IT","potentialAction":[{"@type":"ReadAction","target":["https:\/\/arteeluoghi.it\/index.php\/2021\/01\/03\/la-vittoria-alata-e-la-riapertura-di-brixia\/"]}]},{"@type":"BreadcrumbList","@id":"https:\/\/arteeluoghi.it\/index.php\/2021\/01\/03\/la-vittoria-alata-e-la-riapertura-di-brixia\/#breadcrumb","itemListElement":[{"@type":"ListItem","position":1,"name":"Home","item":"https:\/\/arteeluoghi.it\/"},{"@type":"ListItem","position":2,"name":"La Vittoria alata e la riapertura di Brixia"}]},{"@type":"Article","@id":"https:\/\/arteeluoghi.it\/index.php\/2021\/01\/03\/la-vittoria-alata-e-la-riapertura-di-brixia\/#article","isPartOf":{"@id":"https:\/\/arteeluoghi.it\/index.php\/2021\/01\/03\/la-vittoria-alata-e-la-riapertura-di-brixia\/#webpage"},"author":{"@id":"https:\/\/arteeluoghi.it\/#\/schema\/person\/f84e814e36e91e01448ee07eaadd41d4"},"headline":"La Vittoria alata e la riapertura di Brixia","datePublished":"2021-01-03T16:23:02+00:00","dateModified":"2026-01-25T12:22:02+00:00","mainEntityOfPage":{"@id":"https:\/\/arteeluoghi.it\/index.php\/2021\/01\/03\/la-vittoria-alata-e-la-riapertura-di-brixia\/#webpage"},"wordCount":1863,"commentCount":0,"publisher":{"@id":"https:\/\/arteeluoghi.it\/#organization"},"image":{"@id":"https:\/\/arteeluoghi.it\/index.php\/2021\/01\/03\/la-vittoria-alata-e-la-riapertura-di-brixia\/#primaryimage"},"thumbnailUrl":"https:\/\/arteeluoghi.it\/wp-content\/uploads\/2021\/01\/10.FotostudioRapuzzi_VA-792x1024.jpg","keywords":["Alessandra Chemollo","Anna Patera","Antonio Porteri","arte romana","Brescia","Brixia","Camillo Botticini","Capitolium","Fondazione Brescia Musei","Francesca Bazoli","Francesca Morendini","Gios\u00f9\u00e8 Carducci","Juan Navarro Baldeweg","napoleone III","Roma","scultura","Stefano Karadjov","Tempio Capitolino di Brescia","Vittoria alata"],"articleSection":["archeologia","Arte","primapagina","Scultura"],"inLanguage":"it-IT","potentialAction":[{"@type":"CommentAction","name":"Comment","target":["https:\/\/arteeluoghi.it\/index.php\/2021\/01\/03\/la-vittoria-alata-e-la-riapertura-di-brixia\/#respond"]}]},{"@type":"Person","@id":"https:\/\/arteeluoghi.it\/#\/schema\/person\/f84e814e36e91e01448ee07eaadd41d4","name":"Staff","image":{"@type":"ImageObject","@id":"https:\/\/arteeluoghi.it\/#personlogo","inLanguage":"it-IT","url":"https:\/\/secure.gravatar.com\/avatar\/49d2f9e46271bb04e19cebfaf141313a?s=96&d=blank&r=g","contentUrl":"https:\/\/secure.gravatar.com\/avatar\/49d2f9e46271bb04e19cebfaf141313a?s=96&d=blank&r=g","caption":"Staff"}}]}},"_links":{"self":[{"href":"https:\/\/arteeluoghi.it\/index.php\/wp-json\/wp\/v2\/posts\/9573"}],"collection":[{"href":"https:\/\/arteeluoghi.it\/index.php\/wp-json\/wp\/v2\/posts"}],"about":[{"href":"https:\/\/arteeluoghi.it\/index.php\/wp-json\/wp\/v2\/types\/post"}],"author":[{"embeddable":true,"href":"https:\/\/arteeluoghi.it\/index.php\/wp-json\/wp\/v2\/users\/1"}],"replies":[{"embeddable":true,"href":"https:\/\/arteeluoghi.it\/index.php\/wp-json\/wp\/v2\/comments?post=9573"}],"version-history":[{"count":4,"href":"https:\/\/arteeluoghi.it\/index.php\/wp-json\/wp\/v2\/posts\/9573\/revisions"}],"predecessor-version":[{"id":16674,"href":"https:\/\/arteeluoghi.it\/index.php\/wp-json\/wp\/v2\/posts\/9573\/revisions\/16674"}],"wp:attachment":[{"href":"https:\/\/arteeluoghi.it\/index.php\/wp-json\/wp\/v2\/media?parent=9573"}],"wp:term":[{"taxonomy":"category","embeddable":true,"href":"https:\/\/arteeluoghi.it\/index.php\/wp-json\/wp\/v2\/categories?post=9573"},{"taxonomy":"post_tag","embeddable":true,"href":"https:\/\/arteeluoghi.it\/index.php\/wp-json\/wp\/v2\/tags?post=9573"}],"curies":[{"name":"wp","href":"https:\/\/api.w.org\/{rel}","templated":true}]}}