{"id":9592,"date":"2021-01-03T21:08:17","date_gmt":"2021-01-03T20:08:17","guid":{"rendered":"https:\/\/arteeluoghi.it\/?p=9592"},"modified":"2021-01-09T21:19:47","modified_gmt":"2021-01-09T20:19:47","slug":"a-passeggio-lungo-la-via-sacra-del-foro-romano","status":"publish","type":"post","link":"https:\/\/arteeluoghi.it\/index.php\/2021\/01\/03\/a-passeggio-lungo-la-via-sacra-del-foro-romano\/","title":{"rendered":"A passeggio lungo la Via Sacra del Foro Romano"},"content":{"rendered":"\n<blockquote class=\"wp-block-quote\"><p>L\u2019impronta di secoli di Storia\u2026  <\/p><cite>Sara Foti Sciavaliere<\/cite><\/blockquote>\n\n\n\n<p>Ai primordi di Roma, la tradizione narra la lotta fra i Latini del Palatino e i Sabini che occupavano invece il colle Quirinale e tale scontro ebbe come scena la valle tra due colli, dove un tempo c\u2019era un\u2019area paludosa adibita alla sepoltura dei defunti degli abitanti dei colli e poi si stabilir\u00e0 il Foro, la piazza del mercato e cuore di una citt\u00e0, frutto del compromesso che seguir\u00e0 la lotta tra Latini e Sabini. <\/p>\n\n\n\n<!--more-->\n\n\n\n<p>Nel Foro, di fatto, convengono i cittadini a trattare gli affari, a vendere e comprare, e conserver\u00e0 sempre quell\u2019impronta commerciale, anche quando fu circondata da nobili edifici e, le umili taberne saranno sostituite dai locali per gli orefici e i cambiavalute. Sono sempre tutt\u2019intorno disposti, fin dalla pi\u00f9 remota antichit\u00e0, i luoghi sacri che celebrano le divinit\u00e0 pi\u00f9 venerate e le sedi dei poteri supremi del governo: il tempio di Vesta e la casa delle Vestali, il tempio di Giano, l\u2019ara di Saturno e quella di Vulcano, la Regia \u2013 residenza del collegio dei Pontefici -, la Curia \u2013 sede del Senato -, il Comizio \u2013 luogo per le assemblee ufficiali del popolo. Una pi\u00f9 consapevole monumentalizzazione si avvi\u00f2 con la fine delle guerre puniche (fine III &#8211; inizi II sec.a.C.), quando Roma giunse a dominare tutto il Mediterraneo e il Foro diviene il sito pi\u00f9 celebre e significativo della citt\u00e0, un riflesso di secoli di vicende storiche e del progressivo sviluppo della potenza romana.<br> La via Sacra attraversa il Foro da est a ovest e l\u00ec sfilavano le processioni religiose e trionfali.<\/p>\n\n\n\n<ul class=\"wp-block-gallery columns-3 is-cropped\"><li class=\"blocks-gallery-item\"><figure><img loading=\"lazy\" width=\"1024\" height=\"768\" src=\"https:\/\/arteeluoghi.it\/wp-content\/uploads\/2021\/01\/IMG_20190222_102021-1024x768.jpg\" alt=\"\" data-id=\"9593\" data-link=\"https:\/\/arteeluoghi.it\/?attachment_id=9593\" class=\"wp-image-9593\" srcset=\"https:\/\/arteeluoghi.it\/wp-content\/uploads\/2021\/01\/IMG_20190222_102021-1024x768.jpg 1024w, https:\/\/arteeluoghi.it\/wp-content\/uploads\/2021\/01\/IMG_20190222_102021-300x225.jpg 300w, https:\/\/arteeluoghi.it\/wp-content\/uploads\/2021\/01\/IMG_20190222_102021-768x576.jpg 768w\" sizes=\"(max-width: 1024px) 100vw, 1024px\" \/><\/figure><\/li><li class=\"blocks-gallery-item\"><figure><img loading=\"lazy\" width=\"1024\" height=\"768\" src=\"https:\/\/arteeluoghi.it\/wp-content\/uploads\/2021\/01\/IMG_20190222_102104-1024x768.jpg\" alt=\"\" data-id=\"9594\" data-link=\"https:\/\/arteeluoghi.it\/?attachment_id=9594\" class=\"wp-image-9594\" srcset=\"https:\/\/arteeluoghi.it\/wp-content\/uploads\/2021\/01\/IMG_20190222_102104-1024x768.jpg 1024w, https:\/\/arteeluoghi.it\/wp-content\/uploads\/2021\/01\/IMG_20190222_102104-300x225.jpg 300w, https:\/\/arteeluoghi.it\/wp-content\/uploads\/2021\/01\/IMG_20190222_102104-768x576.jpg 768w\" sizes=\"(max-width: 1024px) 100vw, 1024px\" \/><\/figure><\/li><li class=\"blocks-gallery-item\"><figure><img loading=\"lazy\" width=\"888\" height=\"666\" src=\"https:\/\/arteeluoghi.it\/wp-content\/uploads\/2021\/01\/IMG_20190224_100740.jpg\" alt=\"\" data-id=\"9595\" data-link=\"https:\/\/arteeluoghi.it\/?attachment_id=9595\" class=\"wp-image-9595\" srcset=\"https:\/\/arteeluoghi.it\/wp-content\/uploads\/2021\/01\/IMG_20190224_100740.jpg 888w, https:\/\/arteeluoghi.it\/wp-content\/uploads\/2021\/01\/IMG_20190224_100740-300x225.jpg 300w, https:\/\/arteeluoghi.it\/wp-content\/uploads\/2021\/01\/IMG_20190224_100740-768x576.jpg 768w\" sizes=\"(max-width: 888px) 100vw, 888px\" \/><\/figure><\/li><\/ul>\n\n\n\n<p><br> Alle spalle del Campidoglio, la via Sacra prosegue sotto l\u2019Arco di Settimio Severo, arco trionfale a tre fornici rivestito di marmo, fatto erigere ne 203 d.C. per celebrare la vittorie sui Parti. Sull\u2019attico si legge l\u2019iscrizione di dedica di Settimio Severo e al figlio Caracalla. Accanto al pilastro sud \u00e8 una struttura circolare in mattoni, chiamata Mundus o Umbilicus Urbis, luogo considerato il centro di Roma e punto di contatto con il mondo dei morti. La scena alle spalle dell\u2019arco \u00e8 dominata da uno dei monumenti pi\u00f9 importanti della citt\u00e0, il \u201cTabularium\u201d che, costruito nel 78 a.C., era anticamente destinato ad ospitare gli archivi pubblici dello stato, in particolare le \u201ctabulae\u201d di bronzo sulle quali erano incisi decreti e leggi, finch\u00e9 nel XII secolo fu scelto come sede del Comune, spostandone l\u2019ingresso sulla piazza del Campidoglio, alle spalle.<br> Sempre in questa zona del complesso monumentale c\u2019era il percorso delle scale gemonie, che nell\u2019antica Roma, erano una scalinata di accesso al colle Campidoglio che saliva appunto dal Foro e dovevano passare (come testimonia una scalinata moderna ancora esistente) tra il tempio della Concordia e il carcere Mamertino. Su queste scale, vicine al carcere, vennero gettati i corpi dei condannati a morte per il delitto di lesa maest\u00e0 sotto l&#8217;imperatore Tiberio e successivamente anche di diverse vittime dei conflitti legati al potere imperiale.<\/p>\n\n\n\n<figure class=\"wp-block-image\"><img loading=\"lazy\" width=\"1024\" height=\"768\" src=\"https:\/\/arteeluoghi.it\/wp-content\/uploads\/2021\/01\/IMG_20181202_121334_HDR-1024x768.jpg\" alt=\"\" class=\"wp-image-9596\" srcset=\"https:\/\/arteeluoghi.it\/wp-content\/uploads\/2021\/01\/IMG_20181202_121334_HDR-1024x768.jpg 1024w, https:\/\/arteeluoghi.it\/wp-content\/uploads\/2021\/01\/IMG_20181202_121334_HDR-300x225.jpg 300w, https:\/\/arteeluoghi.it\/wp-content\/uploads\/2021\/01\/IMG_20181202_121334_HDR-768x576.jpg 768w\" sizes=\"(max-width: 1024px) 100vw, 1024px\" \/><\/figure>\n\n\n\n<p><br> Lungo l\u2019estremit\u00e0 opposta della Via Sacra, nel punto in cui si sale verso il Palatino, troviamo l\u2019Arco di Tito, che deve la sua conservazione all\u2019inglobamento nelle fortificazioni medievali. Fu eretto da Domiziano in memoria del fratello Tito divinizzato per celebrarne il trionfo nella guerra giudaica del 70-71 d.C.: lo rivela la dedica incisa sul lato verso il Colosseo, nell\u2019attico sopra l\u2019unico fornice. Sul fianco di questa si allineano ancora i monumenti dell\u2019impero: la basilica di Costantino, il tempio di Romolo figlio di Massenzio, il tempio di Antonino e Faustina, il tempio di Venere e Roma. Quest\u2019ultimo ci d\u00e0 l\u2019idea di Roma  percepita come una divinit\u00e0 e in effetti nelle province fin dagli ultimi tempi dell\u2019et\u00e0 repubblicana, Roma &#8211; alla apri di una persona divina \u2013 cominci\u00f2 a essere venerata, e il suo culto si diffuse nel periodo imperiale associato per lo pi\u00f9 al culto dell\u2019imperatore divinizzato. A Roma tale culto fu introdotto da Adriano, insieme a quello di Venere, ma non nel suo ruolo di dea dell\u2019amore ma in qualit\u00e0 di progenitrice di Enea e quindi la primigenia origine di Roma; inoltre Venere era considerata la progenitrice della gens Julia alla quale apparteneva Augusto, fondatore dell\u2019Impero. Cos\u00ec a Roma e a Venere, Adriano nel 135 eresse un tempio che glorificasse le origini della citt\u00e0 e quelle dell\u2019Impero, e fu Adriano in persona \u2013 studioso di architettura e appassionato di costruzione \u2013 a progettarlo e a dirigerne i lavori, realizzando il tempio pi\u00f9 grande di Roma antica: un\u2019enorme piattaforma artificiale sosteneva due celle absidate, circondate da ricchissimi colonnati di marmi orientali; una delle due celle conteneva la statua di Venere e l\u2019altra quella di Roma.  Nel VII secolo le tegole di bronzo dorato del tetto furono utilizzate per rinnovare il tetto della basilica Vaticana e tre secoli dopo, sull\u2019area del tempio, verso il Foro, si stabil\u00ec la Chiesa di Santa Maria Nova, tuttora esistente \u2013 conosciuta anche come Chiesa di Santa Francesca Romana alla quale fu intitolata nel XV secolo &#8211; e che, insieme al suo campanile e con il chiostro, costituisce uno dei pi\u00f9 singolari gruppi monumentali, dove il tempo  e gli accadimenti storici hanno lasciato la loro impronta. <\/p>\n\n\n\n<figure class=\"wp-block-image\"><img src=\"blob:https:\/\/arteeluoghi.it\/db212296-b1c1-48c1-adb3-f8b6408bbbf4\" alt=\"\"\/><\/figure>\n\n\n\n<p>A partire dal VII secolo avvengono i cambiamenti pi\u00f9 profondi, in coincidenza con le trasformazioni politiche e religiose che caratterizzano questi tempi, come l&#8217;installazione di officine per la rilavorazione dei metalli e dei marmi ottenuti dalle spoliazioni, che testimonia come molti edifici non fossero pi\u00f9 ritenuti tanto importanti e venivano trasformati a volte in chiese.  Il ruolo della Chiesa diviene sempre pi\u00f9 centrale: nell\u2019VIII secolo sono create nelle chiese del Foro cinque diaconie, istituti religiosi dediti all\u2019assistenza, in cui sono da collocare le granarie, i pozzi e una piccola terme nella Casa delle Vestali. E su quest\u2019ultima mi vorrei brevemente soffermarmi. Vesta personificava il focolare domestico che la mater familias accende, alimenta e custodisce, e anche se con il tempo tale culto si identifica con quello del focolare pubblico e quindi dello Stato, le sue caratteristiche discendono dalla dimensione domestica che rimane intrinseca. Di fatto l\u2019edificio di culto era rotondo come l\u2019antica capanna laziale e all\u2019interno non vi era la statua della dea ma un focolare e nient\u2019altro; pi\u00f9 che un tempio, si potrebbe dire insomma una capanna nobilitata dal pregio dei materiali in uso e dagli ornamenti. Il focolare era continuamente vigilato dalla vestale affinch\u00e9 quello non si spegnesse, pertanto questa sacerdotessa era paragonabile alla mater familias di tutti i cittadini, da dove derivano i privilegi e il rispetto che essa godeva. Oggi del tempio, pi\u00f9 volte rinnovato dall\u2019et\u00e0 regia fino ai tempi di Settimio Severo, restano solo il rudere circolare del podio e frammenti architettonici. E adiacenti i resti la Casa delle Vestali, dove dimorava il collegio di sei sacerdotesse dedite al culto fin dai 10 anni, ai 40 anni quando potevano anche lasciare l\u2019atrium Vestae e sposarsi. Dei resti recuperati da scavi archeologici della fine dell\u2019Ottocento, sicuramente fanno bella vista le statue allineate con le iscrizioni dedicatorie delle Vestali massime, alle quali fosse concesso in via esclusiva l\u2019onore di una statua che in genere era innalzata da chi avesse ricevuto qualche beneficio.<\/p>\n\n\n\n<p><\/p>\n\n\n\n<ul class=\"wp-block-gallery columns-2 is-cropped\"><li class=\"blocks-gallery-item\"><figure><img loading=\"lazy\" width=\"1024\" height=\"768\" src=\"https:\/\/arteeluoghi.it\/wp-content\/uploads\/2021\/01\/IMG_20181202_105844_HDR-1024x768.jpg\" alt=\"\" data-id=\"9597\" data-link=\"https:\/\/arteeluoghi.it\/?attachment_id=9597\" class=\"wp-image-9597\" srcset=\"https:\/\/arteeluoghi.it\/wp-content\/uploads\/2021\/01\/IMG_20181202_105844_HDR-1024x768.jpg 1024w, https:\/\/arteeluoghi.it\/wp-content\/uploads\/2021\/01\/IMG_20181202_105844_HDR-300x225.jpg 300w, https:\/\/arteeluoghi.it\/wp-content\/uploads\/2021\/01\/IMG_20181202_105844_HDR-768x576.jpg 768w\" sizes=\"(max-width: 1024px) 100vw, 1024px\" \/><\/figure><\/li><li class=\"blocks-gallery-item\"><figure><img loading=\"lazy\" width=\"1024\" height=\"768\" src=\"https:\/\/arteeluoghi.it\/wp-content\/uploads\/2021\/01\/IMG_20181202_110604_HDR-1024x768.jpg\" alt=\"\" data-id=\"9598\" data-link=\"https:\/\/arteeluoghi.it\/?attachment_id=9598\" class=\"wp-image-9598\" srcset=\"https:\/\/arteeluoghi.it\/wp-content\/uploads\/2021\/01\/IMG_20181202_110604_HDR-1024x768.jpg 1024w, https:\/\/arteeluoghi.it\/wp-content\/uploads\/2021\/01\/IMG_20181202_110604_HDR-300x225.jpg 300w, https:\/\/arteeluoghi.it\/wp-content\/uploads\/2021\/01\/IMG_20181202_110604_HDR-768x576.jpg 768w\" sizes=\"(max-width: 1024px) 100vw, 1024px\" \/><\/figure><\/li><\/ul>\n\n\n\n<p>Ma fu la presenza di istituti religiosi in epoca cristiana a favorire l\u2019aumento del circostante abitato, che fu per\u00f2 radicalmente alterato a partire dalla seconda met\u00e0 dell\u2019IX secolo da tragici eventi naturali quali il terremoto e l\u2019alluvione dell\u2019847. L&#8217;accumulo delle macerie non fu rimosso n\u00e9 si risistemarono gli impianti fognari, che poi vennero abbandonati, causando in tal modo l\u2019impaludamento e l\u2019innalzamento dei piani, su cui poi si costruirono anche dimore di buon livello e attivit\u00e0 artigianali e commerciali. Tuttavia sar\u00e0 necessario arrivare agli inizi del XIX secolo per ritrovare attenzione per quest\u2019area di Roma che ne era stato per secoli il cuore pulsante: saranno avviati scavi metodici e restauri razionali dei monumenti del Foro, caduta nel degrado e nell\u2019abbandono. La valle dal Campidoglio all\u2019arco di Tito era coperta da strati di terre di scarico , dove in un \u2018ampia distesa, il cosiddetto \u201cCampo Vaccino\u201d si teneva il mercato del bestiame, e tutt\u2019intorno e a ridosso dei monumenti che emergevano dal terreno con le estremit\u00e0 superiori, stavano umili case e fienili, botteghe e officine di fabbri e facocchi, artigiani che costruivano carri. Le demolizioni incominciarono dietro l\u2019impulso di Papa Pio VII e dagli scavi i primi monumenti a riprendere respiro furono gli archi di Tito e Settimio Severo. Le campagne di scavo, proseguite sotto varie direzione, tra le quali quella del Valadier \u2013 il famoso architetto del Pincio \u2013 , furono condotte a pieno ritmo fino al 1853 per essere quasi abbandonate o quantomeno proseguite con una certa fiacca, per poi scavare completamente l\u2019area nei primi del Novecento. <\/p>\n","protected":false},"excerpt":{"rendered":"<p>L\u2019impronta di secoli di Storia\u2026 Sara Foti Sciavaliere Ai primordi di Roma, la tradizione narra la lotta fra i Latini<\/p>\n","protected":false},"author":1,"featured_media":9596,"comment_status":"open","ping_status":"open","sticky":true,"template":"","format":"standard","meta":[],"categories":[609,18,27,43],"tags":[3093,3095,3089,3094,3097,3096,3088,3098,3090,485,115,3092,3091],"yoast_head":"<!-- This site is optimized with the Yoast SEO plugin v18.0 - https:\/\/yoast.com\/wordpress\/plugins\/seo\/ -->\n<title>A passeggio lungo la Via Sacra del Foro Romano | Arte e Luoghi<\/title>\n<meta name=\"description\" content=\"La via sacra del foro romano. Quando Roma giunse a dominare tutto il Mediterraneo il Foro diviene il sito pi\u00f9 celebre e significativo della citt\u00e0\" \/>\n<meta name=\"robots\" content=\"index, follow, max-snippet:-1, max-image-preview:large, max-video-preview:-1\" \/>\n<link rel=\"canonical\" href=\"https:\/\/arteeluoghi.it\/index.php\/2021\/01\/03\/a-passeggio-lungo-la-via-sacra-del-foro-romano\/\" \/>\n<meta property=\"og:locale\" content=\"it_IT\" \/>\n<meta property=\"og:type\" content=\"article\" \/>\n<meta property=\"og:title\" content=\"A passeggio lungo la Via Sacra del Foro Romano | Arte e Luoghi\" \/>\n<meta property=\"og:description\" content=\"La via sacra del foro romano. Quando Roma giunse a dominare tutto il Mediterraneo il Foro diviene il sito pi\u00f9 celebre e significativo della citt\u00e0\" \/>\n<meta property=\"og:url\" content=\"https:\/\/arteeluoghi.it\/index.php\/2021\/01\/03\/a-passeggio-lungo-la-via-sacra-del-foro-romano\/\" \/>\n<meta property=\"og:site_name\" content=\"Arte e Luoghi\" \/>\n<meta property=\"article:publisher\" content=\"https:\/\/www.facebook.com\/ArteELuoghi\/\" \/>\n<meta property=\"article:published_time\" content=\"2021-01-03T20:08:17+00:00\" \/>\n<meta property=\"article:modified_time\" content=\"2021-01-09T20:19:47+00:00\" \/>\n<meta property=\"og:image\" content=\"https:\/\/arteeluoghi.it\/wp-content\/uploads\/2021\/01\/IMG_20181202_121334_HDR-1024x768.jpg\" \/>\n\t<meta property=\"og:image:width\" content=\"1024\" \/>\n\t<meta property=\"og:image:height\" content=\"768\" \/>\n\t<meta property=\"og:image:type\" content=\"image\/jpeg\" \/>\n<meta name=\"twitter:card\" content=\"summary\" \/>\n<meta name=\"twitter:creator\" content=\"@arteeluoghi\" \/>\n<meta name=\"twitter:site\" content=\"@arteeluoghi\" \/>\n<meta name=\"twitter:label1\" content=\"Scritto da\" \/>\n\t<meta name=\"twitter:data1\" content=\"Staff\" \/>\n\t<meta name=\"twitter:label2\" content=\"Tempo di lettura stimato\" \/>\n\t<meta name=\"twitter:data2\" content=\"7 minuti\" \/>\n<script type=\"application\/ld+json\" class=\"yoast-schema-graph\">{\"@context\":\"https:\/\/schema.org\",\"@graph\":[{\"@type\":\"Organization\",\"@id\":\"https:\/\/arteeluoghi.it\/#organization\",\"name\":\"Arte e Luoghi\",\"url\":\"https:\/\/arteeluoghi.it\/\",\"sameAs\":[\"https:\/\/www.facebook.com\/ArteELuoghi\/\",\"https:\/\/www.instagram.com\/arteeluoghi\/?hl=it\",\"https:\/\/www.youtube.com\/channel\/UCuRVc4JW4-C5sg9rQB-srkw?view_as=subscriber\",\"https:\/\/twitter.com\/arteeluoghi\"],\"logo\":{\"@type\":\"ImageObject\",\"@id\":\"https:\/\/arteeluoghi.it\/#logo\",\"inLanguage\":\"it-IT\",\"url\":\"https:\/\/arteeluoghi.it\/wp-content\/uploads\/2018\/08\/logoinstagramarte.jpg\",\"contentUrl\":\"https:\/\/arteeluoghi.it\/wp-content\/uploads\/2018\/08\/logoinstagramarte.jpg\",\"width\":150,\"height\":150,\"caption\":\"Arte e Luoghi\"},\"image\":{\"@id\":\"https:\/\/arteeluoghi.it\/#logo\"}},{\"@type\":\"WebSite\",\"@id\":\"https:\/\/arteeluoghi.it\/#website\",\"url\":\"https:\/\/arteeluoghi.it\/\",\"name\":\"Arte e Luoghi\",\"description\":\"Mensile di arte, cultura, turismo e curiosit\u00e0\",\"publisher\":{\"@id\":\"https:\/\/arteeluoghi.it\/#organization\"},\"potentialAction\":[{\"@type\":\"SearchAction\",\"target\":{\"@type\":\"EntryPoint\",\"urlTemplate\":\"https:\/\/arteeluoghi.it\/?s={search_term_string}\"},\"query-input\":\"required name=search_term_string\"}],\"inLanguage\":\"it-IT\"},{\"@type\":\"ImageObject\",\"@id\":\"https:\/\/arteeluoghi.it\/index.php\/2021\/01\/03\/a-passeggio-lungo-la-via-sacra-del-foro-romano\/#primaryimage\",\"inLanguage\":\"it-IT\",\"url\":\"https:\/\/arteeluoghi.it\/wp-content\/uploads\/2021\/01\/IMG_20181202_121334_HDR.jpg\",\"contentUrl\":\"https:\/\/arteeluoghi.it\/wp-content\/uploads\/2021\/01\/IMG_20181202_121334_HDR.jpg\",\"width\":4160,\"height\":3120,\"caption\":\"Foro Romano, fotoreportage di Sara Foti Sciavaliere\"},{\"@type\":\"WebPage\",\"@id\":\"https:\/\/arteeluoghi.it\/index.php\/2021\/01\/03\/a-passeggio-lungo-la-via-sacra-del-foro-romano\/#webpage\",\"url\":\"https:\/\/arteeluoghi.it\/index.php\/2021\/01\/03\/a-passeggio-lungo-la-via-sacra-del-foro-romano\/\",\"name\":\"A passeggio lungo la Via Sacra del Foro Romano | Arte e Luoghi\",\"isPartOf\":{\"@id\":\"https:\/\/arteeluoghi.it\/#website\"},\"primaryImageOfPage\":{\"@id\":\"https:\/\/arteeluoghi.it\/index.php\/2021\/01\/03\/a-passeggio-lungo-la-via-sacra-del-foro-romano\/#primaryimage\"},\"datePublished\":\"2021-01-03T20:08:17+00:00\",\"dateModified\":\"2021-01-09T20:19:47+00:00\",\"description\":\"La via sacra del foro romano. Quando Roma giunse a dominare tutto il Mediterraneo il Foro diviene il sito pi\u00f9 celebre e significativo della citt\u00e0\",\"breadcrumb\":{\"@id\":\"https:\/\/arteeluoghi.it\/index.php\/2021\/01\/03\/a-passeggio-lungo-la-via-sacra-del-foro-romano\/#breadcrumb\"},\"inLanguage\":\"it-IT\",\"potentialAction\":[{\"@type\":\"ReadAction\",\"target\":[\"https:\/\/arteeluoghi.it\/index.php\/2021\/01\/03\/a-passeggio-lungo-la-via-sacra-del-foro-romano\/\"]}]},{\"@type\":\"BreadcrumbList\",\"@id\":\"https:\/\/arteeluoghi.it\/index.php\/2021\/01\/03\/a-passeggio-lungo-la-via-sacra-del-foro-romano\/#breadcrumb\",\"itemListElement\":[{\"@type\":\"ListItem\",\"position\":1,\"name\":\"Home\",\"item\":\"https:\/\/arteeluoghi.it\/\"},{\"@type\":\"ListItem\",\"position\":2,\"name\":\"A passeggio lungo la Via Sacra del Foro Romano\"}]},{\"@type\":\"Article\",\"@id\":\"https:\/\/arteeluoghi.it\/index.php\/2021\/01\/03\/a-passeggio-lungo-la-via-sacra-del-foro-romano\/#article\",\"isPartOf\":{\"@id\":\"https:\/\/arteeluoghi.it\/index.php\/2021\/01\/03\/a-passeggio-lungo-la-via-sacra-del-foro-romano\/#webpage\"},\"author\":{\"@id\":\"https:\/\/arteeluoghi.it\/#\/schema\/person\/f84e814e36e91e01448ee07eaadd41d4\"},\"headline\":\"A passeggio lungo la Via Sacra del Foro Romano\",\"datePublished\":\"2021-01-03T20:08:17+00:00\",\"dateModified\":\"2021-01-09T20:19:47+00:00\",\"mainEntityOfPage\":{\"@id\":\"https:\/\/arteeluoghi.it\/index.php\/2021\/01\/03\/a-passeggio-lungo-la-via-sacra-del-foro-romano\/#webpage\"},\"wordCount\":1474,\"commentCount\":0,\"publisher\":{\"@id\":\"https:\/\/arteeluoghi.it\/#organization\"},\"image\":{\"@id\":\"https:\/\/arteeluoghi.it\/index.php\/2021\/01\/03\/a-passeggio-lungo-la-via-sacra-del-foro-romano\/#primaryimage\"},\"thumbnailUrl\":\"https:\/\/arteeluoghi.it\/wp-content\/uploads\/2021\/01\/IMG_20181202_121334_HDR.jpg\",\"keywords\":[\"ara di Saturno\",\"ara di Vulcano\",\"archelogia\",\"casa delle Vestali\",\"Comizio\",\"Curia\",\"Foro romano\",\"Regia\",\"reperti\",\"Roma\",\"Sara Foti Sciavaliere\",\"Tempio di Giano\",\"via sacra\"],\"articleSection\":[\"archeologia\",\"architettura\",\"Arte\",\"Storie. L'uomo e il territorio\"],\"inLanguage\":\"it-IT\",\"potentialAction\":[{\"@type\":\"CommentAction\",\"name\":\"Comment\",\"target\":[\"https:\/\/arteeluoghi.it\/index.php\/2021\/01\/03\/a-passeggio-lungo-la-via-sacra-del-foro-romano\/#respond\"]}]},{\"@type\":\"Person\",\"@id\":\"https:\/\/arteeluoghi.it\/#\/schema\/person\/f84e814e36e91e01448ee07eaadd41d4\",\"name\":\"Staff\",\"image\":{\"@type\":\"ImageObject\",\"@id\":\"https:\/\/arteeluoghi.it\/#personlogo\",\"inLanguage\":\"it-IT\",\"url\":\"https:\/\/secure.gravatar.com\/avatar\/49d2f9e46271bb04e19cebfaf141313a?s=96&d=blank&r=g\",\"contentUrl\":\"https:\/\/secure.gravatar.com\/avatar\/49d2f9e46271bb04e19cebfaf141313a?s=96&d=blank&r=g\",\"caption\":\"Staff\"}}]}<\/script>\n<!-- \/ Yoast SEO plugin. -->","yoast_head_json":{"title":"A passeggio lungo la Via Sacra del Foro Romano | Arte e Luoghi","description":"La via sacra del foro romano. Quando Roma giunse a dominare tutto il Mediterraneo il Foro diviene il sito pi\u00f9 celebre e significativo della citt\u00e0","robots":{"index":"index","follow":"follow","max-snippet":"max-snippet:-1","max-image-preview":"max-image-preview:large","max-video-preview":"max-video-preview:-1"},"canonical":"https:\/\/arteeluoghi.it\/index.php\/2021\/01\/03\/a-passeggio-lungo-la-via-sacra-del-foro-romano\/","og_locale":"it_IT","og_type":"article","og_title":"A passeggio lungo la Via Sacra del Foro Romano | Arte e Luoghi","og_description":"La via sacra del foro romano. Quando Roma giunse a dominare tutto il Mediterraneo il Foro diviene il sito pi\u00f9 celebre e significativo della citt\u00e0","og_url":"https:\/\/arteeluoghi.it\/index.php\/2021\/01\/03\/a-passeggio-lungo-la-via-sacra-del-foro-romano\/","og_site_name":"Arte e Luoghi","article_publisher":"https:\/\/www.facebook.com\/ArteELuoghi\/","article_published_time":"2021-01-03T20:08:17+00:00","article_modified_time":"2021-01-09T20:19:47+00:00","og_image":[{"width":1024,"height":768,"url":"https:\/\/arteeluoghi.it\/wp-content\/uploads\/2021\/01\/IMG_20181202_121334_HDR-1024x768.jpg","type":"image\/jpeg"}],"twitter_card":"summary","twitter_creator":"@arteeluoghi","twitter_site":"@arteeluoghi","twitter_misc":{"Scritto da":"Staff","Tempo di lettura stimato":"7 minuti"},"schema":{"@context":"https:\/\/schema.org","@graph":[{"@type":"Organization","@id":"https:\/\/arteeluoghi.it\/#organization","name":"Arte e Luoghi","url":"https:\/\/arteeluoghi.it\/","sameAs":["https:\/\/www.facebook.com\/ArteELuoghi\/","https:\/\/www.instagram.com\/arteeluoghi\/?hl=it","https:\/\/www.youtube.com\/channel\/UCuRVc4JW4-C5sg9rQB-srkw?view_as=subscriber","https:\/\/twitter.com\/arteeluoghi"],"logo":{"@type":"ImageObject","@id":"https:\/\/arteeluoghi.it\/#logo","inLanguage":"it-IT","url":"https:\/\/arteeluoghi.it\/wp-content\/uploads\/2018\/08\/logoinstagramarte.jpg","contentUrl":"https:\/\/arteeluoghi.it\/wp-content\/uploads\/2018\/08\/logoinstagramarte.jpg","width":150,"height":150,"caption":"Arte e Luoghi"},"image":{"@id":"https:\/\/arteeluoghi.it\/#logo"}},{"@type":"WebSite","@id":"https:\/\/arteeluoghi.it\/#website","url":"https:\/\/arteeluoghi.it\/","name":"Arte e Luoghi","description":"Mensile di arte, cultura, turismo e curiosit\u00e0","publisher":{"@id":"https:\/\/arteeluoghi.it\/#organization"},"potentialAction":[{"@type":"SearchAction","target":{"@type":"EntryPoint","urlTemplate":"https:\/\/arteeluoghi.it\/?s={search_term_string}"},"query-input":"required name=search_term_string"}],"inLanguage":"it-IT"},{"@type":"ImageObject","@id":"https:\/\/arteeluoghi.it\/index.php\/2021\/01\/03\/a-passeggio-lungo-la-via-sacra-del-foro-romano\/#primaryimage","inLanguage":"it-IT","url":"https:\/\/arteeluoghi.it\/wp-content\/uploads\/2021\/01\/IMG_20181202_121334_HDR.jpg","contentUrl":"https:\/\/arteeluoghi.it\/wp-content\/uploads\/2021\/01\/IMG_20181202_121334_HDR.jpg","width":4160,"height":3120,"caption":"Foro Romano, fotoreportage di Sara Foti Sciavaliere"},{"@type":"WebPage","@id":"https:\/\/arteeluoghi.it\/index.php\/2021\/01\/03\/a-passeggio-lungo-la-via-sacra-del-foro-romano\/#webpage","url":"https:\/\/arteeluoghi.it\/index.php\/2021\/01\/03\/a-passeggio-lungo-la-via-sacra-del-foro-romano\/","name":"A passeggio lungo la Via Sacra del Foro Romano | Arte e Luoghi","isPartOf":{"@id":"https:\/\/arteeluoghi.it\/#website"},"primaryImageOfPage":{"@id":"https:\/\/arteeluoghi.it\/index.php\/2021\/01\/03\/a-passeggio-lungo-la-via-sacra-del-foro-romano\/#primaryimage"},"datePublished":"2021-01-03T20:08:17+00:00","dateModified":"2021-01-09T20:19:47+00:00","description":"La via sacra del foro romano. Quando Roma giunse a dominare tutto il Mediterraneo il Foro diviene il sito pi\u00f9 celebre e significativo della citt\u00e0","breadcrumb":{"@id":"https:\/\/arteeluoghi.it\/index.php\/2021\/01\/03\/a-passeggio-lungo-la-via-sacra-del-foro-romano\/#breadcrumb"},"inLanguage":"it-IT","potentialAction":[{"@type":"ReadAction","target":["https:\/\/arteeluoghi.it\/index.php\/2021\/01\/03\/a-passeggio-lungo-la-via-sacra-del-foro-romano\/"]}]},{"@type":"BreadcrumbList","@id":"https:\/\/arteeluoghi.it\/index.php\/2021\/01\/03\/a-passeggio-lungo-la-via-sacra-del-foro-romano\/#breadcrumb","itemListElement":[{"@type":"ListItem","position":1,"name":"Home","item":"https:\/\/arteeluoghi.it\/"},{"@type":"ListItem","position":2,"name":"A passeggio lungo la Via Sacra del Foro Romano"}]},{"@type":"Article","@id":"https:\/\/arteeluoghi.it\/index.php\/2021\/01\/03\/a-passeggio-lungo-la-via-sacra-del-foro-romano\/#article","isPartOf":{"@id":"https:\/\/arteeluoghi.it\/index.php\/2021\/01\/03\/a-passeggio-lungo-la-via-sacra-del-foro-romano\/#webpage"},"author":{"@id":"https:\/\/arteeluoghi.it\/#\/schema\/person\/f84e814e36e91e01448ee07eaadd41d4"},"headline":"A passeggio lungo la Via Sacra del Foro Romano","datePublished":"2021-01-03T20:08:17+00:00","dateModified":"2021-01-09T20:19:47+00:00","mainEntityOfPage":{"@id":"https:\/\/arteeluoghi.it\/index.php\/2021\/01\/03\/a-passeggio-lungo-la-via-sacra-del-foro-romano\/#webpage"},"wordCount":1474,"commentCount":0,"publisher":{"@id":"https:\/\/arteeluoghi.it\/#organization"},"image":{"@id":"https:\/\/arteeluoghi.it\/index.php\/2021\/01\/03\/a-passeggio-lungo-la-via-sacra-del-foro-romano\/#primaryimage"},"thumbnailUrl":"https:\/\/arteeluoghi.it\/wp-content\/uploads\/2021\/01\/IMG_20181202_121334_HDR.jpg","keywords":["ara di Saturno","ara di Vulcano","archelogia","casa delle Vestali","Comizio","Curia","Foro romano","Regia","reperti","Roma","Sara Foti Sciavaliere","Tempio di Giano","via sacra"],"articleSection":["archeologia","architettura","Arte","Storie. L'uomo e il territorio"],"inLanguage":"it-IT","potentialAction":[{"@type":"CommentAction","name":"Comment","target":["https:\/\/arteeluoghi.it\/index.php\/2021\/01\/03\/a-passeggio-lungo-la-via-sacra-del-foro-romano\/#respond"]}]},{"@type":"Person","@id":"https:\/\/arteeluoghi.it\/#\/schema\/person\/f84e814e36e91e01448ee07eaadd41d4","name":"Staff","image":{"@type":"ImageObject","@id":"https:\/\/arteeluoghi.it\/#personlogo","inLanguage":"it-IT","url":"https:\/\/secure.gravatar.com\/avatar\/49d2f9e46271bb04e19cebfaf141313a?s=96&d=blank&r=g","contentUrl":"https:\/\/secure.gravatar.com\/avatar\/49d2f9e46271bb04e19cebfaf141313a?s=96&d=blank&r=g","caption":"Staff"}}]}},"_links":{"self":[{"href":"https:\/\/arteeluoghi.it\/index.php\/wp-json\/wp\/v2\/posts\/9592"}],"collection":[{"href":"https:\/\/arteeluoghi.it\/index.php\/wp-json\/wp\/v2\/posts"}],"about":[{"href":"https:\/\/arteeluoghi.it\/index.php\/wp-json\/wp\/v2\/types\/post"}],"author":[{"embeddable":true,"href":"https:\/\/arteeluoghi.it\/index.php\/wp-json\/wp\/v2\/users\/1"}],"replies":[{"embeddable":true,"href":"https:\/\/arteeluoghi.it\/index.php\/wp-json\/wp\/v2\/comments?post=9592"}],"version-history":[{"count":2,"href":"https:\/\/arteeluoghi.it\/index.php\/wp-json\/wp\/v2\/posts\/9592\/revisions"}],"predecessor-version":[{"id":9600,"href":"https:\/\/arteeluoghi.it\/index.php\/wp-json\/wp\/v2\/posts\/9592\/revisions\/9600"}],"wp:featuredmedia":[{"embeddable":true,"href":"https:\/\/arteeluoghi.it\/index.php\/wp-json\/wp\/v2\/media\/9596"}],"wp:attachment":[{"href":"https:\/\/arteeluoghi.it\/index.php\/wp-json\/wp\/v2\/media?parent=9592"}],"wp:term":[{"taxonomy":"category","embeddable":true,"href":"https:\/\/arteeluoghi.it\/index.php\/wp-json\/wp\/v2\/categories?post=9592"},{"taxonomy":"post_tag","embeddable":true,"href":"https:\/\/arteeluoghi.it\/index.php\/wp-json\/wp\/v2\/tags?post=9592"}],"curies":[{"name":"wp","href":"https:\/\/api.w.org\/{rel}","templated":true}]}}