{"id":9605,"date":"2021-01-03T21:55:55","date_gmt":"2021-01-03T20:55:55","guid":{"rendered":"https:\/\/arteeluoghi.it\/?p=9605"},"modified":"2021-01-09T22:00:01","modified_gmt":"2021-01-09T21:00:01","slug":"la-sfida-del-vivere","status":"publish","type":"post","link":"https:\/\/arteeluoghi.it\/index.php\/2021\/01\/03\/la-sfida-del-vivere\/","title":{"rendered":"La sfida del vivere"},"content":{"rendered":"\n<blockquote class=\"wp-block-quote\"><p>Le riflessioni dello psicologo psicoterapeuta  <\/p><cite>Giovanni Bruno<\/cite><\/blockquote>\n\n\n\n<p>Spesso accade che nei momenti di forti pressioni esterne o di affanni dell\u2019animo, come in questi mesi calamitosi dovuti alla emergenza pandemica, l\u2019uomo ricerchi un senso da dare alla propria vita, alla propria<br> esistenza. Dobbiamo tuttavia chiarire il termine \u201c esistenza\u201d. Condonando tutta la letteratura filosofica che ha espresso i pi\u00f9 vari orientamenti sul termine, da Platone a Kierkegaard, per esistenza intendiamo comunemente l\u2019essere in un certo momento, nel presente piuttosto che nel passato o nel futuro. <\/p>\n\n\n\n<!--more-->\n\n\n\n<p><br> L\u2019esistere dell\u2019uomo porta a produrre effetti su se stesso e sul contesto che lo circonda. La sua effettualit\u00e0 produce invariabilmente modificazioni sul proprio stato interno e sulle persone con cui \u00e8 in relazione. Il senso, il significato da dare alla propria esistenza    acquista dunque una valenza potremo dire ontologica, che riguarda la conoscenza del proprio \u201cIO\u201d, della realt\u00e0 esterna, del fenomeno umano in generale.<br> Abbiamo finora parlato di esistenza e di senso, termini intimamente legati a una questione di cromosomi o pi\u00f9 esplicitamente al carattere e alla personalit\u00e0 di ognuno.     Se dunque dalle definizioni generaliste passiamo a un campo pi\u00f9 circoscritto, come appunto l\u2019Uomo, considerando la sua essenza, il suo stare al mondo ,ecco che tutto diventa pi\u00f9 agevole ma anche pi\u00f9  complicato. Il segno dei tempi ci porta a  esaminare un Uomo che, almeno in Occidente e non solo, porta in s\u00e9 dei paradigmi, dei codici che sono il portato di valori ampiamente diffusi, con tutta una serie di desideri impliciti o espliciti che soggiogano il soggetto. E qui \u00e8 bene fare una distinzione tra desiderio e aspirazione. Il desiderio, seppur importante, pu\u00f2 avere un significato ambiguo, esso pu\u00f2 diventare una prigione ,   l\u2019unico fine per cui attivarsi, una meta sempre pi\u00f9 irraggiungibile. L\u2019aspirazione al contrario \u00e8 il proprio sogno che si persegue, \u00e8 quella ambizione per la quale si \u00e8 al mondo, la realizzazione del proprio demone, l\u2019eudaimonia dei Greci.<br> Tuttavia gli strazi della mente sono fortemente legati al contesto civico e questa \u00e8 una societ\u00e0 che in ogni momento ci chiede immagine studiata, bellezza dei corpi, soddisfacimento veloce. Come resistere a queste sirene, a queste creature tentatrici che incantano e seducono? Molto dipende da noi stessi, dal nostro essere, dalla nostra costituzione psichica che si deve orientare verso un senso di giusta misura e di bene comune. Ma pi\u00f9 esplicitamente \u00e8 la nostra coscienza morale che ci deve guidare, che pu\u00f2 e deve agire dentro di noi e fuori di noi. Forse allora abbiamo bisogno di essenzialit\u00e0, di togliere la pompa, di saltare le cerimonie e i riti del superfluo. Semplicemente dipende da noi, dipende da te .<br> Forse, cos\u00ec facendo, la costruzione di un senso si far\u00e0 strada e sar\u00e0 legata per   esempio alla scoperta che possiamo essere     indispensabili a qualcuno per un\u2019ora o per tutta una vita. O ancora scoprire che le persone vengono prima dei principi e degli stili di vita e che esiste un individualismo da declinare continuamente in un monologo collettivo. Sempre dunque nella ricerca di un senso la dimensione del simbolico deve contenere il reale, perch\u00e9 l\u2019esistenza \u00e8 un percorso, un processo dove nulla \u00e8 statico e <br> dove l\u2019altro \u00e8 sempre forma di nutrimento ,  perch\u00e9 \u201c l\u2019uomo senza l\u2019uomo muore\u201d.<br> Un\u2019ultima notazione voglio riservarla a un libro di recente pubblicazione. Il testo \u00e8 \u201cAvere\u201d , l\u2019autore \u00e8 Paolo Virno, pubblicato da Bollati-Boringheri. L\u2019angolo visuale \u00e8 quello di un linguista che vede il verbo avere al centro delle nostre esistenze. La vita dell\u2019uomo \u00e8 costellata dall\u2019avere, avere molte cose non solo materiali, avere progetti, pensieri, relazioni senza tuttavia coincidere con nessuna di queste. Paolo Verno ci dice dunque che il verbo avere \u201cincarna perfettamente la natura relazionale dell\u2019uomo, sempre in comunicazione con l\u2019altro da s\u00e9\u201d.<br> Potremo concludere che non bisogna cercare il senso della vita perch\u00e9 la vita \u00e8 gi\u00e0 senso, racchiuso nella miracolosa stranezza di essere al mondo e di condividere questo mistero con chi ci \u00e8 vicino. <br> Di questo solo ci dobbiamo accontentare.<\/p>\n","protected":false},"excerpt":{"rendered":"<p>Le riflessioni dello psicologo psicoterapeuta Giovanni Bruno Spesso accade che nei momenti di forti pressioni esterne o di affanni dell\u2019animo,<\/p>\n","protected":false},"author":1,"featured_media":9606,"comment_status":"open","ping_status":"open","sticky":true,"template":"","format":"standard","meta":[],"categories":[52],"tags":[2036,2822,3104,2126,629,697,3103],"yoast_head":"<!-- This site is optimized with the Yoast SEO plugin v18.0 - https:\/\/yoast.com\/wordpress\/plugins\/seo\/ -->\n<title>La sfida del vivere | i luoghi della parola | Arte e Luoghi<\/title>\n<meta name=\"description\" content=\"non bisogna cercare il senso della vita perch\u00e9 la vita \u00e8 gi\u00e0 senso, racchiuso nella miracolosa stranezza di essere al mondo\" \/>\n<meta name=\"robots\" content=\"index, follow, max-snippet:-1, max-image-preview:large, max-video-preview:-1\" \/>\n<link rel=\"canonical\" href=\"https:\/\/arteeluoghi.it\/index.php\/2021\/01\/03\/la-sfida-del-vivere\/\" \/>\n<meta property=\"og:locale\" content=\"it_IT\" \/>\n<meta property=\"og:type\" content=\"article\" \/>\n<meta property=\"og:title\" content=\"La sfida del vivere | i luoghi della parola | Arte e Luoghi\" \/>\n<meta property=\"og:description\" content=\"non bisogna cercare il senso della vita perch\u00e9 la vita \u00e8 gi\u00e0 senso, racchiuso nella miracolosa stranezza di essere al mondo\" \/>\n<meta property=\"og:url\" content=\"https:\/\/arteeluoghi.it\/index.php\/2021\/01\/03\/la-sfida-del-vivere\/\" \/>\n<meta property=\"og:site_name\" content=\"Arte e Luoghi\" \/>\n<meta property=\"article:publisher\" content=\"https:\/\/www.facebook.com\/ArteELuoghi\/\" \/>\n<meta property=\"article:published_time\" content=\"2021-01-03T20:55:55+00:00\" \/>\n<meta property=\"article:modified_time\" content=\"2021-01-09T21:00:01+00:00\" \/>\n<meta property=\"og:image\" content=\"https:\/\/arteeluoghi.it\/wp-content\/uploads\/2021\/01\/couple-1246314_1920.jpg\" \/>\n\t<meta property=\"og:image:width\" content=\"1920\" \/>\n\t<meta property=\"og:image:height\" content=\"1280\" \/>\n\t<meta property=\"og:image:type\" content=\"image\/jpeg\" \/>\n<meta name=\"twitter:card\" content=\"summary\" \/>\n<meta name=\"twitter:creator\" content=\"@arteeluoghi\" \/>\n<meta name=\"twitter:site\" content=\"@arteeluoghi\" \/>\n<meta name=\"twitter:label1\" content=\"Scritto da\" \/>\n\t<meta name=\"twitter:data1\" content=\"Staff\" \/>\n\t<meta name=\"twitter:label2\" content=\"Tempo di lettura stimato\" \/>\n\t<meta name=\"twitter:data2\" content=\"3 minuti\" \/>\n<script type=\"application\/ld+json\" class=\"yoast-schema-graph\">{\"@context\":\"https:\/\/schema.org\",\"@graph\":[{\"@type\":\"Organization\",\"@id\":\"https:\/\/arteeluoghi.it\/#organization\",\"name\":\"Arte e Luoghi\",\"url\":\"https:\/\/arteeluoghi.it\/\",\"sameAs\":[\"https:\/\/www.facebook.com\/ArteELuoghi\/\",\"https:\/\/www.instagram.com\/arteeluoghi\/?hl=it\",\"https:\/\/www.youtube.com\/channel\/UCuRVc4JW4-C5sg9rQB-srkw?view_as=subscriber\",\"https:\/\/twitter.com\/arteeluoghi\"],\"logo\":{\"@type\":\"ImageObject\",\"@id\":\"https:\/\/arteeluoghi.it\/#logo\",\"inLanguage\":\"it-IT\",\"url\":\"https:\/\/arteeluoghi.it\/wp-content\/uploads\/2018\/08\/logoinstagramarte.jpg\",\"contentUrl\":\"https:\/\/arteeluoghi.it\/wp-content\/uploads\/2018\/08\/logoinstagramarte.jpg\",\"width\":150,\"height\":150,\"caption\":\"Arte e Luoghi\"},\"image\":{\"@id\":\"https:\/\/arteeluoghi.it\/#logo\"}},{\"@type\":\"WebSite\",\"@id\":\"https:\/\/arteeluoghi.it\/#website\",\"url\":\"https:\/\/arteeluoghi.it\/\",\"name\":\"Arte e Luoghi\",\"description\":\"Mensile di arte, cultura, turismo e curiosit\u00e0\",\"publisher\":{\"@id\":\"https:\/\/arteeluoghi.it\/#organization\"},\"potentialAction\":[{\"@type\":\"SearchAction\",\"target\":{\"@type\":\"EntryPoint\",\"urlTemplate\":\"https:\/\/arteeluoghi.it\/?s={search_term_string}\"},\"query-input\":\"required name=search_term_string\"}],\"inLanguage\":\"it-IT\"},{\"@type\":\"ImageObject\",\"@id\":\"https:\/\/arteeluoghi.it\/index.php\/2021\/01\/03\/la-sfida-del-vivere\/#primaryimage\",\"inLanguage\":\"it-IT\",\"url\":\"https:\/\/arteeluoghi.it\/wp-content\/uploads\/2021\/01\/couple-1246314_1920.jpg\",\"contentUrl\":\"https:\/\/arteeluoghi.it\/wp-content\/uploads\/2021\/01\/couple-1246314_1920.jpg\",\"width\":1920,\"height\":1280},{\"@type\":\"WebPage\",\"@id\":\"https:\/\/arteeluoghi.it\/index.php\/2021\/01\/03\/la-sfida-del-vivere\/#webpage\",\"url\":\"https:\/\/arteeluoghi.it\/index.php\/2021\/01\/03\/la-sfida-del-vivere\/\",\"name\":\"La sfida del vivere | i luoghi della parola | Arte e Luoghi\",\"isPartOf\":{\"@id\":\"https:\/\/arteeluoghi.it\/#website\"},\"primaryImageOfPage\":{\"@id\":\"https:\/\/arteeluoghi.it\/index.php\/2021\/01\/03\/la-sfida-del-vivere\/#primaryimage\"},\"datePublished\":\"2021-01-03T20:55:55+00:00\",\"dateModified\":\"2021-01-09T21:00:01+00:00\",\"description\":\"non bisogna cercare il senso della vita perch\u00e9 la vita \u00e8 gi\u00e0 senso, racchiuso nella miracolosa stranezza di essere al mondo\",\"breadcrumb\":{\"@id\":\"https:\/\/arteeluoghi.it\/index.php\/2021\/01\/03\/la-sfida-del-vivere\/#breadcrumb\"},\"inLanguage\":\"it-IT\",\"potentialAction\":[{\"@type\":\"ReadAction\",\"target\":[\"https:\/\/arteeluoghi.it\/index.php\/2021\/01\/03\/la-sfida-del-vivere\/\"]}]},{\"@type\":\"BreadcrumbList\",\"@id\":\"https:\/\/arteeluoghi.it\/index.php\/2021\/01\/03\/la-sfida-del-vivere\/#breadcrumb\",\"itemListElement\":[{\"@type\":\"ListItem\",\"position\":1,\"name\":\"Home\",\"item\":\"https:\/\/arteeluoghi.it\/\"},{\"@type\":\"ListItem\",\"position\":2,\"name\":\"La sfida del vivere\"}]},{\"@type\":\"Article\",\"@id\":\"https:\/\/arteeluoghi.it\/index.php\/2021\/01\/03\/la-sfida-del-vivere\/#article\",\"isPartOf\":{\"@id\":\"https:\/\/arteeluoghi.it\/index.php\/2021\/01\/03\/la-sfida-del-vivere\/#webpage\"},\"author\":{\"@id\":\"https:\/\/arteeluoghi.it\/#\/schema\/person\/f84e814e36e91e01448ee07eaadd41d4\"},\"headline\":\"La sfida del vivere\",\"datePublished\":\"2021-01-03T20:55:55+00:00\",\"dateModified\":\"2021-01-09T21:00:01+00:00\",\"mainEntityOfPage\":{\"@id\":\"https:\/\/arteeluoghi.it\/index.php\/2021\/01\/03\/la-sfida-del-vivere\/#webpage\"},\"wordCount\":661,\"commentCount\":0,\"publisher\":{\"@id\":\"https:\/\/arteeluoghi.it\/#organization\"},\"image\":{\"@id\":\"https:\/\/arteeluoghi.it\/index.php\/2021\/01\/03\/la-sfida-del-vivere\/#primaryimage\"},\"thumbnailUrl\":\"https:\/\/arteeluoghi.it\/wp-content\/uploads\/2021\/01\/couple-1246314_1920.jpg\",\"keywords\":[\"Giovanni Bruno\",\"psicologia\",\"relazioni\",\"societ\u00e0\",\"umanit\u00e0\",\"vita\",\"vivere\"],\"articleSection\":[\"I luoghi della parola\"],\"inLanguage\":\"it-IT\",\"potentialAction\":[{\"@type\":\"CommentAction\",\"name\":\"Comment\",\"target\":[\"https:\/\/arteeluoghi.it\/index.php\/2021\/01\/03\/la-sfida-del-vivere\/#respond\"]}]},{\"@type\":\"Person\",\"@id\":\"https:\/\/arteeluoghi.it\/#\/schema\/person\/f84e814e36e91e01448ee07eaadd41d4\",\"name\":\"Staff\",\"image\":{\"@type\":\"ImageObject\",\"@id\":\"https:\/\/arteeluoghi.it\/#personlogo\",\"inLanguage\":\"it-IT\",\"url\":\"https:\/\/secure.gravatar.com\/avatar\/49d2f9e46271bb04e19cebfaf141313a?s=96&d=blank&r=g\",\"contentUrl\":\"https:\/\/secure.gravatar.com\/avatar\/49d2f9e46271bb04e19cebfaf141313a?s=96&d=blank&r=g\",\"caption\":\"Staff\"}}]}<\/script>\n<!-- \/ Yoast SEO plugin. -->","yoast_head_json":{"title":"La sfida del vivere | i luoghi della parola | Arte e Luoghi","description":"non bisogna cercare il senso della vita perch\u00e9 la vita \u00e8 gi\u00e0 senso, racchiuso nella miracolosa stranezza di essere al mondo","robots":{"index":"index","follow":"follow","max-snippet":"max-snippet:-1","max-image-preview":"max-image-preview:large","max-video-preview":"max-video-preview:-1"},"canonical":"https:\/\/arteeluoghi.it\/index.php\/2021\/01\/03\/la-sfida-del-vivere\/","og_locale":"it_IT","og_type":"article","og_title":"La sfida del vivere | i luoghi della parola | Arte e Luoghi","og_description":"non bisogna cercare il senso della vita perch\u00e9 la vita \u00e8 gi\u00e0 senso, racchiuso nella miracolosa stranezza di essere al mondo","og_url":"https:\/\/arteeluoghi.it\/index.php\/2021\/01\/03\/la-sfida-del-vivere\/","og_site_name":"Arte e Luoghi","article_publisher":"https:\/\/www.facebook.com\/ArteELuoghi\/","article_published_time":"2021-01-03T20:55:55+00:00","article_modified_time":"2021-01-09T21:00:01+00:00","og_image":[{"width":1920,"height":1280,"url":"https:\/\/arteeluoghi.it\/wp-content\/uploads\/2021\/01\/couple-1246314_1920.jpg","type":"image\/jpeg"}],"twitter_card":"summary","twitter_creator":"@arteeluoghi","twitter_site":"@arteeluoghi","twitter_misc":{"Scritto da":"Staff","Tempo di lettura stimato":"3 minuti"},"schema":{"@context":"https:\/\/schema.org","@graph":[{"@type":"Organization","@id":"https:\/\/arteeluoghi.it\/#organization","name":"Arte e Luoghi","url":"https:\/\/arteeluoghi.it\/","sameAs":["https:\/\/www.facebook.com\/ArteELuoghi\/","https:\/\/www.instagram.com\/arteeluoghi\/?hl=it","https:\/\/www.youtube.com\/channel\/UCuRVc4JW4-C5sg9rQB-srkw?view_as=subscriber","https:\/\/twitter.com\/arteeluoghi"],"logo":{"@type":"ImageObject","@id":"https:\/\/arteeluoghi.it\/#logo","inLanguage":"it-IT","url":"https:\/\/arteeluoghi.it\/wp-content\/uploads\/2018\/08\/logoinstagramarte.jpg","contentUrl":"https:\/\/arteeluoghi.it\/wp-content\/uploads\/2018\/08\/logoinstagramarte.jpg","width":150,"height":150,"caption":"Arte e Luoghi"},"image":{"@id":"https:\/\/arteeluoghi.it\/#logo"}},{"@type":"WebSite","@id":"https:\/\/arteeluoghi.it\/#website","url":"https:\/\/arteeluoghi.it\/","name":"Arte e Luoghi","description":"Mensile di arte, cultura, turismo e curiosit\u00e0","publisher":{"@id":"https:\/\/arteeluoghi.it\/#organization"},"potentialAction":[{"@type":"SearchAction","target":{"@type":"EntryPoint","urlTemplate":"https:\/\/arteeluoghi.it\/?s={search_term_string}"},"query-input":"required name=search_term_string"}],"inLanguage":"it-IT"},{"@type":"ImageObject","@id":"https:\/\/arteeluoghi.it\/index.php\/2021\/01\/03\/la-sfida-del-vivere\/#primaryimage","inLanguage":"it-IT","url":"https:\/\/arteeluoghi.it\/wp-content\/uploads\/2021\/01\/couple-1246314_1920.jpg","contentUrl":"https:\/\/arteeluoghi.it\/wp-content\/uploads\/2021\/01\/couple-1246314_1920.jpg","width":1920,"height":1280},{"@type":"WebPage","@id":"https:\/\/arteeluoghi.it\/index.php\/2021\/01\/03\/la-sfida-del-vivere\/#webpage","url":"https:\/\/arteeluoghi.it\/index.php\/2021\/01\/03\/la-sfida-del-vivere\/","name":"La sfida del vivere | i luoghi della parola | Arte e Luoghi","isPartOf":{"@id":"https:\/\/arteeluoghi.it\/#website"},"primaryImageOfPage":{"@id":"https:\/\/arteeluoghi.it\/index.php\/2021\/01\/03\/la-sfida-del-vivere\/#primaryimage"},"datePublished":"2021-01-03T20:55:55+00:00","dateModified":"2021-01-09T21:00:01+00:00","description":"non bisogna cercare il senso della vita perch\u00e9 la vita \u00e8 gi\u00e0 senso, racchiuso nella miracolosa stranezza di essere al mondo","breadcrumb":{"@id":"https:\/\/arteeluoghi.it\/index.php\/2021\/01\/03\/la-sfida-del-vivere\/#breadcrumb"},"inLanguage":"it-IT","potentialAction":[{"@type":"ReadAction","target":["https:\/\/arteeluoghi.it\/index.php\/2021\/01\/03\/la-sfida-del-vivere\/"]}]},{"@type":"BreadcrumbList","@id":"https:\/\/arteeluoghi.it\/index.php\/2021\/01\/03\/la-sfida-del-vivere\/#breadcrumb","itemListElement":[{"@type":"ListItem","position":1,"name":"Home","item":"https:\/\/arteeluoghi.it\/"},{"@type":"ListItem","position":2,"name":"La sfida del vivere"}]},{"@type":"Article","@id":"https:\/\/arteeluoghi.it\/index.php\/2021\/01\/03\/la-sfida-del-vivere\/#article","isPartOf":{"@id":"https:\/\/arteeluoghi.it\/index.php\/2021\/01\/03\/la-sfida-del-vivere\/#webpage"},"author":{"@id":"https:\/\/arteeluoghi.it\/#\/schema\/person\/f84e814e36e91e01448ee07eaadd41d4"},"headline":"La sfida del vivere","datePublished":"2021-01-03T20:55:55+00:00","dateModified":"2021-01-09T21:00:01+00:00","mainEntityOfPage":{"@id":"https:\/\/arteeluoghi.it\/index.php\/2021\/01\/03\/la-sfida-del-vivere\/#webpage"},"wordCount":661,"commentCount":0,"publisher":{"@id":"https:\/\/arteeluoghi.it\/#organization"},"image":{"@id":"https:\/\/arteeluoghi.it\/index.php\/2021\/01\/03\/la-sfida-del-vivere\/#primaryimage"},"thumbnailUrl":"https:\/\/arteeluoghi.it\/wp-content\/uploads\/2021\/01\/couple-1246314_1920.jpg","keywords":["Giovanni Bruno","psicologia","relazioni","societ\u00e0","umanit\u00e0","vita","vivere"],"articleSection":["I luoghi della parola"],"inLanguage":"it-IT","potentialAction":[{"@type":"CommentAction","name":"Comment","target":["https:\/\/arteeluoghi.it\/index.php\/2021\/01\/03\/la-sfida-del-vivere\/#respond"]}]},{"@type":"Person","@id":"https:\/\/arteeluoghi.it\/#\/schema\/person\/f84e814e36e91e01448ee07eaadd41d4","name":"Staff","image":{"@type":"ImageObject","@id":"https:\/\/arteeluoghi.it\/#personlogo","inLanguage":"it-IT","url":"https:\/\/secure.gravatar.com\/avatar\/49d2f9e46271bb04e19cebfaf141313a?s=96&d=blank&r=g","contentUrl":"https:\/\/secure.gravatar.com\/avatar\/49d2f9e46271bb04e19cebfaf141313a?s=96&d=blank&r=g","caption":"Staff"}}]}},"_links":{"self":[{"href":"https:\/\/arteeluoghi.it\/index.php\/wp-json\/wp\/v2\/posts\/9605"}],"collection":[{"href":"https:\/\/arteeluoghi.it\/index.php\/wp-json\/wp\/v2\/posts"}],"about":[{"href":"https:\/\/arteeluoghi.it\/index.php\/wp-json\/wp\/v2\/types\/post"}],"author":[{"embeddable":true,"href":"https:\/\/arteeluoghi.it\/index.php\/wp-json\/wp\/v2\/users\/1"}],"replies":[{"embeddable":true,"href":"https:\/\/arteeluoghi.it\/index.php\/wp-json\/wp\/v2\/comments?post=9605"}],"version-history":[{"count":1,"href":"https:\/\/arteeluoghi.it\/index.php\/wp-json\/wp\/v2\/posts\/9605\/revisions"}],"predecessor-version":[{"id":9607,"href":"https:\/\/arteeluoghi.it\/index.php\/wp-json\/wp\/v2\/posts\/9605\/revisions\/9607"}],"wp:featuredmedia":[{"embeddable":true,"href":"https:\/\/arteeluoghi.it\/index.php\/wp-json\/wp\/v2\/media\/9606"}],"wp:attachment":[{"href":"https:\/\/arteeluoghi.it\/index.php\/wp-json\/wp\/v2\/media?parent=9605"}],"wp:term":[{"taxonomy":"category","embeddable":true,"href":"https:\/\/arteeluoghi.it\/index.php\/wp-json\/wp\/v2\/categories?post=9605"},{"taxonomy":"post_tag","embeddable":true,"href":"https:\/\/arteeluoghi.it\/index.php\/wp-json\/wp\/v2\/tags?post=9605"}],"curies":[{"name":"wp","href":"https:\/\/api.w.org\/{rel}","templated":true}]}}