{"id":9643,"date":"2021-01-03T00:34:16","date_gmt":"2021-01-02T23:34:16","guid":{"rendered":"https:\/\/arteeluoghi.it\/?p=9643"},"modified":"2026-01-25T13:47:07","modified_gmt":"2026-01-25T12:47:07","slug":"tamburellisti-di-torrepaduli-la-via-dellarmonia","status":"publish","type":"post","link":"https:\/\/arteeluoghi.it\/index.php\/2021\/01\/03\/tamburellisti-di-torrepaduli-la-via-dellarmonia\/","title":{"rendered":"Tamburellisti di Torrepaduli La via dell\u2019armonia"},"content":{"rendered":"\n<blockquote class=\"wp-block-quote\"><p>On line il nuovo album. Continua il viaggio tra tradizione e innovazione per generare bellezza<\/p><\/blockquote>\n\n\n\n<p>La vita \u00e8 un sogno, Balla Afrodite, Mani di ragno, Cantico nuovo, Extraterrestri a Creta (ft. AR10), La via dell\u2019armonia (ft. Nandu Popu), Il ritmo dell\u2019armonia, Spunta la luna, Pizzica erotica.<\/p>\n\n\n\n<!--more-->\n\n\n\n<p><br> Sono i titoli dei nove brani inediti del nuovo lavoro discografico dei Tamburellisti di Torrepaduli. Nove tracce per raccontare una pizzica onirica, utopica, erotica, secondo la cifra dei Tamburellisti di Torrepaduli  &#8211; Pierpaolo De Giorgi (chitarra e voce), Donato Nuzzo (tamburello e fisarmonica), Rocco Luca (tamburello), Gioele Nuzzo (percussioni e didgeridoo), Michele Wilde (violino) &#8211; che per questo album vediamo insieme a due eccellenti collaborazioni: Nandu Popu (Sud Sound System) nel brano \u201cLa via dell\u2019armonia\u201d, che d\u00e0 il nome all\u2019album, ed AR10 (Andrea Rizzo) in \u201cExtraterrestri a Creta\u201d. <br> \u00abUn viaggio dell&#8217;uomo nel proprio abisso alla ricerca di un fine o di una fine, un&#8217;anima persa tra sogno e vita reale che si chiede dove sia la via dell&#8217;Armonia, se esista davvero\u00bb. E in un tempo che impone sempre pi\u00f9 bilanci e critiche introspezioni la musica pu\u00f2 essere ancora di salvezza, approdo per l\u2019anima che si ritrova nella cultura ancestrale della propria terra di appartenenza, una culla salentina dove danzare a ritmo di pizzica sui suoni del profondo Sud del mondo.<\/p>\n\n\n\n<figure class=\"wp-block-gallery columns-1 is-cropped\"><ul class=\"blocks-gallery-grid\"><li class=\"blocks-gallery-item\"><figure><img loading=\"lazy\" width=\"1024\" height=\"683\" src=\"https:\/\/arteeluoghi.it\/wp-content\/uploads\/2021\/01\/TdT_Ph-\u00a9-Andrea-Rizzo-ARTEN.JPG_2-1024x683.jpg\" alt=\"\" data-id=\"9646\" data-link=\"https:\/\/arteeluoghi.it\/?attachment_id=9646\" class=\"wp-image-9646\" srcset=\"https:\/\/arteeluoghi.it\/wp-content\/uploads\/2021\/01\/TdT_Ph-\u00a9-Andrea-Rizzo-ARTEN.JPG_2.jpg 1024w, https:\/\/arteeluoghi.it\/wp-content\/uploads\/2021\/01\/TdT_Ph-\u00a9-Andrea-Rizzo-ARTEN.JPG_2-300x200.jpg 300w, https:\/\/arteeluoghi.it\/wp-content\/uploads\/2021\/01\/TdT_Ph-\u00a9-Andrea-Rizzo-ARTEN.JPG_2-768x512.jpg 768w\" sizes=\"(max-width: 1024px) 100vw, 1024px\" \/><figcaption class=\"blocks-gallery-item__caption\">TdT_Ph \u00a9 Andrea Rizzo &#8211; ARTEN<\/figcaption><\/figure><\/li><\/ul><\/figure>\n\n\n\n<p><br> Tra i pi\u00f9 amati ed apprezzati musicisti della tradizione pugliese, i Tamburellisti di Torrepaduli sono stati tra i primi, sin dagli anni Novanta, a rivalutare la pizzica secondo l\u2019assunto \u201cL\u2019innovazione consister\u00e0 nel riprendere l\u2019antico incrementandone la forza espressiva e producendo nuova bellezza.\u201d Durante una ricerca del 1989, lo studioso Pierpaolo De Giorgi incontra il depositario Amedeo De Rosa. Nel 1990 i due, assieme ad un nutrito drappello di giovani danzatori e percussionisti, fondano lo storico gruppo dapprima denominato \u201cPierpaolo De Giorgi e i Tamburellisti di Torrepaduli\u201d. Nel corso dei primi anni Novanta i Tamburellisti di Torrepaduli, con i loro concerti inediti e pionieristici, divengono i protagonisti della riaffermazione della dimenticata pizzica pizzica musica e danza attorno a cui in passato gravitavano i valori universali del culto di Dioniso e della Madre Terra. La cultura popolare viene utilizzata a tutto campo ma non ripetuta in forma banale o pittoresca, in osservanza dei precetti del grande musicista ed esperto B\u00e9la Viktor  J\u00e1nos Bart\u00f3k.<br> Il gruppo riprende la musica che guarisce i \u201ctarantati\u201d dalla malinconia, spesso rielabora  o reinventano musiche, testi e danze, si ispira alle grandiose tradizioni del tamburello e della danza-scherma di Torrepaduli (Ruffano-Lecce), dove ogni anno, il 15 agosto, rivive una cultura antichissima legata al Santuario di San Rocco. I Tamburellisti di Torrepaduli vantano la collaborazione di Paolo Pellegrino, docente di estetica dell\u2019Universit\u00e0 degli Studi di Lecce, del grande poeta greco Nikos Bletas Dukaris, di Antonio Anchora, ambasciatore dell\u2019ellenismo nel mondo nominato direttamente dal governo greco e dell\u2019influente Dr. Ioannis Koutsandreas. Recuperano anche il grico della cosiddetta Grec\u00eca salentina, lingua sopravvissuta dopo la colonizzazione magnogreca e la dominazione bizantina, cantandone alcuni brani significativi e scrivendone di nuovi.<br> E nel 1998 sono sul palco della prima edizione del Festival de La Notte della Taranta. <br> Il virtuosismo delle percussioni, le tecniche vorticose della danza e i contenuti artistici e poetici delle loro canzoni sorprendono e conquistano il pubblico e non si contano le esibizioni in tutto il mondo, in teatri prestigiosi e persino nel Cortile della Pigna dei Giardini del vaticano (2019).<br> E dallo storico \u201cFantastica pizzica\u201d del 1991, sono seguiti tantissimi album di successo: \u201cPizzica e trance\u201d del 1995, \u201cPizzica e rinascita\u201d con pi\u00f9 di ventimila copie vendute nel 2000 e diffuso a livello nazionale, \u201cIl tempo della taranta: pizzica d\u2019autore\u201d del 2003, \u201cPizzica grica\u201d del 2006 molto noto in Grecia, \u201cTaranta taranta\u201d del 2009, \u201cLa via della taranta\u201d del 2013, che contiene anche una pizzica in inglese, \u201cLa grande pizzica\u201d del 2017 e a tre anni di distanza \u201cLa via dell\u2019armonia: pizzica d\u2019autore\u201d prodotto da Tamburellisti di Torrepaduli ed ARTEN (cui \u00e8 affidato il management del progetto) con il sostegno di Puglia Sounds.<br> \u00abQuest\u2019album \u00e8 un lavoro collettivo scritto, suonato e cantato con entusiasmo ed emozione. Abbiamo utilizzato gli stilemi e i caratteri pi\u00f9 significativi della tradizione per creare un\u2019opera innovativa di taglio attuale che metta in evidenza le potenzialit\u00e0 universali della pizzica\u201d \u2013 sottolinea Pierpaolo De Giorgi (membro del gruppo) \u2013 \u201cPoesia contemporanea, versi antichi, melodie intriganti e virtuosismo si mescolano a un ritmo ancestrale, cardiaco e terapeutico in grado di gettare luce sull\u2019armonia profonda che anima la pizzica e di cui tutti oggi abbiamo un grande bisogno.\u00bb (an.fu.)<\/p>\n","protected":false},"excerpt":{"rendered":"<p>On line il nuovo album. Continua il viaggio tra tradizione e innovazione per generare bellezza La vita \u00e8 un sogno,<\/p>\n","protected":false},"author":1,"featured_media":9644,"comment_status":"open","ping_status":"open","sticky":true,"template":"","format":"standard","meta":[],"categories":[12],"tags":[3120,3117,3119,3121,235,3116,3115,1178,3118,3114],"yoast_head":"<!-- This site is optimized with the Yoast SEO plugin v18.0 - https:\/\/yoast.com\/wordpress\/plugins\/seo\/ -->\n<title>Tamburellisti di Torrepaduli La via dell\u2019armonia | Arte e Luoghi<\/title>\n<meta name=\"description\" content=\"Continua il viaggio tra tradizione e innovazione per generare bellezza: la via dell&#039;armonia il nuovo album dei Tamburellisti di Torrepaduli\" \/>\n<meta name=\"robots\" content=\"index, follow, max-snippet:-1, max-image-preview:large, max-video-preview:-1\" \/>\n<link rel=\"canonical\" href=\"https:\/\/arteeluoghi.it\/index.php\/2021\/01\/03\/tamburellisti-di-torrepaduli-la-via-dellarmonia\/\" \/>\n<meta property=\"og:locale\" content=\"it_IT\" \/>\n<meta property=\"og:type\" content=\"article\" \/>\n<meta property=\"og:title\" content=\"Tamburellisti di Torrepaduli La via dell\u2019armonia | Arte e Luoghi\" \/>\n<meta property=\"og:description\" content=\"Continua il viaggio tra tradizione e innovazione per generare bellezza: la via dell&#039;armonia il nuovo album dei Tamburellisti di Torrepaduli\" \/>\n<meta property=\"og:url\" content=\"https:\/\/arteeluoghi.it\/index.php\/2021\/01\/03\/tamburellisti-di-torrepaduli-la-via-dellarmonia\/\" \/>\n<meta property=\"og:site_name\" content=\"Arte e Luoghi\" \/>\n<meta property=\"article:publisher\" content=\"https:\/\/www.facebook.com\/ArteELuoghi\/\" \/>\n<meta property=\"article:published_time\" content=\"2021-01-02T23:34:16+00:00\" \/>\n<meta property=\"article:modified_time\" content=\"2026-01-25T12:47:07+00:00\" \/>\n<meta property=\"og:image\" content=\"https:\/\/arteeluoghi.it\/wp-content\/uploads\/2021\/01\/TdT-Photo-\u00a9Andrea-Rizzo-ARTEN-ufficiale-colori-quadrata-300dpi.jpg\" \/>\n\t<meta property=\"og:image:width\" content=\"1535\" \/>\n\t<meta property=\"og:image:height\" content=\"1535\" \/>\n\t<meta property=\"og:image:type\" content=\"image\/jpeg\" \/>\n<meta name=\"twitter:card\" content=\"summary\" \/>\n<meta name=\"twitter:creator\" content=\"@arteeluoghi\" \/>\n<meta name=\"twitter:site\" content=\"@arteeluoghi\" \/>\n<meta name=\"twitter:label1\" content=\"Scritto da\" \/>\n\t<meta name=\"twitter:data1\" content=\"Staff\" \/>\n\t<meta name=\"twitter:label2\" content=\"Tempo di lettura stimato\" \/>\n\t<meta name=\"twitter:data2\" content=\"5 minuti\" \/>\n<script type=\"application\/ld+json\" class=\"yoast-schema-graph\">{\"@context\":\"https:\/\/schema.org\",\"@graph\":[{\"@type\":\"Organization\",\"@id\":\"https:\/\/arteeluoghi.it\/#organization\",\"name\":\"Arte e Luoghi\",\"url\":\"https:\/\/arteeluoghi.it\/\",\"sameAs\":[\"https:\/\/www.facebook.com\/ArteELuoghi\/\",\"https:\/\/www.instagram.com\/arteeluoghi\/?hl=it\",\"https:\/\/www.youtube.com\/channel\/UCuRVc4JW4-C5sg9rQB-srkw?view_as=subscriber\",\"https:\/\/twitter.com\/arteeluoghi\"],\"logo\":{\"@type\":\"ImageObject\",\"@id\":\"https:\/\/arteeluoghi.it\/#logo\",\"inLanguage\":\"it-IT\",\"url\":\"https:\/\/arteeluoghi.it\/wp-content\/uploads\/2018\/08\/logoinstagramarte.jpg\",\"contentUrl\":\"https:\/\/arteeluoghi.it\/wp-content\/uploads\/2018\/08\/logoinstagramarte.jpg\",\"width\":150,\"height\":150,\"caption\":\"Arte e Luoghi\"},\"image\":{\"@id\":\"https:\/\/arteeluoghi.it\/#logo\"}},{\"@type\":\"WebSite\",\"@id\":\"https:\/\/arteeluoghi.it\/#website\",\"url\":\"https:\/\/arteeluoghi.it\/\",\"name\":\"Arte e Luoghi\",\"description\":\"Mensile di arte, cultura, turismo e curiosit\u00e0\",\"publisher\":{\"@id\":\"https:\/\/arteeluoghi.it\/#organization\"},\"potentialAction\":[{\"@type\":\"SearchAction\",\"target\":{\"@type\":\"EntryPoint\",\"urlTemplate\":\"https:\/\/arteeluoghi.it\/?s={search_term_string}\"},\"query-input\":\"required name=search_term_string\"}],\"inLanguage\":\"it-IT\"},{\"@type\":\"ImageObject\",\"@id\":\"https:\/\/arteeluoghi.it\/index.php\/2021\/01\/03\/tamburellisti-di-torrepaduli-la-via-dellarmonia\/#primaryimage\",\"inLanguage\":\"it-IT\",\"url\":\"https:\/\/arteeluoghi.it\/wp-content\/uploads\/2021\/01\/TdT-Photo-\u00a9Andrea-Rizzo-ARTEN-ufficiale-colori-quadrata-300dpi.jpg\",\"contentUrl\":\"https:\/\/arteeluoghi.it\/wp-content\/uploads\/2021\/01\/TdT-Photo-\u00a9Andrea-Rizzo-ARTEN-ufficiale-colori-quadrata-300dpi.jpg\",\"width\":1535,\"height\":1535},{\"@type\":\"WebPage\",\"@id\":\"https:\/\/arteeluoghi.it\/index.php\/2021\/01\/03\/tamburellisti-di-torrepaduli-la-via-dellarmonia\/#webpage\",\"url\":\"https:\/\/arteeluoghi.it\/index.php\/2021\/01\/03\/tamburellisti-di-torrepaduli-la-via-dellarmonia\/\",\"name\":\"Tamburellisti di Torrepaduli La via dell\u2019armonia | Arte e Luoghi\",\"isPartOf\":{\"@id\":\"https:\/\/arteeluoghi.it\/#website\"},\"primaryImageOfPage\":{\"@id\":\"https:\/\/arteeluoghi.it\/index.php\/2021\/01\/03\/tamburellisti-di-torrepaduli-la-via-dellarmonia\/#primaryimage\"},\"datePublished\":\"2021-01-02T23:34:16+00:00\",\"dateModified\":\"2026-01-25T12:47:07+00:00\",\"description\":\"Continua il viaggio tra tradizione e innovazione per generare bellezza: la via dell'armonia il nuovo album dei Tamburellisti di Torrepaduli\",\"breadcrumb\":{\"@id\":\"https:\/\/arteeluoghi.it\/index.php\/2021\/01\/03\/tamburellisti-di-torrepaduli-la-via-dellarmonia\/#breadcrumb\"},\"inLanguage\":\"it-IT\",\"potentialAction\":[{\"@type\":\"ReadAction\",\"target\":[\"https:\/\/arteeluoghi.it\/index.php\/2021\/01\/03\/tamburellisti-di-torrepaduli-la-via-dellarmonia\/\"]}]},{\"@type\":\"BreadcrumbList\",\"@id\":\"https:\/\/arteeluoghi.it\/index.php\/2021\/01\/03\/tamburellisti-di-torrepaduli-la-via-dellarmonia\/#breadcrumb\",\"itemListElement\":[{\"@type\":\"ListItem\",\"position\":1,\"name\":\"Home\",\"item\":\"https:\/\/arteeluoghi.it\/\"},{\"@type\":\"ListItem\",\"position\":2,\"name\":\"Tamburellisti di Torrepaduli La via dell\u2019armonia\"}]},{\"@type\":\"Article\",\"@id\":\"https:\/\/arteeluoghi.it\/index.php\/2021\/01\/03\/tamburellisti-di-torrepaduli-la-via-dellarmonia\/#article\",\"isPartOf\":{\"@id\":\"https:\/\/arteeluoghi.it\/index.php\/2021\/01\/03\/tamburellisti-di-torrepaduli-la-via-dellarmonia\/#webpage\"},\"author\":{\"@id\":\"https:\/\/arteeluoghi.it\/#\/schema\/person\/f84e814e36e91e01448ee07eaadd41d4\"},\"headline\":\"Tamburellisti di Torrepaduli La via dell\u2019armonia\",\"datePublished\":\"2021-01-02T23:34:16+00:00\",\"dateModified\":\"2026-01-25T12:47:07+00:00\",\"mainEntityOfPage\":{\"@id\":\"https:\/\/arteeluoghi.it\/index.php\/2021\/01\/03\/tamburellisti-di-torrepaduli-la-via-dellarmonia\/#webpage\"},\"wordCount\":763,\"commentCount\":0,\"publisher\":{\"@id\":\"https:\/\/arteeluoghi.it\/#organization\"},\"image\":{\"@id\":\"https:\/\/arteeluoghi.it\/index.php\/2021\/01\/03\/tamburellisti-di-torrepaduli-la-via-dellarmonia\/#primaryimage\"},\"thumbnailUrl\":\"https:\/\/arteeluoghi.it\/wp-content\/uploads\/2021\/01\/TdT-Photo-\u00a9Andrea-Rizzo-ARTEN-ufficiale-colori-quadrata-300dpi.jpg\",\"keywords\":[\"AR10 Andrea Rizzo\",\"Donato Nuzzo\",\"Gioele Nuzzo\",\"Michele Wilde\",\"musica\",\"Nandu Popu\",\"Pierpaolo De Giorgi\",\"pizzica\",\"Rocco Luca\",\"Tamburellisti di Torrepaduli\"],\"articleSection\":[\"MUSICA\"],\"inLanguage\":\"it-IT\",\"potentialAction\":[{\"@type\":\"CommentAction\",\"name\":\"Comment\",\"target\":[\"https:\/\/arteeluoghi.it\/index.php\/2021\/01\/03\/tamburellisti-di-torrepaduli-la-via-dellarmonia\/#respond\"]}]},{\"@type\":\"Person\",\"@id\":\"https:\/\/arteeluoghi.it\/#\/schema\/person\/f84e814e36e91e01448ee07eaadd41d4\",\"name\":\"Staff\",\"image\":{\"@type\":\"ImageObject\",\"@id\":\"https:\/\/arteeluoghi.it\/#personlogo\",\"inLanguage\":\"it-IT\",\"url\":\"https:\/\/secure.gravatar.com\/avatar\/49d2f9e46271bb04e19cebfaf141313a?s=96&d=blank&r=g\",\"contentUrl\":\"https:\/\/secure.gravatar.com\/avatar\/49d2f9e46271bb04e19cebfaf141313a?s=96&d=blank&r=g\",\"caption\":\"Staff\"}}]}<\/script>\n<!-- \/ Yoast SEO plugin. -->","yoast_head_json":{"title":"Tamburellisti di Torrepaduli La via dell\u2019armonia | Arte e Luoghi","description":"Continua il viaggio tra tradizione e innovazione per generare bellezza: la via dell'armonia il nuovo album dei Tamburellisti di Torrepaduli","robots":{"index":"index","follow":"follow","max-snippet":"max-snippet:-1","max-image-preview":"max-image-preview:large","max-video-preview":"max-video-preview:-1"},"canonical":"https:\/\/arteeluoghi.it\/index.php\/2021\/01\/03\/tamburellisti-di-torrepaduli-la-via-dellarmonia\/","og_locale":"it_IT","og_type":"article","og_title":"Tamburellisti di Torrepaduli La via dell\u2019armonia | Arte e Luoghi","og_description":"Continua il viaggio tra tradizione e innovazione per generare bellezza: la via dell'armonia il nuovo album dei Tamburellisti di Torrepaduli","og_url":"https:\/\/arteeluoghi.it\/index.php\/2021\/01\/03\/tamburellisti-di-torrepaduli-la-via-dellarmonia\/","og_site_name":"Arte e Luoghi","article_publisher":"https:\/\/www.facebook.com\/ArteELuoghi\/","article_published_time":"2021-01-02T23:34:16+00:00","article_modified_time":"2026-01-25T12:47:07+00:00","og_image":[{"width":1535,"height":1535,"url":"https:\/\/arteeluoghi.it\/wp-content\/uploads\/2021\/01\/TdT-Photo-\u00a9Andrea-Rizzo-ARTEN-ufficiale-colori-quadrata-300dpi.jpg","type":"image\/jpeg"}],"twitter_card":"summary","twitter_creator":"@arteeluoghi","twitter_site":"@arteeluoghi","twitter_misc":{"Scritto da":"Staff","Tempo di lettura stimato":"5 minuti"},"schema":{"@context":"https:\/\/schema.org","@graph":[{"@type":"Organization","@id":"https:\/\/arteeluoghi.it\/#organization","name":"Arte e Luoghi","url":"https:\/\/arteeluoghi.it\/","sameAs":["https:\/\/www.facebook.com\/ArteELuoghi\/","https:\/\/www.instagram.com\/arteeluoghi\/?hl=it","https:\/\/www.youtube.com\/channel\/UCuRVc4JW4-C5sg9rQB-srkw?view_as=subscriber","https:\/\/twitter.com\/arteeluoghi"],"logo":{"@type":"ImageObject","@id":"https:\/\/arteeluoghi.it\/#logo","inLanguage":"it-IT","url":"https:\/\/arteeluoghi.it\/wp-content\/uploads\/2018\/08\/logoinstagramarte.jpg","contentUrl":"https:\/\/arteeluoghi.it\/wp-content\/uploads\/2018\/08\/logoinstagramarte.jpg","width":150,"height":150,"caption":"Arte e Luoghi"},"image":{"@id":"https:\/\/arteeluoghi.it\/#logo"}},{"@type":"WebSite","@id":"https:\/\/arteeluoghi.it\/#website","url":"https:\/\/arteeluoghi.it\/","name":"Arte e Luoghi","description":"Mensile di arte, cultura, turismo e curiosit\u00e0","publisher":{"@id":"https:\/\/arteeluoghi.it\/#organization"},"potentialAction":[{"@type":"SearchAction","target":{"@type":"EntryPoint","urlTemplate":"https:\/\/arteeluoghi.it\/?s={search_term_string}"},"query-input":"required name=search_term_string"}],"inLanguage":"it-IT"},{"@type":"ImageObject","@id":"https:\/\/arteeluoghi.it\/index.php\/2021\/01\/03\/tamburellisti-di-torrepaduli-la-via-dellarmonia\/#primaryimage","inLanguage":"it-IT","url":"https:\/\/arteeluoghi.it\/wp-content\/uploads\/2021\/01\/TdT-Photo-\u00a9Andrea-Rizzo-ARTEN-ufficiale-colori-quadrata-300dpi.jpg","contentUrl":"https:\/\/arteeluoghi.it\/wp-content\/uploads\/2021\/01\/TdT-Photo-\u00a9Andrea-Rizzo-ARTEN-ufficiale-colori-quadrata-300dpi.jpg","width":1535,"height":1535},{"@type":"WebPage","@id":"https:\/\/arteeluoghi.it\/index.php\/2021\/01\/03\/tamburellisti-di-torrepaduli-la-via-dellarmonia\/#webpage","url":"https:\/\/arteeluoghi.it\/index.php\/2021\/01\/03\/tamburellisti-di-torrepaduli-la-via-dellarmonia\/","name":"Tamburellisti di Torrepaduli La via dell\u2019armonia | Arte e Luoghi","isPartOf":{"@id":"https:\/\/arteeluoghi.it\/#website"},"primaryImageOfPage":{"@id":"https:\/\/arteeluoghi.it\/index.php\/2021\/01\/03\/tamburellisti-di-torrepaduli-la-via-dellarmonia\/#primaryimage"},"datePublished":"2021-01-02T23:34:16+00:00","dateModified":"2026-01-25T12:47:07+00:00","description":"Continua il viaggio tra tradizione e innovazione per generare bellezza: la via dell'armonia il nuovo album dei Tamburellisti di Torrepaduli","breadcrumb":{"@id":"https:\/\/arteeluoghi.it\/index.php\/2021\/01\/03\/tamburellisti-di-torrepaduli-la-via-dellarmonia\/#breadcrumb"},"inLanguage":"it-IT","potentialAction":[{"@type":"ReadAction","target":["https:\/\/arteeluoghi.it\/index.php\/2021\/01\/03\/tamburellisti-di-torrepaduli-la-via-dellarmonia\/"]}]},{"@type":"BreadcrumbList","@id":"https:\/\/arteeluoghi.it\/index.php\/2021\/01\/03\/tamburellisti-di-torrepaduli-la-via-dellarmonia\/#breadcrumb","itemListElement":[{"@type":"ListItem","position":1,"name":"Home","item":"https:\/\/arteeluoghi.it\/"},{"@type":"ListItem","position":2,"name":"Tamburellisti di Torrepaduli La via dell\u2019armonia"}]},{"@type":"Article","@id":"https:\/\/arteeluoghi.it\/index.php\/2021\/01\/03\/tamburellisti-di-torrepaduli-la-via-dellarmonia\/#article","isPartOf":{"@id":"https:\/\/arteeluoghi.it\/index.php\/2021\/01\/03\/tamburellisti-di-torrepaduli-la-via-dellarmonia\/#webpage"},"author":{"@id":"https:\/\/arteeluoghi.it\/#\/schema\/person\/f84e814e36e91e01448ee07eaadd41d4"},"headline":"Tamburellisti di Torrepaduli La via dell\u2019armonia","datePublished":"2021-01-02T23:34:16+00:00","dateModified":"2026-01-25T12:47:07+00:00","mainEntityOfPage":{"@id":"https:\/\/arteeluoghi.it\/index.php\/2021\/01\/03\/tamburellisti-di-torrepaduli-la-via-dellarmonia\/#webpage"},"wordCount":763,"commentCount":0,"publisher":{"@id":"https:\/\/arteeluoghi.it\/#organization"},"image":{"@id":"https:\/\/arteeluoghi.it\/index.php\/2021\/01\/03\/tamburellisti-di-torrepaduli-la-via-dellarmonia\/#primaryimage"},"thumbnailUrl":"https:\/\/arteeluoghi.it\/wp-content\/uploads\/2021\/01\/TdT-Photo-\u00a9Andrea-Rizzo-ARTEN-ufficiale-colori-quadrata-300dpi.jpg","keywords":["AR10 Andrea Rizzo","Donato Nuzzo","Gioele Nuzzo","Michele Wilde","musica","Nandu Popu","Pierpaolo De Giorgi","pizzica","Rocco Luca","Tamburellisti di Torrepaduli"],"articleSection":["MUSICA"],"inLanguage":"it-IT","potentialAction":[{"@type":"CommentAction","name":"Comment","target":["https:\/\/arteeluoghi.it\/index.php\/2021\/01\/03\/tamburellisti-di-torrepaduli-la-via-dellarmonia\/#respond"]}]},{"@type":"Person","@id":"https:\/\/arteeluoghi.it\/#\/schema\/person\/f84e814e36e91e01448ee07eaadd41d4","name":"Staff","image":{"@type":"ImageObject","@id":"https:\/\/arteeluoghi.it\/#personlogo","inLanguage":"it-IT","url":"https:\/\/secure.gravatar.com\/avatar\/49d2f9e46271bb04e19cebfaf141313a?s=96&d=blank&r=g","contentUrl":"https:\/\/secure.gravatar.com\/avatar\/49d2f9e46271bb04e19cebfaf141313a?s=96&d=blank&r=g","caption":"Staff"}}]}},"_links":{"self":[{"href":"https:\/\/arteeluoghi.it\/index.php\/wp-json\/wp\/v2\/posts\/9643"}],"collection":[{"href":"https:\/\/arteeluoghi.it\/index.php\/wp-json\/wp\/v2\/posts"}],"about":[{"href":"https:\/\/arteeluoghi.it\/index.php\/wp-json\/wp\/v2\/types\/post"}],"author":[{"embeddable":true,"href":"https:\/\/arteeluoghi.it\/index.php\/wp-json\/wp\/v2\/users\/1"}],"replies":[{"embeddable":true,"href":"https:\/\/arteeluoghi.it\/index.php\/wp-json\/wp\/v2\/comments?post=9643"}],"version-history":[{"count":2,"href":"https:\/\/arteeluoghi.it\/index.php\/wp-json\/wp\/v2\/posts\/9643\/revisions"}],"predecessor-version":[{"id":16679,"href":"https:\/\/arteeluoghi.it\/index.php\/wp-json\/wp\/v2\/posts\/9643\/revisions\/16679"}],"wp:featuredmedia":[{"embeddable":true,"href":"https:\/\/arteeluoghi.it\/index.php\/wp-json\/wp\/v2\/media\/9644"}],"wp:attachment":[{"href":"https:\/\/arteeluoghi.it\/index.php\/wp-json\/wp\/v2\/media?parent=9643"}],"wp:term":[{"taxonomy":"category","embeddable":true,"href":"https:\/\/arteeluoghi.it\/index.php\/wp-json\/wp\/v2\/categories?post=9643"},{"taxonomy":"post_tag","embeddable":true,"href":"https:\/\/arteeluoghi.it\/index.php\/wp-json\/wp\/v2\/tags?post=9643"}],"curies":[{"name":"wp","href":"https:\/\/api.w.org\/{rel}","templated":true}]}}