{"id":966,"date":"2012-11-25T07:53:27","date_gmt":"2012-11-25T06:53:27","guid":{"rendered":"http:\/\/arteeluoghi.it\/index.php\/2012\/11\/25\/oro-incenso-mirra\/"},"modified":"2012-11-25T07:53:27","modified_gmt":"2012-11-25T06:53:27","slug":"oro-incenso-mirra","status":"publish","type":"post","link":"https:\/\/arteeluoghi.it\/index.php\/2012\/11\/25\/oro-incenso-mirra\/","title":{"rendered":"ORO INCENSO MIRRA"},"content":{"rendered":"<p><strong><span style=\"font-size: xx-large;\">A Natale 2012<\/span> <\/strong><\/p>\n<p><span style=\"font-size: medium;\"><strong>non compro n\u00e9 ORO n\u00e9 INCENSO, ma in cambio avr\u00f2 MIRRA.<\/strong><\/span><\/p>\n<p><strong>(il mio presepe)<\/strong><\/p>\n<p style=\"text-align: right;\">di Francesco Pasca<\/p>\n<p><img loading=\"lazy\" src=\"https:\/\/www.francescopasca.it\/images\/stories\/cover20.jpg\" border=\"0\" width=\"257\" height=\"357\" style=\"float: right; border: 3px solid white;\" \/><\/p>\n<p style=\"text-align: justify;\">Per Natale costruisco il nuovo presepe  con i miei pastori, con i miei viandanti colmi di doni ed intenti a  presentarsi nella maniera migliore al bambinello.<\/p>\n<p style=\"text-align: justify;\">Come sempre il mio presepe riesce ad affascinarmi e, nel farlo, mi tornano come sempre, alla mente, altre immagini.<br \/> Penso ai fuochi di citt\u00e0 laboriose, a quelli dei paesini tranquilli  toccati dal tremore di un alito di terra. Quest\u2019anno di tremori ne ho  ascoltati molti, ma, altre immagini mi dicono che, i terremoti possono  essere anche finanziari, che arrivano da oltre atlantico come tsunami e  vengono causati dai mutui <em>subprime<\/em> che, per effetto della  mondializzazione dei mercati, propagano le loro comete in tutto il  mondo, giungono anche in Italia e colpiscono tutti e non risparmiano  nemmeno chi ha gi\u00e0 tremato e continua a tremare.<br \/> Come ogni terremoto  che si rispetti anche quest\u2019ultimi portano lunghi sciami di precariet\u00e0,  di licenziamenti, di cassa integrazione e disoccupazione, di famiglie  in difficolt\u00e0.<br \/> Il cuore pulsante economico di un territorio, si svuota e si occupano posti per nuovi mendicanti e <em>drop-out<\/em>.<br \/> L\u2019oro si vende e si compra, l&#8217;economia non si vende n\u00e9 si compra, la  competitivit\u00e0 non costa nulla e la globalizzazione \u201cprospera\u201d a spese di  molti.<br \/> Nella difficolt\u00e0 c\u2019\u00e8 sempre qualcuno che, con una \u201cparola\u201d, risolve.<br \/> Per Joseph Schumpeter\u00a0 \u00e8 sufficiente il concetto di \u201cdistruzione creatrice\u201d.<br \/> La nuova economia diventa la meteora che impatta, distrugge e d\u00e0 nuova  vita. Pare\u00a0 preceda ogni crisi e, la nuova cometa, diventa l\u2019<em>input<\/em> delle imprese che dovrebbero segnare l\u2019innovazione.<br \/> Dalla Ricostruzione (BO-OOO-OOMM!) vi sar\u00e0, attendono, il nuovo <em>boom<\/em> economico.<\/p>\n<p>Intanto a Natale, personalmente e non solo io, non compro n\u00e9 posso  vendere oro, non potr\u00f2 incensare(regalare) alcuno, mi toccher\u00e0  trafiggermi il capo di spine, di mirra.<\/p>\n<p style=\"text-align: justify;\">A Natale c\u2019\u00e8, comunque, chi  compra oro ed incenso e regala mirra e non si taglia i privilegi n\u00e9 le  rendite di posizione acquisite. A Natale non si vessano n\u00e9 i politici,\u00a0  n\u00e9 i \u201cprofessori\u201d della pubblica amministrazione, dobbiamo essere buoni.  <!--more-->  A Natale non si reclama il &#8220;politicamente corretto&#8221; con l\u2019ipocrita questione nazionale.<strong><em> <\/em><\/strong><br \/> <strong><em>\u00ab<\/em><\/strong><em> Ed egli allora li conged\u00f2. Ed interrog\u00f2 i Magi, dicendo loro: \u201cChe sogno avete visto circa il re che \u00e8 nato?\u201d <\/em><\/p>\n<p style=\"text-align: justify;\"><em>Dissero i Magi: \u201cAbbiamo visto una  stella grandissima, che brillava tra queste altre stelle e le oscurava,  cos\u00ec che le stelle non si vedevano, e noi per questo abbiamo capito che  un re era nato per Israele e siamo venuti ad adorarlo.\u201d <\/em><br \/> <em>I  Magi se ne andarono. Ed ecco la stella che avevano visto in oriente li  precedeva finch\u00e9 giunsero alla grotta, e si ferm\u00f2 in capo alla grotta.  Ed i magi videro il bambino con sua madre Maria e trassero fuori della  loro bisaccia dei doni: <strong>oro, incenso e mirra.<\/strong> <strong>\u00bb<\/strong>(dal Protovangelo di Giacomo, Cap XXI, par. 2 e 3, \u201cI vangeli apocrifi\u201d, a cura di M.Craveri, Einaudi 1969)<\/em><strong> <\/strong><br \/> <strong>E  Allora, come Marco Polo, con il mio \u201cil Milione\u201d di \u201cpensieri\u201d anch\u2019io  seguii una stella nei cieli d\u2019oriente e portai come dono delle offerte  al divino bambino.<\/strong><br \/> Quando giunsi a Betlemme, fui il primo, il secondo ed il terzo di quei tre Magi, guardai il volto del Piccolo e vidi me stesso.<br \/> Le mie, sue tre et\u00e0, divennero la rappresentazione dell\u2019oro che non  comprai, dell\u2019incenso che non usai e della mirra con la quale mi cinsi  il capo.<br \/> Cos\u00ec, il gi\u00e0 Cristo venne identificato nel tempo tridimensionale del dicembre 2012 ed ebbi idea dell\u2019<strong>Oro<\/strong>,<strong> <\/strong>il sentore di un<strong> Incenso<\/strong> e le spine di un albero di <strong>Mirra<\/strong>.<br \/> Nell\u2019add\u00ec di questo tempo il potere materiale dell\u2019oro l\u2019ho  contrapposto all\u2019incenso ed entrambi, a sua volta, li ho subordinati ed  accettati con la loro vera natura, al dolore.<br \/> \u00c8 stato il chiaro omaggio alla mia, sua <em>natura umana costruita con la pena di quelle spine.<\/em><br \/> Come ogni bambino, nell\u2019inconsapevolezza di una divinit\u00e0, ho accolto tutti e tre i doni e ho atteso.<br \/> <img loading=\"lazy\" src=\"https:\/\/www.francescopasca.it\/images\/stories\/gaza4.jpg\" border=\"0\" width=\"410\" height=\"248\" style=\"float: right; border: 3px solid white;\" \/><\/p>\n<p style=\"text-align: justify;\">Attender\u00f2 come ho gi\u00e0 fatto per altre  nascite, per mille e pi\u00f9 anni, e, in questi anni, da uomo, torner\u00f2 a  leggere pi\u00f9 volte il brano di Matteo e attender\u00f2 i mille e i pi\u00f9 maghi  che si alterneranno alla mia grotta.<br \/> Vedr\u00f2 i Melchiorre possessori  dell\u2019oro, i Baldassarre signori dell\u2019incenso e i Gasparre portatori di  spine, li trover\u00f2 sempre l\u00ec schierati con i loro cammelli nel ripetersi  del numero tre.<br \/> Parrebbe questo un sogno, un avvertimento o un nuovo  inganno da attendere e, a questo punto, sorger\u00e0 spontanea una domanda:  da dove provengono o proverranno ancora una volta, realmente, i Magi?<br \/> Nel Vangelo Matteo fa sapere che partirono dall\u2019Oriente e che nel  linguaggio biblico s\u2019intende indicare le regioni ad est della Palestina  come per esempio l\u2019Arabia e la Persia.<br \/> In questo Natale 2012, \u00e8 a  quelle regioni che volgo lo sguardo e vedo le stelle cadenti, le comete  intercettate ed altre ancora che portano oro, incenso e mirra, che  uccidono il bimbo.<br \/> Volgo lo sguardo un po\u2019 a Gaza e un po\u2019 a  Gerusalemme e baluginano boati contro un edificio nel centro della  citt\u00e0. Sono trascorsi appena 8 giorni di comete e di uomini assediati,  di cacciati ancora una volta, di schiacciati contro una Striscia di  Terra. L\u2019attuale bilancio \u00e8 di 151 morti e 1100 feriti. Gli Erode hanno  ordinato la nuova strage contro i re poveri di tutte le terre. I numeri  occorrono per sommare sino a cinque e sono un padre, una madre e i suoi  tre figli.<br \/> Non \u00e8 solo Gaza ad esplodere nell\u2019intimit\u00e0 di una  famiglia \u00e8 anche Tel Aviv con altre 15 persone, anch\u2019esse a seguito di  un\u2019esplosione all\u2019interno di un autobus.<br \/> Gli Erode, coloro che  sostengono i Magi provengono dall\u2019occidente, si basano sulla natura dei  doni non ancora offerti e forniscono altro oro altro fumo d\u2019incenso,  altra mirra.<br \/> I dromedari alati di Madian, di Efa e di Saba fanno il  resto sotto l\u2019egida e con un nuovo significato di buona stella su cui il  molto si \u00e8 scritto e si continuer\u00e0 a scrivere.<br \/> Mai buona nuova ha  lasciato stelle e strisce di nuova potenza, n\u00e9 mai forza divina ha mai  assunto l\u2019apparenza di cometa per annunciare il ritorno dei Magi.<br \/> Mai fu offerta fatta di doni, n\u00e9 gioia per averli ricevuti.<br \/> <strong>Oro<\/strong>, <strong>incenso<\/strong> e <strong>mirra<\/strong>, \u00e8 proprio questo, \u00e8 l\u00ec il costume del donare e dell\u2019apparato esteriore del non volere ricevere.<br \/> ANCORA UNA VOLTA si offre l\u2019oro in omaggio e si spera di ricevere in cambio.<\/p>\n<p style=\"text-align: justify;\">Si offre incenso per stordire i sacrifici cultuali delle offerte a un Dio che proviene dall\u2019oro.<br \/> Si offre la pianta di mirra per martoriare le altrui carni e poi lenirle come si usa per purificare i defunti.<br \/> Tutto per esaltare la regalit\u00e0 di un bambino da uccidere e da stordire con l\u2019incenso, per la sua falsa divinit\u00e0.<br \/> Il martirio dell\u2019albero di spine servir\u00e0 per immolarsi per un nuovo sacerdozio: \u201c<em>E  tu, Betlemme, terra di Giuda, non sei davvero il pi\u00f9 piccolo capoluogo  di Giuda: da te uscir\u00e0 infatti un capo che pascer\u00e0 il mio popolo,  Israele.<\/em>\u201d<br \/> A Natale 2012 ho trovato ed adorato Colui che con tanta difficolt\u00e0 ho cercato.<br \/> A Natale esco dalla storia ed entro nel culto per essere uno dei Magi  che mai ebbe a tornare nel proprio paese, n\u00e9 ebbe a sostare nel paese  che non potr\u00e0 mai dirsi proprio.<br \/> A Natale, comunque, torner\u00f2 a veder  la stella e aprir\u00f2 il mio scrigno e da l\u00ec usciranno parole della stessa  polvere con cui sono fatte le stelle: &#8220;<em>Alzati, prendi con te il  bambino e sua madre e fugg\u00ec in Egitto, e resta l\u00e0 finch\u00e9 non ti  avvertir\u00f2, perch\u00e9 Erode sta cercando il bambino per ucciderlo<\/em>&#8220;.<br \/> A Natale chieder\u00f2: Che sogno avete in regalo?<br \/> Ed in tre sognammo altre madri, altre famiglie che si vendevano l\u2019oro  che non possedevano, che custodivano il fumo dell\u2019incenso ed attendevano  l\u2019uso della mirra.<br \/> A Natale da oriente anche da noi arriver\u00e0 una  stella e ora che scrivo ascolto che si \u00e8 siglata un fragile pace e che  nuovo incenso sta per spargersi fra coloro che dicono di averla cercata.<\/p>\n<p>Il mio presepe l\u2019ho appena terminato.<strong> Attender\u00f2 i Magi.<\/strong><\/p>\n","protected":false},"excerpt":{"rendered":"<p>A Natale 2012 non compro n\u00e9 ORO n\u00e9 INCENSO, ma in cambio avr\u00f2 MIRRA. (il mio presepe) di Francesco Pasca<\/p>\n","protected":false},"author":1,"featured_media":0,"comment_status":"open","ping_status":"open","sticky":false,"template":"","format":"standard","meta":[],"categories":[36],"tags":[],"yoast_head":"<!-- This site is optimized with the Yoast SEO plugin v18.0 - https:\/\/yoast.com\/wordpress\/plugins\/seo\/ -->\n<title>ORO INCENSO MIRRA | Arte e Luoghi<\/title>\n<meta name=\"robots\" content=\"index, follow, max-snippet:-1, max-image-preview:large, max-video-preview:-1\" \/>\n<link rel=\"canonical\" href=\"https:\/\/arteeluoghi.it\/index.php\/2012\/11\/25\/oro-incenso-mirra\/\" \/>\n<meta property=\"og:locale\" content=\"it_IT\" \/>\n<meta property=\"og:type\" content=\"article\" \/>\n<meta property=\"og:title\" content=\"ORO INCENSO MIRRA | Arte e Luoghi\" \/>\n<meta property=\"og:description\" content=\"A Natale 2012 non compro n\u00e9 ORO n\u00e9 INCENSO, ma in cambio avr\u00f2 MIRRA. (il mio presepe) di Francesco Pasca\" \/>\n<meta property=\"og:url\" content=\"https:\/\/arteeluoghi.it\/index.php\/2012\/11\/25\/oro-incenso-mirra\/\" \/>\n<meta property=\"og:site_name\" content=\"Arte e Luoghi\" \/>\n<meta property=\"article:publisher\" content=\"https:\/\/www.facebook.com\/ArteELuoghi\/\" \/>\n<meta property=\"article:published_time\" content=\"2012-11-25T06:53:27+00:00\" \/>\n<meta property=\"og:image\" content=\"http:\/\/www.francescopasca.it\/images\/stories\/cover20.jpg\" \/>\n<meta name=\"twitter:card\" content=\"summary\" \/>\n<meta name=\"twitter:creator\" content=\"@arteeluoghi\" \/>\n<meta name=\"twitter:site\" content=\"@arteeluoghi\" \/>\n<meta name=\"twitter:label1\" content=\"Scritto da\" \/>\n\t<meta name=\"twitter:data1\" content=\"Staff\" \/>\n\t<meta name=\"twitter:label2\" content=\"Tempo di lettura stimato\" \/>\n\t<meta name=\"twitter:data2\" content=\"7 minuti\" \/>\n<script type=\"application\/ld+json\" class=\"yoast-schema-graph\">{\"@context\":\"https:\/\/schema.org\",\"@graph\":[{\"@type\":\"Organization\",\"@id\":\"https:\/\/arteeluoghi.it\/#organization\",\"name\":\"Arte e Luoghi\",\"url\":\"https:\/\/arteeluoghi.it\/\",\"sameAs\":[\"https:\/\/www.facebook.com\/ArteELuoghi\/\",\"https:\/\/www.instagram.com\/arteeluoghi\/?hl=it\",\"https:\/\/www.youtube.com\/channel\/UCuRVc4JW4-C5sg9rQB-srkw?view_as=subscriber\",\"https:\/\/twitter.com\/arteeluoghi\"],\"logo\":{\"@type\":\"ImageObject\",\"@id\":\"https:\/\/arteeluoghi.it\/#logo\",\"inLanguage\":\"it-IT\",\"url\":\"https:\/\/arteeluoghi.it\/wp-content\/uploads\/2018\/08\/logoinstagramarte.jpg\",\"contentUrl\":\"https:\/\/arteeluoghi.it\/wp-content\/uploads\/2018\/08\/logoinstagramarte.jpg\",\"width\":150,\"height\":150,\"caption\":\"Arte e Luoghi\"},\"image\":{\"@id\":\"https:\/\/arteeluoghi.it\/#logo\"}},{\"@type\":\"WebSite\",\"@id\":\"https:\/\/arteeluoghi.it\/#website\",\"url\":\"https:\/\/arteeluoghi.it\/\",\"name\":\"Arte e Luoghi\",\"description\":\"Mensile di arte, cultura, turismo e curiosit\u00e0\",\"publisher\":{\"@id\":\"https:\/\/arteeluoghi.it\/#organization\"},\"potentialAction\":[{\"@type\":\"SearchAction\",\"target\":{\"@type\":\"EntryPoint\",\"urlTemplate\":\"https:\/\/arteeluoghi.it\/?s={search_term_string}\"},\"query-input\":\"required name=search_term_string\"}],\"inLanguage\":\"it-IT\"},{\"@type\":\"ImageObject\",\"@id\":\"https:\/\/arteeluoghi.it\/index.php\/2012\/11\/25\/oro-incenso-mirra\/#primaryimage\",\"inLanguage\":\"it-IT\",\"url\":\"http:\/\/www.francescopasca.it\/images\/stories\/cover20.jpg\",\"contentUrl\":\"http:\/\/www.francescopasca.it\/images\/stories\/cover20.jpg\"},{\"@type\":\"WebPage\",\"@id\":\"https:\/\/arteeluoghi.it\/index.php\/2012\/11\/25\/oro-incenso-mirra\/#webpage\",\"url\":\"https:\/\/arteeluoghi.it\/index.php\/2012\/11\/25\/oro-incenso-mirra\/\",\"name\":\"ORO INCENSO MIRRA | Arte e Luoghi\",\"isPartOf\":{\"@id\":\"https:\/\/arteeluoghi.it\/#website\"},\"primaryImageOfPage\":{\"@id\":\"https:\/\/arteeluoghi.it\/index.php\/2012\/11\/25\/oro-incenso-mirra\/#primaryimage\"},\"datePublished\":\"2012-11-25T06:53:27+00:00\",\"dateModified\":\"2012-11-25T06:53:27+00:00\",\"breadcrumb\":{\"@id\":\"https:\/\/arteeluoghi.it\/index.php\/2012\/11\/25\/oro-incenso-mirra\/#breadcrumb\"},\"inLanguage\":\"it-IT\",\"potentialAction\":[{\"@type\":\"ReadAction\",\"target\":[\"https:\/\/arteeluoghi.it\/index.php\/2012\/11\/25\/oro-incenso-mirra\/\"]}]},{\"@type\":\"BreadcrumbList\",\"@id\":\"https:\/\/arteeluoghi.it\/index.php\/2012\/11\/25\/oro-incenso-mirra\/#breadcrumb\",\"itemListElement\":[{\"@type\":\"ListItem\",\"position\":1,\"name\":\"Home\",\"item\":\"https:\/\/arteeluoghi.it\/\"},{\"@type\":\"ListItem\",\"position\":2,\"name\":\"ORO INCENSO MIRRA\"}]},{\"@type\":\"Article\",\"@id\":\"https:\/\/arteeluoghi.it\/index.php\/2012\/11\/25\/oro-incenso-mirra\/#article\",\"isPartOf\":{\"@id\":\"https:\/\/arteeluoghi.it\/index.php\/2012\/11\/25\/oro-incenso-mirra\/#webpage\"},\"author\":{\"@id\":\"https:\/\/arteeluoghi.it\/#\/schema\/person\/f84e814e36e91e01448ee07eaadd41d4\"},\"headline\":\"ORO INCENSO MIRRA\",\"datePublished\":\"2012-11-25T06:53:27+00:00\",\"dateModified\":\"2012-11-25T06:53:27+00:00\",\"mainEntityOfPage\":{\"@id\":\"https:\/\/arteeluoghi.it\/index.php\/2012\/11\/25\/oro-incenso-mirra\/#webpage\"},\"wordCount\":1370,\"commentCount\":0,\"publisher\":{\"@id\":\"https:\/\/arteeluoghi.it\/#organization\"},\"image\":{\"@id\":\"https:\/\/arteeluoghi.it\/index.php\/2012\/11\/25\/oro-incenso-mirra\/#primaryimage\"},\"thumbnailUrl\":\"http:\/\/www.francescopasca.it\/images\/stories\/cover20.jpg\",\"articleSection\":[\"CuriosAr(t)e\"],\"inLanguage\":\"it-IT\",\"potentialAction\":[{\"@type\":\"CommentAction\",\"name\":\"Comment\",\"target\":[\"https:\/\/arteeluoghi.it\/index.php\/2012\/11\/25\/oro-incenso-mirra\/#respond\"]}]},{\"@type\":\"Person\",\"@id\":\"https:\/\/arteeluoghi.it\/#\/schema\/person\/f84e814e36e91e01448ee07eaadd41d4\",\"name\":\"Staff\",\"image\":{\"@type\":\"ImageObject\",\"@id\":\"https:\/\/arteeluoghi.it\/#personlogo\",\"inLanguage\":\"it-IT\",\"url\":\"https:\/\/secure.gravatar.com\/avatar\/49d2f9e46271bb04e19cebfaf141313a?s=96&d=blank&r=g\",\"contentUrl\":\"https:\/\/secure.gravatar.com\/avatar\/49d2f9e46271bb04e19cebfaf141313a?s=96&d=blank&r=g\",\"caption\":\"Staff\"}}]}<\/script>\n<!-- \/ Yoast SEO plugin. -->","yoast_head_json":{"title":"ORO INCENSO MIRRA | Arte e Luoghi","robots":{"index":"index","follow":"follow","max-snippet":"max-snippet:-1","max-image-preview":"max-image-preview:large","max-video-preview":"max-video-preview:-1"},"canonical":"https:\/\/arteeluoghi.it\/index.php\/2012\/11\/25\/oro-incenso-mirra\/","og_locale":"it_IT","og_type":"article","og_title":"ORO INCENSO MIRRA | Arte e Luoghi","og_description":"A Natale 2012 non compro n\u00e9 ORO n\u00e9 INCENSO, ma in cambio avr\u00f2 MIRRA. (il mio presepe) di Francesco Pasca","og_url":"https:\/\/arteeluoghi.it\/index.php\/2012\/11\/25\/oro-incenso-mirra\/","og_site_name":"Arte e Luoghi","article_publisher":"https:\/\/www.facebook.com\/ArteELuoghi\/","article_published_time":"2012-11-25T06:53:27+00:00","og_image":[{"url":"http:\/\/www.francescopasca.it\/images\/stories\/cover20.jpg"}],"twitter_card":"summary","twitter_creator":"@arteeluoghi","twitter_site":"@arteeluoghi","twitter_misc":{"Scritto da":"Staff","Tempo di lettura stimato":"7 minuti"},"schema":{"@context":"https:\/\/schema.org","@graph":[{"@type":"Organization","@id":"https:\/\/arteeluoghi.it\/#organization","name":"Arte e Luoghi","url":"https:\/\/arteeluoghi.it\/","sameAs":["https:\/\/www.facebook.com\/ArteELuoghi\/","https:\/\/www.instagram.com\/arteeluoghi\/?hl=it","https:\/\/www.youtube.com\/channel\/UCuRVc4JW4-C5sg9rQB-srkw?view_as=subscriber","https:\/\/twitter.com\/arteeluoghi"],"logo":{"@type":"ImageObject","@id":"https:\/\/arteeluoghi.it\/#logo","inLanguage":"it-IT","url":"https:\/\/arteeluoghi.it\/wp-content\/uploads\/2018\/08\/logoinstagramarte.jpg","contentUrl":"https:\/\/arteeluoghi.it\/wp-content\/uploads\/2018\/08\/logoinstagramarte.jpg","width":150,"height":150,"caption":"Arte e Luoghi"},"image":{"@id":"https:\/\/arteeluoghi.it\/#logo"}},{"@type":"WebSite","@id":"https:\/\/arteeluoghi.it\/#website","url":"https:\/\/arteeluoghi.it\/","name":"Arte e Luoghi","description":"Mensile di arte, cultura, turismo e curiosit\u00e0","publisher":{"@id":"https:\/\/arteeluoghi.it\/#organization"},"potentialAction":[{"@type":"SearchAction","target":{"@type":"EntryPoint","urlTemplate":"https:\/\/arteeluoghi.it\/?s={search_term_string}"},"query-input":"required name=search_term_string"}],"inLanguage":"it-IT"},{"@type":"ImageObject","@id":"https:\/\/arteeluoghi.it\/index.php\/2012\/11\/25\/oro-incenso-mirra\/#primaryimage","inLanguage":"it-IT","url":"http:\/\/www.francescopasca.it\/images\/stories\/cover20.jpg","contentUrl":"http:\/\/www.francescopasca.it\/images\/stories\/cover20.jpg"},{"@type":"WebPage","@id":"https:\/\/arteeluoghi.it\/index.php\/2012\/11\/25\/oro-incenso-mirra\/#webpage","url":"https:\/\/arteeluoghi.it\/index.php\/2012\/11\/25\/oro-incenso-mirra\/","name":"ORO INCENSO MIRRA | Arte e Luoghi","isPartOf":{"@id":"https:\/\/arteeluoghi.it\/#website"},"primaryImageOfPage":{"@id":"https:\/\/arteeluoghi.it\/index.php\/2012\/11\/25\/oro-incenso-mirra\/#primaryimage"},"datePublished":"2012-11-25T06:53:27+00:00","dateModified":"2012-11-25T06:53:27+00:00","breadcrumb":{"@id":"https:\/\/arteeluoghi.it\/index.php\/2012\/11\/25\/oro-incenso-mirra\/#breadcrumb"},"inLanguage":"it-IT","potentialAction":[{"@type":"ReadAction","target":["https:\/\/arteeluoghi.it\/index.php\/2012\/11\/25\/oro-incenso-mirra\/"]}]},{"@type":"BreadcrumbList","@id":"https:\/\/arteeluoghi.it\/index.php\/2012\/11\/25\/oro-incenso-mirra\/#breadcrumb","itemListElement":[{"@type":"ListItem","position":1,"name":"Home","item":"https:\/\/arteeluoghi.it\/"},{"@type":"ListItem","position":2,"name":"ORO INCENSO MIRRA"}]},{"@type":"Article","@id":"https:\/\/arteeluoghi.it\/index.php\/2012\/11\/25\/oro-incenso-mirra\/#article","isPartOf":{"@id":"https:\/\/arteeluoghi.it\/index.php\/2012\/11\/25\/oro-incenso-mirra\/#webpage"},"author":{"@id":"https:\/\/arteeluoghi.it\/#\/schema\/person\/f84e814e36e91e01448ee07eaadd41d4"},"headline":"ORO INCENSO MIRRA","datePublished":"2012-11-25T06:53:27+00:00","dateModified":"2012-11-25T06:53:27+00:00","mainEntityOfPage":{"@id":"https:\/\/arteeluoghi.it\/index.php\/2012\/11\/25\/oro-incenso-mirra\/#webpage"},"wordCount":1370,"commentCount":0,"publisher":{"@id":"https:\/\/arteeluoghi.it\/#organization"},"image":{"@id":"https:\/\/arteeluoghi.it\/index.php\/2012\/11\/25\/oro-incenso-mirra\/#primaryimage"},"thumbnailUrl":"http:\/\/www.francescopasca.it\/images\/stories\/cover20.jpg","articleSection":["CuriosAr(t)e"],"inLanguage":"it-IT","potentialAction":[{"@type":"CommentAction","name":"Comment","target":["https:\/\/arteeluoghi.it\/index.php\/2012\/11\/25\/oro-incenso-mirra\/#respond"]}]},{"@type":"Person","@id":"https:\/\/arteeluoghi.it\/#\/schema\/person\/f84e814e36e91e01448ee07eaadd41d4","name":"Staff","image":{"@type":"ImageObject","@id":"https:\/\/arteeluoghi.it\/#personlogo","inLanguage":"it-IT","url":"https:\/\/secure.gravatar.com\/avatar\/49d2f9e46271bb04e19cebfaf141313a?s=96&d=blank&r=g","contentUrl":"https:\/\/secure.gravatar.com\/avatar\/49d2f9e46271bb04e19cebfaf141313a?s=96&d=blank&r=g","caption":"Staff"}}]}},"_links":{"self":[{"href":"https:\/\/arteeluoghi.it\/index.php\/wp-json\/wp\/v2\/posts\/966"}],"collection":[{"href":"https:\/\/arteeluoghi.it\/index.php\/wp-json\/wp\/v2\/posts"}],"about":[{"href":"https:\/\/arteeluoghi.it\/index.php\/wp-json\/wp\/v2\/types\/post"}],"author":[{"embeddable":true,"href":"https:\/\/arteeluoghi.it\/index.php\/wp-json\/wp\/v2\/users\/1"}],"replies":[{"embeddable":true,"href":"https:\/\/arteeluoghi.it\/index.php\/wp-json\/wp\/v2\/comments?post=966"}],"version-history":[{"count":0,"href":"https:\/\/arteeluoghi.it\/index.php\/wp-json\/wp\/v2\/posts\/966\/revisions"}],"wp:attachment":[{"href":"https:\/\/arteeluoghi.it\/index.php\/wp-json\/wp\/v2\/media?parent=966"}],"wp:term":[{"taxonomy":"category","embeddable":true,"href":"https:\/\/arteeluoghi.it\/index.php\/wp-json\/wp\/v2\/categories?post=966"},{"taxonomy":"post_tag","embeddable":true,"href":"https:\/\/arteeluoghi.it\/index.php\/wp-json\/wp\/v2\/tags?post=966"}],"curies":[{"name":"wp","href":"https:\/\/api.w.org\/{rel}","templated":true}]}}