{"id":9665,"date":"2021-01-03T01:39:03","date_gmt":"2021-01-03T00:39:03","guid":{"rendered":"https:\/\/arteeluoghi.it\/?p=9665"},"modified":"2021-01-10T01:41:33","modified_gmt":"2021-01-10T00:41:33","slug":"il-coraggio-nasce-col-sole-il-romanzo-di-alessandra-politi","status":"publish","type":"post","link":"https:\/\/arteeluoghi.it\/index.php\/2021\/01\/03\/il-coraggio-nasce-col-sole-il-romanzo-di-alessandra-politi\/","title":{"rendered":"Il coraggio nasce col sole il romanzo di Alessandra Politi"},"content":{"rendered":"\n<blockquote class=\"wp-block-quote\"><p>dalsalentocaf\u00e9  | Le recensioni <\/p><cite>Stefano Camb\u00f2<\/cite><\/blockquote>\n\n\n\n<p>Che cos&#8217;\u00e8 il coraggio? O meglio\u2026 Cosa rappresenta?<br> Per qualcuno potrebbe riguardare semplicemente una forma d&#8217;azione che richiede una certa dose di adrenalina con annesso rischio e pericolo.<br> Per altri potrebbe essere legato al labirintico mondo dei sentimenti.<br> Per Alessandra Politi, autrice del libro che stiamo prendendo in considerazione, questa parola racchiude pi\u00f9 significati e di conseguenza pi\u00f9 sfaccettature.<\/p>\n\n\n\n<!--more-->\n\n\n\n<p><br> Con Il coraggio nasce col sole (pubblicato da Edizioni Esperidi), la scrittrice ci porta a scavare dentro noi stessi e a trovare le risposte nell&#8217;intimo delle nostre paure, sfidando anche il destino l\u00ec dove fosse necessario.<br> Perch\u00e9, come sottolinea in un bel passo del libro,  &#8220;a volte si ha la sensazione che non siamo noi a scegliere il nostro destino, ma \u00e8 il destino che sceglie noi\u2026 E bisogna anche accettare questo pensiero con una falsa serenit\u00e0.&#8221;<br> E cos\u00ec, leggendo le pagine del romanzo, entriamo in punta di piedi nella vita di Sara Baroncini, una giovane e brillante giornalista che decide di prendere di petto la vita e di credere nell&#8217;amore, quello con la A maiuscola, che ti rempie e ti stordisce per la sua bellezza.<br> Ma che ti fa anche cadere quando meno te lo aspetti, mostrandoti all&#8217;improvviso l&#8217;altra faccia della medaglia\u2026<br> Perch\u00e9, il sentimento nascosto in questa semplice parola sfugge a qualsiasi interpretazione, coinvolge e travolge il cuore di chi intende accoglierlo e spesso come il coraggio\u2026 Nasce col sole!<br> Soprattutto quando l&#8217;alba si avvicina e la notte fuori sembra essere ancora pi\u00f9 buia.<\/p>\n","protected":false},"excerpt":{"rendered":"<p>dalsalentocaf\u00e9 | Le recensioni Stefano Camb\u00f2 Che cos&#8217;\u00e8 il coraggio? O meglio\u2026 Cosa rappresenta? Per qualcuno potrebbe riguardare semplicemente una<\/p>\n","protected":false},"author":1,"featured_media":9666,"comment_status":"open","ping_status":"open","sticky":true,"template":"","format":"standard","meta":[],"categories":[2991,17],"tags":[3145,3146,3144,168],"yoast_head":"<!-- This site is optimized with the Yoast SEO plugin v18.0 - https:\/\/yoast.com\/wordpress\/plugins\/seo\/ -->\n<title>Il coraggio nasce col sole il romanzo di Alessandra Politi | Arte e Luoghi<\/title>\n<meta name=\"robots\" content=\"index, follow, max-snippet:-1, max-image-preview:large, max-video-preview:-1\" \/>\n<link rel=\"canonical\" href=\"https:\/\/arteeluoghi.it\/index.php\/2021\/01\/03\/il-coraggio-nasce-col-sole-il-romanzo-di-alessandra-politi\/\" \/>\n<meta property=\"og:locale\" content=\"it_IT\" \/>\n<meta property=\"og:type\" content=\"article\" \/>\n<meta property=\"og:title\" content=\"Il coraggio nasce col sole il romanzo di Alessandra Politi | Arte e Luoghi\" \/>\n<meta property=\"og:description\" content=\"dalsalentocaf\u00e9 | Le recensioni Stefano Camb\u00f2 Che cos&#8217;\u00e8 il coraggio? O meglio\u2026 Cosa rappresenta? Per qualcuno potrebbe riguardare semplicemente una\" \/>\n<meta property=\"og:url\" content=\"https:\/\/arteeluoghi.it\/index.php\/2021\/01\/03\/il-coraggio-nasce-col-sole-il-romanzo-di-alessandra-politi\/\" \/>\n<meta property=\"og:site_name\" content=\"Arte e Luoghi\" \/>\n<meta property=\"article:publisher\" content=\"https:\/\/www.facebook.com\/ArteELuoghi\/\" \/>\n<meta property=\"article:published_time\" content=\"2021-01-03T00:39:03+00:00\" \/>\n<meta property=\"article:modified_time\" content=\"2021-01-10T00:41:33+00:00\" \/>\n<meta property=\"og:image\" content=\"https:\/\/arteeluoghi.it\/wp-content\/uploads\/2021\/01\/WhatsApp-Image-2020-12-08-at-20.16.59.jpeg\" \/>\n\t<meta property=\"og:image:width\" content=\"221\" \/>\n\t<meta property=\"og:image:height\" content=\"313\" \/>\n\t<meta property=\"og:image:type\" content=\"image\/jpeg\" \/>\n<meta name=\"twitter:card\" content=\"summary\" \/>\n<meta name=\"twitter:creator\" content=\"@arteeluoghi\" \/>\n<meta name=\"twitter:site\" content=\"@arteeluoghi\" \/>\n<meta name=\"twitter:label1\" content=\"Scritto da\" \/>\n\t<meta name=\"twitter:data1\" content=\"Staff\" \/>\n\t<meta name=\"twitter:label2\" content=\"Tempo di lettura stimato\" \/>\n\t<meta name=\"twitter:data2\" content=\"1 minuto\" \/>\n<script type=\"application\/ld+json\" class=\"yoast-schema-graph\">{\"@context\":\"https:\/\/schema.org\",\"@graph\":[{\"@type\":\"Organization\",\"@id\":\"https:\/\/arteeluoghi.it\/#organization\",\"name\":\"Arte e Luoghi\",\"url\":\"https:\/\/arteeluoghi.it\/\",\"sameAs\":[\"https:\/\/www.facebook.com\/ArteELuoghi\/\",\"https:\/\/www.instagram.com\/arteeluoghi\/?hl=it\",\"https:\/\/www.youtube.com\/channel\/UCuRVc4JW4-C5sg9rQB-srkw?view_as=subscriber\",\"https:\/\/twitter.com\/arteeluoghi\"],\"logo\":{\"@type\":\"ImageObject\",\"@id\":\"https:\/\/arteeluoghi.it\/#logo\",\"inLanguage\":\"it-IT\",\"url\":\"https:\/\/arteeluoghi.it\/wp-content\/uploads\/2018\/08\/logoinstagramarte.jpg\",\"contentUrl\":\"https:\/\/arteeluoghi.it\/wp-content\/uploads\/2018\/08\/logoinstagramarte.jpg\",\"width\":150,\"height\":150,\"caption\":\"Arte e Luoghi\"},\"image\":{\"@id\":\"https:\/\/arteeluoghi.it\/#logo\"}},{\"@type\":\"WebSite\",\"@id\":\"https:\/\/arteeluoghi.it\/#website\",\"url\":\"https:\/\/arteeluoghi.it\/\",\"name\":\"Arte e Luoghi\",\"description\":\"Mensile di arte, cultura, turismo e curiosit\u00e0\",\"publisher\":{\"@id\":\"https:\/\/arteeluoghi.it\/#organization\"},\"potentialAction\":[{\"@type\":\"SearchAction\",\"target\":{\"@type\":\"EntryPoint\",\"urlTemplate\":\"https:\/\/arteeluoghi.it\/?s={search_term_string}\"},\"query-input\":\"required name=search_term_string\"}],\"inLanguage\":\"it-IT\"},{\"@type\":\"ImageObject\",\"@id\":\"https:\/\/arteeluoghi.it\/index.php\/2021\/01\/03\/il-coraggio-nasce-col-sole-il-romanzo-di-alessandra-politi\/#primaryimage\",\"inLanguage\":\"it-IT\",\"url\":\"https:\/\/arteeluoghi.it\/wp-content\/uploads\/2021\/01\/WhatsApp-Image-2020-12-08-at-20.16.59.jpeg\",\"contentUrl\":\"https:\/\/arteeluoghi.it\/wp-content\/uploads\/2021\/01\/WhatsApp-Image-2020-12-08-at-20.16.59.jpeg\",\"width\":221,\"height\":313,\"caption\":\"la copertina del libro, crediti ufficio stampa\"},{\"@type\":\"WebPage\",\"@id\":\"https:\/\/arteeluoghi.it\/index.php\/2021\/01\/03\/il-coraggio-nasce-col-sole-il-romanzo-di-alessandra-politi\/#webpage\",\"url\":\"https:\/\/arteeluoghi.it\/index.php\/2021\/01\/03\/il-coraggio-nasce-col-sole-il-romanzo-di-alessandra-politi\/\",\"name\":\"Il coraggio nasce col sole il romanzo di Alessandra Politi | Arte e Luoghi\",\"isPartOf\":{\"@id\":\"https:\/\/arteeluoghi.it\/#website\"},\"primaryImageOfPage\":{\"@id\":\"https:\/\/arteeluoghi.it\/index.php\/2021\/01\/03\/il-coraggio-nasce-col-sole-il-romanzo-di-alessandra-politi\/#primaryimage\"},\"datePublished\":\"2021-01-03T00:39:03+00:00\",\"dateModified\":\"2021-01-10T00:41:33+00:00\",\"breadcrumb\":{\"@id\":\"https:\/\/arteeluoghi.it\/index.php\/2021\/01\/03\/il-coraggio-nasce-col-sole-il-romanzo-di-alessandra-politi\/#breadcrumb\"},\"inLanguage\":\"it-IT\",\"potentialAction\":[{\"@type\":\"ReadAction\",\"target\":[\"https:\/\/arteeluoghi.it\/index.php\/2021\/01\/03\/il-coraggio-nasce-col-sole-il-romanzo-di-alessandra-politi\/\"]}]},{\"@type\":\"BreadcrumbList\",\"@id\":\"https:\/\/arteeluoghi.it\/index.php\/2021\/01\/03\/il-coraggio-nasce-col-sole-il-romanzo-di-alessandra-politi\/#breadcrumb\",\"itemListElement\":[{\"@type\":\"ListItem\",\"position\":1,\"name\":\"Home\",\"item\":\"https:\/\/arteeluoghi.it\/\"},{\"@type\":\"ListItem\",\"position\":2,\"name\":\"Il coraggio nasce col sole il romanzo di Alessandra Politi\"}]},{\"@type\":\"Article\",\"@id\":\"https:\/\/arteeluoghi.it\/index.php\/2021\/01\/03\/il-coraggio-nasce-col-sole-il-romanzo-di-alessandra-politi\/#article\",\"isPartOf\":{\"@id\":\"https:\/\/arteeluoghi.it\/index.php\/2021\/01\/03\/il-coraggio-nasce-col-sole-il-romanzo-di-alessandra-politi\/#webpage\"},\"author\":{\"@id\":\"https:\/\/arteeluoghi.it\/#\/schema\/person\/f84e814e36e91e01448ee07eaadd41d4\"},\"headline\":\"Il coraggio nasce col sole il romanzo di Alessandra Politi\",\"datePublished\":\"2021-01-03T00:39:03+00:00\",\"dateModified\":\"2021-01-10T00:41:33+00:00\",\"mainEntityOfPage\":{\"@id\":\"https:\/\/arteeluoghi.it\/index.php\/2021\/01\/03\/il-coraggio-nasce-col-sole-il-romanzo-di-alessandra-politi\/#webpage\"},\"wordCount\":259,\"commentCount\":0,\"publisher\":{\"@id\":\"https:\/\/arteeluoghi.it\/#organization\"},\"image\":{\"@id\":\"https:\/\/arteeluoghi.it\/index.php\/2021\/01\/03\/il-coraggio-nasce-col-sole-il-romanzo-di-alessandra-politi\/#primaryimage\"},\"thumbnailUrl\":\"https:\/\/arteeluoghi.it\/wp-content\/uploads\/2021\/01\/WhatsApp-Image-2020-12-08-at-20.16.59.jpeg\",\"keywords\":[\"Alessandra Politi\",\"Esperidi\",\"Il coraggio nasce col sole\",\"libri\"],\"articleSection\":[\"#dalSalentocaf\u00e9\",\"LIBRI\"],\"inLanguage\":\"it-IT\",\"potentialAction\":[{\"@type\":\"CommentAction\",\"name\":\"Comment\",\"target\":[\"https:\/\/arteeluoghi.it\/index.php\/2021\/01\/03\/il-coraggio-nasce-col-sole-il-romanzo-di-alessandra-politi\/#respond\"]}]},{\"@type\":\"Person\",\"@id\":\"https:\/\/arteeluoghi.it\/#\/schema\/person\/f84e814e36e91e01448ee07eaadd41d4\",\"name\":\"Staff\",\"image\":{\"@type\":\"ImageObject\",\"@id\":\"https:\/\/arteeluoghi.it\/#personlogo\",\"inLanguage\":\"it-IT\",\"url\":\"https:\/\/secure.gravatar.com\/avatar\/49d2f9e46271bb04e19cebfaf141313a?s=96&d=blank&r=g\",\"contentUrl\":\"https:\/\/secure.gravatar.com\/avatar\/49d2f9e46271bb04e19cebfaf141313a?s=96&d=blank&r=g\",\"caption\":\"Staff\"}}]}<\/script>\n<!-- \/ Yoast SEO plugin. -->","yoast_head_json":{"title":"Il coraggio nasce col sole il romanzo di Alessandra Politi | Arte e Luoghi","robots":{"index":"index","follow":"follow","max-snippet":"max-snippet:-1","max-image-preview":"max-image-preview:large","max-video-preview":"max-video-preview:-1"},"canonical":"https:\/\/arteeluoghi.it\/index.php\/2021\/01\/03\/il-coraggio-nasce-col-sole-il-romanzo-di-alessandra-politi\/","og_locale":"it_IT","og_type":"article","og_title":"Il coraggio nasce col sole il romanzo di Alessandra Politi | Arte e Luoghi","og_description":"dalsalentocaf\u00e9 | Le recensioni Stefano Camb\u00f2 Che cos&#8217;\u00e8 il coraggio? O meglio\u2026 Cosa rappresenta? Per qualcuno potrebbe riguardare semplicemente una","og_url":"https:\/\/arteeluoghi.it\/index.php\/2021\/01\/03\/il-coraggio-nasce-col-sole-il-romanzo-di-alessandra-politi\/","og_site_name":"Arte e Luoghi","article_publisher":"https:\/\/www.facebook.com\/ArteELuoghi\/","article_published_time":"2021-01-03T00:39:03+00:00","article_modified_time":"2021-01-10T00:41:33+00:00","og_image":[{"width":221,"height":313,"url":"https:\/\/arteeluoghi.it\/wp-content\/uploads\/2021\/01\/WhatsApp-Image-2020-12-08-at-20.16.59.jpeg","type":"image\/jpeg"}],"twitter_card":"summary","twitter_creator":"@arteeluoghi","twitter_site":"@arteeluoghi","twitter_misc":{"Scritto da":"Staff","Tempo di lettura stimato":"1 minuto"},"schema":{"@context":"https:\/\/schema.org","@graph":[{"@type":"Organization","@id":"https:\/\/arteeluoghi.it\/#organization","name":"Arte e Luoghi","url":"https:\/\/arteeluoghi.it\/","sameAs":["https:\/\/www.facebook.com\/ArteELuoghi\/","https:\/\/www.instagram.com\/arteeluoghi\/?hl=it","https:\/\/www.youtube.com\/channel\/UCuRVc4JW4-C5sg9rQB-srkw?view_as=subscriber","https:\/\/twitter.com\/arteeluoghi"],"logo":{"@type":"ImageObject","@id":"https:\/\/arteeluoghi.it\/#logo","inLanguage":"it-IT","url":"https:\/\/arteeluoghi.it\/wp-content\/uploads\/2018\/08\/logoinstagramarte.jpg","contentUrl":"https:\/\/arteeluoghi.it\/wp-content\/uploads\/2018\/08\/logoinstagramarte.jpg","width":150,"height":150,"caption":"Arte e Luoghi"},"image":{"@id":"https:\/\/arteeluoghi.it\/#logo"}},{"@type":"WebSite","@id":"https:\/\/arteeluoghi.it\/#website","url":"https:\/\/arteeluoghi.it\/","name":"Arte e Luoghi","description":"Mensile di arte, cultura, turismo e curiosit\u00e0","publisher":{"@id":"https:\/\/arteeluoghi.it\/#organization"},"potentialAction":[{"@type":"SearchAction","target":{"@type":"EntryPoint","urlTemplate":"https:\/\/arteeluoghi.it\/?s={search_term_string}"},"query-input":"required name=search_term_string"}],"inLanguage":"it-IT"},{"@type":"ImageObject","@id":"https:\/\/arteeluoghi.it\/index.php\/2021\/01\/03\/il-coraggio-nasce-col-sole-il-romanzo-di-alessandra-politi\/#primaryimage","inLanguage":"it-IT","url":"https:\/\/arteeluoghi.it\/wp-content\/uploads\/2021\/01\/WhatsApp-Image-2020-12-08-at-20.16.59.jpeg","contentUrl":"https:\/\/arteeluoghi.it\/wp-content\/uploads\/2021\/01\/WhatsApp-Image-2020-12-08-at-20.16.59.jpeg","width":221,"height":313,"caption":"la copertina del libro, crediti ufficio stampa"},{"@type":"WebPage","@id":"https:\/\/arteeluoghi.it\/index.php\/2021\/01\/03\/il-coraggio-nasce-col-sole-il-romanzo-di-alessandra-politi\/#webpage","url":"https:\/\/arteeluoghi.it\/index.php\/2021\/01\/03\/il-coraggio-nasce-col-sole-il-romanzo-di-alessandra-politi\/","name":"Il coraggio nasce col sole il romanzo di Alessandra Politi | Arte e Luoghi","isPartOf":{"@id":"https:\/\/arteeluoghi.it\/#website"},"primaryImageOfPage":{"@id":"https:\/\/arteeluoghi.it\/index.php\/2021\/01\/03\/il-coraggio-nasce-col-sole-il-romanzo-di-alessandra-politi\/#primaryimage"},"datePublished":"2021-01-03T00:39:03+00:00","dateModified":"2021-01-10T00:41:33+00:00","breadcrumb":{"@id":"https:\/\/arteeluoghi.it\/index.php\/2021\/01\/03\/il-coraggio-nasce-col-sole-il-romanzo-di-alessandra-politi\/#breadcrumb"},"inLanguage":"it-IT","potentialAction":[{"@type":"ReadAction","target":["https:\/\/arteeluoghi.it\/index.php\/2021\/01\/03\/il-coraggio-nasce-col-sole-il-romanzo-di-alessandra-politi\/"]}]},{"@type":"BreadcrumbList","@id":"https:\/\/arteeluoghi.it\/index.php\/2021\/01\/03\/il-coraggio-nasce-col-sole-il-romanzo-di-alessandra-politi\/#breadcrumb","itemListElement":[{"@type":"ListItem","position":1,"name":"Home","item":"https:\/\/arteeluoghi.it\/"},{"@type":"ListItem","position":2,"name":"Il coraggio nasce col sole il romanzo di Alessandra Politi"}]},{"@type":"Article","@id":"https:\/\/arteeluoghi.it\/index.php\/2021\/01\/03\/il-coraggio-nasce-col-sole-il-romanzo-di-alessandra-politi\/#article","isPartOf":{"@id":"https:\/\/arteeluoghi.it\/index.php\/2021\/01\/03\/il-coraggio-nasce-col-sole-il-romanzo-di-alessandra-politi\/#webpage"},"author":{"@id":"https:\/\/arteeluoghi.it\/#\/schema\/person\/f84e814e36e91e01448ee07eaadd41d4"},"headline":"Il coraggio nasce col sole il romanzo di Alessandra Politi","datePublished":"2021-01-03T00:39:03+00:00","dateModified":"2021-01-10T00:41:33+00:00","mainEntityOfPage":{"@id":"https:\/\/arteeluoghi.it\/index.php\/2021\/01\/03\/il-coraggio-nasce-col-sole-il-romanzo-di-alessandra-politi\/#webpage"},"wordCount":259,"commentCount":0,"publisher":{"@id":"https:\/\/arteeluoghi.it\/#organization"},"image":{"@id":"https:\/\/arteeluoghi.it\/index.php\/2021\/01\/03\/il-coraggio-nasce-col-sole-il-romanzo-di-alessandra-politi\/#primaryimage"},"thumbnailUrl":"https:\/\/arteeluoghi.it\/wp-content\/uploads\/2021\/01\/WhatsApp-Image-2020-12-08-at-20.16.59.jpeg","keywords":["Alessandra Politi","Esperidi","Il coraggio nasce col sole","libri"],"articleSection":["#dalSalentocaf\u00e9","LIBRI"],"inLanguage":"it-IT","potentialAction":[{"@type":"CommentAction","name":"Comment","target":["https:\/\/arteeluoghi.it\/index.php\/2021\/01\/03\/il-coraggio-nasce-col-sole-il-romanzo-di-alessandra-politi\/#respond"]}]},{"@type":"Person","@id":"https:\/\/arteeluoghi.it\/#\/schema\/person\/f84e814e36e91e01448ee07eaadd41d4","name":"Staff","image":{"@type":"ImageObject","@id":"https:\/\/arteeluoghi.it\/#personlogo","inLanguage":"it-IT","url":"https:\/\/secure.gravatar.com\/avatar\/49d2f9e46271bb04e19cebfaf141313a?s=96&d=blank&r=g","contentUrl":"https:\/\/secure.gravatar.com\/avatar\/49d2f9e46271bb04e19cebfaf141313a?s=96&d=blank&r=g","caption":"Staff"}}]}},"_links":{"self":[{"href":"https:\/\/arteeluoghi.it\/index.php\/wp-json\/wp\/v2\/posts\/9665"}],"collection":[{"href":"https:\/\/arteeluoghi.it\/index.php\/wp-json\/wp\/v2\/posts"}],"about":[{"href":"https:\/\/arteeluoghi.it\/index.php\/wp-json\/wp\/v2\/types\/post"}],"author":[{"embeddable":true,"href":"https:\/\/arteeluoghi.it\/index.php\/wp-json\/wp\/v2\/users\/1"}],"replies":[{"embeddable":true,"href":"https:\/\/arteeluoghi.it\/index.php\/wp-json\/wp\/v2\/comments?post=9665"}],"version-history":[{"count":1,"href":"https:\/\/arteeluoghi.it\/index.php\/wp-json\/wp\/v2\/posts\/9665\/revisions"}],"predecessor-version":[{"id":9667,"href":"https:\/\/arteeluoghi.it\/index.php\/wp-json\/wp\/v2\/posts\/9665\/revisions\/9667"}],"wp:featuredmedia":[{"embeddable":true,"href":"https:\/\/arteeluoghi.it\/index.php\/wp-json\/wp\/v2\/media\/9666"}],"wp:attachment":[{"href":"https:\/\/arteeluoghi.it\/index.php\/wp-json\/wp\/v2\/media?parent=9665"}],"wp:term":[{"taxonomy":"category","embeddable":true,"href":"https:\/\/arteeluoghi.it\/index.php\/wp-json\/wp\/v2\/categories?post=9665"},{"taxonomy":"post_tag","embeddable":true,"href":"https:\/\/arteeluoghi.it\/index.php\/wp-json\/wp\/v2\/tags?post=9665"}],"curies":[{"name":"wp","href":"https:\/\/api.w.org\/{rel}","templated":true}]}}