{"id":9697,"date":"2021-02-07T21:17:12","date_gmt":"2021-02-07T20:17:12","guid":{"rendered":"https:\/\/arteeluoghi.it\/?p=9697"},"modified":"2021-02-12T21:30:48","modified_gmt":"2021-02-12T20:30:48","slug":"procida","status":"publish","type":"post","link":"https:\/\/arteeluoghi.it\/index.php\/2021\/02\/07\/procida\/","title":{"rendered":"Procida,  la Cultura non isola"},"content":{"rendered":"\n<blockquote class=\"wp-block-quote\"><p>Il MIbact premia la minore isola dell\u2019arcipelago campano: sar\u00e0<br> la Capitale italiana della  Cultura 2022<\/p><cite>Antonietta Fulvio<\/cite><\/blockquote>\n\n\n\n<p>La cultura non isola. Pi\u00f9 di uno slogan. Il cuore di un progetto che rappresenta una sfida e un punto di ripartenza. Per tutti. Cos\u00ec Procida nel 2022 sar\u00e0 incoronata capitale italiana della Cultura. Una comunit\u00e0 piccola dal cuore grande decisa a costruire un laboratorio di felicit\u00e0 sociale, con programmi culturali educativi e inclusivi. <\/p>\n\n\n\n<!--more-->\n\n\n\n<p>Questo il fulcro di un progetto che ha in s\u00e8 la forza e la bellezza delle onde del mare. \u00abIl mare unisce i paesi che separa\u00bb scriveva il poeta Alexander Pope e forse non \u00e8 un caso che proprio chi paradossalmente \u00e8 \u201cisolato\u201d ha scelto di dimostrare che \u201cla cultura non isola\u201d ma pu\u00f2 essere territorio di dialogo e di confronto reale tra i naviganti reali e virtuali, grazie anche al sapiente utilizzo dei social che hanno mostrato proprio n questo tempo di pandemia il potere aggregante e di azzeramento delle distanze fisiche a cui il virus ancora ci costringe.<br> E allora in attesa di conoscere e di partecipare all\u2019intenso calendario di eventi del 2022, proviamo a raccontavi Procida andando a rileggere un libro che ha legato l\u2019isola alla sua fortuna letteraria.<br> \u00abSu per le colline verso la campagna, la mia isola ha straducce solitarie chiuse fra i muri antichi, oltre i quali si stendono frutteti e vigneti che sembrano giardini imperiali. Ha varie spiagge dalla sabbia chiara e delicata, e altre rive pi\u00f9 piccole, coperte di ciottoli e conchiglie, e nascoste tra le grandi scogliere.\u00bb <br> Quasi fossero delicati colpi di pennello, cos\u00ec descrive Procida la scrittrice Elsa Morante (premio Strega 1957) nel famoso romanzo \u201cL\u2019isola di Arturo\u201d che fu scritto proprio qui tra i profumi del giardino di limoni dell\u2019allora Albergo Eldorado oggi i \u201cGiardini di Elsa\u201d, sede del parco letterario, dedicato alla scrittrice romana, purtroppo non visitabile perch\u00e8 propriet\u00e0 privata mentre conta ventitr\u00e8 edizioni il progetto Procida Isola di Arturo \u2013 Elsa Morante che vede l\u2019assegnazione di due premi letterari uno dedicato alla scrittrice l\u2019altro alle narrazioni sul fascino misteroso e atavico del mare. Ed \u00e8 la pi\u00f9 piccola delle isole flegree, incastonate come gemme nel golfo di Napoli, ma Procida \u00e8 natura, bellezza, mito, storia, letteratura (qui fu ambientato anche un altro romanzo \u201cGraziella\u201d di Alphonse Lamartine.<br> Ed \u00e8 musica e canto, quello che va dritto all\u2019anima che aveva la voce di Concetta Barra e oggi ha quella di suo figlio Peppe Barra.<br> E cinema. Set di numerosi film di successo, poeticamente Procida \u00e8 l\u2019isola de \u201cIl Postino\u201d, l\u2019ultimo film di Massimo Troisi ispirato al romanzo \u201cIl postino di Neruda\u201d, dello scrittore cileno Antonio Sk\u00e1rmeta diretto da Michael Radford (1994). Qui potrete imbattervi nell\u2019osteria di Beatrice che conquist\u00f2 il cuore del postino Mario Ruoppolo e magari in sella ad una bicicletta provare a ripercorrere itinerari che portano alle case colorate della Corricella o salire su verso la collina di Terra Murata, raggiungere il borgo antico. Ed \u00e8 antica la storia di Procida, legata a coloni Micenei come sembrano testimoniare gli ultimi ritrovamenti archeologici, e da sempre qui la natura vulcanica e rigogliosa, le variet\u00e0 botaniche e faunistiche della riserva naturale dell\u2019isolotto di Vivara, dal caratteristico aspetto a mezzaluna, che il \u201cponte dell\u2019acquedotto\u201d collega alla vicina Procida suggeriscono un turismo lento e sostenibile supportato dall\u2019autenticit\u00e0 della sua gente che accoglie e ammalia per la sua semplicit\u00e0, per il rapporto autentico che li lega al mare, non \u00e8 forse un caso che  il primo codice marittimo della storia fu scritto dal procidano Michele De Jorio e che qui nel settecento si costruivano bastimenti e brigantini che salpavano verso l\u2019oceano. Ribelle come il mare in tempesta Procida respir\u00f2 l\u2019aria della rivoluzione partenopea e con il ritorno dei Borbone, dodici Procidani, tra i pi\u00f9 influenti e in vista dell&#8217;isola, vennereo impiccati  nella stessa piazza dove era stato issato l&#8217;albero della libert\u00e0. La storia di Procida \u00e8 tutta da riscoprire come la bellezza di   questo magico  fazzoletto di terra di appena quattro chilometri quadrati che racchiude il segreto della felicit\u00e0. Qui perfino l\u2019aria salmastra di umido che penetra nel naso e nelle ossa nei giorni di burrasca pu\u00f2 diventare il pi\u00f9 nostalgico dei ricordi. Perch\u00e8 non vorresti mai andar via da un posto che ti sembra catapultare in un\u2019altra dimensione, quasi sospesa, sicuramente non mondana e caotica. Incredibilmente vera.<br> Procida \u00e8 ancora l\u2019isola dalle nove contrade, le Grac\u00ece: il colorato borgo marinaro de La Corricella che sembra aver rubato i colori dell\u2019arcobaleno, delle strepitose albe e degi infuocati tramonti, Terra murata, la collina che dall\u2019alto dei suoi novanta metri d\u00e0 anche il nome al suo borgo pi\u00f9 antico dove si ergono il Castello d\u2019Avalos e l\u2019abbazia di San Michele, Chiaiolella con il suo porto turistico e la sua bellissima spiaggia, Sent&#8217;c\u00f2 con il porto commerciale di Marina Grande, e poi le contrade che prendono il nome da chiese bellissime testimonianza della devozione popolare, del del legame profondo con la fede: San Leonardo come la chiesa eretta sulla cappella cinquecentesca, Santissima Annunziata (o Madonna della Libera), e la seicentesca Sant&#8217;Antonio. Infine le contrade Sant&#8217;Antuono e Sammarezio, la terrazza di Procida, una suggestiva piazzetta dominata dal santuario di Santa Maria delle Grazie. (Procida nelle foto di Mariarosaria Costagliola, collaboratrice di Procida &#8211; la community che condivide l&#8217;isola!\u00a0 pagina fondata e curata da Francesco Lubrano e Giuseppe D&#8217;Elia)<\/p>\n\n\n\n<ul class=\"wp-block-gallery columns-4 is-cropped\"><li class=\"blocks-gallery-item\"><figure><img loading=\"lazy\" width=\"1024\" height=\"685\" src=\"https:\/\/arteeluoghi.it\/wp-content\/uploads\/2021\/02\/DSC_0147-1024x685.jpg\" alt=\"\" data-id=\"9699\" data-link=\"https:\/\/arteeluoghi.it\/?attachment_id=9699\" class=\"wp-image-9699\" srcset=\"https:\/\/arteeluoghi.it\/wp-content\/uploads\/2021\/02\/DSC_0147-1024x685.jpg 1024w, https:\/\/arteeluoghi.it\/wp-content\/uploads\/2021\/02\/DSC_0147-300x201.jpg 300w, https:\/\/arteeluoghi.it\/wp-content\/uploads\/2021\/02\/DSC_0147-768x514.jpg 768w\" sizes=\"(max-width: 1024px) 100vw, 1024px\" \/><\/figure><\/li><li class=\"blocks-gallery-item\"><figure><img src=\"blob:https:\/\/arteeluoghi.it\/abaf92c6-b784-45ed-bfc8-cd711c0d6d32\"\/><\/figure><\/li><li class=\"blocks-gallery-item\"><figure><img src=\"blob:https:\/\/arteeluoghi.it\/aff09161-90e2-4631-8163-f853245d9dcb\"\/><\/figure><\/li><li class=\"blocks-gallery-item\"><figure><img src=\"blob:https:\/\/arteeluoghi.it\/1604340b-bc77-48eb-a58f-293cb94f8b9b\"\/><\/figure><\/li><li class=\"blocks-gallery-item\"><figure><img src=\"blob:https:\/\/arteeluoghi.it\/6e31f2a5-1bcb-4470-b59f-44ad209e89e8\"\/><\/figure><\/li><\/ul>\n\n\n\n<p><br> Dal 18 gennaio, data della proclamazione, Procida \u00e8 balzata al primo posto di una lista che vedeva altrettante meravigliose realt\u00e0 del  Belpaese: Ancona, Bari, Cerveteri (Roma), L\u2019Aquila, Pieve di Soligo \/treviso), Taranto e la Grec\u00eca Salentina, Trapani, Verbania, Volterra (Pisa). Nella diretta in streaming sul canale Youtube del MiBACT il ministro Franceschini ha cos\u00ec motivato la scelta:<br> \u00abIl progetto culturale presenta elementi di attrattivit\u00e0 e qualit\u00e0 di livello eccellente. Il contesto di sostegni locali e regionali pubblici e privati \u00e8 ben strutturato, la dimensione patrimoniale e paesaggistica del luogo \u00e8 straordinaria, la dimensione laboratoriale, che comprende aspetti sociali e di diffusione tecnologica \u00e8 dedicata alle isole tirreniche, ma \u00e8 rilevante per tutte le realt\u00e0 delle piccole isole mediterranee. Il progetto potrebbe determinare, grazie alla combinazione di questi fattori, un&#8217;autentica discontinuit\u00e0 nel territorio e rappresentare un modello per i processi sostenibili di sviluppo a base culturale delle realt\u00e0 isolane e costiere del paese. Il progetto \u00e8 inoltre capace di trasmettere un messaggio poetico, una visione della cultura, che dalla piccola realt\u00e0\u00a0 dell&#8217;isola si estende come un augurio per tutti noi, al paese, nei mesi che ci attendono. La capitale italiana della cultura 2022 \u00e8 Procida.\u00bb<br> E gi\u00e0 si stanno attivando sinergie e misure per attuare 44 progetti culturali che si tradurranno in 330 giorni di programmazione con la partecipazione di 240 artisti, 40 opere originali e 8 spazi rigenerati. E al centro Procida, la comunit\u00e0 che si estende oltre l\u2019isola. La cultura non isola, lo slogan scelto dall\u2019efficace comunicazione come estrema sintesi del dossier presentato per la candidatura \u00e8 pi\u00f9 di uno slogan. \u00e8 un progetto culturale e messaggio di speranza per ripartire tutti dopo la pandemia. Una pandemia terribile che a distanza di un anno ci costringe all\u2019isolamento, alla distanza mentre la cultura \u00e8 vicinanza e condivisione.<br> Ecco quale sar\u00e0 la sfida nel 2022 che si presta ad affrontare Procida neo eletta capitale italiana della cultura. E non solo. Procida, nonostante il suo essere \u201cisola\u201d sar\u00e0 un punto di collegamento che proprio attraverso il mare che lambisce le sue coste unir\u00e0 territori e persone. Sar\u00e0 come ritrovarsi dopo tanto tempo.  <\/p>\n\n\n\n<figure class=\"wp-block-embed-issuu wp-block-embed is-type-rich is-provider-issuu\"><div class=\"wp-block-embed__wrapper\">\n<div data-url=\"https:\/\/issuu.com\/arteeluoghi\/docs\/arteeluoghi_febbraio2021okkis\" style=\"width: 800px; height: 514px;\" class=\"issuuembed\"><\/div><script type=\"text\/javascript\" src=\"\/\/e.issuu.com\/embed.js\" async=\"true\"><\/script>\n<\/div><\/figure>\n\n\n\n<p>Il numero di Febbraio sfogliabile gratuitamente su issuu<\/p>\n","protected":false},"excerpt":{"rendered":"<p>Il MIbact premia la minore isola dell\u2019arcipelago campano: sar\u00e0 la Capitale italiana della Cultura 2022 Antonietta Fulvio La cultura non<\/p>\n","protected":false},"author":1,"featured_media":9695,"comment_status":"open","ping_status":"open","sticky":true,"template":"","format":"standard","meta":[],"categories":[40],"tags":[3151,627,3159,3161,3163,2373,3160,3164,160,3150],"yoast_head":"<!-- This site is optimized with the Yoast SEO plugin v18.0 - https:\/\/yoast.com\/wordpress\/plugins\/seo\/ -->\n<title>Procida, la Cultura non isola | Prima pagina | Arte e Luoghi<\/title>\n<meta name=\"description\" content=\"Il MIbact premia Procida la minore isola dell\u2019arcipelago campano: sar\u00e0 la Capitale italiana della Cultura 2022. Lo sloga vincente la Cultura non isola\" \/>\n<meta name=\"robots\" content=\"index, follow, max-snippet:-1, max-image-preview:large, max-video-preview:-1\" \/>\n<link rel=\"canonical\" href=\"https:\/\/arteeluoghi.it\/index.php\/2021\/02\/07\/procida\/\" \/>\n<meta property=\"og:locale\" content=\"it_IT\" \/>\n<meta property=\"og:type\" content=\"article\" \/>\n<meta property=\"og:title\" content=\"Procida, la Cultura non isola | Prima pagina | Arte e Luoghi\" \/>\n<meta property=\"og:description\" content=\"Il MIbact premia Procida la minore isola dell\u2019arcipelago campano: sar\u00e0 la Capitale italiana della Cultura 2022. Lo sloga vincente la Cultura non isola\" \/>\n<meta property=\"og:url\" content=\"https:\/\/arteeluoghi.it\/index.php\/2021\/02\/07\/procida\/\" \/>\n<meta property=\"og:site_name\" content=\"Arte e Luoghi\" \/>\n<meta property=\"article:publisher\" content=\"https:\/\/www.facebook.com\/ArteELuoghi\/\" \/>\n<meta property=\"article:published_time\" content=\"2021-02-07T20:17:12+00:00\" \/>\n<meta property=\"article:modified_time\" content=\"2021-02-12T20:30:48+00:00\" \/>\n<meta property=\"og:image\" content=\"https:\/\/arteeluoghi.it\/wp-content\/uploads\/2021\/02\/arteeluoghi_febbraio2021prima.jpg\" \/>\n\t<meta property=\"og:image:width\" content=\"628\" \/>\n\t<meta property=\"og:image:height\" content=\"807\" \/>\n\t<meta property=\"og:image:type\" content=\"image\/jpeg\" \/>\n<meta name=\"twitter:card\" content=\"summary\" \/>\n<meta name=\"twitter:creator\" content=\"@arteeluoghi\" \/>\n<meta name=\"twitter:site\" content=\"@arteeluoghi\" \/>\n<meta name=\"twitter:label1\" content=\"Scritto da\" \/>\n\t<meta name=\"twitter:data1\" content=\"Staff\" \/>\n\t<meta name=\"twitter:label2\" content=\"Tempo di lettura stimato\" \/>\n\t<meta name=\"twitter:data2\" content=\"6 minuti\" \/>\n<script type=\"application\/ld+json\" class=\"yoast-schema-graph\">{\"@context\":\"https:\/\/schema.org\",\"@graph\":[{\"@type\":\"Organization\",\"@id\":\"https:\/\/arteeluoghi.it\/#organization\",\"name\":\"Arte e Luoghi\",\"url\":\"https:\/\/arteeluoghi.it\/\",\"sameAs\":[\"https:\/\/www.facebook.com\/ArteELuoghi\/\",\"https:\/\/www.instagram.com\/arteeluoghi\/?hl=it\",\"https:\/\/www.youtube.com\/channel\/UCuRVc4JW4-C5sg9rQB-srkw?view_as=subscriber\",\"https:\/\/twitter.com\/arteeluoghi\"],\"logo\":{\"@type\":\"ImageObject\",\"@id\":\"https:\/\/arteeluoghi.it\/#logo\",\"inLanguage\":\"it-IT\",\"url\":\"https:\/\/arteeluoghi.it\/wp-content\/uploads\/2018\/08\/logoinstagramarte.jpg\",\"contentUrl\":\"https:\/\/arteeluoghi.it\/wp-content\/uploads\/2018\/08\/logoinstagramarte.jpg\",\"width\":150,\"height\":150,\"caption\":\"Arte e Luoghi\"},\"image\":{\"@id\":\"https:\/\/arteeluoghi.it\/#logo\"}},{\"@type\":\"WebSite\",\"@id\":\"https:\/\/arteeluoghi.it\/#website\",\"url\":\"https:\/\/arteeluoghi.it\/\",\"name\":\"Arte e Luoghi\",\"description\":\"Mensile di arte, cultura, turismo e curiosit\u00e0\",\"publisher\":{\"@id\":\"https:\/\/arteeluoghi.it\/#organization\"},\"potentialAction\":[{\"@type\":\"SearchAction\",\"target\":{\"@type\":\"EntryPoint\",\"urlTemplate\":\"https:\/\/arteeluoghi.it\/?s={search_term_string}\"},\"query-input\":\"required name=search_term_string\"}],\"inLanguage\":\"it-IT\"},{\"@type\":\"ImageObject\",\"@id\":\"https:\/\/arteeluoghi.it\/index.php\/2021\/02\/07\/procida\/#primaryimage\",\"inLanguage\":\"it-IT\",\"url\":\"https:\/\/arteeluoghi.it\/wp-content\/uploads\/2021\/02\/arteeluoghi_febbraio2021prima.jpg\",\"contentUrl\":\"https:\/\/arteeluoghi.it\/wp-content\/uploads\/2021\/02\/arteeluoghi_febbraio2021prima.jpg\",\"width\":628,\"height\":807},{\"@type\":\"WebPage\",\"@id\":\"https:\/\/arteeluoghi.it\/index.php\/2021\/02\/07\/procida\/#webpage\",\"url\":\"https:\/\/arteeluoghi.it\/index.php\/2021\/02\/07\/procida\/\",\"name\":\"Procida, la Cultura non isola | Prima pagina | Arte e Luoghi\",\"isPartOf\":{\"@id\":\"https:\/\/arteeluoghi.it\/#website\"},\"primaryImageOfPage\":{\"@id\":\"https:\/\/arteeluoghi.it\/index.php\/2021\/02\/07\/procida\/#primaryimage\"},\"datePublished\":\"2021-02-07T20:17:12+00:00\",\"dateModified\":\"2021-02-12T20:30:48+00:00\",\"description\":\"Il MIbact premia Procida la minore isola dell\u2019arcipelago campano: sar\u00e0 la Capitale italiana della Cultura 2022. Lo sloga vincente la Cultura non isola\",\"breadcrumb\":{\"@id\":\"https:\/\/arteeluoghi.it\/index.php\/2021\/02\/07\/procida\/#breadcrumb\"},\"inLanguage\":\"it-IT\",\"potentialAction\":[{\"@type\":\"ReadAction\",\"target\":[\"https:\/\/arteeluoghi.it\/index.php\/2021\/02\/07\/procida\/\"]}]},{\"@type\":\"BreadcrumbList\",\"@id\":\"https:\/\/arteeluoghi.it\/index.php\/2021\/02\/07\/procida\/#breadcrumb\",\"itemListElement\":[{\"@type\":\"ListItem\",\"position\":1,\"name\":\"Home\",\"item\":\"https:\/\/arteeluoghi.it\/\"},{\"@type\":\"ListItem\",\"position\":2,\"name\":\"Procida, la Cultura non isola\"}]},{\"@type\":\"Article\",\"@id\":\"https:\/\/arteeluoghi.it\/index.php\/2021\/02\/07\/procida\/#article\",\"isPartOf\":{\"@id\":\"https:\/\/arteeluoghi.it\/index.php\/2021\/02\/07\/procida\/#webpage\"},\"author\":{\"@id\":\"https:\/\/arteeluoghi.it\/#\/schema\/person\/f84e814e36e91e01448ee07eaadd41d4\"},\"headline\":\"Procida, la Cultura non isola\",\"datePublished\":\"2021-02-07T20:17:12+00:00\",\"dateModified\":\"2021-02-12T20:30:48+00:00\",\"mainEntityOfPage\":{\"@id\":\"https:\/\/arteeluoghi.it\/index.php\/2021\/02\/07\/procida\/#webpage\"},\"wordCount\":1251,\"commentCount\":0,\"publisher\":{\"@id\":\"https:\/\/arteeluoghi.it\/#organization\"},\"image\":{\"@id\":\"https:\/\/arteeluoghi.it\/index.php\/2021\/02\/07\/procida\/#primaryimage\"},\"thumbnailUrl\":\"https:\/\/arteeluoghi.it\/wp-content\/uploads\/2021\/02\/arteeluoghi_febbraio2021prima.jpg\",\"keywords\":[\"capitale italiana della Cultura 2022\",\"cultura\",\"Elsa Morante\",\"Il postino\",\"la cultura non isola\",\"Mar Tirreno\",\"Massimo Troisi\",\"Mibact\",\"Napoli\",\"Procida\"],\"articleSection\":[\"primapagina\"],\"inLanguage\":\"it-IT\",\"potentialAction\":[{\"@type\":\"CommentAction\",\"name\":\"Comment\",\"target\":[\"https:\/\/arteeluoghi.it\/index.php\/2021\/02\/07\/procida\/#respond\"]}]},{\"@type\":\"Person\",\"@id\":\"https:\/\/arteeluoghi.it\/#\/schema\/person\/f84e814e36e91e01448ee07eaadd41d4\",\"name\":\"Staff\",\"image\":{\"@type\":\"ImageObject\",\"@id\":\"https:\/\/arteeluoghi.it\/#personlogo\",\"inLanguage\":\"it-IT\",\"url\":\"https:\/\/secure.gravatar.com\/avatar\/49d2f9e46271bb04e19cebfaf141313a?s=96&d=blank&r=g\",\"contentUrl\":\"https:\/\/secure.gravatar.com\/avatar\/49d2f9e46271bb04e19cebfaf141313a?s=96&d=blank&r=g\",\"caption\":\"Staff\"}}]}<\/script>\n<!-- \/ Yoast SEO plugin. -->","yoast_head_json":{"title":"Procida, la Cultura non isola | Prima pagina | Arte e Luoghi","description":"Il MIbact premia Procida la minore isola dell\u2019arcipelago campano: sar\u00e0 la Capitale italiana della Cultura 2022. Lo sloga vincente la Cultura non isola","robots":{"index":"index","follow":"follow","max-snippet":"max-snippet:-1","max-image-preview":"max-image-preview:large","max-video-preview":"max-video-preview:-1"},"canonical":"https:\/\/arteeluoghi.it\/index.php\/2021\/02\/07\/procida\/","og_locale":"it_IT","og_type":"article","og_title":"Procida, la Cultura non isola | Prima pagina | Arte e Luoghi","og_description":"Il MIbact premia Procida la minore isola dell\u2019arcipelago campano: sar\u00e0 la Capitale italiana della Cultura 2022. Lo sloga vincente la Cultura non isola","og_url":"https:\/\/arteeluoghi.it\/index.php\/2021\/02\/07\/procida\/","og_site_name":"Arte e Luoghi","article_publisher":"https:\/\/www.facebook.com\/ArteELuoghi\/","article_published_time":"2021-02-07T20:17:12+00:00","article_modified_time":"2021-02-12T20:30:48+00:00","og_image":[{"width":628,"height":807,"url":"https:\/\/arteeluoghi.it\/wp-content\/uploads\/2021\/02\/arteeluoghi_febbraio2021prima.jpg","type":"image\/jpeg"}],"twitter_card":"summary","twitter_creator":"@arteeluoghi","twitter_site":"@arteeluoghi","twitter_misc":{"Scritto da":"Staff","Tempo di lettura stimato":"6 minuti"},"schema":{"@context":"https:\/\/schema.org","@graph":[{"@type":"Organization","@id":"https:\/\/arteeluoghi.it\/#organization","name":"Arte e Luoghi","url":"https:\/\/arteeluoghi.it\/","sameAs":["https:\/\/www.facebook.com\/ArteELuoghi\/","https:\/\/www.instagram.com\/arteeluoghi\/?hl=it","https:\/\/www.youtube.com\/channel\/UCuRVc4JW4-C5sg9rQB-srkw?view_as=subscriber","https:\/\/twitter.com\/arteeluoghi"],"logo":{"@type":"ImageObject","@id":"https:\/\/arteeluoghi.it\/#logo","inLanguage":"it-IT","url":"https:\/\/arteeluoghi.it\/wp-content\/uploads\/2018\/08\/logoinstagramarte.jpg","contentUrl":"https:\/\/arteeluoghi.it\/wp-content\/uploads\/2018\/08\/logoinstagramarte.jpg","width":150,"height":150,"caption":"Arte e Luoghi"},"image":{"@id":"https:\/\/arteeluoghi.it\/#logo"}},{"@type":"WebSite","@id":"https:\/\/arteeluoghi.it\/#website","url":"https:\/\/arteeluoghi.it\/","name":"Arte e Luoghi","description":"Mensile di arte, cultura, turismo e curiosit\u00e0","publisher":{"@id":"https:\/\/arteeluoghi.it\/#organization"},"potentialAction":[{"@type":"SearchAction","target":{"@type":"EntryPoint","urlTemplate":"https:\/\/arteeluoghi.it\/?s={search_term_string}"},"query-input":"required name=search_term_string"}],"inLanguage":"it-IT"},{"@type":"ImageObject","@id":"https:\/\/arteeluoghi.it\/index.php\/2021\/02\/07\/procida\/#primaryimage","inLanguage":"it-IT","url":"https:\/\/arteeluoghi.it\/wp-content\/uploads\/2021\/02\/arteeluoghi_febbraio2021prima.jpg","contentUrl":"https:\/\/arteeluoghi.it\/wp-content\/uploads\/2021\/02\/arteeluoghi_febbraio2021prima.jpg","width":628,"height":807},{"@type":"WebPage","@id":"https:\/\/arteeluoghi.it\/index.php\/2021\/02\/07\/procida\/#webpage","url":"https:\/\/arteeluoghi.it\/index.php\/2021\/02\/07\/procida\/","name":"Procida, la Cultura non isola | Prima pagina | Arte e Luoghi","isPartOf":{"@id":"https:\/\/arteeluoghi.it\/#website"},"primaryImageOfPage":{"@id":"https:\/\/arteeluoghi.it\/index.php\/2021\/02\/07\/procida\/#primaryimage"},"datePublished":"2021-02-07T20:17:12+00:00","dateModified":"2021-02-12T20:30:48+00:00","description":"Il MIbact premia Procida la minore isola dell\u2019arcipelago campano: sar\u00e0 la Capitale italiana della Cultura 2022. Lo sloga vincente la Cultura non isola","breadcrumb":{"@id":"https:\/\/arteeluoghi.it\/index.php\/2021\/02\/07\/procida\/#breadcrumb"},"inLanguage":"it-IT","potentialAction":[{"@type":"ReadAction","target":["https:\/\/arteeluoghi.it\/index.php\/2021\/02\/07\/procida\/"]}]},{"@type":"BreadcrumbList","@id":"https:\/\/arteeluoghi.it\/index.php\/2021\/02\/07\/procida\/#breadcrumb","itemListElement":[{"@type":"ListItem","position":1,"name":"Home","item":"https:\/\/arteeluoghi.it\/"},{"@type":"ListItem","position":2,"name":"Procida, la Cultura non isola"}]},{"@type":"Article","@id":"https:\/\/arteeluoghi.it\/index.php\/2021\/02\/07\/procida\/#article","isPartOf":{"@id":"https:\/\/arteeluoghi.it\/index.php\/2021\/02\/07\/procida\/#webpage"},"author":{"@id":"https:\/\/arteeluoghi.it\/#\/schema\/person\/f84e814e36e91e01448ee07eaadd41d4"},"headline":"Procida, la Cultura non isola","datePublished":"2021-02-07T20:17:12+00:00","dateModified":"2021-02-12T20:30:48+00:00","mainEntityOfPage":{"@id":"https:\/\/arteeluoghi.it\/index.php\/2021\/02\/07\/procida\/#webpage"},"wordCount":1251,"commentCount":0,"publisher":{"@id":"https:\/\/arteeluoghi.it\/#organization"},"image":{"@id":"https:\/\/arteeluoghi.it\/index.php\/2021\/02\/07\/procida\/#primaryimage"},"thumbnailUrl":"https:\/\/arteeluoghi.it\/wp-content\/uploads\/2021\/02\/arteeluoghi_febbraio2021prima.jpg","keywords":["capitale italiana della Cultura 2022","cultura","Elsa Morante","Il postino","la cultura non isola","Mar Tirreno","Massimo Troisi","Mibact","Napoli","Procida"],"articleSection":["primapagina"],"inLanguage":"it-IT","potentialAction":[{"@type":"CommentAction","name":"Comment","target":["https:\/\/arteeluoghi.it\/index.php\/2021\/02\/07\/procida\/#respond"]}]},{"@type":"Person","@id":"https:\/\/arteeluoghi.it\/#\/schema\/person\/f84e814e36e91e01448ee07eaadd41d4","name":"Staff","image":{"@type":"ImageObject","@id":"https:\/\/arteeluoghi.it\/#personlogo","inLanguage":"it-IT","url":"https:\/\/secure.gravatar.com\/avatar\/49d2f9e46271bb04e19cebfaf141313a?s=96&d=blank&r=g","contentUrl":"https:\/\/secure.gravatar.com\/avatar\/49d2f9e46271bb04e19cebfaf141313a?s=96&d=blank&r=g","caption":"Staff"}}]}},"_links":{"self":[{"href":"https:\/\/arteeluoghi.it\/index.php\/wp-json\/wp\/v2\/posts\/9697"}],"collection":[{"href":"https:\/\/arteeluoghi.it\/index.php\/wp-json\/wp\/v2\/posts"}],"about":[{"href":"https:\/\/arteeluoghi.it\/index.php\/wp-json\/wp\/v2\/types\/post"}],"author":[{"embeddable":true,"href":"https:\/\/arteeluoghi.it\/index.php\/wp-json\/wp\/v2\/users\/1"}],"replies":[{"embeddable":true,"href":"https:\/\/arteeluoghi.it\/index.php\/wp-json\/wp\/v2\/comments?post=9697"}],"version-history":[{"count":3,"href":"https:\/\/arteeluoghi.it\/index.php\/wp-json\/wp\/v2\/posts\/9697\/revisions"}],"predecessor-version":[{"id":9702,"href":"https:\/\/arteeluoghi.it\/index.php\/wp-json\/wp\/v2\/posts\/9697\/revisions\/9702"}],"wp:featuredmedia":[{"embeddable":true,"href":"https:\/\/arteeluoghi.it\/index.php\/wp-json\/wp\/v2\/media\/9695"}],"wp:attachment":[{"href":"https:\/\/arteeluoghi.it\/index.php\/wp-json\/wp\/v2\/media?parent=9697"}],"wp:term":[{"taxonomy":"category","embeddable":true,"href":"https:\/\/arteeluoghi.it\/index.php\/wp-json\/wp\/v2\/categories?post=9697"},{"taxonomy":"post_tag","embeddable":true,"href":"https:\/\/arteeluoghi.it\/index.php\/wp-json\/wp\/v2\/tags?post=9697"}],"curies":[{"name":"wp","href":"https:\/\/api.w.org\/{rel}","templated":true}]}}