{"id":9708,"date":"2021-02-07T21:59:47","date_gmt":"2021-02-07T20:59:47","guid":{"rendered":"https:\/\/arteeluoghi.it\/?p=9708"},"modified":"2021-02-12T22:05:36","modified_gmt":"2021-02-12T21:05:36","slug":"antonio-malecore-e-larte-della-cartapesta","status":"publish","type":"post","link":"https:\/\/arteeluoghi.it\/index.php\/2021\/02\/07\/antonio-malecore-e-larte-della-cartapesta\/","title":{"rendered":"Antonio malecore E l&#8217;arte della cartapesta"},"content":{"rendered":"\n<blockquote class=\"wp-block-quote\"><p>Esattamente otto anni dopo la scomparsa del fratello Ugo, ci ha lasciati il maestro Antonio Malecore, formatosi nella bottega dello zio Giuseppe che aveva avviato l\u2019attivit\u00e0 nel 1898<\/p><cite>Raffaele Polo<\/cite><\/blockquote>\n\n\n\n<p>Ci sono tanti modi per essere &#8216;salentini&#8217;. Indipendentemente da quello che si produce o che si sente per la propria terra, ecco che restano alcuni attimi, qualche traccia che, a volte, pu\u00f2 essere indelebile e passare indenne attraverso il tempo e la memoria di tante, tantissime persone. E il bello \u00e8 che queste persone giudicano e si meravigliano; ma non conoscono l&#8217;autore di ci\u00f2 che li sta facendo profondere in apprezzamenti positivi. \u00c9 cos\u00ec, sempre pi\u00f9 spesso, nella nostra Terra modesta e povera\u2026 dove non solo la cucina \u00e8 povera ma anche l&#8217;arte \u00e8 povera,  perch\u00e8 noi, in sostanza, siamo sempre stati &#8216;poveri&#8217; nei confronti di chi, al contrario, ha sempre avuto e gestito tutto.<\/p>\n\n\n\n<!--more-->\n\n\n\n<p><br> Poveri, ma ricchi, ricchissimi d&#8217;ingegno e di capacit\u00e0. E cos\u00ec le nostre cose pi\u00f9 belle sono &#8216;povere&#8217;: tra tutte, la cartapesta\u2026 Inventata e prodotta proprio per supplire ai costi sempre pi\u00f9 proibitivi di chi doveva arredare una chiesa oppure un &#8216;luogo santo&#8217; come poteva essere anche il semplice &#8216;cassettone&#8217; della stanza da letto.  Ed \u00e8 l\u00ec che il genio &#8216;povero&#8217; dei nostri salentini d&#8217;un tempo, si immortalava. E creava le splendide composizioni religiose, le Madonne, i santi, i Bambini\u2026 Ogni pezzo in cartapesta, ma tutto ricco di quella ispirazione artistica e interiore che ne faceva originali unici e irriproducibili.<br> Antonio Malecore era l&#8217;ultimo rappresentante di quei &#8216;Malecore&#8217; leccesi che erano la cartapesta pi\u00f9 ricercata e famosa: attraverso varie generazioni di cartapestai, erano riusciti a nobilitare definitivamente questa forma d&#8217;arte, rendendo il proprio marchio il non plus ultra della produzione salentina.<br> In sostanza, tra i tanti capaci e bravi cartapestai del nostro mondo artistico-artigianale, Malecore aveva scelto uno stile personale, fatto di sfumature e panneggi, un modo tutto &#8216;leccese&#8217; di raffinata semplicit\u00e0, dove il &#8216;barocco&#8217; viene in subordine rispetto a quella trascendenza cristiana che ha finito per divenire il simbolo, la garanzia dei prodotti della bottega Malecore.<br> Adesso che, sfiorato il secolo di vita, anche Antonio se n&#8217;\u00e8 andato, ci accorgiamo di quale sia stata l&#8217;importanza della presenza di questi meravigliosi artigiani , nel percorso culturale della nostra citt\u00e0.<br> Cartapesta se ne fa ancora, certo. E con valenti artisti che si cimentano con le antiche, commuoventi tecniche fatte con elementi poveri (ci risiamo\u2026) ma di imperituro fascino.<br> E, pi\u00f9 che in altre produzioni, nei manufatti della bottega Malecore si connotano e restano quei segni armonici che ne hanno fatto dei veri Maestri di questa Arte.<br> Adesso\u2026  <br> Adesso Antonio ha raggiunto suo fratello, i suoi predecessori. E ci piace immaginare che siano tutti L\u00e0, in alto. A produrre le inimitabili Madonne, i commuoventi Bambini, i pi\u00f9 bei Presepi della nostra Terra\u2026<\/p>\n\n\n\n<figure class=\"wp-block-embed-issuu wp-block-embed is-type-rich is-provider-issuu\"><div class=\"wp-block-embed__wrapper\">\n<div data-url=\"https:\/\/issuu.com\/arteeluoghi\/docs\/arteeluoghi_febbraio2021okkis\/14\" style=\"width: 800px; height: 514px;\" class=\"issuuembed\"><\/div><script type=\"text\/javascript\" src=\"\/\/e.issuu.com\/embed.js\" async=\"true\"><\/script>\n<\/div><figcaption>L&#8217;articolo a pag. 14 della rivista scaricabile gratuitamente dal nostro sito<\/figcaption><\/figure>\n\n\n\n<p><\/p>\n","protected":false},"excerpt":{"rendered":"<p>Esattamente otto anni dopo la scomparsa del fratello Ugo, ci ha lasciati il maestro Antonio Malecore, formatosi nella bottega dello<\/p>\n","protected":false},"author":1,"featured_media":9709,"comment_status":"open","ping_status":"open","sticky":true,"template":"","format":"standard","meta":[],"categories":[27,43],"tags":[3167,3166,3168,134,3165,1377,1118],"yoast_head":"<!-- This site is optimized with the Yoast SEO plugin v18.0 - https:\/\/yoast.com\/wordpress\/plugins\/seo\/ -->\n<title>Antonio malecore E l&#039;arte della cartapesta | Arte e Luoghi<\/title>\n<meta name=\"robots\" content=\"index, follow, max-snippet:-1, max-image-preview:large, max-video-preview:-1\" \/>\n<link rel=\"canonical\" href=\"https:\/\/arteeluoghi.it\/index.php\/2021\/02\/07\/antonio-malecore-e-larte-della-cartapesta\/\" \/>\n<meta property=\"og:locale\" content=\"it_IT\" \/>\n<meta property=\"og:type\" content=\"article\" \/>\n<meta property=\"og:title\" content=\"Antonio malecore E l&#039;arte della cartapesta | Arte e Luoghi\" \/>\n<meta property=\"og:description\" content=\"Esattamente otto anni dopo la scomparsa del fratello Ugo, ci ha lasciati il maestro Antonio Malecore, formatosi nella bottega dello\" \/>\n<meta property=\"og:url\" content=\"https:\/\/arteeluoghi.it\/index.php\/2021\/02\/07\/antonio-malecore-e-larte-della-cartapesta\/\" \/>\n<meta property=\"og:site_name\" content=\"Arte e Luoghi\" \/>\n<meta property=\"article:publisher\" content=\"https:\/\/www.facebook.com\/ArteELuoghi\/\" \/>\n<meta property=\"article:published_time\" content=\"2021-02-07T20:59:47+00:00\" \/>\n<meta property=\"article:modified_time\" content=\"2021-02-12T21:05:36+00:00\" \/>\n<meta property=\"og:image\" content=\"https:\/\/arteeluoghi.it\/wp-content\/uploads\/2021\/02\/malecore.jpg\" \/>\n\t<meta property=\"og:image:width\" content=\"592\" \/>\n\t<meta property=\"og:image:height\" content=\"311\" \/>\n\t<meta property=\"og:image:type\" content=\"image\/jpeg\" \/>\n<meta name=\"twitter:card\" content=\"summary\" \/>\n<meta name=\"twitter:creator\" content=\"@arteeluoghi\" \/>\n<meta name=\"twitter:site\" content=\"@arteeluoghi\" \/>\n<meta name=\"twitter:label1\" content=\"Scritto da\" \/>\n\t<meta name=\"twitter:data1\" content=\"Staff\" \/>\n\t<meta name=\"twitter:label2\" content=\"Tempo di lettura stimato\" \/>\n\t<meta name=\"twitter:data2\" content=\"2 minuti\" \/>\n<script type=\"application\/ld+json\" class=\"yoast-schema-graph\">{\"@context\":\"https:\/\/schema.org\",\"@graph\":[{\"@type\":\"Organization\",\"@id\":\"https:\/\/arteeluoghi.it\/#organization\",\"name\":\"Arte e Luoghi\",\"url\":\"https:\/\/arteeluoghi.it\/\",\"sameAs\":[\"https:\/\/www.facebook.com\/ArteELuoghi\/\",\"https:\/\/www.instagram.com\/arteeluoghi\/?hl=it\",\"https:\/\/www.youtube.com\/channel\/UCuRVc4JW4-C5sg9rQB-srkw?view_as=subscriber\",\"https:\/\/twitter.com\/arteeluoghi\"],\"logo\":{\"@type\":\"ImageObject\",\"@id\":\"https:\/\/arteeluoghi.it\/#logo\",\"inLanguage\":\"it-IT\",\"url\":\"https:\/\/arteeluoghi.it\/wp-content\/uploads\/2018\/08\/logoinstagramarte.jpg\",\"contentUrl\":\"https:\/\/arteeluoghi.it\/wp-content\/uploads\/2018\/08\/logoinstagramarte.jpg\",\"width\":150,\"height\":150,\"caption\":\"Arte e Luoghi\"},\"image\":{\"@id\":\"https:\/\/arteeluoghi.it\/#logo\"}},{\"@type\":\"WebSite\",\"@id\":\"https:\/\/arteeluoghi.it\/#website\",\"url\":\"https:\/\/arteeluoghi.it\/\",\"name\":\"Arte e Luoghi\",\"description\":\"Mensile di arte, cultura, turismo e curiosit\u00e0\",\"publisher\":{\"@id\":\"https:\/\/arteeluoghi.it\/#organization\"},\"potentialAction\":[{\"@type\":\"SearchAction\",\"target\":{\"@type\":\"EntryPoint\",\"urlTemplate\":\"https:\/\/arteeluoghi.it\/?s={search_term_string}\"},\"query-input\":\"required name=search_term_string\"}],\"inLanguage\":\"it-IT\"},{\"@type\":\"ImageObject\",\"@id\":\"https:\/\/arteeluoghi.it\/index.php\/2021\/02\/07\/antonio-malecore-e-larte-della-cartapesta\/#primaryimage\",\"inLanguage\":\"it-IT\",\"url\":\"https:\/\/arteeluoghi.it\/wp-content\/uploads\/2021\/02\/malecore.jpg\",\"contentUrl\":\"https:\/\/arteeluoghi.it\/wp-content\/uploads\/2021\/02\/malecore.jpg\",\"width\":592,\"height\":311},{\"@type\":\"WebPage\",\"@id\":\"https:\/\/arteeluoghi.it\/index.php\/2021\/02\/07\/antonio-malecore-e-larte-della-cartapesta\/#webpage\",\"url\":\"https:\/\/arteeluoghi.it\/index.php\/2021\/02\/07\/antonio-malecore-e-larte-della-cartapesta\/\",\"name\":\"Antonio malecore E l'arte della cartapesta | Arte e Luoghi\",\"isPartOf\":{\"@id\":\"https:\/\/arteeluoghi.it\/#website\"},\"primaryImageOfPage\":{\"@id\":\"https:\/\/arteeluoghi.it\/index.php\/2021\/02\/07\/antonio-malecore-e-larte-della-cartapesta\/#primaryimage\"},\"datePublished\":\"2021-02-07T20:59:47+00:00\",\"dateModified\":\"2021-02-12T21:05:36+00:00\",\"breadcrumb\":{\"@id\":\"https:\/\/arteeluoghi.it\/index.php\/2021\/02\/07\/antonio-malecore-e-larte-della-cartapesta\/#breadcrumb\"},\"inLanguage\":\"it-IT\",\"potentialAction\":[{\"@type\":\"ReadAction\",\"target\":[\"https:\/\/arteeluoghi.it\/index.php\/2021\/02\/07\/antonio-malecore-e-larte-della-cartapesta\/\"]}]},{\"@type\":\"BreadcrumbList\",\"@id\":\"https:\/\/arteeluoghi.it\/index.php\/2021\/02\/07\/antonio-malecore-e-larte-della-cartapesta\/#breadcrumb\",\"itemListElement\":[{\"@type\":\"ListItem\",\"position\":1,\"name\":\"Home\",\"item\":\"https:\/\/arteeluoghi.it\/\"},{\"@type\":\"ListItem\",\"position\":2,\"name\":\"Antonio malecore E l&#8217;arte della cartapesta\"}]},{\"@type\":\"Article\",\"@id\":\"https:\/\/arteeluoghi.it\/index.php\/2021\/02\/07\/antonio-malecore-e-larte-della-cartapesta\/#article\",\"isPartOf\":{\"@id\":\"https:\/\/arteeluoghi.it\/index.php\/2021\/02\/07\/antonio-malecore-e-larte-della-cartapesta\/#webpage\"},\"author\":{\"@id\":\"https:\/\/arteeluoghi.it\/#\/schema\/person\/f84e814e36e91e01448ee07eaadd41d4\"},\"headline\":\"Antonio malecore E l&#8217;arte della cartapesta\",\"datePublished\":\"2021-02-07T20:59:47+00:00\",\"dateModified\":\"2021-02-12T21:05:36+00:00\",\"mainEntityOfPage\":{\"@id\":\"https:\/\/arteeluoghi.it\/index.php\/2021\/02\/07\/antonio-malecore-e-larte-della-cartapesta\/#webpage\"},\"wordCount\":482,\"commentCount\":0,\"publisher\":{\"@id\":\"https:\/\/arteeluoghi.it\/#organization\"},\"image\":{\"@id\":\"https:\/\/arteeluoghi.it\/index.php\/2021\/02\/07\/antonio-malecore-e-larte-della-cartapesta\/#primaryimage\"},\"thumbnailUrl\":\"https:\/\/arteeluoghi.it\/wp-content\/uploads\/2021\/02\/malecore.jpg\",\"keywords\":[\"Antonio Malecore\",\"cartapesta\",\"Giuseppe Malecore\",\"Lecce\",\"Malecore\",\"Raffaele Polo\",\"Ugo Malecore\"],\"articleSection\":[\"Arte\",\"Storie. L'uomo e il territorio\"],\"inLanguage\":\"it-IT\",\"potentialAction\":[{\"@type\":\"CommentAction\",\"name\":\"Comment\",\"target\":[\"https:\/\/arteeluoghi.it\/index.php\/2021\/02\/07\/antonio-malecore-e-larte-della-cartapesta\/#respond\"]}]},{\"@type\":\"Person\",\"@id\":\"https:\/\/arteeluoghi.it\/#\/schema\/person\/f84e814e36e91e01448ee07eaadd41d4\",\"name\":\"Staff\",\"image\":{\"@type\":\"ImageObject\",\"@id\":\"https:\/\/arteeluoghi.it\/#personlogo\",\"inLanguage\":\"it-IT\",\"url\":\"https:\/\/secure.gravatar.com\/avatar\/49d2f9e46271bb04e19cebfaf141313a?s=96&d=blank&r=g\",\"contentUrl\":\"https:\/\/secure.gravatar.com\/avatar\/49d2f9e46271bb04e19cebfaf141313a?s=96&d=blank&r=g\",\"caption\":\"Staff\"}}]}<\/script>\n<!-- \/ Yoast SEO plugin. -->","yoast_head_json":{"title":"Antonio malecore E l'arte della cartapesta | Arte e Luoghi","robots":{"index":"index","follow":"follow","max-snippet":"max-snippet:-1","max-image-preview":"max-image-preview:large","max-video-preview":"max-video-preview:-1"},"canonical":"https:\/\/arteeluoghi.it\/index.php\/2021\/02\/07\/antonio-malecore-e-larte-della-cartapesta\/","og_locale":"it_IT","og_type":"article","og_title":"Antonio malecore E l'arte della cartapesta | Arte e Luoghi","og_description":"Esattamente otto anni dopo la scomparsa del fratello Ugo, ci ha lasciati il maestro Antonio Malecore, formatosi nella bottega dello","og_url":"https:\/\/arteeluoghi.it\/index.php\/2021\/02\/07\/antonio-malecore-e-larte-della-cartapesta\/","og_site_name":"Arte e Luoghi","article_publisher":"https:\/\/www.facebook.com\/ArteELuoghi\/","article_published_time":"2021-02-07T20:59:47+00:00","article_modified_time":"2021-02-12T21:05:36+00:00","og_image":[{"width":592,"height":311,"url":"https:\/\/arteeluoghi.it\/wp-content\/uploads\/2021\/02\/malecore.jpg","type":"image\/jpeg"}],"twitter_card":"summary","twitter_creator":"@arteeluoghi","twitter_site":"@arteeluoghi","twitter_misc":{"Scritto da":"Staff","Tempo di lettura stimato":"2 minuti"},"schema":{"@context":"https:\/\/schema.org","@graph":[{"@type":"Organization","@id":"https:\/\/arteeluoghi.it\/#organization","name":"Arte e Luoghi","url":"https:\/\/arteeluoghi.it\/","sameAs":["https:\/\/www.facebook.com\/ArteELuoghi\/","https:\/\/www.instagram.com\/arteeluoghi\/?hl=it","https:\/\/www.youtube.com\/channel\/UCuRVc4JW4-C5sg9rQB-srkw?view_as=subscriber","https:\/\/twitter.com\/arteeluoghi"],"logo":{"@type":"ImageObject","@id":"https:\/\/arteeluoghi.it\/#logo","inLanguage":"it-IT","url":"https:\/\/arteeluoghi.it\/wp-content\/uploads\/2018\/08\/logoinstagramarte.jpg","contentUrl":"https:\/\/arteeluoghi.it\/wp-content\/uploads\/2018\/08\/logoinstagramarte.jpg","width":150,"height":150,"caption":"Arte e Luoghi"},"image":{"@id":"https:\/\/arteeluoghi.it\/#logo"}},{"@type":"WebSite","@id":"https:\/\/arteeluoghi.it\/#website","url":"https:\/\/arteeluoghi.it\/","name":"Arte e Luoghi","description":"Mensile di arte, cultura, turismo e curiosit\u00e0","publisher":{"@id":"https:\/\/arteeluoghi.it\/#organization"},"potentialAction":[{"@type":"SearchAction","target":{"@type":"EntryPoint","urlTemplate":"https:\/\/arteeluoghi.it\/?s={search_term_string}"},"query-input":"required name=search_term_string"}],"inLanguage":"it-IT"},{"@type":"ImageObject","@id":"https:\/\/arteeluoghi.it\/index.php\/2021\/02\/07\/antonio-malecore-e-larte-della-cartapesta\/#primaryimage","inLanguage":"it-IT","url":"https:\/\/arteeluoghi.it\/wp-content\/uploads\/2021\/02\/malecore.jpg","contentUrl":"https:\/\/arteeluoghi.it\/wp-content\/uploads\/2021\/02\/malecore.jpg","width":592,"height":311},{"@type":"WebPage","@id":"https:\/\/arteeluoghi.it\/index.php\/2021\/02\/07\/antonio-malecore-e-larte-della-cartapesta\/#webpage","url":"https:\/\/arteeluoghi.it\/index.php\/2021\/02\/07\/antonio-malecore-e-larte-della-cartapesta\/","name":"Antonio malecore E l'arte della cartapesta | Arte e Luoghi","isPartOf":{"@id":"https:\/\/arteeluoghi.it\/#website"},"primaryImageOfPage":{"@id":"https:\/\/arteeluoghi.it\/index.php\/2021\/02\/07\/antonio-malecore-e-larte-della-cartapesta\/#primaryimage"},"datePublished":"2021-02-07T20:59:47+00:00","dateModified":"2021-02-12T21:05:36+00:00","breadcrumb":{"@id":"https:\/\/arteeluoghi.it\/index.php\/2021\/02\/07\/antonio-malecore-e-larte-della-cartapesta\/#breadcrumb"},"inLanguage":"it-IT","potentialAction":[{"@type":"ReadAction","target":["https:\/\/arteeluoghi.it\/index.php\/2021\/02\/07\/antonio-malecore-e-larte-della-cartapesta\/"]}]},{"@type":"BreadcrumbList","@id":"https:\/\/arteeluoghi.it\/index.php\/2021\/02\/07\/antonio-malecore-e-larte-della-cartapesta\/#breadcrumb","itemListElement":[{"@type":"ListItem","position":1,"name":"Home","item":"https:\/\/arteeluoghi.it\/"},{"@type":"ListItem","position":2,"name":"Antonio malecore E l&#8217;arte della cartapesta"}]},{"@type":"Article","@id":"https:\/\/arteeluoghi.it\/index.php\/2021\/02\/07\/antonio-malecore-e-larte-della-cartapesta\/#article","isPartOf":{"@id":"https:\/\/arteeluoghi.it\/index.php\/2021\/02\/07\/antonio-malecore-e-larte-della-cartapesta\/#webpage"},"author":{"@id":"https:\/\/arteeluoghi.it\/#\/schema\/person\/f84e814e36e91e01448ee07eaadd41d4"},"headline":"Antonio malecore E l&#8217;arte della cartapesta","datePublished":"2021-02-07T20:59:47+00:00","dateModified":"2021-02-12T21:05:36+00:00","mainEntityOfPage":{"@id":"https:\/\/arteeluoghi.it\/index.php\/2021\/02\/07\/antonio-malecore-e-larte-della-cartapesta\/#webpage"},"wordCount":482,"commentCount":0,"publisher":{"@id":"https:\/\/arteeluoghi.it\/#organization"},"image":{"@id":"https:\/\/arteeluoghi.it\/index.php\/2021\/02\/07\/antonio-malecore-e-larte-della-cartapesta\/#primaryimage"},"thumbnailUrl":"https:\/\/arteeluoghi.it\/wp-content\/uploads\/2021\/02\/malecore.jpg","keywords":["Antonio Malecore","cartapesta","Giuseppe Malecore","Lecce","Malecore","Raffaele Polo","Ugo Malecore"],"articleSection":["Arte","Storie. L'uomo e il territorio"],"inLanguage":"it-IT","potentialAction":[{"@type":"CommentAction","name":"Comment","target":["https:\/\/arteeluoghi.it\/index.php\/2021\/02\/07\/antonio-malecore-e-larte-della-cartapesta\/#respond"]}]},{"@type":"Person","@id":"https:\/\/arteeluoghi.it\/#\/schema\/person\/f84e814e36e91e01448ee07eaadd41d4","name":"Staff","image":{"@type":"ImageObject","@id":"https:\/\/arteeluoghi.it\/#personlogo","inLanguage":"it-IT","url":"https:\/\/secure.gravatar.com\/avatar\/49d2f9e46271bb04e19cebfaf141313a?s=96&d=blank&r=g","contentUrl":"https:\/\/secure.gravatar.com\/avatar\/49d2f9e46271bb04e19cebfaf141313a?s=96&d=blank&r=g","caption":"Staff"}}]}},"_links":{"self":[{"href":"https:\/\/arteeluoghi.it\/index.php\/wp-json\/wp\/v2\/posts\/9708"}],"collection":[{"href":"https:\/\/arteeluoghi.it\/index.php\/wp-json\/wp\/v2\/posts"}],"about":[{"href":"https:\/\/arteeluoghi.it\/index.php\/wp-json\/wp\/v2\/types\/post"}],"author":[{"embeddable":true,"href":"https:\/\/arteeluoghi.it\/index.php\/wp-json\/wp\/v2\/users\/1"}],"replies":[{"embeddable":true,"href":"https:\/\/arteeluoghi.it\/index.php\/wp-json\/wp\/v2\/comments?post=9708"}],"version-history":[{"count":1,"href":"https:\/\/arteeluoghi.it\/index.php\/wp-json\/wp\/v2\/posts\/9708\/revisions"}],"predecessor-version":[{"id":9710,"href":"https:\/\/arteeluoghi.it\/index.php\/wp-json\/wp\/v2\/posts\/9708\/revisions\/9710"}],"wp:featuredmedia":[{"embeddable":true,"href":"https:\/\/arteeluoghi.it\/index.php\/wp-json\/wp\/v2\/media\/9709"}],"wp:attachment":[{"href":"https:\/\/arteeluoghi.it\/index.php\/wp-json\/wp\/v2\/media?parent=9708"}],"wp:term":[{"taxonomy":"category","embeddable":true,"href":"https:\/\/arteeluoghi.it\/index.php\/wp-json\/wp\/v2\/categories?post=9708"},{"taxonomy":"post_tag","embeddable":true,"href":"https:\/\/arteeluoghi.it\/index.php\/wp-json\/wp\/v2\/tags?post=9708"}],"curies":[{"name":"wp","href":"https:\/\/api.w.org\/{rel}","templated":true}]}}