{"id":9742,"date":"2021-02-07T20:59:22","date_gmt":"2021-02-07T19:59:22","guid":{"rendered":"https:\/\/arteeluoghi.it\/?p=9742"},"modified":"2021-02-13T21:19:54","modified_gmt":"2021-02-13T20:19:54","slug":"la-maremma-per-dante-sulle-tracce-del-sommo-poeta","status":"publish","type":"post","link":"https:\/\/arteeluoghi.it\/index.php\/2021\/02\/07\/la-maremma-per-dante-sulle-tracce-del-sommo-poeta\/","title":{"rendered":"La Maremma per Dante, sulle tracce del sommo poeta"},"content":{"rendered":"\n<blockquote class=\"wp-block-quote\"><p>Un ricco programma di eventi per celebrare i 700 anni dalla morte del Sommo Poeta<\/p><\/blockquote>\n\n\n\n<p>Si intitola \u201cLa Maremma per Dante, Cultura per la vita 1321 \u2013 2021 il progetto messo a punto da trenta istituzioni pubbliche e private, attive a Grosseto nel settore della cultura e dell&#8217;associazionismo, che si sono costituite in Comitato Celebrativo in occasione dei Settecentenario della morte del Sommo Poeta.<\/p>\n\n\n\n<!--more-->\n\n\n\n<p><br> Un ricco programma di eventi, conferenze, concerti, letture pubbliche, performance, mostre, percorsi guidati, attivit\u00e0 ricreative e sportive da realizzare tra febbraio e novembre 2021 nella Maremma, naturalmente.<\/p>\n\n\n\n<figure class=\"wp-block-image\"><img loading=\"lazy\" width=\"960\" height=\"448\" src=\"https:\/\/arteeluoghi.it\/wp-content\/uploads\/2021\/02\/lamaremmaxdante.jpg\" alt=\"\" class=\"wp-image-9743\" srcset=\"https:\/\/arteeluoghi.it\/wp-content\/uploads\/2021\/02\/lamaremmaxdante.jpg 960w, https:\/\/arteeluoghi.it\/wp-content\/uploads\/2021\/02\/lamaremmaxdante-300x140.jpg 300w, https:\/\/arteeluoghi.it\/wp-content\/uploads\/2021\/02\/lamaremmaxdante-768x358.jpg 768w\" sizes=\"(max-width: 960px) 100vw, 960px\" \/><\/figure>\n\n\n\n<p><br> \u00abIn et\u00e0 medievale, &#8211; spiega Renata Adriana Bruschi coordinatrice de La Maremma per Dante &#8211; diversi borghi della Maremma, eredi della tradizione etrusca e poi romana, attraversano un periodo assai vivace la cui storia oggi \u00e8 poco ricordata. Da questa zona parte verso Parigi Andrea da Grosseto, enigmatico studioso che nel 1268 completa la traduzione in volgare dei trattati morali di Albertano da Brescia. Non \u00e8 semplice stabilire se Dante abbia trascorso qualche periodo della sua vita in Maremma, pur quando il poeta ne descrive alcuni aspetti in modo convincente, tanto da sembrare il risultato di un&#8217;osservazione diretta. Il primo riferimento compare ad inizio del Canto XIII dell&#8217;Inferno, quando la selva dei suicidi viene descritta come un luogo incolto simile al litorale che si sviluppa da Cecina a Tarquinia. Ad un ambiente naturale modellato sul paesaggio maremmano Dante allude nuovamente in Inferno XXV e XXIX. Nei canti del Purgatorio si leggono altri riferimenti a personaggi dell&#8217;epoca dantesca: gli Aldobrandeschi, la commovente Pia, forse da identificare con Pia Malavolti, signora di Prata, ed inoltre sono citati i borghi di Talamone, Santa Fiora, Castel di Pietra, Castell&#8217;Azzara, Sovana e Campagnatico.\u00bb <br> E questi luoghi suggestivi, tutti da riscoprire della Maremma toscana, faranno da scenografia naturale alle tante conferenze tematiche, letture e concerti che si terranno tra maggio e settembre 2021. <br> E in occasione del Danted\u00ec, il prossimo 25 marzo, la Societ\u00e0 Corale Giacomo Puccini di Grosseto, diretta dal Maestro Walter Marzilli terr\u00e0 un concerto e a fine novembre 2021, durante la Festa della Toscana, eseguir\u00e0 le opere segnalate o premiate partecipanti al Concorso \u201cPuccinInsieme al Sommo Poeta\u201d. \u00abIl Concorso internazionale, &#8211; spiega la stessa Renata Bruschi &#8211; infatti, \u00e8 destinato a compositori di musica corale, sollecita il loro talento creativo e li invita a misurarsi con la bellezza dei versi danteschi. Le basi sono disponibili sul sito https:\/\/coralepuccini.org\/, e la scadenza \u00e8 fissata all\u201911 aprile 2021 mentre la proclamazione dei vincitori avverr\u00e0 entro il 31.05.2021. La giuria di caratura internazionale sar\u00e0 composta dai Maestri Walter Marzilli, Mario Lanaro e Lorenzo Donati (Italia), Ivan Florjanc (Slovenia) e Antonio Maria Russo (Argentina).\u00bb<br> E sono tanti gli artisti che hanno dato l\u2019adesione a \u201cLa Maremma per Dante\u201d: il Maestro Giuliano Adorno, direttore artistico dell&#8217;Orbetello Piano Festival; Francesca Ventura, direttrice artistica di Sovana in Arte; i pianisti Jacopo Mai e Davide de Luca che stanno preparando una serata dedicata a Franz Lizst e alla sua passione per la Commedia dantesca; il gruppo jazz di Michelangelo Scandroglio, che proporr\u00e0 la prima assoluta di \u201cDurante\u201d nel giardino dell&#8217;Archeologia di Grosseto. <br> Ma non solo musica. Come la stessa coordinatrice ha illustrato la Commedia \u00e8 stato oggetto di studio e di interpretazioni nel corso del Novecento da parte di docenti, studiosi e artisti del territorio maremmano. L&#8217;ampia mole di testimonianze sar\u00e0 riunita, catalogata e presentata al pubblico il 14 ottobre 2021 nella mostra \u201cDante Alighieri e la Maremma nella Commedia\u201d: documenti, appunti, riflessioni scritte, pubblicazioni, immagini, filmati, elaborati di studenti, oggetti di natura eterogenea e quanto in generale \u00e8 stato prodotto da coloro che si sono variamente interessati a Dante Alighieri. \u00abSono spesso documenti autografi e manoscritti, in altri casi lavori unici, opere d&#8217;arte, materiali preparatori, selezionati e raccolti appositamente per questa occasione.\u00bb  <br> E tutte le iniziative, si potranno seguire anche attraverso i tanti canali social dedicati, dal canale youtube, alle pagine fb, twitter e instagram. <\/p>\n\n\n\n<p>https:\/\/twitter.com\/LMpD21<br>\nhttps:\/\/twitter.com\/Lm4Dante<br>\nhttps:\/\/www.instagram.com\/lamaremmaperdante\/<br>\nhttps:\/\/www.facebook.com\/groups\/LMpD21\/<br>\nhttps:\/\/www.facebook.com\/LaMaremmaperDante<br>\nhttps:\/\/www.youtube.com\/Lamaremmaperdante2021<\/p>\n","protected":false},"excerpt":{"rendered":"<p>Un ricco programma di eventi per celebrare i 700 anni dalla morte del Sommo Poeta Si intitola \u201cLa Maremma per<\/p>\n","protected":false},"author":1,"featured_media":9743,"comment_status":"open","ping_status":"open","sticky":true,"template":"","format":"standard","meta":[],"categories":[52,17,28],"tags":[234,3099,3195,3196,3194,418],"yoast_head":"<!-- This site is optimized with the Yoast SEO plugin v18.0 - https:\/\/yoast.com\/wordpress\/plugins\/seo\/ -->\n<title>La Maremma per Dante, sulle tracce del sommo poeta | Arte e Luoghi<\/title>\n<meta name=\"robots\" content=\"index, follow, max-snippet:-1, max-image-preview:large, max-video-preview:-1\" \/>\n<link rel=\"canonical\" href=\"https:\/\/arteeluoghi.it\/index.php\/2021\/02\/07\/la-maremma-per-dante-sulle-tracce-del-sommo-poeta\/\" \/>\n<meta property=\"og:locale\" content=\"it_IT\" \/>\n<meta property=\"og:type\" content=\"article\" \/>\n<meta property=\"og:title\" content=\"La Maremma per Dante, sulle tracce del sommo poeta | Arte e Luoghi\" \/>\n<meta property=\"og:description\" content=\"Un ricco programma di eventi per celebrare i 700 anni dalla morte del Sommo Poeta Si intitola \u201cLa Maremma per\" \/>\n<meta property=\"og:url\" content=\"https:\/\/arteeluoghi.it\/index.php\/2021\/02\/07\/la-maremma-per-dante-sulle-tracce-del-sommo-poeta\/\" \/>\n<meta property=\"og:site_name\" content=\"Arte e Luoghi\" \/>\n<meta property=\"article:publisher\" content=\"https:\/\/www.facebook.com\/ArteELuoghi\/\" \/>\n<meta property=\"article:published_time\" content=\"2021-02-07T19:59:22+00:00\" \/>\n<meta property=\"article:modified_time\" content=\"2021-02-13T20:19:54+00:00\" \/>\n<meta property=\"og:image\" content=\"https:\/\/arteeluoghi.it\/wp-content\/uploads\/2021\/02\/lamaremmaxdante.jpg\" \/>\n\t<meta property=\"og:image:width\" content=\"960\" \/>\n\t<meta property=\"og:image:height\" content=\"448\" \/>\n\t<meta property=\"og:image:type\" content=\"image\/jpeg\" \/>\n<meta name=\"twitter:card\" content=\"summary\" \/>\n<meta name=\"twitter:creator\" content=\"@arteeluoghi\" \/>\n<meta name=\"twitter:site\" content=\"@arteeluoghi\" \/>\n<meta name=\"twitter:label1\" content=\"Scritto da\" \/>\n\t<meta name=\"twitter:data1\" content=\"Staff\" \/>\n\t<meta name=\"twitter:label2\" content=\"Tempo di lettura stimato\" \/>\n\t<meta name=\"twitter:data2\" content=\"3 minuti\" \/>\n<script type=\"application\/ld+json\" class=\"yoast-schema-graph\">{\"@context\":\"https:\/\/schema.org\",\"@graph\":[{\"@type\":\"Organization\",\"@id\":\"https:\/\/arteeluoghi.it\/#organization\",\"name\":\"Arte e Luoghi\",\"url\":\"https:\/\/arteeluoghi.it\/\",\"sameAs\":[\"https:\/\/www.facebook.com\/ArteELuoghi\/\",\"https:\/\/www.instagram.com\/arteeluoghi\/?hl=it\",\"https:\/\/www.youtube.com\/channel\/UCuRVc4JW4-C5sg9rQB-srkw?view_as=subscriber\",\"https:\/\/twitter.com\/arteeluoghi\"],\"logo\":{\"@type\":\"ImageObject\",\"@id\":\"https:\/\/arteeluoghi.it\/#logo\",\"inLanguage\":\"it-IT\",\"url\":\"https:\/\/arteeluoghi.it\/wp-content\/uploads\/2018\/08\/logoinstagramarte.jpg\",\"contentUrl\":\"https:\/\/arteeluoghi.it\/wp-content\/uploads\/2018\/08\/logoinstagramarte.jpg\",\"width\":150,\"height\":150,\"caption\":\"Arte e Luoghi\"},\"image\":{\"@id\":\"https:\/\/arteeluoghi.it\/#logo\"}},{\"@type\":\"WebSite\",\"@id\":\"https:\/\/arteeluoghi.it\/#website\",\"url\":\"https:\/\/arteeluoghi.it\/\",\"name\":\"Arte e Luoghi\",\"description\":\"Mensile di arte, cultura, turismo e curiosit\u00e0\",\"publisher\":{\"@id\":\"https:\/\/arteeluoghi.it\/#organization\"},\"potentialAction\":[{\"@type\":\"SearchAction\",\"target\":{\"@type\":\"EntryPoint\",\"urlTemplate\":\"https:\/\/arteeluoghi.it\/?s={search_term_string}\"},\"query-input\":\"required name=search_term_string\"}],\"inLanguage\":\"it-IT\"},{\"@type\":\"ImageObject\",\"@id\":\"https:\/\/arteeluoghi.it\/index.php\/2021\/02\/07\/la-maremma-per-dante-sulle-tracce-del-sommo-poeta\/#primaryimage\",\"inLanguage\":\"it-IT\",\"url\":\"https:\/\/arteeluoghi.it\/wp-content\/uploads\/2021\/02\/lamaremmaxdante.jpg\",\"contentUrl\":\"https:\/\/arteeluoghi.it\/wp-content\/uploads\/2021\/02\/lamaremmaxdante.jpg\",\"width\":960,\"height\":448},{\"@type\":\"WebPage\",\"@id\":\"https:\/\/arteeluoghi.it\/index.php\/2021\/02\/07\/la-maremma-per-dante-sulle-tracce-del-sommo-poeta\/#webpage\",\"url\":\"https:\/\/arteeluoghi.it\/index.php\/2021\/02\/07\/la-maremma-per-dante-sulle-tracce-del-sommo-poeta\/\",\"name\":\"La Maremma per Dante, sulle tracce del sommo poeta | Arte e Luoghi\",\"isPartOf\":{\"@id\":\"https:\/\/arteeluoghi.it\/#website\"},\"primaryImageOfPage\":{\"@id\":\"https:\/\/arteeluoghi.it\/index.php\/2021\/02\/07\/la-maremma-per-dante-sulle-tracce-del-sommo-poeta\/#primaryimage\"},\"datePublished\":\"2021-02-07T19:59:22+00:00\",\"dateModified\":\"2021-02-13T20:19:54+00:00\",\"breadcrumb\":{\"@id\":\"https:\/\/arteeluoghi.it\/index.php\/2021\/02\/07\/la-maremma-per-dante-sulle-tracce-del-sommo-poeta\/#breadcrumb\"},\"inLanguage\":\"it-IT\",\"potentialAction\":[{\"@type\":\"ReadAction\",\"target\":[\"https:\/\/arteeluoghi.it\/index.php\/2021\/02\/07\/la-maremma-per-dante-sulle-tracce-del-sommo-poeta\/\"]}]},{\"@type\":\"BreadcrumbList\",\"@id\":\"https:\/\/arteeluoghi.it\/index.php\/2021\/02\/07\/la-maremma-per-dante-sulle-tracce-del-sommo-poeta\/#breadcrumb\",\"itemListElement\":[{\"@type\":\"ListItem\",\"position\":1,\"name\":\"Home\",\"item\":\"https:\/\/arteeluoghi.it\/\"},{\"@type\":\"ListItem\",\"position\":2,\"name\":\"La Maremma per Dante, sulle tracce del sommo poeta\"}]},{\"@type\":\"Article\",\"@id\":\"https:\/\/arteeluoghi.it\/index.php\/2021\/02\/07\/la-maremma-per-dante-sulle-tracce-del-sommo-poeta\/#article\",\"isPartOf\":{\"@id\":\"https:\/\/arteeluoghi.it\/index.php\/2021\/02\/07\/la-maremma-per-dante-sulle-tracce-del-sommo-poeta\/#webpage\"},\"author\":{\"@id\":\"https:\/\/arteeluoghi.it\/#\/schema\/person\/f84e814e36e91e01448ee07eaadd41d4\"},\"headline\":\"La Maremma per Dante, sulle tracce del sommo poeta\",\"datePublished\":\"2021-02-07T19:59:22+00:00\",\"dateModified\":\"2021-02-13T20:19:54+00:00\",\"mainEntityOfPage\":{\"@id\":\"https:\/\/arteeluoghi.it\/index.php\/2021\/02\/07\/la-maremma-per-dante-sulle-tracce-del-sommo-poeta\/#webpage\"},\"wordCount\":669,\"commentCount\":0,\"publisher\":{\"@id\":\"https:\/\/arteeluoghi.it\/#organization\"},\"image\":{\"@id\":\"https:\/\/arteeluoghi.it\/index.php\/2021\/02\/07\/la-maremma-per-dante-sulle-tracce-del-sommo-poeta\/#primaryimage\"},\"thumbnailUrl\":\"https:\/\/arteeluoghi.it\/wp-content\/uploads\/2021\/02\/lamaremmaxdante.jpg\",\"keywords\":[\"arte\",\"Dante\",\"Grosseto\",\"itinerari\",\"La Maremma per Dante\",\"letteratura\"],\"articleSection\":[\"I luoghi della parola\",\"LIBRI\",\"Notizie\"],\"inLanguage\":\"it-IT\",\"potentialAction\":[{\"@type\":\"CommentAction\",\"name\":\"Comment\",\"target\":[\"https:\/\/arteeluoghi.it\/index.php\/2021\/02\/07\/la-maremma-per-dante-sulle-tracce-del-sommo-poeta\/#respond\"]}]},{\"@type\":\"Person\",\"@id\":\"https:\/\/arteeluoghi.it\/#\/schema\/person\/f84e814e36e91e01448ee07eaadd41d4\",\"name\":\"Staff\",\"image\":{\"@type\":\"ImageObject\",\"@id\":\"https:\/\/arteeluoghi.it\/#personlogo\",\"inLanguage\":\"it-IT\",\"url\":\"https:\/\/secure.gravatar.com\/avatar\/49d2f9e46271bb04e19cebfaf141313a?s=96&d=blank&r=g\",\"contentUrl\":\"https:\/\/secure.gravatar.com\/avatar\/49d2f9e46271bb04e19cebfaf141313a?s=96&d=blank&r=g\",\"caption\":\"Staff\"}}]}<\/script>\n<!-- \/ Yoast SEO plugin. -->","yoast_head_json":{"title":"La Maremma per Dante, sulle tracce del sommo poeta | Arte e Luoghi","robots":{"index":"index","follow":"follow","max-snippet":"max-snippet:-1","max-image-preview":"max-image-preview:large","max-video-preview":"max-video-preview:-1"},"canonical":"https:\/\/arteeluoghi.it\/index.php\/2021\/02\/07\/la-maremma-per-dante-sulle-tracce-del-sommo-poeta\/","og_locale":"it_IT","og_type":"article","og_title":"La Maremma per Dante, sulle tracce del sommo poeta | Arte e Luoghi","og_description":"Un ricco programma di eventi per celebrare i 700 anni dalla morte del Sommo Poeta Si intitola \u201cLa Maremma per","og_url":"https:\/\/arteeluoghi.it\/index.php\/2021\/02\/07\/la-maremma-per-dante-sulle-tracce-del-sommo-poeta\/","og_site_name":"Arte e Luoghi","article_publisher":"https:\/\/www.facebook.com\/ArteELuoghi\/","article_published_time":"2021-02-07T19:59:22+00:00","article_modified_time":"2021-02-13T20:19:54+00:00","og_image":[{"width":960,"height":448,"url":"https:\/\/arteeluoghi.it\/wp-content\/uploads\/2021\/02\/lamaremmaxdante.jpg","type":"image\/jpeg"}],"twitter_card":"summary","twitter_creator":"@arteeluoghi","twitter_site":"@arteeluoghi","twitter_misc":{"Scritto da":"Staff","Tempo di lettura stimato":"3 minuti"},"schema":{"@context":"https:\/\/schema.org","@graph":[{"@type":"Organization","@id":"https:\/\/arteeluoghi.it\/#organization","name":"Arte e Luoghi","url":"https:\/\/arteeluoghi.it\/","sameAs":["https:\/\/www.facebook.com\/ArteELuoghi\/","https:\/\/www.instagram.com\/arteeluoghi\/?hl=it","https:\/\/www.youtube.com\/channel\/UCuRVc4JW4-C5sg9rQB-srkw?view_as=subscriber","https:\/\/twitter.com\/arteeluoghi"],"logo":{"@type":"ImageObject","@id":"https:\/\/arteeluoghi.it\/#logo","inLanguage":"it-IT","url":"https:\/\/arteeluoghi.it\/wp-content\/uploads\/2018\/08\/logoinstagramarte.jpg","contentUrl":"https:\/\/arteeluoghi.it\/wp-content\/uploads\/2018\/08\/logoinstagramarte.jpg","width":150,"height":150,"caption":"Arte e Luoghi"},"image":{"@id":"https:\/\/arteeluoghi.it\/#logo"}},{"@type":"WebSite","@id":"https:\/\/arteeluoghi.it\/#website","url":"https:\/\/arteeluoghi.it\/","name":"Arte e Luoghi","description":"Mensile di arte, cultura, turismo e curiosit\u00e0","publisher":{"@id":"https:\/\/arteeluoghi.it\/#organization"},"potentialAction":[{"@type":"SearchAction","target":{"@type":"EntryPoint","urlTemplate":"https:\/\/arteeluoghi.it\/?s={search_term_string}"},"query-input":"required name=search_term_string"}],"inLanguage":"it-IT"},{"@type":"ImageObject","@id":"https:\/\/arteeluoghi.it\/index.php\/2021\/02\/07\/la-maremma-per-dante-sulle-tracce-del-sommo-poeta\/#primaryimage","inLanguage":"it-IT","url":"https:\/\/arteeluoghi.it\/wp-content\/uploads\/2021\/02\/lamaremmaxdante.jpg","contentUrl":"https:\/\/arteeluoghi.it\/wp-content\/uploads\/2021\/02\/lamaremmaxdante.jpg","width":960,"height":448},{"@type":"WebPage","@id":"https:\/\/arteeluoghi.it\/index.php\/2021\/02\/07\/la-maremma-per-dante-sulle-tracce-del-sommo-poeta\/#webpage","url":"https:\/\/arteeluoghi.it\/index.php\/2021\/02\/07\/la-maremma-per-dante-sulle-tracce-del-sommo-poeta\/","name":"La Maremma per Dante, sulle tracce del sommo poeta | Arte e Luoghi","isPartOf":{"@id":"https:\/\/arteeluoghi.it\/#website"},"primaryImageOfPage":{"@id":"https:\/\/arteeluoghi.it\/index.php\/2021\/02\/07\/la-maremma-per-dante-sulle-tracce-del-sommo-poeta\/#primaryimage"},"datePublished":"2021-02-07T19:59:22+00:00","dateModified":"2021-02-13T20:19:54+00:00","breadcrumb":{"@id":"https:\/\/arteeluoghi.it\/index.php\/2021\/02\/07\/la-maremma-per-dante-sulle-tracce-del-sommo-poeta\/#breadcrumb"},"inLanguage":"it-IT","potentialAction":[{"@type":"ReadAction","target":["https:\/\/arteeluoghi.it\/index.php\/2021\/02\/07\/la-maremma-per-dante-sulle-tracce-del-sommo-poeta\/"]}]},{"@type":"BreadcrumbList","@id":"https:\/\/arteeluoghi.it\/index.php\/2021\/02\/07\/la-maremma-per-dante-sulle-tracce-del-sommo-poeta\/#breadcrumb","itemListElement":[{"@type":"ListItem","position":1,"name":"Home","item":"https:\/\/arteeluoghi.it\/"},{"@type":"ListItem","position":2,"name":"La Maremma per Dante, sulle tracce del sommo poeta"}]},{"@type":"Article","@id":"https:\/\/arteeluoghi.it\/index.php\/2021\/02\/07\/la-maremma-per-dante-sulle-tracce-del-sommo-poeta\/#article","isPartOf":{"@id":"https:\/\/arteeluoghi.it\/index.php\/2021\/02\/07\/la-maremma-per-dante-sulle-tracce-del-sommo-poeta\/#webpage"},"author":{"@id":"https:\/\/arteeluoghi.it\/#\/schema\/person\/f84e814e36e91e01448ee07eaadd41d4"},"headline":"La Maremma per Dante, sulle tracce del sommo poeta","datePublished":"2021-02-07T19:59:22+00:00","dateModified":"2021-02-13T20:19:54+00:00","mainEntityOfPage":{"@id":"https:\/\/arteeluoghi.it\/index.php\/2021\/02\/07\/la-maremma-per-dante-sulle-tracce-del-sommo-poeta\/#webpage"},"wordCount":669,"commentCount":0,"publisher":{"@id":"https:\/\/arteeluoghi.it\/#organization"},"image":{"@id":"https:\/\/arteeluoghi.it\/index.php\/2021\/02\/07\/la-maremma-per-dante-sulle-tracce-del-sommo-poeta\/#primaryimage"},"thumbnailUrl":"https:\/\/arteeluoghi.it\/wp-content\/uploads\/2021\/02\/lamaremmaxdante.jpg","keywords":["arte","Dante","Grosseto","itinerari","La Maremma per Dante","letteratura"],"articleSection":["I luoghi della parola","LIBRI","Notizie"],"inLanguage":"it-IT","potentialAction":[{"@type":"CommentAction","name":"Comment","target":["https:\/\/arteeluoghi.it\/index.php\/2021\/02\/07\/la-maremma-per-dante-sulle-tracce-del-sommo-poeta\/#respond"]}]},{"@type":"Person","@id":"https:\/\/arteeluoghi.it\/#\/schema\/person\/f84e814e36e91e01448ee07eaadd41d4","name":"Staff","image":{"@type":"ImageObject","@id":"https:\/\/arteeluoghi.it\/#personlogo","inLanguage":"it-IT","url":"https:\/\/secure.gravatar.com\/avatar\/49d2f9e46271bb04e19cebfaf141313a?s=96&d=blank&r=g","contentUrl":"https:\/\/secure.gravatar.com\/avatar\/49d2f9e46271bb04e19cebfaf141313a?s=96&d=blank&r=g","caption":"Staff"}}]}},"_links":{"self":[{"href":"https:\/\/arteeluoghi.it\/index.php\/wp-json\/wp\/v2\/posts\/9742"}],"collection":[{"href":"https:\/\/arteeluoghi.it\/index.php\/wp-json\/wp\/v2\/posts"}],"about":[{"href":"https:\/\/arteeluoghi.it\/index.php\/wp-json\/wp\/v2\/types\/post"}],"author":[{"embeddable":true,"href":"https:\/\/arteeluoghi.it\/index.php\/wp-json\/wp\/v2\/users\/1"}],"replies":[{"embeddable":true,"href":"https:\/\/arteeluoghi.it\/index.php\/wp-json\/wp\/v2\/comments?post=9742"}],"version-history":[{"count":1,"href":"https:\/\/arteeluoghi.it\/index.php\/wp-json\/wp\/v2\/posts\/9742\/revisions"}],"predecessor-version":[{"id":9744,"href":"https:\/\/arteeluoghi.it\/index.php\/wp-json\/wp\/v2\/posts\/9742\/revisions\/9744"}],"wp:featuredmedia":[{"embeddable":true,"href":"https:\/\/arteeluoghi.it\/index.php\/wp-json\/wp\/v2\/media\/9743"}],"wp:attachment":[{"href":"https:\/\/arteeluoghi.it\/index.php\/wp-json\/wp\/v2\/media?parent=9742"}],"wp:term":[{"taxonomy":"category","embeddable":true,"href":"https:\/\/arteeluoghi.it\/index.php\/wp-json\/wp\/v2\/categories?post=9742"},{"taxonomy":"post_tag","embeddable":true,"href":"https:\/\/arteeluoghi.it\/index.php\/wp-json\/wp\/v2\/tags?post=9742"}],"curies":[{"name":"wp","href":"https:\/\/api.w.org\/{rel}","templated":true}]}}