{"id":9782,"date":"2021-02-07T22:54:52","date_gmt":"2021-02-07T21:54:52","guid":{"rendered":"https:\/\/arteeluoghi.it\/?p=9782"},"modified":"2021-02-19T22:31:43","modified_gmt":"2021-02-19T21:31:43","slug":"lagonegro-capolavori-darte-dalla-chiesa-al-castello","status":"publish","type":"post","link":"https:\/\/arteeluoghi.it\/index.php\/2021\/02\/07\/lagonegro-capolavori-darte-dalla-chiesa-al-castello\/","title":{"rendered":"Lagonegro. Capolavori d\u2019arte dalla Chiesa al Castello"},"content":{"rendered":"\n<blockquote class=\"wp-block-quote\"><p>La Seicentesca \u201cMadonna col Bambino e le Ss. Caterina d\u2019Alessandria e Lucia\u201d della Chiesa di San Nicola al Castello\u201d di Lagonegro<\/p><cite>Marco Tedesco<\/cite><\/blockquote>\n\n\n\n<p>La storia dell\u2019arte del Seicento, \u00e8 stata caratterizzata da importanti innovazioni nel mondo della pittura italiana meridionale. Si pensi ad esempio all\u2019entrata in scena nella pittura napoletana delle innovazioni apportate dal rivoluzionario Michelangelo Merisi da Caravaggio, la cui pittura venne considerata scandalosa ma allo stesso tempo geniale allo stesso tempo, in quanto in Caravaggio uomini e santi erano la stessa cosa. <\/p>\n\n\n\n<!--more-->\n\n\n\n<p>Queste innovazioni influenzarono notevolmente l\u2019arte e la pittura per tutto il Seicento lasciandone echi in tutto il meridione d\u2019Italia. In Basilicata, contestualmente, vi si trovavano in quegli anni opere d\u2019arte provenienti dagli ambienti napoletani, in particolar modo quelli legati al Manierismo, tra cui la Madonna col Bambino e le Ss. Caterina e Lucia, conservata a Lagonegro (Potenza), piccola cittadina lucana alle pendici del monte Sirino, nella chiesa di San Nicola al Castello, titolo attribuito a questa chiesa secondo Carlo Pesce dal 1597, stando a quanto riportato dagli atti di visita di mons. Spinelli. <\/p>\n\n\n\n<ul class=\"wp-block-gallery columns-2 is-cropped\"><li class=\"blocks-gallery-item\"><figure><img loading=\"lazy\" width=\"674\" height=\"1024\" src=\"https:\/\/arteeluoghi.it\/wp-content\/uploads\/2021\/02\/Raffaello-Madonna-di-Foligno-Madonna-con-Bambino-e-i-Ss.-Giovanni-Battista-Francesco-Girolamo-e-il-donatore-Sigismondo-de\u2019-Conti-1512-Roma-Pinacoteca-Vaticana_musei-vaticani-1-674x1024.jpeg\" alt=\"\" data-id=\"9788\" data-link=\"https:\/\/arteeluoghi.it\/?attachment_id=9788\" class=\"wp-image-9788\" srcset=\"https:\/\/arteeluoghi.it\/wp-content\/uploads\/2021\/02\/Raffaello-Madonna-di-Foligno-Madonna-con-Bambino-e-i-Ss.-Giovanni-Battista-Francesco-Girolamo-e-il-donatore-Sigismondo-de\u2019-Conti-1512-Roma-Pinacoteca-Vaticana_musei-vaticani-1-674x1024.jpeg 674w, https:\/\/arteeluoghi.it\/wp-content\/uploads\/2021\/02\/Raffaello-Madonna-di-Foligno-Madonna-con-Bambino-e-i-Ss.-Giovanni-Battista-Francesco-Girolamo-e-il-donatore-Sigismondo-de\u2019-Conti-1512-Roma-Pinacoteca-Vaticana_musei-vaticani-1-197x300.jpeg 197w, https:\/\/arteeluoghi.it\/wp-content\/uploads\/2021\/02\/Raffaello-Madonna-di-Foligno-Madonna-con-Bambino-e-i-Ss.-Giovanni-Battista-Francesco-Girolamo-e-il-donatore-Sigismondo-de\u2019-Conti-1512-Roma-Pinacoteca-Vaticana_musei-vaticani-1-768x1168.jpeg 768w, https:\/\/arteeluoghi.it\/wp-content\/uploads\/2021\/02\/Raffaello-Madonna-di-Foligno-Madonna-con-Bambino-e-i-Ss.-Giovanni-Battista-Francesco-Girolamo-e-il-donatore-Sigismondo-de\u2019-Conti-1512-Roma-Pinacoteca-Vaticana_musei-vaticani-1.jpeg 842w\" sizes=\"(max-width: 674px) 100vw, 674px\" \/><figcaption>Madonna di Foligno &#8211; Raffaello Sanzio da Urbino, Musei Vaticani<\/figcaption><\/figure><\/li><li class=\"blocks-gallery-item\"><figure><img loading=\"lazy\" width=\"1024\" height=\"773\" src=\"https:\/\/arteeluoghi.it\/wp-content\/uploads\/2021\/02\/The-Transfiguration-1480-xx-Giovanni-Bellini-1-1024x773.jpeg\" alt=\"\" data-id=\"9790\" data-link=\"https:\/\/arteeluoghi.it\/?attachment_id=9790\" class=\"wp-image-9790\" srcset=\"https:\/\/arteeluoghi.it\/wp-content\/uploads\/2021\/02\/The-Transfiguration-1480-xx-Giovanni-Bellini-1-1024x773.jpeg 1024w, https:\/\/arteeluoghi.it\/wp-content\/uploads\/2021\/02\/The-Transfiguration-1480-xx-Giovanni-Bellini-1-300x226.jpeg 300w, https:\/\/arteeluoghi.it\/wp-content\/uploads\/2021\/02\/The-Transfiguration-1480-xx-Giovanni-Bellini-1-768x579.jpeg 768w, https:\/\/arteeluoghi.it\/wp-content\/uploads\/2021\/02\/The-Transfiguration-1480-xx-Giovanni-Bellini-1.jpeg 1914w\" sizes=\"(max-width: 1024px) 100vw, 1024px\" \/><figcaption>Giovanni Bellini, Trasfigurazione di Cristo, 1478-1479, Napoli, museo di Capodimonte<\/figcaption><\/figure><\/li><li class=\"blocks-gallery-item\"><figure><img loading=\"lazy\" width=\"421\" height=\"651\" src=\"https:\/\/arteeluoghi.it\/wp-content\/uploads\/2021\/02\/Madonna-col-bambino-e-Ss-Caterina-dalessandria-e-Lucia-foto-di-Marco-Tedesco.jpg\" alt=\"\" data-id=\"9831\" data-link=\"https:\/\/arteeluoghi.it\/index.php\/2021\/02\/07\/lagonegro-capolavori-darte-dalla-chiesa-al-castello\/madonna-col-bambino-e-ss-caterina-dalessandria-e-lucia-foto-di-marco-tedesco\/\" class=\"wp-image-9831\" srcset=\"https:\/\/arteeluoghi.it\/wp-content\/uploads\/2021\/02\/Madonna-col-bambino-e-Ss-Caterina-dalessandria-e-Lucia-foto-di-Marco-Tedesco.jpg 421w, https:\/\/arteeluoghi.it\/wp-content\/uploads\/2021\/02\/Madonna-col-bambino-e-Ss-Caterina-dalessandria-e-Lucia-foto-di-Marco-Tedesco-194x300.jpg 194w\" sizes=\"(max-width: 421px) 100vw, 421px\" \/><figcaption>Madonna col Bambino e Ss Caterina d&#8217;Alessandria e Lucia (foto di Marco Tedesco)<\/figcaption><\/figure><\/li><li class=\"blocks-gallery-item\"><figure><img loading=\"lazy\" width=\"1024\" height=\"716\" src=\"https:\/\/arteeluoghi.it\/wp-content\/uploads\/2021\/02\/Madonna-col-Bambino-e-Ss.-Caterina-dAlessandria-e-Lucia-part.-foto-di-Marco-Tedesco-1024x716.jpg\" alt=\"\" data-id=\"9834\" data-link=\"https:\/\/arteeluoghi.it\/index.php\/2021\/02\/07\/lagonegro-capolavori-darte-dalla-chiesa-al-castello\/madonna-col-bambino-e-ss-caterina-dalessandria-e-lucia-part-foto-di-marco-tedesco\/\" class=\"wp-image-9834\" srcset=\"https:\/\/arteeluoghi.it\/wp-content\/uploads\/2021\/02\/Madonna-col-Bambino-e-Ss.-Caterina-dAlessandria-e-Lucia-part.-foto-di-Marco-Tedesco-1024x716.jpg 1024w, https:\/\/arteeluoghi.it\/wp-content\/uploads\/2021\/02\/Madonna-col-Bambino-e-Ss.-Caterina-dAlessandria-e-Lucia-part.-foto-di-Marco-Tedesco-300x210.jpg 300w, https:\/\/arteeluoghi.it\/wp-content\/uploads\/2021\/02\/Madonna-col-Bambino-e-Ss.-Caterina-dAlessandria-e-Lucia-part.-foto-di-Marco-Tedesco-768x537.jpg 768w, https:\/\/arteeluoghi.it\/wp-content\/uploads\/2021\/02\/Madonna-col-Bambino-e-Ss.-Caterina-dAlessandria-e-Lucia-part.-foto-di-Marco-Tedesco-130x90.jpg 130w, https:\/\/arteeluoghi.it\/wp-content\/uploads\/2021\/02\/Madonna-col-Bambino-e-Ss.-Caterina-dAlessandria-e-Lucia-part.-foto-di-Marco-Tedesco.jpg 1600w\" sizes=\"(max-width: 1024px) 100vw, 1024px\" \/><figcaption>Madonna col Bambino e Ss. Caterina d&#8217;Alessandria e Lucia, part. (foto di Marco Tedesco)<\/figcaption><\/figure><\/li><li class=\"blocks-gallery-item\"><figure><img loading=\"lazy\" width=\"683\" height=\"1024\" src=\"https:\/\/arteeluoghi.it\/wp-content\/uploads\/2021\/02\/Giulio-dellOca-Madonna-apparente-e-i-Santi-Francesco-ed-Antonio-1611-Napoli-chiesa-di-Santa-Maria-Apparente-foto-tratta-dal-web-683x1024.jpg\" alt=\"\" data-id=\"9836\" data-link=\"https:\/\/arteeluoghi.it\/index.php\/2021\/02\/07\/lagonegro-capolavori-darte-dalla-chiesa-al-castello\/giulio-delloca-madonna-apparente-e-i-santi-francesco-ed-antonio-1611-napoli-chiesa-di-santa-maria-apparente-foto-tratta-dal-web\/\" class=\"wp-image-9836\" srcset=\"https:\/\/arteeluoghi.it\/wp-content\/uploads\/2021\/02\/Giulio-dellOca-Madonna-apparente-e-i-Santi-Francesco-ed-Antonio-1611-Napoli-chiesa-di-Santa-Maria-Apparente-foto-tratta-dal-web-683x1024.jpg 683w, https:\/\/arteeluoghi.it\/wp-content\/uploads\/2021\/02\/Giulio-dellOca-Madonna-apparente-e-i-Santi-Francesco-ed-Antonio-1611-Napoli-chiesa-di-Santa-Maria-Apparente-foto-tratta-dal-web-200x300.jpg 200w, https:\/\/arteeluoghi.it\/wp-content\/uploads\/2021\/02\/Giulio-dellOca-Madonna-apparente-e-i-Santi-Francesco-ed-Antonio-1611-Napoli-chiesa-di-Santa-Maria-Apparente-foto-tratta-dal-web-768x1152.jpg 768w, https:\/\/arteeluoghi.it\/wp-content\/uploads\/2021\/02\/Giulio-dellOca-Madonna-apparente-e-i-Santi-Francesco-ed-Antonio-1611-Napoli-chiesa-di-Santa-Maria-Apparente-foto-tratta-dal-web.jpg 800w\" sizes=\"(max-width: 683px) 100vw, 683px\" \/><figcaption>Giulio dell&#8217;Oca, Madonna apparente e i Santi Francesco ed Antonio, 1611, Napoli, chiesa di Santa Maria Apparente<\/figcaption><\/figure><\/li><\/ul>\n\n\n\n<p><br> Questa Madonna col Bambino e le Ss. Caterina d\u2019Alessandria e Lucia venne attribuita da Anna Grelle a Giovanni Bernardino Azzolino, detto il siciliano in quanto originario di Cefal\u00f9, citt\u00e0 in cui nacque nel 1572 ma attivo a Napoli, citt\u00e0 in cui mor\u00ec nel 1645 nella quale Azzolino oper\u00f2 a partire dal 1589 e dove ancora oggi sono conservate molte sue opere. Nuccia Barbone Pugliese, sottrasse in seguito nel 1983 tale opera al catalogo dell\u2019Azzolino, scorgendovi influssi santafediani in rapporto derivati dalla Madonna col Bambino in gloria e i Ss. Benedetto, Pietro, Paolo e Agnese, eseguita da Fabrizio Santafede nel XVI\/XVII sec., conservata nella chiesa di Santa Chiara a Trani. Nella presentazione di questa tela, all\u2019interno del catalogo della mostra \u201cVisibile Latente, il patrimonio artistico dell\u2019antica diocesi di Policastro\u201d, Concetta Restaino propone di identificare questo maestro nella figura di Giulio dell\u2019Oca, pittore attivo a Napoli dal 1578 al 1644. Molte sue opere tra cui la serie di Angeli con le litanie mariane, eseguiti per il soffitto della chiesa dell\u2019Annunziata a Napoli insieme ad altri artisti tra cui Giovan Vincenzo da Forl\u00ec e la decorazione a fresco della tribuna dello Spirito Santo eseguita nella capitale partenopea insieme a Giovanni Bernardino Azzolino, sono andate perdute ma le poche ancora esistenti, tra cui la Madonna apparente tra i Ss. Francesco ed Antonio della chiesa napoletana di Santa Maria Apparente, ci consentono di capire la pittura e il linguaggio artistico di Giulio dell\u2019Oca, ancora legato agli schemi della pittura manierista. Tutto questo, in rapporto ai documenti tutt\u2019ora presenti legati alla figura di Giulio dell\u2019Oca, in quale ottenne nel 1593 la carica di Console dell\u2019Arte dei pittori a Napoli, presentano qualche difficolt\u00e0 nell\u2019attribuirgli in maniera definitiva la paternit\u00e0 del dipinto lagonegrese qui preso in esame. <br> Non vi \u00e8 dubbio che il Maestro in questione si rif\u00e0 alla corrente manierista e questo aspetto \u00e8 confermato anche da mons. Raffaele Raele nel suo testo \u201cLa citt\u00e0 di Lagonegro nella sua vita religiosa\u201d, pubblicato come opera postuma nel 1944, il quale la vide nella sua collocazione originaria e la defin\u00ec come un\u2019opera \u201cdi buon manierista di scuola napoletana\u201d. Tale collocazione originaria era la cappella di Santa Lucia, del cui altare decorato con uno stemma, il dipinto doveva costituire la cona. Ora, se ancora vi \u00e8 qualche difficolt\u00e0 sull\u2019attribuzione a Giulio dell\u2019Oca della paternit\u00e0 del dipinto lagonegrese qui preso in esame, non vi \u00e8 alcun dubbio su chi possa essere il committente di tale opera e la sua datazione. Il Raele infatti, ci parla di un tale medico di nome Arcangelo Grandonio, il quale fece realizzare questo dipinto a spese del dottore in utroque Tommaso Grandonio. In un cartiglio in basso a destra del dipinto sono infatti \u00e8 a tal riguardo riportata la seguente iscrizione \u201c1614 MEDICUS ARCANGELUS GRAII HOC OPUS FACIENDUM CVRAVIT ERE V. I. D. TOMASII GRANDONIO\u201d<br> Il dipinto attribuito a Giulio dell\u2019Oca da Concetta Restaino e a Giovanni Bernardino Azzolino da Anna Grelle nel 1981 qui preso in esame, mostra una impostazione classica della composizione che qui si sviluppa su due registri. Nel registro superiore abbiamo una raffigurazione tipica dell\u2019iconografia della Madonna col Bambino, cosi come essa ci viene presentata a partire dal XVI secolo in poi, in cui la Madonna non siede pi\u00f9 su un trono ma \u00e8 posta al di sopra di una nuvola nell\u2019atto di reggere tra le mani un irrequieto Bambino Ges\u00f9 il quale da al dipinto una impronta dinamica tipica della pittura barocca attraverso il suo gesto benedicente. Questa gestualit\u00e0 del Bambino Ges\u00f9 la si ritrova in maniera leggermente pi\u00f9 composta anche in un altro dipinto attribuito a Giovanni Bernardino Azzolino raffigurante un San Cristoforo col Bambino, conosciuto attraverso una copia conservata nella pinacoteca Coppola di Gallipoli, in provincia di Lecce. Tale aspetto potrebbe aver indotto la Grelle nel 1981 a proporre l\u2019attribuzione di questo dipinto a Giovanni Bernardino Azzolino, il quale con Fabrizio Santafede era molto amico.<\/p>\n\n\n\n<figure class=\"wp-block-image\"><img loading=\"lazy\" width=\"768\" height=\"1024\" src=\"https:\/\/arteeluoghi.it\/wp-content\/uploads\/2021\/02\/S.CristoforoconBambino-copiadaGiovanBernardinoAzzolinoXVIIsec-1-768x1024.jpg\" alt=\"\" class=\"wp-image-9789\" srcset=\"https:\/\/arteeluoghi.it\/wp-content\/uploads\/2021\/02\/S.CristoforoconBambino-copiadaGiovanBernardinoAzzolinoXVIIsec-1-768x1024.jpg 768w, https:\/\/arteeluoghi.it\/wp-content\/uploads\/2021\/02\/S.CristoforoconBambino-copiadaGiovanBernardinoAzzolinoXVIIsec-1-225x300.jpg 225w\" sizes=\"(max-width: 768px) 100vw, 768px\" \/><figcaption>Giovanni Bernardino Azzolino (copia da), San Cristoforo col Bambino, XVII sec., Gallipoli, pinacoteca Coppola (foto di Alessandro Romano, www.salentoacolory.it<\/figcaption><\/figure>\n\n\n\n<p><br> Nel registro inferiore, le Sante martiri Caterina d\u2019Alessandra e Lucia hanno il loro sguardo rivolto verso la Vergine e il Bambino e sono riconoscibili attraverso la palma, simbolo del martirio ed alcuni loro attributi simbolici: la ruota dentata per Santa Caterina, al cui supplizio la Santa venne condannata dall\u2019imperatore Massenzio (per alcuni invece trattasi dell\u2019imperatore Massimino Daia, successore di Diocleziano) per aver rifiutato di sacrificare agli dei e il piatto con i due occhi per Santa Lucia.<br> Alle spalle delle due Sante martiri, si intravede una veduta di paesaggio di campagna in cui sta avvenendo qualcosa: due figure in abiti da lavoro rappresentate in scala ridotta rispetto alle due Sante martiri e alla Vergine sembra stiano attendendo, come ogni giorno della loro vita, al duro lavoro nei campi, Questo aspetto ci riporta indietro nel tempo ad un grande nome della pittura italiana del \u2018Quattrocento, ossia il veneto Giovanni Bellini, il quale nella sua Trasfigurazione di Cristo del museo di Capodimonte di Napoli datata al 1478-1479, ci presenta un contadino che si accinge a terminare la sua giornata di lavoro nei campi, per poi far ritorno alla sua povera abitazione.<\/p>\n\n\n\n<p><br> L\u2019aspetto del paesaggio, presente nel dipinto lagonegrese qui preso in esame, fa da punto di collegamento tra la Madonna col Bambino e le Ss. Caterina d\u2019Alessandria e Lucia e la Madonna Apparente tra i Ss. Francesco ed Antonio, eseguita da Giulio dell\u2019Oca nel 1611 per la chiesa di Santa Maria Apparente a Napoli.<br> Nella Madonna col Bambino e le Ss. Caterina e Lucia della chiesa di San Nicola a Lagonegro la luce che entra in scena dalla sinistra dell\u2019osservatore evidenzia i colori sgargianti degli abiti dei personaggi, provocando un contrasto con l\u2019atmosfera cupa che domina gran parte del dipinto. L\u2019intera composizione del dipinto lagonegrese qui preso in esame, riprende lo schema compositivo della divisione in due registri del dipinto Madonna col Bambino in gloria con San Benedetto, San Pietro, San Paolo e Sant\u2019Agnese conservato nella chiesa di Santa Chiara a Trani, attribuito al napoletano Fabrizio Santafede  il quale a sua volta ricalca uno schema compositivo gi\u00e0 sperimentato da Raffaello Sanzio nella sua Madonna di Foligno della pinacoteca vaticana. Proprio dal citato dipinto di Raffaello, infatti, deriva la composizione a schema piramidale, il cui vertice \u00e8 rappresentato dalla figura della Vergine sia nel caso della Madonna col Bambino e le Ss. Caterina d\u2019Alessandria e Lucia attribuito a Giulio dell\u2019Oca da Concetta Restaino e a Giovanni Bernardino Azzolino da Anna Grelle e sia nel caso della citata Madonna col Bambino in gloria con San Benedetto, San Pietro, San Paolo e Sant\u2019Agnese attribuita al Santafede.<br> Questa Madonna col Bambino e le Ss. Caterina d\u2019Alessandria e Lucia della chiesa lagonegrese di San Nicola al Castello, si presenta dunque come un sunto dei pi\u00f9 importanti momenti che la storia dell\u2019arte italiana abbia attraversato a partire dal XVI sec e permette alla storiografia artistica lucana di manifestare ancora una volta mistero e fascino, fornendoci ancora una volta uno spaccato di storiografia artistica sconosciuto e allo stesso tempo affascinante.<\/p>\n\n\n\n<p><\/p>\n","protected":false},"excerpt":{"rendered":"<p>La Seicentesca \u201cMadonna col Bambino e le Ss. Caterina d\u2019Alessandria e Lucia\u201d della Chiesa di San Nicola al Castello\u201d di<\/p>\n","protected":false},"author":1,"featured_media":9784,"comment_status":"open","ping_status":"open","sticky":true,"template":"","format":"standard","meta":[],"categories":[18,27,3],"tags":[234,1004,493,3273,3280,3276,3154,3275,2661,3278,3274,3279],"yoast_head":"<!-- This site is optimized with the Yoast SEO plugin v18.0 - https:\/\/yoast.com\/wordpress\/plugins\/seo\/ -->\n<title>Lagonegro. Capolavori d\u2019arte dalla Chiesa al Castello | Arte e Luoghi<\/title>\n<meta name=\"robots\" content=\"index, follow, max-snippet:-1, max-image-preview:large, max-video-preview:-1\" \/>\n<link rel=\"canonical\" href=\"https:\/\/arteeluoghi.it\/index.php\/2021\/02\/07\/lagonegro-capolavori-darte-dalla-chiesa-al-castello\/\" \/>\n<meta property=\"og:locale\" content=\"it_IT\" \/>\n<meta property=\"og:type\" content=\"article\" \/>\n<meta property=\"og:title\" content=\"Lagonegro. Capolavori d\u2019arte dalla Chiesa al Castello | Arte e Luoghi\" \/>\n<meta property=\"og:description\" content=\"La Seicentesca \u201cMadonna col Bambino e le Ss. Caterina d\u2019Alessandria e Lucia\u201d della Chiesa di San Nicola al Castello\u201d di\" \/>\n<meta property=\"og:url\" content=\"https:\/\/arteeluoghi.it\/index.php\/2021\/02\/07\/lagonegro-capolavori-darte-dalla-chiesa-al-castello\/\" \/>\n<meta property=\"og:site_name\" content=\"Arte e Luoghi\" \/>\n<meta property=\"article:publisher\" content=\"https:\/\/www.facebook.com\/ArteELuoghi\/\" \/>\n<meta property=\"article:published_time\" content=\"2021-02-07T21:54:52+00:00\" \/>\n<meta property=\"article:modified_time\" content=\"2021-02-19T21:31:43+00:00\" \/>\n<meta property=\"og:image\" content=\"https:\/\/arteeluoghi.it\/wp-content\/uploads\/2021\/02\/scorcio-del-centro-storico-di-Lagonegro-con-la-chiesa-di-San-Nicola-al-Castello-foto-di-Marco-Tedesco.jpg\" \/>\n\t<meta property=\"og:image:width\" content=\"960\" \/>\n\t<meta property=\"og:image:height\" content=\"720\" \/>\n\t<meta property=\"og:image:type\" content=\"image\/jpeg\" \/>\n<meta name=\"twitter:card\" content=\"summary\" \/>\n<meta name=\"twitter:creator\" content=\"@arteeluoghi\" \/>\n<meta name=\"twitter:site\" content=\"@arteeluoghi\" \/>\n<meta name=\"twitter:label1\" content=\"Scritto da\" \/>\n\t<meta name=\"twitter:data1\" content=\"Staff\" \/>\n\t<meta name=\"twitter:label2\" content=\"Tempo di lettura stimato\" \/>\n\t<meta name=\"twitter:data2\" content=\"7 minuti\" \/>\n<script type=\"application\/ld+json\" class=\"yoast-schema-graph\">{\"@context\":\"https:\/\/schema.org\",\"@graph\":[{\"@type\":\"Organization\",\"@id\":\"https:\/\/arteeluoghi.it\/#organization\",\"name\":\"Arte e Luoghi\",\"url\":\"https:\/\/arteeluoghi.it\/\",\"sameAs\":[\"https:\/\/www.facebook.com\/ArteELuoghi\/\",\"https:\/\/www.instagram.com\/arteeluoghi\/?hl=it\",\"https:\/\/www.youtube.com\/channel\/UCuRVc4JW4-C5sg9rQB-srkw?view_as=subscriber\",\"https:\/\/twitter.com\/arteeluoghi\"],\"logo\":{\"@type\":\"ImageObject\",\"@id\":\"https:\/\/arteeluoghi.it\/#logo\",\"inLanguage\":\"it-IT\",\"url\":\"https:\/\/arteeluoghi.it\/wp-content\/uploads\/2018\/08\/logoinstagramarte.jpg\",\"contentUrl\":\"https:\/\/arteeluoghi.it\/wp-content\/uploads\/2018\/08\/logoinstagramarte.jpg\",\"width\":150,\"height\":150,\"caption\":\"Arte e Luoghi\"},\"image\":{\"@id\":\"https:\/\/arteeluoghi.it\/#logo\"}},{\"@type\":\"WebSite\",\"@id\":\"https:\/\/arteeluoghi.it\/#website\",\"url\":\"https:\/\/arteeluoghi.it\/\",\"name\":\"Arte e Luoghi\",\"description\":\"Mensile di arte, cultura, turismo e curiosit\u00e0\",\"publisher\":{\"@id\":\"https:\/\/arteeluoghi.it\/#organization\"},\"potentialAction\":[{\"@type\":\"SearchAction\",\"target\":{\"@type\":\"EntryPoint\",\"urlTemplate\":\"https:\/\/arteeluoghi.it\/?s={search_term_string}\"},\"query-input\":\"required name=search_term_string\"}],\"inLanguage\":\"it-IT\"},{\"@type\":\"ImageObject\",\"@id\":\"https:\/\/arteeluoghi.it\/index.php\/2021\/02\/07\/lagonegro-capolavori-darte-dalla-chiesa-al-castello\/#primaryimage\",\"inLanguage\":\"it-IT\",\"url\":\"https:\/\/arteeluoghi.it\/wp-content\/uploads\/2021\/02\/scorcio-del-centro-storico-di-Lagonegro-con-la-chiesa-di-San-Nicola-al-Castello-foto-di-Marco-Tedesco.jpg\",\"contentUrl\":\"https:\/\/arteeluoghi.it\/wp-content\/uploads\/2021\/02\/scorcio-del-centro-storico-di-Lagonegro-con-la-chiesa-di-San-Nicola-al-Castello-foto-di-Marco-Tedesco.jpg\",\"width\":960,\"height\":720},{\"@type\":\"WebPage\",\"@id\":\"https:\/\/arteeluoghi.it\/index.php\/2021\/02\/07\/lagonegro-capolavori-darte-dalla-chiesa-al-castello\/#webpage\",\"url\":\"https:\/\/arteeluoghi.it\/index.php\/2021\/02\/07\/lagonegro-capolavori-darte-dalla-chiesa-al-castello\/\",\"name\":\"Lagonegro. Capolavori d\u2019arte dalla Chiesa al Castello | Arte e Luoghi\",\"isPartOf\":{\"@id\":\"https:\/\/arteeluoghi.it\/#website\"},\"primaryImageOfPage\":{\"@id\":\"https:\/\/arteeluoghi.it\/index.php\/2021\/02\/07\/lagonegro-capolavori-darte-dalla-chiesa-al-castello\/#primaryimage\"},\"datePublished\":\"2021-02-07T21:54:52+00:00\",\"dateModified\":\"2021-02-19T21:31:43+00:00\",\"breadcrumb\":{\"@id\":\"https:\/\/arteeluoghi.it\/index.php\/2021\/02\/07\/lagonegro-capolavori-darte-dalla-chiesa-al-castello\/#breadcrumb\"},\"inLanguage\":\"it-IT\",\"potentialAction\":[{\"@type\":\"ReadAction\",\"target\":[\"https:\/\/arteeluoghi.it\/index.php\/2021\/02\/07\/lagonegro-capolavori-darte-dalla-chiesa-al-castello\/\"]}]},{\"@type\":\"BreadcrumbList\",\"@id\":\"https:\/\/arteeluoghi.it\/index.php\/2021\/02\/07\/lagonegro-capolavori-darte-dalla-chiesa-al-castello\/#breadcrumb\",\"itemListElement\":[{\"@type\":\"ListItem\",\"position\":1,\"name\":\"Home\",\"item\":\"https:\/\/arteeluoghi.it\/\"},{\"@type\":\"ListItem\",\"position\":2,\"name\":\"Lagonegro. Capolavori d\u2019arte dalla Chiesa al Castello\"}]},{\"@type\":\"Article\",\"@id\":\"https:\/\/arteeluoghi.it\/index.php\/2021\/02\/07\/lagonegro-capolavori-darte-dalla-chiesa-al-castello\/#article\",\"isPartOf\":{\"@id\":\"https:\/\/arteeluoghi.it\/index.php\/2021\/02\/07\/lagonegro-capolavori-darte-dalla-chiesa-al-castello\/#webpage\"},\"author\":{\"@id\":\"https:\/\/arteeluoghi.it\/#\/schema\/person\/f84e814e36e91e01448ee07eaadd41d4\"},\"headline\":\"Lagonegro. Capolavori d\u2019arte dalla Chiesa al Castello\",\"datePublished\":\"2021-02-07T21:54:52+00:00\",\"dateModified\":\"2021-02-19T21:31:43+00:00\",\"mainEntityOfPage\":{\"@id\":\"https:\/\/arteeluoghi.it\/index.php\/2021\/02\/07\/lagonegro-capolavori-darte-dalla-chiesa-al-castello\/#webpage\"},\"wordCount\":1432,\"commentCount\":0,\"publisher\":{\"@id\":\"https:\/\/arteeluoghi.it\/#organization\"},\"image\":{\"@id\":\"https:\/\/arteeluoghi.it\/index.php\/2021\/02\/07\/lagonegro-capolavori-darte-dalla-chiesa-al-castello\/#primaryimage\"},\"thumbnailUrl\":\"https:\/\/arteeluoghi.it\/wp-content\/uploads\/2021\/02\/scorcio-del-centro-storico-di-Lagonegro-con-la-chiesa-di-San-Nicola-al-Castello-foto-di-Marco-Tedesco.jpg\",\"keywords\":[\"arte\",\"Caravaggio\",\"Castello\",\"Chiesa di San Nicola\",\"Fabrizio santafede\",\"Giovanni Bernardino Azzolino\",\"Lagonegro\",\"Madonna col Bambino\",\"Marco Tedesco\",\"Raffaele Raele\",\"Santa caterina\",\"Tommaso Grandonio\"],\"articleSection\":[\"architettura\",\"Arte\",\"Arti visive\"],\"inLanguage\":\"it-IT\",\"potentialAction\":[{\"@type\":\"CommentAction\",\"name\":\"Comment\",\"target\":[\"https:\/\/arteeluoghi.it\/index.php\/2021\/02\/07\/lagonegro-capolavori-darte-dalla-chiesa-al-castello\/#respond\"]}]},{\"@type\":\"Person\",\"@id\":\"https:\/\/arteeluoghi.it\/#\/schema\/person\/f84e814e36e91e01448ee07eaadd41d4\",\"name\":\"Staff\",\"image\":{\"@type\":\"ImageObject\",\"@id\":\"https:\/\/arteeluoghi.it\/#personlogo\",\"inLanguage\":\"it-IT\",\"url\":\"https:\/\/secure.gravatar.com\/avatar\/49d2f9e46271bb04e19cebfaf141313a?s=96&d=blank&r=g\",\"contentUrl\":\"https:\/\/secure.gravatar.com\/avatar\/49d2f9e46271bb04e19cebfaf141313a?s=96&d=blank&r=g\",\"caption\":\"Staff\"}}]}<\/script>\n<!-- \/ Yoast SEO plugin. -->","yoast_head_json":{"title":"Lagonegro. Capolavori d\u2019arte dalla Chiesa al Castello | Arte e Luoghi","robots":{"index":"index","follow":"follow","max-snippet":"max-snippet:-1","max-image-preview":"max-image-preview:large","max-video-preview":"max-video-preview:-1"},"canonical":"https:\/\/arteeluoghi.it\/index.php\/2021\/02\/07\/lagonegro-capolavori-darte-dalla-chiesa-al-castello\/","og_locale":"it_IT","og_type":"article","og_title":"Lagonegro. Capolavori d\u2019arte dalla Chiesa al Castello | Arte e Luoghi","og_description":"La Seicentesca \u201cMadonna col Bambino e le Ss. Caterina d\u2019Alessandria e Lucia\u201d della Chiesa di San Nicola al Castello\u201d di","og_url":"https:\/\/arteeluoghi.it\/index.php\/2021\/02\/07\/lagonegro-capolavori-darte-dalla-chiesa-al-castello\/","og_site_name":"Arte e Luoghi","article_publisher":"https:\/\/www.facebook.com\/ArteELuoghi\/","article_published_time":"2021-02-07T21:54:52+00:00","article_modified_time":"2021-02-19T21:31:43+00:00","og_image":[{"width":960,"height":720,"url":"https:\/\/arteeluoghi.it\/wp-content\/uploads\/2021\/02\/scorcio-del-centro-storico-di-Lagonegro-con-la-chiesa-di-San-Nicola-al-Castello-foto-di-Marco-Tedesco.jpg","type":"image\/jpeg"}],"twitter_card":"summary","twitter_creator":"@arteeluoghi","twitter_site":"@arteeluoghi","twitter_misc":{"Scritto da":"Staff","Tempo di lettura stimato":"7 minuti"},"schema":{"@context":"https:\/\/schema.org","@graph":[{"@type":"Organization","@id":"https:\/\/arteeluoghi.it\/#organization","name":"Arte e Luoghi","url":"https:\/\/arteeluoghi.it\/","sameAs":["https:\/\/www.facebook.com\/ArteELuoghi\/","https:\/\/www.instagram.com\/arteeluoghi\/?hl=it","https:\/\/www.youtube.com\/channel\/UCuRVc4JW4-C5sg9rQB-srkw?view_as=subscriber","https:\/\/twitter.com\/arteeluoghi"],"logo":{"@type":"ImageObject","@id":"https:\/\/arteeluoghi.it\/#logo","inLanguage":"it-IT","url":"https:\/\/arteeluoghi.it\/wp-content\/uploads\/2018\/08\/logoinstagramarte.jpg","contentUrl":"https:\/\/arteeluoghi.it\/wp-content\/uploads\/2018\/08\/logoinstagramarte.jpg","width":150,"height":150,"caption":"Arte e Luoghi"},"image":{"@id":"https:\/\/arteeluoghi.it\/#logo"}},{"@type":"WebSite","@id":"https:\/\/arteeluoghi.it\/#website","url":"https:\/\/arteeluoghi.it\/","name":"Arte e Luoghi","description":"Mensile di arte, cultura, turismo e curiosit\u00e0","publisher":{"@id":"https:\/\/arteeluoghi.it\/#organization"},"potentialAction":[{"@type":"SearchAction","target":{"@type":"EntryPoint","urlTemplate":"https:\/\/arteeluoghi.it\/?s={search_term_string}"},"query-input":"required name=search_term_string"}],"inLanguage":"it-IT"},{"@type":"ImageObject","@id":"https:\/\/arteeluoghi.it\/index.php\/2021\/02\/07\/lagonegro-capolavori-darte-dalla-chiesa-al-castello\/#primaryimage","inLanguage":"it-IT","url":"https:\/\/arteeluoghi.it\/wp-content\/uploads\/2021\/02\/scorcio-del-centro-storico-di-Lagonegro-con-la-chiesa-di-San-Nicola-al-Castello-foto-di-Marco-Tedesco.jpg","contentUrl":"https:\/\/arteeluoghi.it\/wp-content\/uploads\/2021\/02\/scorcio-del-centro-storico-di-Lagonegro-con-la-chiesa-di-San-Nicola-al-Castello-foto-di-Marco-Tedesco.jpg","width":960,"height":720},{"@type":"WebPage","@id":"https:\/\/arteeluoghi.it\/index.php\/2021\/02\/07\/lagonegro-capolavori-darte-dalla-chiesa-al-castello\/#webpage","url":"https:\/\/arteeluoghi.it\/index.php\/2021\/02\/07\/lagonegro-capolavori-darte-dalla-chiesa-al-castello\/","name":"Lagonegro. Capolavori d\u2019arte dalla Chiesa al Castello | Arte e Luoghi","isPartOf":{"@id":"https:\/\/arteeluoghi.it\/#website"},"primaryImageOfPage":{"@id":"https:\/\/arteeluoghi.it\/index.php\/2021\/02\/07\/lagonegro-capolavori-darte-dalla-chiesa-al-castello\/#primaryimage"},"datePublished":"2021-02-07T21:54:52+00:00","dateModified":"2021-02-19T21:31:43+00:00","breadcrumb":{"@id":"https:\/\/arteeluoghi.it\/index.php\/2021\/02\/07\/lagonegro-capolavori-darte-dalla-chiesa-al-castello\/#breadcrumb"},"inLanguage":"it-IT","potentialAction":[{"@type":"ReadAction","target":["https:\/\/arteeluoghi.it\/index.php\/2021\/02\/07\/lagonegro-capolavori-darte-dalla-chiesa-al-castello\/"]}]},{"@type":"BreadcrumbList","@id":"https:\/\/arteeluoghi.it\/index.php\/2021\/02\/07\/lagonegro-capolavori-darte-dalla-chiesa-al-castello\/#breadcrumb","itemListElement":[{"@type":"ListItem","position":1,"name":"Home","item":"https:\/\/arteeluoghi.it\/"},{"@type":"ListItem","position":2,"name":"Lagonegro. Capolavori d\u2019arte dalla Chiesa al Castello"}]},{"@type":"Article","@id":"https:\/\/arteeluoghi.it\/index.php\/2021\/02\/07\/lagonegro-capolavori-darte-dalla-chiesa-al-castello\/#article","isPartOf":{"@id":"https:\/\/arteeluoghi.it\/index.php\/2021\/02\/07\/lagonegro-capolavori-darte-dalla-chiesa-al-castello\/#webpage"},"author":{"@id":"https:\/\/arteeluoghi.it\/#\/schema\/person\/f84e814e36e91e01448ee07eaadd41d4"},"headline":"Lagonegro. Capolavori d\u2019arte dalla Chiesa al Castello","datePublished":"2021-02-07T21:54:52+00:00","dateModified":"2021-02-19T21:31:43+00:00","mainEntityOfPage":{"@id":"https:\/\/arteeluoghi.it\/index.php\/2021\/02\/07\/lagonegro-capolavori-darte-dalla-chiesa-al-castello\/#webpage"},"wordCount":1432,"commentCount":0,"publisher":{"@id":"https:\/\/arteeluoghi.it\/#organization"},"image":{"@id":"https:\/\/arteeluoghi.it\/index.php\/2021\/02\/07\/lagonegro-capolavori-darte-dalla-chiesa-al-castello\/#primaryimage"},"thumbnailUrl":"https:\/\/arteeluoghi.it\/wp-content\/uploads\/2021\/02\/scorcio-del-centro-storico-di-Lagonegro-con-la-chiesa-di-San-Nicola-al-Castello-foto-di-Marco-Tedesco.jpg","keywords":["arte","Caravaggio","Castello","Chiesa di San Nicola","Fabrizio santafede","Giovanni Bernardino Azzolino","Lagonegro","Madonna col Bambino","Marco Tedesco","Raffaele Raele","Santa caterina","Tommaso Grandonio"],"articleSection":["architettura","Arte","Arti visive"],"inLanguage":"it-IT","potentialAction":[{"@type":"CommentAction","name":"Comment","target":["https:\/\/arteeluoghi.it\/index.php\/2021\/02\/07\/lagonegro-capolavori-darte-dalla-chiesa-al-castello\/#respond"]}]},{"@type":"Person","@id":"https:\/\/arteeluoghi.it\/#\/schema\/person\/f84e814e36e91e01448ee07eaadd41d4","name":"Staff","image":{"@type":"ImageObject","@id":"https:\/\/arteeluoghi.it\/#personlogo","inLanguage":"it-IT","url":"https:\/\/secure.gravatar.com\/avatar\/49d2f9e46271bb04e19cebfaf141313a?s=96&d=blank&r=g","contentUrl":"https:\/\/secure.gravatar.com\/avatar\/49d2f9e46271bb04e19cebfaf141313a?s=96&d=blank&r=g","caption":"Staff"}}]}},"_links":{"self":[{"href":"https:\/\/arteeluoghi.it\/index.php\/wp-json\/wp\/v2\/posts\/9782"}],"collection":[{"href":"https:\/\/arteeluoghi.it\/index.php\/wp-json\/wp\/v2\/posts"}],"about":[{"href":"https:\/\/arteeluoghi.it\/index.php\/wp-json\/wp\/v2\/types\/post"}],"author":[{"embeddable":true,"href":"https:\/\/arteeluoghi.it\/index.php\/wp-json\/wp\/v2\/users\/1"}],"replies":[{"embeddable":true,"href":"https:\/\/arteeluoghi.it\/index.php\/wp-json\/wp\/v2\/comments?post=9782"}],"version-history":[{"count":5,"href":"https:\/\/arteeluoghi.it\/index.php\/wp-json\/wp\/v2\/posts\/9782\/revisions"}],"predecessor-version":[{"id":9838,"href":"https:\/\/arteeluoghi.it\/index.php\/wp-json\/wp\/v2\/posts\/9782\/revisions\/9838"}],"wp:featuredmedia":[{"embeddable":true,"href":"https:\/\/arteeluoghi.it\/index.php\/wp-json\/wp\/v2\/media\/9784"}],"wp:attachment":[{"href":"https:\/\/arteeluoghi.it\/index.php\/wp-json\/wp\/v2\/media?parent=9782"}],"wp:term":[{"taxonomy":"category","embeddable":true,"href":"https:\/\/arteeluoghi.it\/index.php\/wp-json\/wp\/v2\/categories?post=9782"},{"taxonomy":"post_tag","embeddable":true,"href":"https:\/\/arteeluoghi.it\/index.php\/wp-json\/wp\/v2\/tags?post=9782"}],"curies":[{"name":"wp","href":"https:\/\/api.w.org\/{rel}","templated":true}]}}