{"id":9863,"date":"2021-03-29T15:09:49","date_gmt":"2021-03-29T13:09:49","guid":{"rendered":"https:\/\/arteeluoghi.it\/?p=9863"},"modified":"2021-03-29T15:09:54","modified_gmt":"2021-03-29T13:09:54","slug":"parigi-e-la-creativita-italiana","status":"publish","type":"post","link":"https:\/\/arteeluoghi.it\/index.php\/2021\/03\/29\/parigi-e-la-creativita-italiana\/","title":{"rendered":"Parigi  e la creativit\u00e0 italiana"},"content":{"rendered":"\n<blockquote class=\"wp-block-quote\"><p>Intervista a Sandro Cappelli, direttore ad interim <br> dell\u2019Istituto italiano di Cultura a Parigi<\/p><cite>Mariangela Rosato<\/cite><\/blockquote>\n\n\n\n<p>Parigi citt\u00e0 dei lumi, Parigi crocevia di artisti provenienti da ogni dove, Parigi centro di sperimentazioni dalle cosmopolite fatture, ma anche Parigi sede di importanti istituzioni. S\u00ec, perch\u00e9 la capitale francese non soltanto accoglie italiani alla ricerca di un\u2019opportunit\u00e0, nuovi migranti tra cui si nascondono anime artistiche capaci di uscire, chi pi\u00f9 chi meno, allo scoperto, ma ospita anche luoghi di importante valore simbolico e storico per il panorama italiano facendosi portavoce della cultura del Bel-Paese presso i nostri cugini transalpini. <\/p>\n\n\n\n<!--more-->\n\n\n\n<p>Allo stesso tempo, questi centri si presentano come un punto di riferimento fondamentale per tutti gli italiani a Parigi i quali ricongiungono, in questo modo, il legame con il suolo natio rendendolo, allo stesso tempo, multiforme e libero dai limiti geografici proprio in ragione dell\u2019incontro e dello scambio vissuto con la cultura multietnica di Parigi e le sue numerose sfaccettature. Tra le varie istituzioni nella ville Lumi\u00e8re che si pongono come promotori della lingua di Dante e di tutto ci\u00f2 che a questa si lega, non si pu\u00f2 non citare l\u2019Istituto italiano di cultura che, cos\u00ec come gli altri ottantatr\u00e9 istituti sparsi per il mondo, si pone l\u2019obiettivo di promuovere l\u2019immagine dell\u2019Italia e della sua cultura, classica e soprattutto contemporanea, all\u2019estero. Ubicato nel cuore del sobborgo di Saint-Germain tra rue de Grenelle, rue de Varenne e rue du Bac, l\u2019IIC di Parigi ha sede in un prestigioso &#8220;h\u00f4tel particulier&#8221;, l\u2019Hotel de Gallifet, risalente alla fine del &#8216;700 che fu acquistato dallo Stato italiano nel 1909 per ospitare dapprima l&#8217;Ambasciata, poi il Consolato Generale d&#8217;Italia e, infine, nel 1962, l&#8217;Istituto Italiano di Cultura. Un luogo che, chiunque abiti a Parigi e sia legato al nostro Paese non pu\u00f2 non aver sentito nominare almeno una volta. Un luogo che \u00e8 riuscito a portare avanti le sue attivit\u00e0 di promozione linguistica e culturale nonostante la situazione pandemica. <\/p>\n\n\n\n<ul class=\"wp-block-gallery columns-3 is-cropped\"><li class=\"blocks-gallery-item\"><figure><img loading=\"lazy\" width=\"1024\" height=\"768\" src=\"https:\/\/arteeluoghi.it\/wp-content\/uploads\/2021\/03\/IIC_-entrata-1024x768.jpg\" alt=\"\" data-id=\"9864\" data-link=\"https:\/\/arteeluoghi.it\/?attachment_id=9864\" class=\"wp-image-9864\" srcset=\"https:\/\/arteeluoghi.it\/wp-content\/uploads\/2021\/03\/IIC_-entrata-1024x768.jpg 1024w, https:\/\/arteeluoghi.it\/wp-content\/uploads\/2021\/03\/IIC_-entrata-300x225.jpg 300w, https:\/\/arteeluoghi.it\/wp-content\/uploads\/2021\/03\/IIC_-entrata-768x576.jpg 768w\" sizes=\"(max-width: 1024px) 100vw, 1024px\" \/><\/figure><\/li><li class=\"blocks-gallery-item\"><figure><img loading=\"lazy\" width=\"1024\" height=\"768\" src=\"https:\/\/arteeluoghi.it\/wp-content\/uploads\/2021\/03\/IIC_-salone-2-1024x768.jpg\" alt=\"\" data-id=\"9867\" data-link=\"https:\/\/arteeluoghi.it\/?attachment_id=9867\" class=\"wp-image-9867\" srcset=\"https:\/\/arteeluoghi.it\/wp-content\/uploads\/2021\/03\/IIC_-salone-2-1024x768.jpg 1024w, https:\/\/arteeluoghi.it\/wp-content\/uploads\/2021\/03\/IIC_-salone-2-300x225.jpg 300w, https:\/\/arteeluoghi.it\/wp-content\/uploads\/2021\/03\/IIC_-salone-2-768x576.jpg 768w\" sizes=\"(max-width: 1024px) 100vw, 1024px\" \/><\/figure><\/li><li class=\"blocks-gallery-item\"><figure><img loading=\"lazy\" width=\"1024\" height=\"768\" src=\"https:\/\/arteeluoghi.it\/wp-content\/uploads\/2021\/03\/IIC_-giardino-2-2-1024x768.jpg\" alt=\"\" data-id=\"9870\" data-link=\"https:\/\/arteeluoghi.it\/?attachment_id=9870\" class=\"wp-image-9870\" srcset=\"https:\/\/arteeluoghi.it\/wp-content\/uploads\/2021\/03\/IIC_-giardino-2-2-1024x768.jpg 1024w, https:\/\/arteeluoghi.it\/wp-content\/uploads\/2021\/03\/IIC_-giardino-2-2-300x225.jpg 300w, https:\/\/arteeluoghi.it\/wp-content\/uploads\/2021\/03\/IIC_-giardino-2-2-768x576.jpg 768w\" sizes=\"(max-width: 1024px) 100vw, 1024px\" \/><\/figure><\/li><li class=\"blocks-gallery-item\"><figure><img loading=\"lazy\" width=\"1000\" height=\"662\" src=\"https:\/\/arteeluoghi.it\/wp-content\/uploads\/2021\/03\/IIC_-giardino-2.jpg\" alt=\"\" data-id=\"9865\" data-link=\"https:\/\/arteeluoghi.it\/?attachment_id=9865\" class=\"wp-image-9865\" srcset=\"https:\/\/arteeluoghi.it\/wp-content\/uploads\/2021\/03\/IIC_-giardino-2.jpg 1000w, https:\/\/arteeluoghi.it\/wp-content\/uploads\/2021\/03\/IIC_-giardino-2-300x199.jpg 300w, https:\/\/arteeluoghi.it\/wp-content\/uploads\/2021\/03\/IIC_-giardino-2-768x508.jpg 768w\" sizes=\"(max-width: 1000px) 100vw, 1000px\" \/><\/figure><\/li><\/ul>\n\n\n\n<p><\/p>\n\n\n\n<p><br> \u201cNon ci siamo fatti abbattere dalle difficolt\u00e0 e grazie alla collaborazione di tutto lo staff dell\u2019Istituto, compresi gli insegnanti di lingua, abbiamo trasportato tutta la programmazione sulle piattaforme digitali- mi spiega Sandro Cappelli, direttore ad interim dell\u2019IIC di Parigi. \u201cPer gli eventi previsti in presenza- sottolinea- abbiamo pensato ad un piano editoriale di proposte attraverso i nostri social. Ci siamo, infatti, orientati su pi\u00f9 fronti: condividendo del materiale di archivio, presentando delle rassegne settimanali durante le quali abbiamo proposto piccole mostre fotografiche e creando partenariati con organismi locali come ad esempio il festival Planches di Deauville, a pochi chilometri da Parigi\u201d. Tra i tanti eventi organizzati in questo periodo dall\u2019istituto e che ha catturato l\u2019attenzione, troviamo il progetto \u201cViva Rodari\u201d  ideato in collaborazione con la casa editrice francese Ypsilon che ha tradotto, per la prima volta nella lingua di Moli\u00e8re, \u201cIl libro degli errori.\u201d \u201cA tal proposito \u2013 chiarisce il direttore- abbiamo deciso di creare dei poadcasts da ascoltare gratuitamente in streaming fino al 31 marzo 2021 tramite la piattaforma soundcloud. Si tratta di sei puntate in cui l\u2019attore Denis Lavant legge in francese dei passi del testo raccontando le strane storie, in versi e in prosa, presenti in questa magnifica opera letteraria \u201d. Seguendo lo stesso schema, il Ministero ha organizzato anche una lettura dantesca \u201cDante in trentatr\u00e9 lingue\u201d trasmessa tramite alcuni poadcast nei quali troviamo due attori che si alternano nei ruoli di Dante e Virgilio a cui si aggiunge una voce femminile che funge da narratore. \u201cOltre a questi progetti &#8211; aggiunge-  abbiamo avviato una rassegna cinematografica nel corso della quale verranno proiettati vari film e documentari a cui seguir\u00e0 un dibattito tra i registi e gli esperti della tematica dei reportage visibili dall\u2019Italia sul canale vimeo dell\u2019IIC\u201d. Inoltre, da segnalare \u00e8 anche l\u2019interessante iniziativa \u201c1990-2020. Le th\u00e9\u00e2tre italien en r\u00e9sistance\u00a0\u00bb\u00a0a cura di Federica Martucci e Olivier Favier con la quale, attraverso diverse interviste, gli autori del saggio omonimo ci guidano nella storia della drammaturgia italiana degli ultimi trent\u2019anni.  <br> L\u2019IIC non si dedica solo alla promozione del nostro patrimonio culturale gi\u00e0 consolidato, ma si pone come sostenitore in Francia della creativit\u00e0 italiana in tutte le sue forme. Emblematica di tale tendenza \u00e8 proprio l\u2019iniziativa \u201cLe promesse dell\u2019arte\u201d nell\u2019ambito della quale l\u2019IIC ospita ogni mese un talento italiano nella prestigiosa sede dell\u2019H\u00f4tel de Galliffet. Un importante progetto questo, che, avviato nel 2012, recupera evidentemente un approccio \u00e0 la fran\u00e7aise nei confronti della produzione artistica che si esplica, ad esempio, nella creazione di grandi istituzioni, come la magnifica Villa Medici a Roma e la Casa de Vel\u00e1zquez a Madrid. Destinate ad accogliere ogni anno artisti provenienti da ogni parte del mondo ed aventi una posizione consolidata nel panorama francese, queste strutture danno ai selezionati la possibilit\u00e0 di entrare in contatto con nuove realt\u00e0 culturali ed apportare qualcosa di innovativo alla produzione artistica. \u201cPer il momento- afferma il direttore- non siamo arrivati a questo tipo di organizzazione, tuttavia nulla impedisce che, con pi\u00f9 risorse umane a disposizione e pi\u00f9 spazi, un progetto del genere si possa fare in futuro\u201d. Certamente un ottimo auspicio per i mesi a venire che inaugureranno la nuova direzione di Diego Marani, noto scrittore italiano. <br> Essere un italiano a Parigi, quindi, significa non soltanto scoprire nuove culture e cibarsi di una creativit\u00e0 sempre in movimento, anche in questo periodo di chiusura, ma soprattutto rimodellare il rapporto con la propria cultura nazionale alla quale si guarda con una nuova prospettiva e della quale si esplorano aspetti molto spesso inaspettati. \u201cLo sguardo da lontano permette di focalizzarsi su ci\u00f2 che si ritiene essere pi\u00f9 di valore \u2013 afferma Cappelli. Continua: \u201cViene naturale, se si vive a Parigi, interessarsi agli eventi che si organizzano in relazione all\u2019Italia sia per il lato nostalgico, sia perch\u00e9 \u00e8 interessante capire come il Paese che ti ospita, in questo caso la Francia, considera la cultura italiana. In questo modo, ci si rende conto di una presenza forte della cultura italiana a Parigi\u201d. Una grande citt\u00e0 quindi, in cui si pu\u00f2 trovare un piccolo angolo d\u2019Italia ovunque. <\/p>\n","protected":false},"excerpt":{"rendered":"<p>Intervista a Sandro Cappelli, direttore ad interim dell\u2019Istituto italiano di Cultura a Parigi Mariangela Rosato Parigi citt\u00e0 dei lumi, Parigi<\/p>\n","protected":false},"author":1,"featured_media":9865,"comment_status":"open","ping_status":"open","sticky":true,"template":"","format":"standard","meta":[],"categories":[16],"tags":[3308,3310,3309],"yoast_head":"<!-- This site is optimized with the Yoast SEO plugin v18.0 - https:\/\/yoast.com\/wordpress\/plugins\/seo\/ -->\n<title>Parigi e la creativit\u00e0 italiana | Arte e Luoghi<\/title>\n<meta name=\"description\" content=\"Intervista a Sandro Cappelli, direttore ad interim dell\u2019Istituto italiano di Cultura a Parigi nell&#039;ambito della rubrica Un italiano a Parigi\" \/>\n<meta name=\"robots\" content=\"index, follow, max-snippet:-1, max-image-preview:large, max-video-preview:-1\" \/>\n<link rel=\"canonical\" href=\"https:\/\/arteeluoghi.it\/index.php\/2021\/03\/29\/parigi-e-la-creativita-italiana\/\" \/>\n<meta property=\"og:locale\" content=\"it_IT\" \/>\n<meta property=\"og:type\" content=\"article\" \/>\n<meta property=\"og:title\" content=\"Parigi e la creativit\u00e0 italiana | Arte e Luoghi\" \/>\n<meta property=\"og:description\" content=\"Intervista a Sandro Cappelli, direttore ad interim dell\u2019Istituto italiano di Cultura a Parigi nell&#039;ambito della rubrica Un italiano a Parigi\" \/>\n<meta property=\"og:url\" content=\"https:\/\/arteeluoghi.it\/index.php\/2021\/03\/29\/parigi-e-la-creativita-italiana\/\" \/>\n<meta property=\"og:site_name\" content=\"Arte e Luoghi\" \/>\n<meta property=\"article:publisher\" content=\"https:\/\/www.facebook.com\/ArteELuoghi\/\" \/>\n<meta property=\"article:published_time\" content=\"2021-03-29T13:09:49+00:00\" \/>\n<meta property=\"article:modified_time\" content=\"2021-03-29T13:09:54+00:00\" \/>\n<meta property=\"og:image\" content=\"https:\/\/arteeluoghi.it\/wp-content\/uploads\/2021\/03\/IIC_-giardino-2.jpg\" \/>\n\t<meta property=\"og:image:width\" content=\"1000\" \/>\n\t<meta property=\"og:image:height\" content=\"662\" \/>\n\t<meta property=\"og:image:type\" content=\"image\/jpeg\" \/>\n<meta name=\"twitter:card\" content=\"summary\" \/>\n<meta name=\"twitter:creator\" content=\"@arteeluoghi\" \/>\n<meta name=\"twitter:site\" content=\"@arteeluoghi\" \/>\n<meta name=\"twitter:label1\" content=\"Scritto da\" \/>\n\t<meta name=\"twitter:data1\" content=\"Staff\" \/>\n\t<meta name=\"twitter:label2\" content=\"Tempo di lettura stimato\" \/>\n\t<meta name=\"twitter:data2\" content=\"5 minuti\" \/>\n<script type=\"application\/ld+json\" class=\"yoast-schema-graph\">{\"@context\":\"https:\/\/schema.org\",\"@graph\":[{\"@type\":\"Organization\",\"@id\":\"https:\/\/arteeluoghi.it\/#organization\",\"name\":\"Arte e Luoghi\",\"url\":\"https:\/\/arteeluoghi.it\/\",\"sameAs\":[\"https:\/\/www.facebook.com\/ArteELuoghi\/\",\"https:\/\/www.instagram.com\/arteeluoghi\/?hl=it\",\"https:\/\/www.youtube.com\/channel\/UCuRVc4JW4-C5sg9rQB-srkw?view_as=subscriber\",\"https:\/\/twitter.com\/arteeluoghi\"],\"logo\":{\"@type\":\"ImageObject\",\"@id\":\"https:\/\/arteeluoghi.it\/#logo\",\"inLanguage\":\"it-IT\",\"url\":\"https:\/\/arteeluoghi.it\/wp-content\/uploads\/2018\/08\/logoinstagramarte.jpg\",\"contentUrl\":\"https:\/\/arteeluoghi.it\/wp-content\/uploads\/2018\/08\/logoinstagramarte.jpg\",\"width\":150,\"height\":150,\"caption\":\"Arte e Luoghi\"},\"image\":{\"@id\":\"https:\/\/arteeluoghi.it\/#logo\"}},{\"@type\":\"WebSite\",\"@id\":\"https:\/\/arteeluoghi.it\/#website\",\"url\":\"https:\/\/arteeluoghi.it\/\",\"name\":\"Arte e Luoghi\",\"description\":\"Mensile di arte, cultura, turismo e curiosit\u00e0\",\"publisher\":{\"@id\":\"https:\/\/arteeluoghi.it\/#organization\"},\"potentialAction\":[{\"@type\":\"SearchAction\",\"target\":{\"@type\":\"EntryPoint\",\"urlTemplate\":\"https:\/\/arteeluoghi.it\/?s={search_term_string}\"},\"query-input\":\"required name=search_term_string\"}],\"inLanguage\":\"it-IT\"},{\"@type\":\"ImageObject\",\"@id\":\"https:\/\/arteeluoghi.it\/index.php\/2021\/03\/29\/parigi-e-la-creativita-italiana\/#primaryimage\",\"inLanguage\":\"it-IT\",\"url\":\"https:\/\/arteeluoghi.it\/wp-content\/uploads\/2021\/03\/IIC_-giardino-2.jpg\",\"contentUrl\":\"https:\/\/arteeluoghi.it\/wp-content\/uploads\/2021\/03\/IIC_-giardino-2.jpg\",\"width\":1000,\"height\":662},{\"@type\":\"WebPage\",\"@id\":\"https:\/\/arteeluoghi.it\/index.php\/2021\/03\/29\/parigi-e-la-creativita-italiana\/#webpage\",\"url\":\"https:\/\/arteeluoghi.it\/index.php\/2021\/03\/29\/parigi-e-la-creativita-italiana\/\",\"name\":\"Parigi e la creativit\u00e0 italiana | Arte e Luoghi\",\"isPartOf\":{\"@id\":\"https:\/\/arteeluoghi.it\/#website\"},\"primaryImageOfPage\":{\"@id\":\"https:\/\/arteeluoghi.it\/index.php\/2021\/03\/29\/parigi-e-la-creativita-italiana\/#primaryimage\"},\"datePublished\":\"2021-03-29T13:09:49+00:00\",\"dateModified\":\"2021-03-29T13:09:54+00:00\",\"description\":\"Intervista a Sandro Cappelli, direttore ad interim dell\u2019Istituto italiano di Cultura a Parigi nell'ambito della rubrica Un italiano a Parigi\",\"breadcrumb\":{\"@id\":\"https:\/\/arteeluoghi.it\/index.php\/2021\/03\/29\/parigi-e-la-creativita-italiana\/#breadcrumb\"},\"inLanguage\":\"it-IT\",\"potentialAction\":[{\"@type\":\"ReadAction\",\"target\":[\"https:\/\/arteeluoghi.it\/index.php\/2021\/03\/29\/parigi-e-la-creativita-italiana\/\"]}]},{\"@type\":\"BreadcrumbList\",\"@id\":\"https:\/\/arteeluoghi.it\/index.php\/2021\/03\/29\/parigi-e-la-creativita-italiana\/#breadcrumb\",\"itemListElement\":[{\"@type\":\"ListItem\",\"position\":1,\"name\":\"Home\",\"item\":\"https:\/\/arteeluoghi.it\/\"},{\"@type\":\"ListItem\",\"position\":2,\"name\":\"Parigi e la creativit\u00e0 italiana\"}]},{\"@type\":\"Article\",\"@id\":\"https:\/\/arteeluoghi.it\/index.php\/2021\/03\/29\/parigi-e-la-creativita-italiana\/#article\",\"isPartOf\":{\"@id\":\"https:\/\/arteeluoghi.it\/index.php\/2021\/03\/29\/parigi-e-la-creativita-italiana\/#webpage\"},\"author\":{\"@id\":\"https:\/\/arteeluoghi.it\/#\/schema\/person\/f84e814e36e91e01448ee07eaadd41d4\"},\"headline\":\"Parigi e la creativit\u00e0 italiana\",\"datePublished\":\"2021-03-29T13:09:49+00:00\",\"dateModified\":\"2021-03-29T13:09:54+00:00\",\"mainEntityOfPage\":{\"@id\":\"https:\/\/arteeluoghi.it\/index.php\/2021\/03\/29\/parigi-e-la-creativita-italiana\/#webpage\"},\"wordCount\":1020,\"commentCount\":0,\"publisher\":{\"@id\":\"https:\/\/arteeluoghi.it\/#organization\"},\"image\":{\"@id\":\"https:\/\/arteeluoghi.it\/index.php\/2021\/03\/29\/parigi-e-la-creativita-italiana\/#primaryimage\"},\"thumbnailUrl\":\"https:\/\/arteeluoghi.it\/wp-content\/uploads\/2021\/03\/IIC_-giardino-2.jpg\",\"keywords\":[\"Istituto italiano di Cultura a Parigi\",\"Mariangela Rosato\",\"Sandro Cappelli\"],\"articleSection\":[\"I luoghi nella rete Biblioteche Musei Fondazioni\"],\"inLanguage\":\"it-IT\",\"potentialAction\":[{\"@type\":\"CommentAction\",\"name\":\"Comment\",\"target\":[\"https:\/\/arteeluoghi.it\/index.php\/2021\/03\/29\/parigi-e-la-creativita-italiana\/#respond\"]}]},{\"@type\":\"Person\",\"@id\":\"https:\/\/arteeluoghi.it\/#\/schema\/person\/f84e814e36e91e01448ee07eaadd41d4\",\"name\":\"Staff\",\"image\":{\"@type\":\"ImageObject\",\"@id\":\"https:\/\/arteeluoghi.it\/#personlogo\",\"inLanguage\":\"it-IT\",\"url\":\"https:\/\/secure.gravatar.com\/avatar\/49d2f9e46271bb04e19cebfaf141313a?s=96&d=blank&r=g\",\"contentUrl\":\"https:\/\/secure.gravatar.com\/avatar\/49d2f9e46271bb04e19cebfaf141313a?s=96&d=blank&r=g\",\"caption\":\"Staff\"}}]}<\/script>\n<!-- \/ Yoast SEO plugin. -->","yoast_head_json":{"title":"Parigi e la creativit\u00e0 italiana | Arte e Luoghi","description":"Intervista a Sandro Cappelli, direttore ad interim dell\u2019Istituto italiano di Cultura a Parigi nell'ambito della rubrica Un italiano a Parigi","robots":{"index":"index","follow":"follow","max-snippet":"max-snippet:-1","max-image-preview":"max-image-preview:large","max-video-preview":"max-video-preview:-1"},"canonical":"https:\/\/arteeluoghi.it\/index.php\/2021\/03\/29\/parigi-e-la-creativita-italiana\/","og_locale":"it_IT","og_type":"article","og_title":"Parigi e la creativit\u00e0 italiana | Arte e Luoghi","og_description":"Intervista a Sandro Cappelli, direttore ad interim dell\u2019Istituto italiano di Cultura a Parigi nell'ambito della rubrica Un italiano a Parigi","og_url":"https:\/\/arteeluoghi.it\/index.php\/2021\/03\/29\/parigi-e-la-creativita-italiana\/","og_site_name":"Arte e Luoghi","article_publisher":"https:\/\/www.facebook.com\/ArteELuoghi\/","article_published_time":"2021-03-29T13:09:49+00:00","article_modified_time":"2021-03-29T13:09:54+00:00","og_image":[{"width":1000,"height":662,"url":"https:\/\/arteeluoghi.it\/wp-content\/uploads\/2021\/03\/IIC_-giardino-2.jpg","type":"image\/jpeg"}],"twitter_card":"summary","twitter_creator":"@arteeluoghi","twitter_site":"@arteeluoghi","twitter_misc":{"Scritto da":"Staff","Tempo di lettura stimato":"5 minuti"},"schema":{"@context":"https:\/\/schema.org","@graph":[{"@type":"Organization","@id":"https:\/\/arteeluoghi.it\/#organization","name":"Arte e Luoghi","url":"https:\/\/arteeluoghi.it\/","sameAs":["https:\/\/www.facebook.com\/ArteELuoghi\/","https:\/\/www.instagram.com\/arteeluoghi\/?hl=it","https:\/\/www.youtube.com\/channel\/UCuRVc4JW4-C5sg9rQB-srkw?view_as=subscriber","https:\/\/twitter.com\/arteeluoghi"],"logo":{"@type":"ImageObject","@id":"https:\/\/arteeluoghi.it\/#logo","inLanguage":"it-IT","url":"https:\/\/arteeluoghi.it\/wp-content\/uploads\/2018\/08\/logoinstagramarte.jpg","contentUrl":"https:\/\/arteeluoghi.it\/wp-content\/uploads\/2018\/08\/logoinstagramarte.jpg","width":150,"height":150,"caption":"Arte e Luoghi"},"image":{"@id":"https:\/\/arteeluoghi.it\/#logo"}},{"@type":"WebSite","@id":"https:\/\/arteeluoghi.it\/#website","url":"https:\/\/arteeluoghi.it\/","name":"Arte e Luoghi","description":"Mensile di arte, cultura, turismo e curiosit\u00e0","publisher":{"@id":"https:\/\/arteeluoghi.it\/#organization"},"potentialAction":[{"@type":"SearchAction","target":{"@type":"EntryPoint","urlTemplate":"https:\/\/arteeluoghi.it\/?s={search_term_string}"},"query-input":"required name=search_term_string"}],"inLanguage":"it-IT"},{"@type":"ImageObject","@id":"https:\/\/arteeluoghi.it\/index.php\/2021\/03\/29\/parigi-e-la-creativita-italiana\/#primaryimage","inLanguage":"it-IT","url":"https:\/\/arteeluoghi.it\/wp-content\/uploads\/2021\/03\/IIC_-giardino-2.jpg","contentUrl":"https:\/\/arteeluoghi.it\/wp-content\/uploads\/2021\/03\/IIC_-giardino-2.jpg","width":1000,"height":662},{"@type":"WebPage","@id":"https:\/\/arteeluoghi.it\/index.php\/2021\/03\/29\/parigi-e-la-creativita-italiana\/#webpage","url":"https:\/\/arteeluoghi.it\/index.php\/2021\/03\/29\/parigi-e-la-creativita-italiana\/","name":"Parigi e la creativit\u00e0 italiana | Arte e Luoghi","isPartOf":{"@id":"https:\/\/arteeluoghi.it\/#website"},"primaryImageOfPage":{"@id":"https:\/\/arteeluoghi.it\/index.php\/2021\/03\/29\/parigi-e-la-creativita-italiana\/#primaryimage"},"datePublished":"2021-03-29T13:09:49+00:00","dateModified":"2021-03-29T13:09:54+00:00","description":"Intervista a Sandro Cappelli, direttore ad interim dell\u2019Istituto italiano di Cultura a Parigi nell'ambito della rubrica Un italiano a Parigi","breadcrumb":{"@id":"https:\/\/arteeluoghi.it\/index.php\/2021\/03\/29\/parigi-e-la-creativita-italiana\/#breadcrumb"},"inLanguage":"it-IT","potentialAction":[{"@type":"ReadAction","target":["https:\/\/arteeluoghi.it\/index.php\/2021\/03\/29\/parigi-e-la-creativita-italiana\/"]}]},{"@type":"BreadcrumbList","@id":"https:\/\/arteeluoghi.it\/index.php\/2021\/03\/29\/parigi-e-la-creativita-italiana\/#breadcrumb","itemListElement":[{"@type":"ListItem","position":1,"name":"Home","item":"https:\/\/arteeluoghi.it\/"},{"@type":"ListItem","position":2,"name":"Parigi e la creativit\u00e0 italiana"}]},{"@type":"Article","@id":"https:\/\/arteeluoghi.it\/index.php\/2021\/03\/29\/parigi-e-la-creativita-italiana\/#article","isPartOf":{"@id":"https:\/\/arteeluoghi.it\/index.php\/2021\/03\/29\/parigi-e-la-creativita-italiana\/#webpage"},"author":{"@id":"https:\/\/arteeluoghi.it\/#\/schema\/person\/f84e814e36e91e01448ee07eaadd41d4"},"headline":"Parigi e la creativit\u00e0 italiana","datePublished":"2021-03-29T13:09:49+00:00","dateModified":"2021-03-29T13:09:54+00:00","mainEntityOfPage":{"@id":"https:\/\/arteeluoghi.it\/index.php\/2021\/03\/29\/parigi-e-la-creativita-italiana\/#webpage"},"wordCount":1020,"commentCount":0,"publisher":{"@id":"https:\/\/arteeluoghi.it\/#organization"},"image":{"@id":"https:\/\/arteeluoghi.it\/index.php\/2021\/03\/29\/parigi-e-la-creativita-italiana\/#primaryimage"},"thumbnailUrl":"https:\/\/arteeluoghi.it\/wp-content\/uploads\/2021\/03\/IIC_-giardino-2.jpg","keywords":["Istituto italiano di Cultura a Parigi","Mariangela Rosato","Sandro Cappelli"],"articleSection":["I luoghi nella rete Biblioteche Musei Fondazioni"],"inLanguage":"it-IT","potentialAction":[{"@type":"CommentAction","name":"Comment","target":["https:\/\/arteeluoghi.it\/index.php\/2021\/03\/29\/parigi-e-la-creativita-italiana\/#respond"]}]},{"@type":"Person","@id":"https:\/\/arteeluoghi.it\/#\/schema\/person\/f84e814e36e91e01448ee07eaadd41d4","name":"Staff","image":{"@type":"ImageObject","@id":"https:\/\/arteeluoghi.it\/#personlogo","inLanguage":"it-IT","url":"https:\/\/secure.gravatar.com\/avatar\/49d2f9e46271bb04e19cebfaf141313a?s=96&d=blank&r=g","contentUrl":"https:\/\/secure.gravatar.com\/avatar\/49d2f9e46271bb04e19cebfaf141313a?s=96&d=blank&r=g","caption":"Staff"}}]}},"_links":{"self":[{"href":"https:\/\/arteeluoghi.it\/index.php\/wp-json\/wp\/v2\/posts\/9863"}],"collection":[{"href":"https:\/\/arteeluoghi.it\/index.php\/wp-json\/wp\/v2\/posts"}],"about":[{"href":"https:\/\/arteeluoghi.it\/index.php\/wp-json\/wp\/v2\/types\/post"}],"author":[{"embeddable":true,"href":"https:\/\/arteeluoghi.it\/index.php\/wp-json\/wp\/v2\/users\/1"}],"replies":[{"embeddable":true,"href":"https:\/\/arteeluoghi.it\/index.php\/wp-json\/wp\/v2\/comments?post=9863"}],"version-history":[{"count":1,"href":"https:\/\/arteeluoghi.it\/index.php\/wp-json\/wp\/v2\/posts\/9863\/revisions"}],"predecessor-version":[{"id":9871,"href":"https:\/\/arteeluoghi.it\/index.php\/wp-json\/wp\/v2\/posts\/9863\/revisions\/9871"}],"wp:featuredmedia":[{"embeddable":true,"href":"https:\/\/arteeluoghi.it\/index.php\/wp-json\/wp\/v2\/media\/9865"}],"wp:attachment":[{"href":"https:\/\/arteeluoghi.it\/index.php\/wp-json\/wp\/v2\/media?parent=9863"}],"wp:term":[{"taxonomy":"category","embeddable":true,"href":"https:\/\/arteeluoghi.it\/index.php\/wp-json\/wp\/v2\/categories?post=9863"},{"taxonomy":"post_tag","embeddable":true,"href":"https:\/\/arteeluoghi.it\/index.php\/wp-json\/wp\/v2\/tags?post=9863"}],"curies":[{"name":"wp","href":"https:\/\/api.w.org\/{rel}","templated":true}]}}