{"id":9892,"date":"2021-03-29T16:08:47","date_gmt":"2021-03-29T14:08:47","guid":{"rendered":"https:\/\/arteeluoghi.it\/?p=9892"},"modified":"2021-03-29T16:08:53","modified_gmt":"2021-03-29T14:08:53","slug":"cannizzaro-racconti-dafrica-in-40-scatti-smart","status":"publish","type":"post","link":"https:\/\/arteeluoghi.it\/index.php\/2021\/03\/29\/cannizzaro-racconti-dafrica-in-40-scatti-smart\/","title":{"rendered":"Cannizzaro. Racconti d\u2019Africa. In 40 scatti smart"},"content":{"rendered":"\n<blockquote class=\"wp-block-quote\"><p>Quaranta foto scattate con lo smartphone allestite a Palazzo Merulana<br> in attesa di riaprire dal 7 al 16 aprile 2021<\/p><cite>Antonietta Fulvio<\/cite><\/blockquote>\n\n\n\n<p>Era il 2018 quando il regista romano Piero Cannizzaro ritornava nell\u2019Africa francofona per CinemArena, l\u2019iniziativa di cinema itinerante avviata dal 2002 dal MAECI (Ministero degli Affari Esteri e della Cooperazione Internazionale) e dall\u2019AICS (Agenzia italiana per la Cooperazione allo Sviluppo). Una carovana di camion percorreva le strade dell\u2019Africa fra Senegal, Costa d\u2019Avorio, Guinea, Gambia, Nigeria e Sudan, portando il cinema all\u2019aperto in oltre 200 villaggi per promuovere una corretta informazione sui rischi della migrazione irregolare. L\u2019edizione 2018\/2019 a cura di AICS, finanziata con il Fondo Africa del MAECI e realizzata insieme al Ministero dell\u2019Interno e all\u2019Organizzazione Internazionale per le Migrazioni (OIM) ha portato alla realizzazione di \u201cStorie d\u2019Africa\u201d un documentario destinato a diventare anche la testimonianza di una sorta di \u201ccome eravamo\u201d prima della dilagare della pandemia che oggi costringe a comportamenti di distanziamento, ad indossare mascherine che coprono i volti sui quali invece Piero Cannizzaro ha insistito con il suo obiettivo per cercare come nella sua cifra stilistica, di catturare emozioni nelle pieghe di vestiti come nelle rughe di uomini e donne del continente nero. Filmando e fotografando l\u2019anima e l\u2019essenza di una terra affascinante quanto poco conosciuta, \u00e8 riuscito a raccontare il difficile tema  dell\u2019emigrazione ma anche delle tante Afriche che esistono. E coesistono. Al di l\u00e0 degli stereotipi e dei preconcetti che si costruiscono al di qua e  al di l\u00e0 delle sponde del Mediterraneo.<\/p>\n\n\n\n<!--more-->\n\n\n\n<p><br> Quaranta foto, scattate con lo smartphone durante le riprese del documentario costituiscono il corpus della mostra \u201cRacconti d\u2019Africa\u201d, a cura di Glauco Dattini, che dal prossimo 7 al 16 aprile 2021 (l\u2019apertura prevista per il 10 marzo \u00e8 stata posticipata per il passaggio del Lazio in zona rossa, ndr) trovano posto nelle sale espositive di Palazzo Merulana, un luogo d\u2019arte nato dalla sinergia tra Fondazione Elena e Claudio Cerasi e CoopCulture.<br> Le foto rappresentano la parte positiva del documentario \u201cStorie d\u2019Africa\u201d dove in primo piano \u00e8 appunto il racconto delle storie di persone che avevano tentato senza esito di raggiungere l\u2019Europa e altre che ne erano tornate. \u00abCon le foto ho voluto dare un volto a chi generalmente vediamo come massa indistinta sui barconi, in apparenza senza identit\u00e0 e dignit\u00e0\u00bb spiega Cannizzaro. Persone che avevano subito torture, sofferenze terribili, ripartite ogni volta da zero ma mai arrendevoli e sempre piene di speranza. Dopo aver affrontato ogni tipo di violenza, avevano ancora la forza e la voglia di ricominciare, con una consapevolezza pi\u00f9 forte, un nuovo rapporto con l\u2019Africa e il proprio villaggio. Chi parte, come chi ritorna, \u00e8 figlio della sorte e gioca con essa: se ce la fa vuol dire che \u00e8 il suo momento, se non ce la fa era il tuo destino. Nei villaggi, salvo pochi casi, non c\u2019\u00e8 disperazione. Chi decide di partire, spesso, non \u00e8 il pi\u00f9 povero: servono soldi per partire\u00bb. La migrazione, Un fenomeno che ci accomuna. Anche i nostri emigranti partivano per inseguire il sogno di una vita migliore sena fame e miseria. \u00abUn racconto di sopravvivenze\u201d, scrive Erri De Luca, che trasmettono coraggio invece che disperazione\u00bb.<br> Affascinato dalla bellezza di donne, di uomini e dai racconti di vita vissuta che ha avuto modo di ascoltare, Piero Cannizzaro ha colto e fermato la forza degli sguardi, la resilienza che esprimevano, ma anche l\u2019eleganza della loro postura, i colori, la cura degli abiti. Emozioni ancora vive, guidate dalla luce  e mediate dalla tecnologia, al servizio del soggetto da fotografare.<br> \u00abL&#8217;Africa  &#8211; racconta Piero Cannizzaro &#8211; \u00e8 un paese complesso, pieno di contraddizioni, con troppe povert\u00e0 e troppe ricchezze. Ma bellissimo. Sconvolgenti i suoi spazi, i suoi silenzi, le sue solitudini, la confusione, i suoni, le luci, la musica, i visi della gente, i suoi tramonti. Un continente troppo grande e vario, in tutti i sensi, per essere descritto.<br> Le foto che ho scattato rappresentano solo delle suggestioni di luoghi e persone che ho avuto l\u2019opportunit\u00e0 di incontrare.\u00bb<\/p>\n\n\n\n<ul class=\"wp-block-gallery columns-3 is-cropped\"><li class=\"blocks-gallery-item\"><figure><img loading=\"lazy\" width=\"1024\" height=\"576\" src=\"https:\/\/arteeluoghi.it\/wp-content\/uploads\/2021\/03\/3-FOTO-Piero-Cannizzaro-COSTA-DAVORIO-1024x576.jpg\" alt=\"\" data-id=\"9896\" data-link=\"https:\/\/arteeluoghi.it\/?attachment_id=9896\" class=\"wp-image-9896\" srcset=\"https:\/\/arteeluoghi.it\/wp-content\/uploads\/2021\/03\/3-FOTO-Piero-Cannizzaro-COSTA-DAVORIO-1024x576.jpg 1024w, https:\/\/arteeluoghi.it\/wp-content\/uploads\/2021\/03\/3-FOTO-Piero-Cannizzaro-COSTA-DAVORIO-300x169.jpg 300w, https:\/\/arteeluoghi.it\/wp-content\/uploads\/2021\/03\/3-FOTO-Piero-Cannizzaro-COSTA-DAVORIO-768x432.jpg 768w\" sizes=\"(max-width: 1024px) 100vw, 1024px\" \/><\/figure><\/li><li class=\"blocks-gallery-item\"><figure><img loading=\"lazy\" width=\"1024\" height=\"576\" src=\"https:\/\/arteeluoghi.it\/wp-content\/uploads\/2021\/03\/2-FOTO-Piero-Cannizzaro-GUINEA-1024x576.jpg\" alt=\"\" data-id=\"9895\" data-link=\"https:\/\/arteeluoghi.it\/?attachment_id=9895\" class=\"wp-image-9895\" srcset=\"https:\/\/arteeluoghi.it\/wp-content\/uploads\/2021\/03\/2-FOTO-Piero-Cannizzaro-GUINEA-1024x576.jpg 1024w, https:\/\/arteeluoghi.it\/wp-content\/uploads\/2021\/03\/2-FOTO-Piero-Cannizzaro-GUINEA-300x169.jpg 300w, https:\/\/arteeluoghi.it\/wp-content\/uploads\/2021\/03\/2-FOTO-Piero-Cannizzaro-GUINEA-768x432.jpg 768w\" sizes=\"(max-width: 1024px) 100vw, 1024px\" \/><\/figure><\/li><li class=\"blocks-gallery-item\"><figure><img loading=\"lazy\" width=\"1024\" height=\"576\" src=\"https:\/\/arteeluoghi.it\/wp-content\/uploads\/2021\/03\/1-FOTO-Piero-Cannizzaro-COSTA-DAVORIO-2-2-1024x576.jpg\" alt=\"\" data-id=\"9894\" data-link=\"https:\/\/arteeluoghi.it\/?attachment_id=9894\" class=\"wp-image-9894\" srcset=\"https:\/\/arteeluoghi.it\/wp-content\/uploads\/2021\/03\/1-FOTO-Piero-Cannizzaro-COSTA-DAVORIO-2-2-1024x576.jpg 1024w, https:\/\/arteeluoghi.it\/wp-content\/uploads\/2021\/03\/1-FOTO-Piero-Cannizzaro-COSTA-DAVORIO-2-2-300x169.jpg 300w, https:\/\/arteeluoghi.it\/wp-content\/uploads\/2021\/03\/1-FOTO-Piero-Cannizzaro-COSTA-DAVORIO-2-2-768x432.jpg 768w\" sizes=\"(max-width: 1024px) 100vw, 1024px\" \/><\/figure><\/li><li class=\"blocks-gallery-item\"><figure><img loading=\"lazy\" width=\"1024\" height=\"498\" src=\"https:\/\/arteeluoghi.it\/wp-content\/uploads\/2021\/03\/Piero-Dabo-Kolda-Senegal-2018-1024x498.jpg\" alt=\"\" data-id=\"9898\" data-link=\"https:\/\/arteeluoghi.it\/?attachment_id=9898\" class=\"wp-image-9898\" srcset=\"https:\/\/arteeluoghi.it\/wp-content\/uploads\/2021\/03\/Piero-Dabo-Kolda-Senegal-2018-1024x498.jpg 1024w, https:\/\/arteeluoghi.it\/wp-content\/uploads\/2021\/03\/Piero-Dabo-Kolda-Senegal-2018-300x146.jpg 300w, https:\/\/arteeluoghi.it\/wp-content\/uploads\/2021\/03\/Piero-Dabo-Kolda-Senegal-2018-768x373.jpg 768w, https:\/\/arteeluoghi.it\/wp-content\/uploads\/2021\/03\/Piero-Dabo-Kolda-Senegal-2018.jpg 1316w\" sizes=\"(max-width: 1024px) 100vw, 1024px\" \/><\/figure><\/li><li class=\"blocks-gallery-item\"><figure><img loading=\"lazy\" width=\"528\" height=\"960\" src=\"https:\/\/arteeluoghi.it\/wp-content\/uploads\/2021\/03\/piero2.jpg\" alt=\"\" data-id=\"9899\" data-link=\"https:\/\/arteeluoghi.it\/?attachment_id=9899\" class=\"wp-image-9899\" srcset=\"https:\/\/arteeluoghi.it\/wp-content\/uploads\/2021\/03\/piero2.jpg 528w, https:\/\/arteeluoghi.it\/wp-content\/uploads\/2021\/03\/piero2-165x300.jpg 165w\" sizes=\"(max-width: 528px) 100vw, 528px\" \/><\/figure><\/li><\/ul>\n\n\n\n<p><br> E di persone ne ha incontrate tantissime, come Alison Ndiay che \u00e8 un importante musicista senegalese. Suonatore di Xalan nell&#8217;orchestra nazionale del suo paese, ha tenuto diversi concerti in Italia. \u00abIncontrarlo a Dakar con i suoi musicisti, ascoltarlo suonare, conversare e poi accompagnarlo al bus dopo le prove al Centro Culturale, \u00e8 stato un vero piacere.\u00bb<br> L\u2019Africa fotografata da Cannizzaro non \u00e8 polemica o dimostrativa ma sceglie, come afferma la scrittrice Dacia Maraini, la strada dello sguardo che si fa colore e movimento. Una frase che \u00e8 diventata il sottotitolo e la chiave di lettura per queste fotografie scattate con grande difficolt\u00e0 come racconta lo stesso regista. <br> \u00abNon \u00e8 stato facile: da regista dovevo gestire la telecamera e il suono, non potevo portare con me anche una macchina fotografica vera e propria. Mi \u00e8 venuta incontro la tecnologia dei nuovi cellulari ed ho usato il mio per cogliere l\u2019attimo. Sono emozioni che ancora provo. Chiedo permesso, tiro la tenda di una capanna, trovo una donna bellissima che sta facendo il fuoco, c\u2019\u00e8 contrasto tra il fuoco e la donna, una luce che veniva da dietro\u2026 scatto\u201d.\u00bb<br> Come non condividere quanto scrive nel catalogo il critico Diego Mormorio: \u00abNelle fotografie di Cannizzaro ognuno pu\u00f2 leggere un po\u2019 della propria storia e della storia del mondo. Pu\u00f2, o meglio dovrebbe, pensare, come diceva Thomas Hobbes nel suo De Homine, che l\u2019uomo \u00e8 famelico della fame futura. C\u2019\u00e8 negli occhi di queste persone, fotografate con garbo, e direi anche con la delicatezza che solitamente hanno i documentari di Cannizzaro, la speranza di non dover soffrire la fame e di avere un tetto. In loro vediamo qualcosa che ci accomuna.\u00bb<br> Piero Cannizzaro firma e la regia di numerosi documentari, sia per la radio che per la televisione, diffusi sulle principali piattaforme (Rai, Mediaset, Sky, Art\u00e8 France), realizzati in Italia, in Europa e negli altri continenti (America del Nord e del Sud, Medio Oriente, Sri Lanka, Siberia e Golfo Persico, Senegal, Costa d\u2019Avorio, Guinea e Sud Africa). Un artista capace di cogliere in ogni realt\u00e0 una crepa, far entrare la luce e trasformarla in cronaca per rappresentare la spiritualit\u00e0, le isole, la musica, le citt\u00e0 slow, il cibo, il tema dell\u2019identit\u00e0 in una chiave non solo ritrattistica ma come espressione del \u201cGlocale\u201d. Tra le sue opere:  \u201cLa notte della taranta e dintorni\u201d, \u201cRitorno a Kurumuny\u201d, \u201cTradinnovazione: una musica glocal\u201d, \u201cIl cibo dell\u2019anima\u201d,\u201d Citt\u00e0 Slow\u201d, \u201cOssigeno\u201d e infine, e non per ultimo, \u201cStorie d\u2019Africa\u201d che meglio riassume la sua visione dei suoi documentari presentati, tra gli altri, negli Istituti di Cultura di Londra e Parigi, in rassegne e festival nazionali e internazionali tra cui Roma, Milano, Venezia, Torino, New York, Parigi, Londra, Istanbul e Lione.<\/p>\n\n\n\n<p>Racconti d\u2019Africa di Piero Cannizzaro<br>\nRoma, Palazzo Merulana, Via Merulana 121<br>\nDal luned\u00ec al venerd\u00ec, dalle ore 12.00 alle ore 19.00<br>\nsabato e domenica chiuso<br>\nIngressi contingentati, consigliata la prenotazione on line e presso la biglietteria del Palazzo. Il biglietto di ingresso consentir\u00e0 l\u2019accesso alla Collezione Cerasi.<\/p>\n","protected":false},"excerpt":{"rendered":"<p>Quaranta foto scattate con lo smartphone allestite a Palazzo Merulana in attesa di riaprire dal 7 al 16 aprile 2021<\/p>\n","protected":false},"author":1,"featured_media":9897,"comment_status":"open","ping_status":"open","sticky":true,"template":"","format":"standard","meta":[],"categories":[27,3],"tags":[907,3328,214,3330,2291,485,3329],"yoast_head":"<!-- This site is optimized with the Yoast SEO plugin v18.0 - https:\/\/yoast.com\/wordpress\/plugins\/seo\/ -->\n<title>Cannizzaro. Racconti d\u2019Africa. In 40 scatti smart | Arte e Luoghi<\/title>\n<meta name=\"description\" content=\"Quaranta foto scattate con lo smartphone da Piero Cannizzaro e allestite a Palazzo Merulana in attesa di riaprire dal 7 al 16 aprile 2021\" \/>\n<meta name=\"robots\" content=\"index, follow, max-snippet:-1, max-image-preview:large, max-video-preview:-1\" \/>\n<link rel=\"canonical\" href=\"https:\/\/arteeluoghi.it\/index.php\/2021\/03\/29\/cannizzaro-racconti-dafrica-in-40-scatti-smart\/\" \/>\n<meta property=\"og:locale\" content=\"it_IT\" \/>\n<meta property=\"og:type\" content=\"article\" \/>\n<meta property=\"og:title\" content=\"Cannizzaro. Racconti d\u2019Africa. In 40 scatti smart | Arte e Luoghi\" \/>\n<meta property=\"og:description\" content=\"Quaranta foto scattate con lo smartphone da Piero Cannizzaro e allestite a Palazzo Merulana in attesa di riaprire dal 7 al 16 aprile 2021\" \/>\n<meta property=\"og:url\" content=\"https:\/\/arteeluoghi.it\/index.php\/2021\/03\/29\/cannizzaro-racconti-dafrica-in-40-scatti-smart\/\" \/>\n<meta property=\"og:site_name\" content=\"Arte e Luoghi\" \/>\n<meta property=\"article:publisher\" content=\"https:\/\/www.facebook.com\/ArteELuoghi\/\" \/>\n<meta property=\"article:published_time\" content=\"2021-03-29T14:08:47+00:00\" \/>\n<meta property=\"article:modified_time\" content=\"2021-03-29T14:08:53+00:00\" \/>\n<meta property=\"og:image\" content=\"https:\/\/arteeluoghi.it\/wp-content\/uploads\/2021\/03\/GUINEA-FOTO-PIERO-CANNIZZARO-1024x576.jpg\" \/>\n\t<meta property=\"og:image:width\" content=\"1024\" \/>\n\t<meta property=\"og:image:height\" content=\"576\" \/>\n\t<meta property=\"og:image:type\" content=\"image\/jpeg\" \/>\n<meta name=\"twitter:card\" content=\"summary\" \/>\n<meta name=\"twitter:creator\" content=\"@arteeluoghi\" \/>\n<meta name=\"twitter:site\" content=\"@arteeluoghi\" \/>\n<meta name=\"twitter:label1\" content=\"Scritto da\" \/>\n\t<meta name=\"twitter:data1\" content=\"Staff\" \/>\n\t<meta name=\"twitter:label2\" content=\"Tempo di lettura stimato\" \/>\n\t<meta name=\"twitter:data2\" content=\"6 minuti\" \/>\n<script type=\"application\/ld+json\" class=\"yoast-schema-graph\">{\"@context\":\"https:\/\/schema.org\",\"@graph\":[{\"@type\":\"Organization\",\"@id\":\"https:\/\/arteeluoghi.it\/#organization\",\"name\":\"Arte e Luoghi\",\"url\":\"https:\/\/arteeluoghi.it\/\",\"sameAs\":[\"https:\/\/www.facebook.com\/ArteELuoghi\/\",\"https:\/\/www.instagram.com\/arteeluoghi\/?hl=it\",\"https:\/\/www.youtube.com\/channel\/UCuRVc4JW4-C5sg9rQB-srkw?view_as=subscriber\",\"https:\/\/twitter.com\/arteeluoghi\"],\"logo\":{\"@type\":\"ImageObject\",\"@id\":\"https:\/\/arteeluoghi.it\/#logo\",\"inLanguage\":\"it-IT\",\"url\":\"https:\/\/arteeluoghi.it\/wp-content\/uploads\/2018\/08\/logoinstagramarte.jpg\",\"contentUrl\":\"https:\/\/arteeluoghi.it\/wp-content\/uploads\/2018\/08\/logoinstagramarte.jpg\",\"width\":150,\"height\":150,\"caption\":\"Arte e Luoghi\"},\"image\":{\"@id\":\"https:\/\/arteeluoghi.it\/#logo\"}},{\"@type\":\"WebSite\",\"@id\":\"https:\/\/arteeluoghi.it\/#website\",\"url\":\"https:\/\/arteeluoghi.it\/\",\"name\":\"Arte e Luoghi\",\"description\":\"Mensile di arte, cultura, turismo e curiosit\u00e0\",\"publisher\":{\"@id\":\"https:\/\/arteeluoghi.it\/#organization\"},\"potentialAction\":[{\"@type\":\"SearchAction\",\"target\":{\"@type\":\"EntryPoint\",\"urlTemplate\":\"https:\/\/arteeluoghi.it\/?s={search_term_string}\"},\"query-input\":\"required name=search_term_string\"}],\"inLanguage\":\"it-IT\"},{\"@type\":\"ImageObject\",\"@id\":\"https:\/\/arteeluoghi.it\/index.php\/2021\/03\/29\/cannizzaro-racconti-dafrica-in-40-scatti-smart\/#primaryimage\",\"inLanguage\":\"it-IT\",\"url\":\"https:\/\/arteeluoghi.it\/wp-content\/uploads\/2021\/03\/GUINEA-FOTO-PIERO-CANNIZZARO.jpg\",\"contentUrl\":\"https:\/\/arteeluoghi.it\/wp-content\/uploads\/2021\/03\/GUINEA-FOTO-PIERO-CANNIZZARO.jpg\",\"width\":4032,\"height\":2268},{\"@type\":\"WebPage\",\"@id\":\"https:\/\/arteeluoghi.it\/index.php\/2021\/03\/29\/cannizzaro-racconti-dafrica-in-40-scatti-smart\/#webpage\",\"url\":\"https:\/\/arteeluoghi.it\/index.php\/2021\/03\/29\/cannizzaro-racconti-dafrica-in-40-scatti-smart\/\",\"name\":\"Cannizzaro. Racconti d\u2019Africa. In 40 scatti smart | Arte e Luoghi\",\"isPartOf\":{\"@id\":\"https:\/\/arteeluoghi.it\/#website\"},\"primaryImageOfPage\":{\"@id\":\"https:\/\/arteeluoghi.it\/index.php\/2021\/03\/29\/cannizzaro-racconti-dafrica-in-40-scatti-smart\/#primaryimage\"},\"datePublished\":\"2021-03-29T14:08:47+00:00\",\"dateModified\":\"2021-03-29T14:08:53+00:00\",\"description\":\"Quaranta foto scattate con lo smartphone da Piero Cannizzaro e allestite a Palazzo Merulana in attesa di riaprire dal 7 al 16 aprile 2021\",\"breadcrumb\":{\"@id\":\"https:\/\/arteeluoghi.it\/index.php\/2021\/03\/29\/cannizzaro-racconti-dafrica-in-40-scatti-smart\/#breadcrumb\"},\"inLanguage\":\"it-IT\",\"potentialAction\":[{\"@type\":\"ReadAction\",\"target\":[\"https:\/\/arteeluoghi.it\/index.php\/2021\/03\/29\/cannizzaro-racconti-dafrica-in-40-scatti-smart\/\"]}]},{\"@type\":\"BreadcrumbList\",\"@id\":\"https:\/\/arteeluoghi.it\/index.php\/2021\/03\/29\/cannizzaro-racconti-dafrica-in-40-scatti-smart\/#breadcrumb\",\"itemListElement\":[{\"@type\":\"ListItem\",\"position\":1,\"name\":\"Home\",\"item\":\"https:\/\/arteeluoghi.it\/\"},{\"@type\":\"ListItem\",\"position\":2,\"name\":\"Cannizzaro. Racconti d\u2019Africa. In 40 scatti smart\"}]},{\"@type\":\"Article\",\"@id\":\"https:\/\/arteeluoghi.it\/index.php\/2021\/03\/29\/cannizzaro-racconti-dafrica-in-40-scatti-smart\/#article\",\"isPartOf\":{\"@id\":\"https:\/\/arteeluoghi.it\/index.php\/2021\/03\/29\/cannizzaro-racconti-dafrica-in-40-scatti-smart\/#webpage\"},\"author\":{\"@id\":\"https:\/\/arteeluoghi.it\/#\/schema\/person\/f84e814e36e91e01448ee07eaadd41d4\"},\"headline\":\"Cannizzaro. Racconti d\u2019Africa. In 40 scatti smart\",\"datePublished\":\"2021-03-29T14:08:47+00:00\",\"dateModified\":\"2021-03-29T14:08:53+00:00\",\"mainEntityOfPage\":{\"@id\":\"https:\/\/arteeluoghi.it\/index.php\/2021\/03\/29\/cannizzaro-racconti-dafrica-in-40-scatti-smart\/#webpage\"},\"wordCount\":1169,\"commentCount\":0,\"publisher\":{\"@id\":\"https:\/\/arteeluoghi.it\/#organization\"},\"image\":{\"@id\":\"https:\/\/arteeluoghi.it\/index.php\/2021\/03\/29\/cannizzaro-racconti-dafrica-in-40-scatti-smart\/#primaryimage\"},\"thumbnailUrl\":\"https:\/\/arteeluoghi.it\/wp-content\/uploads\/2021\/03\/GUINEA-FOTO-PIERO-CANNIZZARO.jpg\",\"keywords\":[\"Africa\",\"foto\",\"fotografia\",\"Palazzo Merulana\",\"Piero Cannizzaro\",\"Roma\",\"smartphone\"],\"articleSection\":[\"Arte\",\"Arti visive\"],\"inLanguage\":\"it-IT\",\"potentialAction\":[{\"@type\":\"CommentAction\",\"name\":\"Comment\",\"target\":[\"https:\/\/arteeluoghi.it\/index.php\/2021\/03\/29\/cannizzaro-racconti-dafrica-in-40-scatti-smart\/#respond\"]}]},{\"@type\":\"Person\",\"@id\":\"https:\/\/arteeluoghi.it\/#\/schema\/person\/f84e814e36e91e01448ee07eaadd41d4\",\"name\":\"Staff\",\"image\":{\"@type\":\"ImageObject\",\"@id\":\"https:\/\/arteeluoghi.it\/#personlogo\",\"inLanguage\":\"it-IT\",\"url\":\"https:\/\/secure.gravatar.com\/avatar\/49d2f9e46271bb04e19cebfaf141313a?s=96&d=blank&r=g\",\"contentUrl\":\"https:\/\/secure.gravatar.com\/avatar\/49d2f9e46271bb04e19cebfaf141313a?s=96&d=blank&r=g\",\"caption\":\"Staff\"}}]}<\/script>\n<!-- \/ Yoast SEO plugin. -->","yoast_head_json":{"title":"Cannizzaro. Racconti d\u2019Africa. In 40 scatti smart | Arte e Luoghi","description":"Quaranta foto scattate con lo smartphone da Piero Cannizzaro e allestite a Palazzo Merulana in attesa di riaprire dal 7 al 16 aprile 2021","robots":{"index":"index","follow":"follow","max-snippet":"max-snippet:-1","max-image-preview":"max-image-preview:large","max-video-preview":"max-video-preview:-1"},"canonical":"https:\/\/arteeluoghi.it\/index.php\/2021\/03\/29\/cannizzaro-racconti-dafrica-in-40-scatti-smart\/","og_locale":"it_IT","og_type":"article","og_title":"Cannizzaro. Racconti d\u2019Africa. In 40 scatti smart | Arte e Luoghi","og_description":"Quaranta foto scattate con lo smartphone da Piero Cannizzaro e allestite a Palazzo Merulana in attesa di riaprire dal 7 al 16 aprile 2021","og_url":"https:\/\/arteeluoghi.it\/index.php\/2021\/03\/29\/cannizzaro-racconti-dafrica-in-40-scatti-smart\/","og_site_name":"Arte e Luoghi","article_publisher":"https:\/\/www.facebook.com\/ArteELuoghi\/","article_published_time":"2021-03-29T14:08:47+00:00","article_modified_time":"2021-03-29T14:08:53+00:00","og_image":[{"width":1024,"height":576,"url":"https:\/\/arteeluoghi.it\/wp-content\/uploads\/2021\/03\/GUINEA-FOTO-PIERO-CANNIZZARO-1024x576.jpg","type":"image\/jpeg"}],"twitter_card":"summary","twitter_creator":"@arteeluoghi","twitter_site":"@arteeluoghi","twitter_misc":{"Scritto da":"Staff","Tempo di lettura stimato":"6 minuti"},"schema":{"@context":"https:\/\/schema.org","@graph":[{"@type":"Organization","@id":"https:\/\/arteeluoghi.it\/#organization","name":"Arte e Luoghi","url":"https:\/\/arteeluoghi.it\/","sameAs":["https:\/\/www.facebook.com\/ArteELuoghi\/","https:\/\/www.instagram.com\/arteeluoghi\/?hl=it","https:\/\/www.youtube.com\/channel\/UCuRVc4JW4-C5sg9rQB-srkw?view_as=subscriber","https:\/\/twitter.com\/arteeluoghi"],"logo":{"@type":"ImageObject","@id":"https:\/\/arteeluoghi.it\/#logo","inLanguage":"it-IT","url":"https:\/\/arteeluoghi.it\/wp-content\/uploads\/2018\/08\/logoinstagramarte.jpg","contentUrl":"https:\/\/arteeluoghi.it\/wp-content\/uploads\/2018\/08\/logoinstagramarte.jpg","width":150,"height":150,"caption":"Arte e Luoghi"},"image":{"@id":"https:\/\/arteeluoghi.it\/#logo"}},{"@type":"WebSite","@id":"https:\/\/arteeluoghi.it\/#website","url":"https:\/\/arteeluoghi.it\/","name":"Arte e Luoghi","description":"Mensile di arte, cultura, turismo e curiosit\u00e0","publisher":{"@id":"https:\/\/arteeluoghi.it\/#organization"},"potentialAction":[{"@type":"SearchAction","target":{"@type":"EntryPoint","urlTemplate":"https:\/\/arteeluoghi.it\/?s={search_term_string}"},"query-input":"required name=search_term_string"}],"inLanguage":"it-IT"},{"@type":"ImageObject","@id":"https:\/\/arteeluoghi.it\/index.php\/2021\/03\/29\/cannizzaro-racconti-dafrica-in-40-scatti-smart\/#primaryimage","inLanguage":"it-IT","url":"https:\/\/arteeluoghi.it\/wp-content\/uploads\/2021\/03\/GUINEA-FOTO-PIERO-CANNIZZARO.jpg","contentUrl":"https:\/\/arteeluoghi.it\/wp-content\/uploads\/2021\/03\/GUINEA-FOTO-PIERO-CANNIZZARO.jpg","width":4032,"height":2268},{"@type":"WebPage","@id":"https:\/\/arteeluoghi.it\/index.php\/2021\/03\/29\/cannizzaro-racconti-dafrica-in-40-scatti-smart\/#webpage","url":"https:\/\/arteeluoghi.it\/index.php\/2021\/03\/29\/cannizzaro-racconti-dafrica-in-40-scatti-smart\/","name":"Cannizzaro. Racconti d\u2019Africa. In 40 scatti smart | Arte e Luoghi","isPartOf":{"@id":"https:\/\/arteeluoghi.it\/#website"},"primaryImageOfPage":{"@id":"https:\/\/arteeluoghi.it\/index.php\/2021\/03\/29\/cannizzaro-racconti-dafrica-in-40-scatti-smart\/#primaryimage"},"datePublished":"2021-03-29T14:08:47+00:00","dateModified":"2021-03-29T14:08:53+00:00","description":"Quaranta foto scattate con lo smartphone da Piero Cannizzaro e allestite a Palazzo Merulana in attesa di riaprire dal 7 al 16 aprile 2021","breadcrumb":{"@id":"https:\/\/arteeluoghi.it\/index.php\/2021\/03\/29\/cannizzaro-racconti-dafrica-in-40-scatti-smart\/#breadcrumb"},"inLanguage":"it-IT","potentialAction":[{"@type":"ReadAction","target":["https:\/\/arteeluoghi.it\/index.php\/2021\/03\/29\/cannizzaro-racconti-dafrica-in-40-scatti-smart\/"]}]},{"@type":"BreadcrumbList","@id":"https:\/\/arteeluoghi.it\/index.php\/2021\/03\/29\/cannizzaro-racconti-dafrica-in-40-scatti-smart\/#breadcrumb","itemListElement":[{"@type":"ListItem","position":1,"name":"Home","item":"https:\/\/arteeluoghi.it\/"},{"@type":"ListItem","position":2,"name":"Cannizzaro. Racconti d\u2019Africa. In 40 scatti smart"}]},{"@type":"Article","@id":"https:\/\/arteeluoghi.it\/index.php\/2021\/03\/29\/cannizzaro-racconti-dafrica-in-40-scatti-smart\/#article","isPartOf":{"@id":"https:\/\/arteeluoghi.it\/index.php\/2021\/03\/29\/cannizzaro-racconti-dafrica-in-40-scatti-smart\/#webpage"},"author":{"@id":"https:\/\/arteeluoghi.it\/#\/schema\/person\/f84e814e36e91e01448ee07eaadd41d4"},"headline":"Cannizzaro. Racconti d\u2019Africa. In 40 scatti smart","datePublished":"2021-03-29T14:08:47+00:00","dateModified":"2021-03-29T14:08:53+00:00","mainEntityOfPage":{"@id":"https:\/\/arteeluoghi.it\/index.php\/2021\/03\/29\/cannizzaro-racconti-dafrica-in-40-scatti-smart\/#webpage"},"wordCount":1169,"commentCount":0,"publisher":{"@id":"https:\/\/arteeluoghi.it\/#organization"},"image":{"@id":"https:\/\/arteeluoghi.it\/index.php\/2021\/03\/29\/cannizzaro-racconti-dafrica-in-40-scatti-smart\/#primaryimage"},"thumbnailUrl":"https:\/\/arteeluoghi.it\/wp-content\/uploads\/2021\/03\/GUINEA-FOTO-PIERO-CANNIZZARO.jpg","keywords":["Africa","foto","fotografia","Palazzo Merulana","Piero Cannizzaro","Roma","smartphone"],"articleSection":["Arte","Arti visive"],"inLanguage":"it-IT","potentialAction":[{"@type":"CommentAction","name":"Comment","target":["https:\/\/arteeluoghi.it\/index.php\/2021\/03\/29\/cannizzaro-racconti-dafrica-in-40-scatti-smart\/#respond"]}]},{"@type":"Person","@id":"https:\/\/arteeluoghi.it\/#\/schema\/person\/f84e814e36e91e01448ee07eaadd41d4","name":"Staff","image":{"@type":"ImageObject","@id":"https:\/\/arteeluoghi.it\/#personlogo","inLanguage":"it-IT","url":"https:\/\/secure.gravatar.com\/avatar\/49d2f9e46271bb04e19cebfaf141313a?s=96&d=blank&r=g","contentUrl":"https:\/\/secure.gravatar.com\/avatar\/49d2f9e46271bb04e19cebfaf141313a?s=96&d=blank&r=g","caption":"Staff"}}]}},"_links":{"self":[{"href":"https:\/\/arteeluoghi.it\/index.php\/wp-json\/wp\/v2\/posts\/9892"}],"collection":[{"href":"https:\/\/arteeluoghi.it\/index.php\/wp-json\/wp\/v2\/posts"}],"about":[{"href":"https:\/\/arteeluoghi.it\/index.php\/wp-json\/wp\/v2\/types\/post"}],"author":[{"embeddable":true,"href":"https:\/\/arteeluoghi.it\/index.php\/wp-json\/wp\/v2\/users\/1"}],"replies":[{"embeddable":true,"href":"https:\/\/arteeluoghi.it\/index.php\/wp-json\/wp\/v2\/comments?post=9892"}],"version-history":[{"count":1,"href":"https:\/\/arteeluoghi.it\/index.php\/wp-json\/wp\/v2\/posts\/9892\/revisions"}],"predecessor-version":[{"id":9900,"href":"https:\/\/arteeluoghi.it\/index.php\/wp-json\/wp\/v2\/posts\/9892\/revisions\/9900"}],"wp:featuredmedia":[{"embeddable":true,"href":"https:\/\/arteeluoghi.it\/index.php\/wp-json\/wp\/v2\/media\/9897"}],"wp:attachment":[{"href":"https:\/\/arteeluoghi.it\/index.php\/wp-json\/wp\/v2\/media?parent=9892"}],"wp:term":[{"taxonomy":"category","embeddable":true,"href":"https:\/\/arteeluoghi.it\/index.php\/wp-json\/wp\/v2\/categories?post=9892"},{"taxonomy":"post_tag","embeddable":true,"href":"https:\/\/arteeluoghi.it\/index.php\/wp-json\/wp\/v2\/tags?post=9892"}],"curies":[{"name":"wp","href":"https:\/\/api.w.org\/{rel}","templated":true}]}}