{"id":9913,"date":"2021-04-28T23:08:02","date_gmt":"2021-04-28T21:08:02","guid":{"rendered":"https:\/\/arteeluoghi.it\/?p=9913"},"modified":"2021-05-11T23:22:55","modified_gmt":"2021-05-11T21:22:55","slug":"racconti-dafrica","status":"publish","type":"post","link":"https:\/\/arteeluoghi.it\/index.php\/2021\/04\/28\/racconti-dafrica\/","title":{"rendered":"Racconti d&#8217;Africa"},"content":{"rendered":"\n<p>Ha riaperto il 28 aprile e sar\u00e0 visitabile fino al 23 maggio la mostra fotografica di Piero Cannizzaro allestita nelle sale di Palazzo Merulana a Roma.<\/p>\n\n\n\n<p>Chiusa a causa della pandemia, le quaranta foto rappresentano la parte positiva del documentario \u201cStorie d\u2019Africa\u201d dove in primo piano \u00e8 appunto il racconto delle storie di persone che avevano tentato senza esito di raggiungere l\u2019Europa e altre che ne erano tornate. <\/p>\n\n\n\n<!--more-->\n\n\n\n<ul class=\"wp-block-gallery columns-3 is-cropped\"><li class=\"blocks-gallery-item\"><figure><img loading=\"lazy\" width=\"1024\" height=\"498\" src=\"https:\/\/arteeluoghi.it\/wp-content\/uploads\/2021\/03\/Piero-Dabo-Kolda-Senegal-2018-1024x498.jpg\" alt=\"\" data-id=\"9898\" data-link=\"https:\/\/arteeluoghi.it\/index.php\/2021\/03\/29\/cannizzaro-racconti-dafrica-in-40-scatti-smart\/piero-dabo-kolda-senegal-2018\/\" class=\"wp-image-9898\" srcset=\"https:\/\/arteeluoghi.it\/wp-content\/uploads\/2021\/03\/Piero-Dabo-Kolda-Senegal-2018-1024x498.jpg 1024w, https:\/\/arteeluoghi.it\/wp-content\/uploads\/2021\/03\/Piero-Dabo-Kolda-Senegal-2018-300x146.jpg 300w, https:\/\/arteeluoghi.it\/wp-content\/uploads\/2021\/03\/Piero-Dabo-Kolda-Senegal-2018-768x373.jpg 768w, https:\/\/arteeluoghi.it\/wp-content\/uploads\/2021\/03\/Piero-Dabo-Kolda-Senegal-2018.jpg 1316w\" sizes=\"(max-width: 1024px) 100vw, 1024px\" \/><\/figure><\/li><li class=\"blocks-gallery-item\"><figure><img loading=\"lazy\" width=\"1024\" height=\"576\" src=\"https:\/\/arteeluoghi.it\/wp-content\/uploads\/2021\/03\/GUINEA-FOTO-PIERO-CANNIZZARO-1024x576.jpg\" alt=\"\" data-id=\"9897\" data-link=\"https:\/\/arteeluoghi.it\/index.php\/2021\/03\/29\/cannizzaro-racconti-dafrica-in-40-scatti-smart\/guinea-foto-piero-cannizzaro\/\" class=\"wp-image-9897\" srcset=\"https:\/\/arteeluoghi.it\/wp-content\/uploads\/2021\/03\/GUINEA-FOTO-PIERO-CANNIZZARO-1024x576.jpg 1024w, https:\/\/arteeluoghi.it\/wp-content\/uploads\/2021\/03\/GUINEA-FOTO-PIERO-CANNIZZARO-300x169.jpg 300w, https:\/\/arteeluoghi.it\/wp-content\/uploads\/2021\/03\/GUINEA-FOTO-PIERO-CANNIZZARO-768x432.jpg 768w\" sizes=\"(max-width: 1024px) 100vw, 1024px\" \/><\/figure><\/li><li class=\"blocks-gallery-item\"><figure><img loading=\"lazy\" width=\"1024\" height=\"576\" src=\"https:\/\/arteeluoghi.it\/wp-content\/uploads\/2021\/03\/3-FOTO-Piero-Cannizzaro-COSTA-DAVORIO-1024x576.jpg\" alt=\"\" data-id=\"9896\" data-link=\"https:\/\/arteeluoghi.it\/index.php\/2021\/03\/29\/cannizzaro-racconti-dafrica-in-40-scatti-smart\/3-foto-piero-cannizzaro-costa-davorio\/\" class=\"wp-image-9896\" srcset=\"https:\/\/arteeluoghi.it\/wp-content\/uploads\/2021\/03\/3-FOTO-Piero-Cannizzaro-COSTA-DAVORIO-1024x576.jpg 1024w, https:\/\/arteeluoghi.it\/wp-content\/uploads\/2021\/03\/3-FOTO-Piero-Cannizzaro-COSTA-DAVORIO-300x169.jpg 300w, https:\/\/arteeluoghi.it\/wp-content\/uploads\/2021\/03\/3-FOTO-Piero-Cannizzaro-COSTA-DAVORIO-768x432.jpg 768w\" sizes=\"(max-width: 1024px) 100vw, 1024px\" \/><\/figure><\/li><li class=\"blocks-gallery-item\"><figure><img loading=\"lazy\" width=\"1024\" height=\"576\" src=\"https:\/\/arteeluoghi.it\/wp-content\/uploads\/2021\/03\/2-FOTO-Piero-Cannizzaro-GUINEA-1024x576.jpg\" alt=\"\" data-id=\"9895\" data-link=\"https:\/\/arteeluoghi.it\/index.php\/2021\/03\/29\/cannizzaro-racconti-dafrica-in-40-scatti-smart\/2-foto-piero-cannizzaro-guinea\/\" class=\"wp-image-9895\" srcset=\"https:\/\/arteeluoghi.it\/wp-content\/uploads\/2021\/03\/2-FOTO-Piero-Cannizzaro-GUINEA-1024x576.jpg 1024w, https:\/\/arteeluoghi.it\/wp-content\/uploads\/2021\/03\/2-FOTO-Piero-Cannizzaro-GUINEA-300x169.jpg 300w, https:\/\/arteeluoghi.it\/wp-content\/uploads\/2021\/03\/2-FOTO-Piero-Cannizzaro-GUINEA-768x432.jpg 768w\" sizes=\"(max-width: 1024px) 100vw, 1024px\" \/><\/figure><\/li><li class=\"blocks-gallery-item\"><figure><img loading=\"lazy\" width=\"1024\" height=\"576\" src=\"https:\/\/arteeluoghi.it\/wp-content\/uploads\/2021\/03\/1-FOTO-Piero-Cannizzaro-COSTA-DAVORIO-2-2-1024x576.jpg\" alt=\"\" data-id=\"9894\" data-link=\"https:\/\/arteeluoghi.it\/index.php\/2021\/03\/29\/cannizzaro-racconti-dafrica-in-40-scatti-smart\/1-foto-piero-cannizzaro-costa-davorio-2-2\/\" class=\"wp-image-9894\" srcset=\"https:\/\/arteeluoghi.it\/wp-content\/uploads\/2021\/03\/1-FOTO-Piero-Cannizzaro-COSTA-DAVORIO-2-2-1024x576.jpg 1024w, https:\/\/arteeluoghi.it\/wp-content\/uploads\/2021\/03\/1-FOTO-Piero-Cannizzaro-COSTA-DAVORIO-2-2-300x169.jpg 300w, https:\/\/arteeluoghi.it\/wp-content\/uploads\/2021\/03\/1-FOTO-Piero-Cannizzaro-COSTA-DAVORIO-2-2-768x432.jpg 768w\" sizes=\"(max-width: 1024px) 100vw, 1024px\" \/><\/figure><\/li><\/ul>\n\n\n\n<p>\u00abCon le foto ho voluto dare un volto a chi generalmente vediamo come massa indistinta sui barconi, in apparenza senza identit\u00e0 e dignit\u00e0\u00bb spiega Cannizzaro. Persone che avevano subito torture, sofferenze terribili, ripartite ogni volta da zero ma mai arrendevoli e sempre piene di speranza. Dopo aver affrontato ogni tipo di violenza, avevano ancora la forza e la voglia di ricominciare, con una consapevolezza pi\u00f9 forte, un nuovo rapporto con l\u2019Africa e il proprio villaggio. Chi parte, come chi ritorna, \u00e8 figlio della sorte e gioca con essa: se ce la fa vuol dire che \u00e8 il suo momento, se non ce la fa era il tuo destino. Nei villaggi, salvo pochi casi, non c\u2019\u00e8 disperazione. Chi decide di partire, spesso, non \u00e8 il pi\u00f9 povero: servono soldi per partire\u00bb. La migrazione, Un fenomeno che ci accomuna. Anche i nostri emigranti partivano per inseguire il sogno di una vita migliore senza fame e miseria. \u00abUn racconto di sopravvivenze\u201d, scrive Erri De Luca, che trasmettono coraggio invece che disperazione\u00bb.<\/p>\n\n\n\n<p>Roma, Palazzo Merulana | fino al 23 maggio 2021<\/p>\n\n\n\n<p><\/p>\n","protected":false},"excerpt":{"rendered":"<p>Ha riaperto il 28 aprile e sar\u00e0 visitabile fino al 23 maggio la mostra fotografica di Piero Cannizzaro allestita nelle<\/p>\n","protected":false},"author":1,"featured_media":9897,"comment_status":"open","ping_status":"open","sticky":true,"template":"","format":"standard","meta":[],"categories":[27,3],"tags":[673,3330,2291,485],"yoast_head":"<!-- This site is optimized with the Yoast SEO plugin v18.0 - https:\/\/yoast.com\/wordpress\/plugins\/seo\/ -->\n<title>Racconti d&#039;Africa le foto di Piero Cannizzaro | Arte e Luoghi<\/title>\n<meta name=\"description\" content=\"Ha riaperto il 28 aprile e sar\u00e0 visitabile fino al 23 maggio la mostra fotografica di Piero Cannizzaro allestita nelle sale di Palazzo Merulana a Roma\" \/>\n<meta name=\"robots\" content=\"index, follow, max-snippet:-1, max-image-preview:large, max-video-preview:-1\" \/>\n<link rel=\"canonical\" href=\"https:\/\/arteeluoghi.it\/index.php\/2021\/04\/28\/racconti-dafrica\/\" \/>\n<meta property=\"og:locale\" content=\"it_IT\" \/>\n<meta property=\"og:type\" content=\"article\" \/>\n<meta property=\"og:title\" content=\"Racconti d&#039;Africa le foto di Piero Cannizzaro | Arte e Luoghi\" \/>\n<meta property=\"og:description\" content=\"Ha riaperto il 28 aprile e sar\u00e0 visitabile fino al 23 maggio la mostra fotografica di Piero Cannizzaro allestita nelle sale di Palazzo Merulana a Roma\" \/>\n<meta property=\"og:url\" content=\"https:\/\/arteeluoghi.it\/index.php\/2021\/04\/28\/racconti-dafrica\/\" \/>\n<meta property=\"og:site_name\" content=\"Arte e Luoghi\" \/>\n<meta property=\"article:publisher\" content=\"https:\/\/www.facebook.com\/ArteELuoghi\/\" \/>\n<meta property=\"article:published_time\" content=\"2021-04-28T21:08:02+00:00\" \/>\n<meta property=\"article:modified_time\" content=\"2021-05-11T21:22:55+00:00\" \/>\n<meta property=\"og:image\" content=\"https:\/\/arteeluoghi.it\/wp-content\/uploads\/2021\/03\/GUINEA-FOTO-PIERO-CANNIZZARO-1024x576.jpg\" \/>\n\t<meta property=\"og:image:width\" content=\"1024\" \/>\n\t<meta property=\"og:image:height\" content=\"576\" \/>\n\t<meta property=\"og:image:type\" content=\"image\/jpeg\" \/>\n<meta name=\"twitter:card\" content=\"summary\" \/>\n<meta name=\"twitter:creator\" content=\"@arteeluoghi\" \/>\n<meta name=\"twitter:site\" content=\"@arteeluoghi\" \/>\n<meta name=\"twitter:label1\" content=\"Scritto da\" \/>\n\t<meta name=\"twitter:data1\" content=\"Staff\" \/>\n\t<meta name=\"twitter:label2\" content=\"Tempo di lettura stimato\" \/>\n\t<meta name=\"twitter:data2\" content=\"1 minuto\" \/>\n<script type=\"application\/ld+json\" class=\"yoast-schema-graph\">{\"@context\":\"https:\/\/schema.org\",\"@graph\":[{\"@type\":\"Organization\",\"@id\":\"https:\/\/arteeluoghi.it\/#organization\",\"name\":\"Arte e Luoghi\",\"url\":\"https:\/\/arteeluoghi.it\/\",\"sameAs\":[\"https:\/\/www.facebook.com\/ArteELuoghi\/\",\"https:\/\/www.instagram.com\/arteeluoghi\/?hl=it\",\"https:\/\/www.youtube.com\/channel\/UCuRVc4JW4-C5sg9rQB-srkw?view_as=subscriber\",\"https:\/\/twitter.com\/arteeluoghi\"],\"logo\":{\"@type\":\"ImageObject\",\"@id\":\"https:\/\/arteeluoghi.it\/#logo\",\"inLanguage\":\"it-IT\",\"url\":\"https:\/\/arteeluoghi.it\/wp-content\/uploads\/2018\/08\/logoinstagramarte.jpg\",\"contentUrl\":\"https:\/\/arteeluoghi.it\/wp-content\/uploads\/2018\/08\/logoinstagramarte.jpg\",\"width\":150,\"height\":150,\"caption\":\"Arte e Luoghi\"},\"image\":{\"@id\":\"https:\/\/arteeluoghi.it\/#logo\"}},{\"@type\":\"WebSite\",\"@id\":\"https:\/\/arteeluoghi.it\/#website\",\"url\":\"https:\/\/arteeluoghi.it\/\",\"name\":\"Arte e Luoghi\",\"description\":\"Mensile di arte, cultura, turismo e curiosit\u00e0\",\"publisher\":{\"@id\":\"https:\/\/arteeluoghi.it\/#organization\"},\"potentialAction\":[{\"@type\":\"SearchAction\",\"target\":{\"@type\":\"EntryPoint\",\"urlTemplate\":\"https:\/\/arteeluoghi.it\/?s={search_term_string}\"},\"query-input\":\"required name=search_term_string\"}],\"inLanguage\":\"it-IT\"},{\"@type\":\"ImageObject\",\"@id\":\"https:\/\/arteeluoghi.it\/index.php\/2021\/04\/28\/racconti-dafrica\/#primaryimage\",\"inLanguage\":\"it-IT\",\"url\":\"https:\/\/arteeluoghi.it\/wp-content\/uploads\/2021\/03\/GUINEA-FOTO-PIERO-CANNIZZARO.jpg\",\"contentUrl\":\"https:\/\/arteeluoghi.it\/wp-content\/uploads\/2021\/03\/GUINEA-FOTO-PIERO-CANNIZZARO.jpg\",\"width\":4032,\"height\":2268},{\"@type\":\"WebPage\",\"@id\":\"https:\/\/arteeluoghi.it\/index.php\/2021\/04\/28\/racconti-dafrica\/#webpage\",\"url\":\"https:\/\/arteeluoghi.it\/index.php\/2021\/04\/28\/racconti-dafrica\/\",\"name\":\"Racconti d'Africa le foto di Piero Cannizzaro | Arte e Luoghi\",\"isPartOf\":{\"@id\":\"https:\/\/arteeluoghi.it\/#website\"},\"primaryImageOfPage\":{\"@id\":\"https:\/\/arteeluoghi.it\/index.php\/2021\/04\/28\/racconti-dafrica\/#primaryimage\"},\"datePublished\":\"2021-04-28T21:08:02+00:00\",\"dateModified\":\"2021-05-11T21:22:55+00:00\",\"description\":\"Ha riaperto il 28 aprile e sar\u00e0 visitabile fino al 23 maggio la mostra fotografica di Piero Cannizzaro allestita nelle sale di Palazzo Merulana a Roma\",\"breadcrumb\":{\"@id\":\"https:\/\/arteeluoghi.it\/index.php\/2021\/04\/28\/racconti-dafrica\/#breadcrumb\"},\"inLanguage\":\"it-IT\",\"potentialAction\":[{\"@type\":\"ReadAction\",\"target\":[\"https:\/\/arteeluoghi.it\/index.php\/2021\/04\/28\/racconti-dafrica\/\"]}]},{\"@type\":\"BreadcrumbList\",\"@id\":\"https:\/\/arteeluoghi.it\/index.php\/2021\/04\/28\/racconti-dafrica\/#breadcrumb\",\"itemListElement\":[{\"@type\":\"ListItem\",\"position\":1,\"name\":\"Home\",\"item\":\"https:\/\/arteeluoghi.it\/\"},{\"@type\":\"ListItem\",\"position\":2,\"name\":\"Racconti d&#8217;Africa\"}]},{\"@type\":\"Article\",\"@id\":\"https:\/\/arteeluoghi.it\/index.php\/2021\/04\/28\/racconti-dafrica\/#article\",\"isPartOf\":{\"@id\":\"https:\/\/arteeluoghi.it\/index.php\/2021\/04\/28\/racconti-dafrica\/#webpage\"},\"author\":{\"@id\":\"https:\/\/arteeluoghi.it\/#\/schema\/person\/f84e814e36e91e01448ee07eaadd41d4\"},\"headline\":\"Racconti d&#8217;Africa\",\"datePublished\":\"2021-04-28T21:08:02+00:00\",\"dateModified\":\"2021-05-11T21:22:55+00:00\",\"mainEntityOfPage\":{\"@id\":\"https:\/\/arteeluoghi.it\/index.php\/2021\/04\/28\/racconti-dafrica\/#webpage\"},\"wordCount\":241,\"commentCount\":0,\"publisher\":{\"@id\":\"https:\/\/arteeluoghi.it\/#organization\"},\"image\":{\"@id\":\"https:\/\/arteeluoghi.it\/index.php\/2021\/04\/28\/racconti-dafrica\/#primaryimage\"},\"thumbnailUrl\":\"https:\/\/arteeluoghi.it\/wp-content\/uploads\/2021\/03\/GUINEA-FOTO-PIERO-CANNIZZARO.jpg\",\"keywords\":[\"fotografie\",\"Palazzo Merulana\",\"Piero Cannizzaro\",\"Roma\"],\"articleSection\":[\"Arte\",\"Arti visive\"],\"inLanguage\":\"it-IT\",\"potentialAction\":[{\"@type\":\"CommentAction\",\"name\":\"Comment\",\"target\":[\"https:\/\/arteeluoghi.it\/index.php\/2021\/04\/28\/racconti-dafrica\/#respond\"]}]},{\"@type\":\"Person\",\"@id\":\"https:\/\/arteeluoghi.it\/#\/schema\/person\/f84e814e36e91e01448ee07eaadd41d4\",\"name\":\"Staff\",\"image\":{\"@type\":\"ImageObject\",\"@id\":\"https:\/\/arteeluoghi.it\/#personlogo\",\"inLanguage\":\"it-IT\",\"url\":\"https:\/\/secure.gravatar.com\/avatar\/49d2f9e46271bb04e19cebfaf141313a?s=96&d=blank&r=g\",\"contentUrl\":\"https:\/\/secure.gravatar.com\/avatar\/49d2f9e46271bb04e19cebfaf141313a?s=96&d=blank&r=g\",\"caption\":\"Staff\"}}]}<\/script>\n<!-- \/ Yoast SEO plugin. -->","yoast_head_json":{"title":"Racconti d'Africa le foto di Piero Cannizzaro | Arte e Luoghi","description":"Ha riaperto il 28 aprile e sar\u00e0 visitabile fino al 23 maggio la mostra fotografica di Piero Cannizzaro allestita nelle sale di Palazzo Merulana a Roma","robots":{"index":"index","follow":"follow","max-snippet":"max-snippet:-1","max-image-preview":"max-image-preview:large","max-video-preview":"max-video-preview:-1"},"canonical":"https:\/\/arteeluoghi.it\/index.php\/2021\/04\/28\/racconti-dafrica\/","og_locale":"it_IT","og_type":"article","og_title":"Racconti d'Africa le foto di Piero Cannizzaro | Arte e Luoghi","og_description":"Ha riaperto il 28 aprile e sar\u00e0 visitabile fino al 23 maggio la mostra fotografica di Piero Cannizzaro allestita nelle sale di Palazzo Merulana a Roma","og_url":"https:\/\/arteeluoghi.it\/index.php\/2021\/04\/28\/racconti-dafrica\/","og_site_name":"Arte e Luoghi","article_publisher":"https:\/\/www.facebook.com\/ArteELuoghi\/","article_published_time":"2021-04-28T21:08:02+00:00","article_modified_time":"2021-05-11T21:22:55+00:00","og_image":[{"width":1024,"height":576,"url":"https:\/\/arteeluoghi.it\/wp-content\/uploads\/2021\/03\/GUINEA-FOTO-PIERO-CANNIZZARO-1024x576.jpg","type":"image\/jpeg"}],"twitter_card":"summary","twitter_creator":"@arteeluoghi","twitter_site":"@arteeluoghi","twitter_misc":{"Scritto da":"Staff","Tempo di lettura stimato":"1 minuto"},"schema":{"@context":"https:\/\/schema.org","@graph":[{"@type":"Organization","@id":"https:\/\/arteeluoghi.it\/#organization","name":"Arte e Luoghi","url":"https:\/\/arteeluoghi.it\/","sameAs":["https:\/\/www.facebook.com\/ArteELuoghi\/","https:\/\/www.instagram.com\/arteeluoghi\/?hl=it","https:\/\/www.youtube.com\/channel\/UCuRVc4JW4-C5sg9rQB-srkw?view_as=subscriber","https:\/\/twitter.com\/arteeluoghi"],"logo":{"@type":"ImageObject","@id":"https:\/\/arteeluoghi.it\/#logo","inLanguage":"it-IT","url":"https:\/\/arteeluoghi.it\/wp-content\/uploads\/2018\/08\/logoinstagramarte.jpg","contentUrl":"https:\/\/arteeluoghi.it\/wp-content\/uploads\/2018\/08\/logoinstagramarte.jpg","width":150,"height":150,"caption":"Arte e Luoghi"},"image":{"@id":"https:\/\/arteeluoghi.it\/#logo"}},{"@type":"WebSite","@id":"https:\/\/arteeluoghi.it\/#website","url":"https:\/\/arteeluoghi.it\/","name":"Arte e Luoghi","description":"Mensile di arte, cultura, turismo e curiosit\u00e0","publisher":{"@id":"https:\/\/arteeluoghi.it\/#organization"},"potentialAction":[{"@type":"SearchAction","target":{"@type":"EntryPoint","urlTemplate":"https:\/\/arteeluoghi.it\/?s={search_term_string}"},"query-input":"required name=search_term_string"}],"inLanguage":"it-IT"},{"@type":"ImageObject","@id":"https:\/\/arteeluoghi.it\/index.php\/2021\/04\/28\/racconti-dafrica\/#primaryimage","inLanguage":"it-IT","url":"https:\/\/arteeluoghi.it\/wp-content\/uploads\/2021\/03\/GUINEA-FOTO-PIERO-CANNIZZARO.jpg","contentUrl":"https:\/\/arteeluoghi.it\/wp-content\/uploads\/2021\/03\/GUINEA-FOTO-PIERO-CANNIZZARO.jpg","width":4032,"height":2268},{"@type":"WebPage","@id":"https:\/\/arteeluoghi.it\/index.php\/2021\/04\/28\/racconti-dafrica\/#webpage","url":"https:\/\/arteeluoghi.it\/index.php\/2021\/04\/28\/racconti-dafrica\/","name":"Racconti d'Africa le foto di Piero Cannizzaro | Arte e Luoghi","isPartOf":{"@id":"https:\/\/arteeluoghi.it\/#website"},"primaryImageOfPage":{"@id":"https:\/\/arteeluoghi.it\/index.php\/2021\/04\/28\/racconti-dafrica\/#primaryimage"},"datePublished":"2021-04-28T21:08:02+00:00","dateModified":"2021-05-11T21:22:55+00:00","description":"Ha riaperto il 28 aprile e sar\u00e0 visitabile fino al 23 maggio la mostra fotografica di Piero Cannizzaro allestita nelle sale di Palazzo Merulana a Roma","breadcrumb":{"@id":"https:\/\/arteeluoghi.it\/index.php\/2021\/04\/28\/racconti-dafrica\/#breadcrumb"},"inLanguage":"it-IT","potentialAction":[{"@type":"ReadAction","target":["https:\/\/arteeluoghi.it\/index.php\/2021\/04\/28\/racconti-dafrica\/"]}]},{"@type":"BreadcrumbList","@id":"https:\/\/arteeluoghi.it\/index.php\/2021\/04\/28\/racconti-dafrica\/#breadcrumb","itemListElement":[{"@type":"ListItem","position":1,"name":"Home","item":"https:\/\/arteeluoghi.it\/"},{"@type":"ListItem","position":2,"name":"Racconti d&#8217;Africa"}]},{"@type":"Article","@id":"https:\/\/arteeluoghi.it\/index.php\/2021\/04\/28\/racconti-dafrica\/#article","isPartOf":{"@id":"https:\/\/arteeluoghi.it\/index.php\/2021\/04\/28\/racconti-dafrica\/#webpage"},"author":{"@id":"https:\/\/arteeluoghi.it\/#\/schema\/person\/f84e814e36e91e01448ee07eaadd41d4"},"headline":"Racconti d&#8217;Africa","datePublished":"2021-04-28T21:08:02+00:00","dateModified":"2021-05-11T21:22:55+00:00","mainEntityOfPage":{"@id":"https:\/\/arteeluoghi.it\/index.php\/2021\/04\/28\/racconti-dafrica\/#webpage"},"wordCount":241,"commentCount":0,"publisher":{"@id":"https:\/\/arteeluoghi.it\/#organization"},"image":{"@id":"https:\/\/arteeluoghi.it\/index.php\/2021\/04\/28\/racconti-dafrica\/#primaryimage"},"thumbnailUrl":"https:\/\/arteeluoghi.it\/wp-content\/uploads\/2021\/03\/GUINEA-FOTO-PIERO-CANNIZZARO.jpg","keywords":["fotografie","Palazzo Merulana","Piero Cannizzaro","Roma"],"articleSection":["Arte","Arti visive"],"inLanguage":"it-IT","potentialAction":[{"@type":"CommentAction","name":"Comment","target":["https:\/\/arteeluoghi.it\/index.php\/2021\/04\/28\/racconti-dafrica\/#respond"]}]},{"@type":"Person","@id":"https:\/\/arteeluoghi.it\/#\/schema\/person\/f84e814e36e91e01448ee07eaadd41d4","name":"Staff","image":{"@type":"ImageObject","@id":"https:\/\/arteeluoghi.it\/#personlogo","inLanguage":"it-IT","url":"https:\/\/secure.gravatar.com\/avatar\/49d2f9e46271bb04e19cebfaf141313a?s=96&d=blank&r=g","contentUrl":"https:\/\/secure.gravatar.com\/avatar\/49d2f9e46271bb04e19cebfaf141313a?s=96&d=blank&r=g","caption":"Staff"}}]}},"_links":{"self":[{"href":"https:\/\/arteeluoghi.it\/index.php\/wp-json\/wp\/v2\/posts\/9913"}],"collection":[{"href":"https:\/\/arteeluoghi.it\/index.php\/wp-json\/wp\/v2\/posts"}],"about":[{"href":"https:\/\/arteeluoghi.it\/index.php\/wp-json\/wp\/v2\/types\/post"}],"author":[{"embeddable":true,"href":"https:\/\/arteeluoghi.it\/index.php\/wp-json\/wp\/v2\/users\/1"}],"replies":[{"embeddable":true,"href":"https:\/\/arteeluoghi.it\/index.php\/wp-json\/wp\/v2\/comments?post=9913"}],"version-history":[{"count":1,"href":"https:\/\/arteeluoghi.it\/index.php\/wp-json\/wp\/v2\/posts\/9913\/revisions"}],"predecessor-version":[{"id":9914,"href":"https:\/\/arteeluoghi.it\/index.php\/wp-json\/wp\/v2\/posts\/9913\/revisions\/9914"}],"wp:featuredmedia":[{"embeddable":true,"href":"https:\/\/arteeluoghi.it\/index.php\/wp-json\/wp\/v2\/media\/9897"}],"wp:attachment":[{"href":"https:\/\/arteeluoghi.it\/index.php\/wp-json\/wp\/v2\/media?parent=9913"}],"wp:term":[{"taxonomy":"category","embeddable":true,"href":"https:\/\/arteeluoghi.it\/index.php\/wp-json\/wp\/v2\/categories?post=9913"},{"taxonomy":"post_tag","embeddable":true,"href":"https:\/\/arteeluoghi.it\/index.php\/wp-json\/wp\/v2\/tags?post=9913"}],"curies":[{"name":"wp","href":"https:\/\/api.w.org\/{rel}","templated":true}]}}