{"id":9988,"date":"2021-06-03T16:50:37","date_gmt":"2021-06-03T14:50:37","guid":{"rendered":"https:\/\/arteeluoghi.it\/?p=9988"},"modified":"2021-05-30T16:53:48","modified_gmt":"2021-05-30T14:53:48","slug":"nessun-dorma-laria-di-puccini-per-le-vie-di-roma","status":"publish","type":"post","link":"https:\/\/arteeluoghi.it\/index.php\/2021\/06\/03\/nessun-dorma-laria-di-puccini-per-le-vie-di-roma\/","title":{"rendered":"Nessun dorma, l\u2019aria di Puccini per le vie di Roma"},"content":{"rendered":"\n<blockquote class=\"wp-block-quote\"><p>Dal 4 al 6 giugno a bordo di un\u2019ape car il musicista Francesco Leineri far\u00e0 risuonare l\u2019aria pucciniana<\/p><\/blockquote>\n\n\n\n<p>ROMA. Novantanove variazioni di Nessun Dorma, la pi\u00f9 famosa aria di Giacomo Puccini, suonata dal compositore e performer Francesco Leineri, dal 4 al 6 giugno invader\u00e0 la citt\u00e0. A bordo di un\u2019ape car, seguir\u00e0 un itinerario nelle trafficate strade dei municipi III, V, XIII e XIV di Roma, attraversando Fidene, Serpentara, Vigne Nuove, Tufello, e poi ancora a Centocelle, Torpignattara, Quarticciolo, Pigneto, Montespaccato, Torrevecchia, Primavalle, Santa Maria della Piet\u00e0, Battistini e Pineta Sacchetti. <\/p>\n\n\n\n<!--more-->\n\n\n\n<p>Un innesto di bellezza inconsueto, un\u2019incursione improvvisa e mattutina, nella quotidianit\u00e0 del territorio, di un\u2019opera dal linguaggio universale e di quei versi noti al mondo intero ma solitamente protagonisti di grandi palchi teatrali e suggestivi scenari. Sar\u00e0 un ulteriore tassello di quel progetto, ideato e curato da Fabio Morgan, finalizzato a  disegnare quella citt\u00e0 ideale che, iniziata con Shakespeare nei cortili degli Ater, si confronter\u00e0 con quella che forse \u00e8 la pi\u00f9 nota aria mai scritta in italiano. \u00abCon Nessun Dorma abbiamo cercato di costruire un progetto che sostituisse ai rumori spessi fastidiosi e invadenti della citt\u00e0 &#8211; clacson, ambulanze, liti, urla, motorini &#8211; una musica che aleggiasse per le vie e i quartieri della periferia e ridisegnasse un suono armonico della citt\u00e0\u00bb spiega Fabio Morgan, ideatore di La Citt\u00e0 Ideale. \u00abDa qui l\u2019idea di portare Giacomo Puccini l\u00ec dove di lirico c\u2019\u00e8 poco. Un momento lirico, un momento di bellezza universale da incastonare nella nostra citt\u00e0 ideale: dove svegliarci la mattina e avere la possibilit\u00e0 di fermarci per un attimo, quasi sovrastati dall\u2019incanto\u00bb.<br> Dopo i concerti per pianoforte all\u2019isola pedonale del Pigneto e a piazza Nuccitelli del 2019, con 99 variazioni del Nessun dorma il compositore e performer Francesco Leineri rinnova cos\u00ec la collaborazione con La Citt\u00e0 Ideale, progetto ideato da Fabio Morgan. \u00abL\u2019idea \u00e8 nata dalla volont\u00e0 di ampliare ancor di pi\u00f9 la precedente esperienza di condivisione del fatto musicale, semplice e autentico, rendendola ancora pi\u00f9 fruibile, ma straniante ed atipica\u00bb spiega. \u00abL\u2019idea di Nessun dorma &#8211; prosegue Leineri &#8211; \u00e8 una risposta un po&#8217; caustica e sarcastica all\u2019esaltazione della vittoria, illusoria quando non si considera il deserto della notte intorno. Non saremo a Pechino, non ci sar\u00e0 Calaf, ma vuole essere senz&#8217;altro un risveglio insolito per le strade di Roma\u00bb. Sul canale Telegram di La Citt\u00e0 Ideale sar\u00e0 possibile seguire la posizione di Leineri in tempo reale per poterlo ascoltare, raggiungendolo durante il tragitto.<\/p>\n","protected":false},"excerpt":{"rendered":"<p>Dal 4 al 6 giugno a bordo di un\u2019ape car il musicista Francesco Leineri far\u00e0 risuonare l\u2019aria pucciniana ROMA. Novantanove<\/p>\n","protected":false},"author":1,"featured_media":9989,"comment_status":"open","ping_status":"open","sticky":true,"template":"","format":"standard","meta":[],"categories":[5,12,28],"tags":[2753,3364,1990,3365,485],"yoast_head":"<!-- This site is optimized with the Yoast SEO plugin v18.0 - https:\/\/yoast.com\/wordpress\/plugins\/seo\/ -->\n<title>Nessun dorma, l\u2019aria di Puccini per le vie di Roma | Arte e Luoghi<\/title>\n<meta name=\"description\" content=\"Dal 4 al 6 giugno a bordo di un\u2019ape car il musicista Francesco Leineri far\u00e0 risuonare l\u2019aria pucciniana\" \/>\n<meta name=\"robots\" content=\"index, follow, max-snippet:-1, max-image-preview:large, max-video-preview:-1\" \/>\n<link rel=\"canonical\" href=\"https:\/\/arteeluoghi.it\/index.php\/2021\/06\/03\/nessun-dorma-laria-di-puccini-per-le-vie-di-roma\/\" \/>\n<meta property=\"og:locale\" content=\"it_IT\" \/>\n<meta property=\"og:type\" content=\"article\" \/>\n<meta property=\"og:title\" content=\"Nessun dorma, l\u2019aria di Puccini per le vie di Roma | Arte e Luoghi\" \/>\n<meta property=\"og:description\" content=\"Dal 4 al 6 giugno a bordo di un\u2019ape car il musicista Francesco Leineri far\u00e0 risuonare l\u2019aria pucciniana\" \/>\n<meta property=\"og:url\" content=\"https:\/\/arteeluoghi.it\/index.php\/2021\/06\/03\/nessun-dorma-laria-di-puccini-per-le-vie-di-roma\/\" \/>\n<meta property=\"og:site_name\" content=\"Arte e Luoghi\" \/>\n<meta property=\"article:publisher\" content=\"https:\/\/www.facebook.com\/ArteELuoghi\/\" \/>\n<meta property=\"article:published_time\" content=\"2021-06-03T14:50:37+00:00\" \/>\n<meta property=\"article:modified_time\" content=\"2021-05-30T14:53:48+00:00\" \/>\n<meta property=\"og:image\" content=\"https:\/\/arteeluoghi.it\/wp-content\/uploads\/2021\/05\/Francesco-Leineri-Nessun-Dorma_-La-Citta-ideale.jpg\" \/>\n\t<meta property=\"og:image:width\" content=\"1600\" \/>\n\t<meta property=\"og:image:height\" content=\"1067\" \/>\n\t<meta property=\"og:image:type\" content=\"image\/jpeg\" \/>\n<meta name=\"twitter:card\" content=\"summary\" \/>\n<meta name=\"twitter:creator\" content=\"@arteeluoghi\" \/>\n<meta name=\"twitter:site\" content=\"@arteeluoghi\" \/>\n<meta name=\"twitter:label1\" content=\"Scritto da\" \/>\n\t<meta name=\"twitter:data1\" content=\"Staff\" \/>\n\t<meta name=\"twitter:label2\" content=\"Tempo di lettura stimato\" \/>\n\t<meta name=\"twitter:data2\" content=\"2 minuti\" \/>\n<script type=\"application\/ld+json\" class=\"yoast-schema-graph\">{\"@context\":\"https:\/\/schema.org\",\"@graph\":[{\"@type\":\"Organization\",\"@id\":\"https:\/\/arteeluoghi.it\/#organization\",\"name\":\"Arte e Luoghi\",\"url\":\"https:\/\/arteeluoghi.it\/\",\"sameAs\":[\"https:\/\/www.facebook.com\/ArteELuoghi\/\",\"https:\/\/www.instagram.com\/arteeluoghi\/?hl=it\",\"https:\/\/www.youtube.com\/channel\/UCuRVc4JW4-C5sg9rQB-srkw?view_as=subscriber\",\"https:\/\/twitter.com\/arteeluoghi\"],\"logo\":{\"@type\":\"ImageObject\",\"@id\":\"https:\/\/arteeluoghi.it\/#logo\",\"inLanguage\":\"it-IT\",\"url\":\"https:\/\/arteeluoghi.it\/wp-content\/uploads\/2018\/08\/logoinstagramarte.jpg\",\"contentUrl\":\"https:\/\/arteeluoghi.it\/wp-content\/uploads\/2018\/08\/logoinstagramarte.jpg\",\"width\":150,\"height\":150,\"caption\":\"Arte e Luoghi\"},\"image\":{\"@id\":\"https:\/\/arteeluoghi.it\/#logo\"}},{\"@type\":\"WebSite\",\"@id\":\"https:\/\/arteeluoghi.it\/#website\",\"url\":\"https:\/\/arteeluoghi.it\/\",\"name\":\"Arte e Luoghi\",\"description\":\"Mensile di arte, cultura, turismo e curiosit\u00e0\",\"publisher\":{\"@id\":\"https:\/\/arteeluoghi.it\/#organization\"},\"potentialAction\":[{\"@type\":\"SearchAction\",\"target\":{\"@type\":\"EntryPoint\",\"urlTemplate\":\"https:\/\/arteeluoghi.it\/?s={search_term_string}\"},\"query-input\":\"required name=search_term_string\"}],\"inLanguage\":\"it-IT\"},{\"@type\":\"ImageObject\",\"@id\":\"https:\/\/arteeluoghi.it\/index.php\/2021\/06\/03\/nessun-dorma-laria-di-puccini-per-le-vie-di-roma\/#primaryimage\",\"inLanguage\":\"it-IT\",\"url\":\"https:\/\/arteeluoghi.it\/wp-content\/uploads\/2021\/05\/Francesco-Leineri-Nessun-Dorma_-La-Citta-ideale.jpg\",\"contentUrl\":\"https:\/\/arteeluoghi.it\/wp-content\/uploads\/2021\/05\/Francesco-Leineri-Nessun-Dorma_-La-Citta-ideale.jpg\",\"width\":1600,\"height\":1067},{\"@type\":\"WebPage\",\"@id\":\"https:\/\/arteeluoghi.it\/index.php\/2021\/06\/03\/nessun-dorma-laria-di-puccini-per-le-vie-di-roma\/#webpage\",\"url\":\"https:\/\/arteeluoghi.it\/index.php\/2021\/06\/03\/nessun-dorma-laria-di-puccini-per-le-vie-di-roma\/\",\"name\":\"Nessun dorma, l\u2019aria di Puccini per le vie di Roma | Arte e Luoghi\",\"isPartOf\":{\"@id\":\"https:\/\/arteeluoghi.it\/#website\"},\"primaryImageOfPage\":{\"@id\":\"https:\/\/arteeluoghi.it\/index.php\/2021\/06\/03\/nessun-dorma-laria-di-puccini-per-le-vie-di-roma\/#primaryimage\"},\"datePublished\":\"2021-06-03T14:50:37+00:00\",\"dateModified\":\"2021-05-30T14:53:48+00:00\",\"description\":\"Dal 4 al 6 giugno a bordo di un\u2019ape car il musicista Francesco Leineri far\u00e0 risuonare l\u2019aria pucciniana\",\"breadcrumb\":{\"@id\":\"https:\/\/arteeluoghi.it\/index.php\/2021\/06\/03\/nessun-dorma-laria-di-puccini-per-le-vie-di-roma\/#breadcrumb\"},\"inLanguage\":\"it-IT\",\"potentialAction\":[{\"@type\":\"ReadAction\",\"target\":[\"https:\/\/arteeluoghi.it\/index.php\/2021\/06\/03\/nessun-dorma-laria-di-puccini-per-le-vie-di-roma\/\"]}]},{\"@type\":\"BreadcrumbList\",\"@id\":\"https:\/\/arteeluoghi.it\/index.php\/2021\/06\/03\/nessun-dorma-laria-di-puccini-per-le-vie-di-roma\/#breadcrumb\",\"itemListElement\":[{\"@type\":\"ListItem\",\"position\":1,\"name\":\"Home\",\"item\":\"https:\/\/arteeluoghi.it\/\"},{\"@type\":\"ListItem\",\"position\":2,\"name\":\"Nessun dorma, l\u2019aria di Puccini per le vie di Roma\"}]},{\"@type\":\"Article\",\"@id\":\"https:\/\/arteeluoghi.it\/index.php\/2021\/06\/03\/nessun-dorma-laria-di-puccini-per-le-vie-di-roma\/#article\",\"isPartOf\":{\"@id\":\"https:\/\/arteeluoghi.it\/index.php\/2021\/06\/03\/nessun-dorma-laria-di-puccini-per-le-vie-di-roma\/#webpage\"},\"author\":{\"@id\":\"https:\/\/arteeluoghi.it\/#\/schema\/person\/f84e814e36e91e01448ee07eaadd41d4\"},\"headline\":\"Nessun dorma, l\u2019aria di Puccini per le vie di Roma\",\"datePublished\":\"2021-06-03T14:50:37+00:00\",\"dateModified\":\"2021-05-30T14:53:48+00:00\",\"mainEntityOfPage\":{\"@id\":\"https:\/\/arteeluoghi.it\/index.php\/2021\/06\/03\/nessun-dorma-laria-di-puccini-per-le-vie-di-roma\/#webpage\"},\"wordCount\":421,\"commentCount\":0,\"publisher\":{\"@id\":\"https:\/\/arteeluoghi.it\/#organization\"},\"image\":{\"@id\":\"https:\/\/arteeluoghi.it\/index.php\/2021\/06\/03\/nessun-dorma-laria-di-puccini-per-le-vie-di-roma\/#primaryimage\"},\"thumbnailUrl\":\"https:\/\/arteeluoghi.it\/wp-content\/uploads\/2021\/05\/Francesco-Leineri-Nessun-Dorma_-La-Citta-ideale.jpg\",\"keywords\":[\"Fabio Morgan\",\"Francesco Leineri\",\"Giacomo Puccini\",\"La Citt\u00e0 ideale\",\"Roma\"],\"articleSection\":[\"i non luoghi\",\"MUSICA\",\"Notizie\"],\"inLanguage\":\"it-IT\",\"potentialAction\":[{\"@type\":\"CommentAction\",\"name\":\"Comment\",\"target\":[\"https:\/\/arteeluoghi.it\/index.php\/2021\/06\/03\/nessun-dorma-laria-di-puccini-per-le-vie-di-roma\/#respond\"]}]},{\"@type\":\"Person\",\"@id\":\"https:\/\/arteeluoghi.it\/#\/schema\/person\/f84e814e36e91e01448ee07eaadd41d4\",\"name\":\"Staff\",\"image\":{\"@type\":\"ImageObject\",\"@id\":\"https:\/\/arteeluoghi.it\/#personlogo\",\"inLanguage\":\"it-IT\",\"url\":\"https:\/\/secure.gravatar.com\/avatar\/49d2f9e46271bb04e19cebfaf141313a?s=96&d=blank&r=g\",\"contentUrl\":\"https:\/\/secure.gravatar.com\/avatar\/49d2f9e46271bb04e19cebfaf141313a?s=96&d=blank&r=g\",\"caption\":\"Staff\"}}]}<\/script>\n<!-- \/ Yoast SEO plugin. -->","yoast_head_json":{"title":"Nessun dorma, l\u2019aria di Puccini per le vie di Roma | Arte e Luoghi","description":"Dal 4 al 6 giugno a bordo di un\u2019ape car il musicista Francesco Leineri far\u00e0 risuonare l\u2019aria pucciniana","robots":{"index":"index","follow":"follow","max-snippet":"max-snippet:-1","max-image-preview":"max-image-preview:large","max-video-preview":"max-video-preview:-1"},"canonical":"https:\/\/arteeluoghi.it\/index.php\/2021\/06\/03\/nessun-dorma-laria-di-puccini-per-le-vie-di-roma\/","og_locale":"it_IT","og_type":"article","og_title":"Nessun dorma, l\u2019aria di Puccini per le vie di Roma | Arte e Luoghi","og_description":"Dal 4 al 6 giugno a bordo di un\u2019ape car il musicista Francesco Leineri far\u00e0 risuonare l\u2019aria pucciniana","og_url":"https:\/\/arteeluoghi.it\/index.php\/2021\/06\/03\/nessun-dorma-laria-di-puccini-per-le-vie-di-roma\/","og_site_name":"Arte e Luoghi","article_publisher":"https:\/\/www.facebook.com\/ArteELuoghi\/","article_published_time":"2021-06-03T14:50:37+00:00","article_modified_time":"2021-05-30T14:53:48+00:00","og_image":[{"width":1600,"height":1067,"url":"https:\/\/arteeluoghi.it\/wp-content\/uploads\/2021\/05\/Francesco-Leineri-Nessun-Dorma_-La-Citta-ideale.jpg","type":"image\/jpeg"}],"twitter_card":"summary","twitter_creator":"@arteeluoghi","twitter_site":"@arteeluoghi","twitter_misc":{"Scritto da":"Staff","Tempo di lettura stimato":"2 minuti"},"schema":{"@context":"https:\/\/schema.org","@graph":[{"@type":"Organization","@id":"https:\/\/arteeluoghi.it\/#organization","name":"Arte e Luoghi","url":"https:\/\/arteeluoghi.it\/","sameAs":["https:\/\/www.facebook.com\/ArteELuoghi\/","https:\/\/www.instagram.com\/arteeluoghi\/?hl=it","https:\/\/www.youtube.com\/channel\/UCuRVc4JW4-C5sg9rQB-srkw?view_as=subscriber","https:\/\/twitter.com\/arteeluoghi"],"logo":{"@type":"ImageObject","@id":"https:\/\/arteeluoghi.it\/#logo","inLanguage":"it-IT","url":"https:\/\/arteeluoghi.it\/wp-content\/uploads\/2018\/08\/logoinstagramarte.jpg","contentUrl":"https:\/\/arteeluoghi.it\/wp-content\/uploads\/2018\/08\/logoinstagramarte.jpg","width":150,"height":150,"caption":"Arte e Luoghi"},"image":{"@id":"https:\/\/arteeluoghi.it\/#logo"}},{"@type":"WebSite","@id":"https:\/\/arteeluoghi.it\/#website","url":"https:\/\/arteeluoghi.it\/","name":"Arte e Luoghi","description":"Mensile di arte, cultura, turismo e curiosit\u00e0","publisher":{"@id":"https:\/\/arteeluoghi.it\/#organization"},"potentialAction":[{"@type":"SearchAction","target":{"@type":"EntryPoint","urlTemplate":"https:\/\/arteeluoghi.it\/?s={search_term_string}"},"query-input":"required name=search_term_string"}],"inLanguage":"it-IT"},{"@type":"ImageObject","@id":"https:\/\/arteeluoghi.it\/index.php\/2021\/06\/03\/nessun-dorma-laria-di-puccini-per-le-vie-di-roma\/#primaryimage","inLanguage":"it-IT","url":"https:\/\/arteeluoghi.it\/wp-content\/uploads\/2021\/05\/Francesco-Leineri-Nessun-Dorma_-La-Citta-ideale.jpg","contentUrl":"https:\/\/arteeluoghi.it\/wp-content\/uploads\/2021\/05\/Francesco-Leineri-Nessun-Dorma_-La-Citta-ideale.jpg","width":1600,"height":1067},{"@type":"WebPage","@id":"https:\/\/arteeluoghi.it\/index.php\/2021\/06\/03\/nessun-dorma-laria-di-puccini-per-le-vie-di-roma\/#webpage","url":"https:\/\/arteeluoghi.it\/index.php\/2021\/06\/03\/nessun-dorma-laria-di-puccini-per-le-vie-di-roma\/","name":"Nessun dorma, l\u2019aria di Puccini per le vie di Roma | Arte e Luoghi","isPartOf":{"@id":"https:\/\/arteeluoghi.it\/#website"},"primaryImageOfPage":{"@id":"https:\/\/arteeluoghi.it\/index.php\/2021\/06\/03\/nessun-dorma-laria-di-puccini-per-le-vie-di-roma\/#primaryimage"},"datePublished":"2021-06-03T14:50:37+00:00","dateModified":"2021-05-30T14:53:48+00:00","description":"Dal 4 al 6 giugno a bordo di un\u2019ape car il musicista Francesco Leineri far\u00e0 risuonare l\u2019aria pucciniana","breadcrumb":{"@id":"https:\/\/arteeluoghi.it\/index.php\/2021\/06\/03\/nessun-dorma-laria-di-puccini-per-le-vie-di-roma\/#breadcrumb"},"inLanguage":"it-IT","potentialAction":[{"@type":"ReadAction","target":["https:\/\/arteeluoghi.it\/index.php\/2021\/06\/03\/nessun-dorma-laria-di-puccini-per-le-vie-di-roma\/"]}]},{"@type":"BreadcrumbList","@id":"https:\/\/arteeluoghi.it\/index.php\/2021\/06\/03\/nessun-dorma-laria-di-puccini-per-le-vie-di-roma\/#breadcrumb","itemListElement":[{"@type":"ListItem","position":1,"name":"Home","item":"https:\/\/arteeluoghi.it\/"},{"@type":"ListItem","position":2,"name":"Nessun dorma, l\u2019aria di Puccini per le vie di Roma"}]},{"@type":"Article","@id":"https:\/\/arteeluoghi.it\/index.php\/2021\/06\/03\/nessun-dorma-laria-di-puccini-per-le-vie-di-roma\/#article","isPartOf":{"@id":"https:\/\/arteeluoghi.it\/index.php\/2021\/06\/03\/nessun-dorma-laria-di-puccini-per-le-vie-di-roma\/#webpage"},"author":{"@id":"https:\/\/arteeluoghi.it\/#\/schema\/person\/f84e814e36e91e01448ee07eaadd41d4"},"headline":"Nessun dorma, l\u2019aria di Puccini per le vie di Roma","datePublished":"2021-06-03T14:50:37+00:00","dateModified":"2021-05-30T14:53:48+00:00","mainEntityOfPage":{"@id":"https:\/\/arteeluoghi.it\/index.php\/2021\/06\/03\/nessun-dorma-laria-di-puccini-per-le-vie-di-roma\/#webpage"},"wordCount":421,"commentCount":0,"publisher":{"@id":"https:\/\/arteeluoghi.it\/#organization"},"image":{"@id":"https:\/\/arteeluoghi.it\/index.php\/2021\/06\/03\/nessun-dorma-laria-di-puccini-per-le-vie-di-roma\/#primaryimage"},"thumbnailUrl":"https:\/\/arteeluoghi.it\/wp-content\/uploads\/2021\/05\/Francesco-Leineri-Nessun-Dorma_-La-Citta-ideale.jpg","keywords":["Fabio Morgan","Francesco Leineri","Giacomo Puccini","La Citt\u00e0 ideale","Roma"],"articleSection":["i non luoghi","MUSICA","Notizie"],"inLanguage":"it-IT","potentialAction":[{"@type":"CommentAction","name":"Comment","target":["https:\/\/arteeluoghi.it\/index.php\/2021\/06\/03\/nessun-dorma-laria-di-puccini-per-le-vie-di-roma\/#respond"]}]},{"@type":"Person","@id":"https:\/\/arteeluoghi.it\/#\/schema\/person\/f84e814e36e91e01448ee07eaadd41d4","name":"Staff","image":{"@type":"ImageObject","@id":"https:\/\/arteeluoghi.it\/#personlogo","inLanguage":"it-IT","url":"https:\/\/secure.gravatar.com\/avatar\/49d2f9e46271bb04e19cebfaf141313a?s=96&d=blank&r=g","contentUrl":"https:\/\/secure.gravatar.com\/avatar\/49d2f9e46271bb04e19cebfaf141313a?s=96&d=blank&r=g","caption":"Staff"}}]}},"_links":{"self":[{"href":"https:\/\/arteeluoghi.it\/index.php\/wp-json\/wp\/v2\/posts\/9988"}],"collection":[{"href":"https:\/\/arteeluoghi.it\/index.php\/wp-json\/wp\/v2\/posts"}],"about":[{"href":"https:\/\/arteeluoghi.it\/index.php\/wp-json\/wp\/v2\/types\/post"}],"author":[{"embeddable":true,"href":"https:\/\/arteeluoghi.it\/index.php\/wp-json\/wp\/v2\/users\/1"}],"replies":[{"embeddable":true,"href":"https:\/\/arteeluoghi.it\/index.php\/wp-json\/wp\/v2\/comments?post=9988"}],"version-history":[{"count":1,"href":"https:\/\/arteeluoghi.it\/index.php\/wp-json\/wp\/v2\/posts\/9988\/revisions"}],"predecessor-version":[{"id":9990,"href":"https:\/\/arteeluoghi.it\/index.php\/wp-json\/wp\/v2\/posts\/9988\/revisions\/9990"}],"wp:featuredmedia":[{"embeddable":true,"href":"https:\/\/arteeluoghi.it\/index.php\/wp-json\/wp\/v2\/media\/9989"}],"wp:attachment":[{"href":"https:\/\/arteeluoghi.it\/index.php\/wp-json\/wp\/v2\/media?parent=9988"}],"wp:term":[{"taxonomy":"category","embeddable":true,"href":"https:\/\/arteeluoghi.it\/index.php\/wp-json\/wp\/v2\/categories?post=9988"},{"taxonomy":"post_tag","embeddable":true,"href":"https:\/\/arteeluoghi.it\/index.php\/wp-json\/wp\/v2\/tags?post=9988"}],"curies":[{"name":"wp","href":"https:\/\/api.w.org\/{rel}","templated":true}]}}