{"id":9992,"date":"2021-03-21T16:54:16","date_gmt":"2021-03-21T15:54:16","guid":{"rendered":"https:\/\/arteeluoghi.it\/?p=9992"},"modified":"2021-05-30T16:58:29","modified_gmt":"2021-05-30T14:58:29","slug":"luca-toracca-canone-teatro","status":"publish","type":"post","link":"https:\/\/arteeluoghi.it\/index.php\/2021\/03\/21\/luca-toracca-canone-teatro\/","title":{"rendered":"Luca Toracca. Canone Teatro"},"content":{"rendered":"\n<p><\/p>\n\n\n\n<p><\/p>\n\n\n\n<blockquote class=\"wp-block-quote\"><p>Le riflessioni dello psicologo psicoterapeuta  <\/p><cite>Giovanni Bruno<\/cite><\/blockquote>\n\n\n\n<p>\u201c Noi moriamo soltanto quando non riusciamo a mettere radici in altri \u201c <br>\n                                                                                                       Lev  Nikolaevic Tolstoj<\/p>\n\n\n\n<p>In questi mesi di sofferenza   pandemica a molti di noi sono state inflitte chiusure, interruzioni di attivit\u00e0 legate  al teatro, al cinema, al circo agli artisti di strada che si esibiscono in piazze, zone pedonali, strade. <\/p>\n\n\n\n<!--more-->\n\n\n\n<p><br> Eppure queste forme d\u2019arte ci nutrivano , avevano un alto valore simbolico, appagavano il nostro  bisogno di intrattenere e definire rapporti sociali attraverso la forma della rappresentazione e della finzione ludica.<br> Tutto questo manca da molti mesi e i succedanei, i surrogati che con la tecnologia ci sono venuti in soccorso non hanno tuttavia riempito il vuoto individuale che l\u2019esperienza teatrale riusciva a ripianare. La teatralit\u00e0 infatti \u00e8 soprattutto immagine, atto del vedere, si fa esperienza della visione, con la prevalenza dell\u2019occhio sull\u2019orecchio. Una rappresentazione    teatrale si svolge davanti a un pubblico che \u00e8 comunque parte integrante dello spettacolo. La gestualit\u00e0, i suoni, le voci degli attori risuonano nella mente degli spettatori creando una intercorporeit\u00e0  che rappresenta la base per la comprensione dell\u2019azione scenica. <br> Silvio D\u2019Amico, grande critico teatrale, ha definito appunto il teatro come \u201c la comunione di un pubblico con uno spettacolo vivente\u201c. E ancora \u201c il Teatro vuole l\u2019attore vivo che parla e che agisce scaldandosi col fiato del pubblico\u201d.<br> Tutta la storia della condizione umana \u00e8 intessuta e costellata dalle rappresentazioni teatrali, nell\u2019 Atene classica la tragedia era un genere teatrale molto vicino a una cerimonia di tipo religioso, con una fortissima valenza sociale. Infatti tutto il teatro tragico e la commedia attica antica sono fortemente intramati da una dimensione letteraria ma anche    da una struttura processuale tipica dell\u2019agone giudiziario. Erano dunque rappresentazioni che servivano a canalizzare l\u2019aggressivit\u00e0 e la violenza, dove la contesa era regolata da atti e comportamenti uniformemente    distribuiti dall\u2019autore tra i vari personaggi.     A ben riflettere lo stesso processo giudiziario \u00e8 molto vicino a una vera e propria rappresentazione teatrale, dove la sequenza ordinata di atti giuridici serve a contenere   lo stato psichico alterato dei contendenti e  a individuare una sentenza giusta che \u00e8 sempre giustizia degli uomini.<br> Ma torniamo al teatro inteso come rappresentazione.<br> Ci\u00f2 che pi\u00f9 manca in questo periodo calamitoso \u00e8 il tempo teatrale con il suo spazio narrante. Infatti i tempi teatrali prendono il sopravvento sul tempo individuale, a teatro come al cinema c\u2019\u00e8 in ognuno di noi una cesura, distanziamento dalle coordinate quotidiane, un coinvolgimento nella trama che si traduce in una esperienza transitoria unica in cui si incontrano il tempo dell\u2019esecuzione con quello della fruizione (Peter Handke). Il teatro \u00e8 ci\u00f2 che avviene in scena, le inquietudini i disagi le ambivalenze dei personaggi possono rimandarci ai nostri vissuti che tuttavia riusciamo a guardare con il filtro della finzione scenica.<br> Possiamo allora dire che nel mondo teatrale tutto \u00e8 legato alla psicologia, alle emozioni e ai sentimenti di ognuno. E\u2019 come se la rappresentazione teatrale, ma la stessa cosa vale per il cinema, riuscisse a svolgere a sviluppare una nuova soggettivit\u00e0 e lo spettatore \u00e8 altro da s\u00e9 proprio perch\u00e9    segue un flusso psichico lontano dalla sua esperienza. Edgar Morin arriva a dire che teatro e cinema costituiscono come una  corrente di coscienza dove le energie affettive e mentali dello spettatore subiscono un travisamento e sono in grado di creare una nuova soggettivit\u00e0. Certamente sono esperienze transitorie che tuttavia possono aiutare colui che assiste allo spettacolo a decodificare i propri vissuti, re-interpretarli e    comunque come dicevamo all\u2019inizio a nutrire, alimentare il proprio spirito, la propria anima di contenuti nuovi cos\u00ec da rendere la vita il pi\u00f9 larga possibile. A tale proposito esiste tutto un filone di ricerca legato agli aspetti terapeutici del teatro. Varie Scuole se ne servono costantemente, utilizzando laboratori teatrali dove la messa in scena delle emozioni pu\u00f2 avere come risultato alte potenzialit\u00e0 di cambiamento.<br> Un\u2019 ultima notazione vogliamo riservarla a una esperienza personale che negli ultimi anni ci  ha  molto arricchito. Ci pregiamo di conoscere personalmente e di considerare un amico Luca Toracca. <br> Toracca \u00e8 cofondatore del Teatro Elfo Puccini di Milano, ormai considerato uno dei pi\u00f9 importanti Teatri di rilevante interesse culturale. Bene, Luca Toracca \u00e8 il vero actor, ossia colui che agisce in scena. Nella sua<br> recitazione sono sempre coerenti gestualit\u00e0 e utilizzo della voce, sempre in grado di adattare la propria fisicit\u00e0 alle esigenze del personaggio. Ma in pi\u00f9 Luca con la sua arte riesce a farci entrare in contatto con il proprio mondo interiore e questa \u00e8 caratteristica solo dei grandi interpreti. Grazie Luca .<\/p>\n","protected":false},"excerpt":{"rendered":"<p>Le riflessioni dello psicologo psicoterapeuta Giovanni Bruno \u201c Noi moriamo soltanto quando non riusciamo a mettere radici in altri \u201c<\/p>\n","protected":false},"author":1,"featured_media":6010,"comment_status":"open","ping_status":"open","sticky":true,"template":"","format":"standard","meta":[],"categories":[52,1595],"tags":[2822,377],"yoast_head":"<!-- This site is optimized with the Yoast SEO plugin v18.0 - https:\/\/yoast.com\/wordpress\/plugins\/seo\/ -->\n<title>Luca Toracca. Canone Teatro | Arte e Luoghi<\/title>\n<meta name=\"description\" content=\"Toracca \u00e8 cofondatore del Teatro Elfo Puccini di Milano, ormai considerato uno dei pi\u00f9 importanti Teatri di rilevante interesse culturale.\" \/>\n<meta name=\"robots\" content=\"index, follow, max-snippet:-1, max-image-preview:large, max-video-preview:-1\" \/>\n<link rel=\"canonical\" href=\"https:\/\/arteeluoghi.it\/index.php\/2021\/03\/21\/luca-toracca-canone-teatro\/\" \/>\n<meta property=\"og:locale\" content=\"it_IT\" \/>\n<meta property=\"og:type\" content=\"article\" \/>\n<meta property=\"og:title\" content=\"Luca Toracca. Canone Teatro | Arte e Luoghi\" \/>\n<meta property=\"og:description\" content=\"Toracca \u00e8 cofondatore del Teatro Elfo Puccini di Milano, ormai considerato uno dei pi\u00f9 importanti Teatri di rilevante interesse culturale.\" \/>\n<meta property=\"og:url\" content=\"https:\/\/arteeluoghi.it\/index.php\/2021\/03\/21\/luca-toracca-canone-teatro\/\" \/>\n<meta property=\"og:site_name\" content=\"Arte e Luoghi\" \/>\n<meta property=\"article:publisher\" content=\"https:\/\/www.facebook.com\/ArteELuoghi\/\" \/>\n<meta property=\"article:published_time\" content=\"2021-03-21T15:54:16+00:00\" \/>\n<meta property=\"article:modified_time\" content=\"2021-05-30T14:58:29+00:00\" \/>\n<meta property=\"og:image\" content=\"https:\/\/arteeluoghi.it\/wp-content\/uploads\/2018\/09\/IMG_0565.jpg\" \/>\n\t<meta property=\"og:image:width\" content=\"426\" \/>\n\t<meta property=\"og:image:height\" content=\"640\" \/>\n\t<meta property=\"og:image:type\" content=\"image\/jpeg\" \/>\n<meta name=\"twitter:card\" content=\"summary\" \/>\n<meta name=\"twitter:creator\" content=\"@arteeluoghi\" \/>\n<meta name=\"twitter:site\" content=\"@arteeluoghi\" \/>\n<meta name=\"twitter:label1\" content=\"Scritto da\" \/>\n\t<meta name=\"twitter:data1\" content=\"Staff\" \/>\n\t<meta name=\"twitter:label2\" content=\"Tempo di lettura stimato\" \/>\n\t<meta name=\"twitter:data2\" content=\"4 minuti\" \/>\n<script type=\"application\/ld+json\" class=\"yoast-schema-graph\">{\"@context\":\"https:\/\/schema.org\",\"@graph\":[{\"@type\":\"Organization\",\"@id\":\"https:\/\/arteeluoghi.it\/#organization\",\"name\":\"Arte e Luoghi\",\"url\":\"https:\/\/arteeluoghi.it\/\",\"sameAs\":[\"https:\/\/www.facebook.com\/ArteELuoghi\/\",\"https:\/\/www.instagram.com\/arteeluoghi\/?hl=it\",\"https:\/\/www.youtube.com\/channel\/UCuRVc4JW4-C5sg9rQB-srkw?view_as=subscriber\",\"https:\/\/twitter.com\/arteeluoghi\"],\"logo\":{\"@type\":\"ImageObject\",\"@id\":\"https:\/\/arteeluoghi.it\/#logo\",\"inLanguage\":\"it-IT\",\"url\":\"https:\/\/arteeluoghi.it\/wp-content\/uploads\/2018\/08\/logoinstagramarte.jpg\",\"contentUrl\":\"https:\/\/arteeluoghi.it\/wp-content\/uploads\/2018\/08\/logoinstagramarte.jpg\",\"width\":150,\"height\":150,\"caption\":\"Arte e Luoghi\"},\"image\":{\"@id\":\"https:\/\/arteeluoghi.it\/#logo\"}},{\"@type\":\"WebSite\",\"@id\":\"https:\/\/arteeluoghi.it\/#website\",\"url\":\"https:\/\/arteeluoghi.it\/\",\"name\":\"Arte e Luoghi\",\"description\":\"Mensile di arte, cultura, turismo e curiosit\u00e0\",\"publisher\":{\"@id\":\"https:\/\/arteeluoghi.it\/#organization\"},\"potentialAction\":[{\"@type\":\"SearchAction\",\"target\":{\"@type\":\"EntryPoint\",\"urlTemplate\":\"https:\/\/arteeluoghi.it\/?s={search_term_string}\"},\"query-input\":\"required name=search_term_string\"}],\"inLanguage\":\"it-IT\"},{\"@type\":\"ImageObject\",\"@id\":\"https:\/\/arteeluoghi.it\/index.php\/2021\/03\/21\/luca-toracca-canone-teatro\/#primaryimage\",\"inLanguage\":\"it-IT\",\"url\":\"https:\/\/arteeluoghi.it\/wp-content\/uploads\/2018\/09\/IMG_0565.jpg\",\"contentUrl\":\"https:\/\/arteeluoghi.it\/wp-content\/uploads\/2018\/09\/IMG_0565.jpg\",\"width\":426,\"height\":640},{\"@type\":\"WebPage\",\"@id\":\"https:\/\/arteeluoghi.it\/index.php\/2021\/03\/21\/luca-toracca-canone-teatro\/#webpage\",\"url\":\"https:\/\/arteeluoghi.it\/index.php\/2021\/03\/21\/luca-toracca-canone-teatro\/\",\"name\":\"Luca Toracca. Canone Teatro | Arte e Luoghi\",\"isPartOf\":{\"@id\":\"https:\/\/arteeluoghi.it\/#website\"},\"primaryImageOfPage\":{\"@id\":\"https:\/\/arteeluoghi.it\/index.php\/2021\/03\/21\/luca-toracca-canone-teatro\/#primaryimage\"},\"datePublished\":\"2021-03-21T15:54:16+00:00\",\"dateModified\":\"2021-05-30T14:58:29+00:00\",\"description\":\"Toracca \u00e8 cofondatore del Teatro Elfo Puccini di Milano, ormai considerato uno dei pi\u00f9 importanti Teatri di rilevante interesse culturale.\",\"breadcrumb\":{\"@id\":\"https:\/\/arteeluoghi.it\/index.php\/2021\/03\/21\/luca-toracca-canone-teatro\/#breadcrumb\"},\"inLanguage\":\"it-IT\",\"potentialAction\":[{\"@type\":\"ReadAction\",\"target\":[\"https:\/\/arteeluoghi.it\/index.php\/2021\/03\/21\/luca-toracca-canone-teatro\/\"]}]},{\"@type\":\"BreadcrumbList\",\"@id\":\"https:\/\/arteeluoghi.it\/index.php\/2021\/03\/21\/luca-toracca-canone-teatro\/#breadcrumb\",\"itemListElement\":[{\"@type\":\"ListItem\",\"position\":1,\"name\":\"Home\",\"item\":\"https:\/\/arteeluoghi.it\/\"},{\"@type\":\"ListItem\",\"position\":2,\"name\":\"Luca Toracca. Canone Teatro\"}]},{\"@type\":\"Article\",\"@id\":\"https:\/\/arteeluoghi.it\/index.php\/2021\/03\/21\/luca-toracca-canone-teatro\/#article\",\"isPartOf\":{\"@id\":\"https:\/\/arteeluoghi.it\/index.php\/2021\/03\/21\/luca-toracca-canone-teatro\/#webpage\"},\"author\":{\"@id\":\"https:\/\/arteeluoghi.it\/#\/schema\/person\/f84e814e36e91e01448ee07eaadd41d4\"},\"headline\":\"Luca Toracca. Canone Teatro\",\"datePublished\":\"2021-03-21T15:54:16+00:00\",\"dateModified\":\"2021-05-30T14:58:29+00:00\",\"mainEntityOfPage\":{\"@id\":\"https:\/\/arteeluoghi.it\/index.php\/2021\/03\/21\/luca-toracca-canone-teatro\/#webpage\"},\"wordCount\":752,\"commentCount\":0,\"publisher\":{\"@id\":\"https:\/\/arteeluoghi.it\/#organization\"},\"image\":{\"@id\":\"https:\/\/arteeluoghi.it\/index.php\/2021\/03\/21\/luca-toracca-canone-teatro\/#primaryimage\"},\"thumbnailUrl\":\"https:\/\/arteeluoghi.it\/wp-content\/uploads\/2018\/09\/IMG_0565.jpg\",\"keywords\":[\"psicologia\",\"teatro\"],\"articleSection\":[\"I luoghi della parola\",\"IoCorpo\"],\"inLanguage\":\"it-IT\",\"potentialAction\":[{\"@type\":\"CommentAction\",\"name\":\"Comment\",\"target\":[\"https:\/\/arteeluoghi.it\/index.php\/2021\/03\/21\/luca-toracca-canone-teatro\/#respond\"]}]},{\"@type\":\"Person\",\"@id\":\"https:\/\/arteeluoghi.it\/#\/schema\/person\/f84e814e36e91e01448ee07eaadd41d4\",\"name\":\"Staff\",\"image\":{\"@type\":\"ImageObject\",\"@id\":\"https:\/\/arteeluoghi.it\/#personlogo\",\"inLanguage\":\"it-IT\",\"url\":\"https:\/\/secure.gravatar.com\/avatar\/49d2f9e46271bb04e19cebfaf141313a?s=96&d=blank&r=g\",\"contentUrl\":\"https:\/\/secure.gravatar.com\/avatar\/49d2f9e46271bb04e19cebfaf141313a?s=96&d=blank&r=g\",\"caption\":\"Staff\"}}]}<\/script>\n<!-- \/ Yoast SEO plugin. -->","yoast_head_json":{"title":"Luca Toracca. Canone Teatro | Arte e Luoghi","description":"Toracca \u00e8 cofondatore del Teatro Elfo Puccini di Milano, ormai considerato uno dei pi\u00f9 importanti Teatri di rilevante interesse culturale.","robots":{"index":"index","follow":"follow","max-snippet":"max-snippet:-1","max-image-preview":"max-image-preview:large","max-video-preview":"max-video-preview:-1"},"canonical":"https:\/\/arteeluoghi.it\/index.php\/2021\/03\/21\/luca-toracca-canone-teatro\/","og_locale":"it_IT","og_type":"article","og_title":"Luca Toracca. Canone Teatro | Arte e Luoghi","og_description":"Toracca \u00e8 cofondatore del Teatro Elfo Puccini di Milano, ormai considerato uno dei pi\u00f9 importanti Teatri di rilevante interesse culturale.","og_url":"https:\/\/arteeluoghi.it\/index.php\/2021\/03\/21\/luca-toracca-canone-teatro\/","og_site_name":"Arte e Luoghi","article_publisher":"https:\/\/www.facebook.com\/ArteELuoghi\/","article_published_time":"2021-03-21T15:54:16+00:00","article_modified_time":"2021-05-30T14:58:29+00:00","og_image":[{"width":426,"height":640,"url":"https:\/\/arteeluoghi.it\/wp-content\/uploads\/2018\/09\/IMG_0565.jpg","type":"image\/jpeg"}],"twitter_card":"summary","twitter_creator":"@arteeluoghi","twitter_site":"@arteeluoghi","twitter_misc":{"Scritto da":"Staff","Tempo di lettura stimato":"4 minuti"},"schema":{"@context":"https:\/\/schema.org","@graph":[{"@type":"Organization","@id":"https:\/\/arteeluoghi.it\/#organization","name":"Arte e Luoghi","url":"https:\/\/arteeluoghi.it\/","sameAs":["https:\/\/www.facebook.com\/ArteELuoghi\/","https:\/\/www.instagram.com\/arteeluoghi\/?hl=it","https:\/\/www.youtube.com\/channel\/UCuRVc4JW4-C5sg9rQB-srkw?view_as=subscriber","https:\/\/twitter.com\/arteeluoghi"],"logo":{"@type":"ImageObject","@id":"https:\/\/arteeluoghi.it\/#logo","inLanguage":"it-IT","url":"https:\/\/arteeluoghi.it\/wp-content\/uploads\/2018\/08\/logoinstagramarte.jpg","contentUrl":"https:\/\/arteeluoghi.it\/wp-content\/uploads\/2018\/08\/logoinstagramarte.jpg","width":150,"height":150,"caption":"Arte e Luoghi"},"image":{"@id":"https:\/\/arteeluoghi.it\/#logo"}},{"@type":"WebSite","@id":"https:\/\/arteeluoghi.it\/#website","url":"https:\/\/arteeluoghi.it\/","name":"Arte e Luoghi","description":"Mensile di arte, cultura, turismo e curiosit\u00e0","publisher":{"@id":"https:\/\/arteeluoghi.it\/#organization"},"potentialAction":[{"@type":"SearchAction","target":{"@type":"EntryPoint","urlTemplate":"https:\/\/arteeluoghi.it\/?s={search_term_string}"},"query-input":"required name=search_term_string"}],"inLanguage":"it-IT"},{"@type":"ImageObject","@id":"https:\/\/arteeluoghi.it\/index.php\/2021\/03\/21\/luca-toracca-canone-teatro\/#primaryimage","inLanguage":"it-IT","url":"https:\/\/arteeluoghi.it\/wp-content\/uploads\/2018\/09\/IMG_0565.jpg","contentUrl":"https:\/\/arteeluoghi.it\/wp-content\/uploads\/2018\/09\/IMG_0565.jpg","width":426,"height":640},{"@type":"WebPage","@id":"https:\/\/arteeluoghi.it\/index.php\/2021\/03\/21\/luca-toracca-canone-teatro\/#webpage","url":"https:\/\/arteeluoghi.it\/index.php\/2021\/03\/21\/luca-toracca-canone-teatro\/","name":"Luca Toracca. Canone Teatro | Arte e Luoghi","isPartOf":{"@id":"https:\/\/arteeluoghi.it\/#website"},"primaryImageOfPage":{"@id":"https:\/\/arteeluoghi.it\/index.php\/2021\/03\/21\/luca-toracca-canone-teatro\/#primaryimage"},"datePublished":"2021-03-21T15:54:16+00:00","dateModified":"2021-05-30T14:58:29+00:00","description":"Toracca \u00e8 cofondatore del Teatro Elfo Puccini di Milano, ormai considerato uno dei pi\u00f9 importanti Teatri di rilevante interesse culturale.","breadcrumb":{"@id":"https:\/\/arteeluoghi.it\/index.php\/2021\/03\/21\/luca-toracca-canone-teatro\/#breadcrumb"},"inLanguage":"it-IT","potentialAction":[{"@type":"ReadAction","target":["https:\/\/arteeluoghi.it\/index.php\/2021\/03\/21\/luca-toracca-canone-teatro\/"]}]},{"@type":"BreadcrumbList","@id":"https:\/\/arteeluoghi.it\/index.php\/2021\/03\/21\/luca-toracca-canone-teatro\/#breadcrumb","itemListElement":[{"@type":"ListItem","position":1,"name":"Home","item":"https:\/\/arteeluoghi.it\/"},{"@type":"ListItem","position":2,"name":"Luca Toracca. Canone Teatro"}]},{"@type":"Article","@id":"https:\/\/arteeluoghi.it\/index.php\/2021\/03\/21\/luca-toracca-canone-teatro\/#article","isPartOf":{"@id":"https:\/\/arteeluoghi.it\/index.php\/2021\/03\/21\/luca-toracca-canone-teatro\/#webpage"},"author":{"@id":"https:\/\/arteeluoghi.it\/#\/schema\/person\/f84e814e36e91e01448ee07eaadd41d4"},"headline":"Luca Toracca. Canone Teatro","datePublished":"2021-03-21T15:54:16+00:00","dateModified":"2021-05-30T14:58:29+00:00","mainEntityOfPage":{"@id":"https:\/\/arteeluoghi.it\/index.php\/2021\/03\/21\/luca-toracca-canone-teatro\/#webpage"},"wordCount":752,"commentCount":0,"publisher":{"@id":"https:\/\/arteeluoghi.it\/#organization"},"image":{"@id":"https:\/\/arteeluoghi.it\/index.php\/2021\/03\/21\/luca-toracca-canone-teatro\/#primaryimage"},"thumbnailUrl":"https:\/\/arteeluoghi.it\/wp-content\/uploads\/2018\/09\/IMG_0565.jpg","keywords":["psicologia","teatro"],"articleSection":["I luoghi della parola","IoCorpo"],"inLanguage":"it-IT","potentialAction":[{"@type":"CommentAction","name":"Comment","target":["https:\/\/arteeluoghi.it\/index.php\/2021\/03\/21\/luca-toracca-canone-teatro\/#respond"]}]},{"@type":"Person","@id":"https:\/\/arteeluoghi.it\/#\/schema\/person\/f84e814e36e91e01448ee07eaadd41d4","name":"Staff","image":{"@type":"ImageObject","@id":"https:\/\/arteeluoghi.it\/#personlogo","inLanguage":"it-IT","url":"https:\/\/secure.gravatar.com\/avatar\/49d2f9e46271bb04e19cebfaf141313a?s=96&d=blank&r=g","contentUrl":"https:\/\/secure.gravatar.com\/avatar\/49d2f9e46271bb04e19cebfaf141313a?s=96&d=blank&r=g","caption":"Staff"}}]}},"_links":{"self":[{"href":"https:\/\/arteeluoghi.it\/index.php\/wp-json\/wp\/v2\/posts\/9992"}],"collection":[{"href":"https:\/\/arteeluoghi.it\/index.php\/wp-json\/wp\/v2\/posts"}],"about":[{"href":"https:\/\/arteeluoghi.it\/index.php\/wp-json\/wp\/v2\/types\/post"}],"author":[{"embeddable":true,"href":"https:\/\/arteeluoghi.it\/index.php\/wp-json\/wp\/v2\/users\/1"}],"replies":[{"embeddable":true,"href":"https:\/\/arteeluoghi.it\/index.php\/wp-json\/wp\/v2\/comments?post=9992"}],"version-history":[{"count":1,"href":"https:\/\/arteeluoghi.it\/index.php\/wp-json\/wp\/v2\/posts\/9992\/revisions"}],"predecessor-version":[{"id":9993,"href":"https:\/\/arteeluoghi.it\/index.php\/wp-json\/wp\/v2\/posts\/9992\/revisions\/9993"}],"wp:featuredmedia":[{"embeddable":true,"href":"https:\/\/arteeluoghi.it\/index.php\/wp-json\/wp\/v2\/media\/6010"}],"wp:attachment":[{"href":"https:\/\/arteeluoghi.it\/index.php\/wp-json\/wp\/v2\/media?parent=9992"}],"wp:term":[{"taxonomy":"category","embeddable":true,"href":"https:\/\/arteeluoghi.it\/index.php\/wp-json\/wp\/v2\/categories?post=9992"},{"taxonomy":"post_tag","embeddable":true,"href":"https:\/\/arteeluoghi.it\/index.php\/wp-json\/wp\/v2\/tags?post=9992"}],"curies":[{"name":"wp","href":"https:\/\/api.w.org\/{rel}","templated":true}]}}